{"id":69580,"date":"2024-01-02T07:40:09","date_gmt":"2024-01-02T14:40:09","guid":{"rendered":"https:\/\/fuentesfidedignas.com.mx\/?p=69580"},"modified":"2024-01-02T07:41:07","modified_gmt":"2024-01-02T14:41:07","slug":"pension-bienestar-manana-inicia-el-pago-del-bimestre-enero-febrero-asi-quedo-el-calendario","status":"publish","type":"post","link":"https:\/\/fuentesfidedignas.com.mx\/index.php\/2024\/01\/02\/pension-bienestar-manana-inicia-el-pago-del-bimestre-enero-febrero-asi-quedo-el-calendario\/","title":{"rendered":"Pensi\u00f3n Bienestar: Ma\u00f1ana inicia el pago del bimestre enero-febrero; as\u00ed qued\u00f3 el calendario"},"content":{"rendered":"\n<p><strong><em>Ariadna Montiel dio a conocer el calendario del primer pago de la Pensi\u00f3n Bienestar 2024, correspondiente al bimestre enero-febrero.<\/em><\/strong><\/p>\n\n\n\n<p>Ciudad de M\u00e9xico.- El presidente Andr\u00e9s Manuel L\u00f3pez Obrador present\u00f3 su primera conferencia ma\u00f1anera del 2024 desde su tierra natal, Tabasco, donde estuvo acompa\u00f1ado de la secretaria del Bienestar, Ariadna Montiel Reyes.<\/p>\n\n\n\n<p>En su participaci\u00f3n, la titular de la Secretar\u00eda del Bienestar inform\u00f3 que a partir de ma\u00f1ana mi\u00e9rcoles 3 de enero iniciar\u00e1 el pago de la Pensi\u00f3n para el Bienestar de las Personas Adultas Mayores correspondiente al bimestre enero-febrero.<\/p>\n\n\n\n<p><strong>\u00bfCu\u00e1nto recibir\u00e1n los adultos mayores de la pensi\u00f3n para el Bienestar?<\/strong><br>Montiel Reyes se\u00f1al\u00f3 que la Pensi\u00f3n para el Bienestar entregara a partir de este bimestre la suma de 6 mil pesos, cumpliendo con el aumento del 25 por ciento, que se da desde 2021 a\u00f1o con a\u00f1o.<\/p>\n\n\n\n<p>Destac\u00f3 que este derecho se entregar\u00e1 a 12 millones 101 mil 111 adultos mayores beneficiados, con una inversi\u00f3n social anual para 2024 de 465 mil 048 millones de pesos.<\/p>\n\n\n\n<p><strong>Pensi\u00f3n Bienestar 2024: calendario de pagos en enero<\/strong><br>El calendario de pagos inicia este mi\u00e9rcoles 3 de enero y culminar\u00e1 el viernes 26 de enero, para personas que tengan tarjeta bienestar y quedar\u00e1 de la siguiente manera:<\/p>\n\n\n\n<figure class=\"wp-block-image size-full\"><img decoding=\"async\" width=\"768\" height=\"480\" src=\"https:\/\/fuentesfidedignas.com.mx\/wp-content\/uploads\/2024\/01\/image.png\" alt=\"\" class=\"wp-image-69581\" srcset=\"https:\/\/fuentesfidedignas.com.mx\/wp-content\/uploads\/2024\/01\/image.png 768w, https:\/\/fuentesfidedignas.com.mx\/wp-content\/uploads\/2024\/01\/image-300x188.png 300w, https:\/\/fuentesfidedignas.com.mx\/wp-content\/uploads\/2024\/01\/image-696x435.png 696w, https:\/\/fuentesfidedignas.com.mx\/wp-content\/uploads\/2024\/01\/image-672x420.png 672w\" sizes=\"(max-width: 768px) 100vw, 768px\" \/><\/figure>\n","protected":false},"excerpt":{"rendered":"<p>Ariadna Montiel dio a conocer el calendario del primer pago de la Pensi\u00f3n Bienestar 2024, correspondiente al bimestre enero-febrero. Ciudad de M\u00e9xico.- El presidente Andr\u00e9s Manuel L\u00f3pez Obrador present\u00f3 su primera conferencia ma\u00f1anera del 2024 desde su tierra natal, Tabasco, donde estuvo acompa\u00f1ado de la secretaria del Bienestar, Ariadna Montiel Reyes. En su participaci\u00f3n, la [&hellip;]<\/p>\n","protected":false},"author":79,"featured_media":69582,"comment_status":"open","ping_status":"open","sticky":false,"template":"","format":"standard","meta":{"tdm_status":"","tdm_grid_status":"","footnotes":""},"categories":[37],"tags":[],"class_list":{"0":"post-69580","1":"post","2":"type-post","3":"status-publish","4":"format-standard","5":"has-post-thumbnail","7":"category-nota-principal"},"yoast_head":"<!-- This site is optimized with the Yoast SEO plugin v27.5 - https:\/\/yoast.com\/product\/yoast-seo-wordpress\/ -->\n<title>Pensi\u00f3n Bienestar: Ma\u00f1ana inicia el pago del bimestre enero-febrero; as\u00ed qued\u00f3 el calendario - Fuentes Fidedignas<\/title>\n<meta name=\"robots\" content=\"index, follow, max-snippet:-1, max-image-preview:large, max-video-preview:-1\" \/>\n<link rel=\"canonical\" href=\"https:\/\/fuentesfidedignas.com.mx\/index.php\/2024\/01\/02\/pension-bienestar-manana-inicia-el-pago-del-bimestre-enero-febrero-asi-quedo-el-calendario\/\" \/>\n<meta property=\"og:locale\" content=\"es_MX\" \/>\n<meta property=\"og:type\" content=\"article\" \/>\n<meta property=\"og:title\" content=\"Pensi\u00f3n Bienestar: Ma\u00f1ana inicia el pago del bimestre enero-febrero; as\u00ed qued\u00f3 el calendario - Fuentes Fidedignas\" \/>\n<meta property=\"og:description\" content=\"Ariadna Montiel dio a conocer el calendario del primer pago de la Pensi\u00f3n Bienestar 2024, correspondiente al bimestre enero-febrero. Ciudad de M\u00e9xico.- El presidente Andr\u00e9s Manuel L\u00f3pez Obrador present\u00f3 su primera conferencia ma\u00f1anera del 2024 desde su tierra natal, Tabasco, donde estuvo acompa\u00f1ado de la secretaria del Bienestar, Ariadna Montiel Reyes. En su participaci\u00f3n, la [&hellip;]\" \/>\n<meta property=\"og:url\" content=\"https:\/\/fuentesfidedignas.com.mx\/index.php\/2024\/01\/02\/pension-bienestar-manana-inicia-el-pago-del-bimestre-enero-febrero-asi-quedo-el-calendario\/\" \/>\n<meta property=\"og:site_name\" content=\"Fuentes Fidedignas\" \/>\n<meta property=\"article:publisher\" content=\"https:\/\/www.facebook.com\/Fuentes-Fidedignas-368234489921644\" \/>\n<meta property=\"article:published_time\" content=\"2024-01-02T14:40:09+00:00\" \/>\n<meta property=\"article:modified_time\" content=\"2024-01-02T14:41:07+00:00\" \/>\n<meta property=\"og:image\" content=\"https:\/\/fuentesfidedignas.com.mx\/wp-content\/uploads\/2024\/01\/pension-bienestar-cambios-pagos.jpg\" \/>\n\t<meta property=\"og:image:width\" content=\"830\" \/>\n\t<meta property=\"og:image:height\" content=\"623\" \/>\n\t<meta property=\"og:image:type\" content=\"image\/jpeg\" \/>\n<meta name=\"author\" content=\"Diario Del Yaqui\" \/>\n<meta name=\"twitter:card\" content=\"summary_large_image\" \/>\n<meta name=\"twitter:creator\" content=\"@fidedignas\" \/>\n<meta name=\"twitter:site\" content=\"@fidedignas\" \/>\n<meta name=\"twitter:label1\" content=\"Escrito por\" \/>\n\t<meta name=\"twitter:data1\" content=\"Diario Del Yaqui\" \/>\n\t<meta name=\"twitter:label2\" content=\"Tiempo de lectura\" \/>\n\t<meta name=\"twitter:data2\" content=\"2 minutos\" \/>\n<script type=\"application\/ld+json\" class=\"yoast-schema-graph\">{\"@context\":\"https:\\\/\\\/schema.org\",\"@graph\":[{\"@type\":\"Article\",\"@id\":\"https:\\\/\\\/fuentesfidedignas.com.mx\\\/index.php\\\/2024\\\/01\\\/02\\\/pension-bienestar-manana-inicia-el-pago-del-bimestre-enero-febrero-asi-quedo-el-calendario\\\/#article\",\"isPartOf\":{\"@id\":\"https:\\\/\\\/fuentesfidedignas.com.mx\\\/index.php\\\/2024\\\/01\\\/02\\\/pension-bienestar-manana-inicia-el-pago-del-bimestre-enero-febrero-asi-quedo-el-calendario\\\/\"},\"author\":{\"name\":\"Diario Del Yaqui\",\"@id\":\"https:\\\/\\\/fuentesfidedignas.com.mx\\\/#\\\/schema\\\/person\\\/5246a3103d6ce5c1f9ca0b17daa1fa76\"},\"headline\":\"Pensi\u00f3n Bienestar: Ma\u00f1ana inicia el pago del bimestre enero-febrero; as\u00ed qued\u00f3 el calendario\",\"datePublished\":\"2024-01-02T14:40:09+00:00\",\"dateModified\":\"2024-01-02T14:41:07+00:00\",\"mainEntityOfPage\":{\"@id\":\"https:\\\/\\\/fuentesfidedignas.com.mx\\\/index.php\\\/2024\\\/01\\\/02\\\/pension-bienestar-manana-inicia-el-pago-del-bimestre-enero-febrero-asi-quedo-el-calendario\\\/\"},\"wordCount\":225,\"commentCount\":0,\"publisher\":{\"@id\":\"https:\\\/\\\/fuentesfidedignas.com.mx\\\/#organization\"},\"image\":{\"@id\":\"https:\\\/\\\/fuentesfidedignas.com.mx\\\/index.php\\\/2024\\\/01\\\/02\\\/pension-bienestar-manana-inicia-el-pago-del-bimestre-enero-febrero-asi-quedo-el-calendario\\\/#primaryimage\"},\"thumbnailUrl\":\"https:\\\/\\\/fuentesfidedignas.com.mx\\\/wp-content\\\/uploads\\\/2024\\\/01\\\/pension-bienestar-cambios-pagos.jpg\",\"articleSection\":[\"NOTA PRINCIPAL\"],\"inLanguage\":\"es\",\"potentialAction\":[{\"@type\":\"CommentAction\",\"name\":\"Comment\",\"target\":[\"https:\\\/\\\/fuentesfidedignas.com.mx\\\/index.php\\\/2024\\\/01\\\/02\\\/pension-bienestar-manana-inicia-el-pago-del-bimestre-enero-febrero-asi-quedo-el-calendario\\\/#respond\"]}]},{\"@type\":\"WebPage\",\"@id\":\"https:\\\/\\\/fuentesfidedignas.com.mx\\\/index.php\\\/2024\\\/01\\\/02\\\/pension-bienestar-manana-inicia-el-pago-del-bimestre-enero-febrero-asi-quedo-el-calendario\\\/\",\"url\":\"https:\\\/\\\/fuentesfidedignas.com.mx\\\/index.php\\\/2024\\\/01\\\/02\\\/pension-bienestar-manana-inicia-el-pago-del-bimestre-enero-febrero-asi-quedo-el-calendario\\\/\",\"name\":\"Pensi\u00f3n Bienestar: Ma\u00f1ana inicia el pago del bimestre enero-febrero; as\u00ed qued\u00f3 el calendario - Fuentes Fidedignas\",\"isPartOf\":{\"@id\":\"https:\\\/\\\/fuentesfidedignas.com.mx\\\/#website\"},\"primaryImageOfPage\":{\"@id\":\"https:\\\/\\\/fuentesfidedignas.com.mx\\\/index.php\\\/2024\\\/01\\\/02\\\/pension-bienestar-manana-inicia-el-pago-del-bimestre-enero-febrero-asi-quedo-el-calendario\\\/#primaryimage\"},\"image\":{\"@id\":\"https:\\\/\\\/fuentesfidedignas.com.mx\\\/index.php\\\/2024\\\/01\\\/02\\\/pension-bienestar-manana-inicia-el-pago-del-bimestre-enero-febrero-asi-quedo-el-calendario\\\/#primaryimage\"},\"thumbnailUrl\":\"https:\\\/\\\/fuentesfidedignas.com.mx\\\/wp-content\\\/uploads\\\/2024\\\/01\\\/pension-bienestar-cambios-pagos.jpg\",\"datePublished\":\"2024-01-02T14:40:09+00:00\",\"dateModified\":\"2024-01-02T14:41:07+00:00\",\"breadcrumb\":{\"@id\":\"https:\\\/\\\/fuentesfidedignas.com.mx\\\/index.php\\\/2024\\\/01\\\/02\\\/pension-bienestar-manana-inicia-el-pago-del-bimestre-enero-febrero-asi-quedo-el-calendario\\\/#breadcrumb\"},\"inLanguage\":\"es\",\"potentialAction\":[{\"@type\":\"ReadAction\",\"target\":[\"https:\\\/\\\/fuentesfidedignas.com.mx\\\/index.php\\\/2024\\\/01\\\/02\\\/pension-bienestar-manana-inicia-el-pago-del-bimestre-enero-febrero-asi-quedo-el-calendario\\\/\"]}]},{\"@type\":\"ImageObject\",\"inLanguage\":\"es\",\"@id\":\"https:\\\/\\\/fuentesfidedignas.com.mx\\\/index.php\\\/2024\\\/01\\\/02\\\/pension-bienestar-manana-inicia-el-pago-del-bimestre-enero-febrero-asi-quedo-el-calendario\\\/#primaryimage\",\"url\":\"https:\\\/\\\/fuentesfidedignas.com.mx\\\/wp-content\\\/uploads\\\/2024\\\/01\\\/pension-bienestar-cambios-pagos.jpg\",\"contentUrl\":\"https:\\\/\\\/fuentesfidedignas.com.mx\\\/wp-content\\\/uploads\\\/2024\\\/01\\\/pension-bienestar-cambios-pagos.jpg\",\"width\":830,\"height\":623},{\"@type\":\"BreadcrumbList\",\"@id\":\"https:\\\/\\\/fuentesfidedignas.com.mx\\\/index.php\\\/2024\\\/01\\\/02\\\/pension-bienestar-manana-inicia-el-pago-del-bimestre-enero-febrero-asi-quedo-el-calendario\\\/#breadcrumb\",\"itemListElement\":[{\"@type\":\"ListItem\",\"position\":1,\"name\":\"Inicio\",\"item\":\"https:\\\/\\\/fuentesfidedignas.com.mx\\\/\"},{\"@type\":\"ListItem\",\"position\":2,\"name\":\"Pensi\u00f3n Bienestar: Ma\u00f1ana inicia el pago del bimestre enero-febrero; as\u00ed qued\u00f3 el calendario\"}]},{\"@type\":\"WebSite\",\"@id\":\"https:\\\/\\\/fuentesfidedignas.com.mx\\\/#website\",\"url\":\"https:\\\/\\\/fuentesfidedignas.com.mx\\\/\",\"name\":\"Fuentes Fidedignas\",\"description\":\"Otro sitio realizado con WordPress\",\"publisher\":{\"@id\":\"https:\\\/\\\/fuentesfidedignas.com.mx\\\/#organization\"},\"potentialAction\":[{\"@type\":\"SearchAction\",\"target\":{\"@type\":\"EntryPoint\",\"urlTemplate\":\"https:\\\/\\\/fuentesfidedignas.com.mx\\\/?s={search_term_string}\"},\"query-input\":{\"@type\":\"PropertyValueSpecification\",\"valueRequired\":true,\"valueName\":\"search_term_string\"}}],\"inLanguage\":\"es\"},{\"@type\":\"Organization\",\"@id\":\"https:\\\/\\\/fuentesfidedignas.com.mx\\\/#organization\",\"name\":\"Fuentes Fidedignas\",\"url\":\"https:\\\/\\\/fuentesfidedignas.com.mx\\\/\",\"logo\":{\"@type\":\"ImageObject\",\"inLanguage\":\"es\",\"@id\":\"https:\\\/\\\/fuentesfidedignas.com.mx\\\/#\\\/schema\\\/logo\\\/image\\\/\",\"url\":\"https:\\\/\\\/fuentesfidedignas.com.mx\\\/wp-content\\\/uploads\\\/2021\\\/04\\\/logo-retina.png\",\"contentUrl\":\"https:\\\/\\\/fuentesfidedignas.com.mx\\\/wp-content\\\/uploads\\\/2021\\\/04\\\/logo-retina.png\",\"width\":280,\"height\":51,\"caption\":\"Fuentes Fidedignas\"},\"image\":{\"@id\":\"https:\\\/\\\/fuentesfidedignas.com.mx\\\/#\\\/schema\\\/logo\\\/image\\\/\"},\"sameAs\":[\"https:\\\/\\\/www.facebook.com\\\/Fuentes-Fidedignas-368234489921644\",\"https:\\\/\\\/x.com\\\/fidedignas\"]},{\"@type\":\"Person\",\"@id\":\"https:\\\/\\\/fuentesfidedignas.com.mx\\\/#\\\/schema\\\/person\\\/5246a3103d6ce5c1f9ca0b17daa1fa76\",\"name\":\"Diario Del Yaqui\",\"image\":{\"@type\":\"ImageObject\",\"inLanguage\":\"es\",\"@id\":\"https:\\\/\\\/secure.gravatar.com\\\/avatar\\\/c5883bd3dcd3013e8ab64a22f038d809034bda24893b37afdd6cd66269d9b030?s=96&d=mm&r=g\",\"url\":\"https:\\\/\\\/secure.gravatar.com\\\/avatar\\\/c5883bd3dcd3013e8ab64a22f038d809034bda24893b37afdd6cd66269d9b030?s=96&d=mm&r=g\",\"contentUrl\":\"https:\\\/\\\/secure.gravatar.com\\\/avatar\\\/c5883bd3dcd3013e8ab64a22f038d809034bda24893b37afdd6cd66269d9b030?s=96&d=mm&r=g\",\"caption\":\"Diario Del Yaqui\"},\"url\":\"https:\\\/\\\/fuentesfidedignas.com.mx\\\/index.php\\\/author\\\/diario-del-yaqui\\\/\"}]}<\/script>\n<!-- \/ Yoast SEO plugin. -->","yoast_head_json":{"title":"Pensi\u00f3n Bienestar: Ma\u00f1ana inicia el pago del bimestre enero-febrero; as\u00ed qued\u00f3 el calendario - Fuentes Fidedignas","robots":{"index":"index","follow":"follow","max-snippet":"max-snippet:-1","max-image-preview":"max-image-preview:large","max-video-preview":"max-video-preview:-1"},"canonical":"https:\/\/fuentesfidedignas.com.mx\/index.php\/2024\/01\/02\/pension-bienestar-manana-inicia-el-pago-del-bimestre-enero-febrero-asi-quedo-el-calendario\/","og_locale":"es_MX","og_type":"article","og_title":"Pensi\u00f3n Bienestar: Ma\u00f1ana inicia el pago del bimestre enero-febrero; as\u00ed qued\u00f3 el calendario - Fuentes Fidedignas","og_description":"Ariadna Montiel dio a conocer el calendario del primer pago de la Pensi\u00f3n Bienestar 2024, correspondiente al bimestre enero-febrero. Ciudad de M\u00e9xico.- El presidente Andr\u00e9s Manuel L\u00f3pez Obrador present\u00f3 su primera conferencia ma\u00f1anera del 2024 desde su tierra natal, Tabasco, donde estuvo acompa\u00f1ado de la secretaria del Bienestar, Ariadna Montiel Reyes. En su participaci\u00f3n, la [&hellip;]","og_url":"https:\/\/fuentesfidedignas.com.mx\/index.php\/2024\/01\/02\/pension-bienestar-manana-inicia-el-pago-del-bimestre-enero-febrero-asi-quedo-el-calendario\/","og_site_name":"Fuentes Fidedignas","article_publisher":"https:\/\/www.facebook.com\/Fuentes-Fidedignas-368234489921644","article_published_time":"2024-01-02T14:40:09+00:00","article_modified_time":"2024-01-02T14:41:07+00:00","og_image":[{"width":830,"height":623,"url":"https:\/\/fuentesfidedignas.com.mx\/wp-content\/uploads\/2024\/01\/pension-bienestar-cambios-pagos.jpg","type":"image\/jpeg"}],"author":"Diario Del Yaqui","twitter_card":"summary_large_image","twitter_creator":"@fidedignas","twitter_site":"@fidedignas","twitter_misc":{"Escrito por":"Diario Del Yaqui","Tiempo de lectura":"2 minutos"},"schema":{"@context":"https:\/\/schema.org","@graph":[{"@type":"Article","@id":"https:\/\/fuentesfidedignas.com.mx\/index.php\/2024\/01\/02\/pension-bienestar-manana-inicia-el-pago-del-bimestre-enero-febrero-asi-quedo-el-calendario\/#article","isPartOf":{"@id":"https:\/\/fuentesfidedignas.com.mx\/index.php\/2024\/01\/02\/pension-bienestar-manana-inicia-el-pago-del-bimestre-enero-febrero-asi-quedo-el-calendario\/"},"author":{"name":"Diario Del Yaqui","@id":"https:\/\/fuentesfidedignas.com.mx\/#\/schema\/person\/5246a3103d6ce5c1f9ca0b17daa1fa76"},"headline":"Pensi\u00f3n Bienestar: Ma\u00f1ana inicia el pago del bimestre enero-febrero; as\u00ed qued\u00f3 el calendario","datePublished":"2024-01-02T14:40:09+00:00","dateModified":"2024-01-02T14:41:07+00:00","mainEntityOfPage":{"@id":"https:\/\/fuentesfidedignas.com.mx\/index.php\/2024\/01\/02\/pension-bienestar-manana-inicia-el-pago-del-bimestre-enero-febrero-asi-quedo-el-calendario\/"},"wordCount":225,"commentCount":0,"publisher":{"@id":"https:\/\/fuentesfidedignas.com.mx\/#organization"},"image":{"@id":"https:\/\/fuentesfidedignas.com.mx\/index.php\/2024\/01\/02\/pension-bienestar-manana-inicia-el-pago-del-bimestre-enero-febrero-asi-quedo-el-calendario\/#primaryimage"},"thumbnailUrl":"https:\/\/fuentesfidedignas.com.mx\/wp-content\/uploads\/2024\/01\/pension-bienestar-cambios-pagos.jpg","articleSection":["NOTA PRINCIPAL"],"inLanguage":"es","potentialAction":[{"@type":"CommentAction","name":"Comment","target":["https:\/\/fuentesfidedignas.com.mx\/index.php\/2024\/01\/02\/pension-bienestar-manana-inicia-el-pago-del-bimestre-enero-febrero-asi-quedo-el-calendario\/#respond"]}]},{"@type":"WebPage","@id":"https:\/\/fuentesfidedignas.com.mx\/index.php\/2024\/01\/02\/pension-bienestar-manana-inicia-el-pago-del-bimestre-enero-febrero-asi-quedo-el-calendario\/","url":"https:\/\/fuentesfidedignas.com.mx\/index.php\/2024\/01\/02\/pension-bienestar-manana-inicia-el-pago-del-bimestre-enero-febrero-asi-quedo-el-calendario\/","name":"Pensi\u00f3n Bienestar: Ma\u00f1ana inicia el pago del bimestre enero-febrero; as\u00ed qued\u00f3 el calendario - Fuentes Fidedignas","isPartOf":{"@id":"https:\/\/fuentesfidedignas.com.mx\/#website"},"primaryImageOfPage":{"@id":"https:\/\/fuentesfidedignas.com.mx\/index.php\/2024\/01\/02\/pension-bienestar-manana-inicia-el-pago-del-bimestre-enero-febrero-asi-quedo-el-calendario\/#primaryimage"},"image":{"@id":"https:\/\/fuentesfidedignas.com.mx\/index.php\/2024\/01\/02\/pension-bienestar-manana-inicia-el-pago-del-bimestre-enero-febrero-asi-quedo-el-calendario\/#primaryimage"},"thumbnailUrl":"https:\/\/fuentesfidedignas.com.mx\/wp-content\/uploads\/2024\/01\/pension-bienestar-cambios-pagos.jpg","datePublished":"2024-01-02T14:40:09+00:00","dateModified":"2024-01-02T14:41:07+00:00","breadcrumb":{"@id":"https:\/\/fuentesfidedignas.com.mx\/index.php\/2024\/01\/02\/pension-bienestar-manana-inicia-el-pago-del-bimestre-enero-febrero-asi-quedo-el-calendario\/#breadcrumb"},"inLanguage":"es","potentialAction":[{"@type":"ReadAction","target":["https:\/\/fuentesfidedignas.com.mx\/index.php\/2024\/01\/02\/pension-bienestar-manana-inicia-el-pago-del-bimestre-enero-febrero-asi-quedo-el-calendario\/"]}]},{"@type":"ImageObject","inLanguage":"es","@id":"https:\/\/fuentesfidedignas.com.mx\/index.php\/2024\/01\/02\/pension-bienestar-manana-inicia-el-pago-del-bimestre-enero-febrero-asi-quedo-el-calendario\/#primaryimage","url":"https:\/\/fuentesfidedignas.com.mx\/wp-content\/uploads\/2024\/01\/pension-bienestar-cambios-pagos.jpg","contentUrl":"https:\/\/fuentesfidedignas.com.mx\/wp-content\/uploads\/2024\/01\/pension-bienestar-cambios-pagos.jpg","width":830,"height":623},{"@type":"BreadcrumbList","@id":"https:\/\/fuentesfidedignas.com.mx\/index.php\/2024\/01\/02\/pension-bienestar-manana-inicia-el-pago-del-bimestre-enero-febrero-asi-quedo-el-calendario\/#breadcrumb","itemListElement":[{"@type":"ListItem","position":1,"name":"Inicio","item":"https:\/\/fuentesfidedignas.com.mx\/"},{"@type":"ListItem","position":2,"name":"Pensi\u00f3n Bienestar: Ma\u00f1ana inicia el pago del bimestre enero-febrero; as\u00ed qued\u00f3 el calendario"}]},{"@type":"WebSite","@id":"https:\/\/fuentesfidedignas.com.mx\/#website","url":"https:\/\/fuentesfidedignas.com.mx\/","name":"Fuentes Fidedignas","description":"Otro sitio realizado con WordPress","publisher":{"@id":"https:\/\/fuentesfidedignas.com.mx\/#organization"},"potentialAction":[{"@type":"SearchAction","target":{"@type":"EntryPoint","urlTemplate":"https:\/\/fuentesfidedignas.com.mx\/?s={search_term_string}"},"query-input":{"@type":"PropertyValueSpecification","valueRequired":true,"valueName":"search_term_string"}}],"inLanguage":"es"},{"@type":"Organization","@id":"https:\/\/fuentesfidedignas.com.mx\/#organization","name":"Fuentes Fidedignas","url":"https:\/\/fuentesfidedignas.com.mx\/","logo":{"@type":"ImageObject","inLanguage":"es","@id":"https:\/\/fuentesfidedignas.com.mx\/#\/schema\/logo\/image\/","url":"https:\/\/fuentesfidedignas.com.mx\/wp-content\/uploads\/2021\/04\/logo-retina.png","contentUrl":"https:\/\/fuentesfidedignas.com.mx\/wp-content\/uploads\/2021\/04\/logo-retina.png","width":280,"height":51,"caption":"Fuentes Fidedignas"},"image":{"@id":"https:\/\/fuentesfidedignas.com.mx\/#\/schema\/logo\/image\/"},"sameAs":["https:\/\/www.facebook.com\/Fuentes-Fidedignas-368234489921644","https:\/\/x.com\/fidedignas"]},{"@type":"Person","@id":"https:\/\/fuentesfidedignas.com.mx\/#\/schema\/person\/5246a3103d6ce5c1f9ca0b17daa1fa76","name":"Diario Del Yaqui","image":{"@type":"ImageObject","inLanguage":"es","@id":"https:\/\/secure.gravatar.com\/avatar\/c5883bd3dcd3013e8ab64a22f038d809034bda24893b37afdd6cd66269d9b030?s=96&d=mm&r=g","url":"https:\/\/secure.gravatar.com\/avatar\/c5883bd3dcd3013e8ab64a22f038d809034bda24893b37afdd6cd66269d9b030?s=96&d=mm&r=g","contentUrl":"https:\/\/secure.gravatar.com\/avatar\/c5883bd3dcd3013e8ab64a22f038d809034bda24893b37afdd6cd66269d9b030?s=96&d=mm&r=g","caption":"Diario Del Yaqui"},"url":"https:\/\/fuentesfidedignas.com.mx\/index.php\/author\/diario-del-yaqui\/"}]}},"_links":{"self":[{"href":"https:\/\/fuentesfidedignas.com.mx\/index.php\/wp-json\/wp\/v2\/posts\/69580","targetHints":{"allow":["GET"]}}],"collection":[{"href":"https:\/\/fuentesfidedignas.com.mx\/index.php\/wp-json\/wp\/v2\/posts"}],"about":[{"href":"https:\/\/fuentesfidedignas.com.mx\/index.php\/wp-json\/wp\/v2\/types\/post"}],"author":[{"embeddable":true,"href":"https:\/\/fuentesfidedignas.com.mx\/index.php\/wp-json\/wp\/v2\/users\/79"}],"replies":[{"embeddable":true,"href":"https:\/\/fuentesfidedignas.com.mx\/index.php\/wp-json\/wp\/v2\/comments?post=69580"}],"version-history":[{"count":4,"href":"https:\/\/fuentesfidedignas.com.mx\/index.php\/wp-json\/wp\/v2\/posts\/69580\/revisions"}],"predecessor-version":[{"id":69602,"href":"https:\/\/fuentesfidedignas.com.mx\/index.php\/wp-json\/wp\/v2\/posts\/69580\/revisions\/69602"}],"wp:featuredmedia":[{"embeddable":true,"href":"https:\/\/fuentesfidedignas.com.mx\/index.php\/wp-json\/wp\/v2\/media\/69582"}],"wp:attachment":[{"href":"https:\/\/fuentesfidedignas.com.mx\/index.php\/wp-json\/wp\/v2\/media?parent=69580"}],"wp:term":[{"taxonomy":"category","embeddable":true,"href":"https:\/\/fuentesfidedignas.com.mx\/index.php\/wp-json\/wp\/v2\/categories?post=69580"},{"taxonomy":"post_tag","embeddable":true,"href":"https:\/\/fuentesfidedignas.com.mx\/index.php\/wp-json\/wp\/v2\/tags?post=69580"}],"curies":[{"name":"wp","href":"https:\/\/api.w.org\/{rel}","templated":true}]}}