{"id":69475,"date":"2023-12-28T15:30:37","date_gmt":"2023-12-28T22:30:37","guid":{"rendered":"https:\/\/fuentesfidedignas.com.mx\/?p=69475"},"modified":"2023-12-28T15:30:57","modified_gmt":"2023-12-28T22:30:57","slug":"localizan-restos-de-dos-mineros-tras-el-derrumbe-en-la-mina-el-pinabete","status":"publish","type":"post","link":"https:\/\/fuentesfidedignas.com.mx\/index.php\/2023\/12\/28\/localizan-restos-de-dos-mineros-tras-el-derrumbe-en-la-mina-el-pinabete\/","title":{"rendered":"Localizan restos de dos mineros tras el derrumbe en la mina El Pinabete"},"content":{"rendered":"\n<p><strong><em>Es la primera vez que recuperan restos humanos tras el accidente en la mina El Pinabete en el municipio de Sabinas<\/em><\/strong><\/p>\n\n\n\n<p>Ciudad de M\u00e9xico.- El Gobierno de M\u00e9xico report\u00f3 el hallazgo de los restos de los primeros dos de los 10 mineros que quedaron atrapados hace m\u00e1s de 500 d\u00edas en la mina de carb\u00f3n Pinabete, en el estado de Coahuila.<\/p>\n\n\n\n<blockquote class=\"twitter-tweet\"><p lang=\"es\" dir=\"ltr\">\ud835\udc12\ud835\udc04 \ud835\udc02\ud835\udc0e\ud835\udc0d\ud835\udc05\ud835\udc08\ud835\udc11\ud835\udc0c\ud835\udc00 \ud835\udc04\ud835\udc0b \ud835\udc07\ud835\udc00\ud835\udc0b\ud835\udc0b\ud835\udc00\ud835\udc19\ud835\udc06\ud835\udc0e \ud835\udc03\ud835\udc04 \ud835\udc11\ud835\udc04\ud835\udc12\ud835\udc13\ud835\udc0e\ud835\udc12 \ud835\udc07\ud835\udc14\ud835\udc0c\ud835\udc00\ud835\udc0d\ud835\udc0e\ud835\udc12 \ud835\udc04\ud835\udc0d \ud835\udc0b\ud835\udc00 \ud835\udc0c\ud835\udc08\ud835\udc0d\ud835\udc00 \ud835\udc04\ud835\udc0b \ud835\udc0f\ud835\udc08\ud835\udc0d\ud835\udc00\ud835\udc01\ud835\udc04\ud835\udc13\ud835\udc04 \ud835\udc04\ud835\udc0d \ud835\udc12\ud835\udc00\ud835\udc01\ud835\udc08\ud835\udc0d\ud835\udc00\ud835\udc12, \ud835\udc02\ud835\udc0e\ud835\udc00\ud835\udc07\ud835\udc14\ud835\udc08\ud835\udc0b\ud835\udc00.<br><br>\ud83d\udd38El d\u00eda de ayer, durante el transcurso de la tarde y noche, se localizaron dos restos de cuerpos<a href=\"https:\/\/twitter.com\/laualzua?ref_src=twsrc%5Etfw\">@laualzua<\/a> <a href=\"https:\/\/t.co\/qdgi0xnXrW\">pic.twitter.com\/qdgi0xnXrW<\/a><\/p>&mdash; Coordinaci\u00f3n Nacional de Protecci\u00f3n Civil (@CNPC_MX) <a href=\"https:\/\/twitter.com\/CNPC_MX\/status\/1740425892328005852?ref_src=twsrc%5Etfw\">December 28, 2023<\/a><\/blockquote> <script async src=\"https:\/\/platform.twitter.com\/widgets.js\" charset=\"utf-8\"><\/script>\n\n\n\n<p>\u201cEl d\u00eda de ayer se localizaron dos restos humanos que se encuentran en custodia del Ministerio P\u00fablico. A 512 d\u00edas desde que este yacimiento carbon\u00edfero quedara inundado, los esfuerzos de excavaci\u00f3n alcanzaron de manera segura las galer\u00edas de la mina, ubicadas a 62 metros de profundidad\u201d, indic\u00f3 en un comunicado.<\/p>\n\n\n\n<p>Esta es la primera vez que recuperan restos humanos tras el accidente del 3 de agosto de 2022, cuando el Pinabete en el municipio de Sabinas se inund\u00f3 tras un derrumbe de una mina contigua abandonada, Conchas Norte.<\/p>\n\n\n\n<p>Tras el incidente, el presidente Andr\u00e9s Manuel L\u00f3pez Obrador prometi\u00f3 recuperar los cuerpos en unos meses, pero en junio pasado reconoci\u00f3 que el proceso tardar\u00eda hasta 2024.<\/p>\n\n\n\n<p>El Gobierno de M\u00e9xico defendi\u00f3 en el comunicado que ha sostenido \u201cel compromiso con los familiares de los mineros a trav\u00e9s de acciones concretas\u201d, incluyendo la indemnizaci\u00f3n a las familias y operaciones ininterrumpidas para buscar los cuerpos.<\/p>\n\n\n\n<p>\u201cSe continuar\u00e1 trabajando para lograr la localizaci\u00f3n de los ocho mineros restantes. De esta manera, el Gobierno de M\u00e9xico dedica esfuerzos incansables para lograr la recuperaci\u00f3n de los mineros y brindar apoyo integral a sus familia\u201d, sostuvo.<\/p>\n\n\n\n<p>La Coordinaci\u00f3n Nacional de Protecci\u00f3n Civil (CNPC) asever\u00f3 que han excavado y retirado 2.3 millones de metros c\u00fabicos de suelo y roca, adem\u00e1s de haber realizado mil 167 perforaciones con longitud acumulada de m\u00e1s de 47 kil\u00f3metros.<\/p>\n\n\n\n<p>\u201cSe han invertido m\u00e1s de 11 mil horas de trabajo ininterrumpido y se han realizado 128 voladuras controladas (explosiones), bajo la supervisi\u00f3n de Sedena (Secretar\u00eda de la Defensa Nacional)\u201d, expuso en el texto.<\/p>\n\n\n\n<p>Tras el accidente, las familias de los 10 mineros denunciaron condiciones de precariedad y acusaron al Gobierno de actuar tarde y lento en el rescate.<\/p>\n\n\n\n<p>El derrumbe reactiv\u00f3 la pol\u00e9mica en M\u00e9xico por la actuaci\u00f3n de las mineras en la regi\u00f3n carbon\u00edfera, donde se han registrado m\u00e1s de 100 muertes de personas dedicadas a la miner\u00eda, seg\u00fan la Familia Pasta de Conchos, que agrupa a familiares de fallecidos en el derrumbe de 2006 en la mina de ese nombre.<\/p>\n","protected":false},"excerpt":{"rendered":"<p>Es la primera vez que recuperan restos humanos tras el accidente en la mina El Pinabete en el municipio de Sabinas Ciudad de M\u00e9xico.- El Gobierno de M\u00e9xico report\u00f3 el hallazgo de los restos de los primeros dos de los 10 mineros que quedaron atrapados hace m\u00e1s de 500 d\u00edas en la mina de carb\u00f3n [&hellip;]<\/p>\n","protected":false},"author":47,"featured_media":69476,"comment_status":"open","ping_status":"open","sticky":false,"template":"","format":"standard","meta":{"tdm_status":"","tdm_grid_status":"","footnotes":""},"categories":[39],"tags":[],"class_list":{"0":"post-69475","1":"post","2":"type-post","3":"status-publish","4":"format-standard","5":"has-post-thumbnail","7":"category-noticias-nacionales"},"yoast_head":"<!-- This site is optimized with the Yoast SEO plugin v27.5 - https:\/\/yoast.com\/product\/yoast-seo-wordpress\/ -->\n<title>Localizan restos de dos mineros tras el derrumbe en la mina El Pinabete - Fuentes Fidedignas<\/title>\n<meta name=\"robots\" content=\"index, follow, max-snippet:-1, max-image-preview:large, max-video-preview:-1\" \/>\n<link rel=\"canonical\" href=\"https:\/\/fuentesfidedignas.com.mx\/index.php\/2023\/12\/28\/localizan-restos-de-dos-mineros-tras-el-derrumbe-en-la-mina-el-pinabete\/\" \/>\n<meta property=\"og:locale\" content=\"es_MX\" \/>\n<meta property=\"og:type\" content=\"article\" \/>\n<meta property=\"og:title\" content=\"Localizan restos de dos mineros tras el derrumbe en la mina El Pinabete - Fuentes Fidedignas\" \/>\n<meta property=\"og:description\" content=\"Es la primera vez que recuperan restos humanos tras el accidente en la mina El Pinabete en el municipio de Sabinas Ciudad de M\u00e9xico.- El Gobierno de M\u00e9xico report\u00f3 el hallazgo de los restos de los primeros dos de los 10 mineros que quedaron atrapados hace m\u00e1s de 500 d\u00edas en la mina de carb\u00f3n [&hellip;]\" \/>\n<meta property=\"og:url\" content=\"https:\/\/fuentesfidedignas.com.mx\/index.php\/2023\/12\/28\/localizan-restos-de-dos-mineros-tras-el-derrumbe-en-la-mina-el-pinabete\/\" \/>\n<meta property=\"og:site_name\" content=\"Fuentes Fidedignas\" \/>\n<meta property=\"article:publisher\" content=\"https:\/\/www.facebook.com\/Fuentes-Fidedignas-368234489921644\" \/>\n<meta property=\"article:published_time\" content=\"2023-12-28T22:30:37+00:00\" \/>\n<meta property=\"article:modified_time\" content=\"2023-12-28T22:30:57+00:00\" \/>\n<meta property=\"og:image\" content=\"https:\/\/fuentesfidedignas.com.mx\/wp-content\/uploads\/2023\/12\/PINABETE.jpg\" \/>\n\t<meta property=\"og:image:width\" content=\"1381\" \/>\n\t<meta property=\"og:image:height\" content=\"800\" \/>\n\t<meta property=\"og:image:type\" content=\"image\/jpeg\" \/>\n<meta name=\"author\" content=\"L\u00f3pez D\u00f3riga\" \/>\n<meta name=\"twitter:card\" content=\"summary_large_image\" \/>\n<meta name=\"twitter:creator\" content=\"@fidedignas\" \/>\n<meta name=\"twitter:site\" content=\"@fidedignas\" \/>\n<meta name=\"twitter:label1\" content=\"Escrito por\" \/>\n\t<meta name=\"twitter:data1\" content=\"L\u00f3pez D\u00f3riga\" \/>\n\t<meta name=\"twitter:label2\" content=\"Tiempo de lectura\" \/>\n\t<meta name=\"twitter:data2\" content=\"3 minutos\" \/>\n<script type=\"application\/ld+json\" class=\"yoast-schema-graph\">{\"@context\":\"https:\\\/\\\/schema.org\",\"@graph\":[{\"@type\":\"Article\",\"@id\":\"https:\\\/\\\/fuentesfidedignas.com.mx\\\/index.php\\\/2023\\\/12\\\/28\\\/localizan-restos-de-dos-mineros-tras-el-derrumbe-en-la-mina-el-pinabete\\\/#article\",\"isPartOf\":{\"@id\":\"https:\\\/\\\/fuentesfidedignas.com.mx\\\/index.php\\\/2023\\\/12\\\/28\\\/localizan-restos-de-dos-mineros-tras-el-derrumbe-en-la-mina-el-pinabete\\\/\"},\"author\":{\"name\":\"L\u00f3pez D\u00f3riga\",\"@id\":\"https:\\\/\\\/fuentesfidedignas.com.mx\\\/#\\\/schema\\\/person\\\/67d852f0557c8509146a4b9ddebd543a\"},\"headline\":\"Localizan restos de dos mineros tras el derrumbe en la mina El Pinabete\",\"datePublished\":\"2023-12-28T22:30:37+00:00\",\"dateModified\":\"2023-12-28T22:30:57+00:00\",\"mainEntityOfPage\":{\"@id\":\"https:\\\/\\\/fuentesfidedignas.com.mx\\\/index.php\\\/2023\\\/12\\\/28\\\/localizan-restos-de-dos-mineros-tras-el-derrumbe-en-la-mina-el-pinabete\\\/\"},\"wordCount\":471,\"commentCount\":0,\"publisher\":{\"@id\":\"https:\\\/\\\/fuentesfidedignas.com.mx\\\/#organization\"},\"image\":{\"@id\":\"https:\\\/\\\/fuentesfidedignas.com.mx\\\/index.php\\\/2023\\\/12\\\/28\\\/localizan-restos-de-dos-mineros-tras-el-derrumbe-en-la-mina-el-pinabete\\\/#primaryimage\"},\"thumbnailUrl\":\"https:\\\/\\\/fuentesfidedignas.com.mx\\\/wp-content\\\/uploads\\\/2023\\\/12\\\/PINABETE.jpg\",\"articleSection\":[\"NOTICIAS NACIONALES\"],\"inLanguage\":\"es\",\"potentialAction\":[{\"@type\":\"CommentAction\",\"name\":\"Comment\",\"target\":[\"https:\\\/\\\/fuentesfidedignas.com.mx\\\/index.php\\\/2023\\\/12\\\/28\\\/localizan-restos-de-dos-mineros-tras-el-derrumbe-en-la-mina-el-pinabete\\\/#respond\"]}]},{\"@type\":\"WebPage\",\"@id\":\"https:\\\/\\\/fuentesfidedignas.com.mx\\\/index.php\\\/2023\\\/12\\\/28\\\/localizan-restos-de-dos-mineros-tras-el-derrumbe-en-la-mina-el-pinabete\\\/\",\"url\":\"https:\\\/\\\/fuentesfidedignas.com.mx\\\/index.php\\\/2023\\\/12\\\/28\\\/localizan-restos-de-dos-mineros-tras-el-derrumbe-en-la-mina-el-pinabete\\\/\",\"name\":\"Localizan restos de dos mineros tras el derrumbe en la mina El Pinabete - Fuentes Fidedignas\",\"isPartOf\":{\"@id\":\"https:\\\/\\\/fuentesfidedignas.com.mx\\\/#website\"},\"primaryImageOfPage\":{\"@id\":\"https:\\\/\\\/fuentesfidedignas.com.mx\\\/index.php\\\/2023\\\/12\\\/28\\\/localizan-restos-de-dos-mineros-tras-el-derrumbe-en-la-mina-el-pinabete\\\/#primaryimage\"},\"image\":{\"@id\":\"https:\\\/\\\/fuentesfidedignas.com.mx\\\/index.php\\\/2023\\\/12\\\/28\\\/localizan-restos-de-dos-mineros-tras-el-derrumbe-en-la-mina-el-pinabete\\\/#primaryimage\"},\"thumbnailUrl\":\"https:\\\/\\\/fuentesfidedignas.com.mx\\\/wp-content\\\/uploads\\\/2023\\\/12\\\/PINABETE.jpg\",\"datePublished\":\"2023-12-28T22:30:37+00:00\",\"dateModified\":\"2023-12-28T22:30:57+00:00\",\"breadcrumb\":{\"@id\":\"https:\\\/\\\/fuentesfidedignas.com.mx\\\/index.php\\\/2023\\\/12\\\/28\\\/localizan-restos-de-dos-mineros-tras-el-derrumbe-en-la-mina-el-pinabete\\\/#breadcrumb\"},\"inLanguage\":\"es\",\"potentialAction\":[{\"@type\":\"ReadAction\",\"target\":[\"https:\\\/\\\/fuentesfidedignas.com.mx\\\/index.php\\\/2023\\\/12\\\/28\\\/localizan-restos-de-dos-mineros-tras-el-derrumbe-en-la-mina-el-pinabete\\\/\"]}]},{\"@type\":\"ImageObject\",\"inLanguage\":\"es\",\"@id\":\"https:\\\/\\\/fuentesfidedignas.com.mx\\\/index.php\\\/2023\\\/12\\\/28\\\/localizan-restos-de-dos-mineros-tras-el-derrumbe-en-la-mina-el-pinabete\\\/#primaryimage\",\"url\":\"https:\\\/\\\/fuentesfidedignas.com.mx\\\/wp-content\\\/uploads\\\/2023\\\/12\\\/PINABETE.jpg\",\"contentUrl\":\"https:\\\/\\\/fuentesfidedignas.com.mx\\\/wp-content\\\/uploads\\\/2023\\\/12\\\/PINABETE.jpg\",\"width\":1381,\"height\":800},{\"@type\":\"BreadcrumbList\",\"@id\":\"https:\\\/\\\/fuentesfidedignas.com.mx\\\/index.php\\\/2023\\\/12\\\/28\\\/localizan-restos-de-dos-mineros-tras-el-derrumbe-en-la-mina-el-pinabete\\\/#breadcrumb\",\"itemListElement\":[{\"@type\":\"ListItem\",\"position\":1,\"name\":\"Inicio\",\"item\":\"https:\\\/\\\/fuentesfidedignas.com.mx\\\/\"},{\"@type\":\"ListItem\",\"position\":2,\"name\":\"Localizan restos de dos mineros tras el derrumbe en la mina El Pinabete\"}]},{\"@type\":\"WebSite\",\"@id\":\"https:\\\/\\\/fuentesfidedignas.com.mx\\\/#website\",\"url\":\"https:\\\/\\\/fuentesfidedignas.com.mx\\\/\",\"name\":\"Fuentes Fidedignas\",\"description\":\"Otro sitio realizado con WordPress\",\"publisher\":{\"@id\":\"https:\\\/\\\/fuentesfidedignas.com.mx\\\/#organization\"},\"potentialAction\":[{\"@type\":\"SearchAction\",\"target\":{\"@type\":\"EntryPoint\",\"urlTemplate\":\"https:\\\/\\\/fuentesfidedignas.com.mx\\\/?s={search_term_string}\"},\"query-input\":{\"@type\":\"PropertyValueSpecification\",\"valueRequired\":true,\"valueName\":\"search_term_string\"}}],\"inLanguage\":\"es\"},{\"@type\":\"Organization\",\"@id\":\"https:\\\/\\\/fuentesfidedignas.com.mx\\\/#organization\",\"name\":\"Fuentes Fidedignas\",\"url\":\"https:\\\/\\\/fuentesfidedignas.com.mx\\\/\",\"logo\":{\"@type\":\"ImageObject\",\"inLanguage\":\"es\",\"@id\":\"https:\\\/\\\/fuentesfidedignas.com.mx\\\/#\\\/schema\\\/logo\\\/image\\\/\",\"url\":\"https:\\\/\\\/fuentesfidedignas.com.mx\\\/wp-content\\\/uploads\\\/2021\\\/04\\\/logo-retina.png\",\"contentUrl\":\"https:\\\/\\\/fuentesfidedignas.com.mx\\\/wp-content\\\/uploads\\\/2021\\\/04\\\/logo-retina.png\",\"width\":280,\"height\":51,\"caption\":\"Fuentes Fidedignas\"},\"image\":{\"@id\":\"https:\\\/\\\/fuentesfidedignas.com.mx\\\/#\\\/schema\\\/logo\\\/image\\\/\"},\"sameAs\":[\"https:\\\/\\\/www.facebook.com\\\/Fuentes-Fidedignas-368234489921644\",\"https:\\\/\\\/x.com\\\/fidedignas\"]},{\"@type\":\"Person\",\"@id\":\"https:\\\/\\\/fuentesfidedignas.com.mx\\\/#\\\/schema\\\/person\\\/67d852f0557c8509146a4b9ddebd543a\",\"name\":\"L\u00f3pez D\u00f3riga\",\"image\":{\"@type\":\"ImageObject\",\"inLanguage\":\"es\",\"@id\":\"https:\\\/\\\/secure.gravatar.com\\\/avatar\\\/e525b06574ca18b33cded59dfe5778d6c823b9513154eff47da551b0551bdd1e?s=96&d=mm&r=g\",\"url\":\"https:\\\/\\\/secure.gravatar.com\\\/avatar\\\/e525b06574ca18b33cded59dfe5778d6c823b9513154eff47da551b0551bdd1e?s=96&d=mm&r=g\",\"contentUrl\":\"https:\\\/\\\/secure.gravatar.com\\\/avatar\\\/e525b06574ca18b33cded59dfe5778d6c823b9513154eff47da551b0551bdd1e?s=96&d=mm&r=g\",\"caption\":\"L\u00f3pez D\u00f3riga\"},\"url\":\"https:\\\/\\\/fuentesfidedignas.com.mx\\\/index.php\\\/author\\\/doriga\\\/\"}]}<\/script>\n<!-- \/ Yoast SEO plugin. -->","yoast_head_json":{"title":"Localizan restos de dos mineros tras el derrumbe en la mina El Pinabete - Fuentes Fidedignas","robots":{"index":"index","follow":"follow","max-snippet":"max-snippet:-1","max-image-preview":"max-image-preview:large","max-video-preview":"max-video-preview:-1"},"canonical":"https:\/\/fuentesfidedignas.com.mx\/index.php\/2023\/12\/28\/localizan-restos-de-dos-mineros-tras-el-derrumbe-en-la-mina-el-pinabete\/","og_locale":"es_MX","og_type":"article","og_title":"Localizan restos de dos mineros tras el derrumbe en la mina El Pinabete - Fuentes Fidedignas","og_description":"Es la primera vez que recuperan restos humanos tras el accidente en la mina El Pinabete en el municipio de Sabinas Ciudad de M\u00e9xico.- El Gobierno de M\u00e9xico report\u00f3 el hallazgo de los restos de los primeros dos de los 10 mineros que quedaron atrapados hace m\u00e1s de 500 d\u00edas en la mina de carb\u00f3n [&hellip;]","og_url":"https:\/\/fuentesfidedignas.com.mx\/index.php\/2023\/12\/28\/localizan-restos-de-dos-mineros-tras-el-derrumbe-en-la-mina-el-pinabete\/","og_site_name":"Fuentes Fidedignas","article_publisher":"https:\/\/www.facebook.com\/Fuentes-Fidedignas-368234489921644","article_published_time":"2023-12-28T22:30:37+00:00","article_modified_time":"2023-12-28T22:30:57+00:00","og_image":[{"width":1381,"height":800,"url":"https:\/\/fuentesfidedignas.com.mx\/wp-content\/uploads\/2023\/12\/PINABETE.jpg","type":"image\/jpeg"}],"author":"L\u00f3pez D\u00f3riga","twitter_card":"summary_large_image","twitter_creator":"@fidedignas","twitter_site":"@fidedignas","twitter_misc":{"Escrito por":"L\u00f3pez D\u00f3riga","Tiempo de lectura":"3 minutos"},"schema":{"@context":"https:\/\/schema.org","@graph":[{"@type":"Article","@id":"https:\/\/fuentesfidedignas.com.mx\/index.php\/2023\/12\/28\/localizan-restos-de-dos-mineros-tras-el-derrumbe-en-la-mina-el-pinabete\/#article","isPartOf":{"@id":"https:\/\/fuentesfidedignas.com.mx\/index.php\/2023\/12\/28\/localizan-restos-de-dos-mineros-tras-el-derrumbe-en-la-mina-el-pinabete\/"},"author":{"name":"L\u00f3pez D\u00f3riga","@id":"https:\/\/fuentesfidedignas.com.mx\/#\/schema\/person\/67d852f0557c8509146a4b9ddebd543a"},"headline":"Localizan restos de dos mineros tras el derrumbe en la mina El Pinabete","datePublished":"2023-12-28T22:30:37+00:00","dateModified":"2023-12-28T22:30:57+00:00","mainEntityOfPage":{"@id":"https:\/\/fuentesfidedignas.com.mx\/index.php\/2023\/12\/28\/localizan-restos-de-dos-mineros-tras-el-derrumbe-en-la-mina-el-pinabete\/"},"wordCount":471,"commentCount":0,"publisher":{"@id":"https:\/\/fuentesfidedignas.com.mx\/#organization"},"image":{"@id":"https:\/\/fuentesfidedignas.com.mx\/index.php\/2023\/12\/28\/localizan-restos-de-dos-mineros-tras-el-derrumbe-en-la-mina-el-pinabete\/#primaryimage"},"thumbnailUrl":"https:\/\/fuentesfidedignas.com.mx\/wp-content\/uploads\/2023\/12\/PINABETE.jpg","articleSection":["NOTICIAS NACIONALES"],"inLanguage":"es","potentialAction":[{"@type":"CommentAction","name":"Comment","target":["https:\/\/fuentesfidedignas.com.mx\/index.php\/2023\/12\/28\/localizan-restos-de-dos-mineros-tras-el-derrumbe-en-la-mina-el-pinabete\/#respond"]}]},{"@type":"WebPage","@id":"https:\/\/fuentesfidedignas.com.mx\/index.php\/2023\/12\/28\/localizan-restos-de-dos-mineros-tras-el-derrumbe-en-la-mina-el-pinabete\/","url":"https:\/\/fuentesfidedignas.com.mx\/index.php\/2023\/12\/28\/localizan-restos-de-dos-mineros-tras-el-derrumbe-en-la-mina-el-pinabete\/","name":"Localizan restos de dos mineros tras el derrumbe en la mina El Pinabete - Fuentes Fidedignas","isPartOf":{"@id":"https:\/\/fuentesfidedignas.com.mx\/#website"},"primaryImageOfPage":{"@id":"https:\/\/fuentesfidedignas.com.mx\/index.php\/2023\/12\/28\/localizan-restos-de-dos-mineros-tras-el-derrumbe-en-la-mina-el-pinabete\/#primaryimage"},"image":{"@id":"https:\/\/fuentesfidedignas.com.mx\/index.php\/2023\/12\/28\/localizan-restos-de-dos-mineros-tras-el-derrumbe-en-la-mina-el-pinabete\/#primaryimage"},"thumbnailUrl":"https:\/\/fuentesfidedignas.com.mx\/wp-content\/uploads\/2023\/12\/PINABETE.jpg","datePublished":"2023-12-28T22:30:37+00:00","dateModified":"2023-12-28T22:30:57+00:00","breadcrumb":{"@id":"https:\/\/fuentesfidedignas.com.mx\/index.php\/2023\/12\/28\/localizan-restos-de-dos-mineros-tras-el-derrumbe-en-la-mina-el-pinabete\/#breadcrumb"},"inLanguage":"es","potentialAction":[{"@type":"ReadAction","target":["https:\/\/fuentesfidedignas.com.mx\/index.php\/2023\/12\/28\/localizan-restos-de-dos-mineros-tras-el-derrumbe-en-la-mina-el-pinabete\/"]}]},{"@type":"ImageObject","inLanguage":"es","@id":"https:\/\/fuentesfidedignas.com.mx\/index.php\/2023\/12\/28\/localizan-restos-de-dos-mineros-tras-el-derrumbe-en-la-mina-el-pinabete\/#primaryimage","url":"https:\/\/fuentesfidedignas.com.mx\/wp-content\/uploads\/2023\/12\/PINABETE.jpg","contentUrl":"https:\/\/fuentesfidedignas.com.mx\/wp-content\/uploads\/2023\/12\/PINABETE.jpg","width":1381,"height":800},{"@type":"BreadcrumbList","@id":"https:\/\/fuentesfidedignas.com.mx\/index.php\/2023\/12\/28\/localizan-restos-de-dos-mineros-tras-el-derrumbe-en-la-mina-el-pinabete\/#breadcrumb","itemListElement":[{"@type":"ListItem","position":1,"name":"Inicio","item":"https:\/\/fuentesfidedignas.com.mx\/"},{"@type":"ListItem","position":2,"name":"Localizan restos de dos mineros tras el derrumbe en la mina El Pinabete"}]},{"@type":"WebSite","@id":"https:\/\/fuentesfidedignas.com.mx\/#website","url":"https:\/\/fuentesfidedignas.com.mx\/","name":"Fuentes Fidedignas","description":"Otro sitio realizado con WordPress","publisher":{"@id":"https:\/\/fuentesfidedignas.com.mx\/#organization"},"potentialAction":[{"@type":"SearchAction","target":{"@type":"EntryPoint","urlTemplate":"https:\/\/fuentesfidedignas.com.mx\/?s={search_term_string}"},"query-input":{"@type":"PropertyValueSpecification","valueRequired":true,"valueName":"search_term_string"}}],"inLanguage":"es"},{"@type":"Organization","@id":"https:\/\/fuentesfidedignas.com.mx\/#organization","name":"Fuentes Fidedignas","url":"https:\/\/fuentesfidedignas.com.mx\/","logo":{"@type":"ImageObject","inLanguage":"es","@id":"https:\/\/fuentesfidedignas.com.mx\/#\/schema\/logo\/image\/","url":"https:\/\/fuentesfidedignas.com.mx\/wp-content\/uploads\/2021\/04\/logo-retina.png","contentUrl":"https:\/\/fuentesfidedignas.com.mx\/wp-content\/uploads\/2021\/04\/logo-retina.png","width":280,"height":51,"caption":"Fuentes Fidedignas"},"image":{"@id":"https:\/\/fuentesfidedignas.com.mx\/#\/schema\/logo\/image\/"},"sameAs":["https:\/\/www.facebook.com\/Fuentes-Fidedignas-368234489921644","https:\/\/x.com\/fidedignas"]},{"@type":"Person","@id":"https:\/\/fuentesfidedignas.com.mx\/#\/schema\/person\/67d852f0557c8509146a4b9ddebd543a","name":"L\u00f3pez D\u00f3riga","image":{"@type":"ImageObject","inLanguage":"es","@id":"https:\/\/secure.gravatar.com\/avatar\/e525b06574ca18b33cded59dfe5778d6c823b9513154eff47da551b0551bdd1e?s=96&d=mm&r=g","url":"https:\/\/secure.gravatar.com\/avatar\/e525b06574ca18b33cded59dfe5778d6c823b9513154eff47da551b0551bdd1e?s=96&d=mm&r=g","contentUrl":"https:\/\/secure.gravatar.com\/avatar\/e525b06574ca18b33cded59dfe5778d6c823b9513154eff47da551b0551bdd1e?s=96&d=mm&r=g","caption":"L\u00f3pez D\u00f3riga"},"url":"https:\/\/fuentesfidedignas.com.mx\/index.php\/author\/doriga\/"}]}},"_links":{"self":[{"href":"https:\/\/fuentesfidedignas.com.mx\/index.php\/wp-json\/wp\/v2\/posts\/69475","targetHints":{"allow":["GET"]}}],"collection":[{"href":"https:\/\/fuentesfidedignas.com.mx\/index.php\/wp-json\/wp\/v2\/posts"}],"about":[{"href":"https:\/\/fuentesfidedignas.com.mx\/index.php\/wp-json\/wp\/v2\/types\/post"}],"author":[{"embeddable":true,"href":"https:\/\/fuentesfidedignas.com.mx\/index.php\/wp-json\/wp\/v2\/users\/47"}],"replies":[{"embeddable":true,"href":"https:\/\/fuentesfidedignas.com.mx\/index.php\/wp-json\/wp\/v2\/comments?post=69475"}],"version-history":[{"count":1,"href":"https:\/\/fuentesfidedignas.com.mx\/index.php\/wp-json\/wp\/v2\/posts\/69475\/revisions"}],"predecessor-version":[{"id":69477,"href":"https:\/\/fuentesfidedignas.com.mx\/index.php\/wp-json\/wp\/v2\/posts\/69475\/revisions\/69477"}],"wp:featuredmedia":[{"embeddable":true,"href":"https:\/\/fuentesfidedignas.com.mx\/index.php\/wp-json\/wp\/v2\/media\/69476"}],"wp:attachment":[{"href":"https:\/\/fuentesfidedignas.com.mx\/index.php\/wp-json\/wp\/v2\/media?parent=69475"}],"wp:term":[{"taxonomy":"category","embeddable":true,"href":"https:\/\/fuentesfidedignas.com.mx\/index.php\/wp-json\/wp\/v2\/categories?post=69475"},{"taxonomy":"post_tag","embeddable":true,"href":"https:\/\/fuentesfidedignas.com.mx\/index.php\/wp-json\/wp\/v2\/tags?post=69475"}],"curies":[{"name":"wp","href":"https:\/\/api.w.org\/{rel}","templated":true}]}}