{"id":69423,"date":"2023-12-27T17:30:42","date_gmt":"2023-12-28T00:30:42","guid":{"rendered":"https:\/\/fuentesfidedignas.com.mx\/?p=69423"},"modified":"2023-12-27T17:30:42","modified_gmt":"2023-12-28T00:30:42","slug":"mas-feriados-estos-seran-los-nuevos-dias-de-descanso-por-las-elecciones-del-2024","status":"publish","type":"post","link":"https:\/\/fuentesfidedignas.com.mx\/index.php\/2023\/12\/27\/mas-feriados-estos-seran-los-nuevos-dias-de-descanso-por-las-elecciones-del-2024\/","title":{"rendered":"\u00bfM\u00e1s feriados? Estos ser\u00e1n los &#8216;nuevos&#8217; d\u00edas de descanso por las elecciones del 2024"},"content":{"rendered":"\n<p><strong><em>La Ley General de Instituciones y Procedimientos Electorales indica que se adicionar\u00e1 un d\u00eda feriado por los comicios del 2024, pero una reforma del 2014 &#8216;agregar\u00eda&#8217; un segundo d\u00eda al calendario<\/em><\/strong><\/p>\n\n\n\n<p>Ciudad de M\u00e9xico.- En 2024\u00a0M\u00e9xico celebrar\u00e1 uno de los procesos electorales m\u00e1s grandes\u00a0desde el 2018 renovar no s\u00f3lo la Presidencia de la Rep\u00fablica, tambi\u00e9n el Congreso, ocho gubernaturas, una Jefatura de Gobierno y decenas de cargos locales.\u00a0<\/p>\n\n\n\n<p>Por ello es que las y los trabajadores gozar\u00e1n de un par de d\u00edas de asueto &#8216;adicionales&#8217; a los estipulados en la Ley Federal del Trabajo (LFT). En espec\u00edfico, los que se indica en\u00a0la\u00a0Ley General de Instituciones y Procedimientos Electorales.<\/p>\n\n\n\n<p><strong>\u00bfQu\u00e9 dice la ley?<\/strong><br>Son ocho los d\u00edas de descanso obligatorio, popularmente conocidos como \u2018feriados\u2019, que la\u00a0LFT\u00a0ha contemplado en su art\u00edculo 74 por m\u00e1s de treinta a\u00f1os. Pero fue hasta 1987 con el entonces presidente Miguel de la Madrid\u00a0que se agreg\u00f3 una novena cl\u00e1usula que considera a los periodos electorales como motivo de asuetos laborales.<\/p>\n\n\n\n<p>El segundo punto del Art\u00edculo 22 de la Ley de Procedimientos considera como no laborable en toda la Rep\u00fablica Mexicana el d\u00eda en que se celebren las elecciones ordinarias para renovar diputados federales, senadores y la Presidencia de la Rep\u00fablica. Un proceso que debe realizarse el primer domingo de junio del a\u00f1o correspondiente.<\/p>\n\n\n\n<p>De ah\u00ed que el 2 de junio del 2024 ser\u00e1 d\u00eda de descanso obligatorio en todo el pa\u00eds. Lo cual implica que aquellas y aquellos trabajadores que les sean solicitados sus servicios en esa fecha tendr\u00e1n derecho a recibir un salario doble extra al que perciben de manera normal diariamente, seg\u00fan el art\u00edculo 75 de la LFT.<\/p>\n\n\n\n<p>En febrero del 2014 se public\u00f3 en el Diario Oficial de la Federaci\u00f3n (DOF) la reforma pol\u00edtico-electoral que&nbsp;\u2018recorta\u2019 el sexenio de Andr\u00e9s Manuel L\u00f3pez Obrador (AMLO) y, por ende, recorre la toma de protesta de su eventual sucesor o sucesora del 1 de diciembre al 1 de octubre.<\/p>\n\n\n\n<p>Cabe recordar que la LFT considera el d\u00eda de transici\u00f3n como de asueto laboral. De ah\u00ed que el 1 de octubre del 2024 ser\u00e1 el \u2018nuevo\u2019 d\u00eda de descanso obligatorio, aunque en realidad sustituye el que antes la ley atribu\u00eda al 1 de diciembre de cada cambio de sexenio.<\/p>\n\n\n\n<p>&#8220;El Presidente entrar\u00e1 a ejercer su encargo el 1o. de octubre y durar\u00e1 en \u00e9l seis a\u00f1os (\u2026)&#8221;, dice el Art\u00edculo 83 tras la reforma pol\u00edtico-electoral.<\/p>\n\n\n\n<p><strong>Los dem\u00e1s d\u00edas de descanso obligatorio son:<\/strong><\/p>\n\n\n\n<ul class=\"wp-block-list\">\n<li>1ro de enero<\/li>\n\n\n\n<li>1ro de mayo<\/li>\n\n\n\n<li>16 de septiembre<\/li>\n\n\n\n<li>25 de diciembre<\/li>\n\n\n\n<li>Primer lunes de febrero en conmemoraci\u00f3n del 5 de febrero<\/li>\n\n\n\n<li>Tercer lunes de noviembre en conmemoraci\u00f3n del 20 de noviembre<\/li>\n\n\n\n<li>Tercer lunes de marzo en conmemoraci\u00f3n del 21 de marzo<\/li>\n<\/ul>\n\n\n\n<p>Estas \u00faltimas tres fechas fueron resultado de la reforma publicada en el DOF en 2006, cuando los diputados Francisco Xavier L\u00f3pez y Sergio \u00c1lvarez Mata (PAN) la presentaron al pleno en 2005 con el prop\u00f3sito de &#8220;fomentar el turismo nacional, mediante los denominados fines de semana largos\u201d.<\/p>\n\n\n\n<p><strong>\u00bfY qu\u00e9 pasa en las locales?<\/strong><br>Sin embargo, \u00bfQu\u00e9 sucede cuando una elecci\u00f3n local no empalma con las federales, tal y como ocurri\u00f3 en el 2023 con la renovaci\u00f3n del gobierno del Estado de M\u00e9xico (Edomex)\u00a0y Coahuila, o la elecci\u00f3n para alcaldes y alcaldesas de la CDMX en 2021?<\/p>\n\n\n\n<p>La respuesta se halla en el segundo apartado del art\u00edculo 25 de la Ley de Procedimientos Electorales, el cual estipula que las elecciones locales ordinarias tambi\u00e9n son motivo de asueto laboral en la respectiva entidad.<\/p>\n\n\n\n<p>Al igual que los procesos federales, dichos comicios deben llevarse a cabo el primer domingo de junio del a\u00f1o correspondiente; mientras que los cargos aplicables para esta normativa son de \u201cgobernadores, miembros de las legislaturas locales, integrantes de los Ayuntamientos en los estados de la Rep\u00fablica, Jefe de Gobierno, diputados a la Asamblea Legislativa y titulares de los \u00f3rganos pol\u00edtico-administrativos de las demarcaciones\u201d de la capital mexicana.<\/p>\n\n\n\n<p>Alrededor de 98 millones de personas ser\u00e1n convocadas el pr\u00f3ximo 2 de junio para renovar m\u00e1s de 20 mil cargos a nivel federal y local.<\/p>\n\n\n\n<p>Para las federales, y al cierre de esta edici\u00f3n, Morena perfila registrar a Claudia Sheinbaum como su candidata a la presidencia de la rep\u00fablica; mientras que el Frente Amplio lo har\u00e1 con X\u00f3chitl G\u00e1lvez. En tanto, Movimiento Ciudadano (MC) contin\u00faa sin precandidatura luego de que Samuel Garc\u00eda declinara del proceso.<\/p>\n\n\n\n<p>Las candidaturas se deber\u00e1n registrarse del 15 al 22 de febrero del 2024, dando por iniciadas al d\u00eda siguiente y finalizando 90 d\u00edas despu\u00e9s.<\/p>\n","protected":false},"excerpt":{"rendered":"<p>La Ley General de Instituciones y Procedimientos Electorales indica que se adicionar\u00e1 un d\u00eda feriado por los comicios del 2024, pero una reforma del 2014 &#8216;agregar\u00eda&#8217; un segundo d\u00eda al calendario Ciudad de M\u00e9xico.- En 2024\u00a0M\u00e9xico celebrar\u00e1 uno de los procesos electorales m\u00e1s grandes\u00a0desde el 2018 renovar no s\u00f3lo la Presidencia de la Rep\u00fablica, tambi\u00e9n [&hellip;]<\/p>\n","protected":false},"author":9,"featured_media":69424,"comment_status":"open","ping_status":"open","sticky":false,"template":"","format":"standard","meta":{"tdm_status":"","tdm_grid_status":"","footnotes":""},"categories":[37],"tags":[],"class_list":{"0":"post-69423","1":"post","2":"type-post","3":"status-publish","4":"format-standard","5":"has-post-thumbnail","7":"category-nota-principal"},"yoast_head":"<!-- This site is optimized with the Yoast SEO plugin v27.5 - https:\/\/yoast.com\/product\/yoast-seo-wordpress\/ -->\n<title>\u00bfM\u00e1s feriados? Estos ser\u00e1n los &#039;nuevos&#039; d\u00edas de descanso por las elecciones del 2024 - Fuentes Fidedignas<\/title>\n<meta name=\"robots\" content=\"index, follow, max-snippet:-1, max-image-preview:large, max-video-preview:-1\" \/>\n<link rel=\"canonical\" href=\"https:\/\/fuentesfidedignas.com.mx\/index.php\/2023\/12\/27\/mas-feriados-estos-seran-los-nuevos-dias-de-descanso-por-las-elecciones-del-2024\/\" \/>\n<meta property=\"og:locale\" content=\"es_MX\" \/>\n<meta property=\"og:type\" content=\"article\" \/>\n<meta property=\"og:title\" content=\"\u00bfM\u00e1s feriados? Estos ser\u00e1n los &#039;nuevos&#039; d\u00edas de descanso por las elecciones del 2024 - Fuentes Fidedignas\" \/>\n<meta property=\"og:description\" content=\"La Ley General de Instituciones y Procedimientos Electorales indica que se adicionar\u00e1 un d\u00eda feriado por los comicios del 2024, pero una reforma del 2014 &#8216;agregar\u00eda&#8217; un segundo d\u00eda al calendario Ciudad de M\u00e9xico.- En 2024\u00a0M\u00e9xico celebrar\u00e1 uno de los procesos electorales m\u00e1s grandes\u00a0desde el 2018 renovar no s\u00f3lo la Presidencia de la Rep\u00fablica, tambi\u00e9n [&hellip;]\" \/>\n<meta property=\"og:url\" content=\"https:\/\/fuentesfidedignas.com.mx\/index.php\/2023\/12\/27\/mas-feriados-estos-seran-los-nuevos-dias-de-descanso-por-las-elecciones-del-2024\/\" \/>\n<meta property=\"og:site_name\" content=\"Fuentes Fidedignas\" \/>\n<meta property=\"article:publisher\" content=\"https:\/\/www.facebook.com\/Fuentes-Fidedignas-368234489921644\" \/>\n<meta property=\"article:published_time\" content=\"2023-12-28T00:30:42+00:00\" \/>\n<meta property=\"og:image\" content=\"https:\/\/fuentesfidedignas.com.mx\/wp-content\/uploads\/2023\/12\/DIAS_FERIADOS_PUENTES.jpg\" \/>\n\t<meta property=\"og:image:width\" content=\"1000\" \/>\n\t<meta property=\"og:image:height\" content=\"750\" \/>\n\t<meta property=\"og:image:type\" content=\"image\/jpeg\" \/>\n<meta name=\"author\" content=\"Milenio\" \/>\n<meta name=\"twitter:card\" content=\"summary_large_image\" \/>\n<meta name=\"twitter:creator\" content=\"@fidedignas\" \/>\n<meta name=\"twitter:site\" content=\"@fidedignas\" \/>\n<meta name=\"twitter:label1\" content=\"Escrito por\" \/>\n\t<meta name=\"twitter:data1\" content=\"Milenio\" \/>\n\t<meta name=\"twitter:label2\" content=\"Tiempo de lectura\" \/>\n\t<meta name=\"twitter:data2\" content=\"4 minutos\" \/>\n<script type=\"application\/ld+json\" class=\"yoast-schema-graph\">{\"@context\":\"https:\\\/\\\/schema.org\",\"@graph\":[{\"@type\":\"Article\",\"@id\":\"https:\\\/\\\/fuentesfidedignas.com.mx\\\/index.php\\\/2023\\\/12\\\/27\\\/mas-feriados-estos-seran-los-nuevos-dias-de-descanso-por-las-elecciones-del-2024\\\/#article\",\"isPartOf\":{\"@id\":\"https:\\\/\\\/fuentesfidedignas.com.mx\\\/index.php\\\/2023\\\/12\\\/27\\\/mas-feriados-estos-seran-los-nuevos-dias-de-descanso-por-las-elecciones-del-2024\\\/\"},\"author\":{\"name\":\"Milenio\",\"@id\":\"https:\\\/\\\/fuentesfidedignas.com.mx\\\/#\\\/schema\\\/person\\\/47ec0135738f4b0c7495f06a77a2c976\"},\"headline\":\"\u00bfM\u00e1s feriados? Estos ser\u00e1n los &#8216;nuevos&#8217; d\u00edas de descanso por las elecciones del 2024\",\"datePublished\":\"2023-12-28T00:30:42+00:00\",\"mainEntityOfPage\":{\"@id\":\"https:\\\/\\\/fuentesfidedignas.com.mx\\\/index.php\\\/2023\\\/12\\\/27\\\/mas-feriados-estos-seran-los-nuevos-dias-de-descanso-por-las-elecciones-del-2024\\\/\"},\"wordCount\":801,\"commentCount\":0,\"publisher\":{\"@id\":\"https:\\\/\\\/fuentesfidedignas.com.mx\\\/#organization\"},\"image\":{\"@id\":\"https:\\\/\\\/fuentesfidedignas.com.mx\\\/index.php\\\/2023\\\/12\\\/27\\\/mas-feriados-estos-seran-los-nuevos-dias-de-descanso-por-las-elecciones-del-2024\\\/#primaryimage\"},\"thumbnailUrl\":\"https:\\\/\\\/fuentesfidedignas.com.mx\\\/wp-content\\\/uploads\\\/2023\\\/12\\\/DIAS_FERIADOS_PUENTES.jpg\",\"articleSection\":[\"NOTA PRINCIPAL\"],\"inLanguage\":\"es\",\"potentialAction\":[{\"@type\":\"CommentAction\",\"name\":\"Comment\",\"target\":[\"https:\\\/\\\/fuentesfidedignas.com.mx\\\/index.php\\\/2023\\\/12\\\/27\\\/mas-feriados-estos-seran-los-nuevos-dias-de-descanso-por-las-elecciones-del-2024\\\/#respond\"]}]},{\"@type\":\"WebPage\",\"@id\":\"https:\\\/\\\/fuentesfidedignas.com.mx\\\/index.php\\\/2023\\\/12\\\/27\\\/mas-feriados-estos-seran-los-nuevos-dias-de-descanso-por-las-elecciones-del-2024\\\/\",\"url\":\"https:\\\/\\\/fuentesfidedignas.com.mx\\\/index.php\\\/2023\\\/12\\\/27\\\/mas-feriados-estos-seran-los-nuevos-dias-de-descanso-por-las-elecciones-del-2024\\\/\",\"name\":\"\u00bfM\u00e1s feriados? Estos ser\u00e1n los 'nuevos' d\u00edas de descanso por las elecciones del 2024 - Fuentes Fidedignas\",\"isPartOf\":{\"@id\":\"https:\\\/\\\/fuentesfidedignas.com.mx\\\/#website\"},\"primaryImageOfPage\":{\"@id\":\"https:\\\/\\\/fuentesfidedignas.com.mx\\\/index.php\\\/2023\\\/12\\\/27\\\/mas-feriados-estos-seran-los-nuevos-dias-de-descanso-por-las-elecciones-del-2024\\\/#primaryimage\"},\"image\":{\"@id\":\"https:\\\/\\\/fuentesfidedignas.com.mx\\\/index.php\\\/2023\\\/12\\\/27\\\/mas-feriados-estos-seran-los-nuevos-dias-de-descanso-por-las-elecciones-del-2024\\\/#primaryimage\"},\"thumbnailUrl\":\"https:\\\/\\\/fuentesfidedignas.com.mx\\\/wp-content\\\/uploads\\\/2023\\\/12\\\/DIAS_FERIADOS_PUENTES.jpg\",\"datePublished\":\"2023-12-28T00:30:42+00:00\",\"breadcrumb\":{\"@id\":\"https:\\\/\\\/fuentesfidedignas.com.mx\\\/index.php\\\/2023\\\/12\\\/27\\\/mas-feriados-estos-seran-los-nuevos-dias-de-descanso-por-las-elecciones-del-2024\\\/#breadcrumb\"},\"inLanguage\":\"es\",\"potentialAction\":[{\"@type\":\"ReadAction\",\"target\":[\"https:\\\/\\\/fuentesfidedignas.com.mx\\\/index.php\\\/2023\\\/12\\\/27\\\/mas-feriados-estos-seran-los-nuevos-dias-de-descanso-por-las-elecciones-del-2024\\\/\"]}]},{\"@type\":\"ImageObject\",\"inLanguage\":\"es\",\"@id\":\"https:\\\/\\\/fuentesfidedignas.com.mx\\\/index.php\\\/2023\\\/12\\\/27\\\/mas-feriados-estos-seran-los-nuevos-dias-de-descanso-por-las-elecciones-del-2024\\\/#primaryimage\",\"url\":\"https:\\\/\\\/fuentesfidedignas.com.mx\\\/wp-content\\\/uploads\\\/2023\\\/12\\\/DIAS_FERIADOS_PUENTES.jpg\",\"contentUrl\":\"https:\\\/\\\/fuentesfidedignas.com.mx\\\/wp-content\\\/uploads\\\/2023\\\/12\\\/DIAS_FERIADOS_PUENTES.jpg\",\"width\":1000,\"height\":750},{\"@type\":\"BreadcrumbList\",\"@id\":\"https:\\\/\\\/fuentesfidedignas.com.mx\\\/index.php\\\/2023\\\/12\\\/27\\\/mas-feriados-estos-seran-los-nuevos-dias-de-descanso-por-las-elecciones-del-2024\\\/#breadcrumb\",\"itemListElement\":[{\"@type\":\"ListItem\",\"position\":1,\"name\":\"Inicio\",\"item\":\"https:\\\/\\\/fuentesfidedignas.com.mx\\\/\"},{\"@type\":\"ListItem\",\"position\":2,\"name\":\"\u00bfM\u00e1s feriados? Estos ser\u00e1n los &#8216;nuevos&#8217; d\u00edas de descanso por las elecciones del 2024\"}]},{\"@type\":\"WebSite\",\"@id\":\"https:\\\/\\\/fuentesfidedignas.com.mx\\\/#website\",\"url\":\"https:\\\/\\\/fuentesfidedignas.com.mx\\\/\",\"name\":\"Fuentes Fidedignas\",\"description\":\"Otro sitio realizado con WordPress\",\"publisher\":{\"@id\":\"https:\\\/\\\/fuentesfidedignas.com.mx\\\/#organization\"},\"potentialAction\":[{\"@type\":\"SearchAction\",\"target\":{\"@type\":\"EntryPoint\",\"urlTemplate\":\"https:\\\/\\\/fuentesfidedignas.com.mx\\\/?s={search_term_string}\"},\"query-input\":{\"@type\":\"PropertyValueSpecification\",\"valueRequired\":true,\"valueName\":\"search_term_string\"}}],\"inLanguage\":\"es\"},{\"@type\":\"Organization\",\"@id\":\"https:\\\/\\\/fuentesfidedignas.com.mx\\\/#organization\",\"name\":\"Fuentes Fidedignas\",\"url\":\"https:\\\/\\\/fuentesfidedignas.com.mx\\\/\",\"logo\":{\"@type\":\"ImageObject\",\"inLanguage\":\"es\",\"@id\":\"https:\\\/\\\/fuentesfidedignas.com.mx\\\/#\\\/schema\\\/logo\\\/image\\\/\",\"url\":\"https:\\\/\\\/fuentesfidedignas.com.mx\\\/wp-content\\\/uploads\\\/2021\\\/04\\\/logo-retina.png\",\"contentUrl\":\"https:\\\/\\\/fuentesfidedignas.com.mx\\\/wp-content\\\/uploads\\\/2021\\\/04\\\/logo-retina.png\",\"width\":280,\"height\":51,\"caption\":\"Fuentes Fidedignas\"},\"image\":{\"@id\":\"https:\\\/\\\/fuentesfidedignas.com.mx\\\/#\\\/schema\\\/logo\\\/image\\\/\"},\"sameAs\":[\"https:\\\/\\\/www.facebook.com\\\/Fuentes-Fidedignas-368234489921644\",\"https:\\\/\\\/x.com\\\/fidedignas\"]},{\"@type\":\"Person\",\"@id\":\"https:\\\/\\\/fuentesfidedignas.com.mx\\\/#\\\/schema\\\/person\\\/47ec0135738f4b0c7495f06a77a2c976\",\"name\":\"Milenio\",\"image\":{\"@type\":\"ImageObject\",\"inLanguage\":\"es\",\"@id\":\"https:\\\/\\\/secure.gravatar.com\\\/avatar\\\/acabf7b54753e51c2c76457954577c236b3b764789b19879565769739d1e4a75?s=96&d=mm&r=g\",\"url\":\"https:\\\/\\\/secure.gravatar.com\\\/avatar\\\/acabf7b54753e51c2c76457954577c236b3b764789b19879565769739d1e4a75?s=96&d=mm&r=g\",\"contentUrl\":\"https:\\\/\\\/secure.gravatar.com\\\/avatar\\\/acabf7b54753e51c2c76457954577c236b3b764789b19879565769739d1e4a75?s=96&d=mm&r=g\",\"caption\":\"Milenio\"},\"url\":\"https:\\\/\\\/fuentesfidedignas.com.mx\\\/index.php\\\/author\\\/milenio\\\/\"}]}<\/script>\n<!-- \/ Yoast SEO plugin. -->","yoast_head_json":{"title":"\u00bfM\u00e1s feriados? Estos ser\u00e1n los 'nuevos' d\u00edas de descanso por las elecciones del 2024 - Fuentes Fidedignas","robots":{"index":"index","follow":"follow","max-snippet":"max-snippet:-1","max-image-preview":"max-image-preview:large","max-video-preview":"max-video-preview:-1"},"canonical":"https:\/\/fuentesfidedignas.com.mx\/index.php\/2023\/12\/27\/mas-feriados-estos-seran-los-nuevos-dias-de-descanso-por-las-elecciones-del-2024\/","og_locale":"es_MX","og_type":"article","og_title":"\u00bfM\u00e1s feriados? Estos ser\u00e1n los 'nuevos' d\u00edas de descanso por las elecciones del 2024 - Fuentes Fidedignas","og_description":"La Ley General de Instituciones y Procedimientos Electorales indica que se adicionar\u00e1 un d\u00eda feriado por los comicios del 2024, pero una reforma del 2014 &#8216;agregar\u00eda&#8217; un segundo d\u00eda al calendario Ciudad de M\u00e9xico.- En 2024\u00a0M\u00e9xico celebrar\u00e1 uno de los procesos electorales m\u00e1s grandes\u00a0desde el 2018 renovar no s\u00f3lo la Presidencia de la Rep\u00fablica, tambi\u00e9n [&hellip;]","og_url":"https:\/\/fuentesfidedignas.com.mx\/index.php\/2023\/12\/27\/mas-feriados-estos-seran-los-nuevos-dias-de-descanso-por-las-elecciones-del-2024\/","og_site_name":"Fuentes Fidedignas","article_publisher":"https:\/\/www.facebook.com\/Fuentes-Fidedignas-368234489921644","article_published_time":"2023-12-28T00:30:42+00:00","og_image":[{"width":1000,"height":750,"url":"https:\/\/fuentesfidedignas.com.mx\/wp-content\/uploads\/2023\/12\/DIAS_FERIADOS_PUENTES.jpg","type":"image\/jpeg"}],"author":"Milenio","twitter_card":"summary_large_image","twitter_creator":"@fidedignas","twitter_site":"@fidedignas","twitter_misc":{"Escrito por":"Milenio","Tiempo de lectura":"4 minutos"},"schema":{"@context":"https:\/\/schema.org","@graph":[{"@type":"Article","@id":"https:\/\/fuentesfidedignas.com.mx\/index.php\/2023\/12\/27\/mas-feriados-estos-seran-los-nuevos-dias-de-descanso-por-las-elecciones-del-2024\/#article","isPartOf":{"@id":"https:\/\/fuentesfidedignas.com.mx\/index.php\/2023\/12\/27\/mas-feriados-estos-seran-los-nuevos-dias-de-descanso-por-las-elecciones-del-2024\/"},"author":{"name":"Milenio","@id":"https:\/\/fuentesfidedignas.com.mx\/#\/schema\/person\/47ec0135738f4b0c7495f06a77a2c976"},"headline":"\u00bfM\u00e1s feriados? Estos ser\u00e1n los &#8216;nuevos&#8217; d\u00edas de descanso por las elecciones del 2024","datePublished":"2023-12-28T00:30:42+00:00","mainEntityOfPage":{"@id":"https:\/\/fuentesfidedignas.com.mx\/index.php\/2023\/12\/27\/mas-feriados-estos-seran-los-nuevos-dias-de-descanso-por-las-elecciones-del-2024\/"},"wordCount":801,"commentCount":0,"publisher":{"@id":"https:\/\/fuentesfidedignas.com.mx\/#organization"},"image":{"@id":"https:\/\/fuentesfidedignas.com.mx\/index.php\/2023\/12\/27\/mas-feriados-estos-seran-los-nuevos-dias-de-descanso-por-las-elecciones-del-2024\/#primaryimage"},"thumbnailUrl":"https:\/\/fuentesfidedignas.com.mx\/wp-content\/uploads\/2023\/12\/DIAS_FERIADOS_PUENTES.jpg","articleSection":["NOTA PRINCIPAL"],"inLanguage":"es","potentialAction":[{"@type":"CommentAction","name":"Comment","target":["https:\/\/fuentesfidedignas.com.mx\/index.php\/2023\/12\/27\/mas-feriados-estos-seran-los-nuevos-dias-de-descanso-por-las-elecciones-del-2024\/#respond"]}]},{"@type":"WebPage","@id":"https:\/\/fuentesfidedignas.com.mx\/index.php\/2023\/12\/27\/mas-feriados-estos-seran-los-nuevos-dias-de-descanso-por-las-elecciones-del-2024\/","url":"https:\/\/fuentesfidedignas.com.mx\/index.php\/2023\/12\/27\/mas-feriados-estos-seran-los-nuevos-dias-de-descanso-por-las-elecciones-del-2024\/","name":"\u00bfM\u00e1s feriados? Estos ser\u00e1n los 'nuevos' d\u00edas de descanso por las elecciones del 2024 - Fuentes Fidedignas","isPartOf":{"@id":"https:\/\/fuentesfidedignas.com.mx\/#website"},"primaryImageOfPage":{"@id":"https:\/\/fuentesfidedignas.com.mx\/index.php\/2023\/12\/27\/mas-feriados-estos-seran-los-nuevos-dias-de-descanso-por-las-elecciones-del-2024\/#primaryimage"},"image":{"@id":"https:\/\/fuentesfidedignas.com.mx\/index.php\/2023\/12\/27\/mas-feriados-estos-seran-los-nuevos-dias-de-descanso-por-las-elecciones-del-2024\/#primaryimage"},"thumbnailUrl":"https:\/\/fuentesfidedignas.com.mx\/wp-content\/uploads\/2023\/12\/DIAS_FERIADOS_PUENTES.jpg","datePublished":"2023-12-28T00:30:42+00:00","breadcrumb":{"@id":"https:\/\/fuentesfidedignas.com.mx\/index.php\/2023\/12\/27\/mas-feriados-estos-seran-los-nuevos-dias-de-descanso-por-las-elecciones-del-2024\/#breadcrumb"},"inLanguage":"es","potentialAction":[{"@type":"ReadAction","target":["https:\/\/fuentesfidedignas.com.mx\/index.php\/2023\/12\/27\/mas-feriados-estos-seran-los-nuevos-dias-de-descanso-por-las-elecciones-del-2024\/"]}]},{"@type":"ImageObject","inLanguage":"es","@id":"https:\/\/fuentesfidedignas.com.mx\/index.php\/2023\/12\/27\/mas-feriados-estos-seran-los-nuevos-dias-de-descanso-por-las-elecciones-del-2024\/#primaryimage","url":"https:\/\/fuentesfidedignas.com.mx\/wp-content\/uploads\/2023\/12\/DIAS_FERIADOS_PUENTES.jpg","contentUrl":"https:\/\/fuentesfidedignas.com.mx\/wp-content\/uploads\/2023\/12\/DIAS_FERIADOS_PUENTES.jpg","width":1000,"height":750},{"@type":"BreadcrumbList","@id":"https:\/\/fuentesfidedignas.com.mx\/index.php\/2023\/12\/27\/mas-feriados-estos-seran-los-nuevos-dias-de-descanso-por-las-elecciones-del-2024\/#breadcrumb","itemListElement":[{"@type":"ListItem","position":1,"name":"Inicio","item":"https:\/\/fuentesfidedignas.com.mx\/"},{"@type":"ListItem","position":2,"name":"\u00bfM\u00e1s feriados? Estos ser\u00e1n los &#8216;nuevos&#8217; d\u00edas de descanso por las elecciones del 2024"}]},{"@type":"WebSite","@id":"https:\/\/fuentesfidedignas.com.mx\/#website","url":"https:\/\/fuentesfidedignas.com.mx\/","name":"Fuentes Fidedignas","description":"Otro sitio realizado con WordPress","publisher":{"@id":"https:\/\/fuentesfidedignas.com.mx\/#organization"},"potentialAction":[{"@type":"SearchAction","target":{"@type":"EntryPoint","urlTemplate":"https:\/\/fuentesfidedignas.com.mx\/?s={search_term_string}"},"query-input":{"@type":"PropertyValueSpecification","valueRequired":true,"valueName":"search_term_string"}}],"inLanguage":"es"},{"@type":"Organization","@id":"https:\/\/fuentesfidedignas.com.mx\/#organization","name":"Fuentes Fidedignas","url":"https:\/\/fuentesfidedignas.com.mx\/","logo":{"@type":"ImageObject","inLanguage":"es","@id":"https:\/\/fuentesfidedignas.com.mx\/#\/schema\/logo\/image\/","url":"https:\/\/fuentesfidedignas.com.mx\/wp-content\/uploads\/2021\/04\/logo-retina.png","contentUrl":"https:\/\/fuentesfidedignas.com.mx\/wp-content\/uploads\/2021\/04\/logo-retina.png","width":280,"height":51,"caption":"Fuentes Fidedignas"},"image":{"@id":"https:\/\/fuentesfidedignas.com.mx\/#\/schema\/logo\/image\/"},"sameAs":["https:\/\/www.facebook.com\/Fuentes-Fidedignas-368234489921644","https:\/\/x.com\/fidedignas"]},{"@type":"Person","@id":"https:\/\/fuentesfidedignas.com.mx\/#\/schema\/person\/47ec0135738f4b0c7495f06a77a2c976","name":"Milenio","image":{"@type":"ImageObject","inLanguage":"es","@id":"https:\/\/secure.gravatar.com\/avatar\/acabf7b54753e51c2c76457954577c236b3b764789b19879565769739d1e4a75?s=96&d=mm&r=g","url":"https:\/\/secure.gravatar.com\/avatar\/acabf7b54753e51c2c76457954577c236b3b764789b19879565769739d1e4a75?s=96&d=mm&r=g","contentUrl":"https:\/\/secure.gravatar.com\/avatar\/acabf7b54753e51c2c76457954577c236b3b764789b19879565769739d1e4a75?s=96&d=mm&r=g","caption":"Milenio"},"url":"https:\/\/fuentesfidedignas.com.mx\/index.php\/author\/milenio\/"}]}},"_links":{"self":[{"href":"https:\/\/fuentesfidedignas.com.mx\/index.php\/wp-json\/wp\/v2\/posts\/69423","targetHints":{"allow":["GET"]}}],"collection":[{"href":"https:\/\/fuentesfidedignas.com.mx\/index.php\/wp-json\/wp\/v2\/posts"}],"about":[{"href":"https:\/\/fuentesfidedignas.com.mx\/index.php\/wp-json\/wp\/v2\/types\/post"}],"author":[{"embeddable":true,"href":"https:\/\/fuentesfidedignas.com.mx\/index.php\/wp-json\/wp\/v2\/users\/9"}],"replies":[{"embeddable":true,"href":"https:\/\/fuentesfidedignas.com.mx\/index.php\/wp-json\/wp\/v2\/comments?post=69423"}],"version-history":[{"count":1,"href":"https:\/\/fuentesfidedignas.com.mx\/index.php\/wp-json\/wp\/v2\/posts\/69423\/revisions"}],"predecessor-version":[{"id":69425,"href":"https:\/\/fuentesfidedignas.com.mx\/index.php\/wp-json\/wp\/v2\/posts\/69423\/revisions\/69425"}],"wp:featuredmedia":[{"embeddable":true,"href":"https:\/\/fuentesfidedignas.com.mx\/index.php\/wp-json\/wp\/v2\/media\/69424"}],"wp:attachment":[{"href":"https:\/\/fuentesfidedignas.com.mx\/index.php\/wp-json\/wp\/v2\/media?parent=69423"}],"wp:term":[{"taxonomy":"category","embeddable":true,"href":"https:\/\/fuentesfidedignas.com.mx\/index.php\/wp-json\/wp\/v2\/categories?post=69423"},{"taxonomy":"post_tag","embeddable":true,"href":"https:\/\/fuentesfidedignas.com.mx\/index.php\/wp-json\/wp\/v2\/tags?post=69423"}],"curies":[{"name":"wp","href":"https:\/\/api.w.org\/{rel}","templated":true}]}}