{"id":69384,"date":"2023-12-27T08:48:01","date_gmt":"2023-12-27T15:48:01","guid":{"rendered":"https:\/\/fuentesfidedignas.com.mx\/?p=69384"},"modified":"2023-12-27T08:48:01","modified_gmt":"2023-12-27T15:48:01","slug":"reportan-que-la-primera-actriz-silvia-pinal-se-encuentra-en-terapia-intensiva","status":"publish","type":"post","link":"https:\/\/fuentesfidedignas.com.mx\/index.php\/2023\/12\/27\/reportan-que-la-primera-actriz-silvia-pinal-se-encuentra-en-terapia-intensiva\/","title":{"rendered":"Reportan que la primera actriz Silvia Pinal se encuentra en terapia intensiva"},"content":{"rendered":"\n<p><strong><em>De acuerdo con el reporte del periodista de espect\u00e1culos Gustavo Adolfo Infante, la int\u00e9rprete de 92 a\u00f1os ingres\u00f3 a un hospital del sur de la Ciudad de M\u00e9xico el pasado 21 de diciembre<\/em><\/strong><\/p>\n\n\n\n<p>Ciudad de M\u00e9xico.- Este martes se report\u00f3 que la primera actriz Silvia Pinal se encuentra en terapia intensiva, pero estable.<\/p>\n\n\n\n<p>De acuerdo con el periodista de espect\u00e1culos Gustavo Adolfo Infante, la int\u00e9rprete de 92 a\u00f1os ingres\u00f3 a un hospital del sur de la Ciudad de M\u00e9xico el pasado 21 de diciembre.<\/p>\n\n\n\n<figure class=\"wp-block-embed is-type-video is-provider-youtube wp-block-embed-youtube wp-embed-aspect-16-9 wp-has-aspect-ratio\"><div class=\"wp-block-embed__wrapper\">\n<iframe loading=\"lazy\" title=\"SILVIA PINAL grave en terapia intensiva.\" width=\"696\" height=\"392\" src=\"https:\/\/www.youtube.com\/embed\/z6R5hZCswaw?feature=oembed\" frameborder=\"0\" allow=\"accelerometer; autoplay; clipboard-write; encrypted-media; gyroscope; picture-in-picture; web-share\" allowfullscreen><\/iframe>\n<\/div><\/figure>\n\n\n\n<p>Empez\u00f3 a no responder, do\u00f1a Silvia Pinal se empez\u00f3 a poner morada, no respiraba. Se la llevaron a un hospital del sur de la Ciudad de M\u00e9xico, y cuando lleg\u00f3 al hospital le tomaron los signos vitales, la respiraci\u00f3n, no estaba respirando ya. La tuvieron que meter de inmediato a terapia intensiva. Lleva seis d\u00edas do\u00f1a Silvia en terapia intensiva\u201d, expuso el periodista en una transmisi\u00f3n en vivo.<\/p>\n\n\n\n<p>Infante Sea\u00f1ez expuso que no ha conseguido mayores detalles sobre el estado y las condiciones de la primera actriz, y revel\u00f3 que le lleg\u00f3 el reporte desde el 24 de diciembre, pero que no lo dio a conocer porque quer\u00eda corroborar la informaci\u00f3n.<\/p>\n\n\n\n<p>Silvia Pinal, nacida el 12 de septiembre de 1931 en la ciudad de Guaymas, Sonora, es considerada una de las grandes de la \u00e9poca de oro del cine mexicano, al igual que Dolores del R\u00edo (1904-1983) y Mar\u00eda F\u00e9lix (1914-2002).<\/p>\n\n\n\n<p>Uno de los aspectos m\u00e1s impactantes de la carrera de Pinal, considerada como la \u00faltima diva del cine, radio, teatro y televisi\u00f3n mexicana, es su amplia interpretaci\u00f3n de papeles protagonistas y grandes personajes, en una industria en la que estos terminaban cuando las mujeres cumpl\u00edan 40 a\u00f1os.<\/p>\n\n\n\n<p>Pinal Hidalgo trabaj\u00f3 con el cineasta espa\u00f1ol Luis Bu\u00f1uel, con quien rod\u00f3 pel\u00edculas como \u201cViridiana\u201d (1961), \u201cEl \u00e1ngel exterminador\u201d (1962) y \u201cSim\u00f3n del desierto\u201d (1965).<\/p>\n\n\n\n<p>Ya en una edad m\u00e1s madura, Pinal tambi\u00e9n se convirti\u00f3 en una figura cercana para toda una nueva generaci\u00f3n de mexicanos cuando produjo y present\u00f3 la serie de antolog\u00eda \u201cMujer, casos de la vida real\u201d (1986-2007) en la televisi\u00f3n abierta de M\u00e9xico.<\/p>\n","protected":false},"excerpt":{"rendered":"<p>De acuerdo con el reporte del periodista de espect\u00e1culos Gustavo Adolfo Infante, la int\u00e9rprete de 92 a\u00f1os ingres\u00f3 a un hospital del sur de la Ciudad de M\u00e9xico el pasado 21 de diciembre Ciudad de M\u00e9xico.- Este martes se report\u00f3 que la primera actriz Silvia Pinal se encuentra en terapia intensiva, pero estable. De acuerdo [&hellip;]<\/p>\n","protected":false},"author":47,"featured_media":20447,"comment_status":"open","ping_status":"open","sticky":false,"template":"","format":"standard","meta":{"tdm_status":"","tdm_grid_status":"","footnotes":""},"categories":[39],"tags":[],"class_list":{"0":"post-69384","1":"post","2":"type-post","3":"status-publish","4":"format-standard","5":"has-post-thumbnail","7":"category-noticias-nacionales"},"yoast_head":"<!-- This site is optimized with the Yoast SEO plugin v27.5 - https:\/\/yoast.com\/product\/yoast-seo-wordpress\/ -->\n<title>Reportan que la primera actriz Silvia Pinal se encuentra en terapia intensiva - Fuentes Fidedignas<\/title>\n<meta name=\"robots\" content=\"index, follow, max-snippet:-1, max-image-preview:large, max-video-preview:-1\" \/>\n<link rel=\"canonical\" href=\"https:\/\/fuentesfidedignas.com.mx\/index.php\/2023\/12\/27\/reportan-que-la-primera-actriz-silvia-pinal-se-encuentra-en-terapia-intensiva\/\" \/>\n<meta property=\"og:locale\" content=\"es_MX\" \/>\n<meta property=\"og:type\" content=\"article\" \/>\n<meta property=\"og:title\" content=\"Reportan que la primera actriz Silvia Pinal se encuentra en terapia intensiva - Fuentes Fidedignas\" \/>\n<meta property=\"og:description\" content=\"De acuerdo con el reporte del periodista de espect\u00e1culos Gustavo Adolfo Infante, la int\u00e9rprete de 92 a\u00f1os ingres\u00f3 a un hospital del sur de la Ciudad de M\u00e9xico el pasado 21 de diciembre Ciudad de M\u00e9xico.- Este martes se report\u00f3 que la primera actriz Silvia Pinal se encuentra en terapia intensiva, pero estable. De acuerdo [&hellip;]\" \/>\n<meta property=\"og:url\" content=\"https:\/\/fuentesfidedignas.com.mx\/index.php\/2023\/12\/27\/reportan-que-la-primera-actriz-silvia-pinal-se-encuentra-en-terapia-intensiva\/\" \/>\n<meta property=\"og:site_name\" content=\"Fuentes Fidedignas\" \/>\n<meta property=\"article:publisher\" content=\"https:\/\/www.facebook.com\/Fuentes-Fidedignas-368234489921644\" \/>\n<meta property=\"article:published_time\" content=\"2023-12-27T15:48:01+00:00\" \/>\n<meta property=\"og:image\" content=\"https:\/\/fuentesfidedignas.com.mx\/wp-content\/uploads\/2021\/12\/SILVIA_PINAL.jpg\" \/>\n\t<meta property=\"og:image:width\" content=\"800\" \/>\n\t<meta property=\"og:image:height\" content=\"600\" \/>\n\t<meta property=\"og:image:type\" content=\"image\/jpeg\" \/>\n<meta name=\"author\" content=\"L\u00f3pez D\u00f3riga\" \/>\n<meta name=\"twitter:card\" content=\"summary_large_image\" \/>\n<meta name=\"twitter:creator\" content=\"@fidedignas\" \/>\n<meta name=\"twitter:site\" content=\"@fidedignas\" \/>\n<meta name=\"twitter:label1\" content=\"Escrito por\" \/>\n\t<meta name=\"twitter:data1\" content=\"L\u00f3pez D\u00f3riga\" \/>\n\t<meta name=\"twitter:label2\" content=\"Tiempo de lectura\" \/>\n\t<meta name=\"twitter:data2\" content=\"2 minutos\" \/>\n<script type=\"application\/ld+json\" class=\"yoast-schema-graph\">{\"@context\":\"https:\\\/\\\/schema.org\",\"@graph\":[{\"@type\":\"Article\",\"@id\":\"https:\\\/\\\/fuentesfidedignas.com.mx\\\/index.php\\\/2023\\\/12\\\/27\\\/reportan-que-la-primera-actriz-silvia-pinal-se-encuentra-en-terapia-intensiva\\\/#article\",\"isPartOf\":{\"@id\":\"https:\\\/\\\/fuentesfidedignas.com.mx\\\/index.php\\\/2023\\\/12\\\/27\\\/reportan-que-la-primera-actriz-silvia-pinal-se-encuentra-en-terapia-intensiva\\\/\"},\"author\":{\"name\":\"L\u00f3pez D\u00f3riga\",\"@id\":\"https:\\\/\\\/fuentesfidedignas.com.mx\\\/#\\\/schema\\\/person\\\/67d852f0557c8509146a4b9ddebd543a\"},\"headline\":\"Reportan que la primera actriz Silvia Pinal se encuentra en terapia intensiva\",\"datePublished\":\"2023-12-27T15:48:01+00:00\",\"mainEntityOfPage\":{\"@id\":\"https:\\\/\\\/fuentesfidedignas.com.mx\\\/index.php\\\/2023\\\/12\\\/27\\\/reportan-que-la-primera-actriz-silvia-pinal-se-encuentra-en-terapia-intensiva\\\/\"},\"wordCount\":393,\"commentCount\":0,\"publisher\":{\"@id\":\"https:\\\/\\\/fuentesfidedignas.com.mx\\\/#organization\"},\"image\":{\"@id\":\"https:\\\/\\\/fuentesfidedignas.com.mx\\\/index.php\\\/2023\\\/12\\\/27\\\/reportan-que-la-primera-actriz-silvia-pinal-se-encuentra-en-terapia-intensiva\\\/#primaryimage\"},\"thumbnailUrl\":\"https:\\\/\\\/fuentesfidedignas.com.mx\\\/wp-content\\\/uploads\\\/2021\\\/12\\\/SILVIA_PINAL.jpg\",\"articleSection\":[\"NOTICIAS NACIONALES\"],\"inLanguage\":\"es\",\"potentialAction\":[{\"@type\":\"CommentAction\",\"name\":\"Comment\",\"target\":[\"https:\\\/\\\/fuentesfidedignas.com.mx\\\/index.php\\\/2023\\\/12\\\/27\\\/reportan-que-la-primera-actriz-silvia-pinal-se-encuentra-en-terapia-intensiva\\\/#respond\"]}]},{\"@type\":\"WebPage\",\"@id\":\"https:\\\/\\\/fuentesfidedignas.com.mx\\\/index.php\\\/2023\\\/12\\\/27\\\/reportan-que-la-primera-actriz-silvia-pinal-se-encuentra-en-terapia-intensiva\\\/\",\"url\":\"https:\\\/\\\/fuentesfidedignas.com.mx\\\/index.php\\\/2023\\\/12\\\/27\\\/reportan-que-la-primera-actriz-silvia-pinal-se-encuentra-en-terapia-intensiva\\\/\",\"name\":\"Reportan que la primera actriz Silvia Pinal se encuentra en terapia intensiva - Fuentes Fidedignas\",\"isPartOf\":{\"@id\":\"https:\\\/\\\/fuentesfidedignas.com.mx\\\/#website\"},\"primaryImageOfPage\":{\"@id\":\"https:\\\/\\\/fuentesfidedignas.com.mx\\\/index.php\\\/2023\\\/12\\\/27\\\/reportan-que-la-primera-actriz-silvia-pinal-se-encuentra-en-terapia-intensiva\\\/#primaryimage\"},\"image\":{\"@id\":\"https:\\\/\\\/fuentesfidedignas.com.mx\\\/index.php\\\/2023\\\/12\\\/27\\\/reportan-que-la-primera-actriz-silvia-pinal-se-encuentra-en-terapia-intensiva\\\/#primaryimage\"},\"thumbnailUrl\":\"https:\\\/\\\/fuentesfidedignas.com.mx\\\/wp-content\\\/uploads\\\/2021\\\/12\\\/SILVIA_PINAL.jpg\",\"datePublished\":\"2023-12-27T15:48:01+00:00\",\"breadcrumb\":{\"@id\":\"https:\\\/\\\/fuentesfidedignas.com.mx\\\/index.php\\\/2023\\\/12\\\/27\\\/reportan-que-la-primera-actriz-silvia-pinal-se-encuentra-en-terapia-intensiva\\\/#breadcrumb\"},\"inLanguage\":\"es\",\"potentialAction\":[{\"@type\":\"ReadAction\",\"target\":[\"https:\\\/\\\/fuentesfidedignas.com.mx\\\/index.php\\\/2023\\\/12\\\/27\\\/reportan-que-la-primera-actriz-silvia-pinal-se-encuentra-en-terapia-intensiva\\\/\"]}]},{\"@type\":\"ImageObject\",\"inLanguage\":\"es\",\"@id\":\"https:\\\/\\\/fuentesfidedignas.com.mx\\\/index.php\\\/2023\\\/12\\\/27\\\/reportan-que-la-primera-actriz-silvia-pinal-se-encuentra-en-terapia-intensiva\\\/#primaryimage\",\"url\":\"https:\\\/\\\/fuentesfidedignas.com.mx\\\/wp-content\\\/uploads\\\/2021\\\/12\\\/SILVIA_PINAL.jpg\",\"contentUrl\":\"https:\\\/\\\/fuentesfidedignas.com.mx\\\/wp-content\\\/uploads\\\/2021\\\/12\\\/SILVIA_PINAL.jpg\",\"width\":800,\"height\":600},{\"@type\":\"BreadcrumbList\",\"@id\":\"https:\\\/\\\/fuentesfidedignas.com.mx\\\/index.php\\\/2023\\\/12\\\/27\\\/reportan-que-la-primera-actriz-silvia-pinal-se-encuentra-en-terapia-intensiva\\\/#breadcrumb\",\"itemListElement\":[{\"@type\":\"ListItem\",\"position\":1,\"name\":\"Inicio\",\"item\":\"https:\\\/\\\/fuentesfidedignas.com.mx\\\/\"},{\"@type\":\"ListItem\",\"position\":2,\"name\":\"Reportan que la primera actriz Silvia Pinal se encuentra en terapia intensiva\"}]},{\"@type\":\"WebSite\",\"@id\":\"https:\\\/\\\/fuentesfidedignas.com.mx\\\/#website\",\"url\":\"https:\\\/\\\/fuentesfidedignas.com.mx\\\/\",\"name\":\"Fuentes Fidedignas\",\"description\":\"Otro sitio realizado con WordPress\",\"publisher\":{\"@id\":\"https:\\\/\\\/fuentesfidedignas.com.mx\\\/#organization\"},\"potentialAction\":[{\"@type\":\"SearchAction\",\"target\":{\"@type\":\"EntryPoint\",\"urlTemplate\":\"https:\\\/\\\/fuentesfidedignas.com.mx\\\/?s={search_term_string}\"},\"query-input\":{\"@type\":\"PropertyValueSpecification\",\"valueRequired\":true,\"valueName\":\"search_term_string\"}}],\"inLanguage\":\"es\"},{\"@type\":\"Organization\",\"@id\":\"https:\\\/\\\/fuentesfidedignas.com.mx\\\/#organization\",\"name\":\"Fuentes Fidedignas\",\"url\":\"https:\\\/\\\/fuentesfidedignas.com.mx\\\/\",\"logo\":{\"@type\":\"ImageObject\",\"inLanguage\":\"es\",\"@id\":\"https:\\\/\\\/fuentesfidedignas.com.mx\\\/#\\\/schema\\\/logo\\\/image\\\/\",\"url\":\"https:\\\/\\\/fuentesfidedignas.com.mx\\\/wp-content\\\/uploads\\\/2021\\\/04\\\/logo-retina.png\",\"contentUrl\":\"https:\\\/\\\/fuentesfidedignas.com.mx\\\/wp-content\\\/uploads\\\/2021\\\/04\\\/logo-retina.png\",\"width\":280,\"height\":51,\"caption\":\"Fuentes Fidedignas\"},\"image\":{\"@id\":\"https:\\\/\\\/fuentesfidedignas.com.mx\\\/#\\\/schema\\\/logo\\\/image\\\/\"},\"sameAs\":[\"https:\\\/\\\/www.facebook.com\\\/Fuentes-Fidedignas-368234489921644\",\"https:\\\/\\\/x.com\\\/fidedignas\"]},{\"@type\":\"Person\",\"@id\":\"https:\\\/\\\/fuentesfidedignas.com.mx\\\/#\\\/schema\\\/person\\\/67d852f0557c8509146a4b9ddebd543a\",\"name\":\"L\u00f3pez D\u00f3riga\",\"image\":{\"@type\":\"ImageObject\",\"inLanguage\":\"es\",\"@id\":\"https:\\\/\\\/secure.gravatar.com\\\/avatar\\\/e525b06574ca18b33cded59dfe5778d6c823b9513154eff47da551b0551bdd1e?s=96&d=mm&r=g\",\"url\":\"https:\\\/\\\/secure.gravatar.com\\\/avatar\\\/e525b06574ca18b33cded59dfe5778d6c823b9513154eff47da551b0551bdd1e?s=96&d=mm&r=g\",\"contentUrl\":\"https:\\\/\\\/secure.gravatar.com\\\/avatar\\\/e525b06574ca18b33cded59dfe5778d6c823b9513154eff47da551b0551bdd1e?s=96&d=mm&r=g\",\"caption\":\"L\u00f3pez D\u00f3riga\"},\"url\":\"https:\\\/\\\/fuentesfidedignas.com.mx\\\/index.php\\\/author\\\/doriga\\\/\"}]}<\/script>\n<!-- \/ Yoast SEO plugin. -->","yoast_head_json":{"title":"Reportan que la primera actriz Silvia Pinal se encuentra en terapia intensiva - Fuentes Fidedignas","robots":{"index":"index","follow":"follow","max-snippet":"max-snippet:-1","max-image-preview":"max-image-preview:large","max-video-preview":"max-video-preview:-1"},"canonical":"https:\/\/fuentesfidedignas.com.mx\/index.php\/2023\/12\/27\/reportan-que-la-primera-actriz-silvia-pinal-se-encuentra-en-terapia-intensiva\/","og_locale":"es_MX","og_type":"article","og_title":"Reportan que la primera actriz Silvia Pinal se encuentra en terapia intensiva - Fuentes Fidedignas","og_description":"De acuerdo con el reporte del periodista de espect\u00e1culos Gustavo Adolfo Infante, la int\u00e9rprete de 92 a\u00f1os ingres\u00f3 a un hospital del sur de la Ciudad de M\u00e9xico el pasado 21 de diciembre Ciudad de M\u00e9xico.- Este martes se report\u00f3 que la primera actriz Silvia Pinal se encuentra en terapia intensiva, pero estable. De acuerdo [&hellip;]","og_url":"https:\/\/fuentesfidedignas.com.mx\/index.php\/2023\/12\/27\/reportan-que-la-primera-actriz-silvia-pinal-se-encuentra-en-terapia-intensiva\/","og_site_name":"Fuentes Fidedignas","article_publisher":"https:\/\/www.facebook.com\/Fuentes-Fidedignas-368234489921644","article_published_time":"2023-12-27T15:48:01+00:00","og_image":[{"width":800,"height":600,"url":"https:\/\/fuentesfidedignas.com.mx\/wp-content\/uploads\/2021\/12\/SILVIA_PINAL.jpg","type":"image\/jpeg"}],"author":"L\u00f3pez D\u00f3riga","twitter_card":"summary_large_image","twitter_creator":"@fidedignas","twitter_site":"@fidedignas","twitter_misc":{"Escrito por":"L\u00f3pez D\u00f3riga","Tiempo de lectura":"2 minutos"},"schema":{"@context":"https:\/\/schema.org","@graph":[{"@type":"Article","@id":"https:\/\/fuentesfidedignas.com.mx\/index.php\/2023\/12\/27\/reportan-que-la-primera-actriz-silvia-pinal-se-encuentra-en-terapia-intensiva\/#article","isPartOf":{"@id":"https:\/\/fuentesfidedignas.com.mx\/index.php\/2023\/12\/27\/reportan-que-la-primera-actriz-silvia-pinal-se-encuentra-en-terapia-intensiva\/"},"author":{"name":"L\u00f3pez D\u00f3riga","@id":"https:\/\/fuentesfidedignas.com.mx\/#\/schema\/person\/67d852f0557c8509146a4b9ddebd543a"},"headline":"Reportan que la primera actriz Silvia Pinal se encuentra en terapia intensiva","datePublished":"2023-12-27T15:48:01+00:00","mainEntityOfPage":{"@id":"https:\/\/fuentesfidedignas.com.mx\/index.php\/2023\/12\/27\/reportan-que-la-primera-actriz-silvia-pinal-se-encuentra-en-terapia-intensiva\/"},"wordCount":393,"commentCount":0,"publisher":{"@id":"https:\/\/fuentesfidedignas.com.mx\/#organization"},"image":{"@id":"https:\/\/fuentesfidedignas.com.mx\/index.php\/2023\/12\/27\/reportan-que-la-primera-actriz-silvia-pinal-se-encuentra-en-terapia-intensiva\/#primaryimage"},"thumbnailUrl":"https:\/\/fuentesfidedignas.com.mx\/wp-content\/uploads\/2021\/12\/SILVIA_PINAL.jpg","articleSection":["NOTICIAS NACIONALES"],"inLanguage":"es","potentialAction":[{"@type":"CommentAction","name":"Comment","target":["https:\/\/fuentesfidedignas.com.mx\/index.php\/2023\/12\/27\/reportan-que-la-primera-actriz-silvia-pinal-se-encuentra-en-terapia-intensiva\/#respond"]}]},{"@type":"WebPage","@id":"https:\/\/fuentesfidedignas.com.mx\/index.php\/2023\/12\/27\/reportan-que-la-primera-actriz-silvia-pinal-se-encuentra-en-terapia-intensiva\/","url":"https:\/\/fuentesfidedignas.com.mx\/index.php\/2023\/12\/27\/reportan-que-la-primera-actriz-silvia-pinal-se-encuentra-en-terapia-intensiva\/","name":"Reportan que la primera actriz Silvia Pinal se encuentra en terapia intensiva - Fuentes Fidedignas","isPartOf":{"@id":"https:\/\/fuentesfidedignas.com.mx\/#website"},"primaryImageOfPage":{"@id":"https:\/\/fuentesfidedignas.com.mx\/index.php\/2023\/12\/27\/reportan-que-la-primera-actriz-silvia-pinal-se-encuentra-en-terapia-intensiva\/#primaryimage"},"image":{"@id":"https:\/\/fuentesfidedignas.com.mx\/index.php\/2023\/12\/27\/reportan-que-la-primera-actriz-silvia-pinal-se-encuentra-en-terapia-intensiva\/#primaryimage"},"thumbnailUrl":"https:\/\/fuentesfidedignas.com.mx\/wp-content\/uploads\/2021\/12\/SILVIA_PINAL.jpg","datePublished":"2023-12-27T15:48:01+00:00","breadcrumb":{"@id":"https:\/\/fuentesfidedignas.com.mx\/index.php\/2023\/12\/27\/reportan-que-la-primera-actriz-silvia-pinal-se-encuentra-en-terapia-intensiva\/#breadcrumb"},"inLanguage":"es","potentialAction":[{"@type":"ReadAction","target":["https:\/\/fuentesfidedignas.com.mx\/index.php\/2023\/12\/27\/reportan-que-la-primera-actriz-silvia-pinal-se-encuentra-en-terapia-intensiva\/"]}]},{"@type":"ImageObject","inLanguage":"es","@id":"https:\/\/fuentesfidedignas.com.mx\/index.php\/2023\/12\/27\/reportan-que-la-primera-actriz-silvia-pinal-se-encuentra-en-terapia-intensiva\/#primaryimage","url":"https:\/\/fuentesfidedignas.com.mx\/wp-content\/uploads\/2021\/12\/SILVIA_PINAL.jpg","contentUrl":"https:\/\/fuentesfidedignas.com.mx\/wp-content\/uploads\/2021\/12\/SILVIA_PINAL.jpg","width":800,"height":600},{"@type":"BreadcrumbList","@id":"https:\/\/fuentesfidedignas.com.mx\/index.php\/2023\/12\/27\/reportan-que-la-primera-actriz-silvia-pinal-se-encuentra-en-terapia-intensiva\/#breadcrumb","itemListElement":[{"@type":"ListItem","position":1,"name":"Inicio","item":"https:\/\/fuentesfidedignas.com.mx\/"},{"@type":"ListItem","position":2,"name":"Reportan que la primera actriz Silvia Pinal se encuentra en terapia intensiva"}]},{"@type":"WebSite","@id":"https:\/\/fuentesfidedignas.com.mx\/#website","url":"https:\/\/fuentesfidedignas.com.mx\/","name":"Fuentes Fidedignas","description":"Otro sitio realizado con WordPress","publisher":{"@id":"https:\/\/fuentesfidedignas.com.mx\/#organization"},"potentialAction":[{"@type":"SearchAction","target":{"@type":"EntryPoint","urlTemplate":"https:\/\/fuentesfidedignas.com.mx\/?s={search_term_string}"},"query-input":{"@type":"PropertyValueSpecification","valueRequired":true,"valueName":"search_term_string"}}],"inLanguage":"es"},{"@type":"Organization","@id":"https:\/\/fuentesfidedignas.com.mx\/#organization","name":"Fuentes Fidedignas","url":"https:\/\/fuentesfidedignas.com.mx\/","logo":{"@type":"ImageObject","inLanguage":"es","@id":"https:\/\/fuentesfidedignas.com.mx\/#\/schema\/logo\/image\/","url":"https:\/\/fuentesfidedignas.com.mx\/wp-content\/uploads\/2021\/04\/logo-retina.png","contentUrl":"https:\/\/fuentesfidedignas.com.mx\/wp-content\/uploads\/2021\/04\/logo-retina.png","width":280,"height":51,"caption":"Fuentes Fidedignas"},"image":{"@id":"https:\/\/fuentesfidedignas.com.mx\/#\/schema\/logo\/image\/"},"sameAs":["https:\/\/www.facebook.com\/Fuentes-Fidedignas-368234489921644","https:\/\/x.com\/fidedignas"]},{"@type":"Person","@id":"https:\/\/fuentesfidedignas.com.mx\/#\/schema\/person\/67d852f0557c8509146a4b9ddebd543a","name":"L\u00f3pez D\u00f3riga","image":{"@type":"ImageObject","inLanguage":"es","@id":"https:\/\/secure.gravatar.com\/avatar\/e525b06574ca18b33cded59dfe5778d6c823b9513154eff47da551b0551bdd1e?s=96&d=mm&r=g","url":"https:\/\/secure.gravatar.com\/avatar\/e525b06574ca18b33cded59dfe5778d6c823b9513154eff47da551b0551bdd1e?s=96&d=mm&r=g","contentUrl":"https:\/\/secure.gravatar.com\/avatar\/e525b06574ca18b33cded59dfe5778d6c823b9513154eff47da551b0551bdd1e?s=96&d=mm&r=g","caption":"L\u00f3pez D\u00f3riga"},"url":"https:\/\/fuentesfidedignas.com.mx\/index.php\/author\/doriga\/"}]}},"_links":{"self":[{"href":"https:\/\/fuentesfidedignas.com.mx\/index.php\/wp-json\/wp\/v2\/posts\/69384","targetHints":{"allow":["GET"]}}],"collection":[{"href":"https:\/\/fuentesfidedignas.com.mx\/index.php\/wp-json\/wp\/v2\/posts"}],"about":[{"href":"https:\/\/fuentesfidedignas.com.mx\/index.php\/wp-json\/wp\/v2\/types\/post"}],"author":[{"embeddable":true,"href":"https:\/\/fuentesfidedignas.com.mx\/index.php\/wp-json\/wp\/v2\/users\/47"}],"replies":[{"embeddable":true,"href":"https:\/\/fuentesfidedignas.com.mx\/index.php\/wp-json\/wp\/v2\/comments?post=69384"}],"version-history":[{"count":1,"href":"https:\/\/fuentesfidedignas.com.mx\/index.php\/wp-json\/wp\/v2\/posts\/69384\/revisions"}],"predecessor-version":[{"id":69385,"href":"https:\/\/fuentesfidedignas.com.mx\/index.php\/wp-json\/wp\/v2\/posts\/69384\/revisions\/69385"}],"wp:featuredmedia":[{"embeddable":true,"href":"https:\/\/fuentesfidedignas.com.mx\/index.php\/wp-json\/wp\/v2\/media\/20447"}],"wp:attachment":[{"href":"https:\/\/fuentesfidedignas.com.mx\/index.php\/wp-json\/wp\/v2\/media?parent=69384"}],"wp:term":[{"taxonomy":"category","embeddable":true,"href":"https:\/\/fuentesfidedignas.com.mx\/index.php\/wp-json\/wp\/v2\/categories?post=69384"},{"taxonomy":"post_tag","embeddable":true,"href":"https:\/\/fuentesfidedignas.com.mx\/index.php\/wp-json\/wp\/v2\/tags?post=69384"}],"curies":[{"name":"wp","href":"https:\/\/api.w.org\/{rel}","templated":true}]}}