{"id":69363,"date":"2023-12-26T19:09:51","date_gmt":"2023-12-27T02:09:51","guid":{"rendered":"https:\/\/fuentesfidedignas.com.mx\/?p=69363"},"modified":"2023-12-26T19:09:51","modified_gmt":"2023-12-27T02:09:51","slug":"estas-fueron-las-condiciones-que-el-chapo-guzman-puso-para-aceptar-ir-a-prision","status":"publish","type":"post","link":"https:\/\/fuentesfidedignas.com.mx\/index.php\/2023\/12\/26\/estas-fueron-las-condiciones-que-el-chapo-guzman-puso-para-aceptar-ir-a-prision\/","title":{"rendered":"\u00c9stas fueron las condiciones que \u2018El Chapo\u2019 Guzm\u00e1n puso para aceptar ir a prisi\u00f3n"},"content":{"rendered":"\n<p><strong><em>El Chapo Guzm\u00e1n pas\u00f3 de ser \u201cel rey de la prisi\u00f3n\u201d a denunciar actos de \u201ctortura f\u00edsica y mental\u201d en su contra por autoridades de la c\u00e1rcel de ADX Florence<\/em><\/strong><\/p>\n\n\n\n<p>Ciudad de M\u00e9xico.- Desde su primer arresto en 1993 la vida de\u00a0Joaqu\u00edn EL Chapo Guzm\u00e1n\u00a0ha cambiado de manera considerable: ya no est\u00e1 recluido en una prisi\u00f3n de m\u00e1xima seguridad mexicana d\u00f3nde se presum\u00eda viv\u00eda una vida de lujos, ahora est\u00e1 cumpliendo una\u00a0condena perpetua\u00a0en Estados Unidos bajo condiciones similares a quienes son acusados de terrorismo.<\/p>\n\n\n\n<p>La prisi\u00f3n de ADX Florence, en Colorado, fue la elegida para la reclusi\u00f3n del narco mexicano, de quienes sus abogados han se\u00f1alado que \u201cno se respetan sus derechos humanos\u201d y es v\u00edctima de un trato \u201ccruel e injusto\u201d.<\/p>\n\n\n\n<p>Conviene recordar que la prisi\u00f3n de ADX Florence cuenta con normativas SAN (Special Administration Mesure), las cuales se implementaron despu\u00e9s de los ataques a las torres gemelas para albergar a las personas condenas por terrorismo y que decidieron aplicar a El Chapo Guzm\u00e1n debido a sus dos fugas de c\u00e1rceles de M\u00e9xico y el \u201criesgo de que se volviera a escapar de una prisi\u00f3n americana\u201d, detall\u00f3 su abogada Mariel Col\u00f3n.<\/p>\n\n\n\n<p>Sin embargo, tres d\u00e9cadas atr\u00e1s, cuando a El Chapo Guzm\u00e1n lo \u201cconfundieron\u201d con un narco colombiano (Alexander Lorenzana Cord\u00f3n) en Guatemala y lo arrestaron -dos semanas despu\u00e9s del asesinato del cardenal Juan Jes\u00fas Posadas Ocampo-, se atrevi\u00f3 a pactar con quien se convertir\u00eda en uno de los hombres m\u00e1s poderosos de M\u00e9xico las condiciones a cambio de las cuales aceptar\u00eda ir a la c\u00e1rcel.<\/p>\n\n\n\n<h2 class=\"wp-block-heading\">Garc\u00eda Luna y El Chapo Guzm\u00e1n<\/h2>\n\n\n\n<p>Un excolaborador de D\u00e1maso L\u00f3pez N\u00fa\u00f1ez identificado como Jos\u00e9 Luis Reyna narr\u00f3 al periodista Jes\u00fas Lemus que El Chapo Guzm\u00e1n puso seis condiciones a Genaro Garc\u00eda Luna, entonces coordinador general de contrainteligencia del Centro de Investigaci\u00f3n Nacional (Cisen), a cambio de aceptar su traslado a una c\u00e1rcel de m\u00e1xima seguridad tras su arresto en Guatemala.<\/p>\n\n\n\n<p>La primera condici\u00f3n -que Garc\u00eda Luna no pudo cumplir, al menos de inmediato- fue que al l\u00edder del C\u00e1rtel de Sinaloa lo mandaran al penal de Puente Grande, Jalisco, a donde finalmente lo trasladaron en 1995 y de donde se fug\u00f3 el 18 de enero de 2001.<\/p>\n\n\n\n<p>Al Chapo Guzm\u00e1n le preocupaba su protecci\u00f3n dentro de la c\u00e1rcel, por ello adem\u00e1s de pagar dos millones de d\u00f3lares para que nadie le hiciera da\u00f1o tras las rejas, habr\u00eda acordado el pago mensual de 100 mil d\u00f3lares repartidos entre personal del Cisen, de la Procuradur\u00eda General de la Rep\u00fablica (PGR) y de la direcci\u00f3n del penal.<\/p>\n\n\n\n<p>Tambi\u00e9n pidi\u00f3 una \u00e1rea de protecci\u00f3n donde su vida no corriera peligro y comunicaci\u00f3n constante con el exterior, pues junto a Rafael Caro Quintero -detenido desde 1985 hasta 2013 por el asesinato de Enrique Camarena- e Ismael El Mayo Zambada, El Chapo Guzm\u00e1n segu\u00eda dirigiendo las operaciones del C\u00e1rtel de Sinaloa.<\/p>\n\n\n\n<h2 class=\"wp-block-heading\">El Chapo Guzm\u00e1n, de lujos a la \u201ctortura\u201d<\/h2>\n\n\n\n<p>Las otras condiciones que se presume Guzm\u00e1n Loera pidi\u00f3 a Garc\u00eda Luna y Luis C\u00e1rdenas Palominos durante los interrogatorios en los separos de la Polic\u00eda Federal Preventiva (PFP) eran tener una celda para \u00e9l solo, un televisor y la elecci\u00f3n de los custodios que lo vigilar\u00edan.<\/p>\n\n\n\n<p>En su libro El \u00faltimo Narco, el periodista Malcolm Beith narr\u00f3 como El Chapo Guzm\u00e1n se mov\u00eda con libertad al interior del penal de Puente Grande, contaba con un tel\u00e9fono personal, nunca estaba esposado y celebraba fiestas con alcohol, mujeres (prostitutas, enfermeras o empleadas del penal), m\u00fasica y drogas. Era \u201cel rey de la c\u00e1rcel\u201d.<\/p>\n\n\n\n<p>Beith asegura que en una navidad El Chapo Guzm\u00e1n mand\u00f3 a pedir 500 litros de vino y langosta para celebrar a lo grande desde el interior de la c\u00e1rcel de m\u00e1xima seguridad.<\/p>\n\n\n\n<p>Las cosas para El Chapo Guzm\u00e1n cambiaron con su extradici\u00f3n a Estados Unidos en enero de 2017 -despu\u00e9s de dos fugas y 10 a\u00f1os en prisi\u00f3n-, donde fue recluido en el Centro Correccional Metropolitano de Nueva York y despu\u00e9s de su juicio enviado a ADX Florence, donde en 2021 denunci\u00f3 ser v\u00edctima de \u201ctortura f\u00edsica y mental\u201d.<\/p>\n\n\n\n<p>Los d\u00edas de El Chapo Guzm\u00e1n se reducen a una celda de dos metros de ancho por 3.5 de largo; s\u00f3lo sale dos horas a la semana a un patio de nueve metros cuadrados donde siempre est\u00e1 acompa\u00f1ado por guardias. Es todo el aire que puede tomar el otrora l\u00edder del C\u00e1rtel de Sinaloa y \u201cRey de Puente Grande\u201d.<\/p>\n","protected":false},"excerpt":{"rendered":"<p>El Chapo Guzm\u00e1n pas\u00f3 de ser \u201cel rey de la prisi\u00f3n\u201d a denunciar actos de \u201ctortura f\u00edsica y mental\u201d en su contra por autoridades de la c\u00e1rcel de ADX Florence Ciudad de M\u00e9xico.- Desde su primer arresto en 1993 la vida de\u00a0Joaqu\u00edn EL Chapo Guzm\u00e1n\u00a0ha cambiado de manera considerable: ya no est\u00e1 recluido en una [&hellip;]<\/p>\n","protected":false},"author":41,"featured_media":22569,"comment_status":"open","ping_status":"open","sticky":false,"template":"","format":"standard","meta":{"tdm_status":"","tdm_grid_status":"","footnotes":""},"categories":[39],"tags":[],"class_list":{"0":"post-69363","1":"post","2":"type-post","3":"status-publish","4":"format-standard","5":"has-post-thumbnail","7":"category-noticias-nacionales"},"yoast_head":"<!-- This site is optimized with the Yoast SEO plugin v27.4 - https:\/\/yoast.com\/product\/yoast-seo-wordpress\/ -->\n<title>\u00c9stas fueron las condiciones que \u2018El Chapo\u2019 Guzm\u00e1n puso para aceptar ir a prisi\u00f3n - Fuentes Fidedignas<\/title>\n<meta name=\"robots\" content=\"index, follow, max-snippet:-1, max-image-preview:large, max-video-preview:-1\" \/>\n<link rel=\"canonical\" href=\"https:\/\/fuentesfidedignas.com.mx\/index.php\/2023\/12\/26\/estas-fueron-las-condiciones-que-el-chapo-guzman-puso-para-aceptar-ir-a-prision\/\" \/>\n<meta property=\"og:locale\" content=\"es_MX\" \/>\n<meta property=\"og:type\" content=\"article\" \/>\n<meta property=\"og:title\" content=\"\u00c9stas fueron las condiciones que \u2018El Chapo\u2019 Guzm\u00e1n puso para aceptar ir a prisi\u00f3n - Fuentes Fidedignas\" \/>\n<meta property=\"og:description\" content=\"El Chapo Guzm\u00e1n pas\u00f3 de ser \u201cel rey de la prisi\u00f3n\u201d a denunciar actos de \u201ctortura f\u00edsica y mental\u201d en su contra por autoridades de la c\u00e1rcel de ADX Florence Ciudad de M\u00e9xico.- Desde su primer arresto en 1993 la vida de\u00a0Joaqu\u00edn EL Chapo Guzm\u00e1n\u00a0ha cambiado de manera considerable: ya no est\u00e1 recluido en una [&hellip;]\" \/>\n<meta property=\"og:url\" content=\"https:\/\/fuentesfidedignas.com.mx\/index.php\/2023\/12\/26\/estas-fueron-las-condiciones-que-el-chapo-guzman-puso-para-aceptar-ir-a-prision\/\" \/>\n<meta property=\"og:site_name\" content=\"Fuentes Fidedignas\" \/>\n<meta property=\"article:publisher\" content=\"https:\/\/www.facebook.com\/Fuentes-Fidedignas-368234489921644\" \/>\n<meta property=\"article:published_time\" content=\"2023-12-27T02:09:51+00:00\" \/>\n<meta property=\"og:image\" content=\"https:\/\/fuentesfidedignas.com.mx\/wp-content\/uploads\/2022\/01\/CHAPO.jpg\" \/>\n\t<meta property=\"og:image:width\" content=\"800\" \/>\n\t<meta property=\"og:image:height\" content=\"600\" \/>\n\t<meta property=\"og:image:type\" content=\"image\/jpeg\" \/>\n<meta name=\"author\" content=\"Infobae\" \/>\n<meta name=\"twitter:card\" content=\"summary_large_image\" \/>\n<meta name=\"twitter:creator\" content=\"@fidedignas\" \/>\n<meta name=\"twitter:site\" content=\"@fidedignas\" \/>\n<meta name=\"twitter:label1\" content=\"Escrito por\" \/>\n\t<meta name=\"twitter:data1\" content=\"Infobae\" \/>\n\t<meta name=\"twitter:label2\" content=\"Tiempo de lectura\" \/>\n\t<meta name=\"twitter:data2\" content=\"4 minutos\" \/>\n<script type=\"application\/ld+json\" class=\"yoast-schema-graph\">{\"@context\":\"https:\\\/\\\/schema.org\",\"@graph\":[{\"@type\":\"Article\",\"@id\":\"https:\\\/\\\/fuentesfidedignas.com.mx\\\/index.php\\\/2023\\\/12\\\/26\\\/estas-fueron-las-condiciones-que-el-chapo-guzman-puso-para-aceptar-ir-a-prision\\\/#article\",\"isPartOf\":{\"@id\":\"https:\\\/\\\/fuentesfidedignas.com.mx\\\/index.php\\\/2023\\\/12\\\/26\\\/estas-fueron-las-condiciones-que-el-chapo-guzman-puso-para-aceptar-ir-a-prision\\\/\"},\"author\":{\"name\":\"Infobae\",\"@id\":\"https:\\\/\\\/fuentesfidedignas.com.mx\\\/#\\\/schema\\\/person\\\/8575896a7c1067d352f6c1cd6582c389\"},\"headline\":\"\u00c9stas fueron las condiciones que \u2018El Chapo\u2019 Guzm\u00e1n puso para aceptar ir a prisi\u00f3n\",\"datePublished\":\"2023-12-27T02:09:51+00:00\",\"mainEntityOfPage\":{\"@id\":\"https:\\\/\\\/fuentesfidedignas.com.mx\\\/index.php\\\/2023\\\/12\\\/26\\\/estas-fueron-las-condiciones-que-el-chapo-guzman-puso-para-aceptar-ir-a-prision\\\/\"},\"wordCount\":833,\"commentCount\":0,\"publisher\":{\"@id\":\"https:\\\/\\\/fuentesfidedignas.com.mx\\\/#organization\"},\"image\":{\"@id\":\"https:\\\/\\\/fuentesfidedignas.com.mx\\\/index.php\\\/2023\\\/12\\\/26\\\/estas-fueron-las-condiciones-que-el-chapo-guzman-puso-para-aceptar-ir-a-prision\\\/#primaryimage\"},\"thumbnailUrl\":\"https:\\\/\\\/fuentesfidedignas.com.mx\\\/wp-content\\\/uploads\\\/2022\\\/01\\\/CHAPO.jpg\",\"articleSection\":[\"NOTICIAS NACIONALES\"],\"inLanguage\":\"es\",\"potentialAction\":[{\"@type\":\"CommentAction\",\"name\":\"Comment\",\"target\":[\"https:\\\/\\\/fuentesfidedignas.com.mx\\\/index.php\\\/2023\\\/12\\\/26\\\/estas-fueron-las-condiciones-que-el-chapo-guzman-puso-para-aceptar-ir-a-prision\\\/#respond\"]}]},{\"@type\":\"WebPage\",\"@id\":\"https:\\\/\\\/fuentesfidedignas.com.mx\\\/index.php\\\/2023\\\/12\\\/26\\\/estas-fueron-las-condiciones-que-el-chapo-guzman-puso-para-aceptar-ir-a-prision\\\/\",\"url\":\"https:\\\/\\\/fuentesfidedignas.com.mx\\\/index.php\\\/2023\\\/12\\\/26\\\/estas-fueron-las-condiciones-que-el-chapo-guzman-puso-para-aceptar-ir-a-prision\\\/\",\"name\":\"\u00c9stas fueron las condiciones que \u2018El Chapo\u2019 Guzm\u00e1n puso para aceptar ir a prisi\u00f3n - Fuentes Fidedignas\",\"isPartOf\":{\"@id\":\"https:\\\/\\\/fuentesfidedignas.com.mx\\\/#website\"},\"primaryImageOfPage\":{\"@id\":\"https:\\\/\\\/fuentesfidedignas.com.mx\\\/index.php\\\/2023\\\/12\\\/26\\\/estas-fueron-las-condiciones-que-el-chapo-guzman-puso-para-aceptar-ir-a-prision\\\/#primaryimage\"},\"image\":{\"@id\":\"https:\\\/\\\/fuentesfidedignas.com.mx\\\/index.php\\\/2023\\\/12\\\/26\\\/estas-fueron-las-condiciones-que-el-chapo-guzman-puso-para-aceptar-ir-a-prision\\\/#primaryimage\"},\"thumbnailUrl\":\"https:\\\/\\\/fuentesfidedignas.com.mx\\\/wp-content\\\/uploads\\\/2022\\\/01\\\/CHAPO.jpg\",\"datePublished\":\"2023-12-27T02:09:51+00:00\",\"breadcrumb\":{\"@id\":\"https:\\\/\\\/fuentesfidedignas.com.mx\\\/index.php\\\/2023\\\/12\\\/26\\\/estas-fueron-las-condiciones-que-el-chapo-guzman-puso-para-aceptar-ir-a-prision\\\/#breadcrumb\"},\"inLanguage\":\"es\",\"potentialAction\":[{\"@type\":\"ReadAction\",\"target\":[\"https:\\\/\\\/fuentesfidedignas.com.mx\\\/index.php\\\/2023\\\/12\\\/26\\\/estas-fueron-las-condiciones-que-el-chapo-guzman-puso-para-aceptar-ir-a-prision\\\/\"]}]},{\"@type\":\"ImageObject\",\"inLanguage\":\"es\",\"@id\":\"https:\\\/\\\/fuentesfidedignas.com.mx\\\/index.php\\\/2023\\\/12\\\/26\\\/estas-fueron-las-condiciones-que-el-chapo-guzman-puso-para-aceptar-ir-a-prision\\\/#primaryimage\",\"url\":\"https:\\\/\\\/fuentesfidedignas.com.mx\\\/wp-content\\\/uploads\\\/2022\\\/01\\\/CHAPO.jpg\",\"contentUrl\":\"https:\\\/\\\/fuentesfidedignas.com.mx\\\/wp-content\\\/uploads\\\/2022\\\/01\\\/CHAPO.jpg\",\"width\":800,\"height\":600},{\"@type\":\"BreadcrumbList\",\"@id\":\"https:\\\/\\\/fuentesfidedignas.com.mx\\\/index.php\\\/2023\\\/12\\\/26\\\/estas-fueron-las-condiciones-que-el-chapo-guzman-puso-para-aceptar-ir-a-prision\\\/#breadcrumb\",\"itemListElement\":[{\"@type\":\"ListItem\",\"position\":1,\"name\":\"Inicio\",\"item\":\"https:\\\/\\\/fuentesfidedignas.com.mx\\\/\"},{\"@type\":\"ListItem\",\"position\":2,\"name\":\"\u00c9stas fueron las condiciones que \u2018El Chapo\u2019 Guzm\u00e1n puso para aceptar ir a prisi\u00f3n\"}]},{\"@type\":\"WebSite\",\"@id\":\"https:\\\/\\\/fuentesfidedignas.com.mx\\\/#website\",\"url\":\"https:\\\/\\\/fuentesfidedignas.com.mx\\\/\",\"name\":\"Fuentes Fidedignas\",\"description\":\"Otro sitio realizado con WordPress\",\"publisher\":{\"@id\":\"https:\\\/\\\/fuentesfidedignas.com.mx\\\/#organization\"},\"potentialAction\":[{\"@type\":\"SearchAction\",\"target\":{\"@type\":\"EntryPoint\",\"urlTemplate\":\"https:\\\/\\\/fuentesfidedignas.com.mx\\\/?s={search_term_string}\"},\"query-input\":{\"@type\":\"PropertyValueSpecification\",\"valueRequired\":true,\"valueName\":\"search_term_string\"}}],\"inLanguage\":\"es\"},{\"@type\":\"Organization\",\"@id\":\"https:\\\/\\\/fuentesfidedignas.com.mx\\\/#organization\",\"name\":\"Fuentes Fidedignas\",\"url\":\"https:\\\/\\\/fuentesfidedignas.com.mx\\\/\",\"logo\":{\"@type\":\"ImageObject\",\"inLanguage\":\"es\",\"@id\":\"https:\\\/\\\/fuentesfidedignas.com.mx\\\/#\\\/schema\\\/logo\\\/image\\\/\",\"url\":\"https:\\\/\\\/fuentesfidedignas.com.mx\\\/wp-content\\\/uploads\\\/2021\\\/04\\\/logo-retina.png\",\"contentUrl\":\"https:\\\/\\\/fuentesfidedignas.com.mx\\\/wp-content\\\/uploads\\\/2021\\\/04\\\/logo-retina.png\",\"width\":280,\"height\":51,\"caption\":\"Fuentes Fidedignas\"},\"image\":{\"@id\":\"https:\\\/\\\/fuentesfidedignas.com.mx\\\/#\\\/schema\\\/logo\\\/image\\\/\"},\"sameAs\":[\"https:\\\/\\\/www.facebook.com\\\/Fuentes-Fidedignas-368234489921644\",\"https:\\\/\\\/x.com\\\/fidedignas\"]},{\"@type\":\"Person\",\"@id\":\"https:\\\/\\\/fuentesfidedignas.com.mx\\\/#\\\/schema\\\/person\\\/8575896a7c1067d352f6c1cd6582c389\",\"name\":\"Infobae\",\"image\":{\"@type\":\"ImageObject\",\"inLanguage\":\"es\",\"@id\":\"https:\\\/\\\/secure.gravatar.com\\\/avatar\\\/e4ec95706f8d1670343f6526fdcec45474bab17475a851434a64ca12b5acba1c?s=96&d=mm&r=g\",\"url\":\"https:\\\/\\\/secure.gravatar.com\\\/avatar\\\/e4ec95706f8d1670343f6526fdcec45474bab17475a851434a64ca12b5acba1c?s=96&d=mm&r=g\",\"contentUrl\":\"https:\\\/\\\/secure.gravatar.com\\\/avatar\\\/e4ec95706f8d1670343f6526fdcec45474bab17475a851434a64ca12b5acba1c?s=96&d=mm&r=g\",\"caption\":\"Infobae\"},\"url\":\"https:\\\/\\\/fuentesfidedignas.com.mx\\\/index.php\\\/author\\\/infobae\\\/\"}]}<\/script>\n<!-- \/ Yoast SEO plugin. -->","yoast_head_json":{"title":"\u00c9stas fueron las condiciones que \u2018El Chapo\u2019 Guzm\u00e1n puso para aceptar ir a prisi\u00f3n - Fuentes Fidedignas","robots":{"index":"index","follow":"follow","max-snippet":"max-snippet:-1","max-image-preview":"max-image-preview:large","max-video-preview":"max-video-preview:-1"},"canonical":"https:\/\/fuentesfidedignas.com.mx\/index.php\/2023\/12\/26\/estas-fueron-las-condiciones-que-el-chapo-guzman-puso-para-aceptar-ir-a-prision\/","og_locale":"es_MX","og_type":"article","og_title":"\u00c9stas fueron las condiciones que \u2018El Chapo\u2019 Guzm\u00e1n puso para aceptar ir a prisi\u00f3n - Fuentes Fidedignas","og_description":"El Chapo Guzm\u00e1n pas\u00f3 de ser \u201cel rey de la prisi\u00f3n\u201d a denunciar actos de \u201ctortura f\u00edsica y mental\u201d en su contra por autoridades de la c\u00e1rcel de ADX Florence Ciudad de M\u00e9xico.- Desde su primer arresto en 1993 la vida de\u00a0Joaqu\u00edn EL Chapo Guzm\u00e1n\u00a0ha cambiado de manera considerable: ya no est\u00e1 recluido en una [&hellip;]","og_url":"https:\/\/fuentesfidedignas.com.mx\/index.php\/2023\/12\/26\/estas-fueron-las-condiciones-que-el-chapo-guzman-puso-para-aceptar-ir-a-prision\/","og_site_name":"Fuentes Fidedignas","article_publisher":"https:\/\/www.facebook.com\/Fuentes-Fidedignas-368234489921644","article_published_time":"2023-12-27T02:09:51+00:00","og_image":[{"width":800,"height":600,"url":"https:\/\/fuentesfidedignas.com.mx\/wp-content\/uploads\/2022\/01\/CHAPO.jpg","type":"image\/jpeg"}],"author":"Infobae","twitter_card":"summary_large_image","twitter_creator":"@fidedignas","twitter_site":"@fidedignas","twitter_misc":{"Escrito por":"Infobae","Tiempo de lectura":"4 minutos"},"schema":{"@context":"https:\/\/schema.org","@graph":[{"@type":"Article","@id":"https:\/\/fuentesfidedignas.com.mx\/index.php\/2023\/12\/26\/estas-fueron-las-condiciones-que-el-chapo-guzman-puso-para-aceptar-ir-a-prision\/#article","isPartOf":{"@id":"https:\/\/fuentesfidedignas.com.mx\/index.php\/2023\/12\/26\/estas-fueron-las-condiciones-que-el-chapo-guzman-puso-para-aceptar-ir-a-prision\/"},"author":{"name":"Infobae","@id":"https:\/\/fuentesfidedignas.com.mx\/#\/schema\/person\/8575896a7c1067d352f6c1cd6582c389"},"headline":"\u00c9stas fueron las condiciones que \u2018El Chapo\u2019 Guzm\u00e1n puso para aceptar ir a prisi\u00f3n","datePublished":"2023-12-27T02:09:51+00:00","mainEntityOfPage":{"@id":"https:\/\/fuentesfidedignas.com.mx\/index.php\/2023\/12\/26\/estas-fueron-las-condiciones-que-el-chapo-guzman-puso-para-aceptar-ir-a-prision\/"},"wordCount":833,"commentCount":0,"publisher":{"@id":"https:\/\/fuentesfidedignas.com.mx\/#organization"},"image":{"@id":"https:\/\/fuentesfidedignas.com.mx\/index.php\/2023\/12\/26\/estas-fueron-las-condiciones-que-el-chapo-guzman-puso-para-aceptar-ir-a-prision\/#primaryimage"},"thumbnailUrl":"https:\/\/fuentesfidedignas.com.mx\/wp-content\/uploads\/2022\/01\/CHAPO.jpg","articleSection":["NOTICIAS NACIONALES"],"inLanguage":"es","potentialAction":[{"@type":"CommentAction","name":"Comment","target":["https:\/\/fuentesfidedignas.com.mx\/index.php\/2023\/12\/26\/estas-fueron-las-condiciones-que-el-chapo-guzman-puso-para-aceptar-ir-a-prision\/#respond"]}]},{"@type":"WebPage","@id":"https:\/\/fuentesfidedignas.com.mx\/index.php\/2023\/12\/26\/estas-fueron-las-condiciones-que-el-chapo-guzman-puso-para-aceptar-ir-a-prision\/","url":"https:\/\/fuentesfidedignas.com.mx\/index.php\/2023\/12\/26\/estas-fueron-las-condiciones-que-el-chapo-guzman-puso-para-aceptar-ir-a-prision\/","name":"\u00c9stas fueron las condiciones que \u2018El Chapo\u2019 Guzm\u00e1n puso para aceptar ir a prisi\u00f3n - Fuentes Fidedignas","isPartOf":{"@id":"https:\/\/fuentesfidedignas.com.mx\/#website"},"primaryImageOfPage":{"@id":"https:\/\/fuentesfidedignas.com.mx\/index.php\/2023\/12\/26\/estas-fueron-las-condiciones-que-el-chapo-guzman-puso-para-aceptar-ir-a-prision\/#primaryimage"},"image":{"@id":"https:\/\/fuentesfidedignas.com.mx\/index.php\/2023\/12\/26\/estas-fueron-las-condiciones-que-el-chapo-guzman-puso-para-aceptar-ir-a-prision\/#primaryimage"},"thumbnailUrl":"https:\/\/fuentesfidedignas.com.mx\/wp-content\/uploads\/2022\/01\/CHAPO.jpg","datePublished":"2023-12-27T02:09:51+00:00","breadcrumb":{"@id":"https:\/\/fuentesfidedignas.com.mx\/index.php\/2023\/12\/26\/estas-fueron-las-condiciones-que-el-chapo-guzman-puso-para-aceptar-ir-a-prision\/#breadcrumb"},"inLanguage":"es","potentialAction":[{"@type":"ReadAction","target":["https:\/\/fuentesfidedignas.com.mx\/index.php\/2023\/12\/26\/estas-fueron-las-condiciones-que-el-chapo-guzman-puso-para-aceptar-ir-a-prision\/"]}]},{"@type":"ImageObject","inLanguage":"es","@id":"https:\/\/fuentesfidedignas.com.mx\/index.php\/2023\/12\/26\/estas-fueron-las-condiciones-que-el-chapo-guzman-puso-para-aceptar-ir-a-prision\/#primaryimage","url":"https:\/\/fuentesfidedignas.com.mx\/wp-content\/uploads\/2022\/01\/CHAPO.jpg","contentUrl":"https:\/\/fuentesfidedignas.com.mx\/wp-content\/uploads\/2022\/01\/CHAPO.jpg","width":800,"height":600},{"@type":"BreadcrumbList","@id":"https:\/\/fuentesfidedignas.com.mx\/index.php\/2023\/12\/26\/estas-fueron-las-condiciones-que-el-chapo-guzman-puso-para-aceptar-ir-a-prision\/#breadcrumb","itemListElement":[{"@type":"ListItem","position":1,"name":"Inicio","item":"https:\/\/fuentesfidedignas.com.mx\/"},{"@type":"ListItem","position":2,"name":"\u00c9stas fueron las condiciones que \u2018El Chapo\u2019 Guzm\u00e1n puso para aceptar ir a prisi\u00f3n"}]},{"@type":"WebSite","@id":"https:\/\/fuentesfidedignas.com.mx\/#website","url":"https:\/\/fuentesfidedignas.com.mx\/","name":"Fuentes Fidedignas","description":"Otro sitio realizado con WordPress","publisher":{"@id":"https:\/\/fuentesfidedignas.com.mx\/#organization"},"potentialAction":[{"@type":"SearchAction","target":{"@type":"EntryPoint","urlTemplate":"https:\/\/fuentesfidedignas.com.mx\/?s={search_term_string}"},"query-input":{"@type":"PropertyValueSpecification","valueRequired":true,"valueName":"search_term_string"}}],"inLanguage":"es"},{"@type":"Organization","@id":"https:\/\/fuentesfidedignas.com.mx\/#organization","name":"Fuentes Fidedignas","url":"https:\/\/fuentesfidedignas.com.mx\/","logo":{"@type":"ImageObject","inLanguage":"es","@id":"https:\/\/fuentesfidedignas.com.mx\/#\/schema\/logo\/image\/","url":"https:\/\/fuentesfidedignas.com.mx\/wp-content\/uploads\/2021\/04\/logo-retina.png","contentUrl":"https:\/\/fuentesfidedignas.com.mx\/wp-content\/uploads\/2021\/04\/logo-retina.png","width":280,"height":51,"caption":"Fuentes Fidedignas"},"image":{"@id":"https:\/\/fuentesfidedignas.com.mx\/#\/schema\/logo\/image\/"},"sameAs":["https:\/\/www.facebook.com\/Fuentes-Fidedignas-368234489921644","https:\/\/x.com\/fidedignas"]},{"@type":"Person","@id":"https:\/\/fuentesfidedignas.com.mx\/#\/schema\/person\/8575896a7c1067d352f6c1cd6582c389","name":"Infobae","image":{"@type":"ImageObject","inLanguage":"es","@id":"https:\/\/secure.gravatar.com\/avatar\/e4ec95706f8d1670343f6526fdcec45474bab17475a851434a64ca12b5acba1c?s=96&d=mm&r=g","url":"https:\/\/secure.gravatar.com\/avatar\/e4ec95706f8d1670343f6526fdcec45474bab17475a851434a64ca12b5acba1c?s=96&d=mm&r=g","contentUrl":"https:\/\/secure.gravatar.com\/avatar\/e4ec95706f8d1670343f6526fdcec45474bab17475a851434a64ca12b5acba1c?s=96&d=mm&r=g","caption":"Infobae"},"url":"https:\/\/fuentesfidedignas.com.mx\/index.php\/author\/infobae\/"}]}},"_links":{"self":[{"href":"https:\/\/fuentesfidedignas.com.mx\/index.php\/wp-json\/wp\/v2\/posts\/69363","targetHints":{"allow":["GET"]}}],"collection":[{"href":"https:\/\/fuentesfidedignas.com.mx\/index.php\/wp-json\/wp\/v2\/posts"}],"about":[{"href":"https:\/\/fuentesfidedignas.com.mx\/index.php\/wp-json\/wp\/v2\/types\/post"}],"author":[{"embeddable":true,"href":"https:\/\/fuentesfidedignas.com.mx\/index.php\/wp-json\/wp\/v2\/users\/41"}],"replies":[{"embeddable":true,"href":"https:\/\/fuentesfidedignas.com.mx\/index.php\/wp-json\/wp\/v2\/comments?post=69363"}],"version-history":[{"count":1,"href":"https:\/\/fuentesfidedignas.com.mx\/index.php\/wp-json\/wp\/v2\/posts\/69363\/revisions"}],"predecessor-version":[{"id":69364,"href":"https:\/\/fuentesfidedignas.com.mx\/index.php\/wp-json\/wp\/v2\/posts\/69363\/revisions\/69364"}],"wp:featuredmedia":[{"embeddable":true,"href":"https:\/\/fuentesfidedignas.com.mx\/index.php\/wp-json\/wp\/v2\/media\/22569"}],"wp:attachment":[{"href":"https:\/\/fuentesfidedignas.com.mx\/index.php\/wp-json\/wp\/v2\/media?parent=69363"}],"wp:term":[{"taxonomy":"category","embeddable":true,"href":"https:\/\/fuentesfidedignas.com.mx\/index.php\/wp-json\/wp\/v2\/categories?post=69363"},{"taxonomy":"post_tag","embeddable":true,"href":"https:\/\/fuentesfidedignas.com.mx\/index.php\/wp-json\/wp\/v2\/tags?post=69363"}],"curies":[{"name":"wp","href":"https:\/\/api.w.org\/{rel}","templated":true}]}}