{"id":69263,"date":"2023-12-23T04:35:00","date_gmt":"2023-12-23T11:35:00","guid":{"rendered":"https:\/\/fuentesfidedignas.com.mx\/?p=69263"},"modified":"2023-12-22T16:38:58","modified_gmt":"2023-12-22T23:38:58","slug":"mujer-da-el-no-al-novio-por-suegro-metiche-y-maltratar-a-sus-hijos","status":"publish","type":"post","link":"https:\/\/fuentesfidedignas.com.mx\/index.php\/2023\/12\/23\/mujer-da-el-no-al-novio-por-suegro-metiche-y-maltratar-a-sus-hijos\/","title":{"rendered":"Mujer da el \u2018no\u2019 al novio por suegro metiche y maltratar a sus hijos"},"content":{"rendered":"\n<p><br><strong><em>\u201c\u00bfC\u00f3mo trat\u00f3 a mis hijas cuando llegu\u00e9?\u201d, cuestion\u00f3 la mujer a Santiago; \u201cas\u00ed no me caso\u201d, puntualiz\u00f3<\/em><\/strong><\/p>\n\n\n\n<p>\u201c\u00bfEs tu deseo de tu libre y espont\u00e1nea voluntad contraer matrimonio civil con el tr\u00e1mite notarial con<strong>&nbsp;Santiago Restrepo Vega<\/strong>?\u201d, escuch\u00f3<strong>&nbsp;Jessica Luc\u00eda Avil\u00e9s<\/strong>. Cuando todos esperaban el s\u00ed, la respuesta dej\u00f3 helado al novio: \u201cNo s\u00e9\u201d, precis\u00f3.<\/p>\n\n\n\n<p>La mujer no apart\u00f3 la mirada de Santiago, al que le record\u00f3, que \u201c<strong>hubo inconvenientes<\/strong>&nbsp;precisamente\u201d ese d\u00eda de la boda, que la llevaron a tomar la decisi\u00f3n. Todo fue captado en un&nbsp;<a href=\"https:\/\/www.excelsior.com.mx\/video\" target=\"_blank\" rel=\"noreferrer noopener\">video<\/a>&nbsp;y subido a las<a href=\"https:\/\/www.excelsior.com.mx\/redes-sociales\" target=\"_blank\" rel=\"noreferrer noopener\">&nbsp;redes sociales<\/a>, donde se&nbsp;<a href=\"https:\/\/www.excelsior.com.mx\/viral\" target=\"_blank\" rel=\"noreferrer noopener\">viraliz\u00f3<\/a>.<\/p>\n\n\n\n<blockquote class=\"wp-block-quote is-layout-flow wp-block-quote-is-layout-flow\">\n<p>&#8220;El pap\u00e1 no est\u00e1 de acuerdo\u201d, subray\u00f3 la mujer. De fondo se escucharon aplausos. \u201cEl pap\u00e1 de Santiago minti\u00f3\u201d, reiter\u00f3.<\/p>\n<\/blockquote>\n\n\n\n<p><strong>Jessica Luc\u00eda Avil\u00e9s<\/strong>&nbsp;relat\u00f3 que su pareja le hab\u00eda mentido. Seg\u00fan dijo, Santiago le asegur\u00f3 que su familia estaba feliz de que fuera su esposa. \u201cMe minti\u00f3\u201d, precis\u00f3.<\/p>\n\n\n\n<figure class=\"wp-block-embed is-type-rich is-provider-twitter wp-block-embed-twitter\"><div class=\"wp-block-embed__wrapper\">\n<blockquote class=\"twitter-tweet\" data-width=\"550\" data-dnt=\"true\"><p lang=\"es\" dir=\"ltr\">\u00a1Ins\u00f3lito! en plena ceremonia de una boda en Chin\u00fa, C\u00f3rdoba, la novia &#39;le dio el no&#39; a su prometido. Todos en el matrimonio quedaron con la boca abierta ante la repentina e inesperada decisi\u00f3n de la mujer. <a href=\"https:\/\/t.co\/Y4VHR30Oom\">pic.twitter.com\/Y4VHR30Oom<\/a><\/p>&mdash; CTV Barranquilla (@ctvbarranquilla) <a href=\"https:\/\/twitter.com\/ctvbarranquilla\/status\/1737195452926247198?ref_src=twsrc%5Etfw\">December 19, 2023<\/a><\/blockquote><script async src=\"https:\/\/platform.twitter.com\/widgets.js\" charset=\"utf-8\"><\/script>\n<\/div><\/figure>\n\n\n\n<p>No era s\u00f3lo el desacuerdo de parte del padre de Santiago lo que motiv\u00f3 la decisi\u00f3n de Jessica Luc\u00eda Avil\u00e9s, hubo algo m\u00e1s. Previo a la boda, sus hijos recibieron maltratos por parte de la familia de Restrepo Vera, lo que lastim\u00f3 y molest\u00f3 a la novia.<\/p>\n\n\n\n<blockquote class=\"wp-block-quote is-layout-flow wp-block-quote-is-layout-flow\">\n<p>\u00bfC\u00f3mo trat\u00f3 a mis hijas cuando llegu\u00e9?\u201d, cuestion\u00f3 la mujer a Santiago.<\/p>\n<\/blockquote>\n\n\n\n<blockquote class=\"wp-block-quote is-layout-flow wp-block-quote-is-layout-flow\">\n<p>As\u00ed no me caso\u201d, puntualiz\u00f3. \u201cPrimero mis hijos y te lo dije\u201d.<\/p>\n<\/blockquote>\n\n\n\n<p>Tras estos comentarios, le pregunt\u00f3 la encargada de la notar\u00eda. \u201c\u00bfA qu\u00e9 viniste, entonces?\u201d.<\/p>\n\n\n\n<p>En ese instante,<strong>&nbsp;Jessica Luc\u00eda Avil\u00e9s<\/strong>&nbsp;se quit\u00f3 el anillo. Mencion\u00f3 que de haber sabido antes del maltrato hacia sus hijos y de las mentiras de Santiago, hubiera cancelado todo mucho antes.&nbsp;<\/p>\n\n\n\n<blockquote class=\"wp-block-quote is-layout-flow wp-block-quote-is-layout-flow\">\n<p>Me encontr\u00e9 con esto ahora, aqu\u00ed, si lo s\u00e9 no vengo\u201d.<\/p>\n<\/blockquote>\n\n\n\n<p>En eso se escuch\u00f3 a un hombre aplaudir y decir:<\/p>\n\n\n\n<blockquote class=\"wp-block-quote is-layout-flow wp-block-quote-is-layout-flow\">\n<p>\u00a1Listo! \u00a1Perfecto! Es lo mejor que pas\u00f3\u201d.<\/p>\n<\/blockquote>\n\n\n\n<p><strong>Jessica Luc\u00eda Avil\u00e9s&nbsp;<\/strong>le dio una lecci\u00f3n a Santiago, que muchos de los usuarios indicaron que sufr\u00eda de \u201cpapitis\u201d.<\/p>\n","protected":false},"excerpt":{"rendered":"<p>\u201c\u00bfC\u00f3mo trat\u00f3 a mis hijas cuando llegu\u00e9?\u201d, cuestion\u00f3 la mujer a Santiago; \u201cas\u00ed no me caso\u201d, puntualiz\u00f3 \u201c\u00bfEs tu deseo de tu libre y espont\u00e1nea voluntad contraer matrimonio civil con el tr\u00e1mite notarial con&nbsp;Santiago Restrepo Vega?\u201d, escuch\u00f3&nbsp;Jessica Luc\u00eda Avil\u00e9s. Cuando todos esperaban el s\u00ed, la respuesta dej\u00f3 helado al novio: \u201cNo s\u00e9\u201d, precis\u00f3. La mujer [&hellip;]<\/p>\n","protected":false},"author":7,"featured_media":69264,"comment_status":"open","ping_status":"open","sticky":false,"template":"","format":"standard","meta":{"tdm_status":"","tdm_grid_status":"","footnotes":""},"categories":[40],"tags":[],"class_list":{"0":"post-69263","1":"post","2":"type-post","3":"status-publish","4":"format-standard","5":"has-post-thumbnail","7":"category-las-asombrosas"},"yoast_head":"<!-- This site is optimized with the Yoast SEO plugin v27.5 - https:\/\/yoast.com\/product\/yoast-seo-wordpress\/ -->\n<title>Mujer da el \u2018no\u2019 al novio por suegro metiche y maltratar a sus hijos - Fuentes Fidedignas<\/title>\n<meta name=\"robots\" content=\"index, follow, max-snippet:-1, max-image-preview:large, max-video-preview:-1\" \/>\n<link rel=\"canonical\" href=\"https:\/\/fuentesfidedignas.com.mx\/index.php\/2023\/12\/23\/mujer-da-el-no-al-novio-por-suegro-metiche-y-maltratar-a-sus-hijos\/\" \/>\n<meta property=\"og:locale\" content=\"es_MX\" \/>\n<meta property=\"og:type\" content=\"article\" \/>\n<meta property=\"og:title\" content=\"Mujer da el \u2018no\u2019 al novio por suegro metiche y maltratar a sus hijos - Fuentes Fidedignas\" \/>\n<meta property=\"og:description\" content=\"\u201c\u00bfC\u00f3mo trat\u00f3 a mis hijas cuando llegu\u00e9?\u201d, cuestion\u00f3 la mujer a Santiago; \u201cas\u00ed no me caso\u201d, puntualiz\u00f3 \u201c\u00bfEs tu deseo de tu libre y espont\u00e1nea voluntad contraer matrimonio civil con el tr\u00e1mite notarial con&nbsp;Santiago Restrepo Vega?\u201d, escuch\u00f3&nbsp;Jessica Luc\u00eda Avil\u00e9s. Cuando todos esperaban el s\u00ed, la respuesta dej\u00f3 helado al novio: \u201cNo s\u00e9\u201d, precis\u00f3. La mujer [&hellip;]\" \/>\n<meta property=\"og:url\" content=\"https:\/\/fuentesfidedignas.com.mx\/index.php\/2023\/12\/23\/mujer-da-el-no-al-novio-por-suegro-metiche-y-maltratar-a-sus-hijos\/\" \/>\n<meta property=\"og:site_name\" content=\"Fuentes Fidedignas\" \/>\n<meta property=\"article:publisher\" content=\"https:\/\/www.facebook.com\/Fuentes-Fidedignas-368234489921644\" \/>\n<meta property=\"article:published_time\" content=\"2023-12-23T11:35:00+00:00\" \/>\n<meta property=\"og:image\" content=\"https:\/\/fuentesfidedignas.com.mx\/wp-content\/uploads\/2023\/12\/3051086.jpg\" \/>\n\t<meta property=\"og:image:width\" content=\"800\" \/>\n\t<meta property=\"og:image:height\" content=\"600\" \/>\n\t<meta property=\"og:image:type\" content=\"image\/jpeg\" \/>\n<meta name=\"author\" content=\"Exc\u00e9lsior\" \/>\n<meta name=\"twitter:card\" content=\"summary_large_image\" \/>\n<meta name=\"twitter:creator\" content=\"@fidedignas\" \/>\n<meta name=\"twitter:site\" content=\"@fidedignas\" \/>\n<meta name=\"twitter:label1\" content=\"Escrito por\" \/>\n\t<meta name=\"twitter:data1\" content=\"Exc\u00e9lsior\" \/>\n\t<meta name=\"twitter:label2\" content=\"Tiempo de lectura\" \/>\n\t<meta name=\"twitter:data2\" content=\"2 minutos\" \/>\n<script type=\"application\/ld+json\" class=\"yoast-schema-graph\">{\"@context\":\"https:\\\/\\\/schema.org\",\"@graph\":[{\"@type\":\"Article\",\"@id\":\"https:\\\/\\\/fuentesfidedignas.com.mx\\\/index.php\\\/2023\\\/12\\\/23\\\/mujer-da-el-no-al-novio-por-suegro-metiche-y-maltratar-a-sus-hijos\\\/#article\",\"isPartOf\":{\"@id\":\"https:\\\/\\\/fuentesfidedignas.com.mx\\\/index.php\\\/2023\\\/12\\\/23\\\/mujer-da-el-no-al-novio-por-suegro-metiche-y-maltratar-a-sus-hijos\\\/\"},\"author\":{\"name\":\"Exc\u00e9lsior\",\"@id\":\"https:\\\/\\\/fuentesfidedignas.com.mx\\\/#\\\/schema\\\/person\\\/ec4edd1fbf5efa3e44fce34fe2787780\"},\"headline\":\"Mujer da el \u2018no\u2019 al novio por suegro metiche y maltratar a sus hijos\",\"datePublished\":\"2023-12-23T11:35:00+00:00\",\"mainEntityOfPage\":{\"@id\":\"https:\\\/\\\/fuentesfidedignas.com.mx\\\/index.php\\\/2023\\\/12\\\/23\\\/mujer-da-el-no-al-novio-por-suegro-metiche-y-maltratar-a-sus-hijos\\\/\"},\"wordCount\":373,\"commentCount\":0,\"publisher\":{\"@id\":\"https:\\\/\\\/fuentesfidedignas.com.mx\\\/#organization\"},\"image\":{\"@id\":\"https:\\\/\\\/fuentesfidedignas.com.mx\\\/index.php\\\/2023\\\/12\\\/23\\\/mujer-da-el-no-al-novio-por-suegro-metiche-y-maltratar-a-sus-hijos\\\/#primaryimage\"},\"thumbnailUrl\":\"https:\\\/\\\/fuentesfidedignas.com.mx\\\/wp-content\\\/uploads\\\/2023\\\/12\\\/3051086.jpg\",\"articleSection\":[\"LAS ASOMBROSAS\"],\"inLanguage\":\"es\",\"potentialAction\":[{\"@type\":\"CommentAction\",\"name\":\"Comment\",\"target\":[\"https:\\\/\\\/fuentesfidedignas.com.mx\\\/index.php\\\/2023\\\/12\\\/23\\\/mujer-da-el-no-al-novio-por-suegro-metiche-y-maltratar-a-sus-hijos\\\/#respond\"]}]},{\"@type\":\"WebPage\",\"@id\":\"https:\\\/\\\/fuentesfidedignas.com.mx\\\/index.php\\\/2023\\\/12\\\/23\\\/mujer-da-el-no-al-novio-por-suegro-metiche-y-maltratar-a-sus-hijos\\\/\",\"url\":\"https:\\\/\\\/fuentesfidedignas.com.mx\\\/index.php\\\/2023\\\/12\\\/23\\\/mujer-da-el-no-al-novio-por-suegro-metiche-y-maltratar-a-sus-hijos\\\/\",\"name\":\"Mujer da el \u2018no\u2019 al novio por suegro metiche y maltratar a sus hijos - Fuentes Fidedignas\",\"isPartOf\":{\"@id\":\"https:\\\/\\\/fuentesfidedignas.com.mx\\\/#website\"},\"primaryImageOfPage\":{\"@id\":\"https:\\\/\\\/fuentesfidedignas.com.mx\\\/index.php\\\/2023\\\/12\\\/23\\\/mujer-da-el-no-al-novio-por-suegro-metiche-y-maltratar-a-sus-hijos\\\/#primaryimage\"},\"image\":{\"@id\":\"https:\\\/\\\/fuentesfidedignas.com.mx\\\/index.php\\\/2023\\\/12\\\/23\\\/mujer-da-el-no-al-novio-por-suegro-metiche-y-maltratar-a-sus-hijos\\\/#primaryimage\"},\"thumbnailUrl\":\"https:\\\/\\\/fuentesfidedignas.com.mx\\\/wp-content\\\/uploads\\\/2023\\\/12\\\/3051086.jpg\",\"datePublished\":\"2023-12-23T11:35:00+00:00\",\"breadcrumb\":{\"@id\":\"https:\\\/\\\/fuentesfidedignas.com.mx\\\/index.php\\\/2023\\\/12\\\/23\\\/mujer-da-el-no-al-novio-por-suegro-metiche-y-maltratar-a-sus-hijos\\\/#breadcrumb\"},\"inLanguage\":\"es\",\"potentialAction\":[{\"@type\":\"ReadAction\",\"target\":[\"https:\\\/\\\/fuentesfidedignas.com.mx\\\/index.php\\\/2023\\\/12\\\/23\\\/mujer-da-el-no-al-novio-por-suegro-metiche-y-maltratar-a-sus-hijos\\\/\"]}]},{\"@type\":\"ImageObject\",\"inLanguage\":\"es\",\"@id\":\"https:\\\/\\\/fuentesfidedignas.com.mx\\\/index.php\\\/2023\\\/12\\\/23\\\/mujer-da-el-no-al-novio-por-suegro-metiche-y-maltratar-a-sus-hijos\\\/#primaryimage\",\"url\":\"https:\\\/\\\/fuentesfidedignas.com.mx\\\/wp-content\\\/uploads\\\/2023\\\/12\\\/3051086.jpg\",\"contentUrl\":\"https:\\\/\\\/fuentesfidedignas.com.mx\\\/wp-content\\\/uploads\\\/2023\\\/12\\\/3051086.jpg\",\"width\":800,\"height\":600},{\"@type\":\"BreadcrumbList\",\"@id\":\"https:\\\/\\\/fuentesfidedignas.com.mx\\\/index.php\\\/2023\\\/12\\\/23\\\/mujer-da-el-no-al-novio-por-suegro-metiche-y-maltratar-a-sus-hijos\\\/#breadcrumb\",\"itemListElement\":[{\"@type\":\"ListItem\",\"position\":1,\"name\":\"Inicio\",\"item\":\"https:\\\/\\\/fuentesfidedignas.com.mx\\\/\"},{\"@type\":\"ListItem\",\"position\":2,\"name\":\"Mujer da el \u2018no\u2019 al novio por suegro metiche y maltratar a sus hijos\"}]},{\"@type\":\"WebSite\",\"@id\":\"https:\\\/\\\/fuentesfidedignas.com.mx\\\/#website\",\"url\":\"https:\\\/\\\/fuentesfidedignas.com.mx\\\/\",\"name\":\"Fuentes Fidedignas\",\"description\":\"Otro sitio realizado con WordPress\",\"publisher\":{\"@id\":\"https:\\\/\\\/fuentesfidedignas.com.mx\\\/#organization\"},\"potentialAction\":[{\"@type\":\"SearchAction\",\"target\":{\"@type\":\"EntryPoint\",\"urlTemplate\":\"https:\\\/\\\/fuentesfidedignas.com.mx\\\/?s={search_term_string}\"},\"query-input\":{\"@type\":\"PropertyValueSpecification\",\"valueRequired\":true,\"valueName\":\"search_term_string\"}}],\"inLanguage\":\"es\"},{\"@type\":\"Organization\",\"@id\":\"https:\\\/\\\/fuentesfidedignas.com.mx\\\/#organization\",\"name\":\"Fuentes Fidedignas\",\"url\":\"https:\\\/\\\/fuentesfidedignas.com.mx\\\/\",\"logo\":{\"@type\":\"ImageObject\",\"inLanguage\":\"es\",\"@id\":\"https:\\\/\\\/fuentesfidedignas.com.mx\\\/#\\\/schema\\\/logo\\\/image\\\/\",\"url\":\"https:\\\/\\\/fuentesfidedignas.com.mx\\\/wp-content\\\/uploads\\\/2021\\\/04\\\/logo-retina.png\",\"contentUrl\":\"https:\\\/\\\/fuentesfidedignas.com.mx\\\/wp-content\\\/uploads\\\/2021\\\/04\\\/logo-retina.png\",\"width\":280,\"height\":51,\"caption\":\"Fuentes Fidedignas\"},\"image\":{\"@id\":\"https:\\\/\\\/fuentesfidedignas.com.mx\\\/#\\\/schema\\\/logo\\\/image\\\/\"},\"sameAs\":[\"https:\\\/\\\/www.facebook.com\\\/Fuentes-Fidedignas-368234489921644\",\"https:\\\/\\\/x.com\\\/fidedignas\"]},{\"@type\":\"Person\",\"@id\":\"https:\\\/\\\/fuentesfidedignas.com.mx\\\/#\\\/schema\\\/person\\\/ec4edd1fbf5efa3e44fce34fe2787780\",\"name\":\"Exc\u00e9lsior\",\"image\":{\"@type\":\"ImageObject\",\"inLanguage\":\"es\",\"@id\":\"https:\\\/\\\/secure.gravatar.com\\\/avatar\\\/4b7ee9206b48be08447852b3f0814dbc7c0f3b51541b164f1464a2725614020b?s=96&d=mm&r=g\",\"url\":\"https:\\\/\\\/secure.gravatar.com\\\/avatar\\\/4b7ee9206b48be08447852b3f0814dbc7c0f3b51541b164f1464a2725614020b?s=96&d=mm&r=g\",\"contentUrl\":\"https:\\\/\\\/secure.gravatar.com\\\/avatar\\\/4b7ee9206b48be08447852b3f0814dbc7c0f3b51541b164f1464a2725614020b?s=96&d=mm&r=g\",\"caption\":\"Exc\u00e9lsior\"},\"url\":\"https:\\\/\\\/fuentesfidedignas.com.mx\\\/index.php\\\/author\\\/excelsior\\\/\"}]}<\/script>\n<!-- \/ Yoast SEO plugin. -->","yoast_head_json":{"title":"Mujer da el \u2018no\u2019 al novio por suegro metiche y maltratar a sus hijos - Fuentes Fidedignas","robots":{"index":"index","follow":"follow","max-snippet":"max-snippet:-1","max-image-preview":"max-image-preview:large","max-video-preview":"max-video-preview:-1"},"canonical":"https:\/\/fuentesfidedignas.com.mx\/index.php\/2023\/12\/23\/mujer-da-el-no-al-novio-por-suegro-metiche-y-maltratar-a-sus-hijos\/","og_locale":"es_MX","og_type":"article","og_title":"Mujer da el \u2018no\u2019 al novio por suegro metiche y maltratar a sus hijos - Fuentes Fidedignas","og_description":"\u201c\u00bfC\u00f3mo trat\u00f3 a mis hijas cuando llegu\u00e9?\u201d, cuestion\u00f3 la mujer a Santiago; \u201cas\u00ed no me caso\u201d, puntualiz\u00f3 \u201c\u00bfEs tu deseo de tu libre y espont\u00e1nea voluntad contraer matrimonio civil con el tr\u00e1mite notarial con&nbsp;Santiago Restrepo Vega?\u201d, escuch\u00f3&nbsp;Jessica Luc\u00eda Avil\u00e9s. Cuando todos esperaban el s\u00ed, la respuesta dej\u00f3 helado al novio: \u201cNo s\u00e9\u201d, precis\u00f3. La mujer [&hellip;]","og_url":"https:\/\/fuentesfidedignas.com.mx\/index.php\/2023\/12\/23\/mujer-da-el-no-al-novio-por-suegro-metiche-y-maltratar-a-sus-hijos\/","og_site_name":"Fuentes Fidedignas","article_publisher":"https:\/\/www.facebook.com\/Fuentes-Fidedignas-368234489921644","article_published_time":"2023-12-23T11:35:00+00:00","og_image":[{"width":800,"height":600,"url":"https:\/\/fuentesfidedignas.com.mx\/wp-content\/uploads\/2023\/12\/3051086.jpg","type":"image\/jpeg"}],"author":"Exc\u00e9lsior","twitter_card":"summary_large_image","twitter_creator":"@fidedignas","twitter_site":"@fidedignas","twitter_misc":{"Escrito por":"Exc\u00e9lsior","Tiempo de lectura":"2 minutos"},"schema":{"@context":"https:\/\/schema.org","@graph":[{"@type":"Article","@id":"https:\/\/fuentesfidedignas.com.mx\/index.php\/2023\/12\/23\/mujer-da-el-no-al-novio-por-suegro-metiche-y-maltratar-a-sus-hijos\/#article","isPartOf":{"@id":"https:\/\/fuentesfidedignas.com.mx\/index.php\/2023\/12\/23\/mujer-da-el-no-al-novio-por-suegro-metiche-y-maltratar-a-sus-hijos\/"},"author":{"name":"Exc\u00e9lsior","@id":"https:\/\/fuentesfidedignas.com.mx\/#\/schema\/person\/ec4edd1fbf5efa3e44fce34fe2787780"},"headline":"Mujer da el \u2018no\u2019 al novio por suegro metiche y maltratar a sus hijos","datePublished":"2023-12-23T11:35:00+00:00","mainEntityOfPage":{"@id":"https:\/\/fuentesfidedignas.com.mx\/index.php\/2023\/12\/23\/mujer-da-el-no-al-novio-por-suegro-metiche-y-maltratar-a-sus-hijos\/"},"wordCount":373,"commentCount":0,"publisher":{"@id":"https:\/\/fuentesfidedignas.com.mx\/#organization"},"image":{"@id":"https:\/\/fuentesfidedignas.com.mx\/index.php\/2023\/12\/23\/mujer-da-el-no-al-novio-por-suegro-metiche-y-maltratar-a-sus-hijos\/#primaryimage"},"thumbnailUrl":"https:\/\/fuentesfidedignas.com.mx\/wp-content\/uploads\/2023\/12\/3051086.jpg","articleSection":["LAS ASOMBROSAS"],"inLanguage":"es","potentialAction":[{"@type":"CommentAction","name":"Comment","target":["https:\/\/fuentesfidedignas.com.mx\/index.php\/2023\/12\/23\/mujer-da-el-no-al-novio-por-suegro-metiche-y-maltratar-a-sus-hijos\/#respond"]}]},{"@type":"WebPage","@id":"https:\/\/fuentesfidedignas.com.mx\/index.php\/2023\/12\/23\/mujer-da-el-no-al-novio-por-suegro-metiche-y-maltratar-a-sus-hijos\/","url":"https:\/\/fuentesfidedignas.com.mx\/index.php\/2023\/12\/23\/mujer-da-el-no-al-novio-por-suegro-metiche-y-maltratar-a-sus-hijos\/","name":"Mujer da el \u2018no\u2019 al novio por suegro metiche y maltratar a sus hijos - Fuentes Fidedignas","isPartOf":{"@id":"https:\/\/fuentesfidedignas.com.mx\/#website"},"primaryImageOfPage":{"@id":"https:\/\/fuentesfidedignas.com.mx\/index.php\/2023\/12\/23\/mujer-da-el-no-al-novio-por-suegro-metiche-y-maltratar-a-sus-hijos\/#primaryimage"},"image":{"@id":"https:\/\/fuentesfidedignas.com.mx\/index.php\/2023\/12\/23\/mujer-da-el-no-al-novio-por-suegro-metiche-y-maltratar-a-sus-hijos\/#primaryimage"},"thumbnailUrl":"https:\/\/fuentesfidedignas.com.mx\/wp-content\/uploads\/2023\/12\/3051086.jpg","datePublished":"2023-12-23T11:35:00+00:00","breadcrumb":{"@id":"https:\/\/fuentesfidedignas.com.mx\/index.php\/2023\/12\/23\/mujer-da-el-no-al-novio-por-suegro-metiche-y-maltratar-a-sus-hijos\/#breadcrumb"},"inLanguage":"es","potentialAction":[{"@type":"ReadAction","target":["https:\/\/fuentesfidedignas.com.mx\/index.php\/2023\/12\/23\/mujer-da-el-no-al-novio-por-suegro-metiche-y-maltratar-a-sus-hijos\/"]}]},{"@type":"ImageObject","inLanguage":"es","@id":"https:\/\/fuentesfidedignas.com.mx\/index.php\/2023\/12\/23\/mujer-da-el-no-al-novio-por-suegro-metiche-y-maltratar-a-sus-hijos\/#primaryimage","url":"https:\/\/fuentesfidedignas.com.mx\/wp-content\/uploads\/2023\/12\/3051086.jpg","contentUrl":"https:\/\/fuentesfidedignas.com.mx\/wp-content\/uploads\/2023\/12\/3051086.jpg","width":800,"height":600},{"@type":"BreadcrumbList","@id":"https:\/\/fuentesfidedignas.com.mx\/index.php\/2023\/12\/23\/mujer-da-el-no-al-novio-por-suegro-metiche-y-maltratar-a-sus-hijos\/#breadcrumb","itemListElement":[{"@type":"ListItem","position":1,"name":"Inicio","item":"https:\/\/fuentesfidedignas.com.mx\/"},{"@type":"ListItem","position":2,"name":"Mujer da el \u2018no\u2019 al novio por suegro metiche y maltratar a sus hijos"}]},{"@type":"WebSite","@id":"https:\/\/fuentesfidedignas.com.mx\/#website","url":"https:\/\/fuentesfidedignas.com.mx\/","name":"Fuentes Fidedignas","description":"Otro sitio realizado con WordPress","publisher":{"@id":"https:\/\/fuentesfidedignas.com.mx\/#organization"},"potentialAction":[{"@type":"SearchAction","target":{"@type":"EntryPoint","urlTemplate":"https:\/\/fuentesfidedignas.com.mx\/?s={search_term_string}"},"query-input":{"@type":"PropertyValueSpecification","valueRequired":true,"valueName":"search_term_string"}}],"inLanguage":"es"},{"@type":"Organization","@id":"https:\/\/fuentesfidedignas.com.mx\/#organization","name":"Fuentes Fidedignas","url":"https:\/\/fuentesfidedignas.com.mx\/","logo":{"@type":"ImageObject","inLanguage":"es","@id":"https:\/\/fuentesfidedignas.com.mx\/#\/schema\/logo\/image\/","url":"https:\/\/fuentesfidedignas.com.mx\/wp-content\/uploads\/2021\/04\/logo-retina.png","contentUrl":"https:\/\/fuentesfidedignas.com.mx\/wp-content\/uploads\/2021\/04\/logo-retina.png","width":280,"height":51,"caption":"Fuentes Fidedignas"},"image":{"@id":"https:\/\/fuentesfidedignas.com.mx\/#\/schema\/logo\/image\/"},"sameAs":["https:\/\/www.facebook.com\/Fuentes-Fidedignas-368234489921644","https:\/\/x.com\/fidedignas"]},{"@type":"Person","@id":"https:\/\/fuentesfidedignas.com.mx\/#\/schema\/person\/ec4edd1fbf5efa3e44fce34fe2787780","name":"Exc\u00e9lsior","image":{"@type":"ImageObject","inLanguage":"es","@id":"https:\/\/secure.gravatar.com\/avatar\/4b7ee9206b48be08447852b3f0814dbc7c0f3b51541b164f1464a2725614020b?s=96&d=mm&r=g","url":"https:\/\/secure.gravatar.com\/avatar\/4b7ee9206b48be08447852b3f0814dbc7c0f3b51541b164f1464a2725614020b?s=96&d=mm&r=g","contentUrl":"https:\/\/secure.gravatar.com\/avatar\/4b7ee9206b48be08447852b3f0814dbc7c0f3b51541b164f1464a2725614020b?s=96&d=mm&r=g","caption":"Exc\u00e9lsior"},"url":"https:\/\/fuentesfidedignas.com.mx\/index.php\/author\/excelsior\/"}]}},"_links":{"self":[{"href":"https:\/\/fuentesfidedignas.com.mx\/index.php\/wp-json\/wp\/v2\/posts\/69263","targetHints":{"allow":["GET"]}}],"collection":[{"href":"https:\/\/fuentesfidedignas.com.mx\/index.php\/wp-json\/wp\/v2\/posts"}],"about":[{"href":"https:\/\/fuentesfidedignas.com.mx\/index.php\/wp-json\/wp\/v2\/types\/post"}],"author":[{"embeddable":true,"href":"https:\/\/fuentesfidedignas.com.mx\/index.php\/wp-json\/wp\/v2\/users\/7"}],"replies":[{"embeddable":true,"href":"https:\/\/fuentesfidedignas.com.mx\/index.php\/wp-json\/wp\/v2\/comments?post=69263"}],"version-history":[{"count":1,"href":"https:\/\/fuentesfidedignas.com.mx\/index.php\/wp-json\/wp\/v2\/posts\/69263\/revisions"}],"predecessor-version":[{"id":69265,"href":"https:\/\/fuentesfidedignas.com.mx\/index.php\/wp-json\/wp\/v2\/posts\/69263\/revisions\/69265"}],"wp:featuredmedia":[{"embeddable":true,"href":"https:\/\/fuentesfidedignas.com.mx\/index.php\/wp-json\/wp\/v2\/media\/69264"}],"wp:attachment":[{"href":"https:\/\/fuentesfidedignas.com.mx\/index.php\/wp-json\/wp\/v2\/media?parent=69263"}],"wp:term":[{"taxonomy":"category","embeddable":true,"href":"https:\/\/fuentesfidedignas.com.mx\/index.php\/wp-json\/wp\/v2\/categories?post=69263"},{"taxonomy":"post_tag","embeddable":true,"href":"https:\/\/fuentesfidedignas.com.mx\/index.php\/wp-json\/wp\/v2\/tags?post=69263"}],"curies":[{"name":"wp","href":"https:\/\/api.w.org\/{rel}","templated":true}]}}