{"id":69194,"date":"2023-12-21T11:34:08","date_gmt":"2023-12-21T18:34:08","guid":{"rendered":"https:\/\/fuentesfidedignas.com.mx\/?p=69194"},"modified":"2023-12-21T11:34:11","modified_gmt":"2023-12-21T18:34:11","slug":"fallece-la-periodista-cronista-y-escritora-cristina-pacheco","status":"publish","type":"post","link":"https:\/\/fuentesfidedignas.com.mx\/index.php\/2023\/12\/21\/fallece-la-periodista-cronista-y-escritora-cristina-pacheco\/","title":{"rendered":"Fallece la periodista, cronista y escritora Cristina Pacheco"},"content":{"rendered":"\n<p><em><strong>Tras complicaciones por salud, este jueves se confirm\u00f3 el fallecimiento de la periodista y escritora Cristina Pacheco<\/strong><\/em><\/p>\n\n\n\n<p>La periodista, escritora, cronista, editora y conductora mexicana&nbsp;<strong>Cristina Romo Hern\u00e1ndez<\/strong>, conocida como&nbsp;<strong>Cristina Pacheco<\/strong>, muri\u00f3 este jueves.<\/p>\n\n\n\n<p>La noticia fue confirmada por el Sistema P\u00fablico de Radiodifusi\u00f3n del Estado Mexicano, donde reconoci\u00f3 el trabajo de la conductora de \u201cConversando\u201d y \u201cAqu\u00ed nos toc\u00f3 vivir\u201d, una experiencia de m\u00e1s de 4 d\u00e9cadas en televisi\u00f3n.<\/p>\n\n\n\n<figure class=\"wp-block-embed is-type-rich is-provider-twitter wp-block-embed-twitter\"><div class=\"wp-block-embed__wrapper\">\n<blockquote class=\"twitter-tweet\" data-width=\"550\" data-dnt=\"true\"><p lang=\"es\" dir=\"ltr\">El Sistema P\u00fablico de Radiodifusi\u00f3n del Estado Mexicano lamenta el sensible fallecimiento de la periodista y cronista <a href=\"https:\/\/twitter.com\/hashtag\/CristinaPacheco?src=hash&amp;ref_src=twsrc%5Etfw\">#CristinaPacheco<\/a>, conductora de \u201cAqu\u00ed nos toc\u00f3 vivir\u201d y \u201cConversando&quot;, sumando m\u00e1s de 40 a\u00f1os en <a href=\"https:\/\/twitter.com\/CanalOnceTV?ref_src=twsrc%5Etfw\">@CanalOnceTV<\/a>.<br><br>Enviamos nuestro p\u00e9same a familiares y amigos. <a href=\"https:\/\/t.co\/76vO4vJLeK\">pic.twitter.com\/76vO4vJLeK<\/a><\/p>&mdash; SPR M\u00e9xico (@SPRMexico) <a href=\"https:\/\/twitter.com\/SPRMexico\/status\/1737899732088029204?ref_src=twsrc%5Etfw\">December 21, 2023<\/a><\/blockquote><script async src=\"https:\/\/platform.twitter.com\/widgets.js\" charset=\"utf-8\"><\/script>\n<\/div><\/figure>\n\n\n\n<p>A inicios de diciembre, como le informamos en este espacio, Cristina Pacheco confirm\u00f3 su salida de la televisi\u00f3n, de forma moment\u00e1nea, por graves problemas de salud, seg\u00fan revel\u00f3 al finalizar el programa \u2018Conversando\u2018 de Canal Once.<\/p>\n\n\n\n<p>La&nbsp;<strong>Asociaci\u00f3n Mexicana de Instituciones de&nbsp;Seguros<\/strong>&nbsp;(<a href=\"https:\/\/sitio.amis.com.mx\/\" target=\"_blank\" rel=\"noreferrer noopener\"><strong>AMIS<\/strong><\/a>) tiene&nbsp;hasta hoy registrados&nbsp;<strong>da\u00f1os<\/strong>&nbsp;provocados por el&nbsp;<strong>hurac\u00e1n Otis<\/strong>, que toc\u00f3 tierra a finales de octubre pasado como categor\u00eda 5 en&nbsp;<strong>Guerrero<\/strong>, alrededor de&nbsp;<strong>34 mil 870 millones de pesos<\/strong>, cifra que aun sufrir\u00e1 ajustes en funci\u00f3n de valuaciones en proceso.<\/p>\n\n\n\n<p>Estos da\u00f1os se derivan de 31 mil 938 siniestros reportados por los asegurados, de los cuales 59 por ciento corresponden a p\u00f3lizas de seguro de da\u00f1os (18 mil 841 reclamaciones en bienes asegurados), y 41 por ciento de seguro de autos (13 mil 97 reportes en veh\u00edculos asegurados).<\/p>\n\n\n\n<p>La Asociaci\u00f3n estableci\u00f3 que el 27 por ciento de la estimaci\u00f3n de p\u00e9rdidas por siniestros de da\u00f1os corresponde a bienes habitacionales asegurados, es decir, 9 mil 183 millones de pesos en los 14 mil 830 reportes de viviendas aseguradas.<\/p>\n\n\n\n<p>En otros rubros, el sector asegurador tiene reportados da\u00f1os a la infraestructura del gobierno estatal por una estimaci\u00f3n de 2 mil 927 millones de pesos, esta cifra ser\u00e1 mayor al paso de las diversas valuaciones que siguen su curso.<\/p>\n\n\n\n<p>Por bienes asegurados en empresas, centros comerciales, restaurantes y otros giros de actividades econ\u00f3micas aseguradas, se estiman p\u00e9rdidas por alrededor de 12 mil 812 millones de pesos.<\/p>\n\n\n\n<p>Mientras que en lo que se refiere a embarcaciones, se tienen reportes de da\u00f1os en 209 unidades aseguradas. En M\u00e9xico hay 23 compa\u00f1\u00edas que aseguran cascos de barcos y aviones.<\/p>\n\n\n\n<blockquote class=\"wp-block-quote is-layout-flow wp-block-quote-is-layout-flow\">\n<p>A 52 d\u00edas del paso del hurac\u00e1n categor\u00eda 5, el m\u00e1s destructivo que haya tocado Guerrero, Otis se coloca como el tercer evento m\u00e1s costoso para el sector asegurador en M\u00e9xico, despu\u00e9s del COVID-19 y del hurac\u00e1n Wilma, siendo y el segundo hurac\u00e1n de mayor impacto asegurado en M\u00e9xico\u201d, coment\u00f3&nbsp;<strong>Norma Alicia Rosas Rodr\u00edguez<\/strong>, directora general de AMIS.<\/p>\n<\/blockquote>\n","protected":false},"excerpt":{"rendered":"<p>Tras complicaciones por salud, este jueves se confirm\u00f3 el fallecimiento de la periodista y escritora Cristina Pacheco La periodista, escritora, cronista, editora y conductora mexicana&nbsp;Cristina Romo Hern\u00e1ndez, conocida como&nbsp;Cristina Pacheco, muri\u00f3 este jueves. La noticia fue confirmada por el Sistema P\u00fablico de Radiodifusi\u00f3n del Estado Mexicano, donde reconoci\u00f3 el trabajo de la conductora de \u201cConversando\u201d [&hellip;]<\/p>\n","protected":false},"author":47,"featured_media":69195,"comment_status":"open","ping_status":"open","sticky":false,"template":"","format":"standard","meta":{"tdm_status":"","tdm_grid_status":"","footnotes":""},"categories":[39],"tags":[],"class_list":{"0":"post-69194","1":"post","2":"type-post","3":"status-publish","4":"format-standard","5":"has-post-thumbnail","7":"category-noticias-nacionales"},"yoast_head":"<!-- This site is optimized with the Yoast SEO plugin v27.5 - https:\/\/yoast.com\/product\/yoast-seo-wordpress\/ -->\n<title>Fallece la periodista, cronista y escritora Cristina Pacheco - Fuentes Fidedignas<\/title>\n<meta name=\"robots\" content=\"index, follow, max-snippet:-1, max-image-preview:large, max-video-preview:-1\" \/>\n<link rel=\"canonical\" href=\"https:\/\/fuentesfidedignas.com.mx\/index.php\/2023\/12\/21\/fallece-la-periodista-cronista-y-escritora-cristina-pacheco\/\" \/>\n<meta property=\"og:locale\" content=\"es_MX\" \/>\n<meta property=\"og:type\" content=\"article\" \/>\n<meta property=\"og:title\" content=\"Fallece la periodista, cronista y escritora Cristina Pacheco - Fuentes Fidedignas\" \/>\n<meta property=\"og:description\" content=\"Tras complicaciones por salud, este jueves se confirm\u00f3 el fallecimiento de la periodista y escritora Cristina Pacheco La periodista, escritora, cronista, editora y conductora mexicana&nbsp;Cristina Romo Hern\u00e1ndez, conocida como&nbsp;Cristina Pacheco, muri\u00f3 este jueves. La noticia fue confirmada por el Sistema P\u00fablico de Radiodifusi\u00f3n del Estado Mexicano, donde reconoci\u00f3 el trabajo de la conductora de \u201cConversando\u201d [&hellip;]\" \/>\n<meta property=\"og:url\" content=\"https:\/\/fuentesfidedignas.com.mx\/index.php\/2023\/12\/21\/fallece-la-periodista-cronista-y-escritora-cristina-pacheco\/\" \/>\n<meta property=\"og:site_name\" content=\"Fuentes Fidedignas\" \/>\n<meta property=\"article:publisher\" content=\"https:\/\/www.facebook.com\/Fuentes-Fidedignas-368234489921644\" \/>\n<meta property=\"article:published_time\" content=\"2023-12-21T18:34:08+00:00\" \/>\n<meta property=\"article:modified_time\" content=\"2023-12-21T18:34:11+00:00\" \/>\n<meta property=\"og:image\" content=\"https:\/\/fuentesfidedignas.com.mx\/wp-content\/uploads\/2023\/12\/cristina-pacheco.png\" \/>\n\t<meta property=\"og:image:width\" content=\"1024\" \/>\n\t<meta property=\"og:image:height\" content=\"711\" \/>\n\t<meta property=\"og:image:type\" content=\"image\/png\" \/>\n<meta name=\"author\" content=\"L\u00f3pez D\u00f3riga\" \/>\n<meta name=\"twitter:card\" content=\"summary_large_image\" \/>\n<meta name=\"twitter:creator\" content=\"@fidedignas\" \/>\n<meta name=\"twitter:site\" content=\"@fidedignas\" \/>\n<meta name=\"twitter:label1\" content=\"Escrito por\" \/>\n\t<meta name=\"twitter:data1\" content=\"L\u00f3pez D\u00f3riga\" \/>\n\t<meta name=\"twitter:label2\" content=\"Tiempo de lectura\" \/>\n\t<meta name=\"twitter:data2\" content=\"2 minutos\" \/>\n<script type=\"application\/ld+json\" class=\"yoast-schema-graph\">{\"@context\":\"https:\\\/\\\/schema.org\",\"@graph\":[{\"@type\":\"Article\",\"@id\":\"https:\\\/\\\/fuentesfidedignas.com.mx\\\/index.php\\\/2023\\\/12\\\/21\\\/fallece-la-periodista-cronista-y-escritora-cristina-pacheco\\\/#article\",\"isPartOf\":{\"@id\":\"https:\\\/\\\/fuentesfidedignas.com.mx\\\/index.php\\\/2023\\\/12\\\/21\\\/fallece-la-periodista-cronista-y-escritora-cristina-pacheco\\\/\"},\"author\":{\"name\":\"L\u00f3pez D\u00f3riga\",\"@id\":\"https:\\\/\\\/fuentesfidedignas.com.mx\\\/#\\\/schema\\\/person\\\/67d852f0557c8509146a4b9ddebd543a\"},\"headline\":\"Fallece la periodista, cronista y escritora Cristina Pacheco\",\"datePublished\":\"2023-12-21T18:34:08+00:00\",\"dateModified\":\"2023-12-21T18:34:11+00:00\",\"mainEntityOfPage\":{\"@id\":\"https:\\\/\\\/fuentesfidedignas.com.mx\\\/index.php\\\/2023\\\/12\\\/21\\\/fallece-la-periodista-cronista-y-escritora-cristina-pacheco\\\/\"},\"wordCount\":447,\"commentCount\":0,\"publisher\":{\"@id\":\"https:\\\/\\\/fuentesfidedignas.com.mx\\\/#organization\"},\"image\":{\"@id\":\"https:\\\/\\\/fuentesfidedignas.com.mx\\\/index.php\\\/2023\\\/12\\\/21\\\/fallece-la-periodista-cronista-y-escritora-cristina-pacheco\\\/#primaryimage\"},\"thumbnailUrl\":\"https:\\\/\\\/fuentesfidedignas.com.mx\\\/wp-content\\\/uploads\\\/2023\\\/12\\\/cristina-pacheco.png\",\"articleSection\":[\"NOTICIAS NACIONALES\"],\"inLanguage\":\"es\",\"potentialAction\":[{\"@type\":\"CommentAction\",\"name\":\"Comment\",\"target\":[\"https:\\\/\\\/fuentesfidedignas.com.mx\\\/index.php\\\/2023\\\/12\\\/21\\\/fallece-la-periodista-cronista-y-escritora-cristina-pacheco\\\/#respond\"]}]},{\"@type\":\"WebPage\",\"@id\":\"https:\\\/\\\/fuentesfidedignas.com.mx\\\/index.php\\\/2023\\\/12\\\/21\\\/fallece-la-periodista-cronista-y-escritora-cristina-pacheco\\\/\",\"url\":\"https:\\\/\\\/fuentesfidedignas.com.mx\\\/index.php\\\/2023\\\/12\\\/21\\\/fallece-la-periodista-cronista-y-escritora-cristina-pacheco\\\/\",\"name\":\"Fallece la periodista, cronista y escritora Cristina Pacheco - Fuentes Fidedignas\",\"isPartOf\":{\"@id\":\"https:\\\/\\\/fuentesfidedignas.com.mx\\\/#website\"},\"primaryImageOfPage\":{\"@id\":\"https:\\\/\\\/fuentesfidedignas.com.mx\\\/index.php\\\/2023\\\/12\\\/21\\\/fallece-la-periodista-cronista-y-escritora-cristina-pacheco\\\/#primaryimage\"},\"image\":{\"@id\":\"https:\\\/\\\/fuentesfidedignas.com.mx\\\/index.php\\\/2023\\\/12\\\/21\\\/fallece-la-periodista-cronista-y-escritora-cristina-pacheco\\\/#primaryimage\"},\"thumbnailUrl\":\"https:\\\/\\\/fuentesfidedignas.com.mx\\\/wp-content\\\/uploads\\\/2023\\\/12\\\/cristina-pacheco.png\",\"datePublished\":\"2023-12-21T18:34:08+00:00\",\"dateModified\":\"2023-12-21T18:34:11+00:00\",\"breadcrumb\":{\"@id\":\"https:\\\/\\\/fuentesfidedignas.com.mx\\\/index.php\\\/2023\\\/12\\\/21\\\/fallece-la-periodista-cronista-y-escritora-cristina-pacheco\\\/#breadcrumb\"},\"inLanguage\":\"es\",\"potentialAction\":[{\"@type\":\"ReadAction\",\"target\":[\"https:\\\/\\\/fuentesfidedignas.com.mx\\\/index.php\\\/2023\\\/12\\\/21\\\/fallece-la-periodista-cronista-y-escritora-cristina-pacheco\\\/\"]}]},{\"@type\":\"ImageObject\",\"inLanguage\":\"es\",\"@id\":\"https:\\\/\\\/fuentesfidedignas.com.mx\\\/index.php\\\/2023\\\/12\\\/21\\\/fallece-la-periodista-cronista-y-escritora-cristina-pacheco\\\/#primaryimage\",\"url\":\"https:\\\/\\\/fuentesfidedignas.com.mx\\\/wp-content\\\/uploads\\\/2023\\\/12\\\/cristina-pacheco.png\",\"contentUrl\":\"https:\\\/\\\/fuentesfidedignas.com.mx\\\/wp-content\\\/uploads\\\/2023\\\/12\\\/cristina-pacheco.png\",\"width\":1024,\"height\":711},{\"@type\":\"BreadcrumbList\",\"@id\":\"https:\\\/\\\/fuentesfidedignas.com.mx\\\/index.php\\\/2023\\\/12\\\/21\\\/fallece-la-periodista-cronista-y-escritora-cristina-pacheco\\\/#breadcrumb\",\"itemListElement\":[{\"@type\":\"ListItem\",\"position\":1,\"name\":\"Inicio\",\"item\":\"https:\\\/\\\/fuentesfidedignas.com.mx\\\/\"},{\"@type\":\"ListItem\",\"position\":2,\"name\":\"Fallece la periodista, cronista y escritora Cristina Pacheco\"}]},{\"@type\":\"WebSite\",\"@id\":\"https:\\\/\\\/fuentesfidedignas.com.mx\\\/#website\",\"url\":\"https:\\\/\\\/fuentesfidedignas.com.mx\\\/\",\"name\":\"Fuentes Fidedignas\",\"description\":\"Otro sitio realizado con WordPress\",\"publisher\":{\"@id\":\"https:\\\/\\\/fuentesfidedignas.com.mx\\\/#organization\"},\"potentialAction\":[{\"@type\":\"SearchAction\",\"target\":{\"@type\":\"EntryPoint\",\"urlTemplate\":\"https:\\\/\\\/fuentesfidedignas.com.mx\\\/?s={search_term_string}\"},\"query-input\":{\"@type\":\"PropertyValueSpecification\",\"valueRequired\":true,\"valueName\":\"search_term_string\"}}],\"inLanguage\":\"es\"},{\"@type\":\"Organization\",\"@id\":\"https:\\\/\\\/fuentesfidedignas.com.mx\\\/#organization\",\"name\":\"Fuentes Fidedignas\",\"url\":\"https:\\\/\\\/fuentesfidedignas.com.mx\\\/\",\"logo\":{\"@type\":\"ImageObject\",\"inLanguage\":\"es\",\"@id\":\"https:\\\/\\\/fuentesfidedignas.com.mx\\\/#\\\/schema\\\/logo\\\/image\\\/\",\"url\":\"https:\\\/\\\/fuentesfidedignas.com.mx\\\/wp-content\\\/uploads\\\/2021\\\/04\\\/logo-retina.png\",\"contentUrl\":\"https:\\\/\\\/fuentesfidedignas.com.mx\\\/wp-content\\\/uploads\\\/2021\\\/04\\\/logo-retina.png\",\"width\":280,\"height\":51,\"caption\":\"Fuentes Fidedignas\"},\"image\":{\"@id\":\"https:\\\/\\\/fuentesfidedignas.com.mx\\\/#\\\/schema\\\/logo\\\/image\\\/\"},\"sameAs\":[\"https:\\\/\\\/www.facebook.com\\\/Fuentes-Fidedignas-368234489921644\",\"https:\\\/\\\/x.com\\\/fidedignas\"]},{\"@type\":\"Person\",\"@id\":\"https:\\\/\\\/fuentesfidedignas.com.mx\\\/#\\\/schema\\\/person\\\/67d852f0557c8509146a4b9ddebd543a\",\"name\":\"L\u00f3pez D\u00f3riga\",\"image\":{\"@type\":\"ImageObject\",\"inLanguage\":\"es\",\"@id\":\"https:\\\/\\\/secure.gravatar.com\\\/avatar\\\/e525b06574ca18b33cded59dfe5778d6c823b9513154eff47da551b0551bdd1e?s=96&d=mm&r=g\",\"url\":\"https:\\\/\\\/secure.gravatar.com\\\/avatar\\\/e525b06574ca18b33cded59dfe5778d6c823b9513154eff47da551b0551bdd1e?s=96&d=mm&r=g\",\"contentUrl\":\"https:\\\/\\\/secure.gravatar.com\\\/avatar\\\/e525b06574ca18b33cded59dfe5778d6c823b9513154eff47da551b0551bdd1e?s=96&d=mm&r=g\",\"caption\":\"L\u00f3pez D\u00f3riga\"},\"url\":\"https:\\\/\\\/fuentesfidedignas.com.mx\\\/index.php\\\/author\\\/doriga\\\/\"}]}<\/script>\n<!-- \/ Yoast SEO plugin. -->","yoast_head_json":{"title":"Fallece la periodista, cronista y escritora Cristina Pacheco - Fuentes Fidedignas","robots":{"index":"index","follow":"follow","max-snippet":"max-snippet:-1","max-image-preview":"max-image-preview:large","max-video-preview":"max-video-preview:-1"},"canonical":"https:\/\/fuentesfidedignas.com.mx\/index.php\/2023\/12\/21\/fallece-la-periodista-cronista-y-escritora-cristina-pacheco\/","og_locale":"es_MX","og_type":"article","og_title":"Fallece la periodista, cronista y escritora Cristina Pacheco - Fuentes Fidedignas","og_description":"Tras complicaciones por salud, este jueves se confirm\u00f3 el fallecimiento de la periodista y escritora Cristina Pacheco La periodista, escritora, cronista, editora y conductora mexicana&nbsp;Cristina Romo Hern\u00e1ndez, conocida como&nbsp;Cristina Pacheco, muri\u00f3 este jueves. La noticia fue confirmada por el Sistema P\u00fablico de Radiodifusi\u00f3n del Estado Mexicano, donde reconoci\u00f3 el trabajo de la conductora de \u201cConversando\u201d [&hellip;]","og_url":"https:\/\/fuentesfidedignas.com.mx\/index.php\/2023\/12\/21\/fallece-la-periodista-cronista-y-escritora-cristina-pacheco\/","og_site_name":"Fuentes Fidedignas","article_publisher":"https:\/\/www.facebook.com\/Fuentes-Fidedignas-368234489921644","article_published_time":"2023-12-21T18:34:08+00:00","article_modified_time":"2023-12-21T18:34:11+00:00","og_image":[{"width":1024,"height":711,"url":"https:\/\/fuentesfidedignas.com.mx\/wp-content\/uploads\/2023\/12\/cristina-pacheco.png","type":"image\/png"}],"author":"L\u00f3pez D\u00f3riga","twitter_card":"summary_large_image","twitter_creator":"@fidedignas","twitter_site":"@fidedignas","twitter_misc":{"Escrito por":"L\u00f3pez D\u00f3riga","Tiempo de lectura":"2 minutos"},"schema":{"@context":"https:\/\/schema.org","@graph":[{"@type":"Article","@id":"https:\/\/fuentesfidedignas.com.mx\/index.php\/2023\/12\/21\/fallece-la-periodista-cronista-y-escritora-cristina-pacheco\/#article","isPartOf":{"@id":"https:\/\/fuentesfidedignas.com.mx\/index.php\/2023\/12\/21\/fallece-la-periodista-cronista-y-escritora-cristina-pacheco\/"},"author":{"name":"L\u00f3pez D\u00f3riga","@id":"https:\/\/fuentesfidedignas.com.mx\/#\/schema\/person\/67d852f0557c8509146a4b9ddebd543a"},"headline":"Fallece la periodista, cronista y escritora Cristina Pacheco","datePublished":"2023-12-21T18:34:08+00:00","dateModified":"2023-12-21T18:34:11+00:00","mainEntityOfPage":{"@id":"https:\/\/fuentesfidedignas.com.mx\/index.php\/2023\/12\/21\/fallece-la-periodista-cronista-y-escritora-cristina-pacheco\/"},"wordCount":447,"commentCount":0,"publisher":{"@id":"https:\/\/fuentesfidedignas.com.mx\/#organization"},"image":{"@id":"https:\/\/fuentesfidedignas.com.mx\/index.php\/2023\/12\/21\/fallece-la-periodista-cronista-y-escritora-cristina-pacheco\/#primaryimage"},"thumbnailUrl":"https:\/\/fuentesfidedignas.com.mx\/wp-content\/uploads\/2023\/12\/cristina-pacheco.png","articleSection":["NOTICIAS NACIONALES"],"inLanguage":"es","potentialAction":[{"@type":"CommentAction","name":"Comment","target":["https:\/\/fuentesfidedignas.com.mx\/index.php\/2023\/12\/21\/fallece-la-periodista-cronista-y-escritora-cristina-pacheco\/#respond"]}]},{"@type":"WebPage","@id":"https:\/\/fuentesfidedignas.com.mx\/index.php\/2023\/12\/21\/fallece-la-periodista-cronista-y-escritora-cristina-pacheco\/","url":"https:\/\/fuentesfidedignas.com.mx\/index.php\/2023\/12\/21\/fallece-la-periodista-cronista-y-escritora-cristina-pacheco\/","name":"Fallece la periodista, cronista y escritora Cristina Pacheco - Fuentes Fidedignas","isPartOf":{"@id":"https:\/\/fuentesfidedignas.com.mx\/#website"},"primaryImageOfPage":{"@id":"https:\/\/fuentesfidedignas.com.mx\/index.php\/2023\/12\/21\/fallece-la-periodista-cronista-y-escritora-cristina-pacheco\/#primaryimage"},"image":{"@id":"https:\/\/fuentesfidedignas.com.mx\/index.php\/2023\/12\/21\/fallece-la-periodista-cronista-y-escritora-cristina-pacheco\/#primaryimage"},"thumbnailUrl":"https:\/\/fuentesfidedignas.com.mx\/wp-content\/uploads\/2023\/12\/cristina-pacheco.png","datePublished":"2023-12-21T18:34:08+00:00","dateModified":"2023-12-21T18:34:11+00:00","breadcrumb":{"@id":"https:\/\/fuentesfidedignas.com.mx\/index.php\/2023\/12\/21\/fallece-la-periodista-cronista-y-escritora-cristina-pacheco\/#breadcrumb"},"inLanguage":"es","potentialAction":[{"@type":"ReadAction","target":["https:\/\/fuentesfidedignas.com.mx\/index.php\/2023\/12\/21\/fallece-la-periodista-cronista-y-escritora-cristina-pacheco\/"]}]},{"@type":"ImageObject","inLanguage":"es","@id":"https:\/\/fuentesfidedignas.com.mx\/index.php\/2023\/12\/21\/fallece-la-periodista-cronista-y-escritora-cristina-pacheco\/#primaryimage","url":"https:\/\/fuentesfidedignas.com.mx\/wp-content\/uploads\/2023\/12\/cristina-pacheco.png","contentUrl":"https:\/\/fuentesfidedignas.com.mx\/wp-content\/uploads\/2023\/12\/cristina-pacheco.png","width":1024,"height":711},{"@type":"BreadcrumbList","@id":"https:\/\/fuentesfidedignas.com.mx\/index.php\/2023\/12\/21\/fallece-la-periodista-cronista-y-escritora-cristina-pacheco\/#breadcrumb","itemListElement":[{"@type":"ListItem","position":1,"name":"Inicio","item":"https:\/\/fuentesfidedignas.com.mx\/"},{"@type":"ListItem","position":2,"name":"Fallece la periodista, cronista y escritora Cristina Pacheco"}]},{"@type":"WebSite","@id":"https:\/\/fuentesfidedignas.com.mx\/#website","url":"https:\/\/fuentesfidedignas.com.mx\/","name":"Fuentes Fidedignas","description":"Otro sitio realizado con WordPress","publisher":{"@id":"https:\/\/fuentesfidedignas.com.mx\/#organization"},"potentialAction":[{"@type":"SearchAction","target":{"@type":"EntryPoint","urlTemplate":"https:\/\/fuentesfidedignas.com.mx\/?s={search_term_string}"},"query-input":{"@type":"PropertyValueSpecification","valueRequired":true,"valueName":"search_term_string"}}],"inLanguage":"es"},{"@type":"Organization","@id":"https:\/\/fuentesfidedignas.com.mx\/#organization","name":"Fuentes Fidedignas","url":"https:\/\/fuentesfidedignas.com.mx\/","logo":{"@type":"ImageObject","inLanguage":"es","@id":"https:\/\/fuentesfidedignas.com.mx\/#\/schema\/logo\/image\/","url":"https:\/\/fuentesfidedignas.com.mx\/wp-content\/uploads\/2021\/04\/logo-retina.png","contentUrl":"https:\/\/fuentesfidedignas.com.mx\/wp-content\/uploads\/2021\/04\/logo-retina.png","width":280,"height":51,"caption":"Fuentes Fidedignas"},"image":{"@id":"https:\/\/fuentesfidedignas.com.mx\/#\/schema\/logo\/image\/"},"sameAs":["https:\/\/www.facebook.com\/Fuentes-Fidedignas-368234489921644","https:\/\/x.com\/fidedignas"]},{"@type":"Person","@id":"https:\/\/fuentesfidedignas.com.mx\/#\/schema\/person\/67d852f0557c8509146a4b9ddebd543a","name":"L\u00f3pez D\u00f3riga","image":{"@type":"ImageObject","inLanguage":"es","@id":"https:\/\/secure.gravatar.com\/avatar\/e525b06574ca18b33cded59dfe5778d6c823b9513154eff47da551b0551bdd1e?s=96&d=mm&r=g","url":"https:\/\/secure.gravatar.com\/avatar\/e525b06574ca18b33cded59dfe5778d6c823b9513154eff47da551b0551bdd1e?s=96&d=mm&r=g","contentUrl":"https:\/\/secure.gravatar.com\/avatar\/e525b06574ca18b33cded59dfe5778d6c823b9513154eff47da551b0551bdd1e?s=96&d=mm&r=g","caption":"L\u00f3pez D\u00f3riga"},"url":"https:\/\/fuentesfidedignas.com.mx\/index.php\/author\/doriga\/"}]}},"_links":{"self":[{"href":"https:\/\/fuentesfidedignas.com.mx\/index.php\/wp-json\/wp\/v2\/posts\/69194","targetHints":{"allow":["GET"]}}],"collection":[{"href":"https:\/\/fuentesfidedignas.com.mx\/index.php\/wp-json\/wp\/v2\/posts"}],"about":[{"href":"https:\/\/fuentesfidedignas.com.mx\/index.php\/wp-json\/wp\/v2\/types\/post"}],"author":[{"embeddable":true,"href":"https:\/\/fuentesfidedignas.com.mx\/index.php\/wp-json\/wp\/v2\/users\/47"}],"replies":[{"embeddable":true,"href":"https:\/\/fuentesfidedignas.com.mx\/index.php\/wp-json\/wp\/v2\/comments?post=69194"}],"version-history":[{"count":1,"href":"https:\/\/fuentesfidedignas.com.mx\/index.php\/wp-json\/wp\/v2\/posts\/69194\/revisions"}],"predecessor-version":[{"id":69196,"href":"https:\/\/fuentesfidedignas.com.mx\/index.php\/wp-json\/wp\/v2\/posts\/69194\/revisions\/69196"}],"wp:featuredmedia":[{"embeddable":true,"href":"https:\/\/fuentesfidedignas.com.mx\/index.php\/wp-json\/wp\/v2\/media\/69195"}],"wp:attachment":[{"href":"https:\/\/fuentesfidedignas.com.mx\/index.php\/wp-json\/wp\/v2\/media?parent=69194"}],"wp:term":[{"taxonomy":"category","embeddable":true,"href":"https:\/\/fuentesfidedignas.com.mx\/index.php\/wp-json\/wp\/v2\/categories?post=69194"},{"taxonomy":"post_tag","embeddable":true,"href":"https:\/\/fuentesfidedignas.com.mx\/index.php\/wp-json\/wp\/v2\/tags?post=69194"}],"curies":[{"name":"wp","href":"https:\/\/api.w.org\/{rel}","templated":true}]}}