{"id":69132,"date":"2023-12-20T08:46:29","date_gmt":"2023-12-20T15:46:29","guid":{"rendered":"https:\/\/fuentesfidedignas.com.mx\/?p=69132"},"modified":"2023-12-20T08:46:31","modified_gmt":"2023-12-20T15:46:31","slug":"este-es-el-cohete-cara-del-diablo-que-ha-matado-personas-en-mexico","status":"publish","type":"post","link":"https:\/\/fuentesfidedignas.com.mx\/index.php\/2023\/12\/20\/este-es-el-cohete-cara-del-diablo-que-ha-matado-personas-en-mexico\/","title":{"rendered":"Este es el cohete \u2018Cara del Diablo\u2019 que ha matado personas en M\u00e9xico"},"content":{"rendered":"\n<p><strong><em>A inicios de 2023 se report\u00f3 la muerte de un ni\u00f1o de seis a\u00f1os identificado como Johan en la comunidad de Ca\u00f1ada Ancha en Ramos Arizpe<\/em><\/strong><\/p>\n\n\n\n<p>Ciudad de M\u00e9xico. A pesar de las prohibiciones por parte de las autoridades sobre el uso de pirotecnia, en v\u00edsperas a las celebraciones de\u00a0<a href=\"https:\/\/www.excelsior.com.mx\/navidad\" target=\"_blank\" rel=\"noreferrer noopener\">Navidad<\/a>\u00a0y<a href=\"https:\/\/www.excelsior.com.mx\/ano-nuevo\" target=\"_blank\" rel=\"noreferrer noopener\">\u00a0A\u00f1o Nuevo<\/a>\u00a0algunas personas tienden a adquirirla sin detenerse a pensar en las consecuencias que esto puede traer.<\/p>\n\n\n\n<p>En el mercado existen un sinf\u00edn de productos de pirotecnia que hacen que esta actividad sea atractiva para las personas, especialmente para las y los ni\u00f1os, sin embargo, existe un artefacto pirot\u00e9cnico cuyo uso ha quedado restringido incluso por las autoridades, su nombre: cohete \u201cCara del Diablo\u201d.<\/p>\n\n\n\n<p>\u201c<strong>Cara del Diablo<\/strong>\u201d le hace honor a su nombre, ya que literalmente tiene la apariencia de un &#8220;demonio&#8221;. Su forma&nbsp; es triangular, es de color negro y cuenta con una amplia sonrisa que deja ver su dentadura, adem\u00e1s de poseer ojos pintados en color negro y tener en las esquinas superiores dos especies de \u201cpicos\u201d, que dan la apariencia de ser unos cuernos.&nbsp;&nbsp;<\/p>\n\n\n\n<p>Es de tomar en cuenta la peligrosidad de este producto, a diferencia de otros productos que contienen p\u00f3lvora, el cohete \u201c<strong>Cara del Diablo<\/strong>\u201d contiene una mezcla de p\u00f3lvora con \u00f3xido de aluminio, aunque tambi\u00e9n se asegura que, en lugar de p\u00f3lvora, esta clase de cohete tiene dinamita. La explosi\u00f3n de este cohete no es tan vistosa, pues de \u00e9l solo desprende humo en color negro y\/o gris, salvo que es muy ruidosa.<\/p>\n\n\n\n<p>En las&nbsp;<a href=\"https:\/\/www.excelsior.com.mx\/redes-sociales\" target=\"_blank\" rel=\"noreferrer noopener\">redes sociales<\/a>&nbsp;se han subido videos en los que se observa la potencia del cohete \u201cCara del Diablo\u201d. Un polic\u00eda explica la detonaci\u00f3n de este artefacto, el cual se coloca cercano a una sand\u00eda y, al explotar, destruye a la fruta en decenas de pedazos.<\/p>\n\n\n\n<p>Pese a que existen llamados de alerta sobre su uso, este\u00a0<strong>cohete\u00a0<\/strong>se sigue comercializando y a trav\u00e9s de redes sociales, la venta de esta clase de cohetes est\u00e1 al por mayor. Incluso hay publicaciones en donde usuarios venden paquetes que contienen varios productos de pirotecnia, entre ellos, el \u201c<strong>Cara del Diablo<\/strong>\u201d. A su vez, tambi\u00e9n es posible encontrar su venta individual, la cual ronda desde los 80 hasta los 180 pesos.<\/p>\n\n\n\n<h2 class=\"wp-block-heading\">\u201cCara del Diablo\u201d, causante de muertes<\/h2>\n\n\n\n<p>Las detonaciones de \u201c<strong>Cara del Diablo<\/strong>\u201d han derivado en diversos accidentes que han terminado en tragedia. Fue a inicios de 2023 cuando se report\u00f3 la muerte de un ni\u00f1o de seis a\u00f1os identificado como Johan en la comunidad de Ca\u00f1ada Ancha en&nbsp;<strong>Ramos Arizpe<\/strong>, Coahuila.<\/p>\n\n\n\n<p>En ese momento se inform\u00f3 que el ni\u00f1o hab\u00eda encendido este cohete, el cual al tener la mecha muy corta explot\u00f3 de inmediato y no le dio tiempo al ni\u00f1o de alejarse lo suficiente. Debido a las&nbsp;<strong>serias lesiones<\/strong>&nbsp;a causa de las quemaduras, el peque\u00f1o Johan muri\u00f3, dejando un vac\u00edo irreparable en su familia.<\/p>\n\n\n\n<p>Otro hecho tuvo lugar en Reynosa, Tamaulipas, donde<strong>&nbsp;un hombre muri\u00f3<\/strong>&nbsp;luego de encender este cohete, el cual termin\u00f3 por explotarle en su cabeza.<\/p>\n\n\n\n<h2 class=\"wp-block-heading\">Qu\u00e9 dice la ley sobre el uso de pirotecnia<\/h2>\n\n\n\n<p>Las autoridades gubernamentales han fortalecido sus reglamentos respecto al uso de pirotecnia, a trav\u00e9s del establecimiento de multas por el&nbsp;<strong>uso indebido de cohetes<\/strong>.<\/p>\n\n\n\n<p>Por ejemplo, en&nbsp;<strong>Nuevo Le\u00f3n&nbsp;<\/strong>se ha establecido que la multa que tendr\u00e1n que pagar aquellos que vendan o utilicen pirotecnia en esta temporada decembrina ser\u00e1 desde ocho mil hasta un mill\u00f3n de pesos.<\/p>\n\n\n\n<p>El pasado 15 de diciembre de 2023 cuando se public\u00f3 en el Peri\u00f3dico Oficial del Estado (POE) el decreto para evitar el uso de artificios pirot\u00e9cnicos en Nuevo Le\u00f3n, en el cual se se\u00f1alaron las prohibiciones de venta y autorizaci\u00f3n para comercializar estos productos.\u00a0<\/p>\n\n\n\n<p>&#8220;<strong>Este decreto para limitar el uso de la pirotecnia en el Estado. Con este decreto se busca evitar la instalaci\u00f3n de mercados y establecimientos de compra y venta de pirotecnia. El gobernador no va a dar el visto bueno para el establecimiento de estos mercados\u201d, se lee en el decreto.<\/strong><\/p>\n\n\n\n<p><\/p>\n","protected":false},"excerpt":{"rendered":"<p>A inicios de 2023 se report\u00f3 la muerte de un ni\u00f1o de seis a\u00f1os identificado como Johan en la comunidad de Ca\u00f1ada Ancha en Ramos Arizpe Ciudad de M\u00e9xico. A pesar de las prohibiciones por parte de las autoridades sobre el uso de pirotecnia, en v\u00edsperas a las celebraciones de\u00a0Navidad\u00a0y\u00a0A\u00f1o Nuevo\u00a0algunas personas tienden a adquirirla [&hellip;]<\/p>\n","protected":false},"author":7,"featured_media":69133,"comment_status":"open","ping_status":"open","sticky":false,"template":"","format":"standard","meta":{"tdm_status":"","tdm_grid_status":"","footnotes":""},"categories":[39],"tags":[],"class_list":{"0":"post-69132","1":"post","2":"type-post","3":"status-publish","4":"format-standard","5":"has-post-thumbnail","7":"category-noticias-nacionales"},"yoast_head":"<!-- This site is optimized with the Yoast SEO plugin v27.5 - https:\/\/yoast.com\/product\/yoast-seo-wordpress\/ -->\n<title>Este es el cohete \u2018Cara del Diablo\u2019 que ha matado personas en M\u00e9xico - Fuentes Fidedignas<\/title>\n<meta name=\"robots\" content=\"index, follow, max-snippet:-1, max-image-preview:large, max-video-preview:-1\" \/>\n<link rel=\"canonical\" href=\"https:\/\/fuentesfidedignas.com.mx\/index.php\/2023\/12\/20\/este-es-el-cohete-cara-del-diablo-que-ha-matado-personas-en-mexico\/\" \/>\n<meta property=\"og:locale\" content=\"es_MX\" \/>\n<meta property=\"og:type\" content=\"article\" \/>\n<meta property=\"og:title\" content=\"Este es el cohete \u2018Cara del Diablo\u2019 que ha matado personas en M\u00e9xico - Fuentes Fidedignas\" \/>\n<meta property=\"og:description\" content=\"A inicios de 2023 se report\u00f3 la muerte de un ni\u00f1o de seis a\u00f1os identificado como Johan en la comunidad de Ca\u00f1ada Ancha en Ramos Arizpe Ciudad de M\u00e9xico. A pesar de las prohibiciones por parte de las autoridades sobre el uso de pirotecnia, en v\u00edsperas a las celebraciones de\u00a0Navidad\u00a0y\u00a0A\u00f1o Nuevo\u00a0algunas personas tienden a adquirirla [&hellip;]\" \/>\n<meta property=\"og:url\" content=\"https:\/\/fuentesfidedignas.com.mx\/index.php\/2023\/12\/20\/este-es-el-cohete-cara-del-diablo-que-ha-matado-personas-en-mexico\/\" \/>\n<meta property=\"og:site_name\" content=\"Fuentes Fidedignas\" \/>\n<meta property=\"article:publisher\" content=\"https:\/\/www.facebook.com\/Fuentes-Fidedignas-368234489921644\" \/>\n<meta property=\"article:published_time\" content=\"2023-12-20T15:46:29+00:00\" \/>\n<meta property=\"article:modified_time\" content=\"2023-12-20T15:46:31+00:00\" \/>\n<meta property=\"og:image\" content=\"https:\/\/fuentesfidedignas.com.mx\/wp-content\/uploads\/2023\/12\/3050998.jpg\" \/>\n\t<meta property=\"og:image:width\" content=\"800\" \/>\n\t<meta property=\"og:image:height\" content=\"600\" \/>\n\t<meta property=\"og:image:type\" content=\"image\/jpeg\" \/>\n<meta name=\"author\" content=\"Exc\u00e9lsior\" \/>\n<meta name=\"twitter:card\" content=\"summary_large_image\" \/>\n<meta name=\"twitter:creator\" content=\"@fidedignas\" \/>\n<meta name=\"twitter:site\" content=\"@fidedignas\" \/>\n<meta name=\"twitter:label1\" content=\"Escrito por\" \/>\n\t<meta name=\"twitter:data1\" content=\"Exc\u00e9lsior\" \/>\n\t<meta name=\"twitter:label2\" content=\"Tiempo de lectura\" \/>\n\t<meta name=\"twitter:data2\" content=\"4 minutos\" \/>\n<script type=\"application\/ld+json\" class=\"yoast-schema-graph\">{\"@context\":\"https:\\\/\\\/schema.org\",\"@graph\":[{\"@type\":\"Article\",\"@id\":\"https:\\\/\\\/fuentesfidedignas.com.mx\\\/index.php\\\/2023\\\/12\\\/20\\\/este-es-el-cohete-cara-del-diablo-que-ha-matado-personas-en-mexico\\\/#article\",\"isPartOf\":{\"@id\":\"https:\\\/\\\/fuentesfidedignas.com.mx\\\/index.php\\\/2023\\\/12\\\/20\\\/este-es-el-cohete-cara-del-diablo-que-ha-matado-personas-en-mexico\\\/\"},\"author\":{\"name\":\"Exc\u00e9lsior\",\"@id\":\"https:\\\/\\\/fuentesfidedignas.com.mx\\\/#\\\/schema\\\/person\\\/ec4edd1fbf5efa3e44fce34fe2787780\"},\"headline\":\"Este es el cohete \u2018Cara del Diablo\u2019 que ha matado personas en M\u00e9xico\",\"datePublished\":\"2023-12-20T15:46:29+00:00\",\"dateModified\":\"2023-12-20T15:46:31+00:00\",\"mainEntityOfPage\":{\"@id\":\"https:\\\/\\\/fuentesfidedignas.com.mx\\\/index.php\\\/2023\\\/12\\\/20\\\/este-es-el-cohete-cara-del-diablo-que-ha-matado-personas-en-mexico\\\/\"},\"wordCount\":722,\"commentCount\":0,\"publisher\":{\"@id\":\"https:\\\/\\\/fuentesfidedignas.com.mx\\\/#organization\"},\"image\":{\"@id\":\"https:\\\/\\\/fuentesfidedignas.com.mx\\\/index.php\\\/2023\\\/12\\\/20\\\/este-es-el-cohete-cara-del-diablo-que-ha-matado-personas-en-mexico\\\/#primaryimage\"},\"thumbnailUrl\":\"https:\\\/\\\/fuentesfidedignas.com.mx\\\/wp-content\\\/uploads\\\/2023\\\/12\\\/3050998.jpg\",\"articleSection\":[\"NOTICIAS NACIONALES\"],\"inLanguage\":\"es\",\"potentialAction\":[{\"@type\":\"CommentAction\",\"name\":\"Comment\",\"target\":[\"https:\\\/\\\/fuentesfidedignas.com.mx\\\/index.php\\\/2023\\\/12\\\/20\\\/este-es-el-cohete-cara-del-diablo-que-ha-matado-personas-en-mexico\\\/#respond\"]}]},{\"@type\":\"WebPage\",\"@id\":\"https:\\\/\\\/fuentesfidedignas.com.mx\\\/index.php\\\/2023\\\/12\\\/20\\\/este-es-el-cohete-cara-del-diablo-que-ha-matado-personas-en-mexico\\\/\",\"url\":\"https:\\\/\\\/fuentesfidedignas.com.mx\\\/index.php\\\/2023\\\/12\\\/20\\\/este-es-el-cohete-cara-del-diablo-que-ha-matado-personas-en-mexico\\\/\",\"name\":\"Este es el cohete \u2018Cara del Diablo\u2019 que ha matado personas en M\u00e9xico - Fuentes Fidedignas\",\"isPartOf\":{\"@id\":\"https:\\\/\\\/fuentesfidedignas.com.mx\\\/#website\"},\"primaryImageOfPage\":{\"@id\":\"https:\\\/\\\/fuentesfidedignas.com.mx\\\/index.php\\\/2023\\\/12\\\/20\\\/este-es-el-cohete-cara-del-diablo-que-ha-matado-personas-en-mexico\\\/#primaryimage\"},\"image\":{\"@id\":\"https:\\\/\\\/fuentesfidedignas.com.mx\\\/index.php\\\/2023\\\/12\\\/20\\\/este-es-el-cohete-cara-del-diablo-que-ha-matado-personas-en-mexico\\\/#primaryimage\"},\"thumbnailUrl\":\"https:\\\/\\\/fuentesfidedignas.com.mx\\\/wp-content\\\/uploads\\\/2023\\\/12\\\/3050998.jpg\",\"datePublished\":\"2023-12-20T15:46:29+00:00\",\"dateModified\":\"2023-12-20T15:46:31+00:00\",\"breadcrumb\":{\"@id\":\"https:\\\/\\\/fuentesfidedignas.com.mx\\\/index.php\\\/2023\\\/12\\\/20\\\/este-es-el-cohete-cara-del-diablo-que-ha-matado-personas-en-mexico\\\/#breadcrumb\"},\"inLanguage\":\"es\",\"potentialAction\":[{\"@type\":\"ReadAction\",\"target\":[\"https:\\\/\\\/fuentesfidedignas.com.mx\\\/index.php\\\/2023\\\/12\\\/20\\\/este-es-el-cohete-cara-del-diablo-que-ha-matado-personas-en-mexico\\\/\"]}]},{\"@type\":\"ImageObject\",\"inLanguage\":\"es\",\"@id\":\"https:\\\/\\\/fuentesfidedignas.com.mx\\\/index.php\\\/2023\\\/12\\\/20\\\/este-es-el-cohete-cara-del-diablo-que-ha-matado-personas-en-mexico\\\/#primaryimage\",\"url\":\"https:\\\/\\\/fuentesfidedignas.com.mx\\\/wp-content\\\/uploads\\\/2023\\\/12\\\/3050998.jpg\",\"contentUrl\":\"https:\\\/\\\/fuentesfidedignas.com.mx\\\/wp-content\\\/uploads\\\/2023\\\/12\\\/3050998.jpg\",\"width\":800,\"height\":600},{\"@type\":\"BreadcrumbList\",\"@id\":\"https:\\\/\\\/fuentesfidedignas.com.mx\\\/index.php\\\/2023\\\/12\\\/20\\\/este-es-el-cohete-cara-del-diablo-que-ha-matado-personas-en-mexico\\\/#breadcrumb\",\"itemListElement\":[{\"@type\":\"ListItem\",\"position\":1,\"name\":\"Inicio\",\"item\":\"https:\\\/\\\/fuentesfidedignas.com.mx\\\/\"},{\"@type\":\"ListItem\",\"position\":2,\"name\":\"Este es el cohete \u2018Cara del Diablo\u2019 que ha matado personas en M\u00e9xico\"}]},{\"@type\":\"WebSite\",\"@id\":\"https:\\\/\\\/fuentesfidedignas.com.mx\\\/#website\",\"url\":\"https:\\\/\\\/fuentesfidedignas.com.mx\\\/\",\"name\":\"Fuentes Fidedignas\",\"description\":\"Otro sitio realizado con WordPress\",\"publisher\":{\"@id\":\"https:\\\/\\\/fuentesfidedignas.com.mx\\\/#organization\"},\"potentialAction\":[{\"@type\":\"SearchAction\",\"target\":{\"@type\":\"EntryPoint\",\"urlTemplate\":\"https:\\\/\\\/fuentesfidedignas.com.mx\\\/?s={search_term_string}\"},\"query-input\":{\"@type\":\"PropertyValueSpecification\",\"valueRequired\":true,\"valueName\":\"search_term_string\"}}],\"inLanguage\":\"es\"},{\"@type\":\"Organization\",\"@id\":\"https:\\\/\\\/fuentesfidedignas.com.mx\\\/#organization\",\"name\":\"Fuentes Fidedignas\",\"url\":\"https:\\\/\\\/fuentesfidedignas.com.mx\\\/\",\"logo\":{\"@type\":\"ImageObject\",\"inLanguage\":\"es\",\"@id\":\"https:\\\/\\\/fuentesfidedignas.com.mx\\\/#\\\/schema\\\/logo\\\/image\\\/\",\"url\":\"https:\\\/\\\/fuentesfidedignas.com.mx\\\/wp-content\\\/uploads\\\/2021\\\/04\\\/logo-retina.png\",\"contentUrl\":\"https:\\\/\\\/fuentesfidedignas.com.mx\\\/wp-content\\\/uploads\\\/2021\\\/04\\\/logo-retina.png\",\"width\":280,\"height\":51,\"caption\":\"Fuentes Fidedignas\"},\"image\":{\"@id\":\"https:\\\/\\\/fuentesfidedignas.com.mx\\\/#\\\/schema\\\/logo\\\/image\\\/\"},\"sameAs\":[\"https:\\\/\\\/www.facebook.com\\\/Fuentes-Fidedignas-368234489921644\",\"https:\\\/\\\/x.com\\\/fidedignas\"]},{\"@type\":\"Person\",\"@id\":\"https:\\\/\\\/fuentesfidedignas.com.mx\\\/#\\\/schema\\\/person\\\/ec4edd1fbf5efa3e44fce34fe2787780\",\"name\":\"Exc\u00e9lsior\",\"image\":{\"@type\":\"ImageObject\",\"inLanguage\":\"es\",\"@id\":\"https:\\\/\\\/secure.gravatar.com\\\/avatar\\\/4b7ee9206b48be08447852b3f0814dbc7c0f3b51541b164f1464a2725614020b?s=96&d=mm&r=g\",\"url\":\"https:\\\/\\\/secure.gravatar.com\\\/avatar\\\/4b7ee9206b48be08447852b3f0814dbc7c0f3b51541b164f1464a2725614020b?s=96&d=mm&r=g\",\"contentUrl\":\"https:\\\/\\\/secure.gravatar.com\\\/avatar\\\/4b7ee9206b48be08447852b3f0814dbc7c0f3b51541b164f1464a2725614020b?s=96&d=mm&r=g\",\"caption\":\"Exc\u00e9lsior\"},\"url\":\"https:\\\/\\\/fuentesfidedignas.com.mx\\\/index.php\\\/author\\\/excelsior\\\/\"}]}<\/script>\n<!-- \/ Yoast SEO plugin. -->","yoast_head_json":{"title":"Este es el cohete \u2018Cara del Diablo\u2019 que ha matado personas en M\u00e9xico - Fuentes Fidedignas","robots":{"index":"index","follow":"follow","max-snippet":"max-snippet:-1","max-image-preview":"max-image-preview:large","max-video-preview":"max-video-preview:-1"},"canonical":"https:\/\/fuentesfidedignas.com.mx\/index.php\/2023\/12\/20\/este-es-el-cohete-cara-del-diablo-que-ha-matado-personas-en-mexico\/","og_locale":"es_MX","og_type":"article","og_title":"Este es el cohete \u2018Cara del Diablo\u2019 que ha matado personas en M\u00e9xico - Fuentes Fidedignas","og_description":"A inicios de 2023 se report\u00f3 la muerte de un ni\u00f1o de seis a\u00f1os identificado como Johan en la comunidad de Ca\u00f1ada Ancha en Ramos Arizpe Ciudad de M\u00e9xico. A pesar de las prohibiciones por parte de las autoridades sobre el uso de pirotecnia, en v\u00edsperas a las celebraciones de\u00a0Navidad\u00a0y\u00a0A\u00f1o Nuevo\u00a0algunas personas tienden a adquirirla [&hellip;]","og_url":"https:\/\/fuentesfidedignas.com.mx\/index.php\/2023\/12\/20\/este-es-el-cohete-cara-del-diablo-que-ha-matado-personas-en-mexico\/","og_site_name":"Fuentes Fidedignas","article_publisher":"https:\/\/www.facebook.com\/Fuentes-Fidedignas-368234489921644","article_published_time":"2023-12-20T15:46:29+00:00","article_modified_time":"2023-12-20T15:46:31+00:00","og_image":[{"width":800,"height":600,"url":"https:\/\/fuentesfidedignas.com.mx\/wp-content\/uploads\/2023\/12\/3050998.jpg","type":"image\/jpeg"}],"author":"Exc\u00e9lsior","twitter_card":"summary_large_image","twitter_creator":"@fidedignas","twitter_site":"@fidedignas","twitter_misc":{"Escrito por":"Exc\u00e9lsior","Tiempo de lectura":"4 minutos"},"schema":{"@context":"https:\/\/schema.org","@graph":[{"@type":"Article","@id":"https:\/\/fuentesfidedignas.com.mx\/index.php\/2023\/12\/20\/este-es-el-cohete-cara-del-diablo-que-ha-matado-personas-en-mexico\/#article","isPartOf":{"@id":"https:\/\/fuentesfidedignas.com.mx\/index.php\/2023\/12\/20\/este-es-el-cohete-cara-del-diablo-que-ha-matado-personas-en-mexico\/"},"author":{"name":"Exc\u00e9lsior","@id":"https:\/\/fuentesfidedignas.com.mx\/#\/schema\/person\/ec4edd1fbf5efa3e44fce34fe2787780"},"headline":"Este es el cohete \u2018Cara del Diablo\u2019 que ha matado personas en M\u00e9xico","datePublished":"2023-12-20T15:46:29+00:00","dateModified":"2023-12-20T15:46:31+00:00","mainEntityOfPage":{"@id":"https:\/\/fuentesfidedignas.com.mx\/index.php\/2023\/12\/20\/este-es-el-cohete-cara-del-diablo-que-ha-matado-personas-en-mexico\/"},"wordCount":722,"commentCount":0,"publisher":{"@id":"https:\/\/fuentesfidedignas.com.mx\/#organization"},"image":{"@id":"https:\/\/fuentesfidedignas.com.mx\/index.php\/2023\/12\/20\/este-es-el-cohete-cara-del-diablo-que-ha-matado-personas-en-mexico\/#primaryimage"},"thumbnailUrl":"https:\/\/fuentesfidedignas.com.mx\/wp-content\/uploads\/2023\/12\/3050998.jpg","articleSection":["NOTICIAS NACIONALES"],"inLanguage":"es","potentialAction":[{"@type":"CommentAction","name":"Comment","target":["https:\/\/fuentesfidedignas.com.mx\/index.php\/2023\/12\/20\/este-es-el-cohete-cara-del-diablo-que-ha-matado-personas-en-mexico\/#respond"]}]},{"@type":"WebPage","@id":"https:\/\/fuentesfidedignas.com.mx\/index.php\/2023\/12\/20\/este-es-el-cohete-cara-del-diablo-que-ha-matado-personas-en-mexico\/","url":"https:\/\/fuentesfidedignas.com.mx\/index.php\/2023\/12\/20\/este-es-el-cohete-cara-del-diablo-que-ha-matado-personas-en-mexico\/","name":"Este es el cohete \u2018Cara del Diablo\u2019 que ha matado personas en M\u00e9xico - Fuentes Fidedignas","isPartOf":{"@id":"https:\/\/fuentesfidedignas.com.mx\/#website"},"primaryImageOfPage":{"@id":"https:\/\/fuentesfidedignas.com.mx\/index.php\/2023\/12\/20\/este-es-el-cohete-cara-del-diablo-que-ha-matado-personas-en-mexico\/#primaryimage"},"image":{"@id":"https:\/\/fuentesfidedignas.com.mx\/index.php\/2023\/12\/20\/este-es-el-cohete-cara-del-diablo-que-ha-matado-personas-en-mexico\/#primaryimage"},"thumbnailUrl":"https:\/\/fuentesfidedignas.com.mx\/wp-content\/uploads\/2023\/12\/3050998.jpg","datePublished":"2023-12-20T15:46:29+00:00","dateModified":"2023-12-20T15:46:31+00:00","breadcrumb":{"@id":"https:\/\/fuentesfidedignas.com.mx\/index.php\/2023\/12\/20\/este-es-el-cohete-cara-del-diablo-que-ha-matado-personas-en-mexico\/#breadcrumb"},"inLanguage":"es","potentialAction":[{"@type":"ReadAction","target":["https:\/\/fuentesfidedignas.com.mx\/index.php\/2023\/12\/20\/este-es-el-cohete-cara-del-diablo-que-ha-matado-personas-en-mexico\/"]}]},{"@type":"ImageObject","inLanguage":"es","@id":"https:\/\/fuentesfidedignas.com.mx\/index.php\/2023\/12\/20\/este-es-el-cohete-cara-del-diablo-que-ha-matado-personas-en-mexico\/#primaryimage","url":"https:\/\/fuentesfidedignas.com.mx\/wp-content\/uploads\/2023\/12\/3050998.jpg","contentUrl":"https:\/\/fuentesfidedignas.com.mx\/wp-content\/uploads\/2023\/12\/3050998.jpg","width":800,"height":600},{"@type":"BreadcrumbList","@id":"https:\/\/fuentesfidedignas.com.mx\/index.php\/2023\/12\/20\/este-es-el-cohete-cara-del-diablo-que-ha-matado-personas-en-mexico\/#breadcrumb","itemListElement":[{"@type":"ListItem","position":1,"name":"Inicio","item":"https:\/\/fuentesfidedignas.com.mx\/"},{"@type":"ListItem","position":2,"name":"Este es el cohete \u2018Cara del Diablo\u2019 que ha matado personas en M\u00e9xico"}]},{"@type":"WebSite","@id":"https:\/\/fuentesfidedignas.com.mx\/#website","url":"https:\/\/fuentesfidedignas.com.mx\/","name":"Fuentes Fidedignas","description":"Otro sitio realizado con WordPress","publisher":{"@id":"https:\/\/fuentesfidedignas.com.mx\/#organization"},"potentialAction":[{"@type":"SearchAction","target":{"@type":"EntryPoint","urlTemplate":"https:\/\/fuentesfidedignas.com.mx\/?s={search_term_string}"},"query-input":{"@type":"PropertyValueSpecification","valueRequired":true,"valueName":"search_term_string"}}],"inLanguage":"es"},{"@type":"Organization","@id":"https:\/\/fuentesfidedignas.com.mx\/#organization","name":"Fuentes Fidedignas","url":"https:\/\/fuentesfidedignas.com.mx\/","logo":{"@type":"ImageObject","inLanguage":"es","@id":"https:\/\/fuentesfidedignas.com.mx\/#\/schema\/logo\/image\/","url":"https:\/\/fuentesfidedignas.com.mx\/wp-content\/uploads\/2021\/04\/logo-retina.png","contentUrl":"https:\/\/fuentesfidedignas.com.mx\/wp-content\/uploads\/2021\/04\/logo-retina.png","width":280,"height":51,"caption":"Fuentes Fidedignas"},"image":{"@id":"https:\/\/fuentesfidedignas.com.mx\/#\/schema\/logo\/image\/"},"sameAs":["https:\/\/www.facebook.com\/Fuentes-Fidedignas-368234489921644","https:\/\/x.com\/fidedignas"]},{"@type":"Person","@id":"https:\/\/fuentesfidedignas.com.mx\/#\/schema\/person\/ec4edd1fbf5efa3e44fce34fe2787780","name":"Exc\u00e9lsior","image":{"@type":"ImageObject","inLanguage":"es","@id":"https:\/\/secure.gravatar.com\/avatar\/4b7ee9206b48be08447852b3f0814dbc7c0f3b51541b164f1464a2725614020b?s=96&d=mm&r=g","url":"https:\/\/secure.gravatar.com\/avatar\/4b7ee9206b48be08447852b3f0814dbc7c0f3b51541b164f1464a2725614020b?s=96&d=mm&r=g","contentUrl":"https:\/\/secure.gravatar.com\/avatar\/4b7ee9206b48be08447852b3f0814dbc7c0f3b51541b164f1464a2725614020b?s=96&d=mm&r=g","caption":"Exc\u00e9lsior"},"url":"https:\/\/fuentesfidedignas.com.mx\/index.php\/author\/excelsior\/"}]}},"_links":{"self":[{"href":"https:\/\/fuentesfidedignas.com.mx\/index.php\/wp-json\/wp\/v2\/posts\/69132","targetHints":{"allow":["GET"]}}],"collection":[{"href":"https:\/\/fuentesfidedignas.com.mx\/index.php\/wp-json\/wp\/v2\/posts"}],"about":[{"href":"https:\/\/fuentesfidedignas.com.mx\/index.php\/wp-json\/wp\/v2\/types\/post"}],"author":[{"embeddable":true,"href":"https:\/\/fuentesfidedignas.com.mx\/index.php\/wp-json\/wp\/v2\/users\/7"}],"replies":[{"embeddable":true,"href":"https:\/\/fuentesfidedignas.com.mx\/index.php\/wp-json\/wp\/v2\/comments?post=69132"}],"version-history":[{"count":1,"href":"https:\/\/fuentesfidedignas.com.mx\/index.php\/wp-json\/wp\/v2\/posts\/69132\/revisions"}],"predecessor-version":[{"id":69134,"href":"https:\/\/fuentesfidedignas.com.mx\/index.php\/wp-json\/wp\/v2\/posts\/69132\/revisions\/69134"}],"wp:featuredmedia":[{"embeddable":true,"href":"https:\/\/fuentesfidedignas.com.mx\/index.php\/wp-json\/wp\/v2\/media\/69133"}],"wp:attachment":[{"href":"https:\/\/fuentesfidedignas.com.mx\/index.php\/wp-json\/wp\/v2\/media?parent=69132"}],"wp:term":[{"taxonomy":"category","embeddable":true,"href":"https:\/\/fuentesfidedignas.com.mx\/index.php\/wp-json\/wp\/v2\/categories?post=69132"},{"taxonomy":"post_tag","embeddable":true,"href":"https:\/\/fuentesfidedignas.com.mx\/index.php\/wp-json\/wp\/v2\/tags?post=69132"}],"curies":[{"name":"wp","href":"https:\/\/api.w.org\/{rel}","templated":true}]}}