{"id":69088,"date":"2023-12-19T10:20:40","date_gmt":"2023-12-19T17:20:40","guid":{"rendered":"https:\/\/fuentesfidedignas.com.mx\/?p=69088"},"modified":"2023-12-19T10:22:49","modified_gmt":"2023-12-19T17:22:49","slug":"ajustan-a-11-cifra-de-muertos-en-posada-en-salvatierra-les-dispararon-195-veces","status":"publish","type":"post","link":"https:\/\/fuentesfidedignas.com.mx\/index.php\/2023\/12\/19\/ajustan-a-11-cifra-de-muertos-en-posada-en-salvatierra-les-dispararon-195-veces\/","title":{"rendered":"Ajustan a 11 cifra de muertos en posada en Salvatierra; les dispararon 195 veces"},"content":{"rendered":"\n<p><br><strong><em>El ataque en Salvatierra se deber\u00eda a que organizadores negaron la entrada a un grupo de personas ajenas al evento<\/em><\/strong><\/p>\n\n\n\n<p>Guanajuato. Sicarios disparararon<strong>&nbsp;195 proyectiles&nbsp;<\/strong>contra los asistentes a una&nbsp;<a href=\"https:\/\/www.excelsior.com.mx\/nacional\/violencia-desmedida-salvatierra-el-contexto-de-una-nueva-masacre\/1626063\" target=\"_blank\" rel=\"noreferrer noopener\"><strong>posada en Salvatierra, Guanajuato<\/strong><\/a>, en la exhacienda de San Jos\u00e9 del Carmen durante la madrugada del domingo 17 de diciembre, revel\u00f3 la fiscal\u00eda del estado, la cual precis\u00f3 que el&nbsp;<a href=\"https:\/\/www.excelsior.com.mx\/nacional\/thalia-cornejo-ex-reina-de-belleza-asesinada-en-salvatierra\/1625972\" target=\"_blank\" rel=\"noreferrer noopener\"><strong>n\u00famero de v\u00edctimas por el ataque&nbsp;es de 11 y no de 12<\/strong><\/a>&nbsp;como se inform\u00f3 previamente, adem\u00e1s de que fueron 14 las personas lesionadas.<\/p>\n\n\n\n<p>La Fiscal\u00eda de Guanajuato indic\u00f3 que inicialmente se inform\u00f3 que eran 12 los muertos por el ataque en Salvatierra debido a que&nbsp;<strong>ingres\u00f3 al hospital un lesionado a la misma hora que otros heridos del evento<\/strong>; sin embargo, &#8220;posteriormente se pudo establecer que este doceavo no estaba relacionado con los hechos citados\u201d.<\/p>\n\n\n\n<p>Adem\u00e1s, se\u00f1al\u00f3 que una de las hip\u00f3tesis del ataque es que los&nbsp;<strong>asistentes a la posada impidieron el ingreso a un grupo de personas ajenas al evento<\/strong>, quienes se retiraron del lugar, pero m\u00e1s tarde regresaron y dispararon con armas de grueso calibre contra quienes se encontraban en la exhacienda de San Jos\u00e9 del Carmen.<\/p>\n\n\n\n<blockquote class=\"wp-block-quote is-layout-flow wp-block-quote-is-layout-flow\">\n<p>\u201cDe acuerdo a los establecido, un grupo de personas, llegaron al lugar de la convivencia, por lo que varios de los asistentes que se encontraban en el evento les pidieron que se retiraran y ante ello se retiraron, pero posteriormente regresaron&nbsp;acompa\u00f1ados de otro grupo de personas que portaban armas de fuego y fue en ese momento que comenzaron a disparar contra los presentes, adem\u00e1s de provocar da\u00f1os por incendio a diversos veh\u00edculos de motor que se encontraban estacionados en el lugar\u201d, detall\u00f3.<\/p>\n<\/blockquote>\n\n\n\n<p>Lo anterior deriva de 35 entrevistas realizadas a testigos, quienes narraron lo que sucedi\u00f3 previo al&nbsp;<strong>ataque que dej\u00f3 11 j\u00f3venes muertos<\/strong>.<\/p>\n\n\n\n<p>En el lugar del ataque las autoridades han logrado recabar 195 elementos bal\u00edsticos de varias&nbsp;<strong>armas largas de calibres&nbsp;.223 y 7.62<\/strong>. En la zona del ataque permanecer\u00e1 el grupo multidisciplinario asignado al caso hasta esclarecer los hechos y dar con los responsables del multihomicidio.<\/p>\n\n\n\n<blockquote class=\"wp-block-quote is-layout-flow wp-block-quote-is-layout-flow\">\n<p>\u201cEn el lugar de los hechos, peritos de la Agencia de Investigaci\u00f3n Criminal recabaron diversos indicios, entre los que destacan 195 elementos bal\u00edsticos que corresponden a varias armas largas calibre .223 y 7.62 de diversos calibres\u201d.<\/p>\n<\/blockquote>\n\n\n\n<h2 class=\"wp-block-heading\">Comando irrumpe en posada en Salvatierra<\/h2>\n\n\n\n<p>Durante la madrugada del domingo 17 de diciembre un comando irrumpi\u00f3 en una posada que se realizaba en la hacienda de San Jos\u00e9 del Carmen en Salvatierra, Guanajuato, y abri\u00f3 fuego contra las personas que se encontraban en el lugar.<\/p>\n\n\n\n<p>Derivado del ataque, 11&nbsp;j\u00f3venes perdieron la vida y se report\u00f3 que decenas m\u00e1s resultaron heridos, por lo que fueron trasladados a diversos hospitales.<\/p>\n\n\n\n<blockquote class=\"wp-block-quote is-layout-flow wp-block-quote-is-layout-flow\">\n<p>&#8220;Los conoc\u00eda (a las v\u00edctimas) y s\u00e9 que eran j\u00f3venes buenos, ciudadanos salvaterrenses buenos y que por supuesto nos indigna y entristece este hecho&#8221;, dijo el alcalde de Salvatierra, Germ\u00e1n Cervan<\/p>\n<\/blockquote>\n","protected":false},"excerpt":{"rendered":"<p>El ataque en Salvatierra se deber\u00eda a que organizadores negaron la entrada a un grupo de personas ajenas al evento Guanajuato. Sicarios disparararon&nbsp;195 proyectiles&nbsp;contra los asistentes a una&nbsp;posada en Salvatierra, Guanajuato, en la exhacienda de San Jos\u00e9 del Carmen durante la madrugada del domingo 17 de diciembre, revel\u00f3 la fiscal\u00eda del estado, la cual precis\u00f3 [&hellip;]<\/p>\n","protected":false},"author":12,"featured_media":69089,"comment_status":"open","ping_status":"open","sticky":false,"template":"","format":"standard","meta":{"tdm_status":"","tdm_grid_status":"","footnotes":""},"categories":[39],"tags":[],"class_list":{"0":"post-69088","1":"post","2":"type-post","3":"status-publish","4":"format-standard","5":"has-post-thumbnail","7":"category-noticias-nacionales"},"yoast_head":"<!-- This site is optimized with the Yoast SEO plugin v27.5 - https:\/\/yoast.com\/product\/yoast-seo-wordpress\/ -->\n<title>Ajustan a 11 cifra de muertos en posada en Salvatierra; les dispararon 195 veces - Fuentes Fidedignas<\/title>\n<meta name=\"robots\" content=\"index, follow, max-snippet:-1, max-image-preview:large, max-video-preview:-1\" \/>\n<link rel=\"canonical\" href=\"https:\/\/fuentesfidedignas.com.mx\/index.php\/2023\/12\/19\/ajustan-a-11-cifra-de-muertos-en-posada-en-salvatierra-les-dispararon-195-veces\/\" \/>\n<meta property=\"og:locale\" content=\"es_MX\" \/>\n<meta property=\"og:type\" content=\"article\" \/>\n<meta property=\"og:title\" content=\"Ajustan a 11 cifra de muertos en posada en Salvatierra; les dispararon 195 veces - Fuentes Fidedignas\" \/>\n<meta property=\"og:description\" content=\"El ataque en Salvatierra se deber\u00eda a que organizadores negaron la entrada a un grupo de personas ajenas al evento Guanajuato. Sicarios disparararon&nbsp;195 proyectiles&nbsp;contra los asistentes a una&nbsp;posada en Salvatierra, Guanajuato, en la exhacienda de San Jos\u00e9 del Carmen durante la madrugada del domingo 17 de diciembre, revel\u00f3 la fiscal\u00eda del estado, la cual precis\u00f3 [&hellip;]\" \/>\n<meta property=\"og:url\" content=\"https:\/\/fuentesfidedignas.com.mx\/index.php\/2023\/12\/19\/ajustan-a-11-cifra-de-muertos-en-posada-en-salvatierra-les-dispararon-195-veces\/\" \/>\n<meta property=\"og:site_name\" content=\"Fuentes Fidedignas\" \/>\n<meta property=\"article:publisher\" content=\"https:\/\/www.facebook.com\/Fuentes-Fidedignas-368234489921644\" \/>\n<meta property=\"article:published_time\" content=\"2023-12-19T17:20:40+00:00\" \/>\n<meta property=\"article:modified_time\" content=\"2023-12-19T17:22:49+00:00\" \/>\n<meta property=\"og:image\" content=\"https:\/\/fuentesfidedignas.com.mx\/wp-content\/uploads\/2023\/12\/3050608.jpg\" \/>\n\t<meta property=\"og:image:width\" content=\"800\" \/>\n\t<meta property=\"og:image:height\" content=\"600\" \/>\n\t<meta property=\"og:image:type\" content=\"image\/jpeg\" \/>\n<meta name=\"author\" content=\"AFP\" \/>\n<meta name=\"twitter:card\" content=\"summary_large_image\" \/>\n<meta name=\"twitter:creator\" content=\"@fidedignas\" \/>\n<meta name=\"twitter:site\" content=\"@fidedignas\" \/>\n<meta name=\"twitter:label1\" content=\"Escrito por\" \/>\n\t<meta name=\"twitter:data1\" content=\"AFP\" \/>\n\t<meta name=\"twitter:label2\" content=\"Tiempo de lectura\" \/>\n\t<meta name=\"twitter:data2\" content=\"2 minutos\" \/>\n<script type=\"application\/ld+json\" class=\"yoast-schema-graph\">{\"@context\":\"https:\\\/\\\/schema.org\",\"@graph\":[{\"@type\":\"Article\",\"@id\":\"https:\\\/\\\/fuentesfidedignas.com.mx\\\/index.php\\\/2023\\\/12\\\/19\\\/ajustan-a-11-cifra-de-muertos-en-posada-en-salvatierra-les-dispararon-195-veces\\\/#article\",\"isPartOf\":{\"@id\":\"https:\\\/\\\/fuentesfidedignas.com.mx\\\/index.php\\\/2023\\\/12\\\/19\\\/ajustan-a-11-cifra-de-muertos-en-posada-en-salvatierra-les-dispararon-195-veces\\\/\"},\"author\":{\"name\":\"AFP\",\"@id\":\"https:\\\/\\\/fuentesfidedignas.com.mx\\\/#\\\/schema\\\/person\\\/1827b38c6cf89e1d6cc7d78ca3fae732\"},\"headline\":\"Ajustan a 11 cifra de muertos en posada en Salvatierra; les dispararon 195 veces\",\"datePublished\":\"2023-12-19T17:20:40+00:00\",\"dateModified\":\"2023-12-19T17:22:49+00:00\",\"mainEntityOfPage\":{\"@id\":\"https:\\\/\\\/fuentesfidedignas.com.mx\\\/index.php\\\/2023\\\/12\\\/19\\\/ajustan-a-11-cifra-de-muertos-en-posada-en-salvatierra-les-dispararon-195-veces\\\/\"},\"wordCount\":512,\"commentCount\":0,\"publisher\":{\"@id\":\"https:\\\/\\\/fuentesfidedignas.com.mx\\\/#organization\"},\"image\":{\"@id\":\"https:\\\/\\\/fuentesfidedignas.com.mx\\\/index.php\\\/2023\\\/12\\\/19\\\/ajustan-a-11-cifra-de-muertos-en-posada-en-salvatierra-les-dispararon-195-veces\\\/#primaryimage\"},\"thumbnailUrl\":\"https:\\\/\\\/fuentesfidedignas.com.mx\\\/wp-content\\\/uploads\\\/2023\\\/12\\\/3050608.jpg\",\"articleSection\":[\"NOTICIAS NACIONALES\"],\"inLanguage\":\"es\",\"potentialAction\":[{\"@type\":\"CommentAction\",\"name\":\"Comment\",\"target\":[\"https:\\\/\\\/fuentesfidedignas.com.mx\\\/index.php\\\/2023\\\/12\\\/19\\\/ajustan-a-11-cifra-de-muertos-en-posada-en-salvatierra-les-dispararon-195-veces\\\/#respond\"]}]},{\"@type\":\"WebPage\",\"@id\":\"https:\\\/\\\/fuentesfidedignas.com.mx\\\/index.php\\\/2023\\\/12\\\/19\\\/ajustan-a-11-cifra-de-muertos-en-posada-en-salvatierra-les-dispararon-195-veces\\\/\",\"url\":\"https:\\\/\\\/fuentesfidedignas.com.mx\\\/index.php\\\/2023\\\/12\\\/19\\\/ajustan-a-11-cifra-de-muertos-en-posada-en-salvatierra-les-dispararon-195-veces\\\/\",\"name\":\"Ajustan a 11 cifra de muertos en posada en Salvatierra; les dispararon 195 veces - Fuentes Fidedignas\",\"isPartOf\":{\"@id\":\"https:\\\/\\\/fuentesfidedignas.com.mx\\\/#website\"},\"primaryImageOfPage\":{\"@id\":\"https:\\\/\\\/fuentesfidedignas.com.mx\\\/index.php\\\/2023\\\/12\\\/19\\\/ajustan-a-11-cifra-de-muertos-en-posada-en-salvatierra-les-dispararon-195-veces\\\/#primaryimage\"},\"image\":{\"@id\":\"https:\\\/\\\/fuentesfidedignas.com.mx\\\/index.php\\\/2023\\\/12\\\/19\\\/ajustan-a-11-cifra-de-muertos-en-posada-en-salvatierra-les-dispararon-195-veces\\\/#primaryimage\"},\"thumbnailUrl\":\"https:\\\/\\\/fuentesfidedignas.com.mx\\\/wp-content\\\/uploads\\\/2023\\\/12\\\/3050608.jpg\",\"datePublished\":\"2023-12-19T17:20:40+00:00\",\"dateModified\":\"2023-12-19T17:22:49+00:00\",\"breadcrumb\":{\"@id\":\"https:\\\/\\\/fuentesfidedignas.com.mx\\\/index.php\\\/2023\\\/12\\\/19\\\/ajustan-a-11-cifra-de-muertos-en-posada-en-salvatierra-les-dispararon-195-veces\\\/#breadcrumb\"},\"inLanguage\":\"es\",\"potentialAction\":[{\"@type\":\"ReadAction\",\"target\":[\"https:\\\/\\\/fuentesfidedignas.com.mx\\\/index.php\\\/2023\\\/12\\\/19\\\/ajustan-a-11-cifra-de-muertos-en-posada-en-salvatierra-les-dispararon-195-veces\\\/\"]}]},{\"@type\":\"ImageObject\",\"inLanguage\":\"es\",\"@id\":\"https:\\\/\\\/fuentesfidedignas.com.mx\\\/index.php\\\/2023\\\/12\\\/19\\\/ajustan-a-11-cifra-de-muertos-en-posada-en-salvatierra-les-dispararon-195-veces\\\/#primaryimage\",\"url\":\"https:\\\/\\\/fuentesfidedignas.com.mx\\\/wp-content\\\/uploads\\\/2023\\\/12\\\/3050608.jpg\",\"contentUrl\":\"https:\\\/\\\/fuentesfidedignas.com.mx\\\/wp-content\\\/uploads\\\/2023\\\/12\\\/3050608.jpg\",\"width\":800,\"height\":600},{\"@type\":\"BreadcrumbList\",\"@id\":\"https:\\\/\\\/fuentesfidedignas.com.mx\\\/index.php\\\/2023\\\/12\\\/19\\\/ajustan-a-11-cifra-de-muertos-en-posada-en-salvatierra-les-dispararon-195-veces\\\/#breadcrumb\",\"itemListElement\":[{\"@type\":\"ListItem\",\"position\":1,\"name\":\"Inicio\",\"item\":\"https:\\\/\\\/fuentesfidedignas.com.mx\\\/\"},{\"@type\":\"ListItem\",\"position\":2,\"name\":\"Ajustan a 11 cifra de muertos en posada en Salvatierra; les dispararon 195 veces\"}]},{\"@type\":\"WebSite\",\"@id\":\"https:\\\/\\\/fuentesfidedignas.com.mx\\\/#website\",\"url\":\"https:\\\/\\\/fuentesfidedignas.com.mx\\\/\",\"name\":\"Fuentes Fidedignas\",\"description\":\"Otro sitio realizado con WordPress\",\"publisher\":{\"@id\":\"https:\\\/\\\/fuentesfidedignas.com.mx\\\/#organization\"},\"potentialAction\":[{\"@type\":\"SearchAction\",\"target\":{\"@type\":\"EntryPoint\",\"urlTemplate\":\"https:\\\/\\\/fuentesfidedignas.com.mx\\\/?s={search_term_string}\"},\"query-input\":{\"@type\":\"PropertyValueSpecification\",\"valueRequired\":true,\"valueName\":\"search_term_string\"}}],\"inLanguage\":\"es\"},{\"@type\":\"Organization\",\"@id\":\"https:\\\/\\\/fuentesfidedignas.com.mx\\\/#organization\",\"name\":\"Fuentes Fidedignas\",\"url\":\"https:\\\/\\\/fuentesfidedignas.com.mx\\\/\",\"logo\":{\"@type\":\"ImageObject\",\"inLanguage\":\"es\",\"@id\":\"https:\\\/\\\/fuentesfidedignas.com.mx\\\/#\\\/schema\\\/logo\\\/image\\\/\",\"url\":\"https:\\\/\\\/fuentesfidedignas.com.mx\\\/wp-content\\\/uploads\\\/2021\\\/04\\\/logo-retina.png\",\"contentUrl\":\"https:\\\/\\\/fuentesfidedignas.com.mx\\\/wp-content\\\/uploads\\\/2021\\\/04\\\/logo-retina.png\",\"width\":280,\"height\":51,\"caption\":\"Fuentes Fidedignas\"},\"image\":{\"@id\":\"https:\\\/\\\/fuentesfidedignas.com.mx\\\/#\\\/schema\\\/logo\\\/image\\\/\"},\"sameAs\":[\"https:\\\/\\\/www.facebook.com\\\/Fuentes-Fidedignas-368234489921644\",\"https:\\\/\\\/x.com\\\/fidedignas\"]},{\"@type\":\"Person\",\"@id\":\"https:\\\/\\\/fuentesfidedignas.com.mx\\\/#\\\/schema\\\/person\\\/1827b38c6cf89e1d6cc7d78ca3fae732\",\"name\":\"AFP\",\"image\":{\"@type\":\"ImageObject\",\"inLanguage\":\"es\",\"@id\":\"https:\\\/\\\/secure.gravatar.com\\\/avatar\\\/236827d2ee9bf15e1ea99e0c1cd1b467cffa55e324d177638d0f8de7950cbae6?s=96&d=mm&r=g\",\"url\":\"https:\\\/\\\/secure.gravatar.com\\\/avatar\\\/236827d2ee9bf15e1ea99e0c1cd1b467cffa55e324d177638d0f8de7950cbae6?s=96&d=mm&r=g\",\"contentUrl\":\"https:\\\/\\\/secure.gravatar.com\\\/avatar\\\/236827d2ee9bf15e1ea99e0c1cd1b467cffa55e324d177638d0f8de7950cbae6?s=96&d=mm&r=g\",\"caption\":\"AFP\"},\"url\":\"https:\\\/\\\/fuentesfidedignas.com.mx\\\/index.php\\\/author\\\/afp\\\/\"}]}<\/script>\n<!-- \/ Yoast SEO plugin. -->","yoast_head_json":{"title":"Ajustan a 11 cifra de muertos en posada en Salvatierra; les dispararon 195 veces - Fuentes Fidedignas","robots":{"index":"index","follow":"follow","max-snippet":"max-snippet:-1","max-image-preview":"max-image-preview:large","max-video-preview":"max-video-preview:-1"},"canonical":"https:\/\/fuentesfidedignas.com.mx\/index.php\/2023\/12\/19\/ajustan-a-11-cifra-de-muertos-en-posada-en-salvatierra-les-dispararon-195-veces\/","og_locale":"es_MX","og_type":"article","og_title":"Ajustan a 11 cifra de muertos en posada en Salvatierra; les dispararon 195 veces - Fuentes Fidedignas","og_description":"El ataque en Salvatierra se deber\u00eda a que organizadores negaron la entrada a un grupo de personas ajenas al evento Guanajuato. Sicarios disparararon&nbsp;195 proyectiles&nbsp;contra los asistentes a una&nbsp;posada en Salvatierra, Guanajuato, en la exhacienda de San Jos\u00e9 del Carmen durante la madrugada del domingo 17 de diciembre, revel\u00f3 la fiscal\u00eda del estado, la cual precis\u00f3 [&hellip;]","og_url":"https:\/\/fuentesfidedignas.com.mx\/index.php\/2023\/12\/19\/ajustan-a-11-cifra-de-muertos-en-posada-en-salvatierra-les-dispararon-195-veces\/","og_site_name":"Fuentes Fidedignas","article_publisher":"https:\/\/www.facebook.com\/Fuentes-Fidedignas-368234489921644","article_published_time":"2023-12-19T17:20:40+00:00","article_modified_time":"2023-12-19T17:22:49+00:00","og_image":[{"width":800,"height":600,"url":"https:\/\/fuentesfidedignas.com.mx\/wp-content\/uploads\/2023\/12\/3050608.jpg","type":"image\/jpeg"}],"author":"AFP","twitter_card":"summary_large_image","twitter_creator":"@fidedignas","twitter_site":"@fidedignas","twitter_misc":{"Escrito por":"AFP","Tiempo de lectura":"2 minutos"},"schema":{"@context":"https:\/\/schema.org","@graph":[{"@type":"Article","@id":"https:\/\/fuentesfidedignas.com.mx\/index.php\/2023\/12\/19\/ajustan-a-11-cifra-de-muertos-en-posada-en-salvatierra-les-dispararon-195-veces\/#article","isPartOf":{"@id":"https:\/\/fuentesfidedignas.com.mx\/index.php\/2023\/12\/19\/ajustan-a-11-cifra-de-muertos-en-posada-en-salvatierra-les-dispararon-195-veces\/"},"author":{"name":"AFP","@id":"https:\/\/fuentesfidedignas.com.mx\/#\/schema\/person\/1827b38c6cf89e1d6cc7d78ca3fae732"},"headline":"Ajustan a 11 cifra de muertos en posada en Salvatierra; les dispararon 195 veces","datePublished":"2023-12-19T17:20:40+00:00","dateModified":"2023-12-19T17:22:49+00:00","mainEntityOfPage":{"@id":"https:\/\/fuentesfidedignas.com.mx\/index.php\/2023\/12\/19\/ajustan-a-11-cifra-de-muertos-en-posada-en-salvatierra-les-dispararon-195-veces\/"},"wordCount":512,"commentCount":0,"publisher":{"@id":"https:\/\/fuentesfidedignas.com.mx\/#organization"},"image":{"@id":"https:\/\/fuentesfidedignas.com.mx\/index.php\/2023\/12\/19\/ajustan-a-11-cifra-de-muertos-en-posada-en-salvatierra-les-dispararon-195-veces\/#primaryimage"},"thumbnailUrl":"https:\/\/fuentesfidedignas.com.mx\/wp-content\/uploads\/2023\/12\/3050608.jpg","articleSection":["NOTICIAS NACIONALES"],"inLanguage":"es","potentialAction":[{"@type":"CommentAction","name":"Comment","target":["https:\/\/fuentesfidedignas.com.mx\/index.php\/2023\/12\/19\/ajustan-a-11-cifra-de-muertos-en-posada-en-salvatierra-les-dispararon-195-veces\/#respond"]}]},{"@type":"WebPage","@id":"https:\/\/fuentesfidedignas.com.mx\/index.php\/2023\/12\/19\/ajustan-a-11-cifra-de-muertos-en-posada-en-salvatierra-les-dispararon-195-veces\/","url":"https:\/\/fuentesfidedignas.com.mx\/index.php\/2023\/12\/19\/ajustan-a-11-cifra-de-muertos-en-posada-en-salvatierra-les-dispararon-195-veces\/","name":"Ajustan a 11 cifra de muertos en posada en Salvatierra; les dispararon 195 veces - Fuentes Fidedignas","isPartOf":{"@id":"https:\/\/fuentesfidedignas.com.mx\/#website"},"primaryImageOfPage":{"@id":"https:\/\/fuentesfidedignas.com.mx\/index.php\/2023\/12\/19\/ajustan-a-11-cifra-de-muertos-en-posada-en-salvatierra-les-dispararon-195-veces\/#primaryimage"},"image":{"@id":"https:\/\/fuentesfidedignas.com.mx\/index.php\/2023\/12\/19\/ajustan-a-11-cifra-de-muertos-en-posada-en-salvatierra-les-dispararon-195-veces\/#primaryimage"},"thumbnailUrl":"https:\/\/fuentesfidedignas.com.mx\/wp-content\/uploads\/2023\/12\/3050608.jpg","datePublished":"2023-12-19T17:20:40+00:00","dateModified":"2023-12-19T17:22:49+00:00","breadcrumb":{"@id":"https:\/\/fuentesfidedignas.com.mx\/index.php\/2023\/12\/19\/ajustan-a-11-cifra-de-muertos-en-posada-en-salvatierra-les-dispararon-195-veces\/#breadcrumb"},"inLanguage":"es","potentialAction":[{"@type":"ReadAction","target":["https:\/\/fuentesfidedignas.com.mx\/index.php\/2023\/12\/19\/ajustan-a-11-cifra-de-muertos-en-posada-en-salvatierra-les-dispararon-195-veces\/"]}]},{"@type":"ImageObject","inLanguage":"es","@id":"https:\/\/fuentesfidedignas.com.mx\/index.php\/2023\/12\/19\/ajustan-a-11-cifra-de-muertos-en-posada-en-salvatierra-les-dispararon-195-veces\/#primaryimage","url":"https:\/\/fuentesfidedignas.com.mx\/wp-content\/uploads\/2023\/12\/3050608.jpg","contentUrl":"https:\/\/fuentesfidedignas.com.mx\/wp-content\/uploads\/2023\/12\/3050608.jpg","width":800,"height":600},{"@type":"BreadcrumbList","@id":"https:\/\/fuentesfidedignas.com.mx\/index.php\/2023\/12\/19\/ajustan-a-11-cifra-de-muertos-en-posada-en-salvatierra-les-dispararon-195-veces\/#breadcrumb","itemListElement":[{"@type":"ListItem","position":1,"name":"Inicio","item":"https:\/\/fuentesfidedignas.com.mx\/"},{"@type":"ListItem","position":2,"name":"Ajustan a 11 cifra de muertos en posada en Salvatierra; les dispararon 195 veces"}]},{"@type":"WebSite","@id":"https:\/\/fuentesfidedignas.com.mx\/#website","url":"https:\/\/fuentesfidedignas.com.mx\/","name":"Fuentes Fidedignas","description":"Otro sitio realizado con WordPress","publisher":{"@id":"https:\/\/fuentesfidedignas.com.mx\/#organization"},"potentialAction":[{"@type":"SearchAction","target":{"@type":"EntryPoint","urlTemplate":"https:\/\/fuentesfidedignas.com.mx\/?s={search_term_string}"},"query-input":{"@type":"PropertyValueSpecification","valueRequired":true,"valueName":"search_term_string"}}],"inLanguage":"es"},{"@type":"Organization","@id":"https:\/\/fuentesfidedignas.com.mx\/#organization","name":"Fuentes Fidedignas","url":"https:\/\/fuentesfidedignas.com.mx\/","logo":{"@type":"ImageObject","inLanguage":"es","@id":"https:\/\/fuentesfidedignas.com.mx\/#\/schema\/logo\/image\/","url":"https:\/\/fuentesfidedignas.com.mx\/wp-content\/uploads\/2021\/04\/logo-retina.png","contentUrl":"https:\/\/fuentesfidedignas.com.mx\/wp-content\/uploads\/2021\/04\/logo-retina.png","width":280,"height":51,"caption":"Fuentes Fidedignas"},"image":{"@id":"https:\/\/fuentesfidedignas.com.mx\/#\/schema\/logo\/image\/"},"sameAs":["https:\/\/www.facebook.com\/Fuentes-Fidedignas-368234489921644","https:\/\/x.com\/fidedignas"]},{"@type":"Person","@id":"https:\/\/fuentesfidedignas.com.mx\/#\/schema\/person\/1827b38c6cf89e1d6cc7d78ca3fae732","name":"AFP","image":{"@type":"ImageObject","inLanguage":"es","@id":"https:\/\/secure.gravatar.com\/avatar\/236827d2ee9bf15e1ea99e0c1cd1b467cffa55e324d177638d0f8de7950cbae6?s=96&d=mm&r=g","url":"https:\/\/secure.gravatar.com\/avatar\/236827d2ee9bf15e1ea99e0c1cd1b467cffa55e324d177638d0f8de7950cbae6?s=96&d=mm&r=g","contentUrl":"https:\/\/secure.gravatar.com\/avatar\/236827d2ee9bf15e1ea99e0c1cd1b467cffa55e324d177638d0f8de7950cbae6?s=96&d=mm&r=g","caption":"AFP"},"url":"https:\/\/fuentesfidedignas.com.mx\/index.php\/author\/afp\/"}]}},"_links":{"self":[{"href":"https:\/\/fuentesfidedignas.com.mx\/index.php\/wp-json\/wp\/v2\/posts\/69088","targetHints":{"allow":["GET"]}}],"collection":[{"href":"https:\/\/fuentesfidedignas.com.mx\/index.php\/wp-json\/wp\/v2\/posts"}],"about":[{"href":"https:\/\/fuentesfidedignas.com.mx\/index.php\/wp-json\/wp\/v2\/types\/post"}],"author":[{"embeddable":true,"href":"https:\/\/fuentesfidedignas.com.mx\/index.php\/wp-json\/wp\/v2\/users\/12"}],"replies":[{"embeddable":true,"href":"https:\/\/fuentesfidedignas.com.mx\/index.php\/wp-json\/wp\/v2\/comments?post=69088"}],"version-history":[{"count":2,"href":"https:\/\/fuentesfidedignas.com.mx\/index.php\/wp-json\/wp\/v2\/posts\/69088\/revisions"}],"predecessor-version":[{"id":69091,"href":"https:\/\/fuentesfidedignas.com.mx\/index.php\/wp-json\/wp\/v2\/posts\/69088\/revisions\/69091"}],"wp:featuredmedia":[{"embeddable":true,"href":"https:\/\/fuentesfidedignas.com.mx\/index.php\/wp-json\/wp\/v2\/media\/69089"}],"wp:attachment":[{"href":"https:\/\/fuentesfidedignas.com.mx\/index.php\/wp-json\/wp\/v2\/media?parent=69088"}],"wp:term":[{"taxonomy":"category","embeddable":true,"href":"https:\/\/fuentesfidedignas.com.mx\/index.php\/wp-json\/wp\/v2\/categories?post=69088"},{"taxonomy":"post_tag","embeddable":true,"href":"https:\/\/fuentesfidedignas.com.mx\/index.php\/wp-json\/wp\/v2\/tags?post=69088"}],"curies":[{"name":"wp","href":"https:\/\/api.w.org\/{rel}","templated":true}]}}