{"id":69072,"date":"2023-12-19T05:08:00","date_gmt":"2023-12-19T12:08:00","guid":{"rendered":"https:\/\/fuentesfidedignas.com.mx\/?p=69072"},"modified":"2023-12-19T12:33:19","modified_gmt":"2023-12-19T19:33:19","slug":"piden-no-regalar-animales-de-compania-en-estas-fiestas-decembrinas","status":"publish","type":"post","link":"https:\/\/fuentesfidedignas.com.mx\/index.php\/2023\/12\/19\/piden-no-regalar-animales-de-compania-en-estas-fiestas-decembrinas\/","title":{"rendered":"Piden no regalar animales de compa\u00f1\u00eda en estas fiestas decembrinas"},"content":{"rendered":"\n<p><strong><em>Se llam\u00f3 a la ciudadan\u00eda a no adquirir ni regalar animales de compa\u00f1\u00eda en estas fiestas decembrinas, ya que muchos de estos terminan en las calles<\/em><\/strong><\/p>\n\n\n\n<p>Se llam\u00f3 a la ciudadan\u00eda a\u00a0<a href=\"https:\/\/www.eluniversal.com.mx\/\" target=\"_blank\" rel=\"noreferrer noopener\"><strong>no adquirir ni regalar<\/strong><\/a>animales de compa\u00f1\u00eda en estas fiestas decembrinas, ya que muchos de estos terminan en las calles; adem\u00e1s, se fomenta la aparici\u00f3n de criaderos ilegales donde los seres sintientes se reproducen y se encuentran en las peores condiciones.<\/p>\n\n\n\n<p>Se explic\u00f3 que regalar animales de compa\u00f1\u00eda a los m\u00e1s peque\u00f1os de la casa, en esta temporada decembrina, s\u00f3lo\u00a0<strong>refuerza la idea de que son juguetes\u00a0<\/strong>y no comprenden la\u00a0<strong>responsabilidad<\/strong>\u00a0que implica la llegada de un ser vivo a la familia.<\/p>\n\n\n\n<p>Seg\u00fan cifras de la Asociaci\u00f3n Mexicana de M\u00e9dicos Veterinarios Especialistas en Peque\u00f1as Especies (AMMVEPE), se estima que en el pa\u00eds existen alrededor de 28 millones de perros, de los cuales el 70% se encuentran en la calle, pues muchos de ellos fueron abandonados.<\/p>\n\n\n\n<p>En este sentido, seg\u00fan las cifras de la\u00a0<strong>Defensor\u00eda Animal<\/strong>, nuestro pa\u00eds ocupa el primer lugar en Latinoam\u00e9rica de perros y gatos abandonados; dicha organizaci\u00f3n detall\u00f3, que entre enero y marzo, meses posteriores a las fiestas decembrinas en las que\u00a0<a href=\"https:\/\/www.eluniversal.com.mx\/minuto-x-minuto\/\" target=\"_blank\" rel=\"noreferrer noopener\"><strong>se suelen regalar mascotas,<\/strong><\/a>\u00a0cerca de 500 mil de \u00e9stos quedan en situaci\u00f3n de calle.<\/p>\n\n\n\n<p>Ante esto, Gonz\u00e1lez Magallanes lament\u00f3 que muchos de los casos de abandono se dan al no conocer las caracter\u00edsticas, necesidades y tama\u00f1os de los perros y gatos, atenciones m\u00e9dicas, alimentaci\u00f3n, paseos entre otras demandas.<\/p>\n\n\n\n<p>Reiter\u00f3 que si ya es una decisi\u00f3n tomada con conciencia lo mejor es buscar adoptar y dar una segunda oportunidad de un hogar amoroso a uno de estos animales, siempre tomando en cuenta que si son razas grandes deber\u00e1n sacarlos a pasear por lo menos dos veces al d\u00eda, tener un espacio amplio para su esparcimiento; adem\u00e1s de las vacunas, esterilizaci\u00f3n y alimentaci\u00f3n<\/p>\n\n\n\n<p>Finalmente, la edil invit\u00f3 a quienes adoptan cachorros con la expectativa de que parecen de raza, que no los abandonen posteriormente, ya que los mestizos son los m\u00e1s abandonados, seguidos de los perros con alg\u00fan estigma de ser peligrosos como pitbull, terrier, doberman, rottweiler y recientemente los huskies, ya que son animales con mucha energ\u00eda y requieren de mayor actividad f\u00edsica, de lo contrario sufren estr\u00e9s y rompen o rasgan cosas.<\/p>\n","protected":false},"excerpt":{"rendered":"<p>Se llam\u00f3 a la ciudadan\u00eda a no adquirir ni regalar animales de compa\u00f1\u00eda en estas fiestas decembrinas, ya que muchos de estos terminan en las calles Se llam\u00f3 a la ciudadan\u00eda a\u00a0no adquirir ni regalaranimales de compa\u00f1\u00eda en estas fiestas decembrinas, ya que muchos de estos terminan en las calles; adem\u00e1s, se fomenta la aparici\u00f3n [&hellip;]<\/p>\n","protected":false},"author":39,"featured_media":69073,"comment_status":"open","ping_status":"open","sticky":false,"template":"","format":"standard","meta":{"tdm_status":"","tdm_grid_status":"","footnotes":""},"categories":[32,36],"tags":[],"class_list":{"0":"post-69072","1":"post","2":"type-post","3":"status-publish","4":"format-standard","5":"has-post-thumbnail","7":"category-derechos-animales","8":"category-semanales"},"yoast_head":"<!-- This site is optimized with the Yoast SEO plugin v27.5 - https:\/\/yoast.com\/product\/yoast-seo-wordpress\/ -->\n<title>Piden no regalar animales de compa\u00f1\u00eda en estas fiestas decembrinas - Fuentes Fidedignas<\/title>\n<meta name=\"robots\" content=\"index, follow, max-snippet:-1, max-image-preview:large, max-video-preview:-1\" \/>\n<link rel=\"canonical\" href=\"https:\/\/fuentesfidedignas.com.mx\/index.php\/2023\/12\/19\/piden-no-regalar-animales-de-compania-en-estas-fiestas-decembrinas\/\" \/>\n<meta property=\"og:locale\" content=\"es_MX\" \/>\n<meta property=\"og:type\" content=\"article\" \/>\n<meta property=\"og:title\" content=\"Piden no regalar animales de compa\u00f1\u00eda en estas fiestas decembrinas - Fuentes Fidedignas\" \/>\n<meta property=\"og:description\" content=\"Se llam\u00f3 a la ciudadan\u00eda a no adquirir ni regalar animales de compa\u00f1\u00eda en estas fiestas decembrinas, ya que muchos de estos terminan en las calles Se llam\u00f3 a la ciudadan\u00eda a\u00a0no adquirir ni regalaranimales de compa\u00f1\u00eda en estas fiestas decembrinas, ya que muchos de estos terminan en las calles; adem\u00e1s, se fomenta la aparici\u00f3n [&hellip;]\" \/>\n<meta property=\"og:url\" content=\"https:\/\/fuentesfidedignas.com.mx\/index.php\/2023\/12\/19\/piden-no-regalar-animales-de-compania-en-estas-fiestas-decembrinas\/\" \/>\n<meta property=\"og:site_name\" content=\"Fuentes Fidedignas\" \/>\n<meta property=\"article:publisher\" content=\"https:\/\/www.facebook.com\/Fuentes-Fidedignas-368234489921644\" \/>\n<meta property=\"article:published_time\" content=\"2023-12-19T12:08:00+00:00\" \/>\n<meta property=\"article:modified_time\" content=\"2023-12-19T19:33:19+00:00\" \/>\n<meta property=\"og:image\" content=\"https:\/\/fuentesfidedignas.com.mx\/wp-content\/uploads\/2023\/12\/FEMQ5ECG4FEGZLI6MOMTEGJSHM.jpg\" \/>\n\t<meta property=\"og:image:width\" content=\"400\" \/>\n\t<meta property=\"og:image:height\" content=\"246\" \/>\n\t<meta property=\"og:image:type\" content=\"image\/jpeg\" \/>\n<meta name=\"author\" content=\"El Universal\" \/>\n<meta name=\"twitter:card\" content=\"summary_large_image\" \/>\n<meta name=\"twitter:creator\" content=\"@fidedignas\" \/>\n<meta name=\"twitter:site\" content=\"@fidedignas\" \/>\n<meta name=\"twitter:label1\" content=\"Escrito por\" \/>\n\t<meta name=\"twitter:data1\" content=\"El Universal\" \/>\n\t<meta name=\"twitter:label2\" content=\"Tiempo de lectura\" \/>\n\t<meta name=\"twitter:data2\" content=\"2 minutos\" \/>\n<script type=\"application\/ld+json\" class=\"yoast-schema-graph\">{\"@context\":\"https:\\\/\\\/schema.org\",\"@graph\":[{\"@type\":\"Article\",\"@id\":\"https:\\\/\\\/fuentesfidedignas.com.mx\\\/index.php\\\/2023\\\/12\\\/19\\\/piden-no-regalar-animales-de-compania-en-estas-fiestas-decembrinas\\\/#article\",\"isPartOf\":{\"@id\":\"https:\\\/\\\/fuentesfidedignas.com.mx\\\/index.php\\\/2023\\\/12\\\/19\\\/piden-no-regalar-animales-de-compania-en-estas-fiestas-decembrinas\\\/\"},\"author\":{\"name\":\"El Universal\",\"@id\":\"https:\\\/\\\/fuentesfidedignas.com.mx\\\/#\\\/schema\\\/person\\\/fee3882e65fd0510d292c43a346d35d7\"},\"headline\":\"Piden no regalar animales de compa\u00f1\u00eda en estas fiestas decembrinas\",\"datePublished\":\"2023-12-19T12:08:00+00:00\",\"dateModified\":\"2023-12-19T19:33:19+00:00\",\"mainEntityOfPage\":{\"@id\":\"https:\\\/\\\/fuentesfidedignas.com.mx\\\/index.php\\\/2023\\\/12\\\/19\\\/piden-no-regalar-animales-de-compania-en-estas-fiestas-decembrinas\\\/\"},\"wordCount\":426,\"commentCount\":0,\"publisher\":{\"@id\":\"https:\\\/\\\/fuentesfidedignas.com.mx\\\/#organization\"},\"image\":{\"@id\":\"https:\\\/\\\/fuentesfidedignas.com.mx\\\/index.php\\\/2023\\\/12\\\/19\\\/piden-no-regalar-animales-de-compania-en-estas-fiestas-decembrinas\\\/#primaryimage\"},\"thumbnailUrl\":\"https:\\\/\\\/fuentesfidedignas.com.mx\\\/wp-content\\\/uploads\\\/2023\\\/12\\\/FEMQ5ECG4FEGZLI6MOMTEGJSHM.jpg\",\"articleSection\":[\"DERECHOS ANIMALES\",\"SEMANALES\"],\"inLanguage\":\"es\",\"potentialAction\":[{\"@type\":\"CommentAction\",\"name\":\"Comment\",\"target\":[\"https:\\\/\\\/fuentesfidedignas.com.mx\\\/index.php\\\/2023\\\/12\\\/19\\\/piden-no-regalar-animales-de-compania-en-estas-fiestas-decembrinas\\\/#respond\"]}]},{\"@type\":\"WebPage\",\"@id\":\"https:\\\/\\\/fuentesfidedignas.com.mx\\\/index.php\\\/2023\\\/12\\\/19\\\/piden-no-regalar-animales-de-compania-en-estas-fiestas-decembrinas\\\/\",\"url\":\"https:\\\/\\\/fuentesfidedignas.com.mx\\\/index.php\\\/2023\\\/12\\\/19\\\/piden-no-regalar-animales-de-compania-en-estas-fiestas-decembrinas\\\/\",\"name\":\"Piden no regalar animales de compa\u00f1\u00eda en estas fiestas decembrinas - Fuentes Fidedignas\",\"isPartOf\":{\"@id\":\"https:\\\/\\\/fuentesfidedignas.com.mx\\\/#website\"},\"primaryImageOfPage\":{\"@id\":\"https:\\\/\\\/fuentesfidedignas.com.mx\\\/index.php\\\/2023\\\/12\\\/19\\\/piden-no-regalar-animales-de-compania-en-estas-fiestas-decembrinas\\\/#primaryimage\"},\"image\":{\"@id\":\"https:\\\/\\\/fuentesfidedignas.com.mx\\\/index.php\\\/2023\\\/12\\\/19\\\/piden-no-regalar-animales-de-compania-en-estas-fiestas-decembrinas\\\/#primaryimage\"},\"thumbnailUrl\":\"https:\\\/\\\/fuentesfidedignas.com.mx\\\/wp-content\\\/uploads\\\/2023\\\/12\\\/FEMQ5ECG4FEGZLI6MOMTEGJSHM.jpg\",\"datePublished\":\"2023-12-19T12:08:00+00:00\",\"dateModified\":\"2023-12-19T19:33:19+00:00\",\"breadcrumb\":{\"@id\":\"https:\\\/\\\/fuentesfidedignas.com.mx\\\/index.php\\\/2023\\\/12\\\/19\\\/piden-no-regalar-animales-de-compania-en-estas-fiestas-decembrinas\\\/#breadcrumb\"},\"inLanguage\":\"es\",\"potentialAction\":[{\"@type\":\"ReadAction\",\"target\":[\"https:\\\/\\\/fuentesfidedignas.com.mx\\\/index.php\\\/2023\\\/12\\\/19\\\/piden-no-regalar-animales-de-compania-en-estas-fiestas-decembrinas\\\/\"]}]},{\"@type\":\"ImageObject\",\"inLanguage\":\"es\",\"@id\":\"https:\\\/\\\/fuentesfidedignas.com.mx\\\/index.php\\\/2023\\\/12\\\/19\\\/piden-no-regalar-animales-de-compania-en-estas-fiestas-decembrinas\\\/#primaryimage\",\"url\":\"https:\\\/\\\/fuentesfidedignas.com.mx\\\/wp-content\\\/uploads\\\/2023\\\/12\\\/FEMQ5ECG4FEGZLI6MOMTEGJSHM.jpg\",\"contentUrl\":\"https:\\\/\\\/fuentesfidedignas.com.mx\\\/wp-content\\\/uploads\\\/2023\\\/12\\\/FEMQ5ECG4FEGZLI6MOMTEGJSHM.jpg\",\"width\":400,\"height\":246},{\"@type\":\"BreadcrumbList\",\"@id\":\"https:\\\/\\\/fuentesfidedignas.com.mx\\\/index.php\\\/2023\\\/12\\\/19\\\/piden-no-regalar-animales-de-compania-en-estas-fiestas-decembrinas\\\/#breadcrumb\",\"itemListElement\":[{\"@type\":\"ListItem\",\"position\":1,\"name\":\"Inicio\",\"item\":\"https:\\\/\\\/fuentesfidedignas.com.mx\\\/\"},{\"@type\":\"ListItem\",\"position\":2,\"name\":\"Piden no regalar animales de compa\u00f1\u00eda en estas fiestas decembrinas\"}]},{\"@type\":\"WebSite\",\"@id\":\"https:\\\/\\\/fuentesfidedignas.com.mx\\\/#website\",\"url\":\"https:\\\/\\\/fuentesfidedignas.com.mx\\\/\",\"name\":\"Fuentes Fidedignas\",\"description\":\"Otro sitio realizado con WordPress\",\"publisher\":{\"@id\":\"https:\\\/\\\/fuentesfidedignas.com.mx\\\/#organization\"},\"potentialAction\":[{\"@type\":\"SearchAction\",\"target\":{\"@type\":\"EntryPoint\",\"urlTemplate\":\"https:\\\/\\\/fuentesfidedignas.com.mx\\\/?s={search_term_string}\"},\"query-input\":{\"@type\":\"PropertyValueSpecification\",\"valueRequired\":true,\"valueName\":\"search_term_string\"}}],\"inLanguage\":\"es\"},{\"@type\":\"Organization\",\"@id\":\"https:\\\/\\\/fuentesfidedignas.com.mx\\\/#organization\",\"name\":\"Fuentes Fidedignas\",\"url\":\"https:\\\/\\\/fuentesfidedignas.com.mx\\\/\",\"logo\":{\"@type\":\"ImageObject\",\"inLanguage\":\"es\",\"@id\":\"https:\\\/\\\/fuentesfidedignas.com.mx\\\/#\\\/schema\\\/logo\\\/image\\\/\",\"url\":\"https:\\\/\\\/fuentesfidedignas.com.mx\\\/wp-content\\\/uploads\\\/2021\\\/04\\\/logo-retina.png\",\"contentUrl\":\"https:\\\/\\\/fuentesfidedignas.com.mx\\\/wp-content\\\/uploads\\\/2021\\\/04\\\/logo-retina.png\",\"width\":280,\"height\":51,\"caption\":\"Fuentes Fidedignas\"},\"image\":{\"@id\":\"https:\\\/\\\/fuentesfidedignas.com.mx\\\/#\\\/schema\\\/logo\\\/image\\\/\"},\"sameAs\":[\"https:\\\/\\\/www.facebook.com\\\/Fuentes-Fidedignas-368234489921644\",\"https:\\\/\\\/x.com\\\/fidedignas\"]},{\"@type\":\"Person\",\"@id\":\"https:\\\/\\\/fuentesfidedignas.com.mx\\\/#\\\/schema\\\/person\\\/fee3882e65fd0510d292c43a346d35d7\",\"name\":\"El Universal\",\"image\":{\"@type\":\"ImageObject\",\"inLanguage\":\"es\",\"@id\":\"https:\\\/\\\/secure.gravatar.com\\\/avatar\\\/1ebc94d82b6c3c081781f73e5b76a0d0c1ac7bf8e57426f18802246eeaa2747c?s=96&d=mm&r=g\",\"url\":\"https:\\\/\\\/secure.gravatar.com\\\/avatar\\\/1ebc94d82b6c3c081781f73e5b76a0d0c1ac7bf8e57426f18802246eeaa2747c?s=96&d=mm&r=g\",\"contentUrl\":\"https:\\\/\\\/secure.gravatar.com\\\/avatar\\\/1ebc94d82b6c3c081781f73e5b76a0d0c1ac7bf8e57426f18802246eeaa2747c?s=96&d=mm&r=g\",\"caption\":\"El Universal\"},\"url\":\"https:\\\/\\\/fuentesfidedignas.com.mx\\\/index.php\\\/author\\\/el-universal\\\/\"}]}<\/script>\n<!-- \/ Yoast SEO plugin. -->","yoast_head_json":{"title":"Piden no regalar animales de compa\u00f1\u00eda en estas fiestas decembrinas - Fuentes Fidedignas","robots":{"index":"index","follow":"follow","max-snippet":"max-snippet:-1","max-image-preview":"max-image-preview:large","max-video-preview":"max-video-preview:-1"},"canonical":"https:\/\/fuentesfidedignas.com.mx\/index.php\/2023\/12\/19\/piden-no-regalar-animales-de-compania-en-estas-fiestas-decembrinas\/","og_locale":"es_MX","og_type":"article","og_title":"Piden no regalar animales de compa\u00f1\u00eda en estas fiestas decembrinas - Fuentes Fidedignas","og_description":"Se llam\u00f3 a la ciudadan\u00eda a no adquirir ni regalar animales de compa\u00f1\u00eda en estas fiestas decembrinas, ya que muchos de estos terminan en las calles Se llam\u00f3 a la ciudadan\u00eda a\u00a0no adquirir ni regalaranimales de compa\u00f1\u00eda en estas fiestas decembrinas, ya que muchos de estos terminan en las calles; adem\u00e1s, se fomenta la aparici\u00f3n [&hellip;]","og_url":"https:\/\/fuentesfidedignas.com.mx\/index.php\/2023\/12\/19\/piden-no-regalar-animales-de-compania-en-estas-fiestas-decembrinas\/","og_site_name":"Fuentes Fidedignas","article_publisher":"https:\/\/www.facebook.com\/Fuentes-Fidedignas-368234489921644","article_published_time":"2023-12-19T12:08:00+00:00","article_modified_time":"2023-12-19T19:33:19+00:00","og_image":[{"width":400,"height":246,"url":"https:\/\/fuentesfidedignas.com.mx\/wp-content\/uploads\/2023\/12\/FEMQ5ECG4FEGZLI6MOMTEGJSHM.jpg","type":"image\/jpeg"}],"author":"El Universal","twitter_card":"summary_large_image","twitter_creator":"@fidedignas","twitter_site":"@fidedignas","twitter_misc":{"Escrito por":"El Universal","Tiempo de lectura":"2 minutos"},"schema":{"@context":"https:\/\/schema.org","@graph":[{"@type":"Article","@id":"https:\/\/fuentesfidedignas.com.mx\/index.php\/2023\/12\/19\/piden-no-regalar-animales-de-compania-en-estas-fiestas-decembrinas\/#article","isPartOf":{"@id":"https:\/\/fuentesfidedignas.com.mx\/index.php\/2023\/12\/19\/piden-no-regalar-animales-de-compania-en-estas-fiestas-decembrinas\/"},"author":{"name":"El Universal","@id":"https:\/\/fuentesfidedignas.com.mx\/#\/schema\/person\/fee3882e65fd0510d292c43a346d35d7"},"headline":"Piden no regalar animales de compa\u00f1\u00eda en estas fiestas decembrinas","datePublished":"2023-12-19T12:08:00+00:00","dateModified":"2023-12-19T19:33:19+00:00","mainEntityOfPage":{"@id":"https:\/\/fuentesfidedignas.com.mx\/index.php\/2023\/12\/19\/piden-no-regalar-animales-de-compania-en-estas-fiestas-decembrinas\/"},"wordCount":426,"commentCount":0,"publisher":{"@id":"https:\/\/fuentesfidedignas.com.mx\/#organization"},"image":{"@id":"https:\/\/fuentesfidedignas.com.mx\/index.php\/2023\/12\/19\/piden-no-regalar-animales-de-compania-en-estas-fiestas-decembrinas\/#primaryimage"},"thumbnailUrl":"https:\/\/fuentesfidedignas.com.mx\/wp-content\/uploads\/2023\/12\/FEMQ5ECG4FEGZLI6MOMTEGJSHM.jpg","articleSection":["DERECHOS ANIMALES","SEMANALES"],"inLanguage":"es","potentialAction":[{"@type":"CommentAction","name":"Comment","target":["https:\/\/fuentesfidedignas.com.mx\/index.php\/2023\/12\/19\/piden-no-regalar-animales-de-compania-en-estas-fiestas-decembrinas\/#respond"]}]},{"@type":"WebPage","@id":"https:\/\/fuentesfidedignas.com.mx\/index.php\/2023\/12\/19\/piden-no-regalar-animales-de-compania-en-estas-fiestas-decembrinas\/","url":"https:\/\/fuentesfidedignas.com.mx\/index.php\/2023\/12\/19\/piden-no-regalar-animales-de-compania-en-estas-fiestas-decembrinas\/","name":"Piden no regalar animales de compa\u00f1\u00eda en estas fiestas decembrinas - Fuentes Fidedignas","isPartOf":{"@id":"https:\/\/fuentesfidedignas.com.mx\/#website"},"primaryImageOfPage":{"@id":"https:\/\/fuentesfidedignas.com.mx\/index.php\/2023\/12\/19\/piden-no-regalar-animales-de-compania-en-estas-fiestas-decembrinas\/#primaryimage"},"image":{"@id":"https:\/\/fuentesfidedignas.com.mx\/index.php\/2023\/12\/19\/piden-no-regalar-animales-de-compania-en-estas-fiestas-decembrinas\/#primaryimage"},"thumbnailUrl":"https:\/\/fuentesfidedignas.com.mx\/wp-content\/uploads\/2023\/12\/FEMQ5ECG4FEGZLI6MOMTEGJSHM.jpg","datePublished":"2023-12-19T12:08:00+00:00","dateModified":"2023-12-19T19:33:19+00:00","breadcrumb":{"@id":"https:\/\/fuentesfidedignas.com.mx\/index.php\/2023\/12\/19\/piden-no-regalar-animales-de-compania-en-estas-fiestas-decembrinas\/#breadcrumb"},"inLanguage":"es","potentialAction":[{"@type":"ReadAction","target":["https:\/\/fuentesfidedignas.com.mx\/index.php\/2023\/12\/19\/piden-no-regalar-animales-de-compania-en-estas-fiestas-decembrinas\/"]}]},{"@type":"ImageObject","inLanguage":"es","@id":"https:\/\/fuentesfidedignas.com.mx\/index.php\/2023\/12\/19\/piden-no-regalar-animales-de-compania-en-estas-fiestas-decembrinas\/#primaryimage","url":"https:\/\/fuentesfidedignas.com.mx\/wp-content\/uploads\/2023\/12\/FEMQ5ECG4FEGZLI6MOMTEGJSHM.jpg","contentUrl":"https:\/\/fuentesfidedignas.com.mx\/wp-content\/uploads\/2023\/12\/FEMQ5ECG4FEGZLI6MOMTEGJSHM.jpg","width":400,"height":246},{"@type":"BreadcrumbList","@id":"https:\/\/fuentesfidedignas.com.mx\/index.php\/2023\/12\/19\/piden-no-regalar-animales-de-compania-en-estas-fiestas-decembrinas\/#breadcrumb","itemListElement":[{"@type":"ListItem","position":1,"name":"Inicio","item":"https:\/\/fuentesfidedignas.com.mx\/"},{"@type":"ListItem","position":2,"name":"Piden no regalar animales de compa\u00f1\u00eda en estas fiestas decembrinas"}]},{"@type":"WebSite","@id":"https:\/\/fuentesfidedignas.com.mx\/#website","url":"https:\/\/fuentesfidedignas.com.mx\/","name":"Fuentes Fidedignas","description":"Otro sitio realizado con WordPress","publisher":{"@id":"https:\/\/fuentesfidedignas.com.mx\/#organization"},"potentialAction":[{"@type":"SearchAction","target":{"@type":"EntryPoint","urlTemplate":"https:\/\/fuentesfidedignas.com.mx\/?s={search_term_string}"},"query-input":{"@type":"PropertyValueSpecification","valueRequired":true,"valueName":"search_term_string"}}],"inLanguage":"es"},{"@type":"Organization","@id":"https:\/\/fuentesfidedignas.com.mx\/#organization","name":"Fuentes Fidedignas","url":"https:\/\/fuentesfidedignas.com.mx\/","logo":{"@type":"ImageObject","inLanguage":"es","@id":"https:\/\/fuentesfidedignas.com.mx\/#\/schema\/logo\/image\/","url":"https:\/\/fuentesfidedignas.com.mx\/wp-content\/uploads\/2021\/04\/logo-retina.png","contentUrl":"https:\/\/fuentesfidedignas.com.mx\/wp-content\/uploads\/2021\/04\/logo-retina.png","width":280,"height":51,"caption":"Fuentes Fidedignas"},"image":{"@id":"https:\/\/fuentesfidedignas.com.mx\/#\/schema\/logo\/image\/"},"sameAs":["https:\/\/www.facebook.com\/Fuentes-Fidedignas-368234489921644","https:\/\/x.com\/fidedignas"]},{"@type":"Person","@id":"https:\/\/fuentesfidedignas.com.mx\/#\/schema\/person\/fee3882e65fd0510d292c43a346d35d7","name":"El Universal","image":{"@type":"ImageObject","inLanguage":"es","@id":"https:\/\/secure.gravatar.com\/avatar\/1ebc94d82b6c3c081781f73e5b76a0d0c1ac7bf8e57426f18802246eeaa2747c?s=96&d=mm&r=g","url":"https:\/\/secure.gravatar.com\/avatar\/1ebc94d82b6c3c081781f73e5b76a0d0c1ac7bf8e57426f18802246eeaa2747c?s=96&d=mm&r=g","contentUrl":"https:\/\/secure.gravatar.com\/avatar\/1ebc94d82b6c3c081781f73e5b76a0d0c1ac7bf8e57426f18802246eeaa2747c?s=96&d=mm&r=g","caption":"El Universal"},"url":"https:\/\/fuentesfidedignas.com.mx\/index.php\/author\/el-universal\/"}]}},"_links":{"self":[{"href":"https:\/\/fuentesfidedignas.com.mx\/index.php\/wp-json\/wp\/v2\/posts\/69072","targetHints":{"allow":["GET"]}}],"collection":[{"href":"https:\/\/fuentesfidedignas.com.mx\/index.php\/wp-json\/wp\/v2\/posts"}],"about":[{"href":"https:\/\/fuentesfidedignas.com.mx\/index.php\/wp-json\/wp\/v2\/types\/post"}],"author":[{"embeddable":true,"href":"https:\/\/fuentesfidedignas.com.mx\/index.php\/wp-json\/wp\/v2\/users\/39"}],"replies":[{"embeddable":true,"href":"https:\/\/fuentesfidedignas.com.mx\/index.php\/wp-json\/wp\/v2\/comments?post=69072"}],"version-history":[{"count":1,"href":"https:\/\/fuentesfidedignas.com.mx\/index.php\/wp-json\/wp\/v2\/posts\/69072\/revisions"}],"predecessor-version":[{"id":69074,"href":"https:\/\/fuentesfidedignas.com.mx\/index.php\/wp-json\/wp\/v2\/posts\/69072\/revisions\/69074"}],"wp:featuredmedia":[{"embeddable":true,"href":"https:\/\/fuentesfidedignas.com.mx\/index.php\/wp-json\/wp\/v2\/media\/69073"}],"wp:attachment":[{"href":"https:\/\/fuentesfidedignas.com.mx\/index.php\/wp-json\/wp\/v2\/media?parent=69072"}],"wp:term":[{"taxonomy":"category","embeddable":true,"href":"https:\/\/fuentesfidedignas.com.mx\/index.php\/wp-json\/wp\/v2\/categories?post=69072"},{"taxonomy":"post_tag","embeddable":true,"href":"https:\/\/fuentesfidedignas.com.mx\/index.php\/wp-json\/wp\/v2\/tags?post=69072"}],"curies":[{"name":"wp","href":"https:\/\/api.w.org\/{rel}","templated":true}]}}