{"id":68844,"date":"2023-12-16T05:42:27","date_gmt":"2023-12-16T12:42:27","guid":{"rendered":"https:\/\/fuentesfidedignas.com.mx\/?p=68844"},"modified":"2023-12-15T17:44:46","modified_gmt":"2023-12-16T00:44:46","slug":"joven-se-queja-porque-no-la-llaman-para-los-puestos-de-trabajo-que-se-postula-piensan-que-por-ser-linda-eres-tonta","status":"publish","type":"post","link":"https:\/\/fuentesfidedignas.com.mx\/index.php\/2023\/12\/16\/joven-se-queja-porque-no-la-llaman-para-los-puestos-de-trabajo-que-se-postula-piensan-que-por-ser-linda-eres-tonta\/","title":{"rendered":"Joven se queja porque no la llaman para los puestos de trabajo que se postula: \u201cPiensan que por ser linda eres tonta\u201d"},"content":{"rendered":"\n<p><strong><em>La joven utiliz\u00f3 su TikTok para quejarse de dicha situaci\u00f3n<\/em><\/strong><\/p>\n\n\n\n<p>TikTok es una de las plataformas digitales m\u00e1s importantes de la actualidad, en ella muchos usuarios disfrutan todos los d\u00edas de la infinidad de contenido que contiene.<\/p>\n\n\n\n<p>Pero tambi\u00e9n existen aquellos usuarios que prefieren compartir su d\u00eda en su perfil o cosas que les molestan, tal es el caso de Carolina, una joven que utiliz\u00f3 este espacio para quejarse sobre c\u00f3mo no quieren darle los trabajos que ella solicita por su apariencia.<\/p>\n\n\n\n<p><strong>\u00bfQu\u00e9 dijo la joven?<\/strong><br>A trav\u00e9s de un video la mujer comienza a compartir su experiencia y como los entrevistadores nunca le dan los trabajos que ella pide y le ofrecen otros por su apariencia, sin importar si tiene o no las aptitudes para desempe\u00f1arse en el \u00e1rea.<\/p>\n\n\n\n<p>\u201cNi siquiera toman en cuenta tus experiencias, tu estudio. Encima te ponen en el puesto que ellos quieren\u201d<br>La mujer asegura que ha rechazado muchas ofertas pues siempre quieren darle puestos que quieren y no a los que ella postul\u00f3.<\/p>\n\n\n\n<p>\u201cPiensan que por ser linda sos est**ida\u201d<br>As\u00ed mismo, en los comentarios del video asegur\u00f3 que tiene la preparaci\u00f3n necesaria como para que no valoren sus aptitudes.<\/p>\n\n\n\n<p>Tengo 3 a\u00f1os de derecho y actualmente estudio RRHH osea tengo estudios por eso me molesta que no me contraten para administraci\u00f3n.<\/p>\n\n\n\n<p><strong>Opini\u00f3n en redes<\/strong><br>el video r\u00e1pidamente llam\u00f3 la atenci\u00f3n de los internautas quienes no dudaron en externar su opini\u00f3n y criticar a la joven por sus quejas.<\/p>\n\n\n\n<p>Los fan\u00e1ticos de la meritocracia acaban de ser domados por una milipili<br>problemas de privilegiadoa. yo soy lindo pero a nadie le interesa<br>tip: no hablar como milipili y no repetir que sos linda<br>yo quiero laburar sin atender gente, y siempre me mandan a dar la cara vendedora recepcionista prefiero un deposito.<\/p>\n\n\n\n<blockquote class=\"tiktok-embed\" cite=\"https:\/\/www.tiktok.com\/@carojaz2810\/video\/7310625826595343621\" data-video-id=\"7310625826595343621\" style=\"max-width: 605px;min-width: 325px;\" > <section> <a target=\"_blank\" title=\"@carojaz2810\" href=\"https:\/\/www.tiktok.com\/@carojaz2810?refer=embed\" rel=\"noopener\">@carojaz2810<\/a> Instagram carodalponte los rrhh \ud83d\ude21 <a title=\"trabajo\" target=\"_blank\" href=\"https:\/\/www.tiktok.com\/tag\/trabajo?refer=embed\" rel=\"noopener\">#trabajo<\/a> <a title=\"opinion\" target=\"_blank\" href=\"https:\/\/www.tiktok.com\/tag\/opinion?refer=embed\" rel=\"noopener\">#opinion<\/a> <a title=\"busquedalaboral\" target=\"_blank\" href=\"https:\/\/www.tiktok.com\/tag\/busquedalaboral?refer=embed\" rel=\"noopener\">#busquedalaboral<\/a> <a target=\"_blank\" title=\"\u266c Famous Mozart&#39;s Turkish March(872150) - East Valley Music\" href=\"https:\/\/www.tiktok.com\/music\/Famous-Mozart's-Turkish-March-872150-6886882532927752193?refer=embed\" rel=\"noopener\">\u266c Famous Mozart&#39;s Turkish March(872150) &#8211; East Valley Music<\/a> <\/section> <\/blockquote> <script async src=\"https:\/\/www.tiktok.com\/embed.js\"><\/script>\n","protected":false},"excerpt":{"rendered":"<p>La joven utiliz\u00f3 su TikTok para quejarse de dicha situaci\u00f3n TikTok es una de las plataformas digitales m\u00e1s importantes de la actualidad, en ella muchos usuarios disfrutan todos los d\u00edas de la infinidad de contenido que contiene. Pero tambi\u00e9n existen aquellos usuarios que prefieren compartir su d\u00eda en su perfil o cosas que les molestan, [&hellip;]<\/p>\n","protected":false},"author":9,"featured_media":68845,"comment_status":"open","ping_status":"open","sticky":false,"template":"","format":"standard","meta":{"tdm_status":"","tdm_grid_status":"","footnotes":""},"categories":[40],"tags":[],"class_list":{"0":"post-68844","1":"post","2":"type-post","3":"status-publish","4":"format-standard","5":"has-post-thumbnail","7":"category-las-asombrosas"},"yoast_head":"<!-- This site is optimized with the Yoast SEO plugin v27.5 - https:\/\/yoast.com\/product\/yoast-seo-wordpress\/ -->\n<title>Joven se queja porque no la llaman para los puestos de trabajo que se postula: \u201cPiensan que por ser linda eres tonta\u201d - Fuentes Fidedignas<\/title>\n<meta name=\"robots\" content=\"index, follow, max-snippet:-1, max-image-preview:large, max-video-preview:-1\" \/>\n<link rel=\"canonical\" href=\"https:\/\/fuentesfidedignas.com.mx\/index.php\/2023\/12\/16\/joven-se-queja-porque-no-la-llaman-para-los-puestos-de-trabajo-que-se-postula-piensan-que-por-ser-linda-eres-tonta\/\" \/>\n<meta property=\"og:locale\" content=\"es_MX\" \/>\n<meta property=\"og:type\" content=\"article\" \/>\n<meta property=\"og:title\" content=\"Joven se queja porque no la llaman para los puestos de trabajo que se postula: \u201cPiensan que por ser linda eres tonta\u201d - Fuentes Fidedignas\" \/>\n<meta property=\"og:description\" content=\"La joven utiliz\u00f3 su TikTok para quejarse de dicha situaci\u00f3n TikTok es una de las plataformas digitales m\u00e1s importantes de la actualidad, en ella muchos usuarios disfrutan todos los d\u00edas de la infinidad de contenido que contiene. Pero tambi\u00e9n existen aquellos usuarios que prefieren compartir su d\u00eda en su perfil o cosas que les molestan, [&hellip;]\" \/>\n<meta property=\"og:url\" content=\"https:\/\/fuentesfidedignas.com.mx\/index.php\/2023\/12\/16\/joven-se-queja-porque-no-la-llaman-para-los-puestos-de-trabajo-que-se-postula-piensan-que-por-ser-linda-eres-tonta\/\" \/>\n<meta property=\"og:site_name\" content=\"Fuentes Fidedignas\" \/>\n<meta property=\"article:publisher\" content=\"https:\/\/www.facebook.com\/Fuentes-Fidedignas-368234489921644\" \/>\n<meta property=\"article:published_time\" content=\"2023-12-16T12:42:27+00:00\" \/>\n<meta property=\"og:image\" content=\"https:\/\/fuentesfidedignas.com.mx\/wp-content\/uploads\/2023\/12\/JOVEN_TRABAJO1.jpg\" \/>\n\t<meta property=\"og:image:width\" content=\"881\" \/>\n\t<meta property=\"og:image:height\" content=\"529\" \/>\n\t<meta property=\"og:image:type\" content=\"image\/jpeg\" \/>\n<meta name=\"author\" content=\"Milenio\" \/>\n<meta name=\"twitter:card\" content=\"summary_large_image\" \/>\n<meta name=\"twitter:creator\" content=\"@fidedignas\" \/>\n<meta name=\"twitter:site\" content=\"@fidedignas\" \/>\n<meta name=\"twitter:label1\" content=\"Escrito por\" \/>\n\t<meta name=\"twitter:data1\" content=\"Milenio\" \/>\n\t<meta name=\"twitter:label2\" content=\"Tiempo de lectura\" \/>\n\t<meta name=\"twitter:data2\" content=\"2 minutos\" \/>\n<script type=\"application\/ld+json\" class=\"yoast-schema-graph\">{\"@context\":\"https:\\\/\\\/schema.org\",\"@graph\":[{\"@type\":\"Article\",\"@id\":\"https:\\\/\\\/fuentesfidedignas.com.mx\\\/index.php\\\/2023\\\/12\\\/16\\\/joven-se-queja-porque-no-la-llaman-para-los-puestos-de-trabajo-que-se-postula-piensan-que-por-ser-linda-eres-tonta\\\/#article\",\"isPartOf\":{\"@id\":\"https:\\\/\\\/fuentesfidedignas.com.mx\\\/index.php\\\/2023\\\/12\\\/16\\\/joven-se-queja-porque-no-la-llaman-para-los-puestos-de-trabajo-que-se-postula-piensan-que-por-ser-linda-eres-tonta\\\/\"},\"author\":{\"name\":\"Milenio\",\"@id\":\"https:\\\/\\\/fuentesfidedignas.com.mx\\\/#\\\/schema\\\/person\\\/47ec0135738f4b0c7495f06a77a2c976\"},\"headline\":\"Joven se queja porque no la llaman para los puestos de trabajo que se postula: \u201cPiensan que por ser linda eres tonta\u201d\",\"datePublished\":\"2023-12-16T12:42:27+00:00\",\"mainEntityOfPage\":{\"@id\":\"https:\\\/\\\/fuentesfidedignas.com.mx\\\/index.php\\\/2023\\\/12\\\/16\\\/joven-se-queja-porque-no-la-llaman-para-los-puestos-de-trabajo-que-se-postula-piensan-que-por-ser-linda-eres-tonta\\\/\"},\"wordCount\":351,\"commentCount\":0,\"publisher\":{\"@id\":\"https:\\\/\\\/fuentesfidedignas.com.mx\\\/#organization\"},\"image\":{\"@id\":\"https:\\\/\\\/fuentesfidedignas.com.mx\\\/index.php\\\/2023\\\/12\\\/16\\\/joven-se-queja-porque-no-la-llaman-para-los-puestos-de-trabajo-que-se-postula-piensan-que-por-ser-linda-eres-tonta\\\/#primaryimage\"},\"thumbnailUrl\":\"https:\\\/\\\/fuentesfidedignas.com.mx\\\/wp-content\\\/uploads\\\/2023\\\/12\\\/JOVEN_TRABAJO1.jpg\",\"articleSection\":[\"LAS ASOMBROSAS\"],\"inLanguage\":\"es\",\"potentialAction\":[{\"@type\":\"CommentAction\",\"name\":\"Comment\",\"target\":[\"https:\\\/\\\/fuentesfidedignas.com.mx\\\/index.php\\\/2023\\\/12\\\/16\\\/joven-se-queja-porque-no-la-llaman-para-los-puestos-de-trabajo-que-se-postula-piensan-que-por-ser-linda-eres-tonta\\\/#respond\"]}]},{\"@type\":\"WebPage\",\"@id\":\"https:\\\/\\\/fuentesfidedignas.com.mx\\\/index.php\\\/2023\\\/12\\\/16\\\/joven-se-queja-porque-no-la-llaman-para-los-puestos-de-trabajo-que-se-postula-piensan-que-por-ser-linda-eres-tonta\\\/\",\"url\":\"https:\\\/\\\/fuentesfidedignas.com.mx\\\/index.php\\\/2023\\\/12\\\/16\\\/joven-se-queja-porque-no-la-llaman-para-los-puestos-de-trabajo-que-se-postula-piensan-que-por-ser-linda-eres-tonta\\\/\",\"name\":\"Joven se queja porque no la llaman para los puestos de trabajo que se postula: \u201cPiensan que por ser linda eres tonta\u201d - Fuentes Fidedignas\",\"isPartOf\":{\"@id\":\"https:\\\/\\\/fuentesfidedignas.com.mx\\\/#website\"},\"primaryImageOfPage\":{\"@id\":\"https:\\\/\\\/fuentesfidedignas.com.mx\\\/index.php\\\/2023\\\/12\\\/16\\\/joven-se-queja-porque-no-la-llaman-para-los-puestos-de-trabajo-que-se-postula-piensan-que-por-ser-linda-eres-tonta\\\/#primaryimage\"},\"image\":{\"@id\":\"https:\\\/\\\/fuentesfidedignas.com.mx\\\/index.php\\\/2023\\\/12\\\/16\\\/joven-se-queja-porque-no-la-llaman-para-los-puestos-de-trabajo-que-se-postula-piensan-que-por-ser-linda-eres-tonta\\\/#primaryimage\"},\"thumbnailUrl\":\"https:\\\/\\\/fuentesfidedignas.com.mx\\\/wp-content\\\/uploads\\\/2023\\\/12\\\/JOVEN_TRABAJO1.jpg\",\"datePublished\":\"2023-12-16T12:42:27+00:00\",\"breadcrumb\":{\"@id\":\"https:\\\/\\\/fuentesfidedignas.com.mx\\\/index.php\\\/2023\\\/12\\\/16\\\/joven-se-queja-porque-no-la-llaman-para-los-puestos-de-trabajo-que-se-postula-piensan-que-por-ser-linda-eres-tonta\\\/#breadcrumb\"},\"inLanguage\":\"es\",\"potentialAction\":[{\"@type\":\"ReadAction\",\"target\":[\"https:\\\/\\\/fuentesfidedignas.com.mx\\\/index.php\\\/2023\\\/12\\\/16\\\/joven-se-queja-porque-no-la-llaman-para-los-puestos-de-trabajo-que-se-postula-piensan-que-por-ser-linda-eres-tonta\\\/\"]}]},{\"@type\":\"ImageObject\",\"inLanguage\":\"es\",\"@id\":\"https:\\\/\\\/fuentesfidedignas.com.mx\\\/index.php\\\/2023\\\/12\\\/16\\\/joven-se-queja-porque-no-la-llaman-para-los-puestos-de-trabajo-que-se-postula-piensan-que-por-ser-linda-eres-tonta\\\/#primaryimage\",\"url\":\"https:\\\/\\\/fuentesfidedignas.com.mx\\\/wp-content\\\/uploads\\\/2023\\\/12\\\/JOVEN_TRABAJO1.jpg\",\"contentUrl\":\"https:\\\/\\\/fuentesfidedignas.com.mx\\\/wp-content\\\/uploads\\\/2023\\\/12\\\/JOVEN_TRABAJO1.jpg\",\"width\":881,\"height\":529},{\"@type\":\"BreadcrumbList\",\"@id\":\"https:\\\/\\\/fuentesfidedignas.com.mx\\\/index.php\\\/2023\\\/12\\\/16\\\/joven-se-queja-porque-no-la-llaman-para-los-puestos-de-trabajo-que-se-postula-piensan-que-por-ser-linda-eres-tonta\\\/#breadcrumb\",\"itemListElement\":[{\"@type\":\"ListItem\",\"position\":1,\"name\":\"Inicio\",\"item\":\"https:\\\/\\\/fuentesfidedignas.com.mx\\\/\"},{\"@type\":\"ListItem\",\"position\":2,\"name\":\"Joven se queja porque no la llaman para los puestos de trabajo que se postula: \u201cPiensan que por ser linda eres tonta\u201d\"}]},{\"@type\":\"WebSite\",\"@id\":\"https:\\\/\\\/fuentesfidedignas.com.mx\\\/#website\",\"url\":\"https:\\\/\\\/fuentesfidedignas.com.mx\\\/\",\"name\":\"Fuentes Fidedignas\",\"description\":\"Otro sitio realizado con WordPress\",\"publisher\":{\"@id\":\"https:\\\/\\\/fuentesfidedignas.com.mx\\\/#organization\"},\"potentialAction\":[{\"@type\":\"SearchAction\",\"target\":{\"@type\":\"EntryPoint\",\"urlTemplate\":\"https:\\\/\\\/fuentesfidedignas.com.mx\\\/?s={search_term_string}\"},\"query-input\":{\"@type\":\"PropertyValueSpecification\",\"valueRequired\":true,\"valueName\":\"search_term_string\"}}],\"inLanguage\":\"es\"},{\"@type\":\"Organization\",\"@id\":\"https:\\\/\\\/fuentesfidedignas.com.mx\\\/#organization\",\"name\":\"Fuentes Fidedignas\",\"url\":\"https:\\\/\\\/fuentesfidedignas.com.mx\\\/\",\"logo\":{\"@type\":\"ImageObject\",\"inLanguage\":\"es\",\"@id\":\"https:\\\/\\\/fuentesfidedignas.com.mx\\\/#\\\/schema\\\/logo\\\/image\\\/\",\"url\":\"https:\\\/\\\/fuentesfidedignas.com.mx\\\/wp-content\\\/uploads\\\/2021\\\/04\\\/logo-retina.png\",\"contentUrl\":\"https:\\\/\\\/fuentesfidedignas.com.mx\\\/wp-content\\\/uploads\\\/2021\\\/04\\\/logo-retina.png\",\"width\":280,\"height\":51,\"caption\":\"Fuentes Fidedignas\"},\"image\":{\"@id\":\"https:\\\/\\\/fuentesfidedignas.com.mx\\\/#\\\/schema\\\/logo\\\/image\\\/\"},\"sameAs\":[\"https:\\\/\\\/www.facebook.com\\\/Fuentes-Fidedignas-368234489921644\",\"https:\\\/\\\/x.com\\\/fidedignas\"]},{\"@type\":\"Person\",\"@id\":\"https:\\\/\\\/fuentesfidedignas.com.mx\\\/#\\\/schema\\\/person\\\/47ec0135738f4b0c7495f06a77a2c976\",\"name\":\"Milenio\",\"image\":{\"@type\":\"ImageObject\",\"inLanguage\":\"es\",\"@id\":\"https:\\\/\\\/secure.gravatar.com\\\/avatar\\\/acabf7b54753e51c2c76457954577c236b3b764789b19879565769739d1e4a75?s=96&d=mm&r=g\",\"url\":\"https:\\\/\\\/secure.gravatar.com\\\/avatar\\\/acabf7b54753e51c2c76457954577c236b3b764789b19879565769739d1e4a75?s=96&d=mm&r=g\",\"contentUrl\":\"https:\\\/\\\/secure.gravatar.com\\\/avatar\\\/acabf7b54753e51c2c76457954577c236b3b764789b19879565769739d1e4a75?s=96&d=mm&r=g\",\"caption\":\"Milenio\"},\"url\":\"https:\\\/\\\/fuentesfidedignas.com.mx\\\/index.php\\\/author\\\/milenio\\\/\"}]}<\/script>\n<!-- \/ Yoast SEO plugin. -->","yoast_head_json":{"title":"Joven se queja porque no la llaman para los puestos de trabajo que se postula: \u201cPiensan que por ser linda eres tonta\u201d - Fuentes Fidedignas","robots":{"index":"index","follow":"follow","max-snippet":"max-snippet:-1","max-image-preview":"max-image-preview:large","max-video-preview":"max-video-preview:-1"},"canonical":"https:\/\/fuentesfidedignas.com.mx\/index.php\/2023\/12\/16\/joven-se-queja-porque-no-la-llaman-para-los-puestos-de-trabajo-que-se-postula-piensan-que-por-ser-linda-eres-tonta\/","og_locale":"es_MX","og_type":"article","og_title":"Joven se queja porque no la llaman para los puestos de trabajo que se postula: \u201cPiensan que por ser linda eres tonta\u201d - Fuentes Fidedignas","og_description":"La joven utiliz\u00f3 su TikTok para quejarse de dicha situaci\u00f3n TikTok es una de las plataformas digitales m\u00e1s importantes de la actualidad, en ella muchos usuarios disfrutan todos los d\u00edas de la infinidad de contenido que contiene. Pero tambi\u00e9n existen aquellos usuarios que prefieren compartir su d\u00eda en su perfil o cosas que les molestan, [&hellip;]","og_url":"https:\/\/fuentesfidedignas.com.mx\/index.php\/2023\/12\/16\/joven-se-queja-porque-no-la-llaman-para-los-puestos-de-trabajo-que-se-postula-piensan-que-por-ser-linda-eres-tonta\/","og_site_name":"Fuentes Fidedignas","article_publisher":"https:\/\/www.facebook.com\/Fuentes-Fidedignas-368234489921644","article_published_time":"2023-12-16T12:42:27+00:00","og_image":[{"width":881,"height":529,"url":"https:\/\/fuentesfidedignas.com.mx\/wp-content\/uploads\/2023\/12\/JOVEN_TRABAJO1.jpg","type":"image\/jpeg"}],"author":"Milenio","twitter_card":"summary_large_image","twitter_creator":"@fidedignas","twitter_site":"@fidedignas","twitter_misc":{"Escrito por":"Milenio","Tiempo de lectura":"2 minutos"},"schema":{"@context":"https:\/\/schema.org","@graph":[{"@type":"Article","@id":"https:\/\/fuentesfidedignas.com.mx\/index.php\/2023\/12\/16\/joven-se-queja-porque-no-la-llaman-para-los-puestos-de-trabajo-que-se-postula-piensan-que-por-ser-linda-eres-tonta\/#article","isPartOf":{"@id":"https:\/\/fuentesfidedignas.com.mx\/index.php\/2023\/12\/16\/joven-se-queja-porque-no-la-llaman-para-los-puestos-de-trabajo-que-se-postula-piensan-que-por-ser-linda-eres-tonta\/"},"author":{"name":"Milenio","@id":"https:\/\/fuentesfidedignas.com.mx\/#\/schema\/person\/47ec0135738f4b0c7495f06a77a2c976"},"headline":"Joven se queja porque no la llaman para los puestos de trabajo que se postula: \u201cPiensan que por ser linda eres tonta\u201d","datePublished":"2023-12-16T12:42:27+00:00","mainEntityOfPage":{"@id":"https:\/\/fuentesfidedignas.com.mx\/index.php\/2023\/12\/16\/joven-se-queja-porque-no-la-llaman-para-los-puestos-de-trabajo-que-se-postula-piensan-que-por-ser-linda-eres-tonta\/"},"wordCount":351,"commentCount":0,"publisher":{"@id":"https:\/\/fuentesfidedignas.com.mx\/#organization"},"image":{"@id":"https:\/\/fuentesfidedignas.com.mx\/index.php\/2023\/12\/16\/joven-se-queja-porque-no-la-llaman-para-los-puestos-de-trabajo-que-se-postula-piensan-que-por-ser-linda-eres-tonta\/#primaryimage"},"thumbnailUrl":"https:\/\/fuentesfidedignas.com.mx\/wp-content\/uploads\/2023\/12\/JOVEN_TRABAJO1.jpg","articleSection":["LAS ASOMBROSAS"],"inLanguage":"es","potentialAction":[{"@type":"CommentAction","name":"Comment","target":["https:\/\/fuentesfidedignas.com.mx\/index.php\/2023\/12\/16\/joven-se-queja-porque-no-la-llaman-para-los-puestos-de-trabajo-que-se-postula-piensan-que-por-ser-linda-eres-tonta\/#respond"]}]},{"@type":"WebPage","@id":"https:\/\/fuentesfidedignas.com.mx\/index.php\/2023\/12\/16\/joven-se-queja-porque-no-la-llaman-para-los-puestos-de-trabajo-que-se-postula-piensan-que-por-ser-linda-eres-tonta\/","url":"https:\/\/fuentesfidedignas.com.mx\/index.php\/2023\/12\/16\/joven-se-queja-porque-no-la-llaman-para-los-puestos-de-trabajo-que-se-postula-piensan-que-por-ser-linda-eres-tonta\/","name":"Joven se queja porque no la llaman para los puestos de trabajo que se postula: \u201cPiensan que por ser linda eres tonta\u201d - Fuentes Fidedignas","isPartOf":{"@id":"https:\/\/fuentesfidedignas.com.mx\/#website"},"primaryImageOfPage":{"@id":"https:\/\/fuentesfidedignas.com.mx\/index.php\/2023\/12\/16\/joven-se-queja-porque-no-la-llaman-para-los-puestos-de-trabajo-que-se-postula-piensan-que-por-ser-linda-eres-tonta\/#primaryimage"},"image":{"@id":"https:\/\/fuentesfidedignas.com.mx\/index.php\/2023\/12\/16\/joven-se-queja-porque-no-la-llaman-para-los-puestos-de-trabajo-que-se-postula-piensan-que-por-ser-linda-eres-tonta\/#primaryimage"},"thumbnailUrl":"https:\/\/fuentesfidedignas.com.mx\/wp-content\/uploads\/2023\/12\/JOVEN_TRABAJO1.jpg","datePublished":"2023-12-16T12:42:27+00:00","breadcrumb":{"@id":"https:\/\/fuentesfidedignas.com.mx\/index.php\/2023\/12\/16\/joven-se-queja-porque-no-la-llaman-para-los-puestos-de-trabajo-que-se-postula-piensan-que-por-ser-linda-eres-tonta\/#breadcrumb"},"inLanguage":"es","potentialAction":[{"@type":"ReadAction","target":["https:\/\/fuentesfidedignas.com.mx\/index.php\/2023\/12\/16\/joven-se-queja-porque-no-la-llaman-para-los-puestos-de-trabajo-que-se-postula-piensan-que-por-ser-linda-eres-tonta\/"]}]},{"@type":"ImageObject","inLanguage":"es","@id":"https:\/\/fuentesfidedignas.com.mx\/index.php\/2023\/12\/16\/joven-se-queja-porque-no-la-llaman-para-los-puestos-de-trabajo-que-se-postula-piensan-que-por-ser-linda-eres-tonta\/#primaryimage","url":"https:\/\/fuentesfidedignas.com.mx\/wp-content\/uploads\/2023\/12\/JOVEN_TRABAJO1.jpg","contentUrl":"https:\/\/fuentesfidedignas.com.mx\/wp-content\/uploads\/2023\/12\/JOVEN_TRABAJO1.jpg","width":881,"height":529},{"@type":"BreadcrumbList","@id":"https:\/\/fuentesfidedignas.com.mx\/index.php\/2023\/12\/16\/joven-se-queja-porque-no-la-llaman-para-los-puestos-de-trabajo-que-se-postula-piensan-que-por-ser-linda-eres-tonta\/#breadcrumb","itemListElement":[{"@type":"ListItem","position":1,"name":"Inicio","item":"https:\/\/fuentesfidedignas.com.mx\/"},{"@type":"ListItem","position":2,"name":"Joven se queja porque no la llaman para los puestos de trabajo que se postula: \u201cPiensan que por ser linda eres tonta\u201d"}]},{"@type":"WebSite","@id":"https:\/\/fuentesfidedignas.com.mx\/#website","url":"https:\/\/fuentesfidedignas.com.mx\/","name":"Fuentes Fidedignas","description":"Otro sitio realizado con WordPress","publisher":{"@id":"https:\/\/fuentesfidedignas.com.mx\/#organization"},"potentialAction":[{"@type":"SearchAction","target":{"@type":"EntryPoint","urlTemplate":"https:\/\/fuentesfidedignas.com.mx\/?s={search_term_string}"},"query-input":{"@type":"PropertyValueSpecification","valueRequired":true,"valueName":"search_term_string"}}],"inLanguage":"es"},{"@type":"Organization","@id":"https:\/\/fuentesfidedignas.com.mx\/#organization","name":"Fuentes Fidedignas","url":"https:\/\/fuentesfidedignas.com.mx\/","logo":{"@type":"ImageObject","inLanguage":"es","@id":"https:\/\/fuentesfidedignas.com.mx\/#\/schema\/logo\/image\/","url":"https:\/\/fuentesfidedignas.com.mx\/wp-content\/uploads\/2021\/04\/logo-retina.png","contentUrl":"https:\/\/fuentesfidedignas.com.mx\/wp-content\/uploads\/2021\/04\/logo-retina.png","width":280,"height":51,"caption":"Fuentes Fidedignas"},"image":{"@id":"https:\/\/fuentesfidedignas.com.mx\/#\/schema\/logo\/image\/"},"sameAs":["https:\/\/www.facebook.com\/Fuentes-Fidedignas-368234489921644","https:\/\/x.com\/fidedignas"]},{"@type":"Person","@id":"https:\/\/fuentesfidedignas.com.mx\/#\/schema\/person\/47ec0135738f4b0c7495f06a77a2c976","name":"Milenio","image":{"@type":"ImageObject","inLanguage":"es","@id":"https:\/\/secure.gravatar.com\/avatar\/acabf7b54753e51c2c76457954577c236b3b764789b19879565769739d1e4a75?s=96&d=mm&r=g","url":"https:\/\/secure.gravatar.com\/avatar\/acabf7b54753e51c2c76457954577c236b3b764789b19879565769739d1e4a75?s=96&d=mm&r=g","contentUrl":"https:\/\/secure.gravatar.com\/avatar\/acabf7b54753e51c2c76457954577c236b3b764789b19879565769739d1e4a75?s=96&d=mm&r=g","caption":"Milenio"},"url":"https:\/\/fuentesfidedignas.com.mx\/index.php\/author\/milenio\/"}]}},"_links":{"self":[{"href":"https:\/\/fuentesfidedignas.com.mx\/index.php\/wp-json\/wp\/v2\/posts\/68844","targetHints":{"allow":["GET"]}}],"collection":[{"href":"https:\/\/fuentesfidedignas.com.mx\/index.php\/wp-json\/wp\/v2\/posts"}],"about":[{"href":"https:\/\/fuentesfidedignas.com.mx\/index.php\/wp-json\/wp\/v2\/types\/post"}],"author":[{"embeddable":true,"href":"https:\/\/fuentesfidedignas.com.mx\/index.php\/wp-json\/wp\/v2\/users\/9"}],"replies":[{"embeddable":true,"href":"https:\/\/fuentesfidedignas.com.mx\/index.php\/wp-json\/wp\/v2\/comments?post=68844"}],"version-history":[{"count":1,"href":"https:\/\/fuentesfidedignas.com.mx\/index.php\/wp-json\/wp\/v2\/posts\/68844\/revisions"}],"predecessor-version":[{"id":68846,"href":"https:\/\/fuentesfidedignas.com.mx\/index.php\/wp-json\/wp\/v2\/posts\/68844\/revisions\/68846"}],"wp:featuredmedia":[{"embeddable":true,"href":"https:\/\/fuentesfidedignas.com.mx\/index.php\/wp-json\/wp\/v2\/media\/68845"}],"wp:attachment":[{"href":"https:\/\/fuentesfidedignas.com.mx\/index.php\/wp-json\/wp\/v2\/media?parent=68844"}],"wp:term":[{"taxonomy":"category","embeddable":true,"href":"https:\/\/fuentesfidedignas.com.mx\/index.php\/wp-json\/wp\/v2\/categories?post=68844"},{"taxonomy":"post_tag","embeddable":true,"href":"https:\/\/fuentesfidedignas.com.mx\/index.php\/wp-json\/wp\/v2\/tags?post=68844"}],"curies":[{"name":"wp","href":"https:\/\/api.w.org\/{rel}","templated":true}]}}