{"id":68594,"date":"2023-12-13T17:26:18","date_gmt":"2023-12-14T00:26:18","guid":{"rendered":"https:\/\/fuentesfidedignas.com.mx\/?p=68594"},"modified":"2023-12-13T17:06:56","modified_gmt":"2023-12-14T00:06:56","slug":"mas-de-20-mil-mujeres-al-ano-se-ven-afectadas-por-cancer-de-mama-en-mexico","status":"publish","type":"post","link":"https:\/\/fuentesfidedignas.com.mx\/index.php\/2023\/12\/13\/mas-de-20-mil-mujeres-al-ano-se-ven-afectadas-por-cancer-de-mama-en-mexico\/","title":{"rendered":"M\u00e1s de 20 mil mujeres al a\u00f1o se ven afectadas por c\u00e1ncer de mama en M\u00e9xico"},"content":{"rendered":"\n<p><strong><em>En M\u00e9xico, durante 2022 se registraron 23 mil 790 nuevos casos de c\u00e1ncer de mama entre la poblaci\u00f3n de 20 a\u00f1os y m\u00e1s<\/em><\/strong><\/p>\n\n\n\n<p>Ciudad de M\u00e9xico.- M\u00e1s de 20 mil mujeres en M\u00e9xico se ven afectadas cada a\u00f1o por el c\u00e1ncer de mama y al menos la mitad son diagnosticadas en etapas avanzadas, por lo que es vital promover la detecci\u00f3n y tratamiento oportunos de esta enfermedad para elevar los pron\u00f3sticos de vida de estas pacientes, dijo este mi\u00e9rcoles una experta.<\/p>\n\n\n\n<p>\u201cEs realmente un reto. Nuestro objetivo es que el diagn\u00f3stico sea en el momento m\u00e1s oportuno, de la forma m\u00e1s oportuna para que el tratamiento pueda ser curativo y si no es as\u00ed, tratar de dar el tratamiento personalizado m\u00e1s adecuado\u201d, se\u00f1al\u00f3 en entrevista con EFE la onc\u00f3loga Alexandra Garcilazo.<\/p>\n\n\n\n<p>En M\u00e9xico, durante 2022 se registraron 23 mil 790 nuevos casos de c\u00e1ncer de mama entre la poblaci\u00f3n de 20 a\u00f1os y m\u00e1s. En el mismo a\u00f1o se registraron 7 mil 888 fallecimientos por este tipo de c\u00e1ncer, seg\u00fan datos del Instituto Nacional de Estad\u00edstica y Geograf\u00eda (Inegi).<\/p>\n\n\n\n<p>El c\u00e1ncer de mama, precis\u00f3 la experta, es una enfermedad que inicia cuando las c\u00e9lulas sanas cambian y crecen sin control, formando una masa llamada tumor.<\/p>\n\n\n\n<p>Un tumor canceroso es maligno, lo que significa que puede crecer y propagarse a otras partes del cuerpo, lo que se conoce como c\u00e1ncer metast\u00e1sico.<\/p>\n\n\n\n<p>&#8220;De todos los casos, entre el 10 y 12 por ciento se detecta en etapas metast\u00e1sicas, lo que representa un reto para el tratamiento, adem\u00e1s de que afecta la calidad de vida de las mujeres\u201d, enfatiz\u00f3.<\/p>\n\n\n\n<p>El c\u00e1ncer de mama tambi\u00e9n puede desarrollarse en mujeres y hombres, sin embargo, menos del 1 por ciento de estas neoplasias se desarrollan en hombres.<\/p>\n\n\n\n<h2 class=\"wp-block-heading\">Importancia de prevenir el c\u00e1ncer de mama<\/h2>\n\n\n\n<p>De acuerdo con el Instituto de Investigaciones Biom\u00e9dicas de la Universidad Nacional Aut\u00f3noma de M\u00e9xico (UNAM), el 30 por ciento de los casos de c\u00e1ncer de mama son prevenibles y otro 30 % se puede diagnosticar oportunamente.<\/p>\n\n\n\n<p>La especialista apunt\u00f3 que, a diferencia de otros tumores, en los cuales no existe forma de diagnosticarlos a tiempo porque no dan s\u00edntomas, en el de mama \u201ctenemos un tamizaje e incluso, medidas para disminuir el riesgo\u201d, apunt\u00f3 la especialista.<\/p>\n\n\n\n<p>El autoexamen mamario regular, ex\u00e1menes cl\u00ednicos anuales (despu\u00e9s de los 25 a\u00f1os), as\u00ed como someterse a mastograf\u00edas anuales (despu\u00e9s de los 40 a\u00f1os) son pr\u00e1cticas esenciales que pueden salvar vidas, siempre acompa\u00f1ado de la consulta de un profesional de la salud.<\/p>\n\n\n\n<p>Sin embargo, Garcilazo precis\u00f3 que a\u00fan existen muchos retos al respecto, pues todav\u00eda no es muy com\u00fan hablar de esta enfermedad.<\/p>\n\n\n\n<p>Creo que lo que nos hace falta mucho es esta parte de la educaci\u00f3n, que la poblaci\u00f3n en general sepa que a partir de los 40 a\u00f1os necesita hacerse la mastograf\u00eda\u201d, explic\u00f3.<\/p>\n","protected":false},"excerpt":{"rendered":"<p>En M\u00e9xico, durante 2022 se registraron 23 mil 790 nuevos casos de c\u00e1ncer de mama entre la poblaci\u00f3n de 20 a\u00f1os y m\u00e1s Ciudad de M\u00e9xico.- M\u00e1s de 20 mil mujeres en M\u00e9xico se ven afectadas cada a\u00f1o por el c\u00e1ncer de mama y al menos la mitad son diagnosticadas en etapas avanzadas, por lo [&hellip;]<\/p>\n","protected":false},"author":47,"featured_media":62395,"comment_status":"open","ping_status":"open","sticky":false,"template":"","format":"standard","meta":{"tdm_status":"","tdm_grid_status":"","footnotes":""},"categories":[39],"tags":[],"class_list":{"0":"post-68594","1":"post","2":"type-post","3":"status-publish","4":"format-standard","5":"has-post-thumbnail","7":"category-noticias-nacionales"},"yoast_head":"<!-- This site is optimized with the Yoast SEO plugin v27.5 - https:\/\/yoast.com\/product\/yoast-seo-wordpress\/ -->\n<title>M\u00e1s de 20 mil mujeres al a\u00f1o se ven afectadas por c\u00e1ncer de mama en M\u00e9xico - Fuentes Fidedignas<\/title>\n<meta name=\"robots\" content=\"index, follow, max-snippet:-1, max-image-preview:large, max-video-preview:-1\" \/>\n<link rel=\"canonical\" href=\"https:\/\/fuentesfidedignas.com.mx\/index.php\/2023\/12\/13\/mas-de-20-mil-mujeres-al-ano-se-ven-afectadas-por-cancer-de-mama-en-mexico\/\" \/>\n<meta property=\"og:locale\" content=\"es_MX\" \/>\n<meta property=\"og:type\" content=\"article\" \/>\n<meta property=\"og:title\" content=\"M\u00e1s de 20 mil mujeres al a\u00f1o se ven afectadas por c\u00e1ncer de mama en M\u00e9xico - Fuentes Fidedignas\" \/>\n<meta property=\"og:description\" content=\"En M\u00e9xico, durante 2022 se registraron 23 mil 790 nuevos casos de c\u00e1ncer de mama entre la poblaci\u00f3n de 20 a\u00f1os y m\u00e1s Ciudad de M\u00e9xico.- M\u00e1s de 20 mil mujeres en M\u00e9xico se ven afectadas cada a\u00f1o por el c\u00e1ncer de mama y al menos la mitad son diagnosticadas en etapas avanzadas, por lo [&hellip;]\" \/>\n<meta property=\"og:url\" content=\"https:\/\/fuentesfidedignas.com.mx\/index.php\/2023\/12\/13\/mas-de-20-mil-mujeres-al-ano-se-ven-afectadas-por-cancer-de-mama-en-mexico\/\" \/>\n<meta property=\"og:site_name\" content=\"Fuentes Fidedignas\" \/>\n<meta property=\"article:publisher\" content=\"https:\/\/www.facebook.com\/Fuentes-Fidedignas-368234489921644\" \/>\n<meta property=\"article:published_time\" content=\"2023-12-14T00:26:18+00:00\" \/>\n<meta property=\"og:image\" content=\"https:\/\/fuentesfidedignas.com.mx\/wp-content\/uploads\/2023\/10\/Octubre-mes-rosa-cancer-de-mama.jpg\" \/>\n\t<meta property=\"og:image:width\" content=\"1000\" \/>\n\t<meta property=\"og:image:height\" content=\"667\" \/>\n\t<meta property=\"og:image:type\" content=\"image\/jpeg\" \/>\n<meta name=\"author\" content=\"L\u00f3pez D\u00f3riga\" \/>\n<meta name=\"twitter:card\" content=\"summary_large_image\" \/>\n<meta name=\"twitter:creator\" content=\"@fidedignas\" \/>\n<meta name=\"twitter:site\" content=\"@fidedignas\" \/>\n<meta name=\"twitter:label1\" content=\"Escrito por\" \/>\n\t<meta name=\"twitter:data1\" content=\"L\u00f3pez D\u00f3riga\" \/>\n\t<meta name=\"twitter:label2\" content=\"Tiempo de lectura\" \/>\n\t<meta name=\"twitter:data2\" content=\"3 minutos\" \/>\n<script type=\"application\/ld+json\" class=\"yoast-schema-graph\">{\"@context\":\"https:\\\/\\\/schema.org\",\"@graph\":[{\"@type\":\"Article\",\"@id\":\"https:\\\/\\\/fuentesfidedignas.com.mx\\\/index.php\\\/2023\\\/12\\\/13\\\/mas-de-20-mil-mujeres-al-ano-se-ven-afectadas-por-cancer-de-mama-en-mexico\\\/#article\",\"isPartOf\":{\"@id\":\"https:\\\/\\\/fuentesfidedignas.com.mx\\\/index.php\\\/2023\\\/12\\\/13\\\/mas-de-20-mil-mujeres-al-ano-se-ven-afectadas-por-cancer-de-mama-en-mexico\\\/\"},\"author\":{\"name\":\"L\u00f3pez D\u00f3riga\",\"@id\":\"https:\\\/\\\/fuentesfidedignas.com.mx\\\/#\\\/schema\\\/person\\\/67d852f0557c8509146a4b9ddebd543a\"},\"headline\":\"M\u00e1s de 20 mil mujeres al a\u00f1o se ven afectadas por c\u00e1ncer de mama en M\u00e9xico\",\"datePublished\":\"2023-12-14T00:26:18+00:00\",\"mainEntityOfPage\":{\"@id\":\"https:\\\/\\\/fuentesfidedignas.com.mx\\\/index.php\\\/2023\\\/12\\\/13\\\/mas-de-20-mil-mujeres-al-ano-se-ven-afectadas-por-cancer-de-mama-en-mexico\\\/\"},\"wordCount\":528,\"commentCount\":0,\"publisher\":{\"@id\":\"https:\\\/\\\/fuentesfidedignas.com.mx\\\/#organization\"},\"image\":{\"@id\":\"https:\\\/\\\/fuentesfidedignas.com.mx\\\/index.php\\\/2023\\\/12\\\/13\\\/mas-de-20-mil-mujeres-al-ano-se-ven-afectadas-por-cancer-de-mama-en-mexico\\\/#primaryimage\"},\"thumbnailUrl\":\"https:\\\/\\\/fuentesfidedignas.com.mx\\\/wp-content\\\/uploads\\\/2023\\\/10\\\/Octubre-mes-rosa-cancer-de-mama.jpg\",\"articleSection\":[\"NOTICIAS NACIONALES\"],\"inLanguage\":\"es\",\"potentialAction\":[{\"@type\":\"CommentAction\",\"name\":\"Comment\",\"target\":[\"https:\\\/\\\/fuentesfidedignas.com.mx\\\/index.php\\\/2023\\\/12\\\/13\\\/mas-de-20-mil-mujeres-al-ano-se-ven-afectadas-por-cancer-de-mama-en-mexico\\\/#respond\"]}]},{\"@type\":\"WebPage\",\"@id\":\"https:\\\/\\\/fuentesfidedignas.com.mx\\\/index.php\\\/2023\\\/12\\\/13\\\/mas-de-20-mil-mujeres-al-ano-se-ven-afectadas-por-cancer-de-mama-en-mexico\\\/\",\"url\":\"https:\\\/\\\/fuentesfidedignas.com.mx\\\/index.php\\\/2023\\\/12\\\/13\\\/mas-de-20-mil-mujeres-al-ano-se-ven-afectadas-por-cancer-de-mama-en-mexico\\\/\",\"name\":\"M\u00e1s de 20 mil mujeres al a\u00f1o se ven afectadas por c\u00e1ncer de mama en M\u00e9xico - Fuentes Fidedignas\",\"isPartOf\":{\"@id\":\"https:\\\/\\\/fuentesfidedignas.com.mx\\\/#website\"},\"primaryImageOfPage\":{\"@id\":\"https:\\\/\\\/fuentesfidedignas.com.mx\\\/index.php\\\/2023\\\/12\\\/13\\\/mas-de-20-mil-mujeres-al-ano-se-ven-afectadas-por-cancer-de-mama-en-mexico\\\/#primaryimage\"},\"image\":{\"@id\":\"https:\\\/\\\/fuentesfidedignas.com.mx\\\/index.php\\\/2023\\\/12\\\/13\\\/mas-de-20-mil-mujeres-al-ano-se-ven-afectadas-por-cancer-de-mama-en-mexico\\\/#primaryimage\"},\"thumbnailUrl\":\"https:\\\/\\\/fuentesfidedignas.com.mx\\\/wp-content\\\/uploads\\\/2023\\\/10\\\/Octubre-mes-rosa-cancer-de-mama.jpg\",\"datePublished\":\"2023-12-14T00:26:18+00:00\",\"breadcrumb\":{\"@id\":\"https:\\\/\\\/fuentesfidedignas.com.mx\\\/index.php\\\/2023\\\/12\\\/13\\\/mas-de-20-mil-mujeres-al-ano-se-ven-afectadas-por-cancer-de-mama-en-mexico\\\/#breadcrumb\"},\"inLanguage\":\"es\",\"potentialAction\":[{\"@type\":\"ReadAction\",\"target\":[\"https:\\\/\\\/fuentesfidedignas.com.mx\\\/index.php\\\/2023\\\/12\\\/13\\\/mas-de-20-mil-mujeres-al-ano-se-ven-afectadas-por-cancer-de-mama-en-mexico\\\/\"]}]},{\"@type\":\"ImageObject\",\"inLanguage\":\"es\",\"@id\":\"https:\\\/\\\/fuentesfidedignas.com.mx\\\/index.php\\\/2023\\\/12\\\/13\\\/mas-de-20-mil-mujeres-al-ano-se-ven-afectadas-por-cancer-de-mama-en-mexico\\\/#primaryimage\",\"url\":\"https:\\\/\\\/fuentesfidedignas.com.mx\\\/wp-content\\\/uploads\\\/2023\\\/10\\\/Octubre-mes-rosa-cancer-de-mama.jpg\",\"contentUrl\":\"https:\\\/\\\/fuentesfidedignas.com.mx\\\/wp-content\\\/uploads\\\/2023\\\/10\\\/Octubre-mes-rosa-cancer-de-mama.jpg\",\"width\":1000,\"height\":667},{\"@type\":\"BreadcrumbList\",\"@id\":\"https:\\\/\\\/fuentesfidedignas.com.mx\\\/index.php\\\/2023\\\/12\\\/13\\\/mas-de-20-mil-mujeres-al-ano-se-ven-afectadas-por-cancer-de-mama-en-mexico\\\/#breadcrumb\",\"itemListElement\":[{\"@type\":\"ListItem\",\"position\":1,\"name\":\"Inicio\",\"item\":\"https:\\\/\\\/fuentesfidedignas.com.mx\\\/\"},{\"@type\":\"ListItem\",\"position\":2,\"name\":\"M\u00e1s de 20 mil mujeres al a\u00f1o se ven afectadas por c\u00e1ncer de mama en M\u00e9xico\"}]},{\"@type\":\"WebSite\",\"@id\":\"https:\\\/\\\/fuentesfidedignas.com.mx\\\/#website\",\"url\":\"https:\\\/\\\/fuentesfidedignas.com.mx\\\/\",\"name\":\"Fuentes Fidedignas\",\"description\":\"Otro sitio realizado con WordPress\",\"publisher\":{\"@id\":\"https:\\\/\\\/fuentesfidedignas.com.mx\\\/#organization\"},\"potentialAction\":[{\"@type\":\"SearchAction\",\"target\":{\"@type\":\"EntryPoint\",\"urlTemplate\":\"https:\\\/\\\/fuentesfidedignas.com.mx\\\/?s={search_term_string}\"},\"query-input\":{\"@type\":\"PropertyValueSpecification\",\"valueRequired\":true,\"valueName\":\"search_term_string\"}}],\"inLanguage\":\"es\"},{\"@type\":\"Organization\",\"@id\":\"https:\\\/\\\/fuentesfidedignas.com.mx\\\/#organization\",\"name\":\"Fuentes Fidedignas\",\"url\":\"https:\\\/\\\/fuentesfidedignas.com.mx\\\/\",\"logo\":{\"@type\":\"ImageObject\",\"inLanguage\":\"es\",\"@id\":\"https:\\\/\\\/fuentesfidedignas.com.mx\\\/#\\\/schema\\\/logo\\\/image\\\/\",\"url\":\"https:\\\/\\\/fuentesfidedignas.com.mx\\\/wp-content\\\/uploads\\\/2021\\\/04\\\/logo-retina.png\",\"contentUrl\":\"https:\\\/\\\/fuentesfidedignas.com.mx\\\/wp-content\\\/uploads\\\/2021\\\/04\\\/logo-retina.png\",\"width\":280,\"height\":51,\"caption\":\"Fuentes Fidedignas\"},\"image\":{\"@id\":\"https:\\\/\\\/fuentesfidedignas.com.mx\\\/#\\\/schema\\\/logo\\\/image\\\/\"},\"sameAs\":[\"https:\\\/\\\/www.facebook.com\\\/Fuentes-Fidedignas-368234489921644\",\"https:\\\/\\\/x.com\\\/fidedignas\"]},{\"@type\":\"Person\",\"@id\":\"https:\\\/\\\/fuentesfidedignas.com.mx\\\/#\\\/schema\\\/person\\\/67d852f0557c8509146a4b9ddebd543a\",\"name\":\"L\u00f3pez D\u00f3riga\",\"image\":{\"@type\":\"ImageObject\",\"inLanguage\":\"es\",\"@id\":\"https:\\\/\\\/secure.gravatar.com\\\/avatar\\\/e525b06574ca18b33cded59dfe5778d6c823b9513154eff47da551b0551bdd1e?s=96&d=mm&r=g\",\"url\":\"https:\\\/\\\/secure.gravatar.com\\\/avatar\\\/e525b06574ca18b33cded59dfe5778d6c823b9513154eff47da551b0551bdd1e?s=96&d=mm&r=g\",\"contentUrl\":\"https:\\\/\\\/secure.gravatar.com\\\/avatar\\\/e525b06574ca18b33cded59dfe5778d6c823b9513154eff47da551b0551bdd1e?s=96&d=mm&r=g\",\"caption\":\"L\u00f3pez D\u00f3riga\"},\"url\":\"https:\\\/\\\/fuentesfidedignas.com.mx\\\/index.php\\\/author\\\/doriga\\\/\"}]}<\/script>\n<!-- \/ Yoast SEO plugin. -->","yoast_head_json":{"title":"M\u00e1s de 20 mil mujeres al a\u00f1o se ven afectadas por c\u00e1ncer de mama en M\u00e9xico - Fuentes Fidedignas","robots":{"index":"index","follow":"follow","max-snippet":"max-snippet:-1","max-image-preview":"max-image-preview:large","max-video-preview":"max-video-preview:-1"},"canonical":"https:\/\/fuentesfidedignas.com.mx\/index.php\/2023\/12\/13\/mas-de-20-mil-mujeres-al-ano-se-ven-afectadas-por-cancer-de-mama-en-mexico\/","og_locale":"es_MX","og_type":"article","og_title":"M\u00e1s de 20 mil mujeres al a\u00f1o se ven afectadas por c\u00e1ncer de mama en M\u00e9xico - Fuentes Fidedignas","og_description":"En M\u00e9xico, durante 2022 se registraron 23 mil 790 nuevos casos de c\u00e1ncer de mama entre la poblaci\u00f3n de 20 a\u00f1os y m\u00e1s Ciudad de M\u00e9xico.- M\u00e1s de 20 mil mujeres en M\u00e9xico se ven afectadas cada a\u00f1o por el c\u00e1ncer de mama y al menos la mitad son diagnosticadas en etapas avanzadas, por lo [&hellip;]","og_url":"https:\/\/fuentesfidedignas.com.mx\/index.php\/2023\/12\/13\/mas-de-20-mil-mujeres-al-ano-se-ven-afectadas-por-cancer-de-mama-en-mexico\/","og_site_name":"Fuentes Fidedignas","article_publisher":"https:\/\/www.facebook.com\/Fuentes-Fidedignas-368234489921644","article_published_time":"2023-12-14T00:26:18+00:00","og_image":[{"width":1000,"height":667,"url":"https:\/\/fuentesfidedignas.com.mx\/wp-content\/uploads\/2023\/10\/Octubre-mes-rosa-cancer-de-mama.jpg","type":"image\/jpeg"}],"author":"L\u00f3pez D\u00f3riga","twitter_card":"summary_large_image","twitter_creator":"@fidedignas","twitter_site":"@fidedignas","twitter_misc":{"Escrito por":"L\u00f3pez D\u00f3riga","Tiempo de lectura":"3 minutos"},"schema":{"@context":"https:\/\/schema.org","@graph":[{"@type":"Article","@id":"https:\/\/fuentesfidedignas.com.mx\/index.php\/2023\/12\/13\/mas-de-20-mil-mujeres-al-ano-se-ven-afectadas-por-cancer-de-mama-en-mexico\/#article","isPartOf":{"@id":"https:\/\/fuentesfidedignas.com.mx\/index.php\/2023\/12\/13\/mas-de-20-mil-mujeres-al-ano-se-ven-afectadas-por-cancer-de-mama-en-mexico\/"},"author":{"name":"L\u00f3pez D\u00f3riga","@id":"https:\/\/fuentesfidedignas.com.mx\/#\/schema\/person\/67d852f0557c8509146a4b9ddebd543a"},"headline":"M\u00e1s de 20 mil mujeres al a\u00f1o se ven afectadas por c\u00e1ncer de mama en M\u00e9xico","datePublished":"2023-12-14T00:26:18+00:00","mainEntityOfPage":{"@id":"https:\/\/fuentesfidedignas.com.mx\/index.php\/2023\/12\/13\/mas-de-20-mil-mujeres-al-ano-se-ven-afectadas-por-cancer-de-mama-en-mexico\/"},"wordCount":528,"commentCount":0,"publisher":{"@id":"https:\/\/fuentesfidedignas.com.mx\/#organization"},"image":{"@id":"https:\/\/fuentesfidedignas.com.mx\/index.php\/2023\/12\/13\/mas-de-20-mil-mujeres-al-ano-se-ven-afectadas-por-cancer-de-mama-en-mexico\/#primaryimage"},"thumbnailUrl":"https:\/\/fuentesfidedignas.com.mx\/wp-content\/uploads\/2023\/10\/Octubre-mes-rosa-cancer-de-mama.jpg","articleSection":["NOTICIAS NACIONALES"],"inLanguage":"es","potentialAction":[{"@type":"CommentAction","name":"Comment","target":["https:\/\/fuentesfidedignas.com.mx\/index.php\/2023\/12\/13\/mas-de-20-mil-mujeres-al-ano-se-ven-afectadas-por-cancer-de-mama-en-mexico\/#respond"]}]},{"@type":"WebPage","@id":"https:\/\/fuentesfidedignas.com.mx\/index.php\/2023\/12\/13\/mas-de-20-mil-mujeres-al-ano-se-ven-afectadas-por-cancer-de-mama-en-mexico\/","url":"https:\/\/fuentesfidedignas.com.mx\/index.php\/2023\/12\/13\/mas-de-20-mil-mujeres-al-ano-se-ven-afectadas-por-cancer-de-mama-en-mexico\/","name":"M\u00e1s de 20 mil mujeres al a\u00f1o se ven afectadas por c\u00e1ncer de mama en M\u00e9xico - Fuentes Fidedignas","isPartOf":{"@id":"https:\/\/fuentesfidedignas.com.mx\/#website"},"primaryImageOfPage":{"@id":"https:\/\/fuentesfidedignas.com.mx\/index.php\/2023\/12\/13\/mas-de-20-mil-mujeres-al-ano-se-ven-afectadas-por-cancer-de-mama-en-mexico\/#primaryimage"},"image":{"@id":"https:\/\/fuentesfidedignas.com.mx\/index.php\/2023\/12\/13\/mas-de-20-mil-mujeres-al-ano-se-ven-afectadas-por-cancer-de-mama-en-mexico\/#primaryimage"},"thumbnailUrl":"https:\/\/fuentesfidedignas.com.mx\/wp-content\/uploads\/2023\/10\/Octubre-mes-rosa-cancer-de-mama.jpg","datePublished":"2023-12-14T00:26:18+00:00","breadcrumb":{"@id":"https:\/\/fuentesfidedignas.com.mx\/index.php\/2023\/12\/13\/mas-de-20-mil-mujeres-al-ano-se-ven-afectadas-por-cancer-de-mama-en-mexico\/#breadcrumb"},"inLanguage":"es","potentialAction":[{"@type":"ReadAction","target":["https:\/\/fuentesfidedignas.com.mx\/index.php\/2023\/12\/13\/mas-de-20-mil-mujeres-al-ano-se-ven-afectadas-por-cancer-de-mama-en-mexico\/"]}]},{"@type":"ImageObject","inLanguage":"es","@id":"https:\/\/fuentesfidedignas.com.mx\/index.php\/2023\/12\/13\/mas-de-20-mil-mujeres-al-ano-se-ven-afectadas-por-cancer-de-mama-en-mexico\/#primaryimage","url":"https:\/\/fuentesfidedignas.com.mx\/wp-content\/uploads\/2023\/10\/Octubre-mes-rosa-cancer-de-mama.jpg","contentUrl":"https:\/\/fuentesfidedignas.com.mx\/wp-content\/uploads\/2023\/10\/Octubre-mes-rosa-cancer-de-mama.jpg","width":1000,"height":667},{"@type":"BreadcrumbList","@id":"https:\/\/fuentesfidedignas.com.mx\/index.php\/2023\/12\/13\/mas-de-20-mil-mujeres-al-ano-se-ven-afectadas-por-cancer-de-mama-en-mexico\/#breadcrumb","itemListElement":[{"@type":"ListItem","position":1,"name":"Inicio","item":"https:\/\/fuentesfidedignas.com.mx\/"},{"@type":"ListItem","position":2,"name":"M\u00e1s de 20 mil mujeres al a\u00f1o se ven afectadas por c\u00e1ncer de mama en M\u00e9xico"}]},{"@type":"WebSite","@id":"https:\/\/fuentesfidedignas.com.mx\/#website","url":"https:\/\/fuentesfidedignas.com.mx\/","name":"Fuentes Fidedignas","description":"Otro sitio realizado con WordPress","publisher":{"@id":"https:\/\/fuentesfidedignas.com.mx\/#organization"},"potentialAction":[{"@type":"SearchAction","target":{"@type":"EntryPoint","urlTemplate":"https:\/\/fuentesfidedignas.com.mx\/?s={search_term_string}"},"query-input":{"@type":"PropertyValueSpecification","valueRequired":true,"valueName":"search_term_string"}}],"inLanguage":"es"},{"@type":"Organization","@id":"https:\/\/fuentesfidedignas.com.mx\/#organization","name":"Fuentes Fidedignas","url":"https:\/\/fuentesfidedignas.com.mx\/","logo":{"@type":"ImageObject","inLanguage":"es","@id":"https:\/\/fuentesfidedignas.com.mx\/#\/schema\/logo\/image\/","url":"https:\/\/fuentesfidedignas.com.mx\/wp-content\/uploads\/2021\/04\/logo-retina.png","contentUrl":"https:\/\/fuentesfidedignas.com.mx\/wp-content\/uploads\/2021\/04\/logo-retina.png","width":280,"height":51,"caption":"Fuentes Fidedignas"},"image":{"@id":"https:\/\/fuentesfidedignas.com.mx\/#\/schema\/logo\/image\/"},"sameAs":["https:\/\/www.facebook.com\/Fuentes-Fidedignas-368234489921644","https:\/\/x.com\/fidedignas"]},{"@type":"Person","@id":"https:\/\/fuentesfidedignas.com.mx\/#\/schema\/person\/67d852f0557c8509146a4b9ddebd543a","name":"L\u00f3pez D\u00f3riga","image":{"@type":"ImageObject","inLanguage":"es","@id":"https:\/\/secure.gravatar.com\/avatar\/e525b06574ca18b33cded59dfe5778d6c823b9513154eff47da551b0551bdd1e?s=96&d=mm&r=g","url":"https:\/\/secure.gravatar.com\/avatar\/e525b06574ca18b33cded59dfe5778d6c823b9513154eff47da551b0551bdd1e?s=96&d=mm&r=g","contentUrl":"https:\/\/secure.gravatar.com\/avatar\/e525b06574ca18b33cded59dfe5778d6c823b9513154eff47da551b0551bdd1e?s=96&d=mm&r=g","caption":"L\u00f3pez D\u00f3riga"},"url":"https:\/\/fuentesfidedignas.com.mx\/index.php\/author\/doriga\/"}]}},"_links":{"self":[{"href":"https:\/\/fuentesfidedignas.com.mx\/index.php\/wp-json\/wp\/v2\/posts\/68594","targetHints":{"allow":["GET"]}}],"collection":[{"href":"https:\/\/fuentesfidedignas.com.mx\/index.php\/wp-json\/wp\/v2\/posts"}],"about":[{"href":"https:\/\/fuentesfidedignas.com.mx\/index.php\/wp-json\/wp\/v2\/types\/post"}],"author":[{"embeddable":true,"href":"https:\/\/fuentesfidedignas.com.mx\/index.php\/wp-json\/wp\/v2\/users\/47"}],"replies":[{"embeddable":true,"href":"https:\/\/fuentesfidedignas.com.mx\/index.php\/wp-json\/wp\/v2\/comments?post=68594"}],"version-history":[{"count":1,"href":"https:\/\/fuentesfidedignas.com.mx\/index.php\/wp-json\/wp\/v2\/posts\/68594\/revisions"}],"predecessor-version":[{"id":68595,"href":"https:\/\/fuentesfidedignas.com.mx\/index.php\/wp-json\/wp\/v2\/posts\/68594\/revisions\/68595"}],"wp:featuredmedia":[{"embeddable":true,"href":"https:\/\/fuentesfidedignas.com.mx\/index.php\/wp-json\/wp\/v2\/media\/62395"}],"wp:attachment":[{"href":"https:\/\/fuentesfidedignas.com.mx\/index.php\/wp-json\/wp\/v2\/media?parent=68594"}],"wp:term":[{"taxonomy":"category","embeddable":true,"href":"https:\/\/fuentesfidedignas.com.mx\/index.php\/wp-json\/wp\/v2\/categories?post=68594"},{"taxonomy":"post_tag","embeddable":true,"href":"https:\/\/fuentesfidedignas.com.mx\/index.php\/wp-json\/wp\/v2\/tags?post=68594"}],"curies":[{"name":"wp","href":"https:\/\/api.w.org\/{rel}","templated":true}]}}