{"id":68324,"date":"2023-12-11T10:05:50","date_gmt":"2023-12-11T17:05:50","guid":{"rendered":"https:\/\/fuentesfidedignas.com.mx\/?p=68324"},"modified":"2023-12-11T10:05:50","modified_gmt":"2023-12-11T17:05:50","slug":"busca-la-uas-tener-juventudes-mas-informadas-y-conscientes-sobre-los-problemas-de-salud-publica","status":"publish","type":"post","link":"https:\/\/fuentesfidedignas.com.mx\/index.php\/2023\/12\/11\/busca-la-uas-tener-juventudes-mas-informadas-y-conscientes-sobre-los-problemas-de-salud-publica\/","title":{"rendered":"Busca la UAS tener juventudes m\u00e1s informadas y conscientes sobre los problemas de salud p\u00fablica"},"content":{"rendered":"\n<p><strong><em>La Facultad de Psicolog\u00eda de la Universidad Aut\u00f3noma de Sinaloa lleva la campa\u00f1a en el marco del D\u00eda Mundial de la Lucha contra el VIH SIDA<\/em><\/strong><\/p>\n\n\n\n<p>Culiac\u00e1n, Sin.- La Facultad de Psicolog\u00eda de la Universidad Aut\u00f3noma de Sinaloa (UAS), en colaboraci\u00f3n con el Centro Ambulatorio para la Prevenci\u00f3n y Atenci\u00f3n en SIDA e Infecciones de Transmisi\u00f3n Sexual (CAPASITS) Culiac\u00e1n, llev\u00f3 a cabo, en el marco del D\u00eda Mundial de la Lucha contra el VIH SIDA, la campa\u00f1a de concientizaci\u00f3n para la prevenci\u00f3n y detecci\u00f3n gratuita del virus de inmunodeficiencia humana y otras infecciones.<\/p>\n\n\n\n<p>La doctora Marisol Elizalde Monjard\u00edn, integrante del cuerpo acad\u00e9mico de Procesos Psicol\u00f3gicos, Psicosociales y de Salud Mental y coordinadora de la actividad, resalt\u00f3 la importante labor que realiza la Casa Rosalina para visibilizar los diversos problemas de salud p\u00fablica que afectan el bienestar de la poblaci\u00f3n.<\/p>\n\n\n\n<p>\u201cEs parte de los 16 d\u00edas de activismo para eliminar la violencia contra la mujer y lo que estamos queriendo resaltar el d\u00eda de hoy es la necesidad de cuidarnos a nosotras mismas y b\u00e1sicamente tener esa gotita, esa esperanza de que tambi\u00e9n se vale cuidarnos a nosotras y no nada m\u00e1s del otro\u201d, indic\u00f3.<\/p>\n\n\n\n<p>A su vez, la doctora Liliana Jazm\u00edn Salcido Cibri\u00e1n, docente de la facultad y tambi\u00e9n coordinadora en el plantel de la jornada \u201c16 d\u00edas de activismo para la eliminaci\u00f3n de la violencia contra la mujer\u201d \u201cPuertas abiertas UAS Te escucha\u201d, expuso la relevancia que cobra este tipo de acciones que contribuyen a tener una comunidad m\u00e1s consciente, sensible y emp\u00e1tica.<\/p>\n\n\n\n<p>\u201cEs necesario que nosotros como promotores de la salud mental comencemos a hacer trabajos de sensibilizaci\u00f3n, porque si bien es cierto podemos escuchar much\u00edsimo la palabra violencia, pero interiorizar, acercarnos, conocer cu\u00e1l es el impacto real, de qu\u00e9 manera se vive e incluso asumirla e identificarla no es una tarea sencilla, entonces entre las mujeres estamos intentando, tambi\u00e9n desde el cuerpo acad\u00e9mico, desde la facultad, desde la universidad hacer una apuesta a ello\u201d, manifest\u00f3.<\/p>\n\n\n\n<p>Por su parte, la doctora Gabriela Aldapa Leal, directora del CAPASITS Culiac\u00e1n, enfatiz\u00f3 el v\u00ednculo permanente con la m\u00e1xima casa de estudios, instituci\u00f3n con la que a lo largo del ciclo escolar desarrollan diversas campa\u00f1as con la finalidad de tener juventudes m\u00e1s informadas y conscientes de la importancia de la prevenci\u00f3n, sobre todo, en estos tiempos en los que dijo se registra un incremento de casos de infecciones de transmisi\u00f3n sexual en j\u00f3venes<\/p>\n\n\n\n<p>\u201cLo que estamos realizando es prevenci\u00f3n, es estar dando toda la informaci\u00f3n correcta, concreta y clara sobre todas las enfermedades de transmisi\u00f3n sexual y adem\u00e1s, estamos haciendo b\u00fasqueda de posibles casos, porque es mejor detectar a tiempo que detectarlo en etapas tard\u00edas\u201d, mencion\u00f3.<\/p>\n\n\n\n<p>Asimismo, se\u00f1al\u00f3 que en esta ocasi\u00f3n se aplicar\u00e1n 150 pruebas r\u00e1pidas gratuitas y confidenciales para la detecci\u00f3n de VIH e infecciones como la hepatitis C y s\u00edfilis con resultados en 15 minutos.<\/p>\n","protected":false},"excerpt":{"rendered":"<p>La Facultad de Psicolog\u00eda de la Universidad Aut\u00f3noma de Sinaloa lleva la campa\u00f1a en el marco del D\u00eda Mundial de la Lucha contra el VIH SIDA Culiac\u00e1n, Sin.- La Facultad de Psicolog\u00eda de la Universidad Aut\u00f3noma de Sinaloa (UAS), en colaboraci\u00f3n con el Centro Ambulatorio para la Prevenci\u00f3n y Atenci\u00f3n en SIDA e Infecciones de [&hellip;]<\/p>\n","protected":false},"author":4,"featured_media":68325,"comment_status":"open","ping_status":"open","sticky":false,"template":"","format":"standard","meta":{"tdm_status":"","tdm_grid_status":"","footnotes":""},"categories":[1],"tags":[],"class_list":{"0":"post-68324","1":"post","2":"type-post","3":"status-publish","4":"format-standard","5":"has-post-thumbnail","7":"category-sin-categoria"},"yoast_head":"<!-- This site is optimized with the Yoast SEO plugin v27.5 - https:\/\/yoast.com\/product\/yoast-seo-wordpress\/ -->\n<title>Busca la UAS tener juventudes m\u00e1s informadas y conscientes sobre los problemas de salud p\u00fablica - Fuentes Fidedignas<\/title>\n<meta name=\"robots\" content=\"index, follow, max-snippet:-1, max-image-preview:large, max-video-preview:-1\" \/>\n<link rel=\"canonical\" href=\"https:\/\/fuentesfidedignas.com.mx\/index.php\/2023\/12\/11\/busca-la-uas-tener-juventudes-mas-informadas-y-conscientes-sobre-los-problemas-de-salud-publica\/\" \/>\n<meta property=\"og:locale\" content=\"es_MX\" \/>\n<meta property=\"og:type\" content=\"article\" \/>\n<meta property=\"og:title\" content=\"Busca la UAS tener juventudes m\u00e1s informadas y conscientes sobre los problemas de salud p\u00fablica - Fuentes Fidedignas\" \/>\n<meta property=\"og:description\" content=\"La Facultad de Psicolog\u00eda de la Universidad Aut\u00f3noma de Sinaloa lleva la campa\u00f1a en el marco del D\u00eda Mundial de la Lucha contra el VIH SIDA Culiac\u00e1n, Sin.- La Facultad de Psicolog\u00eda de la Universidad Aut\u00f3noma de Sinaloa (UAS), en colaboraci\u00f3n con el Centro Ambulatorio para la Prevenci\u00f3n y Atenci\u00f3n en SIDA e Infecciones de [&hellip;]\" \/>\n<meta property=\"og:url\" content=\"https:\/\/fuentesfidedignas.com.mx\/index.php\/2023\/12\/11\/busca-la-uas-tener-juventudes-mas-informadas-y-conscientes-sobre-los-problemas-de-salud-publica\/\" \/>\n<meta property=\"og:site_name\" content=\"Fuentes Fidedignas\" \/>\n<meta property=\"article:publisher\" content=\"https:\/\/www.facebook.com\/Fuentes-Fidedignas-368234489921644\" \/>\n<meta property=\"article:published_time\" content=\"2023-12-11T17:05:50+00:00\" \/>\n<meta property=\"og:image\" content=\"https:\/\/fuentesfidedignas.com.mx\/wp-content\/uploads\/2023\/12\/PSICOLOGIA-1.jpeg\" \/>\n\t<meta property=\"og:image:width\" content=\"1600\" \/>\n\t<meta property=\"og:image:height\" content=\"720\" \/>\n\t<meta property=\"og:image:type\" content=\"image\/jpeg\" \/>\n<meta name=\"author\" content=\"Redacci\u00f3n\" \/>\n<meta name=\"twitter:card\" content=\"summary_large_image\" \/>\n<meta name=\"twitter:creator\" content=\"@fidedignas\" \/>\n<meta name=\"twitter:site\" content=\"@fidedignas\" \/>\n<meta name=\"twitter:label1\" content=\"Escrito por\" \/>\n\t<meta name=\"twitter:data1\" content=\"Redacci\u00f3n\" \/>\n\t<meta name=\"twitter:label2\" content=\"Tiempo de lectura\" \/>\n\t<meta name=\"twitter:data2\" content=\"3 minutos\" \/>\n<script type=\"application\/ld+json\" class=\"yoast-schema-graph\">{\"@context\":\"https:\\\/\\\/schema.org\",\"@graph\":[{\"@type\":\"Article\",\"@id\":\"https:\\\/\\\/fuentesfidedignas.com.mx\\\/index.php\\\/2023\\\/12\\\/11\\\/busca-la-uas-tener-juventudes-mas-informadas-y-conscientes-sobre-los-problemas-de-salud-publica\\\/#article\",\"isPartOf\":{\"@id\":\"https:\\\/\\\/fuentesfidedignas.com.mx\\\/index.php\\\/2023\\\/12\\\/11\\\/busca-la-uas-tener-juventudes-mas-informadas-y-conscientes-sobre-los-problemas-de-salud-publica\\\/\"},\"author\":{\"name\":\"Redacci\u00f3n\",\"@id\":\"https:\\\/\\\/fuentesfidedignas.com.mx\\\/#\\\/schema\\\/person\\\/331be9283d37198e2acd5750279085b0\"},\"headline\":\"Busca la UAS tener juventudes m\u00e1s informadas y conscientes sobre los problemas de salud p\u00fablica\",\"datePublished\":\"2023-12-11T17:05:50+00:00\",\"mainEntityOfPage\":{\"@id\":\"https:\\\/\\\/fuentesfidedignas.com.mx\\\/index.php\\\/2023\\\/12\\\/11\\\/busca-la-uas-tener-juventudes-mas-informadas-y-conscientes-sobre-los-problemas-de-salud-publica\\\/\"},\"wordCount\":550,\"commentCount\":0,\"publisher\":{\"@id\":\"https:\\\/\\\/fuentesfidedignas.com.mx\\\/#organization\"},\"image\":{\"@id\":\"https:\\\/\\\/fuentesfidedignas.com.mx\\\/index.php\\\/2023\\\/12\\\/11\\\/busca-la-uas-tener-juventudes-mas-informadas-y-conscientes-sobre-los-problemas-de-salud-publica\\\/#primaryimage\"},\"thumbnailUrl\":\"https:\\\/\\\/fuentesfidedignas.com.mx\\\/wp-content\\\/uploads\\\/2023\\\/12\\\/PSICOLOGIA-1.jpeg\",\"inLanguage\":\"es\",\"potentialAction\":[{\"@type\":\"CommentAction\",\"name\":\"Comment\",\"target\":[\"https:\\\/\\\/fuentesfidedignas.com.mx\\\/index.php\\\/2023\\\/12\\\/11\\\/busca-la-uas-tener-juventudes-mas-informadas-y-conscientes-sobre-los-problemas-de-salud-publica\\\/#respond\"]}]},{\"@type\":\"WebPage\",\"@id\":\"https:\\\/\\\/fuentesfidedignas.com.mx\\\/index.php\\\/2023\\\/12\\\/11\\\/busca-la-uas-tener-juventudes-mas-informadas-y-conscientes-sobre-los-problemas-de-salud-publica\\\/\",\"url\":\"https:\\\/\\\/fuentesfidedignas.com.mx\\\/index.php\\\/2023\\\/12\\\/11\\\/busca-la-uas-tener-juventudes-mas-informadas-y-conscientes-sobre-los-problemas-de-salud-publica\\\/\",\"name\":\"Busca la UAS tener juventudes m\u00e1s informadas y conscientes sobre los problemas de salud p\u00fablica - Fuentes Fidedignas\",\"isPartOf\":{\"@id\":\"https:\\\/\\\/fuentesfidedignas.com.mx\\\/#website\"},\"primaryImageOfPage\":{\"@id\":\"https:\\\/\\\/fuentesfidedignas.com.mx\\\/index.php\\\/2023\\\/12\\\/11\\\/busca-la-uas-tener-juventudes-mas-informadas-y-conscientes-sobre-los-problemas-de-salud-publica\\\/#primaryimage\"},\"image\":{\"@id\":\"https:\\\/\\\/fuentesfidedignas.com.mx\\\/index.php\\\/2023\\\/12\\\/11\\\/busca-la-uas-tener-juventudes-mas-informadas-y-conscientes-sobre-los-problemas-de-salud-publica\\\/#primaryimage\"},\"thumbnailUrl\":\"https:\\\/\\\/fuentesfidedignas.com.mx\\\/wp-content\\\/uploads\\\/2023\\\/12\\\/PSICOLOGIA-1.jpeg\",\"datePublished\":\"2023-12-11T17:05:50+00:00\",\"breadcrumb\":{\"@id\":\"https:\\\/\\\/fuentesfidedignas.com.mx\\\/index.php\\\/2023\\\/12\\\/11\\\/busca-la-uas-tener-juventudes-mas-informadas-y-conscientes-sobre-los-problemas-de-salud-publica\\\/#breadcrumb\"},\"inLanguage\":\"es\",\"potentialAction\":[{\"@type\":\"ReadAction\",\"target\":[\"https:\\\/\\\/fuentesfidedignas.com.mx\\\/index.php\\\/2023\\\/12\\\/11\\\/busca-la-uas-tener-juventudes-mas-informadas-y-conscientes-sobre-los-problemas-de-salud-publica\\\/\"]}]},{\"@type\":\"ImageObject\",\"inLanguage\":\"es\",\"@id\":\"https:\\\/\\\/fuentesfidedignas.com.mx\\\/index.php\\\/2023\\\/12\\\/11\\\/busca-la-uas-tener-juventudes-mas-informadas-y-conscientes-sobre-los-problemas-de-salud-publica\\\/#primaryimage\",\"url\":\"https:\\\/\\\/fuentesfidedignas.com.mx\\\/wp-content\\\/uploads\\\/2023\\\/12\\\/PSICOLOGIA-1.jpeg\",\"contentUrl\":\"https:\\\/\\\/fuentesfidedignas.com.mx\\\/wp-content\\\/uploads\\\/2023\\\/12\\\/PSICOLOGIA-1.jpeg\",\"width\":1600,\"height\":720},{\"@type\":\"BreadcrumbList\",\"@id\":\"https:\\\/\\\/fuentesfidedignas.com.mx\\\/index.php\\\/2023\\\/12\\\/11\\\/busca-la-uas-tener-juventudes-mas-informadas-y-conscientes-sobre-los-problemas-de-salud-publica\\\/#breadcrumb\",\"itemListElement\":[{\"@type\":\"ListItem\",\"position\":1,\"name\":\"Inicio\",\"item\":\"https:\\\/\\\/fuentesfidedignas.com.mx\\\/\"},{\"@type\":\"ListItem\",\"position\":2,\"name\":\"Busca la UAS tener juventudes m\u00e1s informadas y conscientes sobre los problemas de salud p\u00fablica\"}]},{\"@type\":\"WebSite\",\"@id\":\"https:\\\/\\\/fuentesfidedignas.com.mx\\\/#website\",\"url\":\"https:\\\/\\\/fuentesfidedignas.com.mx\\\/\",\"name\":\"Fuentes Fidedignas\",\"description\":\"Otro sitio realizado con WordPress\",\"publisher\":{\"@id\":\"https:\\\/\\\/fuentesfidedignas.com.mx\\\/#organization\"},\"potentialAction\":[{\"@type\":\"SearchAction\",\"target\":{\"@type\":\"EntryPoint\",\"urlTemplate\":\"https:\\\/\\\/fuentesfidedignas.com.mx\\\/?s={search_term_string}\"},\"query-input\":{\"@type\":\"PropertyValueSpecification\",\"valueRequired\":true,\"valueName\":\"search_term_string\"}}],\"inLanguage\":\"es\"},{\"@type\":\"Organization\",\"@id\":\"https:\\\/\\\/fuentesfidedignas.com.mx\\\/#organization\",\"name\":\"Fuentes Fidedignas\",\"url\":\"https:\\\/\\\/fuentesfidedignas.com.mx\\\/\",\"logo\":{\"@type\":\"ImageObject\",\"inLanguage\":\"es\",\"@id\":\"https:\\\/\\\/fuentesfidedignas.com.mx\\\/#\\\/schema\\\/logo\\\/image\\\/\",\"url\":\"https:\\\/\\\/fuentesfidedignas.com.mx\\\/wp-content\\\/uploads\\\/2021\\\/04\\\/logo-retina.png\",\"contentUrl\":\"https:\\\/\\\/fuentesfidedignas.com.mx\\\/wp-content\\\/uploads\\\/2021\\\/04\\\/logo-retina.png\",\"width\":280,\"height\":51,\"caption\":\"Fuentes Fidedignas\"},\"image\":{\"@id\":\"https:\\\/\\\/fuentesfidedignas.com.mx\\\/#\\\/schema\\\/logo\\\/image\\\/\"},\"sameAs\":[\"https:\\\/\\\/www.facebook.com\\\/Fuentes-Fidedignas-368234489921644\",\"https:\\\/\\\/x.com\\\/fidedignas\"]},{\"@type\":\"Person\",\"@id\":\"https:\\\/\\\/fuentesfidedignas.com.mx\\\/#\\\/schema\\\/person\\\/331be9283d37198e2acd5750279085b0\",\"name\":\"Redacci\u00f3n\",\"image\":{\"@type\":\"ImageObject\",\"inLanguage\":\"es\",\"@id\":\"https:\\\/\\\/secure.gravatar.com\\\/avatar\\\/f6d8782c11d12b2d4ad3fbb6931aeab5309937a4d6cd2fc9cfaa28a6396a5aec?s=96&d=mm&r=g\",\"url\":\"https:\\\/\\\/secure.gravatar.com\\\/avatar\\\/f6d8782c11d12b2d4ad3fbb6931aeab5309937a4d6cd2fc9cfaa28a6396a5aec?s=96&d=mm&r=g\",\"contentUrl\":\"https:\\\/\\\/secure.gravatar.com\\\/avatar\\\/f6d8782c11d12b2d4ad3fbb6931aeab5309937a4d6cd2fc9cfaa28a6396a5aec?s=96&d=mm&r=g\",\"caption\":\"Redacci\u00f3n\"},\"url\":\"https:\\\/\\\/fuentesfidedignas.com.mx\\\/index.php\\\/author\\\/redaccion\\\/\"}]}<\/script>\n<!-- \/ Yoast SEO plugin. -->","yoast_head_json":{"title":"Busca la UAS tener juventudes m\u00e1s informadas y conscientes sobre los problemas de salud p\u00fablica - Fuentes Fidedignas","robots":{"index":"index","follow":"follow","max-snippet":"max-snippet:-1","max-image-preview":"max-image-preview:large","max-video-preview":"max-video-preview:-1"},"canonical":"https:\/\/fuentesfidedignas.com.mx\/index.php\/2023\/12\/11\/busca-la-uas-tener-juventudes-mas-informadas-y-conscientes-sobre-los-problemas-de-salud-publica\/","og_locale":"es_MX","og_type":"article","og_title":"Busca la UAS tener juventudes m\u00e1s informadas y conscientes sobre los problemas de salud p\u00fablica - Fuentes Fidedignas","og_description":"La Facultad de Psicolog\u00eda de la Universidad Aut\u00f3noma de Sinaloa lleva la campa\u00f1a en el marco del D\u00eda Mundial de la Lucha contra el VIH SIDA Culiac\u00e1n, Sin.- La Facultad de Psicolog\u00eda de la Universidad Aut\u00f3noma de Sinaloa (UAS), en colaboraci\u00f3n con el Centro Ambulatorio para la Prevenci\u00f3n y Atenci\u00f3n en SIDA e Infecciones de [&hellip;]","og_url":"https:\/\/fuentesfidedignas.com.mx\/index.php\/2023\/12\/11\/busca-la-uas-tener-juventudes-mas-informadas-y-conscientes-sobre-los-problemas-de-salud-publica\/","og_site_name":"Fuentes Fidedignas","article_publisher":"https:\/\/www.facebook.com\/Fuentes-Fidedignas-368234489921644","article_published_time":"2023-12-11T17:05:50+00:00","og_image":[{"width":1600,"height":720,"url":"https:\/\/fuentesfidedignas.com.mx\/wp-content\/uploads\/2023\/12\/PSICOLOGIA-1.jpeg","type":"image\/jpeg"}],"author":"Redacci\u00f3n","twitter_card":"summary_large_image","twitter_creator":"@fidedignas","twitter_site":"@fidedignas","twitter_misc":{"Escrito por":"Redacci\u00f3n","Tiempo de lectura":"3 minutos"},"schema":{"@context":"https:\/\/schema.org","@graph":[{"@type":"Article","@id":"https:\/\/fuentesfidedignas.com.mx\/index.php\/2023\/12\/11\/busca-la-uas-tener-juventudes-mas-informadas-y-conscientes-sobre-los-problemas-de-salud-publica\/#article","isPartOf":{"@id":"https:\/\/fuentesfidedignas.com.mx\/index.php\/2023\/12\/11\/busca-la-uas-tener-juventudes-mas-informadas-y-conscientes-sobre-los-problemas-de-salud-publica\/"},"author":{"name":"Redacci\u00f3n","@id":"https:\/\/fuentesfidedignas.com.mx\/#\/schema\/person\/331be9283d37198e2acd5750279085b0"},"headline":"Busca la UAS tener juventudes m\u00e1s informadas y conscientes sobre los problemas de salud p\u00fablica","datePublished":"2023-12-11T17:05:50+00:00","mainEntityOfPage":{"@id":"https:\/\/fuentesfidedignas.com.mx\/index.php\/2023\/12\/11\/busca-la-uas-tener-juventudes-mas-informadas-y-conscientes-sobre-los-problemas-de-salud-publica\/"},"wordCount":550,"commentCount":0,"publisher":{"@id":"https:\/\/fuentesfidedignas.com.mx\/#organization"},"image":{"@id":"https:\/\/fuentesfidedignas.com.mx\/index.php\/2023\/12\/11\/busca-la-uas-tener-juventudes-mas-informadas-y-conscientes-sobre-los-problemas-de-salud-publica\/#primaryimage"},"thumbnailUrl":"https:\/\/fuentesfidedignas.com.mx\/wp-content\/uploads\/2023\/12\/PSICOLOGIA-1.jpeg","inLanguage":"es","potentialAction":[{"@type":"CommentAction","name":"Comment","target":["https:\/\/fuentesfidedignas.com.mx\/index.php\/2023\/12\/11\/busca-la-uas-tener-juventudes-mas-informadas-y-conscientes-sobre-los-problemas-de-salud-publica\/#respond"]}]},{"@type":"WebPage","@id":"https:\/\/fuentesfidedignas.com.mx\/index.php\/2023\/12\/11\/busca-la-uas-tener-juventudes-mas-informadas-y-conscientes-sobre-los-problemas-de-salud-publica\/","url":"https:\/\/fuentesfidedignas.com.mx\/index.php\/2023\/12\/11\/busca-la-uas-tener-juventudes-mas-informadas-y-conscientes-sobre-los-problemas-de-salud-publica\/","name":"Busca la UAS tener juventudes m\u00e1s informadas y conscientes sobre los problemas de salud p\u00fablica - Fuentes Fidedignas","isPartOf":{"@id":"https:\/\/fuentesfidedignas.com.mx\/#website"},"primaryImageOfPage":{"@id":"https:\/\/fuentesfidedignas.com.mx\/index.php\/2023\/12\/11\/busca-la-uas-tener-juventudes-mas-informadas-y-conscientes-sobre-los-problemas-de-salud-publica\/#primaryimage"},"image":{"@id":"https:\/\/fuentesfidedignas.com.mx\/index.php\/2023\/12\/11\/busca-la-uas-tener-juventudes-mas-informadas-y-conscientes-sobre-los-problemas-de-salud-publica\/#primaryimage"},"thumbnailUrl":"https:\/\/fuentesfidedignas.com.mx\/wp-content\/uploads\/2023\/12\/PSICOLOGIA-1.jpeg","datePublished":"2023-12-11T17:05:50+00:00","breadcrumb":{"@id":"https:\/\/fuentesfidedignas.com.mx\/index.php\/2023\/12\/11\/busca-la-uas-tener-juventudes-mas-informadas-y-conscientes-sobre-los-problemas-de-salud-publica\/#breadcrumb"},"inLanguage":"es","potentialAction":[{"@type":"ReadAction","target":["https:\/\/fuentesfidedignas.com.mx\/index.php\/2023\/12\/11\/busca-la-uas-tener-juventudes-mas-informadas-y-conscientes-sobre-los-problemas-de-salud-publica\/"]}]},{"@type":"ImageObject","inLanguage":"es","@id":"https:\/\/fuentesfidedignas.com.mx\/index.php\/2023\/12\/11\/busca-la-uas-tener-juventudes-mas-informadas-y-conscientes-sobre-los-problemas-de-salud-publica\/#primaryimage","url":"https:\/\/fuentesfidedignas.com.mx\/wp-content\/uploads\/2023\/12\/PSICOLOGIA-1.jpeg","contentUrl":"https:\/\/fuentesfidedignas.com.mx\/wp-content\/uploads\/2023\/12\/PSICOLOGIA-1.jpeg","width":1600,"height":720},{"@type":"BreadcrumbList","@id":"https:\/\/fuentesfidedignas.com.mx\/index.php\/2023\/12\/11\/busca-la-uas-tener-juventudes-mas-informadas-y-conscientes-sobre-los-problemas-de-salud-publica\/#breadcrumb","itemListElement":[{"@type":"ListItem","position":1,"name":"Inicio","item":"https:\/\/fuentesfidedignas.com.mx\/"},{"@type":"ListItem","position":2,"name":"Busca la UAS tener juventudes m\u00e1s informadas y conscientes sobre los problemas de salud p\u00fablica"}]},{"@type":"WebSite","@id":"https:\/\/fuentesfidedignas.com.mx\/#website","url":"https:\/\/fuentesfidedignas.com.mx\/","name":"Fuentes Fidedignas","description":"Otro sitio realizado con WordPress","publisher":{"@id":"https:\/\/fuentesfidedignas.com.mx\/#organization"},"potentialAction":[{"@type":"SearchAction","target":{"@type":"EntryPoint","urlTemplate":"https:\/\/fuentesfidedignas.com.mx\/?s={search_term_string}"},"query-input":{"@type":"PropertyValueSpecification","valueRequired":true,"valueName":"search_term_string"}}],"inLanguage":"es"},{"@type":"Organization","@id":"https:\/\/fuentesfidedignas.com.mx\/#organization","name":"Fuentes Fidedignas","url":"https:\/\/fuentesfidedignas.com.mx\/","logo":{"@type":"ImageObject","inLanguage":"es","@id":"https:\/\/fuentesfidedignas.com.mx\/#\/schema\/logo\/image\/","url":"https:\/\/fuentesfidedignas.com.mx\/wp-content\/uploads\/2021\/04\/logo-retina.png","contentUrl":"https:\/\/fuentesfidedignas.com.mx\/wp-content\/uploads\/2021\/04\/logo-retina.png","width":280,"height":51,"caption":"Fuentes Fidedignas"},"image":{"@id":"https:\/\/fuentesfidedignas.com.mx\/#\/schema\/logo\/image\/"},"sameAs":["https:\/\/www.facebook.com\/Fuentes-Fidedignas-368234489921644","https:\/\/x.com\/fidedignas"]},{"@type":"Person","@id":"https:\/\/fuentesfidedignas.com.mx\/#\/schema\/person\/331be9283d37198e2acd5750279085b0","name":"Redacci\u00f3n","image":{"@type":"ImageObject","inLanguage":"es","@id":"https:\/\/secure.gravatar.com\/avatar\/f6d8782c11d12b2d4ad3fbb6931aeab5309937a4d6cd2fc9cfaa28a6396a5aec?s=96&d=mm&r=g","url":"https:\/\/secure.gravatar.com\/avatar\/f6d8782c11d12b2d4ad3fbb6931aeab5309937a4d6cd2fc9cfaa28a6396a5aec?s=96&d=mm&r=g","contentUrl":"https:\/\/secure.gravatar.com\/avatar\/f6d8782c11d12b2d4ad3fbb6931aeab5309937a4d6cd2fc9cfaa28a6396a5aec?s=96&d=mm&r=g","caption":"Redacci\u00f3n"},"url":"https:\/\/fuentesfidedignas.com.mx\/index.php\/author\/redaccion\/"}]}},"_links":{"self":[{"href":"https:\/\/fuentesfidedignas.com.mx\/index.php\/wp-json\/wp\/v2\/posts\/68324","targetHints":{"allow":["GET"]}}],"collection":[{"href":"https:\/\/fuentesfidedignas.com.mx\/index.php\/wp-json\/wp\/v2\/posts"}],"about":[{"href":"https:\/\/fuentesfidedignas.com.mx\/index.php\/wp-json\/wp\/v2\/types\/post"}],"author":[{"embeddable":true,"href":"https:\/\/fuentesfidedignas.com.mx\/index.php\/wp-json\/wp\/v2\/users\/4"}],"replies":[{"embeddable":true,"href":"https:\/\/fuentesfidedignas.com.mx\/index.php\/wp-json\/wp\/v2\/comments?post=68324"}],"version-history":[{"count":1,"href":"https:\/\/fuentesfidedignas.com.mx\/index.php\/wp-json\/wp\/v2\/posts\/68324\/revisions"}],"predecessor-version":[{"id":68326,"href":"https:\/\/fuentesfidedignas.com.mx\/index.php\/wp-json\/wp\/v2\/posts\/68324\/revisions\/68326"}],"wp:featuredmedia":[{"embeddable":true,"href":"https:\/\/fuentesfidedignas.com.mx\/index.php\/wp-json\/wp\/v2\/media\/68325"}],"wp:attachment":[{"href":"https:\/\/fuentesfidedignas.com.mx\/index.php\/wp-json\/wp\/v2\/media?parent=68324"}],"wp:term":[{"taxonomy":"category","embeddable":true,"href":"https:\/\/fuentesfidedignas.com.mx\/index.php\/wp-json\/wp\/v2\/categories?post=68324"},{"taxonomy":"post_tag","embeddable":true,"href":"https:\/\/fuentesfidedignas.com.mx\/index.php\/wp-json\/wp\/v2\/tags?post=68324"}],"curies":[{"name":"wp","href":"https:\/\/api.w.org\/{rel}","templated":true}]}}