{"id":68290,"date":"2023-12-11T06:28:31","date_gmt":"2023-12-11T13:28:31","guid":{"rendered":"https:\/\/fuentesfidedignas.com.mx\/?p=68290"},"modified":"2023-12-11T06:28:31","modified_gmt":"2023-12-11T13:28:31","slug":"preparatoria-dr-salvador-allende-de-la-uas-lleva-a-cabo-su-festival-navideno-2023","status":"publish","type":"post","link":"https:\/\/fuentesfidedignas.com.mx\/index.php\/2023\/12\/11\/preparatoria-dr-salvador-allende-de-la-uas-lleva-a-cabo-su-festival-navideno-2023\/","title":{"rendered":"Preparatoria Dr. Salvador Allende de la UAS lleva a cabo su Festival Navide\u00f1o 2023"},"content":{"rendered":"\n<p><strong><em>Se invit\u00f3 a los presentes a celebrar estas fechas con amor, humanidad y todos los valores universitarios que en esta Nueva Universidad se est\u00e1n promoviendo.<\/em><\/strong><\/p>\n\n\n\n<p>Culiac\u00e1n, Sin.- La Unidad Acad\u00e9mica Preparatoria \u201cDr. Salvador Allende\u201d de la Universidad Aut\u00f3noma de Sinaloa (UAS) celebr\u00f3 estas fiestas decembrinas con el Festival Navide\u00f1o 2023, este viernes 8 en la cancha del plantel.<\/p>\n\n\n\n<p>Ah\u00ed se dieron cita directivos, docentes y alumnado para presenciar el programa navide\u00f1o que incluy\u00f3 participaciones musicales; grupos cheer and dance; taller de m\u00fasica con el maestro Guillermo Ruiz Audelo; una presentaci\u00f3n de navidad por la teacher Cristy Fr\u00edas y una exposici\u00f3n del taller de artes pl\u00e1sticas con trabajos navide\u00f1os de reciclaje a cargo de la maestra Maricruz Wbiarco.<\/p>\n\n\n\n<p>\u201cEs un producto acad\u00e9mico no solo es un producto tradicional de la fecha, pero lo aprovechamos y nos ha funcionado muy bien para promover la armon\u00eda y la fraternidad en la escuela. Son fechas en las que los muchachos deben poner todo su empe\u00f1o y creemos y sentimos que el hecho de abrazarnos juntos como familia allendista a ellos les hace sentir esa identidad\u201d, dijo el director, doctor Francisco Javier Aispuro Coronel, durante la inauguraci\u00f3n.<\/p>\n\n\n\n<p>Asimismo, invit\u00f3 a los presentes a celebrar estas fechas con amor, humanidad y todos los valores universitarios que en esta Nueva Universidad se est\u00e1n promoviendo.<\/p>\n\n\n\n<p>\u201cQue estas fechas las aprovechemos para que esa luz interior que tenemos salga a relucir con amor, con solidaridad, con empat\u00eda y, sobre todo, que recordemos que somos seres humanos y que lo que afecta a uno afecta a todos; entender eso ser\u00eda un poco recuperar el valor como sociedad\u201d, expres\u00f3.<\/p>\n\n\n\n<p>Al festival tambi\u00e9n se sum\u00f3 la extensi\u00f3n \u201cMarcelo Loya Ornelas\u201d.<\/p>\n","protected":false},"excerpt":{"rendered":"<p>Se invit\u00f3 a los presentes a celebrar estas fechas con amor, humanidad y todos los valores universitarios que en esta Nueva Universidad se est\u00e1n promoviendo. Culiac\u00e1n, Sin.- La Unidad Acad\u00e9mica Preparatoria \u201cDr. Salvador Allende\u201d de la Universidad Aut\u00f3noma de Sinaloa (UAS) celebr\u00f3 estas fiestas decembrinas con el Festival Navide\u00f1o 2023, este viernes 8 en la [&hellip;]<\/p>\n","protected":false},"author":4,"featured_media":68291,"comment_status":"open","ping_status":"open","sticky":false,"template":"","format":"standard","meta":{"tdm_status":"","tdm_grid_status":"","footnotes":""},"categories":[1],"tags":[],"class_list":{"0":"post-68290","1":"post","2":"type-post","3":"status-publish","4":"format-standard","5":"has-post-thumbnail","7":"category-sin-categoria"},"yoast_head":"<!-- This site is optimized with the Yoast SEO plugin v27.5 - https:\/\/yoast.com\/product\/yoast-seo-wordpress\/ -->\n<title>Preparatoria Dr. Salvador Allende de la UAS lleva a cabo su Festival Navide\u00f1o 2023 - Fuentes Fidedignas<\/title>\n<meta name=\"robots\" content=\"index, follow, max-snippet:-1, max-image-preview:large, max-video-preview:-1\" \/>\n<link rel=\"canonical\" href=\"https:\/\/fuentesfidedignas.com.mx\/index.php\/2023\/12\/11\/preparatoria-dr-salvador-allende-de-la-uas-lleva-a-cabo-su-festival-navideno-2023\/\" \/>\n<meta property=\"og:locale\" content=\"es_MX\" \/>\n<meta property=\"og:type\" content=\"article\" \/>\n<meta property=\"og:title\" content=\"Preparatoria Dr. Salvador Allende de la UAS lleva a cabo su Festival Navide\u00f1o 2023 - Fuentes Fidedignas\" \/>\n<meta property=\"og:description\" content=\"Se invit\u00f3 a los presentes a celebrar estas fechas con amor, humanidad y todos los valores universitarios que en esta Nueva Universidad se est\u00e1n promoviendo. Culiac\u00e1n, Sin.- La Unidad Acad\u00e9mica Preparatoria \u201cDr. Salvador Allende\u201d de la Universidad Aut\u00f3noma de Sinaloa (UAS) celebr\u00f3 estas fiestas decembrinas con el Festival Navide\u00f1o 2023, este viernes 8 en la [&hellip;]\" \/>\n<meta property=\"og:url\" content=\"https:\/\/fuentesfidedignas.com.mx\/index.php\/2023\/12\/11\/preparatoria-dr-salvador-allende-de-la-uas-lleva-a-cabo-su-festival-navideno-2023\/\" \/>\n<meta property=\"og:site_name\" content=\"Fuentes Fidedignas\" \/>\n<meta property=\"article:publisher\" content=\"https:\/\/www.facebook.com\/Fuentes-Fidedignas-368234489921644\" \/>\n<meta property=\"article:published_time\" content=\"2023-12-11T13:28:31+00:00\" \/>\n<meta property=\"og:image\" content=\"https:\/\/fuentesfidedignas.com.mx\/wp-content\/uploads\/2023\/12\/PREPA-ALLENDE-13.jpeg\" \/>\n\t<meta property=\"og:image:width\" content=\"1504\" \/>\n\t<meta property=\"og:image:height\" content=\"1004\" \/>\n\t<meta property=\"og:image:type\" content=\"image\/jpeg\" \/>\n<meta name=\"author\" content=\"Redacci\u00f3n\" \/>\n<meta name=\"twitter:card\" content=\"summary_large_image\" \/>\n<meta name=\"twitter:creator\" content=\"@fidedignas\" \/>\n<meta name=\"twitter:site\" content=\"@fidedignas\" \/>\n<meta name=\"twitter:label1\" content=\"Escrito por\" \/>\n\t<meta name=\"twitter:data1\" content=\"Redacci\u00f3n\" \/>\n\t<meta name=\"twitter:label2\" content=\"Tiempo de lectura\" \/>\n\t<meta name=\"twitter:data2\" content=\"2 minutos\" \/>\n<script type=\"application\/ld+json\" class=\"yoast-schema-graph\">{\"@context\":\"https:\\\/\\\/schema.org\",\"@graph\":[{\"@type\":\"Article\",\"@id\":\"https:\\\/\\\/fuentesfidedignas.com.mx\\\/index.php\\\/2023\\\/12\\\/11\\\/preparatoria-dr-salvador-allende-de-la-uas-lleva-a-cabo-su-festival-navideno-2023\\\/#article\",\"isPartOf\":{\"@id\":\"https:\\\/\\\/fuentesfidedignas.com.mx\\\/index.php\\\/2023\\\/12\\\/11\\\/preparatoria-dr-salvador-allende-de-la-uas-lleva-a-cabo-su-festival-navideno-2023\\\/\"},\"author\":{\"name\":\"Redacci\u00f3n\",\"@id\":\"https:\\\/\\\/fuentesfidedignas.com.mx\\\/#\\\/schema\\\/person\\\/331be9283d37198e2acd5750279085b0\"},\"headline\":\"Preparatoria Dr. Salvador Allende de la UAS lleva a cabo su Festival Navide\u00f1o 2023\",\"datePublished\":\"2023-12-11T13:28:31+00:00\",\"mainEntityOfPage\":{\"@id\":\"https:\\\/\\\/fuentesfidedignas.com.mx\\\/index.php\\\/2023\\\/12\\\/11\\\/preparatoria-dr-salvador-allende-de-la-uas-lleva-a-cabo-su-festival-navideno-2023\\\/\"},\"wordCount\":312,\"commentCount\":0,\"publisher\":{\"@id\":\"https:\\\/\\\/fuentesfidedignas.com.mx\\\/#organization\"},\"image\":{\"@id\":\"https:\\\/\\\/fuentesfidedignas.com.mx\\\/index.php\\\/2023\\\/12\\\/11\\\/preparatoria-dr-salvador-allende-de-la-uas-lleva-a-cabo-su-festival-navideno-2023\\\/#primaryimage\"},\"thumbnailUrl\":\"https:\\\/\\\/fuentesfidedignas.com.mx\\\/wp-content\\\/uploads\\\/2023\\\/12\\\/PREPA-ALLENDE-13.jpeg\",\"inLanguage\":\"es\",\"potentialAction\":[{\"@type\":\"CommentAction\",\"name\":\"Comment\",\"target\":[\"https:\\\/\\\/fuentesfidedignas.com.mx\\\/index.php\\\/2023\\\/12\\\/11\\\/preparatoria-dr-salvador-allende-de-la-uas-lleva-a-cabo-su-festival-navideno-2023\\\/#respond\"]}]},{\"@type\":\"WebPage\",\"@id\":\"https:\\\/\\\/fuentesfidedignas.com.mx\\\/index.php\\\/2023\\\/12\\\/11\\\/preparatoria-dr-salvador-allende-de-la-uas-lleva-a-cabo-su-festival-navideno-2023\\\/\",\"url\":\"https:\\\/\\\/fuentesfidedignas.com.mx\\\/index.php\\\/2023\\\/12\\\/11\\\/preparatoria-dr-salvador-allende-de-la-uas-lleva-a-cabo-su-festival-navideno-2023\\\/\",\"name\":\"Preparatoria Dr. Salvador Allende de la UAS lleva a cabo su Festival Navide\u00f1o 2023 - Fuentes Fidedignas\",\"isPartOf\":{\"@id\":\"https:\\\/\\\/fuentesfidedignas.com.mx\\\/#website\"},\"primaryImageOfPage\":{\"@id\":\"https:\\\/\\\/fuentesfidedignas.com.mx\\\/index.php\\\/2023\\\/12\\\/11\\\/preparatoria-dr-salvador-allende-de-la-uas-lleva-a-cabo-su-festival-navideno-2023\\\/#primaryimage\"},\"image\":{\"@id\":\"https:\\\/\\\/fuentesfidedignas.com.mx\\\/index.php\\\/2023\\\/12\\\/11\\\/preparatoria-dr-salvador-allende-de-la-uas-lleva-a-cabo-su-festival-navideno-2023\\\/#primaryimage\"},\"thumbnailUrl\":\"https:\\\/\\\/fuentesfidedignas.com.mx\\\/wp-content\\\/uploads\\\/2023\\\/12\\\/PREPA-ALLENDE-13.jpeg\",\"datePublished\":\"2023-12-11T13:28:31+00:00\",\"breadcrumb\":{\"@id\":\"https:\\\/\\\/fuentesfidedignas.com.mx\\\/index.php\\\/2023\\\/12\\\/11\\\/preparatoria-dr-salvador-allende-de-la-uas-lleva-a-cabo-su-festival-navideno-2023\\\/#breadcrumb\"},\"inLanguage\":\"es\",\"potentialAction\":[{\"@type\":\"ReadAction\",\"target\":[\"https:\\\/\\\/fuentesfidedignas.com.mx\\\/index.php\\\/2023\\\/12\\\/11\\\/preparatoria-dr-salvador-allende-de-la-uas-lleva-a-cabo-su-festival-navideno-2023\\\/\"]}]},{\"@type\":\"ImageObject\",\"inLanguage\":\"es\",\"@id\":\"https:\\\/\\\/fuentesfidedignas.com.mx\\\/index.php\\\/2023\\\/12\\\/11\\\/preparatoria-dr-salvador-allende-de-la-uas-lleva-a-cabo-su-festival-navideno-2023\\\/#primaryimage\",\"url\":\"https:\\\/\\\/fuentesfidedignas.com.mx\\\/wp-content\\\/uploads\\\/2023\\\/12\\\/PREPA-ALLENDE-13.jpeg\",\"contentUrl\":\"https:\\\/\\\/fuentesfidedignas.com.mx\\\/wp-content\\\/uploads\\\/2023\\\/12\\\/PREPA-ALLENDE-13.jpeg\",\"width\":1504,\"height\":1004},{\"@type\":\"BreadcrumbList\",\"@id\":\"https:\\\/\\\/fuentesfidedignas.com.mx\\\/index.php\\\/2023\\\/12\\\/11\\\/preparatoria-dr-salvador-allende-de-la-uas-lleva-a-cabo-su-festival-navideno-2023\\\/#breadcrumb\",\"itemListElement\":[{\"@type\":\"ListItem\",\"position\":1,\"name\":\"Inicio\",\"item\":\"https:\\\/\\\/fuentesfidedignas.com.mx\\\/\"},{\"@type\":\"ListItem\",\"position\":2,\"name\":\"Preparatoria Dr. Salvador Allende de la UAS lleva a cabo su Festival Navide\u00f1o 2023\"}]},{\"@type\":\"WebSite\",\"@id\":\"https:\\\/\\\/fuentesfidedignas.com.mx\\\/#website\",\"url\":\"https:\\\/\\\/fuentesfidedignas.com.mx\\\/\",\"name\":\"Fuentes Fidedignas\",\"description\":\"Otro sitio realizado con WordPress\",\"publisher\":{\"@id\":\"https:\\\/\\\/fuentesfidedignas.com.mx\\\/#organization\"},\"potentialAction\":[{\"@type\":\"SearchAction\",\"target\":{\"@type\":\"EntryPoint\",\"urlTemplate\":\"https:\\\/\\\/fuentesfidedignas.com.mx\\\/?s={search_term_string}\"},\"query-input\":{\"@type\":\"PropertyValueSpecification\",\"valueRequired\":true,\"valueName\":\"search_term_string\"}}],\"inLanguage\":\"es\"},{\"@type\":\"Organization\",\"@id\":\"https:\\\/\\\/fuentesfidedignas.com.mx\\\/#organization\",\"name\":\"Fuentes Fidedignas\",\"url\":\"https:\\\/\\\/fuentesfidedignas.com.mx\\\/\",\"logo\":{\"@type\":\"ImageObject\",\"inLanguage\":\"es\",\"@id\":\"https:\\\/\\\/fuentesfidedignas.com.mx\\\/#\\\/schema\\\/logo\\\/image\\\/\",\"url\":\"https:\\\/\\\/fuentesfidedignas.com.mx\\\/wp-content\\\/uploads\\\/2021\\\/04\\\/logo-retina.png\",\"contentUrl\":\"https:\\\/\\\/fuentesfidedignas.com.mx\\\/wp-content\\\/uploads\\\/2021\\\/04\\\/logo-retina.png\",\"width\":280,\"height\":51,\"caption\":\"Fuentes Fidedignas\"},\"image\":{\"@id\":\"https:\\\/\\\/fuentesfidedignas.com.mx\\\/#\\\/schema\\\/logo\\\/image\\\/\"},\"sameAs\":[\"https:\\\/\\\/www.facebook.com\\\/Fuentes-Fidedignas-368234489921644\",\"https:\\\/\\\/x.com\\\/fidedignas\"]},{\"@type\":\"Person\",\"@id\":\"https:\\\/\\\/fuentesfidedignas.com.mx\\\/#\\\/schema\\\/person\\\/331be9283d37198e2acd5750279085b0\",\"name\":\"Redacci\u00f3n\",\"image\":{\"@type\":\"ImageObject\",\"inLanguage\":\"es\",\"@id\":\"https:\\\/\\\/secure.gravatar.com\\\/avatar\\\/f6d8782c11d12b2d4ad3fbb6931aeab5309937a4d6cd2fc9cfaa28a6396a5aec?s=96&d=mm&r=g\",\"url\":\"https:\\\/\\\/secure.gravatar.com\\\/avatar\\\/f6d8782c11d12b2d4ad3fbb6931aeab5309937a4d6cd2fc9cfaa28a6396a5aec?s=96&d=mm&r=g\",\"contentUrl\":\"https:\\\/\\\/secure.gravatar.com\\\/avatar\\\/f6d8782c11d12b2d4ad3fbb6931aeab5309937a4d6cd2fc9cfaa28a6396a5aec?s=96&d=mm&r=g\",\"caption\":\"Redacci\u00f3n\"},\"url\":\"https:\\\/\\\/fuentesfidedignas.com.mx\\\/index.php\\\/author\\\/redaccion\\\/\"}]}<\/script>\n<!-- \/ Yoast SEO plugin. -->","yoast_head_json":{"title":"Preparatoria Dr. Salvador Allende de la UAS lleva a cabo su Festival Navide\u00f1o 2023 - Fuentes Fidedignas","robots":{"index":"index","follow":"follow","max-snippet":"max-snippet:-1","max-image-preview":"max-image-preview:large","max-video-preview":"max-video-preview:-1"},"canonical":"https:\/\/fuentesfidedignas.com.mx\/index.php\/2023\/12\/11\/preparatoria-dr-salvador-allende-de-la-uas-lleva-a-cabo-su-festival-navideno-2023\/","og_locale":"es_MX","og_type":"article","og_title":"Preparatoria Dr. Salvador Allende de la UAS lleva a cabo su Festival Navide\u00f1o 2023 - Fuentes Fidedignas","og_description":"Se invit\u00f3 a los presentes a celebrar estas fechas con amor, humanidad y todos los valores universitarios que en esta Nueva Universidad se est\u00e1n promoviendo. Culiac\u00e1n, Sin.- La Unidad Acad\u00e9mica Preparatoria \u201cDr. Salvador Allende\u201d de la Universidad Aut\u00f3noma de Sinaloa (UAS) celebr\u00f3 estas fiestas decembrinas con el Festival Navide\u00f1o 2023, este viernes 8 en la [&hellip;]","og_url":"https:\/\/fuentesfidedignas.com.mx\/index.php\/2023\/12\/11\/preparatoria-dr-salvador-allende-de-la-uas-lleva-a-cabo-su-festival-navideno-2023\/","og_site_name":"Fuentes Fidedignas","article_publisher":"https:\/\/www.facebook.com\/Fuentes-Fidedignas-368234489921644","article_published_time":"2023-12-11T13:28:31+00:00","og_image":[{"width":1504,"height":1004,"url":"https:\/\/fuentesfidedignas.com.mx\/wp-content\/uploads\/2023\/12\/PREPA-ALLENDE-13.jpeg","type":"image\/jpeg"}],"author":"Redacci\u00f3n","twitter_card":"summary_large_image","twitter_creator":"@fidedignas","twitter_site":"@fidedignas","twitter_misc":{"Escrito por":"Redacci\u00f3n","Tiempo de lectura":"2 minutos"},"schema":{"@context":"https:\/\/schema.org","@graph":[{"@type":"Article","@id":"https:\/\/fuentesfidedignas.com.mx\/index.php\/2023\/12\/11\/preparatoria-dr-salvador-allende-de-la-uas-lleva-a-cabo-su-festival-navideno-2023\/#article","isPartOf":{"@id":"https:\/\/fuentesfidedignas.com.mx\/index.php\/2023\/12\/11\/preparatoria-dr-salvador-allende-de-la-uas-lleva-a-cabo-su-festival-navideno-2023\/"},"author":{"name":"Redacci\u00f3n","@id":"https:\/\/fuentesfidedignas.com.mx\/#\/schema\/person\/331be9283d37198e2acd5750279085b0"},"headline":"Preparatoria Dr. Salvador Allende de la UAS lleva a cabo su Festival Navide\u00f1o 2023","datePublished":"2023-12-11T13:28:31+00:00","mainEntityOfPage":{"@id":"https:\/\/fuentesfidedignas.com.mx\/index.php\/2023\/12\/11\/preparatoria-dr-salvador-allende-de-la-uas-lleva-a-cabo-su-festival-navideno-2023\/"},"wordCount":312,"commentCount":0,"publisher":{"@id":"https:\/\/fuentesfidedignas.com.mx\/#organization"},"image":{"@id":"https:\/\/fuentesfidedignas.com.mx\/index.php\/2023\/12\/11\/preparatoria-dr-salvador-allende-de-la-uas-lleva-a-cabo-su-festival-navideno-2023\/#primaryimage"},"thumbnailUrl":"https:\/\/fuentesfidedignas.com.mx\/wp-content\/uploads\/2023\/12\/PREPA-ALLENDE-13.jpeg","inLanguage":"es","potentialAction":[{"@type":"CommentAction","name":"Comment","target":["https:\/\/fuentesfidedignas.com.mx\/index.php\/2023\/12\/11\/preparatoria-dr-salvador-allende-de-la-uas-lleva-a-cabo-su-festival-navideno-2023\/#respond"]}]},{"@type":"WebPage","@id":"https:\/\/fuentesfidedignas.com.mx\/index.php\/2023\/12\/11\/preparatoria-dr-salvador-allende-de-la-uas-lleva-a-cabo-su-festival-navideno-2023\/","url":"https:\/\/fuentesfidedignas.com.mx\/index.php\/2023\/12\/11\/preparatoria-dr-salvador-allende-de-la-uas-lleva-a-cabo-su-festival-navideno-2023\/","name":"Preparatoria Dr. Salvador Allende de la UAS lleva a cabo su Festival Navide\u00f1o 2023 - Fuentes Fidedignas","isPartOf":{"@id":"https:\/\/fuentesfidedignas.com.mx\/#website"},"primaryImageOfPage":{"@id":"https:\/\/fuentesfidedignas.com.mx\/index.php\/2023\/12\/11\/preparatoria-dr-salvador-allende-de-la-uas-lleva-a-cabo-su-festival-navideno-2023\/#primaryimage"},"image":{"@id":"https:\/\/fuentesfidedignas.com.mx\/index.php\/2023\/12\/11\/preparatoria-dr-salvador-allende-de-la-uas-lleva-a-cabo-su-festival-navideno-2023\/#primaryimage"},"thumbnailUrl":"https:\/\/fuentesfidedignas.com.mx\/wp-content\/uploads\/2023\/12\/PREPA-ALLENDE-13.jpeg","datePublished":"2023-12-11T13:28:31+00:00","breadcrumb":{"@id":"https:\/\/fuentesfidedignas.com.mx\/index.php\/2023\/12\/11\/preparatoria-dr-salvador-allende-de-la-uas-lleva-a-cabo-su-festival-navideno-2023\/#breadcrumb"},"inLanguage":"es","potentialAction":[{"@type":"ReadAction","target":["https:\/\/fuentesfidedignas.com.mx\/index.php\/2023\/12\/11\/preparatoria-dr-salvador-allende-de-la-uas-lleva-a-cabo-su-festival-navideno-2023\/"]}]},{"@type":"ImageObject","inLanguage":"es","@id":"https:\/\/fuentesfidedignas.com.mx\/index.php\/2023\/12\/11\/preparatoria-dr-salvador-allende-de-la-uas-lleva-a-cabo-su-festival-navideno-2023\/#primaryimage","url":"https:\/\/fuentesfidedignas.com.mx\/wp-content\/uploads\/2023\/12\/PREPA-ALLENDE-13.jpeg","contentUrl":"https:\/\/fuentesfidedignas.com.mx\/wp-content\/uploads\/2023\/12\/PREPA-ALLENDE-13.jpeg","width":1504,"height":1004},{"@type":"BreadcrumbList","@id":"https:\/\/fuentesfidedignas.com.mx\/index.php\/2023\/12\/11\/preparatoria-dr-salvador-allende-de-la-uas-lleva-a-cabo-su-festival-navideno-2023\/#breadcrumb","itemListElement":[{"@type":"ListItem","position":1,"name":"Inicio","item":"https:\/\/fuentesfidedignas.com.mx\/"},{"@type":"ListItem","position":2,"name":"Preparatoria Dr. Salvador Allende de la UAS lleva a cabo su Festival Navide\u00f1o 2023"}]},{"@type":"WebSite","@id":"https:\/\/fuentesfidedignas.com.mx\/#website","url":"https:\/\/fuentesfidedignas.com.mx\/","name":"Fuentes Fidedignas","description":"Otro sitio realizado con WordPress","publisher":{"@id":"https:\/\/fuentesfidedignas.com.mx\/#organization"},"potentialAction":[{"@type":"SearchAction","target":{"@type":"EntryPoint","urlTemplate":"https:\/\/fuentesfidedignas.com.mx\/?s={search_term_string}"},"query-input":{"@type":"PropertyValueSpecification","valueRequired":true,"valueName":"search_term_string"}}],"inLanguage":"es"},{"@type":"Organization","@id":"https:\/\/fuentesfidedignas.com.mx\/#organization","name":"Fuentes Fidedignas","url":"https:\/\/fuentesfidedignas.com.mx\/","logo":{"@type":"ImageObject","inLanguage":"es","@id":"https:\/\/fuentesfidedignas.com.mx\/#\/schema\/logo\/image\/","url":"https:\/\/fuentesfidedignas.com.mx\/wp-content\/uploads\/2021\/04\/logo-retina.png","contentUrl":"https:\/\/fuentesfidedignas.com.mx\/wp-content\/uploads\/2021\/04\/logo-retina.png","width":280,"height":51,"caption":"Fuentes Fidedignas"},"image":{"@id":"https:\/\/fuentesfidedignas.com.mx\/#\/schema\/logo\/image\/"},"sameAs":["https:\/\/www.facebook.com\/Fuentes-Fidedignas-368234489921644","https:\/\/x.com\/fidedignas"]},{"@type":"Person","@id":"https:\/\/fuentesfidedignas.com.mx\/#\/schema\/person\/331be9283d37198e2acd5750279085b0","name":"Redacci\u00f3n","image":{"@type":"ImageObject","inLanguage":"es","@id":"https:\/\/secure.gravatar.com\/avatar\/f6d8782c11d12b2d4ad3fbb6931aeab5309937a4d6cd2fc9cfaa28a6396a5aec?s=96&d=mm&r=g","url":"https:\/\/secure.gravatar.com\/avatar\/f6d8782c11d12b2d4ad3fbb6931aeab5309937a4d6cd2fc9cfaa28a6396a5aec?s=96&d=mm&r=g","contentUrl":"https:\/\/secure.gravatar.com\/avatar\/f6d8782c11d12b2d4ad3fbb6931aeab5309937a4d6cd2fc9cfaa28a6396a5aec?s=96&d=mm&r=g","caption":"Redacci\u00f3n"},"url":"https:\/\/fuentesfidedignas.com.mx\/index.php\/author\/redaccion\/"}]}},"_links":{"self":[{"href":"https:\/\/fuentesfidedignas.com.mx\/index.php\/wp-json\/wp\/v2\/posts\/68290","targetHints":{"allow":["GET"]}}],"collection":[{"href":"https:\/\/fuentesfidedignas.com.mx\/index.php\/wp-json\/wp\/v2\/posts"}],"about":[{"href":"https:\/\/fuentesfidedignas.com.mx\/index.php\/wp-json\/wp\/v2\/types\/post"}],"author":[{"embeddable":true,"href":"https:\/\/fuentesfidedignas.com.mx\/index.php\/wp-json\/wp\/v2\/users\/4"}],"replies":[{"embeddable":true,"href":"https:\/\/fuentesfidedignas.com.mx\/index.php\/wp-json\/wp\/v2\/comments?post=68290"}],"version-history":[{"count":1,"href":"https:\/\/fuentesfidedignas.com.mx\/index.php\/wp-json\/wp\/v2\/posts\/68290\/revisions"}],"predecessor-version":[{"id":68292,"href":"https:\/\/fuentesfidedignas.com.mx\/index.php\/wp-json\/wp\/v2\/posts\/68290\/revisions\/68292"}],"wp:featuredmedia":[{"embeddable":true,"href":"https:\/\/fuentesfidedignas.com.mx\/index.php\/wp-json\/wp\/v2\/media\/68291"}],"wp:attachment":[{"href":"https:\/\/fuentesfidedignas.com.mx\/index.php\/wp-json\/wp\/v2\/media?parent=68290"}],"wp:term":[{"taxonomy":"category","embeddable":true,"href":"https:\/\/fuentesfidedignas.com.mx\/index.php\/wp-json\/wp\/v2\/categories?post=68290"},{"taxonomy":"post_tag","embeddable":true,"href":"https:\/\/fuentesfidedignas.com.mx\/index.php\/wp-json\/wp\/v2\/tags?post=68290"}],"curies":[{"name":"wp","href":"https:\/\/api.w.org\/{rel}","templated":true}]}}