{"id":68144,"date":"2023-12-23T05:48:14","date_gmt":"2023-12-23T12:48:14","guid":{"rendered":"https:\/\/fuentesfidedignas.com.mx\/?p=68144"},"modified":"2023-12-22T16:32:36","modified_gmt":"2023-12-22T23:32:36","slug":"jovenes-cantan-villancicos-como-si-fueran-corridos-tumbados-videos","status":"publish","type":"post","link":"https:\/\/fuentesfidedignas.com.mx\/index.php\/2023\/12\/23\/jovenes-cantan-villancicos-como-si-fueran-corridos-tumbados-videos\/","title":{"rendered":"J\u00f3venes cantan villancicos como si fueran corridos tumbados (videos)"},"content":{"rendered":"\n<p><strong><em>Los dos amigos que conforman la agrupaci\u00f3n Efecto SR compartieron sus versiones &#8220;b\u00e9licas&#8221; de &#8216;Mi burrito sabanero&#8217; y &#8216;Los peces en el r\u00edo&#8217;.<\/em><\/strong><\/p>\n\n\n\n<p>Este 2023 fue el a\u00f1o de los corridos tumbados, para muestra el impacto de Peso Pluma, que empez\u00f3 el a\u00f1o tocando en eventos como la Feria del Caballo, en Texcoco, y hace algunas semanas llen\u00f3 el Foro Sol, en la Ciudad de M\u00e9xico.<\/p>\n\n\n\n<p>Esto ha repercutido en que en redes sociales haya muchos contenidos orientados hacia esta corriente musical, nacida del corrido tradicional, por ejemplo: los j\u00f3venes que se volvieron virales por tocar y cantar villancicos con este ritmo.<\/p>\n\n\n\n<p>As\u00ed suenan algunos villancicos como si fueran corridos tumbados<br>En TikTok, dos amigos, que conforman la agrupaci\u00f3n Efecto SR, compartieron un video donde interpretaron un cl\u00e1sico de la temporada, Mi burrito sabanero, con el ritmo de la canci\u00f3n La People, original de Peso Pluma y Tito Double P.<\/p>\n\n\n\n<p>En el clip, la persona que est\u00e1 grabando abre la puerta de su casa y se sorprende al ver a los j\u00f3venes con guitarras y gorros navide\u00f1os. Entonces, uno de ellos dice: \u201c\u00a1Qu\u00e9 onda compadre! Venimos a tocarle los villancicos, son villancicos b\u00e9licos\u201d.<\/p>\n\n\n\n<p>Tras esto, comienzan su peculiar versi\u00f3n de Mi burrito sabanero, que al momento ostenta m\u00e1s de 20 millones de visualizaciones en la red social.<\/p>\n\n\n\n<blockquote class=\"tiktok-embed\" cite=\"https:\/\/www.tiktok.com\/@efecto_sr\/video\/7307381561312169221\" data-video-id=\"7307381561312169221\" style=\"max-width: 605px;min-width: 325px;\" > <section> <a target=\"_blank\" title=\"@efecto_sr\" href=\"https:\/\/www.tiktok.com\/@efecto_sr?refer=embed\" rel=\"noopener\">@efecto_sr<\/a> Siganos en ig: efectosr_oficial <a title=\"efectosr\" target=\"_blank\" href=\"https:\/\/www.tiktok.com\/tag\/efectosr?refer=embed\" rel=\"noopener\">#EfectoSR<\/a> <a title=\"musica\" target=\"_blank\" href=\"https:\/\/www.tiktok.com\/tag\/musica?refer=embed\" rel=\"noopener\">#musica<\/a> <a title=\"corridostumbados\" target=\"_blank\" href=\"https:\/\/www.tiktok.com\/tag\/corridostumbados?refer=embed\" rel=\"noopener\">#corridostumbados<\/a> <a title=\"regionalmexicano\" target=\"_blank\" href=\"https:\/\/www.tiktok.com\/tag\/regionalmexicano?refer=embed\" rel=\"noopener\">#regionalmexicano<\/a> <a title=\"navidadtiktok\" target=\"_blank\" href=\"https:\/\/www.tiktok.com\/tag\/navidadtiktok?refer=embed\" rel=\"noopener\">#navidadtiktok<\/a> <a title=\"villancicos\" target=\"_blank\" href=\"https:\/\/www.tiktok.com\/tag\/villancicos?refer=embed\" rel=\"noopener\">#villancicos<\/a> <a title=\"belicos\" target=\"_blank\" href=\"https:\/\/www.tiktok.com\/tag\/belicos?refer=embed\" rel=\"noopener\">#belicos<\/a> <a target=\"_blank\" title=\"\u266c sonido original - Efecto SR\" href=\"https:\/\/www.tiktok.com\/music\/sonido-original-7307381574117755654?refer=embed\" rel=\"noopener\">\u266c sonido original &#8211; Efecto SR<\/a> <\/section> <\/blockquote> <script async src=\"https:\/\/www.tiktok.com\/embed.js\"><\/script>\n\n\n\n<p>Ante el \u00e9xito de su primer \u2018villancico b\u00e9lico\u2019, los integrantes de Efecto SR compartieron otro video, ahora interpretando Los peces en el r\u00edo usando como base el tema Lady Gaga, tambi\u00e9n de Peso Pluma.<\/p>\n\n\n\n<p>Este segundo contenido tambi\u00e9n ha tenido un gran impacto en TikTok, pues al momento lleva m\u00e1s de 12 millones de visualizaciones y m\u00e1s de 8 mil comentarios.<\/p>\n\n\n\n<blockquote class=\"tiktok-embed\" cite=\"https:\/\/www.tiktok.com\/@efecto_sr\/video\/7308157474748615941\" data-video-id=\"7308157474748615941\" style=\"max-width: 605px;min-width: 325px;\" > <section> <a target=\"_blank\" title=\"@efecto_sr\" href=\"https:\/\/www.tiktok.com\/@efecto_sr?refer=embed\" rel=\"noopener\">@efecto_sr<\/a> viva los villancicos belicos\ud83d\ude4f <a title=\"efectosr\" target=\"_blank\" href=\"https:\/\/www.tiktok.com\/tag\/efectosr?refer=embed\" rel=\"noopener\">#EfectoSR<\/a> <a title=\"musica\" target=\"_blank\" href=\"https:\/\/www.tiktok.com\/tag\/musica?refer=embed\" rel=\"noopener\">#musica<\/a> <a title=\"corridostumbados\" target=\"_blank\" href=\"https:\/\/www.tiktok.com\/tag\/corridostumbados?refer=embed\" rel=\"noopener\">#corridostumbados<\/a> <a title=\"regionalmexicano\" target=\"_blank\" href=\"https:\/\/www.tiktok.com\/tag\/regionalmexicano?refer=embed\" rel=\"noopener\">#regionalmexicano<\/a> <a title=\"navidadtiktok\" target=\"_blank\" href=\"https:\/\/www.tiktok.com\/tag\/navidadtiktok?refer=embed\" rel=\"noopener\">#navidadtiktok<\/a> <a title=\"villancicos\" target=\"_blank\" href=\"https:\/\/www.tiktok.com\/tag\/villancicos?refer=embed\" rel=\"noopener\">#villancicos<\/a> <a title=\"belicos\" target=\"_blank\" href=\"https:\/\/www.tiktok.com\/tag\/belicos?refer=embed\" rel=\"noopener\">#belicos<\/a> <a title=\"villancicosbelicos\" target=\"_blank\" href=\"https:\/\/www.tiktok.com\/tag\/villancicosbelicos?refer=embed\" rel=\"noopener\">#villancicosbelicos<\/a> <a title=\"artistasemergentes\" target=\"_blank\" href=\"https:\/\/www.tiktok.com\/tag\/artistasemergentes?refer=embed\" rel=\"noopener\">#artistasemergentes<\/a> <a target=\"_blank\" title=\"\u266c sonido original - Efecto SR\" href=\"https:\/\/www.tiktok.com\/music\/sonido-original-7308157545583069957?refer=embed\" rel=\"noopener\">\u266c sonido original &#8211; Efecto SR<\/a> <\/section> <\/blockquote> <script async src=\"https:\/\/www.tiktok.com\/embed.js\"><\/script>\n\n\n\n<p><strong>Internautas reaccionan a los villancicos tumbados<\/strong><\/p>\n\n\n\n<p>Este par de videos, a la par de volverse virales, atrajeron miles de comentarios de otros tiktokers, en su mayor\u00eda positivos, por ejemplo:<\/p>\n\n\n\n<ul class=\"wp-block-list\">\n<li>Selene Villegas: \u201c\u00a1Qu\u00e9 hagan su disco de villancicos b\u00e9licos!\u201d.<\/li>\n\n\n\n<li>Jos\u00e9 Alfredo: \u201c\u00bfSoy el \u00fanico al que le parece que est\u00e1 cantando Peso Pluma?\u201d.<\/li>\n\n\n\n<li>Adri Loso: \u201cLo peor de todo es que se escuchan bien y los quiero cantar as\u00ed en todas las posadas\u201d.<\/li>\n\n\n\n<li>Misael El\u00edas: \u201cEste villancico ser\u00e1 mi tono de llamada en todo diciembre\u201d.<\/li>\n\n\n\n<li>Inuar Ashy: \u201cRaza, con esos villancicos hasta a m\u00ed me dieron ganas de ir a Bel\u00e9n\u201d.<\/li>\n\n\n\n<li>Tito Bagui: &#8220;Los Reyes Magos andan activos all\u00e1 en Bel\u00e9n&#8221;.<\/li>\n\n\n\n<li>\u00c1ngel Ram\u00edrez: &#8220;Suena mejor que la original, hasta dio sentimiento&#8221;.<\/li>\n<\/ul>\n","protected":false},"excerpt":{"rendered":"<p>Los dos amigos que conforman la agrupaci\u00f3n Efecto SR compartieron sus versiones &#8220;b\u00e9licas&#8221; de &#8216;Mi burrito sabanero&#8217; y &#8216;Los peces en el r\u00edo&#8217;. Este 2023 fue el a\u00f1o de los corridos tumbados, para muestra el impacto de Peso Pluma, que empez\u00f3 el a\u00f1o tocando en eventos como la Feria del Caballo, en Texcoco, y hace [&hellip;]<\/p>\n","protected":false},"author":9,"featured_media":68145,"comment_status":"open","ping_status":"open","sticky":false,"template":"","format":"standard","meta":{"tdm_status":"","tdm_grid_status":"","footnotes":""},"categories":[40],"tags":[],"class_list":{"0":"post-68144","1":"post","2":"type-post","3":"status-publish","4":"format-standard","5":"has-post-thumbnail","7":"category-las-asombrosas"},"yoast_head":"<!-- This site is optimized with the Yoast SEO plugin v27.5 - https:\/\/yoast.com\/product\/yoast-seo-wordpress\/ -->\n<title>J\u00f3venes cantan villancicos como si fueran corridos tumbados (videos) - Fuentes Fidedignas<\/title>\n<meta name=\"robots\" content=\"index, follow, max-snippet:-1, max-image-preview:large, max-video-preview:-1\" \/>\n<link rel=\"canonical\" href=\"https:\/\/fuentesfidedignas.com.mx\/index.php\/2023\/12\/23\/jovenes-cantan-villancicos-como-si-fueran-corridos-tumbados-videos\/\" \/>\n<meta property=\"og:locale\" content=\"es_MX\" \/>\n<meta property=\"og:type\" content=\"article\" \/>\n<meta property=\"og:title\" content=\"J\u00f3venes cantan villancicos como si fueran corridos tumbados (videos) - Fuentes Fidedignas\" \/>\n<meta property=\"og:description\" content=\"Los dos amigos que conforman la agrupaci\u00f3n Efecto SR compartieron sus versiones &#8220;b\u00e9licas&#8221; de &#8216;Mi burrito sabanero&#8217; y &#8216;Los peces en el r\u00edo&#8217;. Este 2023 fue el a\u00f1o de los corridos tumbados, para muestra el impacto de Peso Pluma, que empez\u00f3 el a\u00f1o tocando en eventos como la Feria del Caballo, en Texcoco, y hace [&hellip;]\" \/>\n<meta property=\"og:url\" content=\"https:\/\/fuentesfidedignas.com.mx\/index.php\/2023\/12\/23\/jovenes-cantan-villancicos-como-si-fueran-corridos-tumbados-videos\/\" \/>\n<meta property=\"og:site_name\" content=\"Fuentes Fidedignas\" \/>\n<meta property=\"article:publisher\" content=\"https:\/\/www.facebook.com\/Fuentes-Fidedignas-368234489921644\" \/>\n<meta property=\"article:published_time\" content=\"2023-12-23T12:48:14+00:00\" \/>\n<meta property=\"og:image\" content=\"https:\/\/fuentesfidedignas.com.mx\/wp-content\/uploads\/2023\/12\/BELICOS_VILLANCICOS.jpg\" \/>\n\t<meta property=\"og:image:width\" content=\"879\" \/>\n\t<meta property=\"og:image:height\" content=\"531\" \/>\n\t<meta property=\"og:image:type\" content=\"image\/jpeg\" \/>\n<meta name=\"author\" content=\"Milenio\" \/>\n<meta name=\"twitter:card\" content=\"summary_large_image\" \/>\n<meta name=\"twitter:creator\" content=\"@fidedignas\" \/>\n<meta name=\"twitter:site\" content=\"@fidedignas\" \/>\n<meta name=\"twitter:label1\" content=\"Escrito por\" \/>\n\t<meta name=\"twitter:data1\" content=\"Milenio\" \/>\n\t<meta name=\"twitter:label2\" content=\"Tiempo de lectura\" \/>\n\t<meta name=\"twitter:data2\" content=\"3 minutos\" \/>\n<script type=\"application\/ld+json\" class=\"yoast-schema-graph\">{\"@context\":\"https:\\\/\\\/schema.org\",\"@graph\":[{\"@type\":\"Article\",\"@id\":\"https:\\\/\\\/fuentesfidedignas.com.mx\\\/index.php\\\/2023\\\/12\\\/23\\\/jovenes-cantan-villancicos-como-si-fueran-corridos-tumbados-videos\\\/#article\",\"isPartOf\":{\"@id\":\"https:\\\/\\\/fuentesfidedignas.com.mx\\\/index.php\\\/2023\\\/12\\\/23\\\/jovenes-cantan-villancicos-como-si-fueran-corridos-tumbados-videos\\\/\"},\"author\":{\"name\":\"Milenio\",\"@id\":\"https:\\\/\\\/fuentesfidedignas.com.mx\\\/#\\\/schema\\\/person\\\/47ec0135738f4b0c7495f06a77a2c976\"},\"headline\":\"J\u00f3venes cantan villancicos como si fueran corridos tumbados (videos)\",\"datePublished\":\"2023-12-23T12:48:14+00:00\",\"mainEntityOfPage\":{\"@id\":\"https:\\\/\\\/fuentesfidedignas.com.mx\\\/index.php\\\/2023\\\/12\\\/23\\\/jovenes-cantan-villancicos-como-si-fueran-corridos-tumbados-videos\\\/\"},\"wordCount\":469,\"commentCount\":0,\"publisher\":{\"@id\":\"https:\\\/\\\/fuentesfidedignas.com.mx\\\/#organization\"},\"image\":{\"@id\":\"https:\\\/\\\/fuentesfidedignas.com.mx\\\/index.php\\\/2023\\\/12\\\/23\\\/jovenes-cantan-villancicos-como-si-fueran-corridos-tumbados-videos\\\/#primaryimage\"},\"thumbnailUrl\":\"https:\\\/\\\/fuentesfidedignas.com.mx\\\/wp-content\\\/uploads\\\/2023\\\/12\\\/BELICOS_VILLANCICOS.jpg\",\"articleSection\":[\"LAS ASOMBROSAS\"],\"inLanguage\":\"es\",\"potentialAction\":[{\"@type\":\"CommentAction\",\"name\":\"Comment\",\"target\":[\"https:\\\/\\\/fuentesfidedignas.com.mx\\\/index.php\\\/2023\\\/12\\\/23\\\/jovenes-cantan-villancicos-como-si-fueran-corridos-tumbados-videos\\\/#respond\"]}]},{\"@type\":\"WebPage\",\"@id\":\"https:\\\/\\\/fuentesfidedignas.com.mx\\\/index.php\\\/2023\\\/12\\\/23\\\/jovenes-cantan-villancicos-como-si-fueran-corridos-tumbados-videos\\\/\",\"url\":\"https:\\\/\\\/fuentesfidedignas.com.mx\\\/index.php\\\/2023\\\/12\\\/23\\\/jovenes-cantan-villancicos-como-si-fueran-corridos-tumbados-videos\\\/\",\"name\":\"J\u00f3venes cantan villancicos como si fueran corridos tumbados (videos) - Fuentes Fidedignas\",\"isPartOf\":{\"@id\":\"https:\\\/\\\/fuentesfidedignas.com.mx\\\/#website\"},\"primaryImageOfPage\":{\"@id\":\"https:\\\/\\\/fuentesfidedignas.com.mx\\\/index.php\\\/2023\\\/12\\\/23\\\/jovenes-cantan-villancicos-como-si-fueran-corridos-tumbados-videos\\\/#primaryimage\"},\"image\":{\"@id\":\"https:\\\/\\\/fuentesfidedignas.com.mx\\\/index.php\\\/2023\\\/12\\\/23\\\/jovenes-cantan-villancicos-como-si-fueran-corridos-tumbados-videos\\\/#primaryimage\"},\"thumbnailUrl\":\"https:\\\/\\\/fuentesfidedignas.com.mx\\\/wp-content\\\/uploads\\\/2023\\\/12\\\/BELICOS_VILLANCICOS.jpg\",\"datePublished\":\"2023-12-23T12:48:14+00:00\",\"breadcrumb\":{\"@id\":\"https:\\\/\\\/fuentesfidedignas.com.mx\\\/index.php\\\/2023\\\/12\\\/23\\\/jovenes-cantan-villancicos-como-si-fueran-corridos-tumbados-videos\\\/#breadcrumb\"},\"inLanguage\":\"es\",\"potentialAction\":[{\"@type\":\"ReadAction\",\"target\":[\"https:\\\/\\\/fuentesfidedignas.com.mx\\\/index.php\\\/2023\\\/12\\\/23\\\/jovenes-cantan-villancicos-como-si-fueran-corridos-tumbados-videos\\\/\"]}]},{\"@type\":\"ImageObject\",\"inLanguage\":\"es\",\"@id\":\"https:\\\/\\\/fuentesfidedignas.com.mx\\\/index.php\\\/2023\\\/12\\\/23\\\/jovenes-cantan-villancicos-como-si-fueran-corridos-tumbados-videos\\\/#primaryimage\",\"url\":\"https:\\\/\\\/fuentesfidedignas.com.mx\\\/wp-content\\\/uploads\\\/2023\\\/12\\\/BELICOS_VILLANCICOS.jpg\",\"contentUrl\":\"https:\\\/\\\/fuentesfidedignas.com.mx\\\/wp-content\\\/uploads\\\/2023\\\/12\\\/BELICOS_VILLANCICOS.jpg\",\"width\":879,\"height\":531},{\"@type\":\"BreadcrumbList\",\"@id\":\"https:\\\/\\\/fuentesfidedignas.com.mx\\\/index.php\\\/2023\\\/12\\\/23\\\/jovenes-cantan-villancicos-como-si-fueran-corridos-tumbados-videos\\\/#breadcrumb\",\"itemListElement\":[{\"@type\":\"ListItem\",\"position\":1,\"name\":\"Inicio\",\"item\":\"https:\\\/\\\/fuentesfidedignas.com.mx\\\/\"},{\"@type\":\"ListItem\",\"position\":2,\"name\":\"J\u00f3venes cantan villancicos como si fueran corridos tumbados (videos)\"}]},{\"@type\":\"WebSite\",\"@id\":\"https:\\\/\\\/fuentesfidedignas.com.mx\\\/#website\",\"url\":\"https:\\\/\\\/fuentesfidedignas.com.mx\\\/\",\"name\":\"Fuentes Fidedignas\",\"description\":\"Otro sitio realizado con WordPress\",\"publisher\":{\"@id\":\"https:\\\/\\\/fuentesfidedignas.com.mx\\\/#organization\"},\"potentialAction\":[{\"@type\":\"SearchAction\",\"target\":{\"@type\":\"EntryPoint\",\"urlTemplate\":\"https:\\\/\\\/fuentesfidedignas.com.mx\\\/?s={search_term_string}\"},\"query-input\":{\"@type\":\"PropertyValueSpecification\",\"valueRequired\":true,\"valueName\":\"search_term_string\"}}],\"inLanguage\":\"es\"},{\"@type\":\"Organization\",\"@id\":\"https:\\\/\\\/fuentesfidedignas.com.mx\\\/#organization\",\"name\":\"Fuentes Fidedignas\",\"url\":\"https:\\\/\\\/fuentesfidedignas.com.mx\\\/\",\"logo\":{\"@type\":\"ImageObject\",\"inLanguage\":\"es\",\"@id\":\"https:\\\/\\\/fuentesfidedignas.com.mx\\\/#\\\/schema\\\/logo\\\/image\\\/\",\"url\":\"https:\\\/\\\/fuentesfidedignas.com.mx\\\/wp-content\\\/uploads\\\/2021\\\/04\\\/logo-retina.png\",\"contentUrl\":\"https:\\\/\\\/fuentesfidedignas.com.mx\\\/wp-content\\\/uploads\\\/2021\\\/04\\\/logo-retina.png\",\"width\":280,\"height\":51,\"caption\":\"Fuentes Fidedignas\"},\"image\":{\"@id\":\"https:\\\/\\\/fuentesfidedignas.com.mx\\\/#\\\/schema\\\/logo\\\/image\\\/\"},\"sameAs\":[\"https:\\\/\\\/www.facebook.com\\\/Fuentes-Fidedignas-368234489921644\",\"https:\\\/\\\/x.com\\\/fidedignas\"]},{\"@type\":\"Person\",\"@id\":\"https:\\\/\\\/fuentesfidedignas.com.mx\\\/#\\\/schema\\\/person\\\/47ec0135738f4b0c7495f06a77a2c976\",\"name\":\"Milenio\",\"image\":{\"@type\":\"ImageObject\",\"inLanguage\":\"es\",\"@id\":\"https:\\\/\\\/secure.gravatar.com\\\/avatar\\\/acabf7b54753e51c2c76457954577c236b3b764789b19879565769739d1e4a75?s=96&d=mm&r=g\",\"url\":\"https:\\\/\\\/secure.gravatar.com\\\/avatar\\\/acabf7b54753e51c2c76457954577c236b3b764789b19879565769739d1e4a75?s=96&d=mm&r=g\",\"contentUrl\":\"https:\\\/\\\/secure.gravatar.com\\\/avatar\\\/acabf7b54753e51c2c76457954577c236b3b764789b19879565769739d1e4a75?s=96&d=mm&r=g\",\"caption\":\"Milenio\"},\"url\":\"https:\\\/\\\/fuentesfidedignas.com.mx\\\/index.php\\\/author\\\/milenio\\\/\"}]}<\/script>\n<!-- \/ Yoast SEO plugin. -->","yoast_head_json":{"title":"J\u00f3venes cantan villancicos como si fueran corridos tumbados (videos) - Fuentes Fidedignas","robots":{"index":"index","follow":"follow","max-snippet":"max-snippet:-1","max-image-preview":"max-image-preview:large","max-video-preview":"max-video-preview:-1"},"canonical":"https:\/\/fuentesfidedignas.com.mx\/index.php\/2023\/12\/23\/jovenes-cantan-villancicos-como-si-fueran-corridos-tumbados-videos\/","og_locale":"es_MX","og_type":"article","og_title":"J\u00f3venes cantan villancicos como si fueran corridos tumbados (videos) - Fuentes Fidedignas","og_description":"Los dos amigos que conforman la agrupaci\u00f3n Efecto SR compartieron sus versiones &#8220;b\u00e9licas&#8221; de &#8216;Mi burrito sabanero&#8217; y &#8216;Los peces en el r\u00edo&#8217;. Este 2023 fue el a\u00f1o de los corridos tumbados, para muestra el impacto de Peso Pluma, que empez\u00f3 el a\u00f1o tocando en eventos como la Feria del Caballo, en Texcoco, y hace [&hellip;]","og_url":"https:\/\/fuentesfidedignas.com.mx\/index.php\/2023\/12\/23\/jovenes-cantan-villancicos-como-si-fueran-corridos-tumbados-videos\/","og_site_name":"Fuentes Fidedignas","article_publisher":"https:\/\/www.facebook.com\/Fuentes-Fidedignas-368234489921644","article_published_time":"2023-12-23T12:48:14+00:00","og_image":[{"width":879,"height":531,"url":"https:\/\/fuentesfidedignas.com.mx\/wp-content\/uploads\/2023\/12\/BELICOS_VILLANCICOS.jpg","type":"image\/jpeg"}],"author":"Milenio","twitter_card":"summary_large_image","twitter_creator":"@fidedignas","twitter_site":"@fidedignas","twitter_misc":{"Escrito por":"Milenio","Tiempo de lectura":"3 minutos"},"schema":{"@context":"https:\/\/schema.org","@graph":[{"@type":"Article","@id":"https:\/\/fuentesfidedignas.com.mx\/index.php\/2023\/12\/23\/jovenes-cantan-villancicos-como-si-fueran-corridos-tumbados-videos\/#article","isPartOf":{"@id":"https:\/\/fuentesfidedignas.com.mx\/index.php\/2023\/12\/23\/jovenes-cantan-villancicos-como-si-fueran-corridos-tumbados-videos\/"},"author":{"name":"Milenio","@id":"https:\/\/fuentesfidedignas.com.mx\/#\/schema\/person\/47ec0135738f4b0c7495f06a77a2c976"},"headline":"J\u00f3venes cantan villancicos como si fueran corridos tumbados (videos)","datePublished":"2023-12-23T12:48:14+00:00","mainEntityOfPage":{"@id":"https:\/\/fuentesfidedignas.com.mx\/index.php\/2023\/12\/23\/jovenes-cantan-villancicos-como-si-fueran-corridos-tumbados-videos\/"},"wordCount":469,"commentCount":0,"publisher":{"@id":"https:\/\/fuentesfidedignas.com.mx\/#organization"},"image":{"@id":"https:\/\/fuentesfidedignas.com.mx\/index.php\/2023\/12\/23\/jovenes-cantan-villancicos-como-si-fueran-corridos-tumbados-videos\/#primaryimage"},"thumbnailUrl":"https:\/\/fuentesfidedignas.com.mx\/wp-content\/uploads\/2023\/12\/BELICOS_VILLANCICOS.jpg","articleSection":["LAS ASOMBROSAS"],"inLanguage":"es","potentialAction":[{"@type":"CommentAction","name":"Comment","target":["https:\/\/fuentesfidedignas.com.mx\/index.php\/2023\/12\/23\/jovenes-cantan-villancicos-como-si-fueran-corridos-tumbados-videos\/#respond"]}]},{"@type":"WebPage","@id":"https:\/\/fuentesfidedignas.com.mx\/index.php\/2023\/12\/23\/jovenes-cantan-villancicos-como-si-fueran-corridos-tumbados-videos\/","url":"https:\/\/fuentesfidedignas.com.mx\/index.php\/2023\/12\/23\/jovenes-cantan-villancicos-como-si-fueran-corridos-tumbados-videos\/","name":"J\u00f3venes cantan villancicos como si fueran corridos tumbados (videos) - Fuentes Fidedignas","isPartOf":{"@id":"https:\/\/fuentesfidedignas.com.mx\/#website"},"primaryImageOfPage":{"@id":"https:\/\/fuentesfidedignas.com.mx\/index.php\/2023\/12\/23\/jovenes-cantan-villancicos-como-si-fueran-corridos-tumbados-videos\/#primaryimage"},"image":{"@id":"https:\/\/fuentesfidedignas.com.mx\/index.php\/2023\/12\/23\/jovenes-cantan-villancicos-como-si-fueran-corridos-tumbados-videos\/#primaryimage"},"thumbnailUrl":"https:\/\/fuentesfidedignas.com.mx\/wp-content\/uploads\/2023\/12\/BELICOS_VILLANCICOS.jpg","datePublished":"2023-12-23T12:48:14+00:00","breadcrumb":{"@id":"https:\/\/fuentesfidedignas.com.mx\/index.php\/2023\/12\/23\/jovenes-cantan-villancicos-como-si-fueran-corridos-tumbados-videos\/#breadcrumb"},"inLanguage":"es","potentialAction":[{"@type":"ReadAction","target":["https:\/\/fuentesfidedignas.com.mx\/index.php\/2023\/12\/23\/jovenes-cantan-villancicos-como-si-fueran-corridos-tumbados-videos\/"]}]},{"@type":"ImageObject","inLanguage":"es","@id":"https:\/\/fuentesfidedignas.com.mx\/index.php\/2023\/12\/23\/jovenes-cantan-villancicos-como-si-fueran-corridos-tumbados-videos\/#primaryimage","url":"https:\/\/fuentesfidedignas.com.mx\/wp-content\/uploads\/2023\/12\/BELICOS_VILLANCICOS.jpg","contentUrl":"https:\/\/fuentesfidedignas.com.mx\/wp-content\/uploads\/2023\/12\/BELICOS_VILLANCICOS.jpg","width":879,"height":531},{"@type":"BreadcrumbList","@id":"https:\/\/fuentesfidedignas.com.mx\/index.php\/2023\/12\/23\/jovenes-cantan-villancicos-como-si-fueran-corridos-tumbados-videos\/#breadcrumb","itemListElement":[{"@type":"ListItem","position":1,"name":"Inicio","item":"https:\/\/fuentesfidedignas.com.mx\/"},{"@type":"ListItem","position":2,"name":"J\u00f3venes cantan villancicos como si fueran corridos tumbados (videos)"}]},{"@type":"WebSite","@id":"https:\/\/fuentesfidedignas.com.mx\/#website","url":"https:\/\/fuentesfidedignas.com.mx\/","name":"Fuentes Fidedignas","description":"Otro sitio realizado con WordPress","publisher":{"@id":"https:\/\/fuentesfidedignas.com.mx\/#organization"},"potentialAction":[{"@type":"SearchAction","target":{"@type":"EntryPoint","urlTemplate":"https:\/\/fuentesfidedignas.com.mx\/?s={search_term_string}"},"query-input":{"@type":"PropertyValueSpecification","valueRequired":true,"valueName":"search_term_string"}}],"inLanguage":"es"},{"@type":"Organization","@id":"https:\/\/fuentesfidedignas.com.mx\/#organization","name":"Fuentes Fidedignas","url":"https:\/\/fuentesfidedignas.com.mx\/","logo":{"@type":"ImageObject","inLanguage":"es","@id":"https:\/\/fuentesfidedignas.com.mx\/#\/schema\/logo\/image\/","url":"https:\/\/fuentesfidedignas.com.mx\/wp-content\/uploads\/2021\/04\/logo-retina.png","contentUrl":"https:\/\/fuentesfidedignas.com.mx\/wp-content\/uploads\/2021\/04\/logo-retina.png","width":280,"height":51,"caption":"Fuentes Fidedignas"},"image":{"@id":"https:\/\/fuentesfidedignas.com.mx\/#\/schema\/logo\/image\/"},"sameAs":["https:\/\/www.facebook.com\/Fuentes-Fidedignas-368234489921644","https:\/\/x.com\/fidedignas"]},{"@type":"Person","@id":"https:\/\/fuentesfidedignas.com.mx\/#\/schema\/person\/47ec0135738f4b0c7495f06a77a2c976","name":"Milenio","image":{"@type":"ImageObject","inLanguage":"es","@id":"https:\/\/secure.gravatar.com\/avatar\/acabf7b54753e51c2c76457954577c236b3b764789b19879565769739d1e4a75?s=96&d=mm&r=g","url":"https:\/\/secure.gravatar.com\/avatar\/acabf7b54753e51c2c76457954577c236b3b764789b19879565769739d1e4a75?s=96&d=mm&r=g","contentUrl":"https:\/\/secure.gravatar.com\/avatar\/acabf7b54753e51c2c76457954577c236b3b764789b19879565769739d1e4a75?s=96&d=mm&r=g","caption":"Milenio"},"url":"https:\/\/fuentesfidedignas.com.mx\/index.php\/author\/milenio\/"}]}},"_links":{"self":[{"href":"https:\/\/fuentesfidedignas.com.mx\/index.php\/wp-json\/wp\/v2\/posts\/68144","targetHints":{"allow":["GET"]}}],"collection":[{"href":"https:\/\/fuentesfidedignas.com.mx\/index.php\/wp-json\/wp\/v2\/posts"}],"about":[{"href":"https:\/\/fuentesfidedignas.com.mx\/index.php\/wp-json\/wp\/v2\/types\/post"}],"author":[{"embeddable":true,"href":"https:\/\/fuentesfidedignas.com.mx\/index.php\/wp-json\/wp\/v2\/users\/9"}],"replies":[{"embeddable":true,"href":"https:\/\/fuentesfidedignas.com.mx\/index.php\/wp-json\/wp\/v2\/comments?post=68144"}],"version-history":[{"count":1,"href":"https:\/\/fuentesfidedignas.com.mx\/index.php\/wp-json\/wp\/v2\/posts\/68144\/revisions"}],"predecessor-version":[{"id":68146,"href":"https:\/\/fuentesfidedignas.com.mx\/index.php\/wp-json\/wp\/v2\/posts\/68144\/revisions\/68146"}],"wp:featuredmedia":[{"embeddable":true,"href":"https:\/\/fuentesfidedignas.com.mx\/index.php\/wp-json\/wp\/v2\/media\/68145"}],"wp:attachment":[{"href":"https:\/\/fuentesfidedignas.com.mx\/index.php\/wp-json\/wp\/v2\/media?parent=68144"}],"wp:term":[{"taxonomy":"category","embeddable":true,"href":"https:\/\/fuentesfidedignas.com.mx\/index.php\/wp-json\/wp\/v2\/categories?post=68144"},{"taxonomy":"post_tag","embeddable":true,"href":"https:\/\/fuentesfidedignas.com.mx\/index.php\/wp-json\/wp\/v2\/tags?post=68144"}],"curies":[{"name":"wp","href":"https:\/\/api.w.org\/{rel}","templated":true}]}}