{"id":68049,"date":"2023-12-08T09:24:32","date_gmt":"2023-12-08T16:24:32","guid":{"rendered":"https:\/\/fuentesfidedignas.com.mx\/?p=68049"},"modified":"2023-12-08T09:27:26","modified_gmt":"2023-12-08T16:27:26","slug":"no-opino-tiene-que-ver-con-el-proceso-electoral-amlo-sobre-crisis-en-el-tepjf","status":"publish","type":"post","link":"https:\/\/fuentesfidedignas.com.mx\/index.php\/2023\/12\/08\/no-opino-tiene-que-ver-con-el-proceso-electoral-amlo-sobre-crisis-en-el-tepjf\/","title":{"rendered":"\u201cNo opino, tiene que ver con el proceso electoral\u201d: AMLO sobre crisis en el TEPJF"},"content":{"rendered":"\n<p><strong><em>L\u00f3pez Obrador dijo: solo dese\u00f3 \u201cque haya unidad, armon\u00eda, para que el pueblo pueda elegir libremente a sus autoridades\u201d<\/em><\/strong><\/p>\n\n\n\n<p>Ciudad de M\u00e9xico. El presidente Andr\u00e9s Manuel L\u00f3pez Obrador prefiri\u00f3 no opinar sobre la reciente crisis en el Tribunal Electoral del Poder Judicial de la Federaci\u00f3n (TEPJF).<\/p>\n\n\n\n<figure class=\"wp-block-embed is-type-rich is-provider-twitter wp-block-embed-twitter\"><div class=\"wp-block-embed__wrapper\">\n<blockquote class=\"twitter-tweet\" data-width=\"550\" data-dnt=\"true\"><p lang=\"es\" dir=\"ltr\">El presidente L\u00f3pez Obrador prefiri\u00f3 no opinar sobre la actual crisis en el Tribunal Electoral.<br><br>&quot;No opino de eso&quot;, se\u00f1al\u00f3.<br><br>M\u00e1s, en: <a href=\"https:\/\/t.co\/nNzNtPuuEW\">https:\/\/t.co\/nNzNtPuuEW<\/a> <a href=\"https:\/\/t.co\/umBUSNsQMh\">pic.twitter.com\/umBUSNsQMh<\/a><\/p>&mdash; Joaqu\u00edn L\u00f3pez-D\u00f3riga (@lopezdoriga) <a href=\"https:\/\/twitter.com\/lopezdoriga\/status\/1733127608429093154?ref_src=twsrc%5Etfw\">December 8, 2023<\/a><\/blockquote><script async src=\"https:\/\/platform.twitter.com\/widgets.js\" charset=\"utf-8\"><\/script>\n<\/div><\/figure>\n\n\n\n<p>En la conferencia matutina de Palacio Nacional, L\u00f3pez Obrador indic\u00f3 que dicha situaci\u00f3n tiene que ver con el proceso electoral, por lo que no puede dar una opini\u00f3n sobre lo que ocurre en el Tribunal Electoral.<\/p>\n\n\n\n<blockquote class=\"wp-block-quote is-layout-flow wp-block-quote-is-layout-flow\">\n<p>&#8220;No opino de eso, les ofrezco disculpas, , es algo que tiene que ver con el proceso electoral y es mejor no opinar\u201d, indic\u00f3.<\/p>\n<\/blockquote>\n\n\n\n<p>El mandatario mexicano dese\u00f3 hoy en el Sal\u00f3n Tesorer\u00eda \u201cque haya unidad, armon\u00eda, para que el pueblo pueda elegir libremente a sus autoridades\u201d.<\/p>\n\n\n\n<p>\u201cElecciones limpias y libres, sufragio efectivo, voto efectivo, democracia efectiva, y esto es muy importante la de la democracia efectiva, no fachada, no simulaci\u00f3n, nunca m\u00e1s el enga\u00f1o de que domina en el pa\u00eds una oligarqu\u00eda con fachada de democracia. La oligarqu\u00eda es el Gobierno de una minor\u00eda al servicio de unos cuantos, la democracia es el Gobierno del pueblo, para el pueblo y con el pueblo\u201d, indic\u00f3.<\/p>\n\n\n\n<p>\u201cEntonces democracia real, verdadera, democracia representativa y democracia participativa. No solo es elegir a quienes nos representan, sino participar todo el tiempo en las decisiones que nos ata\u00f1en, que no actuemos solo cada tres o seis a\u00f1os, que no se agite la democracia en el voto para elegir a una autoridad, sino que se haga valer la consulta, el plebiscito, el refer\u00e9ndum, la revocaci\u00f3n del mandado, que sea el pueblo el que tenga siempre las riendas del poder en sus manos. El pueblo pone y quita, como lo establece la Constituci\u00f3n\u201d, puntualiz\u00f3.<\/p>\n\n\n\n<blockquote class=\"wp-block-quote is-layout-flow wp-block-quote-is-layout-flow\">\n<p>&#8220;L\u00f3pez Obrador dej\u00f3 en claro que \u201cla sociedad est\u00e1 muy despierta y cualquier servidor p\u00fablico tiene que aprender a respetar al pueblo y a actuar con integridad y autolimitarse\u201d.<\/p>\n<\/blockquote>\n\n\n\n<p>\u201cYa no es el tiempo de la prepotencia, ya pas\u00f3 eso, la misma sociedad, por mucho control que haya de los medios, por mucha manipulaci\u00f3n que puedan ejercer a trav\u00e9s de los medios los corruptos antidemocr\u00e1ticos, ya no funciona, eso ya no tiene un efecto, ese es el problema de algunos, por eso no hay una oposici\u00f3n creciente, porque no han querido entender que han. habido cambios, sobre todo en la mentalidad del pueblo\u201d, argument\u00f3 esta ma\u00f1ana.<\/p>\n\n\n\n<p>El magistrado&nbsp;<strong>Reyes Rodr\u00edguez Mondrag\u00f3n<\/strong>&nbsp;<a href=\"https:\/\/lopezdoriga.com\/nacional\/envivo-rechaza-reyes-rodriguez-renunciar-a-la-presidencia-del-tribunal-electoral\/\" target=\"_blank\" rel=\"noreferrer noopener\">revel\u00f3 este jueves<\/a>&nbsp;en sesi\u00f3n p\u00fablica del TEPJF que sus pares revel\u00f3 que sus pares&nbsp;<strong>M\u00f3nica Soto<\/strong>,&nbsp;<strong>Felipe de la Mata<\/strong>&nbsp;y&nbsp;<strong>Felipe Fuentes<\/strong>&nbsp;le solicitaron abiertamente su renuncia a la presidencia de la Sala Superior del organismo.<\/p>\n","protected":false},"excerpt":{"rendered":"<p>L\u00f3pez Obrador dijo: solo dese\u00f3 \u201cque haya unidad, armon\u00eda, para que el pueblo pueda elegir libremente a sus autoridades\u201d Ciudad de M\u00e9xico. El presidente Andr\u00e9s Manuel L\u00f3pez Obrador prefiri\u00f3 no opinar sobre la reciente crisis en el Tribunal Electoral del Poder Judicial de la Federaci\u00f3n (TEPJF). En la conferencia matutina de Palacio Nacional, L\u00f3pez Obrador [&hellip;]<\/p>\n","protected":false},"author":47,"featured_media":68050,"comment_status":"open","ping_status":"open","sticky":false,"template":"","format":"standard","meta":{"tdm_status":"","tdm_grid_status":"","footnotes":""},"categories":[39],"tags":[],"class_list":{"0":"post-68049","1":"post","2":"type-post","3":"status-publish","4":"format-standard","5":"has-post-thumbnail","7":"category-noticias-nacionales"},"yoast_head":"<!-- This site is optimized with the Yoast SEO plugin v27.5 - https:\/\/yoast.com\/product\/yoast-seo-wordpress\/ -->\n<title>\u201cNo opino, tiene que ver con el proceso electoral\u201d: AMLO sobre crisis en el TEPJF - Fuentes Fidedignas<\/title>\n<meta name=\"robots\" content=\"index, follow, max-snippet:-1, max-image-preview:large, max-video-preview:-1\" \/>\n<link rel=\"canonical\" href=\"https:\/\/fuentesfidedignas.com.mx\/index.php\/2023\/12\/08\/no-opino-tiene-que-ver-con-el-proceso-electoral-amlo-sobre-crisis-en-el-tepjf\/\" \/>\n<meta property=\"og:locale\" content=\"es_MX\" \/>\n<meta property=\"og:type\" content=\"article\" \/>\n<meta property=\"og:title\" content=\"\u201cNo opino, tiene que ver con el proceso electoral\u201d: AMLO sobre crisis en el TEPJF - Fuentes Fidedignas\" \/>\n<meta property=\"og:description\" content=\"L\u00f3pez Obrador dijo: solo dese\u00f3 \u201cque haya unidad, armon\u00eda, para que el pueblo pueda elegir libremente a sus autoridades\u201d Ciudad de M\u00e9xico. El presidente Andr\u00e9s Manuel L\u00f3pez Obrador prefiri\u00f3 no opinar sobre la reciente crisis en el Tribunal Electoral del Poder Judicial de la Federaci\u00f3n (TEPJF). En la conferencia matutina de Palacio Nacional, L\u00f3pez Obrador [&hellip;]\" \/>\n<meta property=\"og:url\" content=\"https:\/\/fuentesfidedignas.com.mx\/index.php\/2023\/12\/08\/no-opino-tiene-que-ver-con-el-proceso-electoral-amlo-sobre-crisis-en-el-tepjf\/\" \/>\n<meta property=\"og:site_name\" content=\"Fuentes Fidedignas\" \/>\n<meta property=\"article:publisher\" content=\"https:\/\/www.facebook.com\/Fuentes-Fidedignas-368234489921644\" \/>\n<meta property=\"article:published_time\" content=\"2023-12-08T16:24:32+00:00\" \/>\n<meta property=\"article:modified_time\" content=\"2023-12-08T16:27:26+00:00\" \/>\n<meta property=\"og:image\" content=\"https:\/\/fuentesfidedignas.com.mx\/wp-content\/uploads\/2023\/12\/crisis-tribunal-electoral-tepjf.jpg\" \/>\n\t<meta property=\"og:image:width\" content=\"1024\" \/>\n\t<meta property=\"og:image:height\" content=\"683\" \/>\n\t<meta property=\"og:image:type\" content=\"image\/jpeg\" \/>\n<meta name=\"author\" content=\"L\u00f3pez D\u00f3riga\" \/>\n<meta name=\"twitter:card\" content=\"summary_large_image\" \/>\n<meta name=\"twitter:creator\" content=\"@fidedignas\" \/>\n<meta name=\"twitter:site\" content=\"@fidedignas\" \/>\n<meta name=\"twitter:label1\" content=\"Escrito por\" \/>\n\t<meta name=\"twitter:data1\" content=\"L\u00f3pez D\u00f3riga\" \/>\n\t<meta name=\"twitter:label2\" content=\"Tiempo de lectura\" \/>\n\t<meta name=\"twitter:data2\" content=\"2 minutos\" \/>\n<script type=\"application\/ld+json\" class=\"yoast-schema-graph\">{\"@context\":\"https:\\\/\\\/schema.org\",\"@graph\":[{\"@type\":\"Article\",\"@id\":\"https:\\\/\\\/fuentesfidedignas.com.mx\\\/index.php\\\/2023\\\/12\\\/08\\\/no-opino-tiene-que-ver-con-el-proceso-electoral-amlo-sobre-crisis-en-el-tepjf\\\/#article\",\"isPartOf\":{\"@id\":\"https:\\\/\\\/fuentesfidedignas.com.mx\\\/index.php\\\/2023\\\/12\\\/08\\\/no-opino-tiene-que-ver-con-el-proceso-electoral-amlo-sobre-crisis-en-el-tepjf\\\/\"},\"author\":{\"name\":\"L\u00f3pez D\u00f3riga\",\"@id\":\"https:\\\/\\\/fuentesfidedignas.com.mx\\\/#\\\/schema\\\/person\\\/67d852f0557c8509146a4b9ddebd543a\"},\"headline\":\"\u201cNo opino, tiene que ver con el proceso electoral\u201d: AMLO sobre crisis en el TEPJF\",\"datePublished\":\"2023-12-08T16:24:32+00:00\",\"dateModified\":\"2023-12-08T16:27:26+00:00\",\"mainEntityOfPage\":{\"@id\":\"https:\\\/\\\/fuentesfidedignas.com.mx\\\/index.php\\\/2023\\\/12\\\/08\\\/no-opino-tiene-que-ver-con-el-proceso-electoral-amlo-sobre-crisis-en-el-tepjf\\\/\"},\"wordCount\":507,\"commentCount\":0,\"publisher\":{\"@id\":\"https:\\\/\\\/fuentesfidedignas.com.mx\\\/#organization\"},\"image\":{\"@id\":\"https:\\\/\\\/fuentesfidedignas.com.mx\\\/index.php\\\/2023\\\/12\\\/08\\\/no-opino-tiene-que-ver-con-el-proceso-electoral-amlo-sobre-crisis-en-el-tepjf\\\/#primaryimage\"},\"thumbnailUrl\":\"https:\\\/\\\/fuentesfidedignas.com.mx\\\/wp-content\\\/uploads\\\/2023\\\/12\\\/crisis-tribunal-electoral-tepjf.jpg\",\"articleSection\":[\"NOTICIAS NACIONALES\"],\"inLanguage\":\"es\",\"potentialAction\":[{\"@type\":\"CommentAction\",\"name\":\"Comment\",\"target\":[\"https:\\\/\\\/fuentesfidedignas.com.mx\\\/index.php\\\/2023\\\/12\\\/08\\\/no-opino-tiene-que-ver-con-el-proceso-electoral-amlo-sobre-crisis-en-el-tepjf\\\/#respond\"]}]},{\"@type\":\"WebPage\",\"@id\":\"https:\\\/\\\/fuentesfidedignas.com.mx\\\/index.php\\\/2023\\\/12\\\/08\\\/no-opino-tiene-que-ver-con-el-proceso-electoral-amlo-sobre-crisis-en-el-tepjf\\\/\",\"url\":\"https:\\\/\\\/fuentesfidedignas.com.mx\\\/index.php\\\/2023\\\/12\\\/08\\\/no-opino-tiene-que-ver-con-el-proceso-electoral-amlo-sobre-crisis-en-el-tepjf\\\/\",\"name\":\"\u201cNo opino, tiene que ver con el proceso electoral\u201d: AMLO sobre crisis en el TEPJF - Fuentes Fidedignas\",\"isPartOf\":{\"@id\":\"https:\\\/\\\/fuentesfidedignas.com.mx\\\/#website\"},\"primaryImageOfPage\":{\"@id\":\"https:\\\/\\\/fuentesfidedignas.com.mx\\\/index.php\\\/2023\\\/12\\\/08\\\/no-opino-tiene-que-ver-con-el-proceso-electoral-amlo-sobre-crisis-en-el-tepjf\\\/#primaryimage\"},\"image\":{\"@id\":\"https:\\\/\\\/fuentesfidedignas.com.mx\\\/index.php\\\/2023\\\/12\\\/08\\\/no-opino-tiene-que-ver-con-el-proceso-electoral-amlo-sobre-crisis-en-el-tepjf\\\/#primaryimage\"},\"thumbnailUrl\":\"https:\\\/\\\/fuentesfidedignas.com.mx\\\/wp-content\\\/uploads\\\/2023\\\/12\\\/crisis-tribunal-electoral-tepjf.jpg\",\"datePublished\":\"2023-12-08T16:24:32+00:00\",\"dateModified\":\"2023-12-08T16:27:26+00:00\",\"breadcrumb\":{\"@id\":\"https:\\\/\\\/fuentesfidedignas.com.mx\\\/index.php\\\/2023\\\/12\\\/08\\\/no-opino-tiene-que-ver-con-el-proceso-electoral-amlo-sobre-crisis-en-el-tepjf\\\/#breadcrumb\"},\"inLanguage\":\"es\",\"potentialAction\":[{\"@type\":\"ReadAction\",\"target\":[\"https:\\\/\\\/fuentesfidedignas.com.mx\\\/index.php\\\/2023\\\/12\\\/08\\\/no-opino-tiene-que-ver-con-el-proceso-electoral-amlo-sobre-crisis-en-el-tepjf\\\/\"]}]},{\"@type\":\"ImageObject\",\"inLanguage\":\"es\",\"@id\":\"https:\\\/\\\/fuentesfidedignas.com.mx\\\/index.php\\\/2023\\\/12\\\/08\\\/no-opino-tiene-que-ver-con-el-proceso-electoral-amlo-sobre-crisis-en-el-tepjf\\\/#primaryimage\",\"url\":\"https:\\\/\\\/fuentesfidedignas.com.mx\\\/wp-content\\\/uploads\\\/2023\\\/12\\\/crisis-tribunal-electoral-tepjf.jpg\",\"contentUrl\":\"https:\\\/\\\/fuentesfidedignas.com.mx\\\/wp-content\\\/uploads\\\/2023\\\/12\\\/crisis-tribunal-electoral-tepjf.jpg\",\"width\":1024,\"height\":683},{\"@type\":\"BreadcrumbList\",\"@id\":\"https:\\\/\\\/fuentesfidedignas.com.mx\\\/index.php\\\/2023\\\/12\\\/08\\\/no-opino-tiene-que-ver-con-el-proceso-electoral-amlo-sobre-crisis-en-el-tepjf\\\/#breadcrumb\",\"itemListElement\":[{\"@type\":\"ListItem\",\"position\":1,\"name\":\"Inicio\",\"item\":\"https:\\\/\\\/fuentesfidedignas.com.mx\\\/\"},{\"@type\":\"ListItem\",\"position\":2,\"name\":\"\u201cNo opino, tiene que ver con el proceso electoral\u201d: AMLO sobre crisis en el TEPJF\"}]},{\"@type\":\"WebSite\",\"@id\":\"https:\\\/\\\/fuentesfidedignas.com.mx\\\/#website\",\"url\":\"https:\\\/\\\/fuentesfidedignas.com.mx\\\/\",\"name\":\"Fuentes Fidedignas\",\"description\":\"Otro sitio realizado con WordPress\",\"publisher\":{\"@id\":\"https:\\\/\\\/fuentesfidedignas.com.mx\\\/#organization\"},\"potentialAction\":[{\"@type\":\"SearchAction\",\"target\":{\"@type\":\"EntryPoint\",\"urlTemplate\":\"https:\\\/\\\/fuentesfidedignas.com.mx\\\/?s={search_term_string}\"},\"query-input\":{\"@type\":\"PropertyValueSpecification\",\"valueRequired\":true,\"valueName\":\"search_term_string\"}}],\"inLanguage\":\"es\"},{\"@type\":\"Organization\",\"@id\":\"https:\\\/\\\/fuentesfidedignas.com.mx\\\/#organization\",\"name\":\"Fuentes Fidedignas\",\"url\":\"https:\\\/\\\/fuentesfidedignas.com.mx\\\/\",\"logo\":{\"@type\":\"ImageObject\",\"inLanguage\":\"es\",\"@id\":\"https:\\\/\\\/fuentesfidedignas.com.mx\\\/#\\\/schema\\\/logo\\\/image\\\/\",\"url\":\"https:\\\/\\\/fuentesfidedignas.com.mx\\\/wp-content\\\/uploads\\\/2021\\\/04\\\/logo-retina.png\",\"contentUrl\":\"https:\\\/\\\/fuentesfidedignas.com.mx\\\/wp-content\\\/uploads\\\/2021\\\/04\\\/logo-retina.png\",\"width\":280,\"height\":51,\"caption\":\"Fuentes Fidedignas\"},\"image\":{\"@id\":\"https:\\\/\\\/fuentesfidedignas.com.mx\\\/#\\\/schema\\\/logo\\\/image\\\/\"},\"sameAs\":[\"https:\\\/\\\/www.facebook.com\\\/Fuentes-Fidedignas-368234489921644\",\"https:\\\/\\\/x.com\\\/fidedignas\"]},{\"@type\":\"Person\",\"@id\":\"https:\\\/\\\/fuentesfidedignas.com.mx\\\/#\\\/schema\\\/person\\\/67d852f0557c8509146a4b9ddebd543a\",\"name\":\"L\u00f3pez D\u00f3riga\",\"image\":{\"@type\":\"ImageObject\",\"inLanguage\":\"es\",\"@id\":\"https:\\\/\\\/secure.gravatar.com\\\/avatar\\\/e525b06574ca18b33cded59dfe5778d6c823b9513154eff47da551b0551bdd1e?s=96&d=mm&r=g\",\"url\":\"https:\\\/\\\/secure.gravatar.com\\\/avatar\\\/e525b06574ca18b33cded59dfe5778d6c823b9513154eff47da551b0551bdd1e?s=96&d=mm&r=g\",\"contentUrl\":\"https:\\\/\\\/secure.gravatar.com\\\/avatar\\\/e525b06574ca18b33cded59dfe5778d6c823b9513154eff47da551b0551bdd1e?s=96&d=mm&r=g\",\"caption\":\"L\u00f3pez D\u00f3riga\"},\"url\":\"https:\\\/\\\/fuentesfidedignas.com.mx\\\/index.php\\\/author\\\/doriga\\\/\"}]}<\/script>\n<!-- \/ Yoast SEO plugin. -->","yoast_head_json":{"title":"\u201cNo opino, tiene que ver con el proceso electoral\u201d: AMLO sobre crisis en el TEPJF - Fuentes Fidedignas","robots":{"index":"index","follow":"follow","max-snippet":"max-snippet:-1","max-image-preview":"max-image-preview:large","max-video-preview":"max-video-preview:-1"},"canonical":"https:\/\/fuentesfidedignas.com.mx\/index.php\/2023\/12\/08\/no-opino-tiene-que-ver-con-el-proceso-electoral-amlo-sobre-crisis-en-el-tepjf\/","og_locale":"es_MX","og_type":"article","og_title":"\u201cNo opino, tiene que ver con el proceso electoral\u201d: AMLO sobre crisis en el TEPJF - Fuentes Fidedignas","og_description":"L\u00f3pez Obrador dijo: solo dese\u00f3 \u201cque haya unidad, armon\u00eda, para que el pueblo pueda elegir libremente a sus autoridades\u201d Ciudad de M\u00e9xico. El presidente Andr\u00e9s Manuel L\u00f3pez Obrador prefiri\u00f3 no opinar sobre la reciente crisis en el Tribunal Electoral del Poder Judicial de la Federaci\u00f3n (TEPJF). En la conferencia matutina de Palacio Nacional, L\u00f3pez Obrador [&hellip;]","og_url":"https:\/\/fuentesfidedignas.com.mx\/index.php\/2023\/12\/08\/no-opino-tiene-que-ver-con-el-proceso-electoral-amlo-sobre-crisis-en-el-tepjf\/","og_site_name":"Fuentes Fidedignas","article_publisher":"https:\/\/www.facebook.com\/Fuentes-Fidedignas-368234489921644","article_published_time":"2023-12-08T16:24:32+00:00","article_modified_time":"2023-12-08T16:27:26+00:00","og_image":[{"width":1024,"height":683,"url":"https:\/\/fuentesfidedignas.com.mx\/wp-content\/uploads\/2023\/12\/crisis-tribunal-electoral-tepjf.jpg","type":"image\/jpeg"}],"author":"L\u00f3pez D\u00f3riga","twitter_card":"summary_large_image","twitter_creator":"@fidedignas","twitter_site":"@fidedignas","twitter_misc":{"Escrito por":"L\u00f3pez D\u00f3riga","Tiempo de lectura":"2 minutos"},"schema":{"@context":"https:\/\/schema.org","@graph":[{"@type":"Article","@id":"https:\/\/fuentesfidedignas.com.mx\/index.php\/2023\/12\/08\/no-opino-tiene-que-ver-con-el-proceso-electoral-amlo-sobre-crisis-en-el-tepjf\/#article","isPartOf":{"@id":"https:\/\/fuentesfidedignas.com.mx\/index.php\/2023\/12\/08\/no-opino-tiene-que-ver-con-el-proceso-electoral-amlo-sobre-crisis-en-el-tepjf\/"},"author":{"name":"L\u00f3pez D\u00f3riga","@id":"https:\/\/fuentesfidedignas.com.mx\/#\/schema\/person\/67d852f0557c8509146a4b9ddebd543a"},"headline":"\u201cNo opino, tiene que ver con el proceso electoral\u201d: AMLO sobre crisis en el TEPJF","datePublished":"2023-12-08T16:24:32+00:00","dateModified":"2023-12-08T16:27:26+00:00","mainEntityOfPage":{"@id":"https:\/\/fuentesfidedignas.com.mx\/index.php\/2023\/12\/08\/no-opino-tiene-que-ver-con-el-proceso-electoral-amlo-sobre-crisis-en-el-tepjf\/"},"wordCount":507,"commentCount":0,"publisher":{"@id":"https:\/\/fuentesfidedignas.com.mx\/#organization"},"image":{"@id":"https:\/\/fuentesfidedignas.com.mx\/index.php\/2023\/12\/08\/no-opino-tiene-que-ver-con-el-proceso-electoral-amlo-sobre-crisis-en-el-tepjf\/#primaryimage"},"thumbnailUrl":"https:\/\/fuentesfidedignas.com.mx\/wp-content\/uploads\/2023\/12\/crisis-tribunal-electoral-tepjf.jpg","articleSection":["NOTICIAS NACIONALES"],"inLanguage":"es","potentialAction":[{"@type":"CommentAction","name":"Comment","target":["https:\/\/fuentesfidedignas.com.mx\/index.php\/2023\/12\/08\/no-opino-tiene-que-ver-con-el-proceso-electoral-amlo-sobre-crisis-en-el-tepjf\/#respond"]}]},{"@type":"WebPage","@id":"https:\/\/fuentesfidedignas.com.mx\/index.php\/2023\/12\/08\/no-opino-tiene-que-ver-con-el-proceso-electoral-amlo-sobre-crisis-en-el-tepjf\/","url":"https:\/\/fuentesfidedignas.com.mx\/index.php\/2023\/12\/08\/no-opino-tiene-que-ver-con-el-proceso-electoral-amlo-sobre-crisis-en-el-tepjf\/","name":"\u201cNo opino, tiene que ver con el proceso electoral\u201d: AMLO sobre crisis en el TEPJF - Fuentes Fidedignas","isPartOf":{"@id":"https:\/\/fuentesfidedignas.com.mx\/#website"},"primaryImageOfPage":{"@id":"https:\/\/fuentesfidedignas.com.mx\/index.php\/2023\/12\/08\/no-opino-tiene-que-ver-con-el-proceso-electoral-amlo-sobre-crisis-en-el-tepjf\/#primaryimage"},"image":{"@id":"https:\/\/fuentesfidedignas.com.mx\/index.php\/2023\/12\/08\/no-opino-tiene-que-ver-con-el-proceso-electoral-amlo-sobre-crisis-en-el-tepjf\/#primaryimage"},"thumbnailUrl":"https:\/\/fuentesfidedignas.com.mx\/wp-content\/uploads\/2023\/12\/crisis-tribunal-electoral-tepjf.jpg","datePublished":"2023-12-08T16:24:32+00:00","dateModified":"2023-12-08T16:27:26+00:00","breadcrumb":{"@id":"https:\/\/fuentesfidedignas.com.mx\/index.php\/2023\/12\/08\/no-opino-tiene-que-ver-con-el-proceso-electoral-amlo-sobre-crisis-en-el-tepjf\/#breadcrumb"},"inLanguage":"es","potentialAction":[{"@type":"ReadAction","target":["https:\/\/fuentesfidedignas.com.mx\/index.php\/2023\/12\/08\/no-opino-tiene-que-ver-con-el-proceso-electoral-amlo-sobre-crisis-en-el-tepjf\/"]}]},{"@type":"ImageObject","inLanguage":"es","@id":"https:\/\/fuentesfidedignas.com.mx\/index.php\/2023\/12\/08\/no-opino-tiene-que-ver-con-el-proceso-electoral-amlo-sobre-crisis-en-el-tepjf\/#primaryimage","url":"https:\/\/fuentesfidedignas.com.mx\/wp-content\/uploads\/2023\/12\/crisis-tribunal-electoral-tepjf.jpg","contentUrl":"https:\/\/fuentesfidedignas.com.mx\/wp-content\/uploads\/2023\/12\/crisis-tribunal-electoral-tepjf.jpg","width":1024,"height":683},{"@type":"BreadcrumbList","@id":"https:\/\/fuentesfidedignas.com.mx\/index.php\/2023\/12\/08\/no-opino-tiene-que-ver-con-el-proceso-electoral-amlo-sobre-crisis-en-el-tepjf\/#breadcrumb","itemListElement":[{"@type":"ListItem","position":1,"name":"Inicio","item":"https:\/\/fuentesfidedignas.com.mx\/"},{"@type":"ListItem","position":2,"name":"\u201cNo opino, tiene que ver con el proceso electoral\u201d: AMLO sobre crisis en el TEPJF"}]},{"@type":"WebSite","@id":"https:\/\/fuentesfidedignas.com.mx\/#website","url":"https:\/\/fuentesfidedignas.com.mx\/","name":"Fuentes Fidedignas","description":"Otro sitio realizado con WordPress","publisher":{"@id":"https:\/\/fuentesfidedignas.com.mx\/#organization"},"potentialAction":[{"@type":"SearchAction","target":{"@type":"EntryPoint","urlTemplate":"https:\/\/fuentesfidedignas.com.mx\/?s={search_term_string}"},"query-input":{"@type":"PropertyValueSpecification","valueRequired":true,"valueName":"search_term_string"}}],"inLanguage":"es"},{"@type":"Organization","@id":"https:\/\/fuentesfidedignas.com.mx\/#organization","name":"Fuentes Fidedignas","url":"https:\/\/fuentesfidedignas.com.mx\/","logo":{"@type":"ImageObject","inLanguage":"es","@id":"https:\/\/fuentesfidedignas.com.mx\/#\/schema\/logo\/image\/","url":"https:\/\/fuentesfidedignas.com.mx\/wp-content\/uploads\/2021\/04\/logo-retina.png","contentUrl":"https:\/\/fuentesfidedignas.com.mx\/wp-content\/uploads\/2021\/04\/logo-retina.png","width":280,"height":51,"caption":"Fuentes Fidedignas"},"image":{"@id":"https:\/\/fuentesfidedignas.com.mx\/#\/schema\/logo\/image\/"},"sameAs":["https:\/\/www.facebook.com\/Fuentes-Fidedignas-368234489921644","https:\/\/x.com\/fidedignas"]},{"@type":"Person","@id":"https:\/\/fuentesfidedignas.com.mx\/#\/schema\/person\/67d852f0557c8509146a4b9ddebd543a","name":"L\u00f3pez D\u00f3riga","image":{"@type":"ImageObject","inLanguage":"es","@id":"https:\/\/secure.gravatar.com\/avatar\/e525b06574ca18b33cded59dfe5778d6c823b9513154eff47da551b0551bdd1e?s=96&d=mm&r=g","url":"https:\/\/secure.gravatar.com\/avatar\/e525b06574ca18b33cded59dfe5778d6c823b9513154eff47da551b0551bdd1e?s=96&d=mm&r=g","contentUrl":"https:\/\/secure.gravatar.com\/avatar\/e525b06574ca18b33cded59dfe5778d6c823b9513154eff47da551b0551bdd1e?s=96&d=mm&r=g","caption":"L\u00f3pez D\u00f3riga"},"url":"https:\/\/fuentesfidedignas.com.mx\/index.php\/author\/doriga\/"}]}},"_links":{"self":[{"href":"https:\/\/fuentesfidedignas.com.mx\/index.php\/wp-json\/wp\/v2\/posts\/68049","targetHints":{"allow":["GET"]}}],"collection":[{"href":"https:\/\/fuentesfidedignas.com.mx\/index.php\/wp-json\/wp\/v2\/posts"}],"about":[{"href":"https:\/\/fuentesfidedignas.com.mx\/index.php\/wp-json\/wp\/v2\/types\/post"}],"author":[{"embeddable":true,"href":"https:\/\/fuentesfidedignas.com.mx\/index.php\/wp-json\/wp\/v2\/users\/47"}],"replies":[{"embeddable":true,"href":"https:\/\/fuentesfidedignas.com.mx\/index.php\/wp-json\/wp\/v2\/comments?post=68049"}],"version-history":[{"count":3,"href":"https:\/\/fuentesfidedignas.com.mx\/index.php\/wp-json\/wp\/v2\/posts\/68049\/revisions"}],"predecessor-version":[{"id":68053,"href":"https:\/\/fuentesfidedignas.com.mx\/index.php\/wp-json\/wp\/v2\/posts\/68049\/revisions\/68053"}],"wp:featuredmedia":[{"embeddable":true,"href":"https:\/\/fuentesfidedignas.com.mx\/index.php\/wp-json\/wp\/v2\/media\/68050"}],"wp:attachment":[{"href":"https:\/\/fuentesfidedignas.com.mx\/index.php\/wp-json\/wp\/v2\/media?parent=68049"}],"wp:term":[{"taxonomy":"category","embeddable":true,"href":"https:\/\/fuentesfidedignas.com.mx\/index.php\/wp-json\/wp\/v2\/categories?post=68049"},{"taxonomy":"post_tag","embeddable":true,"href":"https:\/\/fuentesfidedignas.com.mx\/index.php\/wp-json\/wp\/v2\/tags?post=68049"}],"curies":[{"name":"wp","href":"https:\/\/api.w.org\/{rel}","templated":true}]}}