{"id":68005,"date":"2023-12-08T05:22:17","date_gmt":"2023-12-08T12:22:17","guid":{"rendered":"https:\/\/fuentesfidedignas.com.mx\/?p=68005"},"modified":"2023-12-07T17:22:36","modified_gmt":"2023-12-08T00:22:36","slug":"joven-renuncia-en-su-primer-dia-de-trabajo-denunciando-explotacion-laboral-video","status":"publish","type":"post","link":"https:\/\/fuentesfidedignas.com.mx\/index.php\/2023\/12\/08\/joven-renuncia-en-su-primer-dia-de-trabajo-denunciando-explotacion-laboral-video\/","title":{"rendered":"Joven renuncia en su primer d\u00eda de trabajo denunciando explotaci\u00f3n laboral (video)"},"content":{"rendered":"\n<p><strong><em>Una usuaria de TikTok comparti\u00f3 su experiencia de trabajo en un video que se ha vuelto viral en redes sociales y ha generado un debate sobre las condiciones laborales.<\/em><\/strong><\/p>\n\n\n\n<p>NUEVO LE\u00d3N.- A trav\u00e9s de las redes sociales, la usuaria de TikTok @moonldays, originaria de Nuevo Le\u00f3n, comparti\u00f3 su experiencia laboral, la cual ha generado revuelo en las diferentes plataformas digitales.<\/p>\n\n\n\n<p>En un video de casi 4 minutos, la joven relata su intento de encontrar un empleo con condiciones laborales adecuadas, pero la realidad que descubri\u00f3 la llev\u00f3 a renunciar en su primer d\u00eda.<\/p>\n\n\n\n<p>Inicialmente dedicada a la creaci\u00f3n de contenido de manera independiente, la influencer busc\u00f3 un ingreso fijo y decidi\u00f3 aplicar a una vacante en Nuevo Le\u00f3n. Tras enviar su curr\u00edculum y portafolio v\u00eda WhatsApp, le agendaron una cita presencial para el d\u00eda siguiente. Sin embargo, la entrevista le revel\u00f3 condiciones laborales insatisfactorias: un sueldo de 15 mil pesos mexicanos con un horario de 8:00 a 19:00 horas de lunes a s\u00e1bado, describe MedioTiempo.<\/p>\n\n\n\n<p><strong>Renunci\u00f3 en su primer d\u00eda de trabajo<\/strong><br>Molesta por la oferta, expres\u00f3 su descontento al descubrir que deb\u00eda realizar el trabajo equivalente al de un equipo de cinco personas para gestionar cinco cuentas, todo en solitario y con un horario extenuante.<\/p>\n\n\n\n<p>Ante la falta de flexibilidad y un aumento salarial insuficiente, decidi\u00f3 renunciar al final del d\u00eda laboral, argumentando que el salario no cubr\u00eda ni siquiera sus gastos de transporte en Uber.<\/p>\n\n\n\n<p>En su video, @moonldays destaca la &#8220;excesiva&#8221; carga de trabajo y las m\u00e1s de 50 horas a la semana que se le exig\u00edan, contradiciendo la norma de 40 horas semanales.<\/p>\n\n\n\n<p>Concluye su mensaje con una reflexi\u00f3n dirigida a los empresarios, sugiriendo que empresas felices generan colaboradores m\u00e1s efectivos y motivados.<\/p>\n\n\n\n<blockquote class=\"twitter-tweet\" data-media-max-width=\"560\"><p lang=\"es\" dir=\"ltr\">Renunci\u00f3 en su primer d\u00eda de trabajo. \u00bfExplotaci\u00f3n laboral?\u00bfQue opinan? \ud83e\udd14 <a href=\"https:\/\/t.co\/cJwWRiXnfC\">pic.twitter.com\/cJwWRiXnfC<\/a><\/p>&mdash; Pr\u00f3fugos del \u00c1cido F\u00f3lico (@EsdeProfugos) <a href=\"https:\/\/twitter.com\/EsdeProfugos\/status\/1732773245122756848?ref_src=twsrc%5Etfw\">December 7, 2023<\/a><\/blockquote> <script async src=\"https:\/\/platform.twitter.com\/widgets.js\" charset=\"utf-8\"><\/script>\n","protected":false},"excerpt":{"rendered":"<p>Una usuaria de TikTok comparti\u00f3 su experiencia de trabajo en un video que se ha vuelto viral en redes sociales y ha generado un debate sobre las condiciones laborales. NUEVO LE\u00d3N.- A trav\u00e9s de las redes sociales, la usuaria de TikTok @moonldays, originaria de Nuevo Le\u00f3n, comparti\u00f3 su experiencia laboral, la cual ha generado revuelo [&hellip;]<\/p>\n","protected":false},"author":40,"featured_media":68006,"comment_status":"open","ping_status":"open","sticky":false,"template":"","format":"standard","meta":{"tdm_status":"","tdm_grid_status":"","footnotes":""},"categories":[40],"tags":[],"class_list":{"0":"post-68005","1":"post","2":"type-post","3":"status-publish","4":"format-standard","5":"has-post-thumbnail","7":"category-las-asombrosas"},"yoast_head":"<!-- This site is optimized with the Yoast SEO plugin v27.5 - https:\/\/yoast.com\/product\/yoast-seo-wordpress\/ -->\n<title>Joven renuncia en su primer d\u00eda de trabajo denunciando explotaci\u00f3n laboral (video) - Fuentes Fidedignas<\/title>\n<meta name=\"robots\" content=\"index, follow, max-snippet:-1, max-image-preview:large, max-video-preview:-1\" \/>\n<link rel=\"canonical\" href=\"https:\/\/fuentesfidedignas.com.mx\/index.php\/2023\/12\/08\/joven-renuncia-en-su-primer-dia-de-trabajo-denunciando-explotacion-laboral-video\/\" \/>\n<meta property=\"og:locale\" content=\"es_MX\" \/>\n<meta property=\"og:type\" content=\"article\" \/>\n<meta property=\"og:title\" content=\"Joven renuncia en su primer d\u00eda de trabajo denunciando explotaci\u00f3n laboral (video) - Fuentes Fidedignas\" \/>\n<meta property=\"og:description\" content=\"Una usuaria de TikTok comparti\u00f3 su experiencia de trabajo en un video que se ha vuelto viral en redes sociales y ha generado un debate sobre las condiciones laborales. NUEVO LE\u00d3N.- A trav\u00e9s de las redes sociales, la usuaria de TikTok @moonldays, originaria de Nuevo Le\u00f3n, comparti\u00f3 su experiencia laboral, la cual ha generado revuelo [&hellip;]\" \/>\n<meta property=\"og:url\" content=\"https:\/\/fuentesfidedignas.com.mx\/index.php\/2023\/12\/08\/joven-renuncia-en-su-primer-dia-de-trabajo-denunciando-explotacion-laboral-video\/\" \/>\n<meta property=\"og:site_name\" content=\"Fuentes Fidedignas\" \/>\n<meta property=\"article:publisher\" content=\"https:\/\/www.facebook.com\/Fuentes-Fidedignas-368234489921644\" \/>\n<meta property=\"article:published_time\" content=\"2023-12-08T12:22:17+00:00\" \/>\n<meta property=\"og:image\" content=\"https:\/\/fuentesfidedignas.com.mx\/wp-content\/uploads\/2023\/12\/MUJER_EXPLOTA.jpg\" \/>\n\t<meta property=\"og:image:width\" content=\"900\" \/>\n\t<meta property=\"og:image:height\" content=\"503\" \/>\n\t<meta property=\"og:image:type\" content=\"image\/jpeg\" \/>\n<meta name=\"author\" content=\"El Imparcial\" \/>\n<meta name=\"twitter:card\" content=\"summary_large_image\" \/>\n<meta name=\"twitter:creator\" content=\"@fidedignas\" \/>\n<meta name=\"twitter:site\" content=\"@fidedignas\" \/>\n<meta name=\"twitter:label1\" content=\"Escrito por\" \/>\n\t<meta name=\"twitter:data1\" content=\"El Imparcial\" \/>\n\t<meta name=\"twitter:label2\" content=\"Tiempo de lectura\" \/>\n\t<meta name=\"twitter:data2\" content=\"2 minutos\" \/>\n<script type=\"application\/ld+json\" class=\"yoast-schema-graph\">{\"@context\":\"https:\\\/\\\/schema.org\",\"@graph\":[{\"@type\":\"Article\",\"@id\":\"https:\\\/\\\/fuentesfidedignas.com.mx\\\/index.php\\\/2023\\\/12\\\/08\\\/joven-renuncia-en-su-primer-dia-de-trabajo-denunciando-explotacion-laboral-video\\\/#article\",\"isPartOf\":{\"@id\":\"https:\\\/\\\/fuentesfidedignas.com.mx\\\/index.php\\\/2023\\\/12\\\/08\\\/joven-renuncia-en-su-primer-dia-de-trabajo-denunciando-explotacion-laboral-video\\\/\"},\"author\":{\"name\":\"El Imparcial\",\"@id\":\"https:\\\/\\\/fuentesfidedignas.com.mx\\\/#\\\/schema\\\/person\\\/ff4db17f8fd9c584e0cfc2a0c436b8a1\"},\"headline\":\"Joven renuncia en su primer d\u00eda de trabajo denunciando explotaci\u00f3n laboral (video)\",\"datePublished\":\"2023-12-08T12:22:17+00:00\",\"mainEntityOfPage\":{\"@id\":\"https:\\\/\\\/fuentesfidedignas.com.mx\\\/index.php\\\/2023\\\/12\\\/08\\\/joven-renuncia-en-su-primer-dia-de-trabajo-denunciando-explotacion-laboral-video\\\/\"},\"wordCount\":340,\"commentCount\":0,\"publisher\":{\"@id\":\"https:\\\/\\\/fuentesfidedignas.com.mx\\\/#organization\"},\"image\":{\"@id\":\"https:\\\/\\\/fuentesfidedignas.com.mx\\\/index.php\\\/2023\\\/12\\\/08\\\/joven-renuncia-en-su-primer-dia-de-trabajo-denunciando-explotacion-laboral-video\\\/#primaryimage\"},\"thumbnailUrl\":\"https:\\\/\\\/fuentesfidedignas.com.mx\\\/wp-content\\\/uploads\\\/2023\\\/12\\\/MUJER_EXPLOTA.jpg\",\"articleSection\":[\"LAS ASOMBROSAS\"],\"inLanguage\":\"es\",\"potentialAction\":[{\"@type\":\"CommentAction\",\"name\":\"Comment\",\"target\":[\"https:\\\/\\\/fuentesfidedignas.com.mx\\\/index.php\\\/2023\\\/12\\\/08\\\/joven-renuncia-en-su-primer-dia-de-trabajo-denunciando-explotacion-laboral-video\\\/#respond\"]}]},{\"@type\":\"WebPage\",\"@id\":\"https:\\\/\\\/fuentesfidedignas.com.mx\\\/index.php\\\/2023\\\/12\\\/08\\\/joven-renuncia-en-su-primer-dia-de-trabajo-denunciando-explotacion-laboral-video\\\/\",\"url\":\"https:\\\/\\\/fuentesfidedignas.com.mx\\\/index.php\\\/2023\\\/12\\\/08\\\/joven-renuncia-en-su-primer-dia-de-trabajo-denunciando-explotacion-laboral-video\\\/\",\"name\":\"Joven renuncia en su primer d\u00eda de trabajo denunciando explotaci\u00f3n laboral (video) - Fuentes Fidedignas\",\"isPartOf\":{\"@id\":\"https:\\\/\\\/fuentesfidedignas.com.mx\\\/#website\"},\"primaryImageOfPage\":{\"@id\":\"https:\\\/\\\/fuentesfidedignas.com.mx\\\/index.php\\\/2023\\\/12\\\/08\\\/joven-renuncia-en-su-primer-dia-de-trabajo-denunciando-explotacion-laboral-video\\\/#primaryimage\"},\"image\":{\"@id\":\"https:\\\/\\\/fuentesfidedignas.com.mx\\\/index.php\\\/2023\\\/12\\\/08\\\/joven-renuncia-en-su-primer-dia-de-trabajo-denunciando-explotacion-laboral-video\\\/#primaryimage\"},\"thumbnailUrl\":\"https:\\\/\\\/fuentesfidedignas.com.mx\\\/wp-content\\\/uploads\\\/2023\\\/12\\\/MUJER_EXPLOTA.jpg\",\"datePublished\":\"2023-12-08T12:22:17+00:00\",\"breadcrumb\":{\"@id\":\"https:\\\/\\\/fuentesfidedignas.com.mx\\\/index.php\\\/2023\\\/12\\\/08\\\/joven-renuncia-en-su-primer-dia-de-trabajo-denunciando-explotacion-laboral-video\\\/#breadcrumb\"},\"inLanguage\":\"es\",\"potentialAction\":[{\"@type\":\"ReadAction\",\"target\":[\"https:\\\/\\\/fuentesfidedignas.com.mx\\\/index.php\\\/2023\\\/12\\\/08\\\/joven-renuncia-en-su-primer-dia-de-trabajo-denunciando-explotacion-laboral-video\\\/\"]}]},{\"@type\":\"ImageObject\",\"inLanguage\":\"es\",\"@id\":\"https:\\\/\\\/fuentesfidedignas.com.mx\\\/index.php\\\/2023\\\/12\\\/08\\\/joven-renuncia-en-su-primer-dia-de-trabajo-denunciando-explotacion-laboral-video\\\/#primaryimage\",\"url\":\"https:\\\/\\\/fuentesfidedignas.com.mx\\\/wp-content\\\/uploads\\\/2023\\\/12\\\/MUJER_EXPLOTA.jpg\",\"contentUrl\":\"https:\\\/\\\/fuentesfidedignas.com.mx\\\/wp-content\\\/uploads\\\/2023\\\/12\\\/MUJER_EXPLOTA.jpg\",\"width\":900,\"height\":503},{\"@type\":\"BreadcrumbList\",\"@id\":\"https:\\\/\\\/fuentesfidedignas.com.mx\\\/index.php\\\/2023\\\/12\\\/08\\\/joven-renuncia-en-su-primer-dia-de-trabajo-denunciando-explotacion-laboral-video\\\/#breadcrumb\",\"itemListElement\":[{\"@type\":\"ListItem\",\"position\":1,\"name\":\"Inicio\",\"item\":\"https:\\\/\\\/fuentesfidedignas.com.mx\\\/\"},{\"@type\":\"ListItem\",\"position\":2,\"name\":\"Joven renuncia en su primer d\u00eda de trabajo denunciando explotaci\u00f3n laboral (video)\"}]},{\"@type\":\"WebSite\",\"@id\":\"https:\\\/\\\/fuentesfidedignas.com.mx\\\/#website\",\"url\":\"https:\\\/\\\/fuentesfidedignas.com.mx\\\/\",\"name\":\"Fuentes Fidedignas\",\"description\":\"Otro sitio realizado con WordPress\",\"publisher\":{\"@id\":\"https:\\\/\\\/fuentesfidedignas.com.mx\\\/#organization\"},\"potentialAction\":[{\"@type\":\"SearchAction\",\"target\":{\"@type\":\"EntryPoint\",\"urlTemplate\":\"https:\\\/\\\/fuentesfidedignas.com.mx\\\/?s={search_term_string}\"},\"query-input\":{\"@type\":\"PropertyValueSpecification\",\"valueRequired\":true,\"valueName\":\"search_term_string\"}}],\"inLanguage\":\"es\"},{\"@type\":\"Organization\",\"@id\":\"https:\\\/\\\/fuentesfidedignas.com.mx\\\/#organization\",\"name\":\"Fuentes Fidedignas\",\"url\":\"https:\\\/\\\/fuentesfidedignas.com.mx\\\/\",\"logo\":{\"@type\":\"ImageObject\",\"inLanguage\":\"es\",\"@id\":\"https:\\\/\\\/fuentesfidedignas.com.mx\\\/#\\\/schema\\\/logo\\\/image\\\/\",\"url\":\"https:\\\/\\\/fuentesfidedignas.com.mx\\\/wp-content\\\/uploads\\\/2021\\\/04\\\/logo-retina.png\",\"contentUrl\":\"https:\\\/\\\/fuentesfidedignas.com.mx\\\/wp-content\\\/uploads\\\/2021\\\/04\\\/logo-retina.png\",\"width\":280,\"height\":51,\"caption\":\"Fuentes Fidedignas\"},\"image\":{\"@id\":\"https:\\\/\\\/fuentesfidedignas.com.mx\\\/#\\\/schema\\\/logo\\\/image\\\/\"},\"sameAs\":[\"https:\\\/\\\/www.facebook.com\\\/Fuentes-Fidedignas-368234489921644\",\"https:\\\/\\\/x.com\\\/fidedignas\"]},{\"@type\":\"Person\",\"@id\":\"https:\\\/\\\/fuentesfidedignas.com.mx\\\/#\\\/schema\\\/person\\\/ff4db17f8fd9c584e0cfc2a0c436b8a1\",\"name\":\"El Imparcial\",\"image\":{\"@type\":\"ImageObject\",\"inLanguage\":\"es\",\"@id\":\"https:\\\/\\\/secure.gravatar.com\\\/avatar\\\/accd6807585a75316c237ee783498317be6f66ab34c47c940966f26a3f613161?s=96&d=mm&r=g\",\"url\":\"https:\\\/\\\/secure.gravatar.com\\\/avatar\\\/accd6807585a75316c237ee783498317be6f66ab34c47c940966f26a3f613161?s=96&d=mm&r=g\",\"contentUrl\":\"https:\\\/\\\/secure.gravatar.com\\\/avatar\\\/accd6807585a75316c237ee783498317be6f66ab34c47c940966f26a3f613161?s=96&d=mm&r=g\",\"caption\":\"El Imparcial\"},\"url\":\"https:\\\/\\\/fuentesfidedignas.com.mx\\\/index.php\\\/author\\\/imparcial\\\/\"}]}<\/script>\n<!-- \/ Yoast SEO plugin. -->","yoast_head_json":{"title":"Joven renuncia en su primer d\u00eda de trabajo denunciando explotaci\u00f3n laboral (video) - Fuentes Fidedignas","robots":{"index":"index","follow":"follow","max-snippet":"max-snippet:-1","max-image-preview":"max-image-preview:large","max-video-preview":"max-video-preview:-1"},"canonical":"https:\/\/fuentesfidedignas.com.mx\/index.php\/2023\/12\/08\/joven-renuncia-en-su-primer-dia-de-trabajo-denunciando-explotacion-laboral-video\/","og_locale":"es_MX","og_type":"article","og_title":"Joven renuncia en su primer d\u00eda de trabajo denunciando explotaci\u00f3n laboral (video) - Fuentes Fidedignas","og_description":"Una usuaria de TikTok comparti\u00f3 su experiencia de trabajo en un video que se ha vuelto viral en redes sociales y ha generado un debate sobre las condiciones laborales. NUEVO LE\u00d3N.- A trav\u00e9s de las redes sociales, la usuaria de TikTok @moonldays, originaria de Nuevo Le\u00f3n, comparti\u00f3 su experiencia laboral, la cual ha generado revuelo [&hellip;]","og_url":"https:\/\/fuentesfidedignas.com.mx\/index.php\/2023\/12\/08\/joven-renuncia-en-su-primer-dia-de-trabajo-denunciando-explotacion-laboral-video\/","og_site_name":"Fuentes Fidedignas","article_publisher":"https:\/\/www.facebook.com\/Fuentes-Fidedignas-368234489921644","article_published_time":"2023-12-08T12:22:17+00:00","og_image":[{"width":900,"height":503,"url":"https:\/\/fuentesfidedignas.com.mx\/wp-content\/uploads\/2023\/12\/MUJER_EXPLOTA.jpg","type":"image\/jpeg"}],"author":"El Imparcial","twitter_card":"summary_large_image","twitter_creator":"@fidedignas","twitter_site":"@fidedignas","twitter_misc":{"Escrito por":"El Imparcial","Tiempo de lectura":"2 minutos"},"schema":{"@context":"https:\/\/schema.org","@graph":[{"@type":"Article","@id":"https:\/\/fuentesfidedignas.com.mx\/index.php\/2023\/12\/08\/joven-renuncia-en-su-primer-dia-de-trabajo-denunciando-explotacion-laboral-video\/#article","isPartOf":{"@id":"https:\/\/fuentesfidedignas.com.mx\/index.php\/2023\/12\/08\/joven-renuncia-en-su-primer-dia-de-trabajo-denunciando-explotacion-laboral-video\/"},"author":{"name":"El Imparcial","@id":"https:\/\/fuentesfidedignas.com.mx\/#\/schema\/person\/ff4db17f8fd9c584e0cfc2a0c436b8a1"},"headline":"Joven renuncia en su primer d\u00eda de trabajo denunciando explotaci\u00f3n laboral (video)","datePublished":"2023-12-08T12:22:17+00:00","mainEntityOfPage":{"@id":"https:\/\/fuentesfidedignas.com.mx\/index.php\/2023\/12\/08\/joven-renuncia-en-su-primer-dia-de-trabajo-denunciando-explotacion-laboral-video\/"},"wordCount":340,"commentCount":0,"publisher":{"@id":"https:\/\/fuentesfidedignas.com.mx\/#organization"},"image":{"@id":"https:\/\/fuentesfidedignas.com.mx\/index.php\/2023\/12\/08\/joven-renuncia-en-su-primer-dia-de-trabajo-denunciando-explotacion-laboral-video\/#primaryimage"},"thumbnailUrl":"https:\/\/fuentesfidedignas.com.mx\/wp-content\/uploads\/2023\/12\/MUJER_EXPLOTA.jpg","articleSection":["LAS ASOMBROSAS"],"inLanguage":"es","potentialAction":[{"@type":"CommentAction","name":"Comment","target":["https:\/\/fuentesfidedignas.com.mx\/index.php\/2023\/12\/08\/joven-renuncia-en-su-primer-dia-de-trabajo-denunciando-explotacion-laboral-video\/#respond"]}]},{"@type":"WebPage","@id":"https:\/\/fuentesfidedignas.com.mx\/index.php\/2023\/12\/08\/joven-renuncia-en-su-primer-dia-de-trabajo-denunciando-explotacion-laboral-video\/","url":"https:\/\/fuentesfidedignas.com.mx\/index.php\/2023\/12\/08\/joven-renuncia-en-su-primer-dia-de-trabajo-denunciando-explotacion-laboral-video\/","name":"Joven renuncia en su primer d\u00eda de trabajo denunciando explotaci\u00f3n laboral (video) - Fuentes Fidedignas","isPartOf":{"@id":"https:\/\/fuentesfidedignas.com.mx\/#website"},"primaryImageOfPage":{"@id":"https:\/\/fuentesfidedignas.com.mx\/index.php\/2023\/12\/08\/joven-renuncia-en-su-primer-dia-de-trabajo-denunciando-explotacion-laboral-video\/#primaryimage"},"image":{"@id":"https:\/\/fuentesfidedignas.com.mx\/index.php\/2023\/12\/08\/joven-renuncia-en-su-primer-dia-de-trabajo-denunciando-explotacion-laboral-video\/#primaryimage"},"thumbnailUrl":"https:\/\/fuentesfidedignas.com.mx\/wp-content\/uploads\/2023\/12\/MUJER_EXPLOTA.jpg","datePublished":"2023-12-08T12:22:17+00:00","breadcrumb":{"@id":"https:\/\/fuentesfidedignas.com.mx\/index.php\/2023\/12\/08\/joven-renuncia-en-su-primer-dia-de-trabajo-denunciando-explotacion-laboral-video\/#breadcrumb"},"inLanguage":"es","potentialAction":[{"@type":"ReadAction","target":["https:\/\/fuentesfidedignas.com.mx\/index.php\/2023\/12\/08\/joven-renuncia-en-su-primer-dia-de-trabajo-denunciando-explotacion-laboral-video\/"]}]},{"@type":"ImageObject","inLanguage":"es","@id":"https:\/\/fuentesfidedignas.com.mx\/index.php\/2023\/12\/08\/joven-renuncia-en-su-primer-dia-de-trabajo-denunciando-explotacion-laboral-video\/#primaryimage","url":"https:\/\/fuentesfidedignas.com.mx\/wp-content\/uploads\/2023\/12\/MUJER_EXPLOTA.jpg","contentUrl":"https:\/\/fuentesfidedignas.com.mx\/wp-content\/uploads\/2023\/12\/MUJER_EXPLOTA.jpg","width":900,"height":503},{"@type":"BreadcrumbList","@id":"https:\/\/fuentesfidedignas.com.mx\/index.php\/2023\/12\/08\/joven-renuncia-en-su-primer-dia-de-trabajo-denunciando-explotacion-laboral-video\/#breadcrumb","itemListElement":[{"@type":"ListItem","position":1,"name":"Inicio","item":"https:\/\/fuentesfidedignas.com.mx\/"},{"@type":"ListItem","position":2,"name":"Joven renuncia en su primer d\u00eda de trabajo denunciando explotaci\u00f3n laboral (video)"}]},{"@type":"WebSite","@id":"https:\/\/fuentesfidedignas.com.mx\/#website","url":"https:\/\/fuentesfidedignas.com.mx\/","name":"Fuentes Fidedignas","description":"Otro sitio realizado con WordPress","publisher":{"@id":"https:\/\/fuentesfidedignas.com.mx\/#organization"},"potentialAction":[{"@type":"SearchAction","target":{"@type":"EntryPoint","urlTemplate":"https:\/\/fuentesfidedignas.com.mx\/?s={search_term_string}"},"query-input":{"@type":"PropertyValueSpecification","valueRequired":true,"valueName":"search_term_string"}}],"inLanguage":"es"},{"@type":"Organization","@id":"https:\/\/fuentesfidedignas.com.mx\/#organization","name":"Fuentes Fidedignas","url":"https:\/\/fuentesfidedignas.com.mx\/","logo":{"@type":"ImageObject","inLanguage":"es","@id":"https:\/\/fuentesfidedignas.com.mx\/#\/schema\/logo\/image\/","url":"https:\/\/fuentesfidedignas.com.mx\/wp-content\/uploads\/2021\/04\/logo-retina.png","contentUrl":"https:\/\/fuentesfidedignas.com.mx\/wp-content\/uploads\/2021\/04\/logo-retina.png","width":280,"height":51,"caption":"Fuentes Fidedignas"},"image":{"@id":"https:\/\/fuentesfidedignas.com.mx\/#\/schema\/logo\/image\/"},"sameAs":["https:\/\/www.facebook.com\/Fuentes-Fidedignas-368234489921644","https:\/\/x.com\/fidedignas"]},{"@type":"Person","@id":"https:\/\/fuentesfidedignas.com.mx\/#\/schema\/person\/ff4db17f8fd9c584e0cfc2a0c436b8a1","name":"El Imparcial","image":{"@type":"ImageObject","inLanguage":"es","@id":"https:\/\/secure.gravatar.com\/avatar\/accd6807585a75316c237ee783498317be6f66ab34c47c940966f26a3f613161?s=96&d=mm&r=g","url":"https:\/\/secure.gravatar.com\/avatar\/accd6807585a75316c237ee783498317be6f66ab34c47c940966f26a3f613161?s=96&d=mm&r=g","contentUrl":"https:\/\/secure.gravatar.com\/avatar\/accd6807585a75316c237ee783498317be6f66ab34c47c940966f26a3f613161?s=96&d=mm&r=g","caption":"El Imparcial"},"url":"https:\/\/fuentesfidedignas.com.mx\/index.php\/author\/imparcial\/"}]}},"_links":{"self":[{"href":"https:\/\/fuentesfidedignas.com.mx\/index.php\/wp-json\/wp\/v2\/posts\/68005","targetHints":{"allow":["GET"]}}],"collection":[{"href":"https:\/\/fuentesfidedignas.com.mx\/index.php\/wp-json\/wp\/v2\/posts"}],"about":[{"href":"https:\/\/fuentesfidedignas.com.mx\/index.php\/wp-json\/wp\/v2\/types\/post"}],"author":[{"embeddable":true,"href":"https:\/\/fuentesfidedignas.com.mx\/index.php\/wp-json\/wp\/v2\/users\/40"}],"replies":[{"embeddable":true,"href":"https:\/\/fuentesfidedignas.com.mx\/index.php\/wp-json\/wp\/v2\/comments?post=68005"}],"version-history":[{"count":1,"href":"https:\/\/fuentesfidedignas.com.mx\/index.php\/wp-json\/wp\/v2\/posts\/68005\/revisions"}],"predecessor-version":[{"id":68007,"href":"https:\/\/fuentesfidedignas.com.mx\/index.php\/wp-json\/wp\/v2\/posts\/68005\/revisions\/68007"}],"wp:featuredmedia":[{"embeddable":true,"href":"https:\/\/fuentesfidedignas.com.mx\/index.php\/wp-json\/wp\/v2\/media\/68006"}],"wp:attachment":[{"href":"https:\/\/fuentesfidedignas.com.mx\/index.php\/wp-json\/wp\/v2\/media?parent=68005"}],"wp:term":[{"taxonomy":"category","embeddable":true,"href":"https:\/\/fuentesfidedignas.com.mx\/index.php\/wp-json\/wp\/v2\/categories?post=68005"},{"taxonomy":"post_tag","embeddable":true,"href":"https:\/\/fuentesfidedignas.com.mx\/index.php\/wp-json\/wp\/v2\/tags?post=68005"}],"curies":[{"name":"wp","href":"https:\/\/api.w.org\/{rel}","templated":true}]}}