{"id":67882,"date":"2023-12-06T16:59:06","date_gmt":"2023-12-06T23:59:06","guid":{"rendered":"https:\/\/fuentesfidedignas.com.mx\/?p=67882"},"modified":"2023-12-06T16:59:06","modified_gmt":"2023-12-06T23:59:06","slug":"convocan-a-primera-sesion-del-consejo-politico-estatal-del-pri-en-sinaloa","status":"publish","type":"post","link":"https:\/\/fuentesfidedignas.com.mx\/index.php\/2023\/12\/06\/convocan-a-primera-sesion-del-consejo-politico-estatal-del-pri-en-sinaloa\/","title":{"rendered":"Convocan a primera sesi\u00f3n del Consejo Pol\u00edtico Estatal del PRI en Sinaloa"},"content":{"rendered":"\n<p><strong><em>El Partido Revolucionario Institucional comienza as\u00ed los trabajos preparatorios con motivo de su participaci\u00f3n en el marco de los Procesos Electorales Federal y Local 2023-2024<\/em><\/strong><\/p>\n\n\n\n<p>Culiac\u00e1n, Sin.- La presidenta del Comit\u00e9 Directivo Estatal del PRI en Sinaloa, Paola Iveth G\u00e1rate Valenzuela, en compa\u00f1\u00eda del delegado del Comit\u00e9 Ejecutivo Nacional del Partido en el Estado, \u00c1lvaro Ruelas Ech\u00e1ve, public\u00f3 que la convocatoria para la primera Sesi\u00f3n Ordinaria del Consejo Pol\u00edtico Estatal.<\/p>\n\n\n\n<p>Dicha sesi\u00f3n habr\u00e1 de celebrarse el s\u00e1bado 09 de diciembre a las 11:00 horas, en el Auditorio \u201cBenito Ju\u00e1rez\u201d del Comit\u00e9 Directivo Estatal, en el que habr\u00e1n de tomar protesta las y los militantes que integrar\u00e1n el m\u00e1ximo \u00f3rgano deliberativo en la entidad, para el periodo estatutario 2023-2026.<\/p>\n\n\n\n<p>Asimismo, la Comisi\u00f3n Pol\u00edtica Permanente rendir\u00e1 un informe de sus actividades realizadas durante el presente ejercicio anual.<\/p>\n\n\n\n<p>Al t\u00e9rmino de esta sesi\u00f3n, se continuar\u00e1 con el desahogo de una segunda sesi\u00f3n con car\u00e1cter Extraordinario en la que habr\u00e1n de ser propuestos y electos las consejeras y consejeros que habr\u00e1n de integrar las Comisiones del Consejo Pol\u00edtico Estatal.<\/p>\n\n\n\n<p>El Partido Revolucionario Institucional comienza as\u00ed los trabajos preparatorios con motivo de su participaci\u00f3n en el marco de los Procesos Electorales Federal y Local 2023-2024, de celebraci\u00f3n concurrente.<\/p>\n","protected":false},"excerpt":{"rendered":"<p>El Partido Revolucionario Institucional comienza as\u00ed los trabajos preparatorios con motivo de su participaci\u00f3n en el marco de los Procesos Electorales Federal y Local 2023-2024 Culiac\u00e1n, Sin.- La presidenta del Comit\u00e9 Directivo Estatal del PRI en Sinaloa, Paola Iveth G\u00e1rate Valenzuela, en compa\u00f1\u00eda del delegado del Comit\u00e9 Ejecutivo Nacional del Partido en el Estado, \u00c1lvaro [&hellip;]<\/p>\n","protected":false},"author":4,"featured_media":67883,"comment_status":"open","ping_status":"open","sticky":false,"template":"","format":"standard","meta":{"tdm_status":"","tdm_grid_status":"","footnotes":""},"categories":[1],"tags":[],"class_list":{"0":"post-67882","1":"post","2":"type-post","3":"status-publish","4":"format-standard","5":"has-post-thumbnail","7":"category-sin-categoria"},"yoast_head":"<!-- This site is optimized with the Yoast SEO plugin v27.5 - https:\/\/yoast.com\/product\/yoast-seo-wordpress\/ -->\n<title>Convocan a primera sesi\u00f3n del Consejo Pol\u00edtico Estatal del PRI en Sinaloa - Fuentes Fidedignas<\/title>\n<meta name=\"robots\" content=\"index, follow, max-snippet:-1, max-image-preview:large, max-video-preview:-1\" \/>\n<link rel=\"canonical\" href=\"https:\/\/fuentesfidedignas.com.mx\/index.php\/2023\/12\/06\/convocan-a-primera-sesion-del-consejo-politico-estatal-del-pri-en-sinaloa\/\" \/>\n<meta property=\"og:locale\" content=\"es_MX\" \/>\n<meta property=\"og:type\" content=\"article\" \/>\n<meta property=\"og:title\" content=\"Convocan a primera sesi\u00f3n del Consejo Pol\u00edtico Estatal del PRI en Sinaloa - Fuentes Fidedignas\" \/>\n<meta property=\"og:description\" content=\"El Partido Revolucionario Institucional comienza as\u00ed los trabajos preparatorios con motivo de su participaci\u00f3n en el marco de los Procesos Electorales Federal y Local 2023-2024 Culiac\u00e1n, Sin.- La presidenta del Comit\u00e9 Directivo Estatal del PRI en Sinaloa, Paola Iveth G\u00e1rate Valenzuela, en compa\u00f1\u00eda del delegado del Comit\u00e9 Ejecutivo Nacional del Partido en el Estado, \u00c1lvaro [&hellip;]\" \/>\n<meta property=\"og:url\" content=\"https:\/\/fuentesfidedignas.com.mx\/index.php\/2023\/12\/06\/convocan-a-primera-sesion-del-consejo-politico-estatal-del-pri-en-sinaloa\/\" \/>\n<meta property=\"og:site_name\" content=\"Fuentes Fidedignas\" \/>\n<meta property=\"article:publisher\" content=\"https:\/\/www.facebook.com\/Fuentes-Fidedignas-368234489921644\" \/>\n<meta property=\"article:published_time\" content=\"2023-12-06T23:59:06+00:00\" \/>\n<meta property=\"og:image\" content=\"https:\/\/fuentesfidedignas.com.mx\/wp-content\/uploads\/2023\/12\/CONVOVATORIA_PRI.jpg\" \/>\n\t<meta property=\"og:image:width\" content=\"1024\" \/>\n\t<meta property=\"og:image:height\" content=\"682\" \/>\n\t<meta property=\"og:image:type\" content=\"image\/jpeg\" \/>\n<meta name=\"author\" content=\"Redacci\u00f3n\" \/>\n<meta name=\"twitter:card\" content=\"summary_large_image\" \/>\n<meta name=\"twitter:creator\" content=\"@fidedignas\" \/>\n<meta name=\"twitter:site\" content=\"@fidedignas\" \/>\n<meta name=\"twitter:label1\" content=\"Escrito por\" \/>\n\t<meta name=\"twitter:data1\" content=\"Redacci\u00f3n\" \/>\n\t<meta name=\"twitter:label2\" content=\"Tiempo de lectura\" \/>\n\t<meta name=\"twitter:data2\" content=\"1 minuto\" \/>\n<script type=\"application\/ld+json\" class=\"yoast-schema-graph\">{\"@context\":\"https:\\\/\\\/schema.org\",\"@graph\":[{\"@type\":\"Article\",\"@id\":\"https:\\\/\\\/fuentesfidedignas.com.mx\\\/index.php\\\/2023\\\/12\\\/06\\\/convocan-a-primera-sesion-del-consejo-politico-estatal-del-pri-en-sinaloa\\\/#article\",\"isPartOf\":{\"@id\":\"https:\\\/\\\/fuentesfidedignas.com.mx\\\/index.php\\\/2023\\\/12\\\/06\\\/convocan-a-primera-sesion-del-consejo-politico-estatal-del-pri-en-sinaloa\\\/\"},\"author\":{\"name\":\"Redacci\u00f3n\",\"@id\":\"https:\\\/\\\/fuentesfidedignas.com.mx\\\/#\\\/schema\\\/person\\\/331be9283d37198e2acd5750279085b0\"},\"headline\":\"Convocan a primera sesi\u00f3n del Consejo Pol\u00edtico Estatal del PRI en Sinaloa\",\"datePublished\":\"2023-12-06T23:59:06+00:00\",\"mainEntityOfPage\":{\"@id\":\"https:\\\/\\\/fuentesfidedignas.com.mx\\\/index.php\\\/2023\\\/12\\\/06\\\/convocan-a-primera-sesion-del-consejo-politico-estatal-del-pri-en-sinaloa\\\/\"},\"wordCount\":240,\"commentCount\":0,\"publisher\":{\"@id\":\"https:\\\/\\\/fuentesfidedignas.com.mx\\\/#organization\"},\"image\":{\"@id\":\"https:\\\/\\\/fuentesfidedignas.com.mx\\\/index.php\\\/2023\\\/12\\\/06\\\/convocan-a-primera-sesion-del-consejo-politico-estatal-del-pri-en-sinaloa\\\/#primaryimage\"},\"thumbnailUrl\":\"https:\\\/\\\/fuentesfidedignas.com.mx\\\/wp-content\\\/uploads\\\/2023\\\/12\\\/CONVOVATORIA_PRI.jpg\",\"inLanguage\":\"es\",\"potentialAction\":[{\"@type\":\"CommentAction\",\"name\":\"Comment\",\"target\":[\"https:\\\/\\\/fuentesfidedignas.com.mx\\\/index.php\\\/2023\\\/12\\\/06\\\/convocan-a-primera-sesion-del-consejo-politico-estatal-del-pri-en-sinaloa\\\/#respond\"]}]},{\"@type\":\"WebPage\",\"@id\":\"https:\\\/\\\/fuentesfidedignas.com.mx\\\/index.php\\\/2023\\\/12\\\/06\\\/convocan-a-primera-sesion-del-consejo-politico-estatal-del-pri-en-sinaloa\\\/\",\"url\":\"https:\\\/\\\/fuentesfidedignas.com.mx\\\/index.php\\\/2023\\\/12\\\/06\\\/convocan-a-primera-sesion-del-consejo-politico-estatal-del-pri-en-sinaloa\\\/\",\"name\":\"Convocan a primera sesi\u00f3n del Consejo Pol\u00edtico Estatal del PRI en Sinaloa - Fuentes Fidedignas\",\"isPartOf\":{\"@id\":\"https:\\\/\\\/fuentesfidedignas.com.mx\\\/#website\"},\"primaryImageOfPage\":{\"@id\":\"https:\\\/\\\/fuentesfidedignas.com.mx\\\/index.php\\\/2023\\\/12\\\/06\\\/convocan-a-primera-sesion-del-consejo-politico-estatal-del-pri-en-sinaloa\\\/#primaryimage\"},\"image\":{\"@id\":\"https:\\\/\\\/fuentesfidedignas.com.mx\\\/index.php\\\/2023\\\/12\\\/06\\\/convocan-a-primera-sesion-del-consejo-politico-estatal-del-pri-en-sinaloa\\\/#primaryimage\"},\"thumbnailUrl\":\"https:\\\/\\\/fuentesfidedignas.com.mx\\\/wp-content\\\/uploads\\\/2023\\\/12\\\/CONVOVATORIA_PRI.jpg\",\"datePublished\":\"2023-12-06T23:59:06+00:00\",\"breadcrumb\":{\"@id\":\"https:\\\/\\\/fuentesfidedignas.com.mx\\\/index.php\\\/2023\\\/12\\\/06\\\/convocan-a-primera-sesion-del-consejo-politico-estatal-del-pri-en-sinaloa\\\/#breadcrumb\"},\"inLanguage\":\"es\",\"potentialAction\":[{\"@type\":\"ReadAction\",\"target\":[\"https:\\\/\\\/fuentesfidedignas.com.mx\\\/index.php\\\/2023\\\/12\\\/06\\\/convocan-a-primera-sesion-del-consejo-politico-estatal-del-pri-en-sinaloa\\\/\"]}]},{\"@type\":\"ImageObject\",\"inLanguage\":\"es\",\"@id\":\"https:\\\/\\\/fuentesfidedignas.com.mx\\\/index.php\\\/2023\\\/12\\\/06\\\/convocan-a-primera-sesion-del-consejo-politico-estatal-del-pri-en-sinaloa\\\/#primaryimage\",\"url\":\"https:\\\/\\\/fuentesfidedignas.com.mx\\\/wp-content\\\/uploads\\\/2023\\\/12\\\/CONVOVATORIA_PRI.jpg\",\"contentUrl\":\"https:\\\/\\\/fuentesfidedignas.com.mx\\\/wp-content\\\/uploads\\\/2023\\\/12\\\/CONVOVATORIA_PRI.jpg\",\"width\":1024,\"height\":682},{\"@type\":\"BreadcrumbList\",\"@id\":\"https:\\\/\\\/fuentesfidedignas.com.mx\\\/index.php\\\/2023\\\/12\\\/06\\\/convocan-a-primera-sesion-del-consejo-politico-estatal-del-pri-en-sinaloa\\\/#breadcrumb\",\"itemListElement\":[{\"@type\":\"ListItem\",\"position\":1,\"name\":\"Inicio\",\"item\":\"https:\\\/\\\/fuentesfidedignas.com.mx\\\/\"},{\"@type\":\"ListItem\",\"position\":2,\"name\":\"Convocan a primera sesi\u00f3n del Consejo Pol\u00edtico Estatal del PRI en Sinaloa\"}]},{\"@type\":\"WebSite\",\"@id\":\"https:\\\/\\\/fuentesfidedignas.com.mx\\\/#website\",\"url\":\"https:\\\/\\\/fuentesfidedignas.com.mx\\\/\",\"name\":\"Fuentes Fidedignas\",\"description\":\"Otro sitio realizado con WordPress\",\"publisher\":{\"@id\":\"https:\\\/\\\/fuentesfidedignas.com.mx\\\/#organization\"},\"potentialAction\":[{\"@type\":\"SearchAction\",\"target\":{\"@type\":\"EntryPoint\",\"urlTemplate\":\"https:\\\/\\\/fuentesfidedignas.com.mx\\\/?s={search_term_string}\"},\"query-input\":{\"@type\":\"PropertyValueSpecification\",\"valueRequired\":true,\"valueName\":\"search_term_string\"}}],\"inLanguage\":\"es\"},{\"@type\":\"Organization\",\"@id\":\"https:\\\/\\\/fuentesfidedignas.com.mx\\\/#organization\",\"name\":\"Fuentes Fidedignas\",\"url\":\"https:\\\/\\\/fuentesfidedignas.com.mx\\\/\",\"logo\":{\"@type\":\"ImageObject\",\"inLanguage\":\"es\",\"@id\":\"https:\\\/\\\/fuentesfidedignas.com.mx\\\/#\\\/schema\\\/logo\\\/image\\\/\",\"url\":\"https:\\\/\\\/fuentesfidedignas.com.mx\\\/wp-content\\\/uploads\\\/2021\\\/04\\\/logo-retina.png\",\"contentUrl\":\"https:\\\/\\\/fuentesfidedignas.com.mx\\\/wp-content\\\/uploads\\\/2021\\\/04\\\/logo-retina.png\",\"width\":280,\"height\":51,\"caption\":\"Fuentes Fidedignas\"},\"image\":{\"@id\":\"https:\\\/\\\/fuentesfidedignas.com.mx\\\/#\\\/schema\\\/logo\\\/image\\\/\"},\"sameAs\":[\"https:\\\/\\\/www.facebook.com\\\/Fuentes-Fidedignas-368234489921644\",\"https:\\\/\\\/x.com\\\/fidedignas\"]},{\"@type\":\"Person\",\"@id\":\"https:\\\/\\\/fuentesfidedignas.com.mx\\\/#\\\/schema\\\/person\\\/331be9283d37198e2acd5750279085b0\",\"name\":\"Redacci\u00f3n\",\"image\":{\"@type\":\"ImageObject\",\"inLanguage\":\"es\",\"@id\":\"https:\\\/\\\/secure.gravatar.com\\\/avatar\\\/f6d8782c11d12b2d4ad3fbb6931aeab5309937a4d6cd2fc9cfaa28a6396a5aec?s=96&d=mm&r=g\",\"url\":\"https:\\\/\\\/secure.gravatar.com\\\/avatar\\\/f6d8782c11d12b2d4ad3fbb6931aeab5309937a4d6cd2fc9cfaa28a6396a5aec?s=96&d=mm&r=g\",\"contentUrl\":\"https:\\\/\\\/secure.gravatar.com\\\/avatar\\\/f6d8782c11d12b2d4ad3fbb6931aeab5309937a4d6cd2fc9cfaa28a6396a5aec?s=96&d=mm&r=g\",\"caption\":\"Redacci\u00f3n\"},\"url\":\"https:\\\/\\\/fuentesfidedignas.com.mx\\\/index.php\\\/author\\\/redaccion\\\/\"}]}<\/script>\n<!-- \/ Yoast SEO plugin. -->","yoast_head_json":{"title":"Convocan a primera sesi\u00f3n del Consejo Pol\u00edtico Estatal del PRI en Sinaloa - Fuentes Fidedignas","robots":{"index":"index","follow":"follow","max-snippet":"max-snippet:-1","max-image-preview":"max-image-preview:large","max-video-preview":"max-video-preview:-1"},"canonical":"https:\/\/fuentesfidedignas.com.mx\/index.php\/2023\/12\/06\/convocan-a-primera-sesion-del-consejo-politico-estatal-del-pri-en-sinaloa\/","og_locale":"es_MX","og_type":"article","og_title":"Convocan a primera sesi\u00f3n del Consejo Pol\u00edtico Estatal del PRI en Sinaloa - Fuentes Fidedignas","og_description":"El Partido Revolucionario Institucional comienza as\u00ed los trabajos preparatorios con motivo de su participaci\u00f3n en el marco de los Procesos Electorales Federal y Local 2023-2024 Culiac\u00e1n, Sin.- La presidenta del Comit\u00e9 Directivo Estatal del PRI en Sinaloa, Paola Iveth G\u00e1rate Valenzuela, en compa\u00f1\u00eda del delegado del Comit\u00e9 Ejecutivo Nacional del Partido en el Estado, \u00c1lvaro [&hellip;]","og_url":"https:\/\/fuentesfidedignas.com.mx\/index.php\/2023\/12\/06\/convocan-a-primera-sesion-del-consejo-politico-estatal-del-pri-en-sinaloa\/","og_site_name":"Fuentes Fidedignas","article_publisher":"https:\/\/www.facebook.com\/Fuentes-Fidedignas-368234489921644","article_published_time":"2023-12-06T23:59:06+00:00","og_image":[{"width":1024,"height":682,"url":"https:\/\/fuentesfidedignas.com.mx\/wp-content\/uploads\/2023\/12\/CONVOVATORIA_PRI.jpg","type":"image\/jpeg"}],"author":"Redacci\u00f3n","twitter_card":"summary_large_image","twitter_creator":"@fidedignas","twitter_site":"@fidedignas","twitter_misc":{"Escrito por":"Redacci\u00f3n","Tiempo de lectura":"1 minuto"},"schema":{"@context":"https:\/\/schema.org","@graph":[{"@type":"Article","@id":"https:\/\/fuentesfidedignas.com.mx\/index.php\/2023\/12\/06\/convocan-a-primera-sesion-del-consejo-politico-estatal-del-pri-en-sinaloa\/#article","isPartOf":{"@id":"https:\/\/fuentesfidedignas.com.mx\/index.php\/2023\/12\/06\/convocan-a-primera-sesion-del-consejo-politico-estatal-del-pri-en-sinaloa\/"},"author":{"name":"Redacci\u00f3n","@id":"https:\/\/fuentesfidedignas.com.mx\/#\/schema\/person\/331be9283d37198e2acd5750279085b0"},"headline":"Convocan a primera sesi\u00f3n del Consejo Pol\u00edtico Estatal del PRI en Sinaloa","datePublished":"2023-12-06T23:59:06+00:00","mainEntityOfPage":{"@id":"https:\/\/fuentesfidedignas.com.mx\/index.php\/2023\/12\/06\/convocan-a-primera-sesion-del-consejo-politico-estatal-del-pri-en-sinaloa\/"},"wordCount":240,"commentCount":0,"publisher":{"@id":"https:\/\/fuentesfidedignas.com.mx\/#organization"},"image":{"@id":"https:\/\/fuentesfidedignas.com.mx\/index.php\/2023\/12\/06\/convocan-a-primera-sesion-del-consejo-politico-estatal-del-pri-en-sinaloa\/#primaryimage"},"thumbnailUrl":"https:\/\/fuentesfidedignas.com.mx\/wp-content\/uploads\/2023\/12\/CONVOVATORIA_PRI.jpg","inLanguage":"es","potentialAction":[{"@type":"CommentAction","name":"Comment","target":["https:\/\/fuentesfidedignas.com.mx\/index.php\/2023\/12\/06\/convocan-a-primera-sesion-del-consejo-politico-estatal-del-pri-en-sinaloa\/#respond"]}]},{"@type":"WebPage","@id":"https:\/\/fuentesfidedignas.com.mx\/index.php\/2023\/12\/06\/convocan-a-primera-sesion-del-consejo-politico-estatal-del-pri-en-sinaloa\/","url":"https:\/\/fuentesfidedignas.com.mx\/index.php\/2023\/12\/06\/convocan-a-primera-sesion-del-consejo-politico-estatal-del-pri-en-sinaloa\/","name":"Convocan a primera sesi\u00f3n del Consejo Pol\u00edtico Estatal del PRI en Sinaloa - Fuentes Fidedignas","isPartOf":{"@id":"https:\/\/fuentesfidedignas.com.mx\/#website"},"primaryImageOfPage":{"@id":"https:\/\/fuentesfidedignas.com.mx\/index.php\/2023\/12\/06\/convocan-a-primera-sesion-del-consejo-politico-estatal-del-pri-en-sinaloa\/#primaryimage"},"image":{"@id":"https:\/\/fuentesfidedignas.com.mx\/index.php\/2023\/12\/06\/convocan-a-primera-sesion-del-consejo-politico-estatal-del-pri-en-sinaloa\/#primaryimage"},"thumbnailUrl":"https:\/\/fuentesfidedignas.com.mx\/wp-content\/uploads\/2023\/12\/CONVOVATORIA_PRI.jpg","datePublished":"2023-12-06T23:59:06+00:00","breadcrumb":{"@id":"https:\/\/fuentesfidedignas.com.mx\/index.php\/2023\/12\/06\/convocan-a-primera-sesion-del-consejo-politico-estatal-del-pri-en-sinaloa\/#breadcrumb"},"inLanguage":"es","potentialAction":[{"@type":"ReadAction","target":["https:\/\/fuentesfidedignas.com.mx\/index.php\/2023\/12\/06\/convocan-a-primera-sesion-del-consejo-politico-estatal-del-pri-en-sinaloa\/"]}]},{"@type":"ImageObject","inLanguage":"es","@id":"https:\/\/fuentesfidedignas.com.mx\/index.php\/2023\/12\/06\/convocan-a-primera-sesion-del-consejo-politico-estatal-del-pri-en-sinaloa\/#primaryimage","url":"https:\/\/fuentesfidedignas.com.mx\/wp-content\/uploads\/2023\/12\/CONVOVATORIA_PRI.jpg","contentUrl":"https:\/\/fuentesfidedignas.com.mx\/wp-content\/uploads\/2023\/12\/CONVOVATORIA_PRI.jpg","width":1024,"height":682},{"@type":"BreadcrumbList","@id":"https:\/\/fuentesfidedignas.com.mx\/index.php\/2023\/12\/06\/convocan-a-primera-sesion-del-consejo-politico-estatal-del-pri-en-sinaloa\/#breadcrumb","itemListElement":[{"@type":"ListItem","position":1,"name":"Inicio","item":"https:\/\/fuentesfidedignas.com.mx\/"},{"@type":"ListItem","position":2,"name":"Convocan a primera sesi\u00f3n del Consejo Pol\u00edtico Estatal del PRI en Sinaloa"}]},{"@type":"WebSite","@id":"https:\/\/fuentesfidedignas.com.mx\/#website","url":"https:\/\/fuentesfidedignas.com.mx\/","name":"Fuentes Fidedignas","description":"Otro sitio realizado con WordPress","publisher":{"@id":"https:\/\/fuentesfidedignas.com.mx\/#organization"},"potentialAction":[{"@type":"SearchAction","target":{"@type":"EntryPoint","urlTemplate":"https:\/\/fuentesfidedignas.com.mx\/?s={search_term_string}"},"query-input":{"@type":"PropertyValueSpecification","valueRequired":true,"valueName":"search_term_string"}}],"inLanguage":"es"},{"@type":"Organization","@id":"https:\/\/fuentesfidedignas.com.mx\/#organization","name":"Fuentes Fidedignas","url":"https:\/\/fuentesfidedignas.com.mx\/","logo":{"@type":"ImageObject","inLanguage":"es","@id":"https:\/\/fuentesfidedignas.com.mx\/#\/schema\/logo\/image\/","url":"https:\/\/fuentesfidedignas.com.mx\/wp-content\/uploads\/2021\/04\/logo-retina.png","contentUrl":"https:\/\/fuentesfidedignas.com.mx\/wp-content\/uploads\/2021\/04\/logo-retina.png","width":280,"height":51,"caption":"Fuentes Fidedignas"},"image":{"@id":"https:\/\/fuentesfidedignas.com.mx\/#\/schema\/logo\/image\/"},"sameAs":["https:\/\/www.facebook.com\/Fuentes-Fidedignas-368234489921644","https:\/\/x.com\/fidedignas"]},{"@type":"Person","@id":"https:\/\/fuentesfidedignas.com.mx\/#\/schema\/person\/331be9283d37198e2acd5750279085b0","name":"Redacci\u00f3n","image":{"@type":"ImageObject","inLanguage":"es","@id":"https:\/\/secure.gravatar.com\/avatar\/f6d8782c11d12b2d4ad3fbb6931aeab5309937a4d6cd2fc9cfaa28a6396a5aec?s=96&d=mm&r=g","url":"https:\/\/secure.gravatar.com\/avatar\/f6d8782c11d12b2d4ad3fbb6931aeab5309937a4d6cd2fc9cfaa28a6396a5aec?s=96&d=mm&r=g","contentUrl":"https:\/\/secure.gravatar.com\/avatar\/f6d8782c11d12b2d4ad3fbb6931aeab5309937a4d6cd2fc9cfaa28a6396a5aec?s=96&d=mm&r=g","caption":"Redacci\u00f3n"},"url":"https:\/\/fuentesfidedignas.com.mx\/index.php\/author\/redaccion\/"}]}},"_links":{"self":[{"href":"https:\/\/fuentesfidedignas.com.mx\/index.php\/wp-json\/wp\/v2\/posts\/67882","targetHints":{"allow":["GET"]}}],"collection":[{"href":"https:\/\/fuentesfidedignas.com.mx\/index.php\/wp-json\/wp\/v2\/posts"}],"about":[{"href":"https:\/\/fuentesfidedignas.com.mx\/index.php\/wp-json\/wp\/v2\/types\/post"}],"author":[{"embeddable":true,"href":"https:\/\/fuentesfidedignas.com.mx\/index.php\/wp-json\/wp\/v2\/users\/4"}],"replies":[{"embeddable":true,"href":"https:\/\/fuentesfidedignas.com.mx\/index.php\/wp-json\/wp\/v2\/comments?post=67882"}],"version-history":[{"count":1,"href":"https:\/\/fuentesfidedignas.com.mx\/index.php\/wp-json\/wp\/v2\/posts\/67882\/revisions"}],"predecessor-version":[{"id":67884,"href":"https:\/\/fuentesfidedignas.com.mx\/index.php\/wp-json\/wp\/v2\/posts\/67882\/revisions\/67884"}],"wp:featuredmedia":[{"embeddable":true,"href":"https:\/\/fuentesfidedignas.com.mx\/index.php\/wp-json\/wp\/v2\/media\/67883"}],"wp:attachment":[{"href":"https:\/\/fuentesfidedignas.com.mx\/index.php\/wp-json\/wp\/v2\/media?parent=67882"}],"wp:term":[{"taxonomy":"category","embeddable":true,"href":"https:\/\/fuentesfidedignas.com.mx\/index.php\/wp-json\/wp\/v2\/categories?post=67882"},{"taxonomy":"post_tag","embeddable":true,"href":"https:\/\/fuentesfidedignas.com.mx\/index.php\/wp-json\/wp\/v2\/tags?post=67882"}],"curies":[{"name":"wp","href":"https:\/\/api.w.org\/{rel}","templated":true}]}}