{"id":67856,"date":"2023-12-06T16:25:52","date_gmt":"2023-12-06T23:25:52","guid":{"rendered":"https:\/\/fuentesfidedignas.com.mx\/?p=67856"},"modified":"2023-12-06T16:25:52","modified_gmt":"2023-12-06T23:25:52","slug":"eduardo-garcia-barrios-nuevo-director-titular-de-la-ossla","status":"publish","type":"post","link":"https:\/\/fuentesfidedignas.com.mx\/index.php\/2023\/12\/06\/eduardo-garcia-barrios-nuevo-director-titular-de-la-ossla\/","title":{"rendered":"Eduardo Garc\u00eda Barrios, nuevo director titular de la OSSLA"},"content":{"rendered":"\n<p><strong><em>Fue presentado a los integrantes de la orquesta al mediod\u00eda de este mi\u00e9rcoles por el Dr. Juan Salvador Avil\u00e9s, director general del ISIC<\/em><\/strong><\/p>\n\n\n\n<p>Culiac\u00e1n, Sin.- El maestro Eduardo Garc\u00eda Barrios fue presentado al mediod\u00eda de este mi\u00e9rcoles como el nuevo director titular de la Orquesta Sinf\u00f3nica Sinaloa de las Artes en un acto en el que el Dr. Juan Salvador Avil\u00e9s Ochoa, director general del Instituto Sinaloense de Cultura lo present\u00f3 ante los miembros de la OSSLA.<\/p>\n\n\n\n<p>En el acto, Avil\u00e9s Ochoa dijo que esta decisi\u00f3n ha sido tomada con el criterio de que sea un director art\u00edstico que sirva a la Orquesta, de lo cual no tiene ninguna duda, pero tambi\u00e9n con el compromiso de aportarle al desarrollo integral del ISIC, sirviendo a la vez al compromiso del gobernador de hacer una orquesta que sirva para hacer comunidad, para descentralizar la actividad y as\u00ed se lo plantearon a Eduardo y \u00e9l tiene ya una propuesta para ello.<\/p>\n\n\n\n<p>Parte del compromiso es que, adem\u00e1s de incorporarse como director art\u00edstico, contribuya con su experiencia a mejorar a la Escuela Superior de M\u00fasica como instituci\u00f3n de educaci\u00f3n superior y aprovechar su experiencia en el Sistema Estatal de Fomento Musical, para la formaci\u00f3n de las orquestas infantiles y juveniles de la entidad.<\/p>\n\n\n\n<p>A su vez, Garc\u00eda Barrios \u2013quien ya ha sido director hu\u00e9sped de la OSSLA en diversas ocasiones, la \u00faltima vez en septiembre pasado- y que musicalmente entrar\u00e1 en funciones a partir de enero de 2024, dijo que \u201chay diferentes estilos de trabajar, pero yo estoy convencido de que un director de una orquesta es simplemente un m\u00fasico m\u00e1s, que coordina la sensibilidad y la creatividad de los artistas que la integran\u201d.<\/p>\n\n\n\n<p>Agreg\u00f3 que hay muchas condiciones que influyen en el desempe\u00f1o y en el \u00e1nimo de los artistas, y se comprometi\u00f3 a crear las mejores condiciones para que ello ocurra; les explic\u00f3 su programa de trabajo, y finalmente se qued\u00f3 con ellos para escuchar sus inquietudes.<\/p>\n\n\n\n<p>\u201cTengo m\u00e1s preguntas que respuestas y el compromiso es crear un sistema de trabajo consensuado\u201d, dijo.<\/p>\n\n\n\n<p>Garc\u00eda Barrios naci\u00f3 en M\u00e9xico el 12 noviembre de 1960. En el Conservatorio Nacional de M\u00fasica fue disc\u00edpulo de los maestros Jos\u00e9 Su\u00e1rez, Ana Mar\u00eda B\u00e1ez y Gela Dubrova. Realiz\u00f3 sus estudios profesionales en Mosc\u00fa, donde trabaj\u00f3 junto a Mikhail Voskresensky y Dimitri Kitayenko, director de la Orquesta Filarm\u00f3nica de Mosc\u00fa.<\/p>\n\n\n\n<p>Durante su estancia en la entonces capital de la Uni\u00f3n Sovi\u00e9tica fund\u00f3 La Sinfonietta de Mosc\u00fa y en 1990 se gradu\u00f3 con honores como director sinf\u00f3nico y de \u00f3pera del Conservatorio Tchaikovsky.<\/p>\n\n\n\n<p>Ese mismo a\u00f1o, regres\u00f3 a M\u00e9xico y junto a un grupo de m\u00fasicos rusos fund\u00f3 la Orquesta de Baja California de la que fue director art\u00edstico hasta 1998. De 1998 a 2002 fue director titular de la Filarm\u00f3nica de la Universidad de Lima, Per\u00fa, as\u00ed como director titular de la Orquesta Sinf\u00f3nica del Conservatorio Nacional de M\u00fasica y de la Orquesta Sinf\u00f3nica Carlos Ch\u00e1vez, y director asociado de la Orquesta Sinf\u00f3nica de San Antonio, Texas.<\/p>\n\n\n\n<p>En 2010 volvi\u00f3 a Baja California para desarrollar un proyecto comunitario estatal, que dio paso a la atenci\u00f3n a nivel nacional de agrupaciones comunitarias. Fue miembro del Consejo Acad\u00e9mico del Programa Orquesta- Escuela, modelo de educaci\u00f3n musical alternativo y que rigi\u00f3 la formaci\u00f3n musical de la Orquesta Escuela Carlos Ch\u00e1vez, adscrita al Sistema Nacional de Fomento Musical de la Secretar\u00eda de Cultura Federal, instituci\u00f3n de la cual fue coordinador nacional desde abril de 2013 a fines de 2021, para volver a la direcci\u00f3n orquestal.<\/p>\n","protected":false},"excerpt":{"rendered":"<p>Fue presentado a los integrantes de la orquesta al mediod\u00eda de este mi\u00e9rcoles por el Dr. Juan Salvador Avil\u00e9s, director general del ISIC Culiac\u00e1n, Sin.- El maestro Eduardo Garc\u00eda Barrios fue presentado al mediod\u00eda de este mi\u00e9rcoles como el nuevo director titular de la Orquesta Sinf\u00f3nica Sinaloa de las Artes en un acto en el [&hellip;]<\/p>\n","protected":false},"author":4,"featured_media":67861,"comment_status":"open","ping_status":"open","sticky":false,"template":"","format":"standard","meta":{"tdm_status":"","tdm_grid_status":"","footnotes":""},"categories":[1],"tags":[],"class_list":{"0":"post-67856","1":"post","2":"type-post","3":"status-publish","4":"format-standard","5":"has-post-thumbnail","7":"category-sin-categoria"},"yoast_head":"<!-- This site is optimized with the Yoast SEO plugin v27.5 - https:\/\/yoast.com\/product\/yoast-seo-wordpress\/ -->\n<title>Eduardo Garc\u00eda Barrios, nuevo director titular de la OSSLA - Fuentes Fidedignas<\/title>\n<meta name=\"robots\" content=\"index, follow, max-snippet:-1, max-image-preview:large, max-video-preview:-1\" \/>\n<link rel=\"canonical\" href=\"https:\/\/fuentesfidedignas.com.mx\/index.php\/2023\/12\/06\/eduardo-garcia-barrios-nuevo-director-titular-de-la-ossla\/\" \/>\n<meta property=\"og:locale\" content=\"es_MX\" \/>\n<meta property=\"og:type\" content=\"article\" \/>\n<meta property=\"og:title\" content=\"Eduardo Garc\u00eda Barrios, nuevo director titular de la OSSLA - Fuentes Fidedignas\" \/>\n<meta property=\"og:description\" content=\"Fue presentado a los integrantes de la orquesta al mediod\u00eda de este mi\u00e9rcoles por el Dr. Juan Salvador Avil\u00e9s, director general del ISIC Culiac\u00e1n, Sin.- El maestro Eduardo Garc\u00eda Barrios fue presentado al mediod\u00eda de este mi\u00e9rcoles como el nuevo director titular de la Orquesta Sinf\u00f3nica Sinaloa de las Artes en un acto en el [&hellip;]\" \/>\n<meta property=\"og:url\" content=\"https:\/\/fuentesfidedignas.com.mx\/index.php\/2023\/12\/06\/eduardo-garcia-barrios-nuevo-director-titular-de-la-ossla\/\" \/>\n<meta property=\"og:site_name\" content=\"Fuentes Fidedignas\" \/>\n<meta property=\"article:publisher\" content=\"https:\/\/www.facebook.com\/Fuentes-Fidedignas-368234489921644\" \/>\n<meta property=\"article:published_time\" content=\"2023-12-06T23:25:52+00:00\" \/>\n<meta property=\"og:image\" content=\"https:\/\/fuentesfidedignas.com.mx\/wp-content\/uploads\/2023\/12\/Eduardo-Garcia-Barrios-nuevo-director-de-la-OSSLA-2-scaled.jpg\" \/>\n\t<meta property=\"og:image:width\" content=\"2560\" \/>\n\t<meta property=\"og:image:height\" content=\"1440\" \/>\n\t<meta property=\"og:image:type\" content=\"image\/jpeg\" \/>\n<meta name=\"author\" content=\"Redacci\u00f3n\" \/>\n<meta name=\"twitter:card\" content=\"summary_large_image\" \/>\n<meta name=\"twitter:creator\" content=\"@fidedignas\" \/>\n<meta name=\"twitter:site\" content=\"@fidedignas\" \/>\n<meta name=\"twitter:label1\" content=\"Escrito por\" \/>\n\t<meta name=\"twitter:data1\" content=\"Redacci\u00f3n\" \/>\n\t<meta name=\"twitter:label2\" content=\"Tiempo de lectura\" \/>\n\t<meta name=\"twitter:data2\" content=\"3 minutos\" \/>\n<script type=\"application\/ld+json\" class=\"yoast-schema-graph\">{\"@context\":\"https:\\\/\\\/schema.org\",\"@graph\":[{\"@type\":\"Article\",\"@id\":\"https:\\\/\\\/fuentesfidedignas.com.mx\\\/index.php\\\/2023\\\/12\\\/06\\\/eduardo-garcia-barrios-nuevo-director-titular-de-la-ossla\\\/#article\",\"isPartOf\":{\"@id\":\"https:\\\/\\\/fuentesfidedignas.com.mx\\\/index.php\\\/2023\\\/12\\\/06\\\/eduardo-garcia-barrios-nuevo-director-titular-de-la-ossla\\\/\"},\"author\":{\"name\":\"Redacci\u00f3n\",\"@id\":\"https:\\\/\\\/fuentesfidedignas.com.mx\\\/#\\\/schema\\\/person\\\/331be9283d37198e2acd5750279085b0\"},\"headline\":\"Eduardo Garc\u00eda Barrios, nuevo director titular de la OSSLA\",\"datePublished\":\"2023-12-06T23:25:52+00:00\",\"mainEntityOfPage\":{\"@id\":\"https:\\\/\\\/fuentesfidedignas.com.mx\\\/index.php\\\/2023\\\/12\\\/06\\\/eduardo-garcia-barrios-nuevo-director-titular-de-la-ossla\\\/\"},\"wordCount\":638,\"commentCount\":0,\"publisher\":{\"@id\":\"https:\\\/\\\/fuentesfidedignas.com.mx\\\/#organization\"},\"image\":{\"@id\":\"https:\\\/\\\/fuentesfidedignas.com.mx\\\/index.php\\\/2023\\\/12\\\/06\\\/eduardo-garcia-barrios-nuevo-director-titular-de-la-ossla\\\/#primaryimage\"},\"thumbnailUrl\":\"https:\\\/\\\/fuentesfidedignas.com.mx\\\/wp-content\\\/uploads\\\/2023\\\/12\\\/Eduardo-Garcia-Barrios-nuevo-director-de-la-OSSLA-2-scaled.jpg\",\"inLanguage\":\"es\",\"potentialAction\":[{\"@type\":\"CommentAction\",\"name\":\"Comment\",\"target\":[\"https:\\\/\\\/fuentesfidedignas.com.mx\\\/index.php\\\/2023\\\/12\\\/06\\\/eduardo-garcia-barrios-nuevo-director-titular-de-la-ossla\\\/#respond\"]}]},{\"@type\":\"WebPage\",\"@id\":\"https:\\\/\\\/fuentesfidedignas.com.mx\\\/index.php\\\/2023\\\/12\\\/06\\\/eduardo-garcia-barrios-nuevo-director-titular-de-la-ossla\\\/\",\"url\":\"https:\\\/\\\/fuentesfidedignas.com.mx\\\/index.php\\\/2023\\\/12\\\/06\\\/eduardo-garcia-barrios-nuevo-director-titular-de-la-ossla\\\/\",\"name\":\"Eduardo Garc\u00eda Barrios, nuevo director titular de la OSSLA - Fuentes Fidedignas\",\"isPartOf\":{\"@id\":\"https:\\\/\\\/fuentesfidedignas.com.mx\\\/#website\"},\"primaryImageOfPage\":{\"@id\":\"https:\\\/\\\/fuentesfidedignas.com.mx\\\/index.php\\\/2023\\\/12\\\/06\\\/eduardo-garcia-barrios-nuevo-director-titular-de-la-ossla\\\/#primaryimage\"},\"image\":{\"@id\":\"https:\\\/\\\/fuentesfidedignas.com.mx\\\/index.php\\\/2023\\\/12\\\/06\\\/eduardo-garcia-barrios-nuevo-director-titular-de-la-ossla\\\/#primaryimage\"},\"thumbnailUrl\":\"https:\\\/\\\/fuentesfidedignas.com.mx\\\/wp-content\\\/uploads\\\/2023\\\/12\\\/Eduardo-Garcia-Barrios-nuevo-director-de-la-OSSLA-2-scaled.jpg\",\"datePublished\":\"2023-12-06T23:25:52+00:00\",\"breadcrumb\":{\"@id\":\"https:\\\/\\\/fuentesfidedignas.com.mx\\\/index.php\\\/2023\\\/12\\\/06\\\/eduardo-garcia-barrios-nuevo-director-titular-de-la-ossla\\\/#breadcrumb\"},\"inLanguage\":\"es\",\"potentialAction\":[{\"@type\":\"ReadAction\",\"target\":[\"https:\\\/\\\/fuentesfidedignas.com.mx\\\/index.php\\\/2023\\\/12\\\/06\\\/eduardo-garcia-barrios-nuevo-director-titular-de-la-ossla\\\/\"]}]},{\"@type\":\"ImageObject\",\"inLanguage\":\"es\",\"@id\":\"https:\\\/\\\/fuentesfidedignas.com.mx\\\/index.php\\\/2023\\\/12\\\/06\\\/eduardo-garcia-barrios-nuevo-director-titular-de-la-ossla\\\/#primaryimage\",\"url\":\"https:\\\/\\\/fuentesfidedignas.com.mx\\\/wp-content\\\/uploads\\\/2023\\\/12\\\/Eduardo-Garcia-Barrios-nuevo-director-de-la-OSSLA-2-scaled.jpg\",\"contentUrl\":\"https:\\\/\\\/fuentesfidedignas.com.mx\\\/wp-content\\\/uploads\\\/2023\\\/12\\\/Eduardo-Garcia-Barrios-nuevo-director-de-la-OSSLA-2-scaled.jpg\",\"width\":2560,\"height\":1440},{\"@type\":\"BreadcrumbList\",\"@id\":\"https:\\\/\\\/fuentesfidedignas.com.mx\\\/index.php\\\/2023\\\/12\\\/06\\\/eduardo-garcia-barrios-nuevo-director-titular-de-la-ossla\\\/#breadcrumb\",\"itemListElement\":[{\"@type\":\"ListItem\",\"position\":1,\"name\":\"Inicio\",\"item\":\"https:\\\/\\\/fuentesfidedignas.com.mx\\\/\"},{\"@type\":\"ListItem\",\"position\":2,\"name\":\"Eduardo Garc\u00eda Barrios, nuevo director titular de la OSSLA\"}]},{\"@type\":\"WebSite\",\"@id\":\"https:\\\/\\\/fuentesfidedignas.com.mx\\\/#website\",\"url\":\"https:\\\/\\\/fuentesfidedignas.com.mx\\\/\",\"name\":\"Fuentes Fidedignas\",\"description\":\"Otro sitio realizado con WordPress\",\"publisher\":{\"@id\":\"https:\\\/\\\/fuentesfidedignas.com.mx\\\/#organization\"},\"potentialAction\":[{\"@type\":\"SearchAction\",\"target\":{\"@type\":\"EntryPoint\",\"urlTemplate\":\"https:\\\/\\\/fuentesfidedignas.com.mx\\\/?s={search_term_string}\"},\"query-input\":{\"@type\":\"PropertyValueSpecification\",\"valueRequired\":true,\"valueName\":\"search_term_string\"}}],\"inLanguage\":\"es\"},{\"@type\":\"Organization\",\"@id\":\"https:\\\/\\\/fuentesfidedignas.com.mx\\\/#organization\",\"name\":\"Fuentes Fidedignas\",\"url\":\"https:\\\/\\\/fuentesfidedignas.com.mx\\\/\",\"logo\":{\"@type\":\"ImageObject\",\"inLanguage\":\"es\",\"@id\":\"https:\\\/\\\/fuentesfidedignas.com.mx\\\/#\\\/schema\\\/logo\\\/image\\\/\",\"url\":\"https:\\\/\\\/fuentesfidedignas.com.mx\\\/wp-content\\\/uploads\\\/2021\\\/04\\\/logo-retina.png\",\"contentUrl\":\"https:\\\/\\\/fuentesfidedignas.com.mx\\\/wp-content\\\/uploads\\\/2021\\\/04\\\/logo-retina.png\",\"width\":280,\"height\":51,\"caption\":\"Fuentes Fidedignas\"},\"image\":{\"@id\":\"https:\\\/\\\/fuentesfidedignas.com.mx\\\/#\\\/schema\\\/logo\\\/image\\\/\"},\"sameAs\":[\"https:\\\/\\\/www.facebook.com\\\/Fuentes-Fidedignas-368234489921644\",\"https:\\\/\\\/x.com\\\/fidedignas\"]},{\"@type\":\"Person\",\"@id\":\"https:\\\/\\\/fuentesfidedignas.com.mx\\\/#\\\/schema\\\/person\\\/331be9283d37198e2acd5750279085b0\",\"name\":\"Redacci\u00f3n\",\"image\":{\"@type\":\"ImageObject\",\"inLanguage\":\"es\",\"@id\":\"https:\\\/\\\/secure.gravatar.com\\\/avatar\\\/f6d8782c11d12b2d4ad3fbb6931aeab5309937a4d6cd2fc9cfaa28a6396a5aec?s=96&d=mm&r=g\",\"url\":\"https:\\\/\\\/secure.gravatar.com\\\/avatar\\\/f6d8782c11d12b2d4ad3fbb6931aeab5309937a4d6cd2fc9cfaa28a6396a5aec?s=96&d=mm&r=g\",\"contentUrl\":\"https:\\\/\\\/secure.gravatar.com\\\/avatar\\\/f6d8782c11d12b2d4ad3fbb6931aeab5309937a4d6cd2fc9cfaa28a6396a5aec?s=96&d=mm&r=g\",\"caption\":\"Redacci\u00f3n\"},\"url\":\"https:\\\/\\\/fuentesfidedignas.com.mx\\\/index.php\\\/author\\\/redaccion\\\/\"}]}<\/script>\n<!-- \/ Yoast SEO plugin. -->","yoast_head_json":{"title":"Eduardo Garc\u00eda Barrios, nuevo director titular de la OSSLA - Fuentes Fidedignas","robots":{"index":"index","follow":"follow","max-snippet":"max-snippet:-1","max-image-preview":"max-image-preview:large","max-video-preview":"max-video-preview:-1"},"canonical":"https:\/\/fuentesfidedignas.com.mx\/index.php\/2023\/12\/06\/eduardo-garcia-barrios-nuevo-director-titular-de-la-ossla\/","og_locale":"es_MX","og_type":"article","og_title":"Eduardo Garc\u00eda Barrios, nuevo director titular de la OSSLA - Fuentes Fidedignas","og_description":"Fue presentado a los integrantes de la orquesta al mediod\u00eda de este mi\u00e9rcoles por el Dr. Juan Salvador Avil\u00e9s, director general del ISIC Culiac\u00e1n, Sin.- El maestro Eduardo Garc\u00eda Barrios fue presentado al mediod\u00eda de este mi\u00e9rcoles como el nuevo director titular de la Orquesta Sinf\u00f3nica Sinaloa de las Artes en un acto en el [&hellip;]","og_url":"https:\/\/fuentesfidedignas.com.mx\/index.php\/2023\/12\/06\/eduardo-garcia-barrios-nuevo-director-titular-de-la-ossla\/","og_site_name":"Fuentes Fidedignas","article_publisher":"https:\/\/www.facebook.com\/Fuentes-Fidedignas-368234489921644","article_published_time":"2023-12-06T23:25:52+00:00","og_image":[{"width":2560,"height":1440,"url":"https:\/\/fuentesfidedignas.com.mx\/wp-content\/uploads\/2023\/12\/Eduardo-Garcia-Barrios-nuevo-director-de-la-OSSLA-2-scaled.jpg","type":"image\/jpeg"}],"author":"Redacci\u00f3n","twitter_card":"summary_large_image","twitter_creator":"@fidedignas","twitter_site":"@fidedignas","twitter_misc":{"Escrito por":"Redacci\u00f3n","Tiempo de lectura":"3 minutos"},"schema":{"@context":"https:\/\/schema.org","@graph":[{"@type":"Article","@id":"https:\/\/fuentesfidedignas.com.mx\/index.php\/2023\/12\/06\/eduardo-garcia-barrios-nuevo-director-titular-de-la-ossla\/#article","isPartOf":{"@id":"https:\/\/fuentesfidedignas.com.mx\/index.php\/2023\/12\/06\/eduardo-garcia-barrios-nuevo-director-titular-de-la-ossla\/"},"author":{"name":"Redacci\u00f3n","@id":"https:\/\/fuentesfidedignas.com.mx\/#\/schema\/person\/331be9283d37198e2acd5750279085b0"},"headline":"Eduardo Garc\u00eda Barrios, nuevo director titular de la OSSLA","datePublished":"2023-12-06T23:25:52+00:00","mainEntityOfPage":{"@id":"https:\/\/fuentesfidedignas.com.mx\/index.php\/2023\/12\/06\/eduardo-garcia-barrios-nuevo-director-titular-de-la-ossla\/"},"wordCount":638,"commentCount":0,"publisher":{"@id":"https:\/\/fuentesfidedignas.com.mx\/#organization"},"image":{"@id":"https:\/\/fuentesfidedignas.com.mx\/index.php\/2023\/12\/06\/eduardo-garcia-barrios-nuevo-director-titular-de-la-ossla\/#primaryimage"},"thumbnailUrl":"https:\/\/fuentesfidedignas.com.mx\/wp-content\/uploads\/2023\/12\/Eduardo-Garcia-Barrios-nuevo-director-de-la-OSSLA-2-scaled.jpg","inLanguage":"es","potentialAction":[{"@type":"CommentAction","name":"Comment","target":["https:\/\/fuentesfidedignas.com.mx\/index.php\/2023\/12\/06\/eduardo-garcia-barrios-nuevo-director-titular-de-la-ossla\/#respond"]}]},{"@type":"WebPage","@id":"https:\/\/fuentesfidedignas.com.mx\/index.php\/2023\/12\/06\/eduardo-garcia-barrios-nuevo-director-titular-de-la-ossla\/","url":"https:\/\/fuentesfidedignas.com.mx\/index.php\/2023\/12\/06\/eduardo-garcia-barrios-nuevo-director-titular-de-la-ossla\/","name":"Eduardo Garc\u00eda Barrios, nuevo director titular de la OSSLA - Fuentes Fidedignas","isPartOf":{"@id":"https:\/\/fuentesfidedignas.com.mx\/#website"},"primaryImageOfPage":{"@id":"https:\/\/fuentesfidedignas.com.mx\/index.php\/2023\/12\/06\/eduardo-garcia-barrios-nuevo-director-titular-de-la-ossla\/#primaryimage"},"image":{"@id":"https:\/\/fuentesfidedignas.com.mx\/index.php\/2023\/12\/06\/eduardo-garcia-barrios-nuevo-director-titular-de-la-ossla\/#primaryimage"},"thumbnailUrl":"https:\/\/fuentesfidedignas.com.mx\/wp-content\/uploads\/2023\/12\/Eduardo-Garcia-Barrios-nuevo-director-de-la-OSSLA-2-scaled.jpg","datePublished":"2023-12-06T23:25:52+00:00","breadcrumb":{"@id":"https:\/\/fuentesfidedignas.com.mx\/index.php\/2023\/12\/06\/eduardo-garcia-barrios-nuevo-director-titular-de-la-ossla\/#breadcrumb"},"inLanguage":"es","potentialAction":[{"@type":"ReadAction","target":["https:\/\/fuentesfidedignas.com.mx\/index.php\/2023\/12\/06\/eduardo-garcia-barrios-nuevo-director-titular-de-la-ossla\/"]}]},{"@type":"ImageObject","inLanguage":"es","@id":"https:\/\/fuentesfidedignas.com.mx\/index.php\/2023\/12\/06\/eduardo-garcia-barrios-nuevo-director-titular-de-la-ossla\/#primaryimage","url":"https:\/\/fuentesfidedignas.com.mx\/wp-content\/uploads\/2023\/12\/Eduardo-Garcia-Barrios-nuevo-director-de-la-OSSLA-2-scaled.jpg","contentUrl":"https:\/\/fuentesfidedignas.com.mx\/wp-content\/uploads\/2023\/12\/Eduardo-Garcia-Barrios-nuevo-director-de-la-OSSLA-2-scaled.jpg","width":2560,"height":1440},{"@type":"BreadcrumbList","@id":"https:\/\/fuentesfidedignas.com.mx\/index.php\/2023\/12\/06\/eduardo-garcia-barrios-nuevo-director-titular-de-la-ossla\/#breadcrumb","itemListElement":[{"@type":"ListItem","position":1,"name":"Inicio","item":"https:\/\/fuentesfidedignas.com.mx\/"},{"@type":"ListItem","position":2,"name":"Eduardo Garc\u00eda Barrios, nuevo director titular de la OSSLA"}]},{"@type":"WebSite","@id":"https:\/\/fuentesfidedignas.com.mx\/#website","url":"https:\/\/fuentesfidedignas.com.mx\/","name":"Fuentes Fidedignas","description":"Otro sitio realizado con WordPress","publisher":{"@id":"https:\/\/fuentesfidedignas.com.mx\/#organization"},"potentialAction":[{"@type":"SearchAction","target":{"@type":"EntryPoint","urlTemplate":"https:\/\/fuentesfidedignas.com.mx\/?s={search_term_string}"},"query-input":{"@type":"PropertyValueSpecification","valueRequired":true,"valueName":"search_term_string"}}],"inLanguage":"es"},{"@type":"Organization","@id":"https:\/\/fuentesfidedignas.com.mx\/#organization","name":"Fuentes Fidedignas","url":"https:\/\/fuentesfidedignas.com.mx\/","logo":{"@type":"ImageObject","inLanguage":"es","@id":"https:\/\/fuentesfidedignas.com.mx\/#\/schema\/logo\/image\/","url":"https:\/\/fuentesfidedignas.com.mx\/wp-content\/uploads\/2021\/04\/logo-retina.png","contentUrl":"https:\/\/fuentesfidedignas.com.mx\/wp-content\/uploads\/2021\/04\/logo-retina.png","width":280,"height":51,"caption":"Fuentes Fidedignas"},"image":{"@id":"https:\/\/fuentesfidedignas.com.mx\/#\/schema\/logo\/image\/"},"sameAs":["https:\/\/www.facebook.com\/Fuentes-Fidedignas-368234489921644","https:\/\/x.com\/fidedignas"]},{"@type":"Person","@id":"https:\/\/fuentesfidedignas.com.mx\/#\/schema\/person\/331be9283d37198e2acd5750279085b0","name":"Redacci\u00f3n","image":{"@type":"ImageObject","inLanguage":"es","@id":"https:\/\/secure.gravatar.com\/avatar\/f6d8782c11d12b2d4ad3fbb6931aeab5309937a4d6cd2fc9cfaa28a6396a5aec?s=96&d=mm&r=g","url":"https:\/\/secure.gravatar.com\/avatar\/f6d8782c11d12b2d4ad3fbb6931aeab5309937a4d6cd2fc9cfaa28a6396a5aec?s=96&d=mm&r=g","contentUrl":"https:\/\/secure.gravatar.com\/avatar\/f6d8782c11d12b2d4ad3fbb6931aeab5309937a4d6cd2fc9cfaa28a6396a5aec?s=96&d=mm&r=g","caption":"Redacci\u00f3n"},"url":"https:\/\/fuentesfidedignas.com.mx\/index.php\/author\/redaccion\/"}]}},"_links":{"self":[{"href":"https:\/\/fuentesfidedignas.com.mx\/index.php\/wp-json\/wp\/v2\/posts\/67856","targetHints":{"allow":["GET"]}}],"collection":[{"href":"https:\/\/fuentesfidedignas.com.mx\/index.php\/wp-json\/wp\/v2\/posts"}],"about":[{"href":"https:\/\/fuentesfidedignas.com.mx\/index.php\/wp-json\/wp\/v2\/types\/post"}],"author":[{"embeddable":true,"href":"https:\/\/fuentesfidedignas.com.mx\/index.php\/wp-json\/wp\/v2\/users\/4"}],"replies":[{"embeddable":true,"href":"https:\/\/fuentesfidedignas.com.mx\/index.php\/wp-json\/wp\/v2\/comments?post=67856"}],"version-history":[{"count":1,"href":"https:\/\/fuentesfidedignas.com.mx\/index.php\/wp-json\/wp\/v2\/posts\/67856\/revisions"}],"predecessor-version":[{"id":67862,"href":"https:\/\/fuentesfidedignas.com.mx\/index.php\/wp-json\/wp\/v2\/posts\/67856\/revisions\/67862"}],"wp:featuredmedia":[{"embeddable":true,"href":"https:\/\/fuentesfidedignas.com.mx\/index.php\/wp-json\/wp\/v2\/media\/67861"}],"wp:attachment":[{"href":"https:\/\/fuentesfidedignas.com.mx\/index.php\/wp-json\/wp\/v2\/media?parent=67856"}],"wp:term":[{"taxonomy":"category","embeddable":true,"href":"https:\/\/fuentesfidedignas.com.mx\/index.php\/wp-json\/wp\/v2\/categories?post=67856"},{"taxonomy":"post_tag","embeddable":true,"href":"https:\/\/fuentesfidedignas.com.mx\/index.php\/wp-json\/wp\/v2\/tags?post=67856"}],"curies":[{"name":"wp","href":"https:\/\/api.w.org\/{rel}","templated":true}]}}