{"id":67806,"date":"2023-12-06T11:19:20","date_gmt":"2023-12-06T18:19:20","guid":{"rendered":"https:\/\/fuentesfidedignas.com.mx\/?p=67806"},"modified":"2023-12-06T11:19:22","modified_gmt":"2023-12-06T18:19:22","slug":"asesinato-de-5-jovenes-en-celaya-por-consumo-de-drogas-amlo","status":"publish","type":"post","link":"https:\/\/fuentesfidedignas.com.mx\/index.php\/2023\/12\/06\/asesinato-de-5-jovenes-en-celaya-por-consumo-de-drogas-amlo\/","title":{"rendered":"Asesinato de 5 j\u00f3venes en Celaya, por consumo de drogas: AMLO"},"content":{"rendered":"\n<p><strong><em>El presidente L\u00f3pez Obrador ofreci\u00f3 detalles acerca de la investigaci\u00f3n sobre el asesinato de cinco estudiantes en Guanajuato<\/em><\/strong><\/p>\n\n\n\n<p>Ciudad de M\u00e9xico. En la conferencia matutina de Palacio Nacional, el mandatario mexicano dio detalles acerca de la investigaci\u00f3n sobre el asesinato de los cinco estudiantes.<\/p>\n\n\n\n<figure class=\"wp-block-embed is-type-rich is-provider-twitter wp-block-embed-twitter\"><div class=\"wp-block-embed__wrapper\">\n<blockquote class=\"twitter-tweet\" data-width=\"550\" data-dnt=\"true\"><p lang=\"es\" dir=\"ltr\">Incre\u00edble. Y mientras hablaba de la reserva de valores, el presidente L\u00f3pez Obrador criminaliz\u00f3, en dos ocasiones, a los j\u00f3venes asesinados el fin de semana en Celaya, Guanajuato.<br><br>Que los muchachos, en sus palabras, fueron asesinados por ir a comprar droga donde no deb\u00edan. <a href=\"https:\/\/t.co\/O8pxOZlQRT\">pic.twitter.com\/O8pxOZlQRT<\/a><\/p>&mdash; Joaqu\u00edn L\u00f3pez-D\u00f3riga (@lopezdoriga) <a href=\"https:\/\/twitter.com\/lopezdoriga\/status\/1732426314986995943?ref_src=twsrc%5Etfw\">December 6, 2023<\/a><\/blockquote><script async src=\"https:\/\/platform.twitter.com\/widgets.js\" charset=\"utf-8\"><\/script>\n<\/div><\/figure>\n\n\n\n<blockquote class=\"wp-block-quote is-layout-flow wp-block-quote-is-layout-flow\">\n<p>Acaba de haber un problema lamentable en Guanajuato hace dos d\u00edas, de un asesinato de j\u00f3venes, y tuvo que ver con consumo de droga\u201d, indic\u00f3.<\/p>\n<\/blockquote>\n\n\n\n<p>\u201cLo que sucedi\u00f3 es que j\u00f3venes estudiantes, incluso de medicina, fueron a una fiesta a Quer\u00e9taro (\u2026), y luego se fueron a Villagr\u00e1n y en alg\u00fan lugar de estos pasaron. Esto es hipot\u00e9tico, todav\u00eda no se tiene toda la investigaci\u00f3n, pasaron a alg\u00fan lugar supuestamente para la adquisici\u00f3n de droga y ah\u00ed los asesinaron. Hay que ver eso a fondo, tambi\u00e9n c\u00f3mo fue que en esta regi\u00f3n del pa\u00eds creci\u00f3 el consumo (de droga)\u201d, indic\u00f3.<\/p>\n\n\n\n<p>El mandatario mexicano detall\u00f3 que deben analizarse la manera en que creci\u00f3 el consumo de drogas en Guanajuato, sobre todo en j\u00f3venes, lo que no sucede en la mayor\u00eda del pa\u00eds.<\/p>\n\n\n\n<p>\u201cSe est\u00e1 combatiendo all\u00e1 (en Guanajuato, el consumo de droga) y que no queremos se extienda, o sea no hay consumo drogas en Oaxaca, no hay consumo de droga en Chiapas, no es un problema; no existe de droga en Yucat\u00e1n, en Campeche, incluso en Sinaloa, Jalisco, no hay ese consumo de droga. Es tr\u00e1fico, pero no hay consumo de qu\u00edmicos, el problema en Guanajuato es que por razones que deben de seguirse analizando, creci\u00f3 el consumo en j\u00f3venes\u201d, extern\u00f3.<\/p>\n\n\n\n<p><\/p>\n","protected":false},"excerpt":{"rendered":"<p>El presidente L\u00f3pez Obrador ofreci\u00f3 detalles acerca de la investigaci\u00f3n sobre el asesinato de cinco estudiantes en Guanajuato Ciudad de M\u00e9xico. En la conferencia matutina de Palacio Nacional, el mandatario mexicano dio detalles acerca de la investigaci\u00f3n sobre el asesinato de los cinco estudiantes. Acaba de haber un problema lamentable en Guanajuato hace dos d\u00edas, [&hellip;]<\/p>\n","protected":false},"author":47,"featured_media":67813,"comment_status":"open","ping_status":"open","sticky":false,"template":"","format":"standard","meta":{"tdm_status":"","tdm_grid_status":"","footnotes":""},"categories":[39],"tags":[],"class_list":{"0":"post-67806","1":"post","2":"type-post","3":"status-publish","4":"format-standard","5":"has-post-thumbnail","7":"category-noticias-nacionales"},"yoast_head":"<!-- This site is optimized with the Yoast SEO plugin v27.5 - https:\/\/yoast.com\/product\/yoast-seo-wordpress\/ -->\n<title>Asesinato de 5 j\u00f3venes en Celaya, por consumo de drogas: AMLO - Fuentes Fidedignas<\/title>\n<meta name=\"robots\" content=\"index, follow, max-snippet:-1, max-image-preview:large, max-video-preview:-1\" \/>\n<link rel=\"canonical\" href=\"https:\/\/fuentesfidedignas.com.mx\/index.php\/2023\/12\/06\/asesinato-de-5-jovenes-en-celaya-por-consumo-de-drogas-amlo\/\" \/>\n<meta property=\"og:locale\" content=\"es_MX\" \/>\n<meta property=\"og:type\" content=\"article\" \/>\n<meta property=\"og:title\" content=\"Asesinato de 5 j\u00f3venes en Celaya, por consumo de drogas: AMLO - Fuentes Fidedignas\" \/>\n<meta property=\"og:description\" content=\"El presidente L\u00f3pez Obrador ofreci\u00f3 detalles acerca de la investigaci\u00f3n sobre el asesinato de cinco estudiantes en Guanajuato Ciudad de M\u00e9xico. En la conferencia matutina de Palacio Nacional, el mandatario mexicano dio detalles acerca de la investigaci\u00f3n sobre el asesinato de los cinco estudiantes. Acaba de haber un problema lamentable en Guanajuato hace dos d\u00edas, [&hellip;]\" \/>\n<meta property=\"og:url\" content=\"https:\/\/fuentesfidedignas.com.mx\/index.php\/2023\/12\/06\/asesinato-de-5-jovenes-en-celaya-por-consumo-de-drogas-amlo\/\" \/>\n<meta property=\"og:site_name\" content=\"Fuentes Fidedignas\" \/>\n<meta property=\"article:publisher\" content=\"https:\/\/www.facebook.com\/Fuentes-Fidedignas-368234489921644\" \/>\n<meta property=\"article:published_time\" content=\"2023-12-06T18:19:20+00:00\" \/>\n<meta property=\"article:modified_time\" content=\"2023-12-06T18:19:22+00:00\" \/>\n<meta property=\"og:image\" content=\"https:\/\/fuentesfidedignas.com.mx\/wp-content\/uploads\/2023\/12\/operativo-celaya-guanajuato-cinco-asesinatos.jpg\" \/>\n\t<meta property=\"og:image:width\" content=\"1024\" \/>\n\t<meta property=\"og:image:height\" content=\"683\" \/>\n\t<meta property=\"og:image:type\" content=\"image\/jpeg\" \/>\n<meta name=\"author\" content=\"L\u00f3pez D\u00f3riga\" \/>\n<meta name=\"twitter:card\" content=\"summary_large_image\" \/>\n<meta name=\"twitter:creator\" content=\"@fidedignas\" \/>\n<meta name=\"twitter:site\" content=\"@fidedignas\" \/>\n<meta name=\"twitter:label1\" content=\"Escrito por\" \/>\n\t<meta name=\"twitter:data1\" content=\"L\u00f3pez D\u00f3riga\" \/>\n\t<meta name=\"twitter:label2\" content=\"Tiempo de lectura\" \/>\n\t<meta name=\"twitter:data2\" content=\"2 minutos\" \/>\n<script type=\"application\/ld+json\" class=\"yoast-schema-graph\">{\"@context\":\"https:\\\/\\\/schema.org\",\"@graph\":[{\"@type\":\"Article\",\"@id\":\"https:\\\/\\\/fuentesfidedignas.com.mx\\\/index.php\\\/2023\\\/12\\\/06\\\/asesinato-de-5-jovenes-en-celaya-por-consumo-de-drogas-amlo\\\/#article\",\"isPartOf\":{\"@id\":\"https:\\\/\\\/fuentesfidedignas.com.mx\\\/index.php\\\/2023\\\/12\\\/06\\\/asesinato-de-5-jovenes-en-celaya-por-consumo-de-drogas-amlo\\\/\"},\"author\":{\"name\":\"L\u00f3pez D\u00f3riga\",\"@id\":\"https:\\\/\\\/fuentesfidedignas.com.mx\\\/#\\\/schema\\\/person\\\/67d852f0557c8509146a4b9ddebd543a\"},\"headline\":\"Asesinato de 5 j\u00f3venes en Celaya, por consumo de drogas: AMLO\",\"datePublished\":\"2023-12-06T18:19:20+00:00\",\"dateModified\":\"2023-12-06T18:19:22+00:00\",\"mainEntityOfPage\":{\"@id\":\"https:\\\/\\\/fuentesfidedignas.com.mx\\\/index.php\\\/2023\\\/12\\\/06\\\/asesinato-de-5-jovenes-en-celaya-por-consumo-de-drogas-amlo\\\/\"},\"wordCount\":303,\"commentCount\":0,\"publisher\":{\"@id\":\"https:\\\/\\\/fuentesfidedignas.com.mx\\\/#organization\"},\"image\":{\"@id\":\"https:\\\/\\\/fuentesfidedignas.com.mx\\\/index.php\\\/2023\\\/12\\\/06\\\/asesinato-de-5-jovenes-en-celaya-por-consumo-de-drogas-amlo\\\/#primaryimage\"},\"thumbnailUrl\":\"https:\\\/\\\/fuentesfidedignas.com.mx\\\/wp-content\\\/uploads\\\/2023\\\/12\\\/operativo-celaya-guanajuato-cinco-asesinatos.jpg\",\"articleSection\":[\"NOTICIAS NACIONALES\"],\"inLanguage\":\"es\",\"potentialAction\":[{\"@type\":\"CommentAction\",\"name\":\"Comment\",\"target\":[\"https:\\\/\\\/fuentesfidedignas.com.mx\\\/index.php\\\/2023\\\/12\\\/06\\\/asesinato-de-5-jovenes-en-celaya-por-consumo-de-drogas-amlo\\\/#respond\"]}]},{\"@type\":\"WebPage\",\"@id\":\"https:\\\/\\\/fuentesfidedignas.com.mx\\\/index.php\\\/2023\\\/12\\\/06\\\/asesinato-de-5-jovenes-en-celaya-por-consumo-de-drogas-amlo\\\/\",\"url\":\"https:\\\/\\\/fuentesfidedignas.com.mx\\\/index.php\\\/2023\\\/12\\\/06\\\/asesinato-de-5-jovenes-en-celaya-por-consumo-de-drogas-amlo\\\/\",\"name\":\"Asesinato de 5 j\u00f3venes en Celaya, por consumo de drogas: AMLO - Fuentes Fidedignas\",\"isPartOf\":{\"@id\":\"https:\\\/\\\/fuentesfidedignas.com.mx\\\/#website\"},\"primaryImageOfPage\":{\"@id\":\"https:\\\/\\\/fuentesfidedignas.com.mx\\\/index.php\\\/2023\\\/12\\\/06\\\/asesinato-de-5-jovenes-en-celaya-por-consumo-de-drogas-amlo\\\/#primaryimage\"},\"image\":{\"@id\":\"https:\\\/\\\/fuentesfidedignas.com.mx\\\/index.php\\\/2023\\\/12\\\/06\\\/asesinato-de-5-jovenes-en-celaya-por-consumo-de-drogas-amlo\\\/#primaryimage\"},\"thumbnailUrl\":\"https:\\\/\\\/fuentesfidedignas.com.mx\\\/wp-content\\\/uploads\\\/2023\\\/12\\\/operativo-celaya-guanajuato-cinco-asesinatos.jpg\",\"datePublished\":\"2023-12-06T18:19:20+00:00\",\"dateModified\":\"2023-12-06T18:19:22+00:00\",\"breadcrumb\":{\"@id\":\"https:\\\/\\\/fuentesfidedignas.com.mx\\\/index.php\\\/2023\\\/12\\\/06\\\/asesinato-de-5-jovenes-en-celaya-por-consumo-de-drogas-amlo\\\/#breadcrumb\"},\"inLanguage\":\"es\",\"potentialAction\":[{\"@type\":\"ReadAction\",\"target\":[\"https:\\\/\\\/fuentesfidedignas.com.mx\\\/index.php\\\/2023\\\/12\\\/06\\\/asesinato-de-5-jovenes-en-celaya-por-consumo-de-drogas-amlo\\\/\"]}]},{\"@type\":\"ImageObject\",\"inLanguage\":\"es\",\"@id\":\"https:\\\/\\\/fuentesfidedignas.com.mx\\\/index.php\\\/2023\\\/12\\\/06\\\/asesinato-de-5-jovenes-en-celaya-por-consumo-de-drogas-amlo\\\/#primaryimage\",\"url\":\"https:\\\/\\\/fuentesfidedignas.com.mx\\\/wp-content\\\/uploads\\\/2023\\\/12\\\/operativo-celaya-guanajuato-cinco-asesinatos.jpg\",\"contentUrl\":\"https:\\\/\\\/fuentesfidedignas.com.mx\\\/wp-content\\\/uploads\\\/2023\\\/12\\\/operativo-celaya-guanajuato-cinco-asesinatos.jpg\",\"width\":1024,\"height\":683},{\"@type\":\"BreadcrumbList\",\"@id\":\"https:\\\/\\\/fuentesfidedignas.com.mx\\\/index.php\\\/2023\\\/12\\\/06\\\/asesinato-de-5-jovenes-en-celaya-por-consumo-de-drogas-amlo\\\/#breadcrumb\",\"itemListElement\":[{\"@type\":\"ListItem\",\"position\":1,\"name\":\"Inicio\",\"item\":\"https:\\\/\\\/fuentesfidedignas.com.mx\\\/\"},{\"@type\":\"ListItem\",\"position\":2,\"name\":\"Asesinato de 5 j\u00f3venes en Celaya, por consumo de drogas: AMLO\"}]},{\"@type\":\"WebSite\",\"@id\":\"https:\\\/\\\/fuentesfidedignas.com.mx\\\/#website\",\"url\":\"https:\\\/\\\/fuentesfidedignas.com.mx\\\/\",\"name\":\"Fuentes Fidedignas\",\"description\":\"Otro sitio realizado con WordPress\",\"publisher\":{\"@id\":\"https:\\\/\\\/fuentesfidedignas.com.mx\\\/#organization\"},\"potentialAction\":[{\"@type\":\"SearchAction\",\"target\":{\"@type\":\"EntryPoint\",\"urlTemplate\":\"https:\\\/\\\/fuentesfidedignas.com.mx\\\/?s={search_term_string}\"},\"query-input\":{\"@type\":\"PropertyValueSpecification\",\"valueRequired\":true,\"valueName\":\"search_term_string\"}}],\"inLanguage\":\"es\"},{\"@type\":\"Organization\",\"@id\":\"https:\\\/\\\/fuentesfidedignas.com.mx\\\/#organization\",\"name\":\"Fuentes Fidedignas\",\"url\":\"https:\\\/\\\/fuentesfidedignas.com.mx\\\/\",\"logo\":{\"@type\":\"ImageObject\",\"inLanguage\":\"es\",\"@id\":\"https:\\\/\\\/fuentesfidedignas.com.mx\\\/#\\\/schema\\\/logo\\\/image\\\/\",\"url\":\"https:\\\/\\\/fuentesfidedignas.com.mx\\\/wp-content\\\/uploads\\\/2021\\\/04\\\/logo-retina.png\",\"contentUrl\":\"https:\\\/\\\/fuentesfidedignas.com.mx\\\/wp-content\\\/uploads\\\/2021\\\/04\\\/logo-retina.png\",\"width\":280,\"height\":51,\"caption\":\"Fuentes Fidedignas\"},\"image\":{\"@id\":\"https:\\\/\\\/fuentesfidedignas.com.mx\\\/#\\\/schema\\\/logo\\\/image\\\/\"},\"sameAs\":[\"https:\\\/\\\/www.facebook.com\\\/Fuentes-Fidedignas-368234489921644\",\"https:\\\/\\\/x.com\\\/fidedignas\"]},{\"@type\":\"Person\",\"@id\":\"https:\\\/\\\/fuentesfidedignas.com.mx\\\/#\\\/schema\\\/person\\\/67d852f0557c8509146a4b9ddebd543a\",\"name\":\"L\u00f3pez D\u00f3riga\",\"image\":{\"@type\":\"ImageObject\",\"inLanguage\":\"es\",\"@id\":\"https:\\\/\\\/secure.gravatar.com\\\/avatar\\\/e525b06574ca18b33cded59dfe5778d6c823b9513154eff47da551b0551bdd1e?s=96&d=mm&r=g\",\"url\":\"https:\\\/\\\/secure.gravatar.com\\\/avatar\\\/e525b06574ca18b33cded59dfe5778d6c823b9513154eff47da551b0551bdd1e?s=96&d=mm&r=g\",\"contentUrl\":\"https:\\\/\\\/secure.gravatar.com\\\/avatar\\\/e525b06574ca18b33cded59dfe5778d6c823b9513154eff47da551b0551bdd1e?s=96&d=mm&r=g\",\"caption\":\"L\u00f3pez D\u00f3riga\"},\"url\":\"https:\\\/\\\/fuentesfidedignas.com.mx\\\/index.php\\\/author\\\/doriga\\\/\"}]}<\/script>\n<!-- \/ Yoast SEO plugin. -->","yoast_head_json":{"title":"Asesinato de 5 j\u00f3venes en Celaya, por consumo de drogas: AMLO - Fuentes Fidedignas","robots":{"index":"index","follow":"follow","max-snippet":"max-snippet:-1","max-image-preview":"max-image-preview:large","max-video-preview":"max-video-preview:-1"},"canonical":"https:\/\/fuentesfidedignas.com.mx\/index.php\/2023\/12\/06\/asesinato-de-5-jovenes-en-celaya-por-consumo-de-drogas-amlo\/","og_locale":"es_MX","og_type":"article","og_title":"Asesinato de 5 j\u00f3venes en Celaya, por consumo de drogas: AMLO - Fuentes Fidedignas","og_description":"El presidente L\u00f3pez Obrador ofreci\u00f3 detalles acerca de la investigaci\u00f3n sobre el asesinato de cinco estudiantes en Guanajuato Ciudad de M\u00e9xico. En la conferencia matutina de Palacio Nacional, el mandatario mexicano dio detalles acerca de la investigaci\u00f3n sobre el asesinato de los cinco estudiantes. Acaba de haber un problema lamentable en Guanajuato hace dos d\u00edas, [&hellip;]","og_url":"https:\/\/fuentesfidedignas.com.mx\/index.php\/2023\/12\/06\/asesinato-de-5-jovenes-en-celaya-por-consumo-de-drogas-amlo\/","og_site_name":"Fuentes Fidedignas","article_publisher":"https:\/\/www.facebook.com\/Fuentes-Fidedignas-368234489921644","article_published_time":"2023-12-06T18:19:20+00:00","article_modified_time":"2023-12-06T18:19:22+00:00","og_image":[{"width":1024,"height":683,"url":"https:\/\/fuentesfidedignas.com.mx\/wp-content\/uploads\/2023\/12\/operativo-celaya-guanajuato-cinco-asesinatos.jpg","type":"image\/jpeg"}],"author":"L\u00f3pez D\u00f3riga","twitter_card":"summary_large_image","twitter_creator":"@fidedignas","twitter_site":"@fidedignas","twitter_misc":{"Escrito por":"L\u00f3pez D\u00f3riga","Tiempo de lectura":"2 minutos"},"schema":{"@context":"https:\/\/schema.org","@graph":[{"@type":"Article","@id":"https:\/\/fuentesfidedignas.com.mx\/index.php\/2023\/12\/06\/asesinato-de-5-jovenes-en-celaya-por-consumo-de-drogas-amlo\/#article","isPartOf":{"@id":"https:\/\/fuentesfidedignas.com.mx\/index.php\/2023\/12\/06\/asesinato-de-5-jovenes-en-celaya-por-consumo-de-drogas-amlo\/"},"author":{"name":"L\u00f3pez D\u00f3riga","@id":"https:\/\/fuentesfidedignas.com.mx\/#\/schema\/person\/67d852f0557c8509146a4b9ddebd543a"},"headline":"Asesinato de 5 j\u00f3venes en Celaya, por consumo de drogas: AMLO","datePublished":"2023-12-06T18:19:20+00:00","dateModified":"2023-12-06T18:19:22+00:00","mainEntityOfPage":{"@id":"https:\/\/fuentesfidedignas.com.mx\/index.php\/2023\/12\/06\/asesinato-de-5-jovenes-en-celaya-por-consumo-de-drogas-amlo\/"},"wordCount":303,"commentCount":0,"publisher":{"@id":"https:\/\/fuentesfidedignas.com.mx\/#organization"},"image":{"@id":"https:\/\/fuentesfidedignas.com.mx\/index.php\/2023\/12\/06\/asesinato-de-5-jovenes-en-celaya-por-consumo-de-drogas-amlo\/#primaryimage"},"thumbnailUrl":"https:\/\/fuentesfidedignas.com.mx\/wp-content\/uploads\/2023\/12\/operativo-celaya-guanajuato-cinco-asesinatos.jpg","articleSection":["NOTICIAS NACIONALES"],"inLanguage":"es","potentialAction":[{"@type":"CommentAction","name":"Comment","target":["https:\/\/fuentesfidedignas.com.mx\/index.php\/2023\/12\/06\/asesinato-de-5-jovenes-en-celaya-por-consumo-de-drogas-amlo\/#respond"]}]},{"@type":"WebPage","@id":"https:\/\/fuentesfidedignas.com.mx\/index.php\/2023\/12\/06\/asesinato-de-5-jovenes-en-celaya-por-consumo-de-drogas-amlo\/","url":"https:\/\/fuentesfidedignas.com.mx\/index.php\/2023\/12\/06\/asesinato-de-5-jovenes-en-celaya-por-consumo-de-drogas-amlo\/","name":"Asesinato de 5 j\u00f3venes en Celaya, por consumo de drogas: AMLO - Fuentes Fidedignas","isPartOf":{"@id":"https:\/\/fuentesfidedignas.com.mx\/#website"},"primaryImageOfPage":{"@id":"https:\/\/fuentesfidedignas.com.mx\/index.php\/2023\/12\/06\/asesinato-de-5-jovenes-en-celaya-por-consumo-de-drogas-amlo\/#primaryimage"},"image":{"@id":"https:\/\/fuentesfidedignas.com.mx\/index.php\/2023\/12\/06\/asesinato-de-5-jovenes-en-celaya-por-consumo-de-drogas-amlo\/#primaryimage"},"thumbnailUrl":"https:\/\/fuentesfidedignas.com.mx\/wp-content\/uploads\/2023\/12\/operativo-celaya-guanajuato-cinco-asesinatos.jpg","datePublished":"2023-12-06T18:19:20+00:00","dateModified":"2023-12-06T18:19:22+00:00","breadcrumb":{"@id":"https:\/\/fuentesfidedignas.com.mx\/index.php\/2023\/12\/06\/asesinato-de-5-jovenes-en-celaya-por-consumo-de-drogas-amlo\/#breadcrumb"},"inLanguage":"es","potentialAction":[{"@type":"ReadAction","target":["https:\/\/fuentesfidedignas.com.mx\/index.php\/2023\/12\/06\/asesinato-de-5-jovenes-en-celaya-por-consumo-de-drogas-amlo\/"]}]},{"@type":"ImageObject","inLanguage":"es","@id":"https:\/\/fuentesfidedignas.com.mx\/index.php\/2023\/12\/06\/asesinato-de-5-jovenes-en-celaya-por-consumo-de-drogas-amlo\/#primaryimage","url":"https:\/\/fuentesfidedignas.com.mx\/wp-content\/uploads\/2023\/12\/operativo-celaya-guanajuato-cinco-asesinatos.jpg","contentUrl":"https:\/\/fuentesfidedignas.com.mx\/wp-content\/uploads\/2023\/12\/operativo-celaya-guanajuato-cinco-asesinatos.jpg","width":1024,"height":683},{"@type":"BreadcrumbList","@id":"https:\/\/fuentesfidedignas.com.mx\/index.php\/2023\/12\/06\/asesinato-de-5-jovenes-en-celaya-por-consumo-de-drogas-amlo\/#breadcrumb","itemListElement":[{"@type":"ListItem","position":1,"name":"Inicio","item":"https:\/\/fuentesfidedignas.com.mx\/"},{"@type":"ListItem","position":2,"name":"Asesinato de 5 j\u00f3venes en Celaya, por consumo de drogas: AMLO"}]},{"@type":"WebSite","@id":"https:\/\/fuentesfidedignas.com.mx\/#website","url":"https:\/\/fuentesfidedignas.com.mx\/","name":"Fuentes Fidedignas","description":"Otro sitio realizado con WordPress","publisher":{"@id":"https:\/\/fuentesfidedignas.com.mx\/#organization"},"potentialAction":[{"@type":"SearchAction","target":{"@type":"EntryPoint","urlTemplate":"https:\/\/fuentesfidedignas.com.mx\/?s={search_term_string}"},"query-input":{"@type":"PropertyValueSpecification","valueRequired":true,"valueName":"search_term_string"}}],"inLanguage":"es"},{"@type":"Organization","@id":"https:\/\/fuentesfidedignas.com.mx\/#organization","name":"Fuentes Fidedignas","url":"https:\/\/fuentesfidedignas.com.mx\/","logo":{"@type":"ImageObject","inLanguage":"es","@id":"https:\/\/fuentesfidedignas.com.mx\/#\/schema\/logo\/image\/","url":"https:\/\/fuentesfidedignas.com.mx\/wp-content\/uploads\/2021\/04\/logo-retina.png","contentUrl":"https:\/\/fuentesfidedignas.com.mx\/wp-content\/uploads\/2021\/04\/logo-retina.png","width":280,"height":51,"caption":"Fuentes Fidedignas"},"image":{"@id":"https:\/\/fuentesfidedignas.com.mx\/#\/schema\/logo\/image\/"},"sameAs":["https:\/\/www.facebook.com\/Fuentes-Fidedignas-368234489921644","https:\/\/x.com\/fidedignas"]},{"@type":"Person","@id":"https:\/\/fuentesfidedignas.com.mx\/#\/schema\/person\/67d852f0557c8509146a4b9ddebd543a","name":"L\u00f3pez D\u00f3riga","image":{"@type":"ImageObject","inLanguage":"es","@id":"https:\/\/secure.gravatar.com\/avatar\/e525b06574ca18b33cded59dfe5778d6c823b9513154eff47da551b0551bdd1e?s=96&d=mm&r=g","url":"https:\/\/secure.gravatar.com\/avatar\/e525b06574ca18b33cded59dfe5778d6c823b9513154eff47da551b0551bdd1e?s=96&d=mm&r=g","contentUrl":"https:\/\/secure.gravatar.com\/avatar\/e525b06574ca18b33cded59dfe5778d6c823b9513154eff47da551b0551bdd1e?s=96&d=mm&r=g","caption":"L\u00f3pez D\u00f3riga"},"url":"https:\/\/fuentesfidedignas.com.mx\/index.php\/author\/doriga\/"}]}},"_links":{"self":[{"href":"https:\/\/fuentesfidedignas.com.mx\/index.php\/wp-json\/wp\/v2\/posts\/67806","targetHints":{"allow":["GET"]}}],"collection":[{"href":"https:\/\/fuentesfidedignas.com.mx\/index.php\/wp-json\/wp\/v2\/posts"}],"about":[{"href":"https:\/\/fuentesfidedignas.com.mx\/index.php\/wp-json\/wp\/v2\/types\/post"}],"author":[{"embeddable":true,"href":"https:\/\/fuentesfidedignas.com.mx\/index.php\/wp-json\/wp\/v2\/users\/47"}],"replies":[{"embeddable":true,"href":"https:\/\/fuentesfidedignas.com.mx\/index.php\/wp-json\/wp\/v2\/comments?post=67806"}],"version-history":[{"count":1,"href":"https:\/\/fuentesfidedignas.com.mx\/index.php\/wp-json\/wp\/v2\/posts\/67806\/revisions"}],"predecessor-version":[{"id":67814,"href":"https:\/\/fuentesfidedignas.com.mx\/index.php\/wp-json\/wp\/v2\/posts\/67806\/revisions\/67814"}],"wp:featuredmedia":[{"embeddable":true,"href":"https:\/\/fuentesfidedignas.com.mx\/index.php\/wp-json\/wp\/v2\/media\/67813"}],"wp:attachment":[{"href":"https:\/\/fuentesfidedignas.com.mx\/index.php\/wp-json\/wp\/v2\/media?parent=67806"}],"wp:term":[{"taxonomy":"category","embeddable":true,"href":"https:\/\/fuentesfidedignas.com.mx\/index.php\/wp-json\/wp\/v2\/categories?post=67806"},{"taxonomy":"post_tag","embeddable":true,"href":"https:\/\/fuentesfidedignas.com.mx\/index.php\/wp-json\/wp\/v2\/tags?post=67806"}],"curies":[{"name":"wp","href":"https:\/\/api.w.org\/{rel}","templated":true}]}}