{"id":6778,"date":"2021-07-06T00:44:11","date_gmt":"2021-07-06T07:44:11","guid":{"rendered":"https:\/\/fuentesfidedignas.com.mx\/?p=6778"},"modified":"2021-07-06T10:16:45","modified_gmt":"2021-07-06T17:16:45","slug":"estado-y-economia-a-la-luz-de-la-nueva-realidad","status":"publish","type":"post","link":"https:\/\/fuentesfidedignas.com.mx\/index.php\/2021\/07\/06\/estado-y-economia-a-la-luz-de-la-nueva-realidad\/","title":{"rendered":"Estado y econom\u00eda a la luz de la nueva realidad"},"content":{"rendered":"\n<p>\u00d3scar Rivas Inzunza,<\/p>\n\n\n\n<p><strong>Economista. Maestr\u00eda en Negocios Globales por la Escuela de Negocios Darla Moore de la Universidad de Carolina del Sur. Maestr\u00eda en Administraci\u00f3n de Negocios por el Tecnol\u00f3gico de Monterrey. Egresado del Programa de Georgetown en liderazgo e innovaci\u00f3n y del Curso Emerging Leaders de Executive Education de Harvard y del Programa de liderazgo y ciudades inteligentes de la Fundaci\u00f3n Naumann, de Alemania.&nbsp;<\/strong><\/p>\n\n\n\n<p><strong>Presidente fundador del cap\u00edtulo Culiac\u00e1n de la sociedad Bastiat del American Institute for Economic Research.<\/strong><\/p>\n\n\n\n<p><strong>Cofundador de Chilakings Sinaloenses restaurante pr\u00f3ximo a ser franquicia, ha impulsado el emprendimiento juvenil y la consolidaci\u00f3n de negocios de emprendedores latinoamericanos en la ciudad de Miami.<\/strong><\/p>\n\n\n\n<hr class=\"wp-block-separator\"\/>\n\n\n\n<p>El desarrollo regional es un concepto complejo de definir, precisamente ante la pol\u00e9mica m\u00e1s tradicional de la ciencia econ\u00f3mica, que remite a la soluci\u00f3n del dilema entre el Estado como ente promotor del desarrollo y sus l\u00edmites, responsabilidades y capacidades; o lo que representa la relaci\u00f3n del mercado con la estructura social de un pa\u00eds y su amplitud para construir esquemas de igualdad econ\u00f3mica.<\/p>\n\n\n\n<p>Este dilema atrapa a los gobiernos y a su labor. Es decir, la discusi\u00f3n en torno a qui\u00e9n es o debe ser responsable del desarrollo econ\u00f3mico tiene consecuencias inmediatas en la funci\u00f3n de los gobiernos como entes promotoras o no del desarrollo.<\/p>\n\n\n\n<p>El discurso p\u00fablico est\u00e1 lleno de promesas, generalmente incumplidas, de gobiernos o pol\u00edticos que se asumen a s\u00ed mismos y ante la sociedad como constructores de un desarrollo econ\u00f3mico importante, que habr\u00e1 por s\u00ed mismo de garantizar el bienestar colectivo.&nbsp;<\/p>\n\n\n\n<p>Sin embargo, la realidad mundial ha sido \u00e1spera ante tales pretensiones. Si algo observamos como consecuencia clara del proceso de globalizaci\u00f3n econ\u00f3mica, es el hecho de que las crisis propias de cada pa\u00eds se transmiten con mayor rapidez al resto. Y que el principal mecanismo de transmisi\u00f3n lo constituyen los mercados financieros y el de las commodities, el comercio internacional y hasta la cultura popular.<\/p>\n\n\n\n<p>Esto desprotege a los pa\u00edses y a las sociedades y elimina las certezas que, durante mucho tiempo, el Consenso de Washington manifest\u00f3. Ya no basta la disciplina fiscal, la regulaci\u00f3n del gasto p\u00fablico y el proteger los mecanismos de deuda de los pa\u00edses soberanos. La crisis nos remite a una idea de incertidumbre, donde a pesar de hacer la tarea, los pa\u00edses no podr\u00e1n protegerse de las consecuencias de un sistema financiero no regulado.<\/p>\n\n\n\n<p>Todos los gobiernos subnacionales, de una manera u otra, est\u00e1n siendo presionados para ajustarse y adaptarse a las nuevas condiciones de la econom\u00eda mundial. Sus alternativas de \u00e9xito est\u00e1n directamente determinadas por factores como la capacidad para adaptar o crear tecnolog\u00eda, los niveles de inversi\u00f3n nacional y extranjera que pueden captar, la disponibilidad de mano de obra capacitada, el desarrollo de infraestructura, el uso de subcontrataci\u00f3n, la flexibilidad de las empresas, el tipo y la calidad de las exportaciones, el nivel de penetraci\u00f3n de las importaciones y la capacidad de acceso a los mercados mundiales.&nbsp;<\/p>\n\n\n\n<p>Sin estas condiciones, los niveles de vida de la poblaci\u00f3n y los niveles de empleo pueden deteriorarse y sacrificar generaciones en el proceso.<\/p>\n\n\n\n<p>La globalizaci\u00f3n en sus varias dimensiones, las reestructuraciones productivas en curso en todo el mundo y los nuevos requerimientos tecnol\u00f3gicos exigen nuevas intervenciones p\u00fablicas en el espacio nacional. Estas deber\u00e1n orientarse a dotar a las regiones y empresas que en ellas se encuentran de un ambiente econ\u00f3mico e institucional favorable, capaz de volverlas \u00e1giles, flexibles y eficientes.<\/p>\n\n\n\n<p>El gobierno actual y, particularmente, la personalidad de Andr\u00e9s Manuel L\u00f3pez Obrador, omiten en su discurso y su narrativa p\u00fablica, las complejidades antes referidas. Se rescatan ideas del pasado (construir una refiner\u00eda, apelar a la divisi\u00f3n entre ricos-malos y pobres-buenos, entre liberales y conservadores, entre fif\u00edes y patriotas), pero no hay un proyecto de modernidad.<\/p>\n\n\n\n<p>La Cuarta Transformaci\u00f3n es una trampa ret\u00f3rica. Nos dice que ser\u00e1 el mayor cambio en la historia moderna, pero en la propuesta pol\u00edtica solo notamos regresiones autoritarias. Un Presidente que exige al Congreso y al Poder Judicial que act\u00faen como \u00e9l quiere, un Ejecutivo que omite que la realidad internacional es totalmente diferente que la de hace 50 a\u00f1os, pero que elige el inmovilismo apelando a la Doctrina Estrada. En pocas palabras, un gobierno de a\u00f1oranzas y desprecio por el futuro.<\/p>\n\n\n\n<p>No auguro un porvenir de progreso en este sexenio. La polarizaci\u00f3n y la crispaci\u00f3n rebasa cualquier l\u00edmite, incluido el del sentido com\u00fan. El aparato de propaganda digital del gobierno tiende a catalogar a las voces disidentes con adjetivos ominosos.&nbsp;<\/p>\n\n\n\n<p>La democracia es un ejercicio que obliga, dec\u00eda Adenauer, a escuchar. No es posible que se desarrolle en medio del griter\u00edo y mucho menos en la estridencia de quienes aseguran tener la \u00fanica verdad social.&nbsp;<\/p>\n\n\n\n<p>Arrinconar a la disidencia no har\u00e1 sino crispar el ambiente al grado de que las palabras no ser\u00e1n suficientes para sostener las ideas de cada bando. Los dictadores juegan a menudo con los l\u00edmites y los manipulan a conveniencia.&nbsp;<\/p>\n\n\n\n<p>La gobernabilidad es un elemento estabilizador de la sociedad, y sin estabilidad es complicado que se alcancen altas tasas de crecimiento econ\u00f3mico o se construyan instituciones eficientes que resuelvan los conflictos sociales.&nbsp;<\/p>\n\n\n\n<p>El escenario econ\u00f3mico internacional Post-COVID nos exige con una voz m\u00e1s amenazante el cambio de las estructuras tradicionales. Ya no resulta suficiente vivir de los altos precios del petr\u00f3leo, o de las remesas de los inmigrantes. El motor de nuestra econom\u00eda debe de ser el mercado interno y la innovaci\u00f3n.&nbsp;<\/p>\n\n\n\n<p>Desafortunadamente, asistimos a una narrativa de lo p\u00fablico que desprecia la disidencia y eso congela el pensamiento t\u00e9cnico. Si la raz\u00f3n no tiene espacio en la conversaci\u00f3n colectiva, lo que vemos es el estancamiento. China es un ejemplo claro, pues no ha podido generar innovaci\u00f3n ya que quiere emprendedores digitales sin conciencia pol\u00edtica, o m\u00e1s, con una sola conciencia, la que diga el Partido Comunista.&nbsp;&nbsp;<\/p>\n\n\n\n<p>El Libre Mercado no es la soluci\u00f3n a todos los males, pero es una herramienta que alienta y da cauce al cuestionamiento. Un emprendedor es un innovador en la medida en la que hace las preguntas inc\u00f3modas y se avoca a encontrar soluciones m\u00e1s eficientes.&nbsp;<\/p>\n\n\n\n<p>Es por ello que creo que los emprendedores mexicanos hoy m\u00e1s que nunca, deben de apropiarse del espacio social, no solamente con ideas de negocios, sino tambi\u00e9n con el valor de encarar las necedades del pol\u00edtico tradicional.&nbsp;<\/p>\n\n\n\n<p>Bajo la falacia de que el Poder pol\u00edtico debe de estar por encima del Poder Econ\u00f3mico, se nos obliga a aceptar una \u00fanica verdad: la de quien dirige al Estado a capricho, sin contrapesos y solamente con justificaciones morales. Se nos quiere convencer de que el bono democr\u00e1tico es por s\u00ed mismo un evangelio incuestionable. Yo digo que seamos ap\u00f3statas de la autoridad, que opongamos ideas inteligentes a los que se consideran creadores de conceptos que no les pertenecen, como el de democracia o el de lucha c\u00edvica.&nbsp;<\/p>\n\n\n\n<p>Por el contrario, hay una tercera narrativa: la de la innovaci\u00f3n. El Estado ha tenido que abrirse a conversaciones de \u00edndoles social y tecnol\u00f3gica que no comprenden con tanta facilidad los frameworks legales. Y el mercado ha sido golpeado por el avance cient\u00edfico: de las 100 empresas que iniciaron la Bolsa de Valores de Wall Street en el siglo 18, solo quedan 13.&nbsp;<\/p>\n\n\n\n<p>Por ello, la dicotom\u00eda Estado-Mercado como duda irresoluble de la Ciencia Econ\u00f3mica, tiene que abrirse a la posibilidad de ese tercer acto: la innovaci\u00f3n golpea con fuerza a las sociedades, a las empresas, a los gobiernos. Son necesarios nuevos paradigmas (tenemos que buscarlos), para enfrentar al mismo tiempo, un mundo cada vez m\u00e1s digital, con una pol\u00edtica creada y escrita por plumas bien intencionadas, pero del siglo antepasado.<\/p>\n\n\n\n<p>Quienes hemos competido en el extranjero, tanto en temas de emprendimiento como de academia, encontramos que el atraso nacional en muchas \u00e1reas, como la educativa, no solo frena el progreso, sino que promueve la pobreza. Pero que, si hay mentes y corazones dispuestos a romper esquemas, es posible crear soluciones sociales que ayuden a ascender, ayudar, curar, al agravio de un pa\u00eds que en el COVID aument\u00f3 el desempleo y la desigualdad.<\/p>\n\n\n\n<p>\u00bfQu\u00e9 debe de hacerse en estos escenarios? Seguir la cr\u00edtica. Callar ante los errores del obradorismo se convierte en complicidad. Tenemos que estar obligados a recuperar el humor, la voluntad de cuestionar al poder y hasta de burlarnos de \u00e9l. No, los emprendedores no le debemos pleites\u00eda a nadie, salvo a las ideas probadas y a la rebeld\u00eda permanente.&nbsp;<\/p>\n\n\n\n<p>Si el liberalismo no pudo explicar esos rompimientos sociales, el populismo no es la soluci\u00f3n. Necesitamos crear un tercer paradigma, actualizar los postulados econ\u00f3micos de las ciencias sociales para que la libertad no sea detenida y siga siendo la primera y m\u00e1s importante de las b\u00fasquedas del ser humano.<\/p>\n\n\n\n<p>Solamente as\u00ed le daremos a los ciudadanos el poder del cambio social y evitaremos que los tiempos de la incompetencia nos rebasen.<\/p>\n\n\n\n<p>S\u00edguelo en <a href=\"http:\/\/www.rivaswalker.com\/\">http:\/\/www.rivaswalker.com\/<\/a> o en Twitter:<\/p>\n\n\n\n<figure class=\"wp-block-embed is-type-rich is-provider-twitter wp-block-embed-twitter\"><div class=\"wp-block-embed__wrapper\">\n<blockquote class=\"twitter-tweet\" data-width=\"550\" data-dnt=\"true\"><p lang=\"es\" dir=\"ltr\">Les comparto mi nueva columna, ahora en <a href=\"https:\/\/twitter.com\/Fidedignas?ref_src=twsrc%5Etfw\">@Fidedignas<\/a>, en d\u00f3nde hablo del rol de una nueva econom\u00eda en los procesos econ\u00f3micos que vivimos. <a href=\"https:\/\/t.co\/nW3vRfoWv8\">https:\/\/t.co\/nW3vRfoWv8<\/a><\/p>&mdash; Oscar Rivas (@RivasWalker) <a href=\"https:\/\/twitter.com\/RivasWalker\/status\/1412452970491437058?ref_src=twsrc%5Etfw\">July 6, 2021<\/a><\/blockquote><script async src=\"https:\/\/platform.twitter.com\/widgets.js\" charset=\"utf-8\"><\/script>\n<\/div><\/figure>\n","protected":false},"excerpt":{"rendered":"<p>\u00d3scar Rivas Inzunza, Economista. Maestr\u00eda en Negocios Globales por la Escuela de Negocios Darla Moore de la Universidad de Carolina del Sur. Maestr\u00eda en Administraci\u00f3n de Negocios por el Tecnol\u00f3gico de Monterrey. Egresado del Programa de Georgetown en liderazgo e innovaci\u00f3n y del Curso Emerging Leaders de Executive Education de Harvard y del Programa de [&hellip;]<\/p>\n","protected":false},"author":60,"featured_media":6813,"comment_status":"open","ping_status":"open","sticky":false,"template":"","format":"standard","meta":{"tdm_status":"","tdm_grid_status":"","footnotes":""},"categories":[1246],"tags":[485,1245,311,1248,1243,1247],"class_list":{"0":"post-6778","1":"post","2":"type-post","3":"status-publish","4":"format-standard","5":"has-post-thumbnail","7":"category-politropos","8":"tag-economia","9":"tag-economista","10":"tag-mexico","11":"tag-oscar-rivas","12":"tag-politropos","13":"tag-sinaloa-2"},"yoast_head":"<!-- This site is optimized with the Yoast SEO plugin v27.5 - https:\/\/yoast.com\/product\/yoast-seo-wordpress\/ -->\n<title>Estado y econom\u00eda a la luz de la nueva realidad - Fuentes Fidedignas<\/title>\n<meta name=\"robots\" content=\"index, follow, max-snippet:-1, max-image-preview:large, max-video-preview:-1\" \/>\n<link rel=\"canonical\" href=\"https:\/\/fuentesfidedignas.com.mx\/index.php\/2021\/07\/06\/estado-y-economia-a-la-luz-de-la-nueva-realidad\/\" \/>\n<meta property=\"og:locale\" content=\"es_MX\" \/>\n<meta property=\"og:type\" content=\"article\" \/>\n<meta property=\"og:title\" content=\"Estado y econom\u00eda a la luz de la nueva realidad - Fuentes Fidedignas\" \/>\n<meta property=\"og:description\" content=\"\u00d3scar Rivas Inzunza, Economista. Maestr\u00eda en Negocios Globales por la Escuela de Negocios Darla Moore de la Universidad de Carolina del Sur. Maestr\u00eda en Administraci\u00f3n de Negocios por el Tecnol\u00f3gico de Monterrey. Egresado del Programa de Georgetown en liderazgo e innovaci\u00f3n y del Curso Emerging Leaders de Executive Education de Harvard y del Programa de [&hellip;]\" \/>\n<meta property=\"og:url\" content=\"https:\/\/fuentesfidedignas.com.mx\/index.php\/2021\/07\/06\/estado-y-economia-a-la-luz-de-la-nueva-realidad\/\" \/>\n<meta property=\"og:site_name\" content=\"Fuentes Fidedignas\" \/>\n<meta property=\"article:publisher\" content=\"https:\/\/www.facebook.com\/Fuentes-Fidedignas-368234489921644\" \/>\n<meta property=\"article:published_time\" content=\"2021-07-06T07:44:11+00:00\" \/>\n<meta property=\"article:modified_time\" content=\"2021-07-06T17:16:45+00:00\" \/>\n<meta property=\"og:image\" content=\"https:\/\/fuentesfidedignas.com.mx\/wp-content\/uploads\/2021\/07\/IMG_20210706_182252.jpg\" \/>\n\t<meta property=\"og:image:width\" content=\"714\" \/>\n\t<meta property=\"og:image:height\" content=\"813\" \/>\n\t<meta property=\"og:image:type\" content=\"image\/jpeg\" \/>\n<meta name=\"author\" content=\"\u00d3scar Rivas Inzunza\" \/>\n<meta name=\"twitter:card\" content=\"summary_large_image\" \/>\n<meta name=\"twitter:creator\" content=\"@fidedignas\" \/>\n<meta name=\"twitter:site\" content=\"@fidedignas\" \/>\n<meta name=\"twitter:label1\" content=\"Escrito por\" \/>\n\t<meta name=\"twitter:data1\" content=\"\u00d3scar Rivas Inzunza\" \/>\n\t<meta name=\"twitter:label2\" content=\"Tiempo de lectura\" \/>\n\t<meta name=\"twitter:data2\" content=\"7 minutos\" \/>\n<script type=\"application\/ld+json\" class=\"yoast-schema-graph\">{\"@context\":\"https:\\\/\\\/schema.org\",\"@graph\":[{\"@type\":\"Article\",\"@id\":\"https:\\\/\\\/fuentesfidedignas.com.mx\\\/index.php\\\/2021\\\/07\\\/06\\\/estado-y-economia-a-la-luz-de-la-nueva-realidad\\\/#article\",\"isPartOf\":{\"@id\":\"https:\\\/\\\/fuentesfidedignas.com.mx\\\/index.php\\\/2021\\\/07\\\/06\\\/estado-y-economia-a-la-luz-de-la-nueva-realidad\\\/\"},\"author\":{\"name\":\"\u00d3scar Rivas Inzunza\",\"@id\":\"https:\\\/\\\/fuentesfidedignas.com.mx\\\/#\\\/schema\\\/person\\\/ddaca48641399e214cd410040c018537\"},\"headline\":\"Estado y econom\u00eda a la luz de la nueva realidad\",\"datePublished\":\"2021-07-06T07:44:11+00:00\",\"dateModified\":\"2021-07-06T17:16:45+00:00\",\"mainEntityOfPage\":{\"@id\":\"https:\\\/\\\/fuentesfidedignas.com.mx\\\/index.php\\\/2021\\\/07\\\/06\\\/estado-y-economia-a-la-luz-de-la-nueva-realidad\\\/\"},\"wordCount\":1612,\"commentCount\":0,\"publisher\":{\"@id\":\"https:\\\/\\\/fuentesfidedignas.com.mx\\\/#organization\"},\"image\":{\"@id\":\"https:\\\/\\\/fuentesfidedignas.com.mx\\\/index.php\\\/2021\\\/07\\\/06\\\/estado-y-economia-a-la-luz-de-la-nueva-realidad\\\/#primaryimage\"},\"thumbnailUrl\":\"https:\\\/\\\/fuentesfidedignas.com.mx\\\/wp-content\\\/uploads\\\/2021\\\/07\\\/IMG_20210706_182252.jpg\",\"keywords\":[\"Econom\u00eda\",\"economista\",\"M\u00e9xico\",\"\u00d3scar Rivas\",\"politropos\",\"Sinaloa.\"],\"articleSection\":[\"POLITROPOS\"],\"inLanguage\":\"es\",\"potentialAction\":[{\"@type\":\"CommentAction\",\"name\":\"Comment\",\"target\":[\"https:\\\/\\\/fuentesfidedignas.com.mx\\\/index.php\\\/2021\\\/07\\\/06\\\/estado-y-economia-a-la-luz-de-la-nueva-realidad\\\/#respond\"]}]},{\"@type\":\"WebPage\",\"@id\":\"https:\\\/\\\/fuentesfidedignas.com.mx\\\/index.php\\\/2021\\\/07\\\/06\\\/estado-y-economia-a-la-luz-de-la-nueva-realidad\\\/\",\"url\":\"https:\\\/\\\/fuentesfidedignas.com.mx\\\/index.php\\\/2021\\\/07\\\/06\\\/estado-y-economia-a-la-luz-de-la-nueva-realidad\\\/\",\"name\":\"Estado y econom\u00eda a la luz de la nueva realidad - Fuentes Fidedignas\",\"isPartOf\":{\"@id\":\"https:\\\/\\\/fuentesfidedignas.com.mx\\\/#website\"},\"primaryImageOfPage\":{\"@id\":\"https:\\\/\\\/fuentesfidedignas.com.mx\\\/index.php\\\/2021\\\/07\\\/06\\\/estado-y-economia-a-la-luz-de-la-nueva-realidad\\\/#primaryimage\"},\"image\":{\"@id\":\"https:\\\/\\\/fuentesfidedignas.com.mx\\\/index.php\\\/2021\\\/07\\\/06\\\/estado-y-economia-a-la-luz-de-la-nueva-realidad\\\/#primaryimage\"},\"thumbnailUrl\":\"https:\\\/\\\/fuentesfidedignas.com.mx\\\/wp-content\\\/uploads\\\/2021\\\/07\\\/IMG_20210706_182252.jpg\",\"datePublished\":\"2021-07-06T07:44:11+00:00\",\"dateModified\":\"2021-07-06T17:16:45+00:00\",\"breadcrumb\":{\"@id\":\"https:\\\/\\\/fuentesfidedignas.com.mx\\\/index.php\\\/2021\\\/07\\\/06\\\/estado-y-economia-a-la-luz-de-la-nueva-realidad\\\/#breadcrumb\"},\"inLanguage\":\"es\",\"potentialAction\":[{\"@type\":\"ReadAction\",\"target\":[\"https:\\\/\\\/fuentesfidedignas.com.mx\\\/index.php\\\/2021\\\/07\\\/06\\\/estado-y-economia-a-la-luz-de-la-nueva-realidad\\\/\"]}]},{\"@type\":\"ImageObject\",\"inLanguage\":\"es\",\"@id\":\"https:\\\/\\\/fuentesfidedignas.com.mx\\\/index.php\\\/2021\\\/07\\\/06\\\/estado-y-economia-a-la-luz-de-la-nueva-realidad\\\/#primaryimage\",\"url\":\"https:\\\/\\\/fuentesfidedignas.com.mx\\\/wp-content\\\/uploads\\\/2021\\\/07\\\/IMG_20210706_182252.jpg\",\"contentUrl\":\"https:\\\/\\\/fuentesfidedignas.com.mx\\\/wp-content\\\/uploads\\\/2021\\\/07\\\/IMG_20210706_182252.jpg\",\"width\":714,\"height\":813},{\"@type\":\"BreadcrumbList\",\"@id\":\"https:\\\/\\\/fuentesfidedignas.com.mx\\\/index.php\\\/2021\\\/07\\\/06\\\/estado-y-economia-a-la-luz-de-la-nueva-realidad\\\/#breadcrumb\",\"itemListElement\":[{\"@type\":\"ListItem\",\"position\":1,\"name\":\"Inicio\",\"item\":\"https:\\\/\\\/fuentesfidedignas.com.mx\\\/\"},{\"@type\":\"ListItem\",\"position\":2,\"name\":\"Estado y econom\u00eda a la luz de la nueva realidad\"}]},{\"@type\":\"WebSite\",\"@id\":\"https:\\\/\\\/fuentesfidedignas.com.mx\\\/#website\",\"url\":\"https:\\\/\\\/fuentesfidedignas.com.mx\\\/\",\"name\":\"Fuentes Fidedignas\",\"description\":\"Otro sitio realizado con WordPress\",\"publisher\":{\"@id\":\"https:\\\/\\\/fuentesfidedignas.com.mx\\\/#organization\"},\"potentialAction\":[{\"@type\":\"SearchAction\",\"target\":{\"@type\":\"EntryPoint\",\"urlTemplate\":\"https:\\\/\\\/fuentesfidedignas.com.mx\\\/?s={search_term_string}\"},\"query-input\":{\"@type\":\"PropertyValueSpecification\",\"valueRequired\":true,\"valueName\":\"search_term_string\"}}],\"inLanguage\":\"es\"},{\"@type\":\"Organization\",\"@id\":\"https:\\\/\\\/fuentesfidedignas.com.mx\\\/#organization\",\"name\":\"Fuentes Fidedignas\",\"url\":\"https:\\\/\\\/fuentesfidedignas.com.mx\\\/\",\"logo\":{\"@type\":\"ImageObject\",\"inLanguage\":\"es\",\"@id\":\"https:\\\/\\\/fuentesfidedignas.com.mx\\\/#\\\/schema\\\/logo\\\/image\\\/\",\"url\":\"https:\\\/\\\/fuentesfidedignas.com.mx\\\/wp-content\\\/uploads\\\/2021\\\/04\\\/logo-retina.png\",\"contentUrl\":\"https:\\\/\\\/fuentesfidedignas.com.mx\\\/wp-content\\\/uploads\\\/2021\\\/04\\\/logo-retina.png\",\"width\":280,\"height\":51,\"caption\":\"Fuentes Fidedignas\"},\"image\":{\"@id\":\"https:\\\/\\\/fuentesfidedignas.com.mx\\\/#\\\/schema\\\/logo\\\/image\\\/\"},\"sameAs\":[\"https:\\\/\\\/www.facebook.com\\\/Fuentes-Fidedignas-368234489921644\",\"https:\\\/\\\/x.com\\\/fidedignas\"]},{\"@type\":\"Person\",\"@id\":\"https:\\\/\\\/fuentesfidedignas.com.mx\\\/#\\\/schema\\\/person\\\/ddaca48641399e214cd410040c018537\",\"name\":\"\u00d3scar Rivas Inzunza\",\"image\":{\"@type\":\"ImageObject\",\"inLanguage\":\"es\",\"@id\":\"https:\\\/\\\/secure.gravatar.com\\\/avatar\\\/2f27ba39adcf07fb389fd9ddea7d923e163327341e6020f1368063081a0bf6bc?s=96&d=mm&r=g\",\"url\":\"https:\\\/\\\/secure.gravatar.com\\\/avatar\\\/2f27ba39adcf07fb389fd9ddea7d923e163327341e6020f1368063081a0bf6bc?s=96&d=mm&r=g\",\"contentUrl\":\"https:\\\/\\\/secure.gravatar.com\\\/avatar\\\/2f27ba39adcf07fb389fd9ddea7d923e163327341e6020f1368063081a0bf6bc?s=96&d=mm&r=g\",\"caption\":\"\u00d3scar Rivas Inzunza\"},\"url\":\"https:\\\/\\\/fuentesfidedignas.com.mx\\\/index.php\\\/author\\\/oscar-r\\\/\"}]}<\/script>\n<!-- \/ Yoast SEO plugin. -->","yoast_head_json":{"title":"Estado y econom\u00eda a la luz de la nueva realidad - Fuentes Fidedignas","robots":{"index":"index","follow":"follow","max-snippet":"max-snippet:-1","max-image-preview":"max-image-preview:large","max-video-preview":"max-video-preview:-1"},"canonical":"https:\/\/fuentesfidedignas.com.mx\/index.php\/2021\/07\/06\/estado-y-economia-a-la-luz-de-la-nueva-realidad\/","og_locale":"es_MX","og_type":"article","og_title":"Estado y econom\u00eda a la luz de la nueva realidad - Fuentes Fidedignas","og_description":"\u00d3scar Rivas Inzunza, Economista. Maestr\u00eda en Negocios Globales por la Escuela de Negocios Darla Moore de la Universidad de Carolina del Sur. Maestr\u00eda en Administraci\u00f3n de Negocios por el Tecnol\u00f3gico de Monterrey. Egresado del Programa de Georgetown en liderazgo e innovaci\u00f3n y del Curso Emerging Leaders de Executive Education de Harvard y del Programa de [&hellip;]","og_url":"https:\/\/fuentesfidedignas.com.mx\/index.php\/2021\/07\/06\/estado-y-economia-a-la-luz-de-la-nueva-realidad\/","og_site_name":"Fuentes Fidedignas","article_publisher":"https:\/\/www.facebook.com\/Fuentes-Fidedignas-368234489921644","article_published_time":"2021-07-06T07:44:11+00:00","article_modified_time":"2021-07-06T17:16:45+00:00","og_image":[{"width":714,"height":813,"url":"https:\/\/fuentesfidedignas.com.mx\/wp-content\/uploads\/2021\/07\/IMG_20210706_182252.jpg","type":"image\/jpeg"}],"author":"\u00d3scar Rivas Inzunza","twitter_card":"summary_large_image","twitter_creator":"@fidedignas","twitter_site":"@fidedignas","twitter_misc":{"Escrito por":"\u00d3scar Rivas Inzunza","Tiempo de lectura":"7 minutos"},"schema":{"@context":"https:\/\/schema.org","@graph":[{"@type":"Article","@id":"https:\/\/fuentesfidedignas.com.mx\/index.php\/2021\/07\/06\/estado-y-economia-a-la-luz-de-la-nueva-realidad\/#article","isPartOf":{"@id":"https:\/\/fuentesfidedignas.com.mx\/index.php\/2021\/07\/06\/estado-y-economia-a-la-luz-de-la-nueva-realidad\/"},"author":{"name":"\u00d3scar Rivas Inzunza","@id":"https:\/\/fuentesfidedignas.com.mx\/#\/schema\/person\/ddaca48641399e214cd410040c018537"},"headline":"Estado y econom\u00eda a la luz de la nueva realidad","datePublished":"2021-07-06T07:44:11+00:00","dateModified":"2021-07-06T17:16:45+00:00","mainEntityOfPage":{"@id":"https:\/\/fuentesfidedignas.com.mx\/index.php\/2021\/07\/06\/estado-y-economia-a-la-luz-de-la-nueva-realidad\/"},"wordCount":1612,"commentCount":0,"publisher":{"@id":"https:\/\/fuentesfidedignas.com.mx\/#organization"},"image":{"@id":"https:\/\/fuentesfidedignas.com.mx\/index.php\/2021\/07\/06\/estado-y-economia-a-la-luz-de-la-nueva-realidad\/#primaryimage"},"thumbnailUrl":"https:\/\/fuentesfidedignas.com.mx\/wp-content\/uploads\/2021\/07\/IMG_20210706_182252.jpg","keywords":["Econom\u00eda","economista","M\u00e9xico","\u00d3scar Rivas","politropos","Sinaloa."],"articleSection":["POLITROPOS"],"inLanguage":"es","potentialAction":[{"@type":"CommentAction","name":"Comment","target":["https:\/\/fuentesfidedignas.com.mx\/index.php\/2021\/07\/06\/estado-y-economia-a-la-luz-de-la-nueva-realidad\/#respond"]}]},{"@type":"WebPage","@id":"https:\/\/fuentesfidedignas.com.mx\/index.php\/2021\/07\/06\/estado-y-economia-a-la-luz-de-la-nueva-realidad\/","url":"https:\/\/fuentesfidedignas.com.mx\/index.php\/2021\/07\/06\/estado-y-economia-a-la-luz-de-la-nueva-realidad\/","name":"Estado y econom\u00eda a la luz de la nueva realidad - Fuentes Fidedignas","isPartOf":{"@id":"https:\/\/fuentesfidedignas.com.mx\/#website"},"primaryImageOfPage":{"@id":"https:\/\/fuentesfidedignas.com.mx\/index.php\/2021\/07\/06\/estado-y-economia-a-la-luz-de-la-nueva-realidad\/#primaryimage"},"image":{"@id":"https:\/\/fuentesfidedignas.com.mx\/index.php\/2021\/07\/06\/estado-y-economia-a-la-luz-de-la-nueva-realidad\/#primaryimage"},"thumbnailUrl":"https:\/\/fuentesfidedignas.com.mx\/wp-content\/uploads\/2021\/07\/IMG_20210706_182252.jpg","datePublished":"2021-07-06T07:44:11+00:00","dateModified":"2021-07-06T17:16:45+00:00","breadcrumb":{"@id":"https:\/\/fuentesfidedignas.com.mx\/index.php\/2021\/07\/06\/estado-y-economia-a-la-luz-de-la-nueva-realidad\/#breadcrumb"},"inLanguage":"es","potentialAction":[{"@type":"ReadAction","target":["https:\/\/fuentesfidedignas.com.mx\/index.php\/2021\/07\/06\/estado-y-economia-a-la-luz-de-la-nueva-realidad\/"]}]},{"@type":"ImageObject","inLanguage":"es","@id":"https:\/\/fuentesfidedignas.com.mx\/index.php\/2021\/07\/06\/estado-y-economia-a-la-luz-de-la-nueva-realidad\/#primaryimage","url":"https:\/\/fuentesfidedignas.com.mx\/wp-content\/uploads\/2021\/07\/IMG_20210706_182252.jpg","contentUrl":"https:\/\/fuentesfidedignas.com.mx\/wp-content\/uploads\/2021\/07\/IMG_20210706_182252.jpg","width":714,"height":813},{"@type":"BreadcrumbList","@id":"https:\/\/fuentesfidedignas.com.mx\/index.php\/2021\/07\/06\/estado-y-economia-a-la-luz-de-la-nueva-realidad\/#breadcrumb","itemListElement":[{"@type":"ListItem","position":1,"name":"Inicio","item":"https:\/\/fuentesfidedignas.com.mx\/"},{"@type":"ListItem","position":2,"name":"Estado y econom\u00eda a la luz de la nueva realidad"}]},{"@type":"WebSite","@id":"https:\/\/fuentesfidedignas.com.mx\/#website","url":"https:\/\/fuentesfidedignas.com.mx\/","name":"Fuentes Fidedignas","description":"Otro sitio realizado con WordPress","publisher":{"@id":"https:\/\/fuentesfidedignas.com.mx\/#organization"},"potentialAction":[{"@type":"SearchAction","target":{"@type":"EntryPoint","urlTemplate":"https:\/\/fuentesfidedignas.com.mx\/?s={search_term_string}"},"query-input":{"@type":"PropertyValueSpecification","valueRequired":true,"valueName":"search_term_string"}}],"inLanguage":"es"},{"@type":"Organization","@id":"https:\/\/fuentesfidedignas.com.mx\/#organization","name":"Fuentes Fidedignas","url":"https:\/\/fuentesfidedignas.com.mx\/","logo":{"@type":"ImageObject","inLanguage":"es","@id":"https:\/\/fuentesfidedignas.com.mx\/#\/schema\/logo\/image\/","url":"https:\/\/fuentesfidedignas.com.mx\/wp-content\/uploads\/2021\/04\/logo-retina.png","contentUrl":"https:\/\/fuentesfidedignas.com.mx\/wp-content\/uploads\/2021\/04\/logo-retina.png","width":280,"height":51,"caption":"Fuentes Fidedignas"},"image":{"@id":"https:\/\/fuentesfidedignas.com.mx\/#\/schema\/logo\/image\/"},"sameAs":["https:\/\/www.facebook.com\/Fuentes-Fidedignas-368234489921644","https:\/\/x.com\/fidedignas"]},{"@type":"Person","@id":"https:\/\/fuentesfidedignas.com.mx\/#\/schema\/person\/ddaca48641399e214cd410040c018537","name":"\u00d3scar Rivas Inzunza","image":{"@type":"ImageObject","inLanguage":"es","@id":"https:\/\/secure.gravatar.com\/avatar\/2f27ba39adcf07fb389fd9ddea7d923e163327341e6020f1368063081a0bf6bc?s=96&d=mm&r=g","url":"https:\/\/secure.gravatar.com\/avatar\/2f27ba39adcf07fb389fd9ddea7d923e163327341e6020f1368063081a0bf6bc?s=96&d=mm&r=g","contentUrl":"https:\/\/secure.gravatar.com\/avatar\/2f27ba39adcf07fb389fd9ddea7d923e163327341e6020f1368063081a0bf6bc?s=96&d=mm&r=g","caption":"\u00d3scar Rivas Inzunza"},"url":"https:\/\/fuentesfidedignas.com.mx\/index.php\/author\/oscar-r\/"}]}},"_links":{"self":[{"href":"https:\/\/fuentesfidedignas.com.mx\/index.php\/wp-json\/wp\/v2\/posts\/6778","targetHints":{"allow":["GET"]}}],"collection":[{"href":"https:\/\/fuentesfidedignas.com.mx\/index.php\/wp-json\/wp\/v2\/posts"}],"about":[{"href":"https:\/\/fuentesfidedignas.com.mx\/index.php\/wp-json\/wp\/v2\/types\/post"}],"author":[{"embeddable":true,"href":"https:\/\/fuentesfidedignas.com.mx\/index.php\/wp-json\/wp\/v2\/users\/60"}],"replies":[{"embeddable":true,"href":"https:\/\/fuentesfidedignas.com.mx\/index.php\/wp-json\/wp\/v2\/comments?post=6778"}],"version-history":[{"count":6,"href":"https:\/\/fuentesfidedignas.com.mx\/index.php\/wp-json\/wp\/v2\/posts\/6778\/revisions"}],"predecessor-version":[{"id":6820,"href":"https:\/\/fuentesfidedignas.com.mx\/index.php\/wp-json\/wp\/v2\/posts\/6778\/revisions\/6820"}],"wp:featuredmedia":[{"embeddable":true,"href":"https:\/\/fuentesfidedignas.com.mx\/index.php\/wp-json\/wp\/v2\/media\/6813"}],"wp:attachment":[{"href":"https:\/\/fuentesfidedignas.com.mx\/index.php\/wp-json\/wp\/v2\/media?parent=6778"}],"wp:term":[{"taxonomy":"category","embeddable":true,"href":"https:\/\/fuentesfidedignas.com.mx\/index.php\/wp-json\/wp\/v2\/categories?post=6778"},{"taxonomy":"post_tag","embeddable":true,"href":"https:\/\/fuentesfidedignas.com.mx\/index.php\/wp-json\/wp\/v2\/tags?post=6778"}],"curies":[{"name":"wp","href":"https:\/\/api.w.org\/{rel}","templated":true}]}}