{"id":67775,"date":"2023-12-06T05:49:34","date_gmt":"2023-12-06T12:49:34","guid":{"rendered":"https:\/\/fuentesfidedignas.com.mx\/?p=67775"},"modified":"2023-12-05T18:50:09","modified_gmt":"2023-12-06T01:50:09","slug":"descubren-ocho-nuevas-especies-de-aranas-tropicales-en-ecuador","status":"publish","type":"post","link":"https:\/\/fuentesfidedignas.com.mx\/index.php\/2023\/12\/06\/descubren-ocho-nuevas-especies-de-aranas-tropicales-en-ecuador\/","title":{"rendered":"Descubren ocho nuevas especies de ara\u00f1as tropicales en Ecuador"},"content":{"rendered":"\n<p><strong><em>Los nuevos espec\u00edmenes se pueden encontrar desde Bolivia hasta Venezuela y zonas de Per\u00fa.<\/em><\/strong><\/p>\n\n\n\n<p>Investigadores ecuatorianos y alemanes descubrieron ocho nuevas especies de ara\u00f1as tropicales, del g\u00e9nero priscula, en Ecuador.<\/p>\n\n\n\n<p>La diversidad de esta familia de ar\u00e1cnidos, tildados en el gremio como andinos, puede estar en Colombia, Ecuador y Per\u00fa a la altura de Venezuela, el pa\u00eds que m\u00e1s especies registra de este tipo.<\/p>\n\n\n\n<p>Las ara\u00f1as descubiertas fueron bautizadas como:<\/p>\n\n\n\n<ul class=\"wp-block-list\">\n<li>priscula azuay.<\/li>\n\n\n\n<li>priscula llaviucu.<\/li>\n\n\n\n<li>priscula espejoi.<\/li>\n\n\n\n<li>priscula esmeraldas.<\/li>\n\n\n\n<li>priscula chapintza.<\/li>\n\n\n\n<li>priscula pastaza.<\/li>\n\n\n\n<li>priscula bonita.<\/li>\n\n\n\n<li>priscula lumbaqui.<\/li>\n<\/ul>\n\n\n\n<p>As\u00ed lo detall\u00f3 este lunes en un comunicado el Instituto Nacional de Biodiversidad (Inabio), cuyos investigadores participaron en el estudio junto a colegas del Museo de Naturaleza de Hamburgo y el Museo de Investigaci\u00f3n Zool\u00f3gica Alexander Koenig.<\/p>\n\n\n\n<p>Los investigadores Bernhard A. Huber, Guanliang Meng, Nadine Dup\u00e9rr\u00e9, Jonas A. Strin y Mauricio Herrera recolectaron las nuevas especies en diecisiete localidades de Ecuador ubicadas en altitudes que van desde los 640 hasta los 3 mil 160 metros sobre el nivel del mar.<\/p>\n\n\n\n<p>La mayor\u00eda se encontraron en espacios protegidos, como agujeros profundos al nivel del suelo, t\u00faneles debajo de las carreteras, en lo profundo de grandes matas de pasto o en espesos musgos que cubren los troncos de los \u00e1rboles.<\/p>\n\n\n\n<p>Muchas de estas especies pueden ser nocturnas, abandonando sus escondites en la oscuridad y pasando la noche en partes expuestas de sus telara\u00f1as.<\/p>\n\n\n\n<p>La priscula pastaza cuenta con la singularidad de que se la encontr\u00f3 en las cuevas de la reserva R\u00edo Anzu, lo que difiere de las especies que habitan los bosques, pues cuelga completamente expuesta en su red durante el d\u00eda y produce sacos con menos huevos (de seis a siete) que las otras (promedio de 42), pero m\u00e1s grandes.<\/p>\n\n\n\n<p>El Inabio explic\u00f3 que el g\u00e9nero priscula incluye &#8220;las ara\u00f1as patonas neotropicales m\u00e1s grandes&#8221;, pues algunas pueden alcanzar una longitud corporal de aproximadamente siete mil\u00edmetros y una envergadura de patas de m\u00e1s de 12 cent\u00edmetros.<\/p>\n\n\n\n<p>Su estilo de vida es mayoritariamente cr\u00edptico, por lo que siguen estando poco relegadas y estudiadas. &#8220;Algunos espec\u00edmenes permanecen en colecciones sin describir, por lo cual se conoce muy poco acerca de filogenia y biolog\u00eda del g\u00e9nero&#8221;, se\u00f1al\u00f3 la instituci\u00f3n cient\u00edfica ecuatoriana.<\/p>\n\n\n\n<p>La mayor\u00eda de las especies conocidas comparten la coloraci\u00f3n oscura y, por lo tanto, probablemente tambi\u00e9n el estilo de vida camuflado.<\/p>\n\n\n\n<p>Geogr\u00e1ficamente, el g\u00e9nero priscula est\u00e1 restringida en gran medida a los Andes tropicales, desde Bolivia hasta Venezuela, apunt\u00f3 el Inabio en base al estudio publicado que la Revista Europea de Taxonom\u00eda.<\/p>\n\n\n\n<p>&#8220;Los datos actuales sugieren que la mayor diversidad de especies de &#8216;priscula&#8217; se concentra en Venezuela. Sin embargo, es muy probable que esto est\u00e9 sesgado y se deba a las extensas revisiones de especies venezolanas realizadas. Datos no publicados sugieren una diversidad comparable en Colombia, Ecuador y Per\u00fa&#8221;, concluy\u00f3 el informe.<\/p>\n\n\n\n<p><\/p>\n","protected":false},"excerpt":{"rendered":"<p>Los nuevos espec\u00edmenes se pueden encontrar desde Bolivia hasta Venezuela y zonas de Per\u00fa. Investigadores ecuatorianos y alemanes descubrieron ocho nuevas especies de ara\u00f1as tropicales, del g\u00e9nero priscula, en Ecuador. La diversidad de esta familia de ar\u00e1cnidos, tildados en el gremio como andinos, puede estar en Colombia, Ecuador y Per\u00fa a la altura de Venezuela, [&hellip;]<\/p>\n","protected":false},"author":9,"featured_media":67776,"comment_status":"open","ping_status":"open","sticky":false,"template":"","format":"standard","meta":{"tdm_status":"","tdm_grid_status":"","footnotes":""},"categories":[40],"tags":[],"class_list":{"0":"post-67775","1":"post","2":"type-post","3":"status-publish","4":"format-standard","5":"has-post-thumbnail","7":"category-las-asombrosas"},"yoast_head":"<!-- This site is optimized with the Yoast SEO plugin v27.5 - https:\/\/yoast.com\/product\/yoast-seo-wordpress\/ -->\n<title>Descubren ocho nuevas especies de ara\u00f1as tropicales en Ecuador - Fuentes Fidedignas<\/title>\n<meta name=\"robots\" content=\"index, follow, max-snippet:-1, max-image-preview:large, max-video-preview:-1\" \/>\n<link rel=\"canonical\" href=\"https:\/\/fuentesfidedignas.com.mx\/index.php\/2023\/12\/06\/descubren-ocho-nuevas-especies-de-aranas-tropicales-en-ecuador\/\" \/>\n<meta property=\"og:locale\" content=\"es_MX\" \/>\n<meta property=\"og:type\" content=\"article\" \/>\n<meta property=\"og:title\" content=\"Descubren ocho nuevas especies de ara\u00f1as tropicales en Ecuador - Fuentes Fidedignas\" \/>\n<meta property=\"og:description\" content=\"Los nuevos espec\u00edmenes se pueden encontrar desde Bolivia hasta Venezuela y zonas de Per\u00fa. Investigadores ecuatorianos y alemanes descubrieron ocho nuevas especies de ara\u00f1as tropicales, del g\u00e9nero priscula, en Ecuador. La diversidad de esta familia de ar\u00e1cnidos, tildados en el gremio como andinos, puede estar en Colombia, Ecuador y Per\u00fa a la altura de Venezuela, [&hellip;]\" \/>\n<meta property=\"og:url\" content=\"https:\/\/fuentesfidedignas.com.mx\/index.php\/2023\/12\/06\/descubren-ocho-nuevas-especies-de-aranas-tropicales-en-ecuador\/\" \/>\n<meta property=\"og:site_name\" content=\"Fuentes Fidedignas\" \/>\n<meta property=\"article:publisher\" content=\"https:\/\/www.facebook.com\/Fuentes-Fidedignas-368234489921644\" \/>\n<meta property=\"article:published_time\" content=\"2023-12-06T12:49:34+00:00\" \/>\n<meta property=\"og:image\" content=\"https:\/\/fuentesfidedignas.com.mx\/wp-content\/uploads\/2023\/12\/ARANA.jpg\" \/>\n\t<meta property=\"og:image:width\" content=\"934\" \/>\n\t<meta property=\"og:image:height\" content=\"526\" \/>\n\t<meta property=\"og:image:type\" content=\"image\/jpeg\" \/>\n<meta name=\"author\" content=\"Milenio\" \/>\n<meta name=\"twitter:card\" content=\"summary_large_image\" \/>\n<meta name=\"twitter:creator\" content=\"@fidedignas\" \/>\n<meta name=\"twitter:site\" content=\"@fidedignas\" \/>\n<meta name=\"twitter:label1\" content=\"Escrito por\" \/>\n\t<meta name=\"twitter:data1\" content=\"Milenio\" \/>\n\t<meta name=\"twitter:label2\" content=\"Tiempo de lectura\" \/>\n\t<meta name=\"twitter:data2\" content=\"3 minutos\" \/>\n<script type=\"application\/ld+json\" class=\"yoast-schema-graph\">{\"@context\":\"https:\\\/\\\/schema.org\",\"@graph\":[{\"@type\":\"Article\",\"@id\":\"https:\\\/\\\/fuentesfidedignas.com.mx\\\/index.php\\\/2023\\\/12\\\/06\\\/descubren-ocho-nuevas-especies-de-aranas-tropicales-en-ecuador\\\/#article\",\"isPartOf\":{\"@id\":\"https:\\\/\\\/fuentesfidedignas.com.mx\\\/index.php\\\/2023\\\/12\\\/06\\\/descubren-ocho-nuevas-especies-de-aranas-tropicales-en-ecuador\\\/\"},\"author\":{\"name\":\"Milenio\",\"@id\":\"https:\\\/\\\/fuentesfidedignas.com.mx\\\/#\\\/schema\\\/person\\\/47ec0135738f4b0c7495f06a77a2c976\"},\"headline\":\"Descubren ocho nuevas especies de ara\u00f1as tropicales en Ecuador\",\"datePublished\":\"2023-12-06T12:49:34+00:00\",\"mainEntityOfPage\":{\"@id\":\"https:\\\/\\\/fuentesfidedignas.com.mx\\\/index.php\\\/2023\\\/12\\\/06\\\/descubren-ocho-nuevas-especies-de-aranas-tropicales-en-ecuador\\\/\"},\"wordCount\":506,\"commentCount\":0,\"publisher\":{\"@id\":\"https:\\\/\\\/fuentesfidedignas.com.mx\\\/#organization\"},\"image\":{\"@id\":\"https:\\\/\\\/fuentesfidedignas.com.mx\\\/index.php\\\/2023\\\/12\\\/06\\\/descubren-ocho-nuevas-especies-de-aranas-tropicales-en-ecuador\\\/#primaryimage\"},\"thumbnailUrl\":\"https:\\\/\\\/fuentesfidedignas.com.mx\\\/wp-content\\\/uploads\\\/2023\\\/12\\\/ARANA.jpg\",\"articleSection\":[\"LAS ASOMBROSAS\"],\"inLanguage\":\"es\",\"potentialAction\":[{\"@type\":\"CommentAction\",\"name\":\"Comment\",\"target\":[\"https:\\\/\\\/fuentesfidedignas.com.mx\\\/index.php\\\/2023\\\/12\\\/06\\\/descubren-ocho-nuevas-especies-de-aranas-tropicales-en-ecuador\\\/#respond\"]}]},{\"@type\":\"WebPage\",\"@id\":\"https:\\\/\\\/fuentesfidedignas.com.mx\\\/index.php\\\/2023\\\/12\\\/06\\\/descubren-ocho-nuevas-especies-de-aranas-tropicales-en-ecuador\\\/\",\"url\":\"https:\\\/\\\/fuentesfidedignas.com.mx\\\/index.php\\\/2023\\\/12\\\/06\\\/descubren-ocho-nuevas-especies-de-aranas-tropicales-en-ecuador\\\/\",\"name\":\"Descubren ocho nuevas especies de ara\u00f1as tropicales en Ecuador - Fuentes Fidedignas\",\"isPartOf\":{\"@id\":\"https:\\\/\\\/fuentesfidedignas.com.mx\\\/#website\"},\"primaryImageOfPage\":{\"@id\":\"https:\\\/\\\/fuentesfidedignas.com.mx\\\/index.php\\\/2023\\\/12\\\/06\\\/descubren-ocho-nuevas-especies-de-aranas-tropicales-en-ecuador\\\/#primaryimage\"},\"image\":{\"@id\":\"https:\\\/\\\/fuentesfidedignas.com.mx\\\/index.php\\\/2023\\\/12\\\/06\\\/descubren-ocho-nuevas-especies-de-aranas-tropicales-en-ecuador\\\/#primaryimage\"},\"thumbnailUrl\":\"https:\\\/\\\/fuentesfidedignas.com.mx\\\/wp-content\\\/uploads\\\/2023\\\/12\\\/ARANA.jpg\",\"datePublished\":\"2023-12-06T12:49:34+00:00\",\"breadcrumb\":{\"@id\":\"https:\\\/\\\/fuentesfidedignas.com.mx\\\/index.php\\\/2023\\\/12\\\/06\\\/descubren-ocho-nuevas-especies-de-aranas-tropicales-en-ecuador\\\/#breadcrumb\"},\"inLanguage\":\"es\",\"potentialAction\":[{\"@type\":\"ReadAction\",\"target\":[\"https:\\\/\\\/fuentesfidedignas.com.mx\\\/index.php\\\/2023\\\/12\\\/06\\\/descubren-ocho-nuevas-especies-de-aranas-tropicales-en-ecuador\\\/\"]}]},{\"@type\":\"ImageObject\",\"inLanguage\":\"es\",\"@id\":\"https:\\\/\\\/fuentesfidedignas.com.mx\\\/index.php\\\/2023\\\/12\\\/06\\\/descubren-ocho-nuevas-especies-de-aranas-tropicales-en-ecuador\\\/#primaryimage\",\"url\":\"https:\\\/\\\/fuentesfidedignas.com.mx\\\/wp-content\\\/uploads\\\/2023\\\/12\\\/ARANA.jpg\",\"contentUrl\":\"https:\\\/\\\/fuentesfidedignas.com.mx\\\/wp-content\\\/uploads\\\/2023\\\/12\\\/ARANA.jpg\",\"width\":934,\"height\":526},{\"@type\":\"BreadcrumbList\",\"@id\":\"https:\\\/\\\/fuentesfidedignas.com.mx\\\/index.php\\\/2023\\\/12\\\/06\\\/descubren-ocho-nuevas-especies-de-aranas-tropicales-en-ecuador\\\/#breadcrumb\",\"itemListElement\":[{\"@type\":\"ListItem\",\"position\":1,\"name\":\"Inicio\",\"item\":\"https:\\\/\\\/fuentesfidedignas.com.mx\\\/\"},{\"@type\":\"ListItem\",\"position\":2,\"name\":\"Descubren ocho nuevas especies de ara\u00f1as tropicales en Ecuador\"}]},{\"@type\":\"WebSite\",\"@id\":\"https:\\\/\\\/fuentesfidedignas.com.mx\\\/#website\",\"url\":\"https:\\\/\\\/fuentesfidedignas.com.mx\\\/\",\"name\":\"Fuentes Fidedignas\",\"description\":\"Otro sitio realizado con WordPress\",\"publisher\":{\"@id\":\"https:\\\/\\\/fuentesfidedignas.com.mx\\\/#organization\"},\"potentialAction\":[{\"@type\":\"SearchAction\",\"target\":{\"@type\":\"EntryPoint\",\"urlTemplate\":\"https:\\\/\\\/fuentesfidedignas.com.mx\\\/?s={search_term_string}\"},\"query-input\":{\"@type\":\"PropertyValueSpecification\",\"valueRequired\":true,\"valueName\":\"search_term_string\"}}],\"inLanguage\":\"es\"},{\"@type\":\"Organization\",\"@id\":\"https:\\\/\\\/fuentesfidedignas.com.mx\\\/#organization\",\"name\":\"Fuentes Fidedignas\",\"url\":\"https:\\\/\\\/fuentesfidedignas.com.mx\\\/\",\"logo\":{\"@type\":\"ImageObject\",\"inLanguage\":\"es\",\"@id\":\"https:\\\/\\\/fuentesfidedignas.com.mx\\\/#\\\/schema\\\/logo\\\/image\\\/\",\"url\":\"https:\\\/\\\/fuentesfidedignas.com.mx\\\/wp-content\\\/uploads\\\/2021\\\/04\\\/logo-retina.png\",\"contentUrl\":\"https:\\\/\\\/fuentesfidedignas.com.mx\\\/wp-content\\\/uploads\\\/2021\\\/04\\\/logo-retina.png\",\"width\":280,\"height\":51,\"caption\":\"Fuentes Fidedignas\"},\"image\":{\"@id\":\"https:\\\/\\\/fuentesfidedignas.com.mx\\\/#\\\/schema\\\/logo\\\/image\\\/\"},\"sameAs\":[\"https:\\\/\\\/www.facebook.com\\\/Fuentes-Fidedignas-368234489921644\",\"https:\\\/\\\/x.com\\\/fidedignas\"]},{\"@type\":\"Person\",\"@id\":\"https:\\\/\\\/fuentesfidedignas.com.mx\\\/#\\\/schema\\\/person\\\/47ec0135738f4b0c7495f06a77a2c976\",\"name\":\"Milenio\",\"image\":{\"@type\":\"ImageObject\",\"inLanguage\":\"es\",\"@id\":\"https:\\\/\\\/secure.gravatar.com\\\/avatar\\\/acabf7b54753e51c2c76457954577c236b3b764789b19879565769739d1e4a75?s=96&d=mm&r=g\",\"url\":\"https:\\\/\\\/secure.gravatar.com\\\/avatar\\\/acabf7b54753e51c2c76457954577c236b3b764789b19879565769739d1e4a75?s=96&d=mm&r=g\",\"contentUrl\":\"https:\\\/\\\/secure.gravatar.com\\\/avatar\\\/acabf7b54753e51c2c76457954577c236b3b764789b19879565769739d1e4a75?s=96&d=mm&r=g\",\"caption\":\"Milenio\"},\"url\":\"https:\\\/\\\/fuentesfidedignas.com.mx\\\/index.php\\\/author\\\/milenio\\\/\"}]}<\/script>\n<!-- \/ Yoast SEO plugin. -->","yoast_head_json":{"title":"Descubren ocho nuevas especies de ara\u00f1as tropicales en Ecuador - Fuentes Fidedignas","robots":{"index":"index","follow":"follow","max-snippet":"max-snippet:-1","max-image-preview":"max-image-preview:large","max-video-preview":"max-video-preview:-1"},"canonical":"https:\/\/fuentesfidedignas.com.mx\/index.php\/2023\/12\/06\/descubren-ocho-nuevas-especies-de-aranas-tropicales-en-ecuador\/","og_locale":"es_MX","og_type":"article","og_title":"Descubren ocho nuevas especies de ara\u00f1as tropicales en Ecuador - Fuentes Fidedignas","og_description":"Los nuevos espec\u00edmenes se pueden encontrar desde Bolivia hasta Venezuela y zonas de Per\u00fa. Investigadores ecuatorianos y alemanes descubrieron ocho nuevas especies de ara\u00f1as tropicales, del g\u00e9nero priscula, en Ecuador. La diversidad de esta familia de ar\u00e1cnidos, tildados en el gremio como andinos, puede estar en Colombia, Ecuador y Per\u00fa a la altura de Venezuela, [&hellip;]","og_url":"https:\/\/fuentesfidedignas.com.mx\/index.php\/2023\/12\/06\/descubren-ocho-nuevas-especies-de-aranas-tropicales-en-ecuador\/","og_site_name":"Fuentes Fidedignas","article_publisher":"https:\/\/www.facebook.com\/Fuentes-Fidedignas-368234489921644","article_published_time":"2023-12-06T12:49:34+00:00","og_image":[{"width":934,"height":526,"url":"https:\/\/fuentesfidedignas.com.mx\/wp-content\/uploads\/2023\/12\/ARANA.jpg","type":"image\/jpeg"}],"author":"Milenio","twitter_card":"summary_large_image","twitter_creator":"@fidedignas","twitter_site":"@fidedignas","twitter_misc":{"Escrito por":"Milenio","Tiempo de lectura":"3 minutos"},"schema":{"@context":"https:\/\/schema.org","@graph":[{"@type":"Article","@id":"https:\/\/fuentesfidedignas.com.mx\/index.php\/2023\/12\/06\/descubren-ocho-nuevas-especies-de-aranas-tropicales-en-ecuador\/#article","isPartOf":{"@id":"https:\/\/fuentesfidedignas.com.mx\/index.php\/2023\/12\/06\/descubren-ocho-nuevas-especies-de-aranas-tropicales-en-ecuador\/"},"author":{"name":"Milenio","@id":"https:\/\/fuentesfidedignas.com.mx\/#\/schema\/person\/47ec0135738f4b0c7495f06a77a2c976"},"headline":"Descubren ocho nuevas especies de ara\u00f1as tropicales en Ecuador","datePublished":"2023-12-06T12:49:34+00:00","mainEntityOfPage":{"@id":"https:\/\/fuentesfidedignas.com.mx\/index.php\/2023\/12\/06\/descubren-ocho-nuevas-especies-de-aranas-tropicales-en-ecuador\/"},"wordCount":506,"commentCount":0,"publisher":{"@id":"https:\/\/fuentesfidedignas.com.mx\/#organization"},"image":{"@id":"https:\/\/fuentesfidedignas.com.mx\/index.php\/2023\/12\/06\/descubren-ocho-nuevas-especies-de-aranas-tropicales-en-ecuador\/#primaryimage"},"thumbnailUrl":"https:\/\/fuentesfidedignas.com.mx\/wp-content\/uploads\/2023\/12\/ARANA.jpg","articleSection":["LAS ASOMBROSAS"],"inLanguage":"es","potentialAction":[{"@type":"CommentAction","name":"Comment","target":["https:\/\/fuentesfidedignas.com.mx\/index.php\/2023\/12\/06\/descubren-ocho-nuevas-especies-de-aranas-tropicales-en-ecuador\/#respond"]}]},{"@type":"WebPage","@id":"https:\/\/fuentesfidedignas.com.mx\/index.php\/2023\/12\/06\/descubren-ocho-nuevas-especies-de-aranas-tropicales-en-ecuador\/","url":"https:\/\/fuentesfidedignas.com.mx\/index.php\/2023\/12\/06\/descubren-ocho-nuevas-especies-de-aranas-tropicales-en-ecuador\/","name":"Descubren ocho nuevas especies de ara\u00f1as tropicales en Ecuador - Fuentes Fidedignas","isPartOf":{"@id":"https:\/\/fuentesfidedignas.com.mx\/#website"},"primaryImageOfPage":{"@id":"https:\/\/fuentesfidedignas.com.mx\/index.php\/2023\/12\/06\/descubren-ocho-nuevas-especies-de-aranas-tropicales-en-ecuador\/#primaryimage"},"image":{"@id":"https:\/\/fuentesfidedignas.com.mx\/index.php\/2023\/12\/06\/descubren-ocho-nuevas-especies-de-aranas-tropicales-en-ecuador\/#primaryimage"},"thumbnailUrl":"https:\/\/fuentesfidedignas.com.mx\/wp-content\/uploads\/2023\/12\/ARANA.jpg","datePublished":"2023-12-06T12:49:34+00:00","breadcrumb":{"@id":"https:\/\/fuentesfidedignas.com.mx\/index.php\/2023\/12\/06\/descubren-ocho-nuevas-especies-de-aranas-tropicales-en-ecuador\/#breadcrumb"},"inLanguage":"es","potentialAction":[{"@type":"ReadAction","target":["https:\/\/fuentesfidedignas.com.mx\/index.php\/2023\/12\/06\/descubren-ocho-nuevas-especies-de-aranas-tropicales-en-ecuador\/"]}]},{"@type":"ImageObject","inLanguage":"es","@id":"https:\/\/fuentesfidedignas.com.mx\/index.php\/2023\/12\/06\/descubren-ocho-nuevas-especies-de-aranas-tropicales-en-ecuador\/#primaryimage","url":"https:\/\/fuentesfidedignas.com.mx\/wp-content\/uploads\/2023\/12\/ARANA.jpg","contentUrl":"https:\/\/fuentesfidedignas.com.mx\/wp-content\/uploads\/2023\/12\/ARANA.jpg","width":934,"height":526},{"@type":"BreadcrumbList","@id":"https:\/\/fuentesfidedignas.com.mx\/index.php\/2023\/12\/06\/descubren-ocho-nuevas-especies-de-aranas-tropicales-en-ecuador\/#breadcrumb","itemListElement":[{"@type":"ListItem","position":1,"name":"Inicio","item":"https:\/\/fuentesfidedignas.com.mx\/"},{"@type":"ListItem","position":2,"name":"Descubren ocho nuevas especies de ara\u00f1as tropicales en Ecuador"}]},{"@type":"WebSite","@id":"https:\/\/fuentesfidedignas.com.mx\/#website","url":"https:\/\/fuentesfidedignas.com.mx\/","name":"Fuentes Fidedignas","description":"Otro sitio realizado con WordPress","publisher":{"@id":"https:\/\/fuentesfidedignas.com.mx\/#organization"},"potentialAction":[{"@type":"SearchAction","target":{"@type":"EntryPoint","urlTemplate":"https:\/\/fuentesfidedignas.com.mx\/?s={search_term_string}"},"query-input":{"@type":"PropertyValueSpecification","valueRequired":true,"valueName":"search_term_string"}}],"inLanguage":"es"},{"@type":"Organization","@id":"https:\/\/fuentesfidedignas.com.mx\/#organization","name":"Fuentes Fidedignas","url":"https:\/\/fuentesfidedignas.com.mx\/","logo":{"@type":"ImageObject","inLanguage":"es","@id":"https:\/\/fuentesfidedignas.com.mx\/#\/schema\/logo\/image\/","url":"https:\/\/fuentesfidedignas.com.mx\/wp-content\/uploads\/2021\/04\/logo-retina.png","contentUrl":"https:\/\/fuentesfidedignas.com.mx\/wp-content\/uploads\/2021\/04\/logo-retina.png","width":280,"height":51,"caption":"Fuentes Fidedignas"},"image":{"@id":"https:\/\/fuentesfidedignas.com.mx\/#\/schema\/logo\/image\/"},"sameAs":["https:\/\/www.facebook.com\/Fuentes-Fidedignas-368234489921644","https:\/\/x.com\/fidedignas"]},{"@type":"Person","@id":"https:\/\/fuentesfidedignas.com.mx\/#\/schema\/person\/47ec0135738f4b0c7495f06a77a2c976","name":"Milenio","image":{"@type":"ImageObject","inLanguage":"es","@id":"https:\/\/secure.gravatar.com\/avatar\/acabf7b54753e51c2c76457954577c236b3b764789b19879565769739d1e4a75?s=96&d=mm&r=g","url":"https:\/\/secure.gravatar.com\/avatar\/acabf7b54753e51c2c76457954577c236b3b764789b19879565769739d1e4a75?s=96&d=mm&r=g","contentUrl":"https:\/\/secure.gravatar.com\/avatar\/acabf7b54753e51c2c76457954577c236b3b764789b19879565769739d1e4a75?s=96&d=mm&r=g","caption":"Milenio"},"url":"https:\/\/fuentesfidedignas.com.mx\/index.php\/author\/milenio\/"}]}},"_links":{"self":[{"href":"https:\/\/fuentesfidedignas.com.mx\/index.php\/wp-json\/wp\/v2\/posts\/67775","targetHints":{"allow":["GET"]}}],"collection":[{"href":"https:\/\/fuentesfidedignas.com.mx\/index.php\/wp-json\/wp\/v2\/posts"}],"about":[{"href":"https:\/\/fuentesfidedignas.com.mx\/index.php\/wp-json\/wp\/v2\/types\/post"}],"author":[{"embeddable":true,"href":"https:\/\/fuentesfidedignas.com.mx\/index.php\/wp-json\/wp\/v2\/users\/9"}],"replies":[{"embeddable":true,"href":"https:\/\/fuentesfidedignas.com.mx\/index.php\/wp-json\/wp\/v2\/comments?post=67775"}],"version-history":[{"count":1,"href":"https:\/\/fuentesfidedignas.com.mx\/index.php\/wp-json\/wp\/v2\/posts\/67775\/revisions"}],"predecessor-version":[{"id":67777,"href":"https:\/\/fuentesfidedignas.com.mx\/index.php\/wp-json\/wp\/v2\/posts\/67775\/revisions\/67777"}],"wp:featuredmedia":[{"embeddable":true,"href":"https:\/\/fuentesfidedignas.com.mx\/index.php\/wp-json\/wp\/v2\/media\/67776"}],"wp:attachment":[{"href":"https:\/\/fuentesfidedignas.com.mx\/index.php\/wp-json\/wp\/v2\/media?parent=67775"}],"wp:term":[{"taxonomy":"category","embeddable":true,"href":"https:\/\/fuentesfidedignas.com.mx\/index.php\/wp-json\/wp\/v2\/categories?post=67775"},{"taxonomy":"post_tag","embeddable":true,"href":"https:\/\/fuentesfidedignas.com.mx\/index.php\/wp-json\/wp\/v2\/tags?post=67775"}],"curies":[{"name":"wp","href":"https:\/\/api.w.org\/{rel}","templated":true}]}}