{"id":67701,"date":"2023-12-05T09:41:29","date_gmt":"2023-12-05T16:41:29","guid":{"rendered":"https:\/\/fuentesfidedignas.com.mx\/?p=67701"},"modified":"2023-12-05T10:14:04","modified_gmt":"2023-12-05T17:14:04","slug":"marcos-arturo-cota-busca-candidatura-por-morena-a-la-alcaldia-de-sinaloa","status":"publish","type":"post","link":"https:\/\/fuentesfidedignas.com.mx\/index.php\/2023\/12\/05\/marcos-arturo-cota-busca-candidatura-por-morena-a-la-alcaldia-de-sinaloa\/","title":{"rendered":"Marcos Arturo Cota busca candidatura por Morena a la alcald\u00eda de Sinaloa"},"content":{"rendered":"\n<p><em><strong>\u201cHar\u00e9 de Sinaloa un municipio limpio y seguro, sin corrupci\u00f3n, donde los servidores p\u00fablicos tengan como \u00fanico af\u00e1n cumplirle a la sociedad y hacerlo bien, con amabilidad y eficiencia\u201d, declar\u00f3<\/strong><\/em><\/p>\n\n\n\n<p>Sinaloa, Sin. Marcos Arturo Cota Villa present\u00f3 su registro como aspirante para ser quien llegue a la candidatura para la alcald\u00eda de Sinaloa y se\u00f1al\u00f3 que ganar\u00e1 la elecci\u00f3n constitucional para concretar el cambio en el municipio con un gobierno de la mano con la gente.<\/p>\n\n\n\n<p>Al registrarse agradeci\u00f3 el apoyo de la dirigencia y militantes de su partido al advertir que tiene la convicci\u00f3n de poder lograr el cambio que Sinaloa municipio necesita.<\/p>\n\n\n\n<p>\u201cHar\u00e9 de Sinaloa un municipio limpio y seguro, sin corrupci\u00f3n, donde los servidores p\u00fablicos tengan como \u00fanico af\u00e1n cumplirle a la sociedad y hacerlo bien, con amabilidad y eficiencia\u201d, declar\u00f3.<\/p>\n\n\n\n<p>Marcos Arturo Cota Villa es con mucho la mejor propuesta en Sinaloa, no s\u00f3lo considerado por sus compa\u00f1eras y compa\u00f1eros de partido, sino por la sociedad civil pues tiene perfil acad\u00e9mico, pol\u00edtico y la capacidad necesaria para ocupar este cargo.<\/p>\n\n\n\n<p>Para ello le antecede su honestidad, congruencia, trabajo, resultados y respeto hacia las y los ciudadanos desde las diferentes trincheras en las que le ha tocado participar.<\/p>\n\n\n\n<p>A sus 33 a\u00f1os de edad, es una joven promesa de la pol\u00edtica en Sinaloa y actualmente es Oficial del Registro P\u00fablico de la Propiedad y del Comercio del municipio de Sinaloa.<\/p>\n\n\n\n<p>Adem\u00e1s es docente en la Universidad Aut\u00f3noma de Occidente de Sinaloa de Leyva.<\/p>\n\n\n\n<p>Los analistas pol\u00edticos ven a Marcos Arturo Cota Villa como favorito para lograr la candidatura de Morena y tambi\u00e9n como favorito para ganar la elecci\u00f3n de 2024.<\/p>\n\n\n\n<p>Fue colaborador de Jos\u00e9 Rom\u00e1n Rubio L\u00f3pez, recordado cari\u00f1osamente como El Profe Rom\u00e1n, querido activista social y defensor de los ind\u00edgenas del municipio de Sinaloa, asesinado en 2021.<\/p>\n\n\n\n<p>Tambi\u00e9n fue compa\u00f1ero de lucha del Ing. Macario Vizcarra Garc\u00eda, quien fue compa\u00f1ero de f\u00f3rmula del profesor Rom\u00e1n Rubio L\u00f3pez y falleci\u00f3 por COVID-19 en 2021.<\/p>\n\n\n\n<p>Cabe mencionar que Sinaloa es el \u00fanico municipio que gobierna el PRI en la entidad y Marcos Arturo Cota Villa, seguro de ganar la encuesta para la interna de Morena y luego la elecci\u00f3n local, promete que ganar\u00e1 la elecci\u00f3n para que gobierne Morena y llevar la cuarta transformaci\u00f3n a esta alcald\u00eda que tiene la extensi\u00f3n territorial m\u00e1s grande del estado.<\/p>\n","protected":false},"excerpt":{"rendered":"<p>\u201cHar\u00e9 de Sinaloa un municipio limpio y seguro, sin corrupci\u00f3n, donde los servidores p\u00fablicos tengan como \u00fanico af\u00e1n cumplirle a la sociedad y hacerlo bien, con amabilidad y eficiencia\u201d, declar\u00f3 Sinaloa, Sin. Marcos Arturo Cota Villa present\u00f3 su registro como aspirante para ser quien llegue a la candidatura para la alcald\u00eda de Sinaloa y se\u00f1al\u00f3 [&hellip;]<\/p>\n","protected":false},"author":112,"featured_media":67702,"comment_status":"open","ping_status":"open","sticky":false,"template":"","format":"standard","meta":{"tdm_status":"","tdm_grid_status":"","footnotes":""},"categories":[38],"tags":[],"class_list":{"0":"post-67701","1":"post","2":"type-post","3":"status-publish","4":"format-standard","5":"has-post-thumbnail","7":"category-noticias-locales"},"yoast_head":"<!-- This site is optimized with the Yoast SEO plugin v27.5 - https:\/\/yoast.com\/product\/yoast-seo-wordpress\/ -->\n<title>Marcos Arturo Cota busca candidatura por Morena a la alcald\u00eda de Sinaloa - Fuentes Fidedignas<\/title>\n<meta name=\"robots\" content=\"index, follow, max-snippet:-1, max-image-preview:large, max-video-preview:-1\" \/>\n<link rel=\"canonical\" href=\"https:\/\/fuentesfidedignas.com.mx\/index.php\/2023\/12\/05\/marcos-arturo-cota-busca-candidatura-por-morena-a-la-alcaldia-de-sinaloa\/\" \/>\n<meta property=\"og:locale\" content=\"es_MX\" \/>\n<meta property=\"og:type\" content=\"article\" \/>\n<meta property=\"og:title\" content=\"Marcos Arturo Cota busca candidatura por Morena a la alcald\u00eda de Sinaloa - Fuentes Fidedignas\" \/>\n<meta property=\"og:description\" content=\"\u201cHar\u00e9 de Sinaloa un municipio limpio y seguro, sin corrupci\u00f3n, donde los servidores p\u00fablicos tengan como \u00fanico af\u00e1n cumplirle a la sociedad y hacerlo bien, con amabilidad y eficiencia\u201d, declar\u00f3 Sinaloa, Sin. Marcos Arturo Cota Villa present\u00f3 su registro como aspirante para ser quien llegue a la candidatura para la alcald\u00eda de Sinaloa y se\u00f1al\u00f3 [&hellip;]\" \/>\n<meta property=\"og:url\" content=\"https:\/\/fuentesfidedignas.com.mx\/index.php\/2023\/12\/05\/marcos-arturo-cota-busca-candidatura-por-morena-a-la-alcaldia-de-sinaloa\/\" \/>\n<meta property=\"og:site_name\" content=\"Fuentes Fidedignas\" \/>\n<meta property=\"article:publisher\" content=\"https:\/\/www.facebook.com\/Fuentes-Fidedignas-368234489921644\" \/>\n<meta property=\"article:published_time\" content=\"2023-12-05T16:41:29+00:00\" \/>\n<meta property=\"article:modified_time\" content=\"2023-12-05T17:14:04+00:00\" \/>\n<meta property=\"og:image\" content=\"https:\/\/fuentesfidedignas.com.mx\/wp-content\/uploads\/2023\/12\/Screenshot_20231205_093858_WhatsApp.jpg\" \/>\n\t<meta property=\"og:image:width\" content=\"1080\" \/>\n\t<meta property=\"og:image:height\" content=\"834\" \/>\n\t<meta property=\"og:image:type\" content=\"image\/jpeg\" \/>\n<meta name=\"author\" content=\"Leonardo Gutierrez\" \/>\n<meta name=\"twitter:card\" content=\"summary_large_image\" \/>\n<meta name=\"twitter:creator\" content=\"@fidedignas\" \/>\n<meta name=\"twitter:site\" content=\"@fidedignas\" \/>\n<meta name=\"twitter:label1\" content=\"Escrito por\" \/>\n\t<meta name=\"twitter:data1\" content=\"Leonardo Gutierrez\" \/>\n\t<meta name=\"twitter:label2\" content=\"Tiempo de lectura\" \/>\n\t<meta name=\"twitter:data2\" content=\"2 minutos\" \/>\n<script type=\"application\/ld+json\" class=\"yoast-schema-graph\">{\"@context\":\"https:\\\/\\\/schema.org\",\"@graph\":[{\"@type\":\"Article\",\"@id\":\"https:\\\/\\\/fuentesfidedignas.com.mx\\\/index.php\\\/2023\\\/12\\\/05\\\/marcos-arturo-cota-busca-candidatura-por-morena-a-la-alcaldia-de-sinaloa\\\/#article\",\"isPartOf\":{\"@id\":\"https:\\\/\\\/fuentesfidedignas.com.mx\\\/index.php\\\/2023\\\/12\\\/05\\\/marcos-arturo-cota-busca-candidatura-por-morena-a-la-alcaldia-de-sinaloa\\\/\"},\"author\":{\"name\":\"Leonardo Gutierrez\",\"@id\":\"https:\\\/\\\/fuentesfidedignas.com.mx\\\/#\\\/schema\\\/person\\\/c77df25c00baae1d4fdc0340db6f364c\"},\"headline\":\"Marcos Arturo Cota busca candidatura por Morena a la alcald\u00eda de Sinaloa\",\"datePublished\":\"2023-12-05T16:41:29+00:00\",\"dateModified\":\"2023-12-05T17:14:04+00:00\",\"mainEntityOfPage\":{\"@id\":\"https:\\\/\\\/fuentesfidedignas.com.mx\\\/index.php\\\/2023\\\/12\\\/05\\\/marcos-arturo-cota-busca-candidatura-por-morena-a-la-alcaldia-de-sinaloa\\\/\"},\"wordCount\":438,\"commentCount\":0,\"publisher\":{\"@id\":\"https:\\\/\\\/fuentesfidedignas.com.mx\\\/#organization\"},\"image\":{\"@id\":\"https:\\\/\\\/fuentesfidedignas.com.mx\\\/index.php\\\/2023\\\/12\\\/05\\\/marcos-arturo-cota-busca-candidatura-por-morena-a-la-alcaldia-de-sinaloa\\\/#primaryimage\"},\"thumbnailUrl\":\"https:\\\/\\\/fuentesfidedignas.com.mx\\\/wp-content\\\/uploads\\\/2023\\\/12\\\/Screenshot_20231205_093858_WhatsApp.jpg\",\"articleSection\":[\"NOTICIAS LOCALES\"],\"inLanguage\":\"es\",\"potentialAction\":[{\"@type\":\"CommentAction\",\"name\":\"Comment\",\"target\":[\"https:\\\/\\\/fuentesfidedignas.com.mx\\\/index.php\\\/2023\\\/12\\\/05\\\/marcos-arturo-cota-busca-candidatura-por-morena-a-la-alcaldia-de-sinaloa\\\/#respond\"]}]},{\"@type\":\"WebPage\",\"@id\":\"https:\\\/\\\/fuentesfidedignas.com.mx\\\/index.php\\\/2023\\\/12\\\/05\\\/marcos-arturo-cota-busca-candidatura-por-morena-a-la-alcaldia-de-sinaloa\\\/\",\"url\":\"https:\\\/\\\/fuentesfidedignas.com.mx\\\/index.php\\\/2023\\\/12\\\/05\\\/marcos-arturo-cota-busca-candidatura-por-morena-a-la-alcaldia-de-sinaloa\\\/\",\"name\":\"Marcos Arturo Cota busca candidatura por Morena a la alcald\u00eda de Sinaloa - Fuentes Fidedignas\",\"isPartOf\":{\"@id\":\"https:\\\/\\\/fuentesfidedignas.com.mx\\\/#website\"},\"primaryImageOfPage\":{\"@id\":\"https:\\\/\\\/fuentesfidedignas.com.mx\\\/index.php\\\/2023\\\/12\\\/05\\\/marcos-arturo-cota-busca-candidatura-por-morena-a-la-alcaldia-de-sinaloa\\\/#primaryimage\"},\"image\":{\"@id\":\"https:\\\/\\\/fuentesfidedignas.com.mx\\\/index.php\\\/2023\\\/12\\\/05\\\/marcos-arturo-cota-busca-candidatura-por-morena-a-la-alcaldia-de-sinaloa\\\/#primaryimage\"},\"thumbnailUrl\":\"https:\\\/\\\/fuentesfidedignas.com.mx\\\/wp-content\\\/uploads\\\/2023\\\/12\\\/Screenshot_20231205_093858_WhatsApp.jpg\",\"datePublished\":\"2023-12-05T16:41:29+00:00\",\"dateModified\":\"2023-12-05T17:14:04+00:00\",\"breadcrumb\":{\"@id\":\"https:\\\/\\\/fuentesfidedignas.com.mx\\\/index.php\\\/2023\\\/12\\\/05\\\/marcos-arturo-cota-busca-candidatura-por-morena-a-la-alcaldia-de-sinaloa\\\/#breadcrumb\"},\"inLanguage\":\"es\",\"potentialAction\":[{\"@type\":\"ReadAction\",\"target\":[\"https:\\\/\\\/fuentesfidedignas.com.mx\\\/index.php\\\/2023\\\/12\\\/05\\\/marcos-arturo-cota-busca-candidatura-por-morena-a-la-alcaldia-de-sinaloa\\\/\"]}]},{\"@type\":\"ImageObject\",\"inLanguage\":\"es\",\"@id\":\"https:\\\/\\\/fuentesfidedignas.com.mx\\\/index.php\\\/2023\\\/12\\\/05\\\/marcos-arturo-cota-busca-candidatura-por-morena-a-la-alcaldia-de-sinaloa\\\/#primaryimage\",\"url\":\"https:\\\/\\\/fuentesfidedignas.com.mx\\\/wp-content\\\/uploads\\\/2023\\\/12\\\/Screenshot_20231205_093858_WhatsApp.jpg\",\"contentUrl\":\"https:\\\/\\\/fuentesfidedignas.com.mx\\\/wp-content\\\/uploads\\\/2023\\\/12\\\/Screenshot_20231205_093858_WhatsApp.jpg\",\"width\":1080,\"height\":834},{\"@type\":\"BreadcrumbList\",\"@id\":\"https:\\\/\\\/fuentesfidedignas.com.mx\\\/index.php\\\/2023\\\/12\\\/05\\\/marcos-arturo-cota-busca-candidatura-por-morena-a-la-alcaldia-de-sinaloa\\\/#breadcrumb\",\"itemListElement\":[{\"@type\":\"ListItem\",\"position\":1,\"name\":\"Inicio\",\"item\":\"https:\\\/\\\/fuentesfidedignas.com.mx\\\/\"},{\"@type\":\"ListItem\",\"position\":2,\"name\":\"Marcos Arturo Cota busca candidatura por Morena a la alcald\u00eda de Sinaloa\"}]},{\"@type\":\"WebSite\",\"@id\":\"https:\\\/\\\/fuentesfidedignas.com.mx\\\/#website\",\"url\":\"https:\\\/\\\/fuentesfidedignas.com.mx\\\/\",\"name\":\"Fuentes Fidedignas\",\"description\":\"Otro sitio realizado con WordPress\",\"publisher\":{\"@id\":\"https:\\\/\\\/fuentesfidedignas.com.mx\\\/#organization\"},\"potentialAction\":[{\"@type\":\"SearchAction\",\"target\":{\"@type\":\"EntryPoint\",\"urlTemplate\":\"https:\\\/\\\/fuentesfidedignas.com.mx\\\/?s={search_term_string}\"},\"query-input\":{\"@type\":\"PropertyValueSpecification\",\"valueRequired\":true,\"valueName\":\"search_term_string\"}}],\"inLanguage\":\"es\"},{\"@type\":\"Organization\",\"@id\":\"https:\\\/\\\/fuentesfidedignas.com.mx\\\/#organization\",\"name\":\"Fuentes Fidedignas\",\"url\":\"https:\\\/\\\/fuentesfidedignas.com.mx\\\/\",\"logo\":{\"@type\":\"ImageObject\",\"inLanguage\":\"es\",\"@id\":\"https:\\\/\\\/fuentesfidedignas.com.mx\\\/#\\\/schema\\\/logo\\\/image\\\/\",\"url\":\"https:\\\/\\\/fuentesfidedignas.com.mx\\\/wp-content\\\/uploads\\\/2021\\\/04\\\/logo-retina.png\",\"contentUrl\":\"https:\\\/\\\/fuentesfidedignas.com.mx\\\/wp-content\\\/uploads\\\/2021\\\/04\\\/logo-retina.png\",\"width\":280,\"height\":51,\"caption\":\"Fuentes Fidedignas\"},\"image\":{\"@id\":\"https:\\\/\\\/fuentesfidedignas.com.mx\\\/#\\\/schema\\\/logo\\\/image\\\/\"},\"sameAs\":[\"https:\\\/\\\/www.facebook.com\\\/Fuentes-Fidedignas-368234489921644\",\"https:\\\/\\\/x.com\\\/fidedignas\"]},{\"@type\":\"Person\",\"@id\":\"https:\\\/\\\/fuentesfidedignas.com.mx\\\/#\\\/schema\\\/person\\\/c77df25c00baae1d4fdc0340db6f364c\",\"name\":\"Leonardo Gutierrez\",\"image\":{\"@type\":\"ImageObject\",\"inLanguage\":\"es\",\"@id\":\"https:\\\/\\\/secure.gravatar.com\\\/avatar\\\/17b13a7a986cc98ca4d7337340bcac5945cbae677961c354aefb3c7962c8cc1f?s=96&d=mm&r=g\",\"url\":\"https:\\\/\\\/secure.gravatar.com\\\/avatar\\\/17b13a7a986cc98ca4d7337340bcac5945cbae677961c354aefb3c7962c8cc1f?s=96&d=mm&r=g\",\"contentUrl\":\"https:\\\/\\\/secure.gravatar.com\\\/avatar\\\/17b13a7a986cc98ca4d7337340bcac5945cbae677961c354aefb3c7962c8cc1f?s=96&d=mm&r=g\",\"caption\":\"Leonardo Gutierrez\"},\"url\":\"https:\\\/\\\/fuentesfidedignas.com.mx\\\/index.php\\\/author\\\/leonardogut\\\/\"}]}<\/script>\n<!-- \/ Yoast SEO plugin. -->","yoast_head_json":{"title":"Marcos Arturo Cota busca candidatura por Morena a la alcald\u00eda de Sinaloa - Fuentes Fidedignas","robots":{"index":"index","follow":"follow","max-snippet":"max-snippet:-1","max-image-preview":"max-image-preview:large","max-video-preview":"max-video-preview:-1"},"canonical":"https:\/\/fuentesfidedignas.com.mx\/index.php\/2023\/12\/05\/marcos-arturo-cota-busca-candidatura-por-morena-a-la-alcaldia-de-sinaloa\/","og_locale":"es_MX","og_type":"article","og_title":"Marcos Arturo Cota busca candidatura por Morena a la alcald\u00eda de Sinaloa - Fuentes Fidedignas","og_description":"\u201cHar\u00e9 de Sinaloa un municipio limpio y seguro, sin corrupci\u00f3n, donde los servidores p\u00fablicos tengan como \u00fanico af\u00e1n cumplirle a la sociedad y hacerlo bien, con amabilidad y eficiencia\u201d, declar\u00f3 Sinaloa, Sin. Marcos Arturo Cota Villa present\u00f3 su registro como aspirante para ser quien llegue a la candidatura para la alcald\u00eda de Sinaloa y se\u00f1al\u00f3 [&hellip;]","og_url":"https:\/\/fuentesfidedignas.com.mx\/index.php\/2023\/12\/05\/marcos-arturo-cota-busca-candidatura-por-morena-a-la-alcaldia-de-sinaloa\/","og_site_name":"Fuentes Fidedignas","article_publisher":"https:\/\/www.facebook.com\/Fuentes-Fidedignas-368234489921644","article_published_time":"2023-12-05T16:41:29+00:00","article_modified_time":"2023-12-05T17:14:04+00:00","og_image":[{"width":1080,"height":834,"url":"https:\/\/fuentesfidedignas.com.mx\/wp-content\/uploads\/2023\/12\/Screenshot_20231205_093858_WhatsApp.jpg","type":"image\/jpeg"}],"author":"Leonardo Gutierrez","twitter_card":"summary_large_image","twitter_creator":"@fidedignas","twitter_site":"@fidedignas","twitter_misc":{"Escrito por":"Leonardo Gutierrez","Tiempo de lectura":"2 minutos"},"schema":{"@context":"https:\/\/schema.org","@graph":[{"@type":"Article","@id":"https:\/\/fuentesfidedignas.com.mx\/index.php\/2023\/12\/05\/marcos-arturo-cota-busca-candidatura-por-morena-a-la-alcaldia-de-sinaloa\/#article","isPartOf":{"@id":"https:\/\/fuentesfidedignas.com.mx\/index.php\/2023\/12\/05\/marcos-arturo-cota-busca-candidatura-por-morena-a-la-alcaldia-de-sinaloa\/"},"author":{"name":"Leonardo Gutierrez","@id":"https:\/\/fuentesfidedignas.com.mx\/#\/schema\/person\/c77df25c00baae1d4fdc0340db6f364c"},"headline":"Marcos Arturo Cota busca candidatura por Morena a la alcald\u00eda de Sinaloa","datePublished":"2023-12-05T16:41:29+00:00","dateModified":"2023-12-05T17:14:04+00:00","mainEntityOfPage":{"@id":"https:\/\/fuentesfidedignas.com.mx\/index.php\/2023\/12\/05\/marcos-arturo-cota-busca-candidatura-por-morena-a-la-alcaldia-de-sinaloa\/"},"wordCount":438,"commentCount":0,"publisher":{"@id":"https:\/\/fuentesfidedignas.com.mx\/#organization"},"image":{"@id":"https:\/\/fuentesfidedignas.com.mx\/index.php\/2023\/12\/05\/marcos-arturo-cota-busca-candidatura-por-morena-a-la-alcaldia-de-sinaloa\/#primaryimage"},"thumbnailUrl":"https:\/\/fuentesfidedignas.com.mx\/wp-content\/uploads\/2023\/12\/Screenshot_20231205_093858_WhatsApp.jpg","articleSection":["NOTICIAS LOCALES"],"inLanguage":"es","potentialAction":[{"@type":"CommentAction","name":"Comment","target":["https:\/\/fuentesfidedignas.com.mx\/index.php\/2023\/12\/05\/marcos-arturo-cota-busca-candidatura-por-morena-a-la-alcaldia-de-sinaloa\/#respond"]}]},{"@type":"WebPage","@id":"https:\/\/fuentesfidedignas.com.mx\/index.php\/2023\/12\/05\/marcos-arturo-cota-busca-candidatura-por-morena-a-la-alcaldia-de-sinaloa\/","url":"https:\/\/fuentesfidedignas.com.mx\/index.php\/2023\/12\/05\/marcos-arturo-cota-busca-candidatura-por-morena-a-la-alcaldia-de-sinaloa\/","name":"Marcos Arturo Cota busca candidatura por Morena a la alcald\u00eda de Sinaloa - Fuentes Fidedignas","isPartOf":{"@id":"https:\/\/fuentesfidedignas.com.mx\/#website"},"primaryImageOfPage":{"@id":"https:\/\/fuentesfidedignas.com.mx\/index.php\/2023\/12\/05\/marcos-arturo-cota-busca-candidatura-por-morena-a-la-alcaldia-de-sinaloa\/#primaryimage"},"image":{"@id":"https:\/\/fuentesfidedignas.com.mx\/index.php\/2023\/12\/05\/marcos-arturo-cota-busca-candidatura-por-morena-a-la-alcaldia-de-sinaloa\/#primaryimage"},"thumbnailUrl":"https:\/\/fuentesfidedignas.com.mx\/wp-content\/uploads\/2023\/12\/Screenshot_20231205_093858_WhatsApp.jpg","datePublished":"2023-12-05T16:41:29+00:00","dateModified":"2023-12-05T17:14:04+00:00","breadcrumb":{"@id":"https:\/\/fuentesfidedignas.com.mx\/index.php\/2023\/12\/05\/marcos-arturo-cota-busca-candidatura-por-morena-a-la-alcaldia-de-sinaloa\/#breadcrumb"},"inLanguage":"es","potentialAction":[{"@type":"ReadAction","target":["https:\/\/fuentesfidedignas.com.mx\/index.php\/2023\/12\/05\/marcos-arturo-cota-busca-candidatura-por-morena-a-la-alcaldia-de-sinaloa\/"]}]},{"@type":"ImageObject","inLanguage":"es","@id":"https:\/\/fuentesfidedignas.com.mx\/index.php\/2023\/12\/05\/marcos-arturo-cota-busca-candidatura-por-morena-a-la-alcaldia-de-sinaloa\/#primaryimage","url":"https:\/\/fuentesfidedignas.com.mx\/wp-content\/uploads\/2023\/12\/Screenshot_20231205_093858_WhatsApp.jpg","contentUrl":"https:\/\/fuentesfidedignas.com.mx\/wp-content\/uploads\/2023\/12\/Screenshot_20231205_093858_WhatsApp.jpg","width":1080,"height":834},{"@type":"BreadcrumbList","@id":"https:\/\/fuentesfidedignas.com.mx\/index.php\/2023\/12\/05\/marcos-arturo-cota-busca-candidatura-por-morena-a-la-alcaldia-de-sinaloa\/#breadcrumb","itemListElement":[{"@type":"ListItem","position":1,"name":"Inicio","item":"https:\/\/fuentesfidedignas.com.mx\/"},{"@type":"ListItem","position":2,"name":"Marcos Arturo Cota busca candidatura por Morena a la alcald\u00eda de Sinaloa"}]},{"@type":"WebSite","@id":"https:\/\/fuentesfidedignas.com.mx\/#website","url":"https:\/\/fuentesfidedignas.com.mx\/","name":"Fuentes Fidedignas","description":"Otro sitio realizado con WordPress","publisher":{"@id":"https:\/\/fuentesfidedignas.com.mx\/#organization"},"potentialAction":[{"@type":"SearchAction","target":{"@type":"EntryPoint","urlTemplate":"https:\/\/fuentesfidedignas.com.mx\/?s={search_term_string}"},"query-input":{"@type":"PropertyValueSpecification","valueRequired":true,"valueName":"search_term_string"}}],"inLanguage":"es"},{"@type":"Organization","@id":"https:\/\/fuentesfidedignas.com.mx\/#organization","name":"Fuentes Fidedignas","url":"https:\/\/fuentesfidedignas.com.mx\/","logo":{"@type":"ImageObject","inLanguage":"es","@id":"https:\/\/fuentesfidedignas.com.mx\/#\/schema\/logo\/image\/","url":"https:\/\/fuentesfidedignas.com.mx\/wp-content\/uploads\/2021\/04\/logo-retina.png","contentUrl":"https:\/\/fuentesfidedignas.com.mx\/wp-content\/uploads\/2021\/04\/logo-retina.png","width":280,"height":51,"caption":"Fuentes Fidedignas"},"image":{"@id":"https:\/\/fuentesfidedignas.com.mx\/#\/schema\/logo\/image\/"},"sameAs":["https:\/\/www.facebook.com\/Fuentes-Fidedignas-368234489921644","https:\/\/x.com\/fidedignas"]},{"@type":"Person","@id":"https:\/\/fuentesfidedignas.com.mx\/#\/schema\/person\/c77df25c00baae1d4fdc0340db6f364c","name":"Leonardo Gutierrez","image":{"@type":"ImageObject","inLanguage":"es","@id":"https:\/\/secure.gravatar.com\/avatar\/17b13a7a986cc98ca4d7337340bcac5945cbae677961c354aefb3c7962c8cc1f?s=96&d=mm&r=g","url":"https:\/\/secure.gravatar.com\/avatar\/17b13a7a986cc98ca4d7337340bcac5945cbae677961c354aefb3c7962c8cc1f?s=96&d=mm&r=g","contentUrl":"https:\/\/secure.gravatar.com\/avatar\/17b13a7a986cc98ca4d7337340bcac5945cbae677961c354aefb3c7962c8cc1f?s=96&d=mm&r=g","caption":"Leonardo Gutierrez"},"url":"https:\/\/fuentesfidedignas.com.mx\/index.php\/author\/leonardogut\/"}]}},"_links":{"self":[{"href":"https:\/\/fuentesfidedignas.com.mx\/index.php\/wp-json\/wp\/v2\/posts\/67701","targetHints":{"allow":["GET"]}}],"collection":[{"href":"https:\/\/fuentesfidedignas.com.mx\/index.php\/wp-json\/wp\/v2\/posts"}],"about":[{"href":"https:\/\/fuentesfidedignas.com.mx\/index.php\/wp-json\/wp\/v2\/types\/post"}],"author":[{"embeddable":true,"href":"https:\/\/fuentesfidedignas.com.mx\/index.php\/wp-json\/wp\/v2\/users\/112"}],"replies":[{"embeddable":true,"href":"https:\/\/fuentesfidedignas.com.mx\/index.php\/wp-json\/wp\/v2\/comments?post=67701"}],"version-history":[{"count":5,"href":"https:\/\/fuentesfidedignas.com.mx\/index.php\/wp-json\/wp\/v2\/posts\/67701\/revisions"}],"predecessor-version":[{"id":67709,"href":"https:\/\/fuentesfidedignas.com.mx\/index.php\/wp-json\/wp\/v2\/posts\/67701\/revisions\/67709"}],"wp:featuredmedia":[{"embeddable":true,"href":"https:\/\/fuentesfidedignas.com.mx\/index.php\/wp-json\/wp\/v2\/media\/67702"}],"wp:attachment":[{"href":"https:\/\/fuentesfidedignas.com.mx\/index.php\/wp-json\/wp\/v2\/media?parent=67701"}],"wp:term":[{"taxonomy":"category","embeddable":true,"href":"https:\/\/fuentesfidedignas.com.mx\/index.php\/wp-json\/wp\/v2\/categories?post=67701"},{"taxonomy":"post_tag","embeddable":true,"href":"https:\/\/fuentesfidedignas.com.mx\/index.php\/wp-json\/wp\/v2\/tags?post=67701"}],"curies":[{"name":"wp","href":"https:\/\/api.w.org\/{rel}","templated":true}]}}