{"id":67647,"date":"2023-12-05T05:44:14","date_gmt":"2023-12-05T12:44:14","guid":{"rendered":"https:\/\/fuentesfidedignas.com.mx\/?p=67647"},"modified":"2023-12-04T17:44:36","modified_gmt":"2023-12-05T00:44:36","slug":"tribunal-mantiene-la-prohibicion-de-las-corridas-de-toros-en-guadalajara","status":"publish","type":"post","link":"https:\/\/fuentesfidedignas.com.mx\/index.php\/2023\/12\/05\/tribunal-mantiene-la-prohibicion-de-las-corridas-de-toros-en-guadalajara\/","title":{"rendered":"Tribunal mantiene la prohibici\u00f3n de las corridas de toros en Guadalajara"},"content":{"rendered":"\n<p><strong><em>Un tribunal federal de Jalisco mantuvo la prohibici\u00f3n impuesta la semana pasada a las corridas de toros en Guadalajara, a petici\u00f3n de una organizaci\u00f3n defensora de los derechos de los animales.<\/em><\/strong><\/p>\n\n\n\n<p>CIUDAD DE M\u00c9XICO.- Un tribunal federal de Jalisco mantuvo la prohibici\u00f3n impuesta la semana pasada por un juez a las corridas de toros en Guadalajara, esto a petici\u00f3n de una organizaci\u00f3n dedicada a la defensa de los derechos de los animales.<\/p>\n\n\n\n<p>Por mayor\u00eda de dos votos, los magistrados del S\u00e9ptimo Tribunal Colegiado en Materia Administrativa del Tercer Circuito ratificaron la suspensi\u00f3n provisional otorgada por un juez de control la semana pasada, donde proh\u00edbe la fiesta brava en la capital del estado de Jalisco.<\/p>\n\n\n\n<p>La propuesta de la magistrada presidenta, Claudia Mavel Curiel L\u00f3pez, establece que la agrupaci\u00f3n animalista AnimaNaturalis no est\u00e1 impedida de presentar amparos en relaci\u00f3n a la protecci\u00f3n animal y que fue correcta la decisi\u00f3n del juez, ya que con eso se evita que se genere un da\u00f1o irreparable a los toros de lidia.<\/p>\n\n\n\n<p>\u201cFue correcta la determinaci\u00f3n del juez de distrito al conceder la suspensi\u00f3n provisional solicitada bajo el efecto que se suspendan de inmediato los espect\u00e1culos taurinos en el municipio de Guadalajara, ya que la adopci\u00f3n de la medida satisface el beneficio que se irroga a la colectividad, ya que la sociedad se encuentra interesada en la consecuci\u00f3n de ese prop\u00f3sito referente a la obligaci\u00f3n de evitar un da\u00f1o irreparable, como lo es causar dolor, sufrimiento, agon\u00eda y ansiedad injustificados a los toros de lidia\u201d, indic\u00f3 la magistrada Curiel L\u00f3pez.<\/p>\n\n\n\n<p>Por otro lado, el magistrado Mois\u00e9s Mu\u00f1oz Padilla emiti\u00f3 un voto en contra, argumentando que la asociaci\u00f3n AnimaNaturalis carece de facultades, ya que no se puede equiparar una organizaci\u00f3n que protege al medio ambiente con las que protegen animales.<\/p>\n\n\n\n<p>Al respecto, la magistrada presidenta se\u00f1al\u00f3 que s\u00ed hab\u00eda registro de que la asociaci\u00f3n se establece como una que protege a los animales, seg\u00fan algunas notas period\u00edsticas y de la misma organizaci\u00f3n.<\/p>\n\n\n\n<p>Este asunto se deriva de una suspensi\u00f3n otorgada por el juez Decimonoveno de Distrito en Materias Administrativa, Civil y de Trabajo en el Estado de Jalisco, Luis Alberto M\u00e1rquez Pedroza, quien fren\u00f3 la tauromaquia en Guadalajara debido al amparo promovido por AnimaNaturalis.<\/p>\n\n\n\n<p>\u00c9sta se suma a la otorgada por el juez primero de distrito de materia administrativa de la Ciudad de M\u00e9xico, Jonathan Bass Herrera, quien determin\u00f3 frenar las corridas de toros en la Plaza de Toros de la capital del pa\u00eds.<\/p>\n","protected":false},"excerpt":{"rendered":"<p>Un tribunal federal de Jalisco mantuvo la prohibici\u00f3n impuesta la semana pasada a las corridas de toros en Guadalajara, a petici\u00f3n de una organizaci\u00f3n defensora de los derechos de los animales. CIUDAD DE M\u00c9XICO.- Un tribunal federal de Jalisco mantuvo la prohibici\u00f3n impuesta la semana pasada por un juez a las corridas de toros en [&hellip;]<\/p>\n","protected":false},"author":50,"featured_media":67648,"comment_status":"open","ping_status":"open","sticky":false,"template":"","format":"standard","meta":{"tdm_status":"","tdm_grid_status":"","footnotes":""},"categories":[32,36],"tags":[],"class_list":{"0":"post-67647","1":"post","2":"type-post","3":"status-publish","4":"format-standard","5":"has-post-thumbnail","7":"category-derechos-animales","8":"category-semanales"},"yoast_head":"<!-- This site is optimized with the Yoast SEO plugin v27.5 - https:\/\/yoast.com\/product\/yoast-seo-wordpress\/ -->\n<title>Tribunal mantiene la prohibici\u00f3n de las corridas de toros en Guadalajara - Fuentes Fidedignas<\/title>\n<meta name=\"robots\" content=\"index, follow, max-snippet:-1, max-image-preview:large, max-video-preview:-1\" \/>\n<link rel=\"canonical\" href=\"https:\/\/fuentesfidedignas.com.mx\/index.php\/2023\/12\/05\/tribunal-mantiene-la-prohibicion-de-las-corridas-de-toros-en-guadalajara\/\" \/>\n<meta property=\"og:locale\" content=\"es_MX\" \/>\n<meta property=\"og:type\" content=\"article\" \/>\n<meta property=\"og:title\" content=\"Tribunal mantiene la prohibici\u00f3n de las corridas de toros en Guadalajara - Fuentes Fidedignas\" \/>\n<meta property=\"og:description\" content=\"Un tribunal federal de Jalisco mantuvo la prohibici\u00f3n impuesta la semana pasada a las corridas de toros en Guadalajara, a petici\u00f3n de una organizaci\u00f3n defensora de los derechos de los animales. CIUDAD DE M\u00c9XICO.- Un tribunal federal de Jalisco mantuvo la prohibici\u00f3n impuesta la semana pasada por un juez a las corridas de toros en [&hellip;]\" \/>\n<meta property=\"og:url\" content=\"https:\/\/fuentesfidedignas.com.mx\/index.php\/2023\/12\/05\/tribunal-mantiene-la-prohibicion-de-las-corridas-de-toros-en-guadalajara\/\" \/>\n<meta property=\"og:site_name\" content=\"Fuentes Fidedignas\" \/>\n<meta property=\"article:publisher\" content=\"https:\/\/www.facebook.com\/Fuentes-Fidedignas-368234489921644\" \/>\n<meta property=\"article:published_time\" content=\"2023-12-05T12:44:14+00:00\" \/>\n<meta property=\"og:image\" content=\"https:\/\/fuentesfidedignas.com.mx\/wp-content\/uploads\/2023\/12\/CORRIDA_TOROS.jpg\" \/>\n\t<meta property=\"og:image:width\" content=\"1143\" \/>\n\t<meta property=\"og:image:height\" content=\"760\" \/>\n\t<meta property=\"og:image:type\" content=\"image\/jpeg\" \/>\n<meta name=\"author\" content=\"Proceso\" \/>\n<meta name=\"twitter:card\" content=\"summary_large_image\" \/>\n<meta name=\"twitter:creator\" content=\"@fidedignas\" \/>\n<meta name=\"twitter:site\" content=\"@fidedignas\" \/>\n<meta name=\"twitter:label1\" content=\"Escrito por\" \/>\n\t<meta name=\"twitter:data1\" content=\"Proceso\" \/>\n\t<meta name=\"twitter:label2\" content=\"Tiempo de lectura\" \/>\n\t<meta name=\"twitter:data2\" content=\"2 minutos\" \/>\n<script type=\"application\/ld+json\" class=\"yoast-schema-graph\">{\"@context\":\"https:\\\/\\\/schema.org\",\"@graph\":[{\"@type\":\"Article\",\"@id\":\"https:\\\/\\\/fuentesfidedignas.com.mx\\\/index.php\\\/2023\\\/12\\\/05\\\/tribunal-mantiene-la-prohibicion-de-las-corridas-de-toros-en-guadalajara\\\/#article\",\"isPartOf\":{\"@id\":\"https:\\\/\\\/fuentesfidedignas.com.mx\\\/index.php\\\/2023\\\/12\\\/05\\\/tribunal-mantiene-la-prohibicion-de-las-corridas-de-toros-en-guadalajara\\\/\"},\"author\":{\"name\":\"Proceso\",\"@id\":\"https:\\\/\\\/fuentesfidedignas.com.mx\\\/#\\\/schema\\\/person\\\/eb72247ff123b3ce5e4cadc7f50ae372\"},\"headline\":\"Tribunal mantiene la prohibici\u00f3n de las corridas de toros en Guadalajara\",\"datePublished\":\"2023-12-05T12:44:14+00:00\",\"mainEntityOfPage\":{\"@id\":\"https:\\\/\\\/fuentesfidedignas.com.mx\\\/index.php\\\/2023\\\/12\\\/05\\\/tribunal-mantiene-la-prohibicion-de-las-corridas-de-toros-en-guadalajara\\\/\"},\"wordCount\":462,\"commentCount\":0,\"publisher\":{\"@id\":\"https:\\\/\\\/fuentesfidedignas.com.mx\\\/#organization\"},\"image\":{\"@id\":\"https:\\\/\\\/fuentesfidedignas.com.mx\\\/index.php\\\/2023\\\/12\\\/05\\\/tribunal-mantiene-la-prohibicion-de-las-corridas-de-toros-en-guadalajara\\\/#primaryimage\"},\"thumbnailUrl\":\"https:\\\/\\\/fuentesfidedignas.com.mx\\\/wp-content\\\/uploads\\\/2023\\\/12\\\/CORRIDA_TOROS.jpg\",\"articleSection\":[\"DERECHOS ANIMALES\",\"SEMANALES\"],\"inLanguage\":\"es\",\"potentialAction\":[{\"@type\":\"CommentAction\",\"name\":\"Comment\",\"target\":[\"https:\\\/\\\/fuentesfidedignas.com.mx\\\/index.php\\\/2023\\\/12\\\/05\\\/tribunal-mantiene-la-prohibicion-de-las-corridas-de-toros-en-guadalajara\\\/#respond\"]}]},{\"@type\":\"WebPage\",\"@id\":\"https:\\\/\\\/fuentesfidedignas.com.mx\\\/index.php\\\/2023\\\/12\\\/05\\\/tribunal-mantiene-la-prohibicion-de-las-corridas-de-toros-en-guadalajara\\\/\",\"url\":\"https:\\\/\\\/fuentesfidedignas.com.mx\\\/index.php\\\/2023\\\/12\\\/05\\\/tribunal-mantiene-la-prohibicion-de-las-corridas-de-toros-en-guadalajara\\\/\",\"name\":\"Tribunal mantiene la prohibici\u00f3n de las corridas de toros en Guadalajara - Fuentes Fidedignas\",\"isPartOf\":{\"@id\":\"https:\\\/\\\/fuentesfidedignas.com.mx\\\/#website\"},\"primaryImageOfPage\":{\"@id\":\"https:\\\/\\\/fuentesfidedignas.com.mx\\\/index.php\\\/2023\\\/12\\\/05\\\/tribunal-mantiene-la-prohibicion-de-las-corridas-de-toros-en-guadalajara\\\/#primaryimage\"},\"image\":{\"@id\":\"https:\\\/\\\/fuentesfidedignas.com.mx\\\/index.php\\\/2023\\\/12\\\/05\\\/tribunal-mantiene-la-prohibicion-de-las-corridas-de-toros-en-guadalajara\\\/#primaryimage\"},\"thumbnailUrl\":\"https:\\\/\\\/fuentesfidedignas.com.mx\\\/wp-content\\\/uploads\\\/2023\\\/12\\\/CORRIDA_TOROS.jpg\",\"datePublished\":\"2023-12-05T12:44:14+00:00\",\"breadcrumb\":{\"@id\":\"https:\\\/\\\/fuentesfidedignas.com.mx\\\/index.php\\\/2023\\\/12\\\/05\\\/tribunal-mantiene-la-prohibicion-de-las-corridas-de-toros-en-guadalajara\\\/#breadcrumb\"},\"inLanguage\":\"es\",\"potentialAction\":[{\"@type\":\"ReadAction\",\"target\":[\"https:\\\/\\\/fuentesfidedignas.com.mx\\\/index.php\\\/2023\\\/12\\\/05\\\/tribunal-mantiene-la-prohibicion-de-las-corridas-de-toros-en-guadalajara\\\/\"]}]},{\"@type\":\"ImageObject\",\"inLanguage\":\"es\",\"@id\":\"https:\\\/\\\/fuentesfidedignas.com.mx\\\/index.php\\\/2023\\\/12\\\/05\\\/tribunal-mantiene-la-prohibicion-de-las-corridas-de-toros-en-guadalajara\\\/#primaryimage\",\"url\":\"https:\\\/\\\/fuentesfidedignas.com.mx\\\/wp-content\\\/uploads\\\/2023\\\/12\\\/CORRIDA_TOROS.jpg\",\"contentUrl\":\"https:\\\/\\\/fuentesfidedignas.com.mx\\\/wp-content\\\/uploads\\\/2023\\\/12\\\/CORRIDA_TOROS.jpg\",\"width\":1143,\"height\":760},{\"@type\":\"BreadcrumbList\",\"@id\":\"https:\\\/\\\/fuentesfidedignas.com.mx\\\/index.php\\\/2023\\\/12\\\/05\\\/tribunal-mantiene-la-prohibicion-de-las-corridas-de-toros-en-guadalajara\\\/#breadcrumb\",\"itemListElement\":[{\"@type\":\"ListItem\",\"position\":1,\"name\":\"Inicio\",\"item\":\"https:\\\/\\\/fuentesfidedignas.com.mx\\\/\"},{\"@type\":\"ListItem\",\"position\":2,\"name\":\"Tribunal mantiene la prohibici\u00f3n de las corridas de toros en Guadalajara\"}]},{\"@type\":\"WebSite\",\"@id\":\"https:\\\/\\\/fuentesfidedignas.com.mx\\\/#website\",\"url\":\"https:\\\/\\\/fuentesfidedignas.com.mx\\\/\",\"name\":\"Fuentes Fidedignas\",\"description\":\"Otro sitio realizado con WordPress\",\"publisher\":{\"@id\":\"https:\\\/\\\/fuentesfidedignas.com.mx\\\/#organization\"},\"potentialAction\":[{\"@type\":\"SearchAction\",\"target\":{\"@type\":\"EntryPoint\",\"urlTemplate\":\"https:\\\/\\\/fuentesfidedignas.com.mx\\\/?s={search_term_string}\"},\"query-input\":{\"@type\":\"PropertyValueSpecification\",\"valueRequired\":true,\"valueName\":\"search_term_string\"}}],\"inLanguage\":\"es\"},{\"@type\":\"Organization\",\"@id\":\"https:\\\/\\\/fuentesfidedignas.com.mx\\\/#organization\",\"name\":\"Fuentes Fidedignas\",\"url\":\"https:\\\/\\\/fuentesfidedignas.com.mx\\\/\",\"logo\":{\"@type\":\"ImageObject\",\"inLanguage\":\"es\",\"@id\":\"https:\\\/\\\/fuentesfidedignas.com.mx\\\/#\\\/schema\\\/logo\\\/image\\\/\",\"url\":\"https:\\\/\\\/fuentesfidedignas.com.mx\\\/wp-content\\\/uploads\\\/2021\\\/04\\\/logo-retina.png\",\"contentUrl\":\"https:\\\/\\\/fuentesfidedignas.com.mx\\\/wp-content\\\/uploads\\\/2021\\\/04\\\/logo-retina.png\",\"width\":280,\"height\":51,\"caption\":\"Fuentes Fidedignas\"},\"image\":{\"@id\":\"https:\\\/\\\/fuentesfidedignas.com.mx\\\/#\\\/schema\\\/logo\\\/image\\\/\"},\"sameAs\":[\"https:\\\/\\\/www.facebook.com\\\/Fuentes-Fidedignas-368234489921644\",\"https:\\\/\\\/x.com\\\/fidedignas\"]},{\"@type\":\"Person\",\"@id\":\"https:\\\/\\\/fuentesfidedignas.com.mx\\\/#\\\/schema\\\/person\\\/eb72247ff123b3ce5e4cadc7f50ae372\",\"name\":\"Proceso\",\"image\":{\"@type\":\"ImageObject\",\"inLanguage\":\"es\",\"@id\":\"https:\\\/\\\/secure.gravatar.com\\\/avatar\\\/0bb01ecb091d50a46122cbe5cc32ffea15a000f83628f1e40458e669d38ff2cd?s=96&d=mm&r=g\",\"url\":\"https:\\\/\\\/secure.gravatar.com\\\/avatar\\\/0bb01ecb091d50a46122cbe5cc32ffea15a000f83628f1e40458e669d38ff2cd?s=96&d=mm&r=g\",\"contentUrl\":\"https:\\\/\\\/secure.gravatar.com\\\/avatar\\\/0bb01ecb091d50a46122cbe5cc32ffea15a000f83628f1e40458e669d38ff2cd?s=96&d=mm&r=g\",\"caption\":\"Proceso\"},\"url\":\"https:\\\/\\\/fuentesfidedignas.com.mx\\\/index.php\\\/author\\\/proceso\\\/\"}]}<\/script>\n<!-- \/ Yoast SEO plugin. -->","yoast_head_json":{"title":"Tribunal mantiene la prohibici\u00f3n de las corridas de toros en Guadalajara - Fuentes Fidedignas","robots":{"index":"index","follow":"follow","max-snippet":"max-snippet:-1","max-image-preview":"max-image-preview:large","max-video-preview":"max-video-preview:-1"},"canonical":"https:\/\/fuentesfidedignas.com.mx\/index.php\/2023\/12\/05\/tribunal-mantiene-la-prohibicion-de-las-corridas-de-toros-en-guadalajara\/","og_locale":"es_MX","og_type":"article","og_title":"Tribunal mantiene la prohibici\u00f3n de las corridas de toros en Guadalajara - Fuentes Fidedignas","og_description":"Un tribunal federal de Jalisco mantuvo la prohibici\u00f3n impuesta la semana pasada a las corridas de toros en Guadalajara, a petici\u00f3n de una organizaci\u00f3n defensora de los derechos de los animales. CIUDAD DE M\u00c9XICO.- Un tribunal federal de Jalisco mantuvo la prohibici\u00f3n impuesta la semana pasada por un juez a las corridas de toros en [&hellip;]","og_url":"https:\/\/fuentesfidedignas.com.mx\/index.php\/2023\/12\/05\/tribunal-mantiene-la-prohibicion-de-las-corridas-de-toros-en-guadalajara\/","og_site_name":"Fuentes Fidedignas","article_publisher":"https:\/\/www.facebook.com\/Fuentes-Fidedignas-368234489921644","article_published_time":"2023-12-05T12:44:14+00:00","og_image":[{"width":1143,"height":760,"url":"https:\/\/fuentesfidedignas.com.mx\/wp-content\/uploads\/2023\/12\/CORRIDA_TOROS.jpg","type":"image\/jpeg"}],"author":"Proceso","twitter_card":"summary_large_image","twitter_creator":"@fidedignas","twitter_site":"@fidedignas","twitter_misc":{"Escrito por":"Proceso","Tiempo de lectura":"2 minutos"},"schema":{"@context":"https:\/\/schema.org","@graph":[{"@type":"Article","@id":"https:\/\/fuentesfidedignas.com.mx\/index.php\/2023\/12\/05\/tribunal-mantiene-la-prohibicion-de-las-corridas-de-toros-en-guadalajara\/#article","isPartOf":{"@id":"https:\/\/fuentesfidedignas.com.mx\/index.php\/2023\/12\/05\/tribunal-mantiene-la-prohibicion-de-las-corridas-de-toros-en-guadalajara\/"},"author":{"name":"Proceso","@id":"https:\/\/fuentesfidedignas.com.mx\/#\/schema\/person\/eb72247ff123b3ce5e4cadc7f50ae372"},"headline":"Tribunal mantiene la prohibici\u00f3n de las corridas de toros en Guadalajara","datePublished":"2023-12-05T12:44:14+00:00","mainEntityOfPage":{"@id":"https:\/\/fuentesfidedignas.com.mx\/index.php\/2023\/12\/05\/tribunal-mantiene-la-prohibicion-de-las-corridas-de-toros-en-guadalajara\/"},"wordCount":462,"commentCount":0,"publisher":{"@id":"https:\/\/fuentesfidedignas.com.mx\/#organization"},"image":{"@id":"https:\/\/fuentesfidedignas.com.mx\/index.php\/2023\/12\/05\/tribunal-mantiene-la-prohibicion-de-las-corridas-de-toros-en-guadalajara\/#primaryimage"},"thumbnailUrl":"https:\/\/fuentesfidedignas.com.mx\/wp-content\/uploads\/2023\/12\/CORRIDA_TOROS.jpg","articleSection":["DERECHOS ANIMALES","SEMANALES"],"inLanguage":"es","potentialAction":[{"@type":"CommentAction","name":"Comment","target":["https:\/\/fuentesfidedignas.com.mx\/index.php\/2023\/12\/05\/tribunal-mantiene-la-prohibicion-de-las-corridas-de-toros-en-guadalajara\/#respond"]}]},{"@type":"WebPage","@id":"https:\/\/fuentesfidedignas.com.mx\/index.php\/2023\/12\/05\/tribunal-mantiene-la-prohibicion-de-las-corridas-de-toros-en-guadalajara\/","url":"https:\/\/fuentesfidedignas.com.mx\/index.php\/2023\/12\/05\/tribunal-mantiene-la-prohibicion-de-las-corridas-de-toros-en-guadalajara\/","name":"Tribunal mantiene la prohibici\u00f3n de las corridas de toros en Guadalajara - Fuentes Fidedignas","isPartOf":{"@id":"https:\/\/fuentesfidedignas.com.mx\/#website"},"primaryImageOfPage":{"@id":"https:\/\/fuentesfidedignas.com.mx\/index.php\/2023\/12\/05\/tribunal-mantiene-la-prohibicion-de-las-corridas-de-toros-en-guadalajara\/#primaryimage"},"image":{"@id":"https:\/\/fuentesfidedignas.com.mx\/index.php\/2023\/12\/05\/tribunal-mantiene-la-prohibicion-de-las-corridas-de-toros-en-guadalajara\/#primaryimage"},"thumbnailUrl":"https:\/\/fuentesfidedignas.com.mx\/wp-content\/uploads\/2023\/12\/CORRIDA_TOROS.jpg","datePublished":"2023-12-05T12:44:14+00:00","breadcrumb":{"@id":"https:\/\/fuentesfidedignas.com.mx\/index.php\/2023\/12\/05\/tribunal-mantiene-la-prohibicion-de-las-corridas-de-toros-en-guadalajara\/#breadcrumb"},"inLanguage":"es","potentialAction":[{"@type":"ReadAction","target":["https:\/\/fuentesfidedignas.com.mx\/index.php\/2023\/12\/05\/tribunal-mantiene-la-prohibicion-de-las-corridas-de-toros-en-guadalajara\/"]}]},{"@type":"ImageObject","inLanguage":"es","@id":"https:\/\/fuentesfidedignas.com.mx\/index.php\/2023\/12\/05\/tribunal-mantiene-la-prohibicion-de-las-corridas-de-toros-en-guadalajara\/#primaryimage","url":"https:\/\/fuentesfidedignas.com.mx\/wp-content\/uploads\/2023\/12\/CORRIDA_TOROS.jpg","contentUrl":"https:\/\/fuentesfidedignas.com.mx\/wp-content\/uploads\/2023\/12\/CORRIDA_TOROS.jpg","width":1143,"height":760},{"@type":"BreadcrumbList","@id":"https:\/\/fuentesfidedignas.com.mx\/index.php\/2023\/12\/05\/tribunal-mantiene-la-prohibicion-de-las-corridas-de-toros-en-guadalajara\/#breadcrumb","itemListElement":[{"@type":"ListItem","position":1,"name":"Inicio","item":"https:\/\/fuentesfidedignas.com.mx\/"},{"@type":"ListItem","position":2,"name":"Tribunal mantiene la prohibici\u00f3n de las corridas de toros en Guadalajara"}]},{"@type":"WebSite","@id":"https:\/\/fuentesfidedignas.com.mx\/#website","url":"https:\/\/fuentesfidedignas.com.mx\/","name":"Fuentes Fidedignas","description":"Otro sitio realizado con WordPress","publisher":{"@id":"https:\/\/fuentesfidedignas.com.mx\/#organization"},"potentialAction":[{"@type":"SearchAction","target":{"@type":"EntryPoint","urlTemplate":"https:\/\/fuentesfidedignas.com.mx\/?s={search_term_string}"},"query-input":{"@type":"PropertyValueSpecification","valueRequired":true,"valueName":"search_term_string"}}],"inLanguage":"es"},{"@type":"Organization","@id":"https:\/\/fuentesfidedignas.com.mx\/#organization","name":"Fuentes Fidedignas","url":"https:\/\/fuentesfidedignas.com.mx\/","logo":{"@type":"ImageObject","inLanguage":"es","@id":"https:\/\/fuentesfidedignas.com.mx\/#\/schema\/logo\/image\/","url":"https:\/\/fuentesfidedignas.com.mx\/wp-content\/uploads\/2021\/04\/logo-retina.png","contentUrl":"https:\/\/fuentesfidedignas.com.mx\/wp-content\/uploads\/2021\/04\/logo-retina.png","width":280,"height":51,"caption":"Fuentes Fidedignas"},"image":{"@id":"https:\/\/fuentesfidedignas.com.mx\/#\/schema\/logo\/image\/"},"sameAs":["https:\/\/www.facebook.com\/Fuentes-Fidedignas-368234489921644","https:\/\/x.com\/fidedignas"]},{"@type":"Person","@id":"https:\/\/fuentesfidedignas.com.mx\/#\/schema\/person\/eb72247ff123b3ce5e4cadc7f50ae372","name":"Proceso","image":{"@type":"ImageObject","inLanguage":"es","@id":"https:\/\/secure.gravatar.com\/avatar\/0bb01ecb091d50a46122cbe5cc32ffea15a000f83628f1e40458e669d38ff2cd?s=96&d=mm&r=g","url":"https:\/\/secure.gravatar.com\/avatar\/0bb01ecb091d50a46122cbe5cc32ffea15a000f83628f1e40458e669d38ff2cd?s=96&d=mm&r=g","contentUrl":"https:\/\/secure.gravatar.com\/avatar\/0bb01ecb091d50a46122cbe5cc32ffea15a000f83628f1e40458e669d38ff2cd?s=96&d=mm&r=g","caption":"Proceso"},"url":"https:\/\/fuentesfidedignas.com.mx\/index.php\/author\/proceso\/"}]}},"_links":{"self":[{"href":"https:\/\/fuentesfidedignas.com.mx\/index.php\/wp-json\/wp\/v2\/posts\/67647","targetHints":{"allow":["GET"]}}],"collection":[{"href":"https:\/\/fuentesfidedignas.com.mx\/index.php\/wp-json\/wp\/v2\/posts"}],"about":[{"href":"https:\/\/fuentesfidedignas.com.mx\/index.php\/wp-json\/wp\/v2\/types\/post"}],"author":[{"embeddable":true,"href":"https:\/\/fuentesfidedignas.com.mx\/index.php\/wp-json\/wp\/v2\/users\/50"}],"replies":[{"embeddable":true,"href":"https:\/\/fuentesfidedignas.com.mx\/index.php\/wp-json\/wp\/v2\/comments?post=67647"}],"version-history":[{"count":1,"href":"https:\/\/fuentesfidedignas.com.mx\/index.php\/wp-json\/wp\/v2\/posts\/67647\/revisions"}],"predecessor-version":[{"id":67649,"href":"https:\/\/fuentesfidedignas.com.mx\/index.php\/wp-json\/wp\/v2\/posts\/67647\/revisions\/67649"}],"wp:featuredmedia":[{"embeddable":true,"href":"https:\/\/fuentesfidedignas.com.mx\/index.php\/wp-json\/wp\/v2\/media\/67648"}],"wp:attachment":[{"href":"https:\/\/fuentesfidedignas.com.mx\/index.php\/wp-json\/wp\/v2\/media?parent=67647"}],"wp:term":[{"taxonomy":"category","embeddable":true,"href":"https:\/\/fuentesfidedignas.com.mx\/index.php\/wp-json\/wp\/v2\/categories?post=67647"},{"taxonomy":"post_tag","embeddable":true,"href":"https:\/\/fuentesfidedignas.com.mx\/index.php\/wp-json\/wp\/v2\/tags?post=67647"}],"curies":[{"name":"wp","href":"https:\/\/api.w.org\/{rel}","templated":true}]}}