{"id":6756,"date":"2021-07-05T16:41:11","date_gmt":"2021-07-05T23:41:11","guid":{"rendered":"https:\/\/fuentesfidedignas.com.mx\/?p=6756"},"modified":"2021-07-06T16:25:24","modified_gmt":"2021-07-06T23:25:24","slug":"artesano-eldoradense-se-prepara-para-exposicion","status":"publish","type":"post","link":"https:\/\/fuentesfidedignas.com.mx\/index.php\/2021\/07\/05\/artesano-eldoradense-se-prepara-para-exposicion\/","title":{"rendered":"Artesano eldoradense se prepara para exposici\u00f3n"},"content":{"rendered":"\n<p>Culiac\u00e1n, Sin.- El artesano Norberto Aguirre se encuentra preparando unas piezas para la exposici\u00f3n que se llevar\u00e1 a cabo en Ejido de San Joaqu\u00edn, perteneciente a la sindicatura de Eldorado este pr\u00f3ximo 14 de julio.<\/p>\n\n\n\n<p>Actualmente el artesano se encuentra impartiendo un taller de artesan\u00edas para ni\u00f1os, en donde puedes inscribirlo para que haga su propia pieza.<\/p>\n\n\n\n<p>S\u00ed est\u00e1 interesado en m\u00e1s informaci\u00f3n sobre el taller, el cual iniciar\u00e1 el martes 6 de julio y terminar\u00e1 el pr\u00f3ximo 14; comun\u00edquese al 66-73-25-86-64 en donde con gusto se le brindar\u00e1n m\u00e1s detalles.<\/p>\n\n\n\n<p><\/p>\n\n\n\n<figure class=\"wp-block-gallery columns-3 is-cropped wp-block-gallery-1 is-layout-flex wp-block-gallery-is-layout-flex\"><ul class=\"blocks-gallery-grid\"><li class=\"blocks-gallery-item\"><figure><img decoding=\"async\" width=\"960\" height=\"720\" src=\"https:\/\/fuentesfidedignas.com.mx\/wp-content\/uploads\/2021\/07\/norberto4.jpg\" alt=\"\" data-id=\"6762\" data-full-url=\"https:\/\/fuentesfidedignas.com.mx\/wp-content\/uploads\/2021\/07\/norberto4.jpg\" data-link=\"https:\/\/fuentesfidedignas.com.mx\/?attachment_id=6762\" class=\"wp-image-6762\" srcset=\"https:\/\/fuentesfidedignas.com.mx\/wp-content\/uploads\/2021\/07\/norberto4.jpg 960w, https:\/\/fuentesfidedignas.com.mx\/wp-content\/uploads\/2021\/07\/norberto4-300x225.jpg 300w, https:\/\/fuentesfidedignas.com.mx\/wp-content\/uploads\/2021\/07\/norberto4-768x576.jpg 768w, https:\/\/fuentesfidedignas.com.mx\/wp-content\/uploads\/2021\/07\/norberto4-696x522.jpg 696w, https:\/\/fuentesfidedignas.com.mx\/wp-content\/uploads\/2021\/07\/norberto4-560x420.jpg 560w, https:\/\/fuentesfidedignas.com.mx\/wp-content\/uploads\/2021\/07\/norberto4-80x60.jpg 80w, https:\/\/fuentesfidedignas.com.mx\/wp-content\/uploads\/2021\/07\/norberto4-265x198.jpg 265w\" sizes=\"(max-width: 960px) 100vw, 960px\" \/><\/figure><\/li><li class=\"blocks-gallery-item\"><figure><img decoding=\"async\" width=\"960\" height=\"720\" src=\"https:\/\/fuentesfidedignas.com.mx\/wp-content\/uploads\/2021\/07\/norberto3.jpg\" alt=\"\" data-id=\"6761\" data-full-url=\"https:\/\/fuentesfidedignas.com.mx\/wp-content\/uploads\/2021\/07\/norberto3.jpg\" data-link=\"https:\/\/fuentesfidedignas.com.mx\/?attachment_id=6761\" class=\"wp-image-6761\" srcset=\"https:\/\/fuentesfidedignas.com.mx\/wp-content\/uploads\/2021\/07\/norberto3.jpg 960w, https:\/\/fuentesfidedignas.com.mx\/wp-content\/uploads\/2021\/07\/norberto3-300x225.jpg 300w, https:\/\/fuentesfidedignas.com.mx\/wp-content\/uploads\/2021\/07\/norberto3-768x576.jpg 768w, https:\/\/fuentesfidedignas.com.mx\/wp-content\/uploads\/2021\/07\/norberto3-696x522.jpg 696w, https:\/\/fuentesfidedignas.com.mx\/wp-content\/uploads\/2021\/07\/norberto3-560x420.jpg 560w, https:\/\/fuentesfidedignas.com.mx\/wp-content\/uploads\/2021\/07\/norberto3-80x60.jpg 80w, https:\/\/fuentesfidedignas.com.mx\/wp-content\/uploads\/2021\/07\/norberto3-265x198.jpg 265w\" sizes=\"(max-width: 960px) 100vw, 960px\" \/><\/figure><\/li><li class=\"blocks-gallery-item\"><figure><img decoding=\"async\" width=\"1024\" height=\"683\" src=\"https:\/\/fuentesfidedignas.com.mx\/wp-content\/uploads\/2021\/07\/norbertoaguirre1-1024x683.jpg\" alt=\"\" data-id=\"6759\" data-full-url=\"https:\/\/fuentesfidedignas.com.mx\/wp-content\/uploads\/2021\/07\/norbertoaguirre1.jpg\" data-link=\"https:\/\/fuentesfidedignas.com.mx\/?attachment_id=6759\" class=\"wp-image-6759\" srcset=\"https:\/\/fuentesfidedignas.com.mx\/wp-content\/uploads\/2021\/07\/norbertoaguirre1-1024x683.jpg 1024w, https:\/\/fuentesfidedignas.com.mx\/wp-content\/uploads\/2021\/07\/norbertoaguirre1-300x200.jpg 300w, https:\/\/fuentesfidedignas.com.mx\/wp-content\/uploads\/2021\/07\/norbertoaguirre1-768x512.jpg 768w, https:\/\/fuentesfidedignas.com.mx\/wp-content\/uploads\/2021\/07\/norbertoaguirre1-696x464.jpg 696w, https:\/\/fuentesfidedignas.com.mx\/wp-content\/uploads\/2021\/07\/norbertoaguirre1-1068x712.jpg 1068w, https:\/\/fuentesfidedignas.com.mx\/wp-content\/uploads\/2021\/07\/norbertoaguirre1-630x420.jpg 630w, https:\/\/fuentesfidedignas.com.mx\/wp-content\/uploads\/2021\/07\/norbertoaguirre1.jpg 1440w\" sizes=\"(max-width: 1024px) 100vw, 1024px\" \/><\/figure><\/li><\/ul><\/figure>\n","protected":false},"excerpt":{"rendered":"<p>Culiac\u00e1n, Sin.- El artesano Norberto Aguirre se encuentra preparando unas piezas para la exposici\u00f3n que se llevar\u00e1 a cabo en Ejido de San Joaqu\u00edn, perteneciente a la sindicatura de Eldorado este pr\u00f3ximo 14 de julio. Actualmente el artesano se encuentra impartiendo un taller de artesan\u00edas para ni\u00f1os, en donde puedes inscribirlo para que haga su [&hellip;]<\/p>\n","protected":false},"author":49,"featured_media":6760,"comment_status":"open","ping_status":"open","sticky":false,"template":"","format":"standard","meta":{"tdm_status":"","tdm_grid_status":"","footnotes":""},"categories":[307],"tags":[1237,1238,188,1239],"class_list":{"0":"post-6756","1":"post","2":"type-post","3":"status-publish","4":"format-standard","5":"has-post-thumbnail","7":"category-ruleteando","8":"tag-artesania","9":"tag-artesanoseldorado","10":"tag-eldorado","11":"tag-norbertoaguirre"},"yoast_head":"<!-- This site is optimized with the Yoast SEO plugin v27.4 - https:\/\/yoast.com\/product\/yoast-seo-wordpress\/ -->\n<title>Artesano eldoradense se prepara para exposici\u00f3n - Fuentes Fidedignas<\/title>\n<meta name=\"robots\" content=\"index, follow, max-snippet:-1, max-image-preview:large, max-video-preview:-1\" \/>\n<link rel=\"canonical\" href=\"https:\/\/fuentesfidedignas.com.mx\/index.php\/2021\/07\/05\/artesano-eldoradense-se-prepara-para-exposicion\/\" \/>\n<meta property=\"og:locale\" content=\"es_MX\" \/>\n<meta property=\"og:type\" content=\"article\" \/>\n<meta property=\"og:title\" content=\"Artesano eldoradense se prepara para exposici\u00f3n - Fuentes Fidedignas\" \/>\n<meta property=\"og:description\" content=\"Culiac\u00e1n, Sin.- El artesano Norberto Aguirre se encuentra preparando unas piezas para la exposici\u00f3n que se llevar\u00e1 a cabo en Ejido de San Joaqu\u00edn, perteneciente a la sindicatura de Eldorado este pr\u00f3ximo 14 de julio. Actualmente el artesano se encuentra impartiendo un taller de artesan\u00edas para ni\u00f1os, en donde puedes inscribirlo para que haga su [&hellip;]\" \/>\n<meta property=\"og:url\" content=\"https:\/\/fuentesfidedignas.com.mx\/index.php\/2021\/07\/05\/artesano-eldoradense-se-prepara-para-exposicion\/\" \/>\n<meta property=\"og:site_name\" content=\"Fuentes Fidedignas\" \/>\n<meta property=\"article:publisher\" content=\"https:\/\/www.facebook.com\/Fuentes-Fidedignas-368234489921644\" \/>\n<meta property=\"article:published_time\" content=\"2021-07-05T23:41:11+00:00\" \/>\n<meta property=\"article:modified_time\" content=\"2021-07-06T23:25:24+00:00\" \/>\n<meta property=\"og:image\" content=\"https:\/\/fuentesfidedignas.com.mx\/wp-content\/uploads\/2021\/07\/norberto2.jpg\" \/>\n\t<meta property=\"og:image:width\" content=\"960\" \/>\n\t<meta property=\"og:image:height\" content=\"720\" \/>\n\t<meta property=\"og:image:type\" content=\"image\/jpeg\" \/>\n<meta name=\"author\" content=\"Rulex EO\" \/>\n<meta name=\"twitter:card\" content=\"summary_large_image\" \/>\n<meta name=\"twitter:creator\" content=\"@fidedignas\" \/>\n<meta name=\"twitter:site\" content=\"@fidedignas\" \/>\n<meta name=\"twitter:label1\" content=\"Escrito por\" \/>\n\t<meta name=\"twitter:data1\" content=\"Rulex EO\" \/>\n\t<meta name=\"twitter:label2\" content=\"Tiempo de lectura\" \/>\n\t<meta name=\"twitter:data2\" content=\"1 minuto\" \/>\n<script type=\"application\/ld+json\" class=\"yoast-schema-graph\">{\"@context\":\"https:\\\/\\\/schema.org\",\"@graph\":[{\"@type\":\"Article\",\"@id\":\"https:\\\/\\\/fuentesfidedignas.com.mx\\\/index.php\\\/2021\\\/07\\\/05\\\/artesano-eldoradense-se-prepara-para-exposicion\\\/#article\",\"isPartOf\":{\"@id\":\"https:\\\/\\\/fuentesfidedignas.com.mx\\\/index.php\\\/2021\\\/07\\\/05\\\/artesano-eldoradense-se-prepara-para-exposicion\\\/\"},\"author\":{\"name\":\"Rulex EO\",\"@id\":\"https:\\\/\\\/fuentesfidedignas.com.mx\\\/#\\\/schema\\\/person\\\/20930f43e3dc1a7d8e6694fc9e20787c\"},\"headline\":\"Artesano eldoradense se prepara para exposici\u00f3n\",\"datePublished\":\"2021-07-05T23:41:11+00:00\",\"dateModified\":\"2021-07-06T23:25:24+00:00\",\"mainEntityOfPage\":{\"@id\":\"https:\\\/\\\/fuentesfidedignas.com.mx\\\/index.php\\\/2021\\\/07\\\/05\\\/artesano-eldoradense-se-prepara-para-exposicion\\\/\"},\"wordCount\":111,\"commentCount\":0,\"publisher\":{\"@id\":\"https:\\\/\\\/fuentesfidedignas.com.mx\\\/#organization\"},\"image\":{\"@id\":\"https:\\\/\\\/fuentesfidedignas.com.mx\\\/index.php\\\/2021\\\/07\\\/05\\\/artesano-eldoradense-se-prepara-para-exposicion\\\/#primaryimage\"},\"thumbnailUrl\":\"https:\\\/\\\/fuentesfidedignas.com.mx\\\/wp-content\\\/uploads\\\/2021\\\/07\\\/norberto2.jpg\",\"keywords\":[\"artesania\",\"artesanoseldorado\",\"Eldorado\",\"norbertoaguirre\"],\"articleSection\":[\"RULETEANDO\"],\"inLanguage\":\"es\",\"potentialAction\":[{\"@type\":\"CommentAction\",\"name\":\"Comment\",\"target\":[\"https:\\\/\\\/fuentesfidedignas.com.mx\\\/index.php\\\/2021\\\/07\\\/05\\\/artesano-eldoradense-se-prepara-para-exposicion\\\/#respond\"]}]},{\"@type\":\"WebPage\",\"@id\":\"https:\\\/\\\/fuentesfidedignas.com.mx\\\/index.php\\\/2021\\\/07\\\/05\\\/artesano-eldoradense-se-prepara-para-exposicion\\\/\",\"url\":\"https:\\\/\\\/fuentesfidedignas.com.mx\\\/index.php\\\/2021\\\/07\\\/05\\\/artesano-eldoradense-se-prepara-para-exposicion\\\/\",\"name\":\"Artesano eldoradense se prepara para exposici\u00f3n - Fuentes Fidedignas\",\"isPartOf\":{\"@id\":\"https:\\\/\\\/fuentesfidedignas.com.mx\\\/#website\"},\"primaryImageOfPage\":{\"@id\":\"https:\\\/\\\/fuentesfidedignas.com.mx\\\/index.php\\\/2021\\\/07\\\/05\\\/artesano-eldoradense-se-prepara-para-exposicion\\\/#primaryimage\"},\"image\":{\"@id\":\"https:\\\/\\\/fuentesfidedignas.com.mx\\\/index.php\\\/2021\\\/07\\\/05\\\/artesano-eldoradense-se-prepara-para-exposicion\\\/#primaryimage\"},\"thumbnailUrl\":\"https:\\\/\\\/fuentesfidedignas.com.mx\\\/wp-content\\\/uploads\\\/2021\\\/07\\\/norberto2.jpg\",\"datePublished\":\"2021-07-05T23:41:11+00:00\",\"dateModified\":\"2021-07-06T23:25:24+00:00\",\"breadcrumb\":{\"@id\":\"https:\\\/\\\/fuentesfidedignas.com.mx\\\/index.php\\\/2021\\\/07\\\/05\\\/artesano-eldoradense-se-prepara-para-exposicion\\\/#breadcrumb\"},\"inLanguage\":\"es\",\"potentialAction\":[{\"@type\":\"ReadAction\",\"target\":[\"https:\\\/\\\/fuentesfidedignas.com.mx\\\/index.php\\\/2021\\\/07\\\/05\\\/artesano-eldoradense-se-prepara-para-exposicion\\\/\"]}]},{\"@type\":\"ImageObject\",\"inLanguage\":\"es\",\"@id\":\"https:\\\/\\\/fuentesfidedignas.com.mx\\\/index.php\\\/2021\\\/07\\\/05\\\/artesano-eldoradense-se-prepara-para-exposicion\\\/#primaryimage\",\"url\":\"https:\\\/\\\/fuentesfidedignas.com.mx\\\/wp-content\\\/uploads\\\/2021\\\/07\\\/norberto2.jpg\",\"contentUrl\":\"https:\\\/\\\/fuentesfidedignas.com.mx\\\/wp-content\\\/uploads\\\/2021\\\/07\\\/norberto2.jpg\",\"width\":960,\"height\":720},{\"@type\":\"BreadcrumbList\",\"@id\":\"https:\\\/\\\/fuentesfidedignas.com.mx\\\/index.php\\\/2021\\\/07\\\/05\\\/artesano-eldoradense-se-prepara-para-exposicion\\\/#breadcrumb\",\"itemListElement\":[{\"@type\":\"ListItem\",\"position\":1,\"name\":\"Inicio\",\"item\":\"https:\\\/\\\/fuentesfidedignas.com.mx\\\/\"},{\"@type\":\"ListItem\",\"position\":2,\"name\":\"Artesano eldoradense se prepara para exposici\u00f3n\"}]},{\"@type\":\"WebSite\",\"@id\":\"https:\\\/\\\/fuentesfidedignas.com.mx\\\/#website\",\"url\":\"https:\\\/\\\/fuentesfidedignas.com.mx\\\/\",\"name\":\"Fuentes Fidedignas\",\"description\":\"Otro sitio realizado con WordPress\",\"publisher\":{\"@id\":\"https:\\\/\\\/fuentesfidedignas.com.mx\\\/#organization\"},\"potentialAction\":[{\"@type\":\"SearchAction\",\"target\":{\"@type\":\"EntryPoint\",\"urlTemplate\":\"https:\\\/\\\/fuentesfidedignas.com.mx\\\/?s={search_term_string}\"},\"query-input\":{\"@type\":\"PropertyValueSpecification\",\"valueRequired\":true,\"valueName\":\"search_term_string\"}}],\"inLanguage\":\"es\"},{\"@type\":\"Organization\",\"@id\":\"https:\\\/\\\/fuentesfidedignas.com.mx\\\/#organization\",\"name\":\"Fuentes Fidedignas\",\"url\":\"https:\\\/\\\/fuentesfidedignas.com.mx\\\/\",\"logo\":{\"@type\":\"ImageObject\",\"inLanguage\":\"es\",\"@id\":\"https:\\\/\\\/fuentesfidedignas.com.mx\\\/#\\\/schema\\\/logo\\\/image\\\/\",\"url\":\"https:\\\/\\\/fuentesfidedignas.com.mx\\\/wp-content\\\/uploads\\\/2021\\\/04\\\/logo-retina.png\",\"contentUrl\":\"https:\\\/\\\/fuentesfidedignas.com.mx\\\/wp-content\\\/uploads\\\/2021\\\/04\\\/logo-retina.png\",\"width\":280,\"height\":51,\"caption\":\"Fuentes Fidedignas\"},\"image\":{\"@id\":\"https:\\\/\\\/fuentesfidedignas.com.mx\\\/#\\\/schema\\\/logo\\\/image\\\/\"},\"sameAs\":[\"https:\\\/\\\/www.facebook.com\\\/Fuentes-Fidedignas-368234489921644\",\"https:\\\/\\\/x.com\\\/fidedignas\"]},{\"@type\":\"Person\",\"@id\":\"https:\\\/\\\/fuentesfidedignas.com.mx\\\/#\\\/schema\\\/person\\\/20930f43e3dc1a7d8e6694fc9e20787c\",\"name\":\"Rulex EO\",\"image\":{\"@type\":\"ImageObject\",\"inLanguage\":\"es\",\"@id\":\"https:\\\/\\\/secure.gravatar.com\\\/avatar\\\/6be06fb154aa204107056e0710d80d02ae63a7acd89e3027e6621e33b06b5311?s=96&d=mm&r=g\",\"url\":\"https:\\\/\\\/secure.gravatar.com\\\/avatar\\\/6be06fb154aa204107056e0710d80d02ae63a7acd89e3027e6621e33b06b5311?s=96&d=mm&r=g\",\"contentUrl\":\"https:\\\/\\\/secure.gravatar.com\\\/avatar\\\/6be06fb154aa204107056e0710d80d02ae63a7acd89e3027e6621e33b06b5311?s=96&d=mm&r=g\",\"caption\":\"Rulex EO\"},\"url\":\"https:\\\/\\\/fuentesfidedignas.com.mx\\\/index.php\\\/author\\\/rulex\\\/\"}]}<\/script>\n<!-- \/ Yoast SEO plugin. -->","yoast_head_json":{"title":"Artesano eldoradense se prepara para exposici\u00f3n - Fuentes Fidedignas","robots":{"index":"index","follow":"follow","max-snippet":"max-snippet:-1","max-image-preview":"max-image-preview:large","max-video-preview":"max-video-preview:-1"},"canonical":"https:\/\/fuentesfidedignas.com.mx\/index.php\/2021\/07\/05\/artesano-eldoradense-se-prepara-para-exposicion\/","og_locale":"es_MX","og_type":"article","og_title":"Artesano eldoradense se prepara para exposici\u00f3n - Fuentes Fidedignas","og_description":"Culiac\u00e1n, Sin.- El artesano Norberto Aguirre se encuentra preparando unas piezas para la exposici\u00f3n que se llevar\u00e1 a cabo en Ejido de San Joaqu\u00edn, perteneciente a la sindicatura de Eldorado este pr\u00f3ximo 14 de julio. Actualmente el artesano se encuentra impartiendo un taller de artesan\u00edas para ni\u00f1os, en donde puedes inscribirlo para que haga su [&hellip;]","og_url":"https:\/\/fuentesfidedignas.com.mx\/index.php\/2021\/07\/05\/artesano-eldoradense-se-prepara-para-exposicion\/","og_site_name":"Fuentes Fidedignas","article_publisher":"https:\/\/www.facebook.com\/Fuentes-Fidedignas-368234489921644","article_published_time":"2021-07-05T23:41:11+00:00","article_modified_time":"2021-07-06T23:25:24+00:00","og_image":[{"width":960,"height":720,"url":"https:\/\/fuentesfidedignas.com.mx\/wp-content\/uploads\/2021\/07\/norberto2.jpg","type":"image\/jpeg"}],"author":"Rulex EO","twitter_card":"summary_large_image","twitter_creator":"@fidedignas","twitter_site":"@fidedignas","twitter_misc":{"Escrito por":"Rulex EO","Tiempo de lectura":"1 minuto"},"schema":{"@context":"https:\/\/schema.org","@graph":[{"@type":"Article","@id":"https:\/\/fuentesfidedignas.com.mx\/index.php\/2021\/07\/05\/artesano-eldoradense-se-prepara-para-exposicion\/#article","isPartOf":{"@id":"https:\/\/fuentesfidedignas.com.mx\/index.php\/2021\/07\/05\/artesano-eldoradense-se-prepara-para-exposicion\/"},"author":{"name":"Rulex EO","@id":"https:\/\/fuentesfidedignas.com.mx\/#\/schema\/person\/20930f43e3dc1a7d8e6694fc9e20787c"},"headline":"Artesano eldoradense se prepara para exposici\u00f3n","datePublished":"2021-07-05T23:41:11+00:00","dateModified":"2021-07-06T23:25:24+00:00","mainEntityOfPage":{"@id":"https:\/\/fuentesfidedignas.com.mx\/index.php\/2021\/07\/05\/artesano-eldoradense-se-prepara-para-exposicion\/"},"wordCount":111,"commentCount":0,"publisher":{"@id":"https:\/\/fuentesfidedignas.com.mx\/#organization"},"image":{"@id":"https:\/\/fuentesfidedignas.com.mx\/index.php\/2021\/07\/05\/artesano-eldoradense-se-prepara-para-exposicion\/#primaryimage"},"thumbnailUrl":"https:\/\/fuentesfidedignas.com.mx\/wp-content\/uploads\/2021\/07\/norberto2.jpg","keywords":["artesania","artesanoseldorado","Eldorado","norbertoaguirre"],"articleSection":["RULETEANDO"],"inLanguage":"es","potentialAction":[{"@type":"CommentAction","name":"Comment","target":["https:\/\/fuentesfidedignas.com.mx\/index.php\/2021\/07\/05\/artesano-eldoradense-se-prepara-para-exposicion\/#respond"]}]},{"@type":"WebPage","@id":"https:\/\/fuentesfidedignas.com.mx\/index.php\/2021\/07\/05\/artesano-eldoradense-se-prepara-para-exposicion\/","url":"https:\/\/fuentesfidedignas.com.mx\/index.php\/2021\/07\/05\/artesano-eldoradense-se-prepara-para-exposicion\/","name":"Artesano eldoradense se prepara para exposici\u00f3n - Fuentes Fidedignas","isPartOf":{"@id":"https:\/\/fuentesfidedignas.com.mx\/#website"},"primaryImageOfPage":{"@id":"https:\/\/fuentesfidedignas.com.mx\/index.php\/2021\/07\/05\/artesano-eldoradense-se-prepara-para-exposicion\/#primaryimage"},"image":{"@id":"https:\/\/fuentesfidedignas.com.mx\/index.php\/2021\/07\/05\/artesano-eldoradense-se-prepara-para-exposicion\/#primaryimage"},"thumbnailUrl":"https:\/\/fuentesfidedignas.com.mx\/wp-content\/uploads\/2021\/07\/norberto2.jpg","datePublished":"2021-07-05T23:41:11+00:00","dateModified":"2021-07-06T23:25:24+00:00","breadcrumb":{"@id":"https:\/\/fuentesfidedignas.com.mx\/index.php\/2021\/07\/05\/artesano-eldoradense-se-prepara-para-exposicion\/#breadcrumb"},"inLanguage":"es","potentialAction":[{"@type":"ReadAction","target":["https:\/\/fuentesfidedignas.com.mx\/index.php\/2021\/07\/05\/artesano-eldoradense-se-prepara-para-exposicion\/"]}]},{"@type":"ImageObject","inLanguage":"es","@id":"https:\/\/fuentesfidedignas.com.mx\/index.php\/2021\/07\/05\/artesano-eldoradense-se-prepara-para-exposicion\/#primaryimage","url":"https:\/\/fuentesfidedignas.com.mx\/wp-content\/uploads\/2021\/07\/norberto2.jpg","contentUrl":"https:\/\/fuentesfidedignas.com.mx\/wp-content\/uploads\/2021\/07\/norberto2.jpg","width":960,"height":720},{"@type":"BreadcrumbList","@id":"https:\/\/fuentesfidedignas.com.mx\/index.php\/2021\/07\/05\/artesano-eldoradense-se-prepara-para-exposicion\/#breadcrumb","itemListElement":[{"@type":"ListItem","position":1,"name":"Inicio","item":"https:\/\/fuentesfidedignas.com.mx\/"},{"@type":"ListItem","position":2,"name":"Artesano eldoradense se prepara para exposici\u00f3n"}]},{"@type":"WebSite","@id":"https:\/\/fuentesfidedignas.com.mx\/#website","url":"https:\/\/fuentesfidedignas.com.mx\/","name":"Fuentes Fidedignas","description":"Otro sitio realizado con WordPress","publisher":{"@id":"https:\/\/fuentesfidedignas.com.mx\/#organization"},"potentialAction":[{"@type":"SearchAction","target":{"@type":"EntryPoint","urlTemplate":"https:\/\/fuentesfidedignas.com.mx\/?s={search_term_string}"},"query-input":{"@type":"PropertyValueSpecification","valueRequired":true,"valueName":"search_term_string"}}],"inLanguage":"es"},{"@type":"Organization","@id":"https:\/\/fuentesfidedignas.com.mx\/#organization","name":"Fuentes Fidedignas","url":"https:\/\/fuentesfidedignas.com.mx\/","logo":{"@type":"ImageObject","inLanguage":"es","@id":"https:\/\/fuentesfidedignas.com.mx\/#\/schema\/logo\/image\/","url":"https:\/\/fuentesfidedignas.com.mx\/wp-content\/uploads\/2021\/04\/logo-retina.png","contentUrl":"https:\/\/fuentesfidedignas.com.mx\/wp-content\/uploads\/2021\/04\/logo-retina.png","width":280,"height":51,"caption":"Fuentes Fidedignas"},"image":{"@id":"https:\/\/fuentesfidedignas.com.mx\/#\/schema\/logo\/image\/"},"sameAs":["https:\/\/www.facebook.com\/Fuentes-Fidedignas-368234489921644","https:\/\/x.com\/fidedignas"]},{"@type":"Person","@id":"https:\/\/fuentesfidedignas.com.mx\/#\/schema\/person\/20930f43e3dc1a7d8e6694fc9e20787c","name":"Rulex EO","image":{"@type":"ImageObject","inLanguage":"es","@id":"https:\/\/secure.gravatar.com\/avatar\/6be06fb154aa204107056e0710d80d02ae63a7acd89e3027e6621e33b06b5311?s=96&d=mm&r=g","url":"https:\/\/secure.gravatar.com\/avatar\/6be06fb154aa204107056e0710d80d02ae63a7acd89e3027e6621e33b06b5311?s=96&d=mm&r=g","contentUrl":"https:\/\/secure.gravatar.com\/avatar\/6be06fb154aa204107056e0710d80d02ae63a7acd89e3027e6621e33b06b5311?s=96&d=mm&r=g","caption":"Rulex EO"},"url":"https:\/\/fuentesfidedignas.com.mx\/index.php\/author\/rulex\/"}]}},"_links":{"self":[{"href":"https:\/\/fuentesfidedignas.com.mx\/index.php\/wp-json\/wp\/v2\/posts\/6756","targetHints":{"allow":["GET"]}}],"collection":[{"href":"https:\/\/fuentesfidedignas.com.mx\/index.php\/wp-json\/wp\/v2\/posts"}],"about":[{"href":"https:\/\/fuentesfidedignas.com.mx\/index.php\/wp-json\/wp\/v2\/types\/post"}],"author":[{"embeddable":true,"href":"https:\/\/fuentesfidedignas.com.mx\/index.php\/wp-json\/wp\/v2\/users\/49"}],"replies":[{"embeddable":true,"href":"https:\/\/fuentesfidedignas.com.mx\/index.php\/wp-json\/wp\/v2\/comments?post=6756"}],"version-history":[{"count":5,"href":"https:\/\/fuentesfidedignas.com.mx\/index.php\/wp-json\/wp\/v2\/posts\/6756\/revisions"}],"predecessor-version":[{"id":6863,"href":"https:\/\/fuentesfidedignas.com.mx\/index.php\/wp-json\/wp\/v2\/posts\/6756\/revisions\/6863"}],"wp:featuredmedia":[{"embeddable":true,"href":"https:\/\/fuentesfidedignas.com.mx\/index.php\/wp-json\/wp\/v2\/media\/6760"}],"wp:attachment":[{"href":"https:\/\/fuentesfidedignas.com.mx\/index.php\/wp-json\/wp\/v2\/media?parent=6756"}],"wp:term":[{"taxonomy":"category","embeddable":true,"href":"https:\/\/fuentesfidedignas.com.mx\/index.php\/wp-json\/wp\/v2\/categories?post=6756"},{"taxonomy":"post_tag","embeddable":true,"href":"https:\/\/fuentesfidedignas.com.mx\/index.php\/wp-json\/wp\/v2\/tags?post=6756"}],"curies":[{"name":"wp","href":"https:\/\/api.w.org\/{rel}","templated":true}]}}