{"id":67555,"date":"2023-12-04T09:52:27","date_gmt":"2023-12-04T16:52:27","guid":{"rendered":"https:\/\/fuentesfidedignas.com.mx\/?p=67555"},"modified":"2023-12-04T09:52:29","modified_gmt":"2023-12-04T16:52:29","slug":"muere-la-primera-actriz-queta-lavat","status":"publish","type":"post","link":"https:\/\/fuentesfidedignas.com.mx\/index.php\/2023\/12\/04\/muere-la-primera-actriz-queta-lavat\/","title":{"rendered":"Muere la primera actriz Queta Lavat"},"content":{"rendered":"\n<p><strong><em>La estrella de la \u00c9poca de Oro del cine mexicano, muri\u00f3 a los 95 a\u00f1os de edad, dio a conocer su familia<\/em><\/strong><\/p>\n\n\n\n<p>Ciudad de M\u00e9xico. La reconocida actriz\u00a0<strong>Queta Lavat<\/strong>, estrella de la \u00c9poca de Oro del cine mexicano,\u00a0<strong>muri\u00f3<\/strong>\u00a0a los\u00a0<strong>95 a\u00f1os<\/strong>\u00a0de edad.<\/p>\n\n\n\n<p>La noticia fue dada a conocer por su familia, cuyos miembros la describieron como una gran actriz, mejor mujer y extraordinaria madre.<\/p>\n\n\n\n<figure class=\"wp-block-embed is-type-rich is-provider-twitter wp-block-embed-twitter\"><div class=\"wp-block-embed__wrapper\">\n<blockquote class=\"twitter-tweet\" data-width=\"550\" data-dnt=\"true\"><p lang=\"es\" dir=\"ltr\">Lamento informar la muerte de la querida y extraordinaria actriz, Queta Lavat a los jubilosos 95 a\u00f1os. <br><br>C\u00f3mo lo lamento, c\u00f3mo la quise. Vivi\u00f3 como quiso, goz\u00f3 la vida y a sus hijos. Descanse en paz. <a href=\"https:\/\/t.co\/dRn2bqC95A\">pic.twitter.com\/dRn2bqC95A<\/a><\/p>&mdash; Joaqu\u00edn L\u00f3pez-D\u00f3riga (@lopezdoriga) <a href=\"https:\/\/twitter.com\/lopezdoriga\/status\/1731672922643730713?ref_src=twsrc%5Etfw\">December 4, 2023<\/a><\/blockquote><script async src=\"https:\/\/platform.twitter.com\/widgets.js\" charset=\"utf-8\"><\/script>\n<\/div><\/figure>\n\n\n\n<p><strong>Enriqueta Margarita Lavat Bayona<\/strong>&nbsp;naci\u00f3 en la Ciudad de M\u00e9xico.<\/p>\n\n\n\n<p>Inici\u00f3 su carrera en el cine gracias a su prima Mar\u00eda Elena Marqu\u00e9s, quien la invit\u00f3 a participar como extra en la cinta Las colegialas, en 1946.<\/p>\n\n\n\n<p>Su primera pel\u00edcula como actriz fue \u00c1ngel o demonio, si bien ya contaba con experiencia como narradora de radionovelas, adem\u00e1s de tener formaci\u00f3n de bailarina.<\/p>\n\n\n\n<p>Durante la&nbsp;<strong>\u00c9poca de Oro del cine mexicano<\/strong>&nbsp;particip\u00f3 en Soy charro de Levita, El hombre sin rostro, Si me viera don Porfirio, Ac\u00e1 las tortas, El derecho de nacer y Dos tipos de cuidado.<\/p>\n\n\n\n<p>Conforme el paso de los a\u00f1os hizo apariciones en Mar\u00eda Isabel, Lagunilla mi barrio, Hermelinda linda y Sor Tequila, por mencionar algunas.<\/p>\n\n\n\n<p>Tambi\u00e9n destac\u00f3 en televisi\u00f3n, en las\u00a0<strong>telenovelas<\/strong>\u00a0Encrucijada, Herencia maldita, Coraz\u00f3n salvaje, Clase 406, Velo de novia, Qu\u00e9 pobres tan ricos, La usurpadora y Cita a ciegas.<\/p>\n\n\n\n<p>Asimismo trabaj\u00f3 en los&nbsp;<strong>programas<\/strong>&nbsp;C\u00f3mo dice el dicho y Esta historia me suena, e hizo doblaje de series, pel\u00edculas y caricaturas.<\/p>\n\n\n\n<p>En los \u00faltimos a\u00f1os,&nbsp;<strong>Queta Lavat<\/strong>&nbsp;destac\u00f3 por su cuenta de&nbsp;<strong>TikTok<\/strong>, en la que compart\u00eda recetas y reflexiones sobre diversos temas, as\u00ed como an\u00e9cdotas de su vida y trabajo.<\/p>\n","protected":false},"excerpt":{"rendered":"<p>La estrella de la \u00c9poca de Oro del cine mexicano, muri\u00f3 a los 95 a\u00f1os de edad, dio a conocer su familia Ciudad de M\u00e9xico. La reconocida actriz\u00a0Queta Lavat, estrella de la \u00c9poca de Oro del cine mexicano,\u00a0muri\u00f3\u00a0a los\u00a095 a\u00f1os\u00a0de edad. La noticia fue dada a conocer por su familia, cuyos miembros la describieron como [&hellip;]<\/p>\n","protected":false},"author":47,"featured_media":67556,"comment_status":"open","ping_status":"open","sticky":false,"template":"","format":"standard","meta":{"tdm_status":"","tdm_grid_status":"","footnotes":""},"categories":[39],"tags":[],"class_list":{"0":"post-67555","1":"post","2":"type-post","3":"status-publish","4":"format-standard","5":"has-post-thumbnail","7":"category-noticias-nacionales"},"yoast_head":"<!-- This site is optimized with the Yoast SEO plugin v27.5 - https:\/\/yoast.com\/product\/yoast-seo-wordpress\/ -->\n<title>Muere la primera actriz Queta Lavat - Fuentes Fidedignas<\/title>\n<meta name=\"robots\" content=\"index, follow, max-snippet:-1, max-image-preview:large, max-video-preview:-1\" \/>\n<link rel=\"canonical\" href=\"https:\/\/fuentesfidedignas.com.mx\/index.php\/2023\/12\/04\/muere-la-primera-actriz-queta-lavat\/\" \/>\n<meta property=\"og:locale\" content=\"es_MX\" \/>\n<meta property=\"og:type\" content=\"article\" \/>\n<meta property=\"og:title\" content=\"Muere la primera actriz Queta Lavat - Fuentes Fidedignas\" \/>\n<meta property=\"og:description\" content=\"La estrella de la \u00c9poca de Oro del cine mexicano, muri\u00f3 a los 95 a\u00f1os de edad, dio a conocer su familia Ciudad de M\u00e9xico. La reconocida actriz\u00a0Queta Lavat, estrella de la \u00c9poca de Oro del cine mexicano,\u00a0muri\u00f3\u00a0a los\u00a095 a\u00f1os\u00a0de edad. La noticia fue dada a conocer por su familia, cuyos miembros la describieron como [&hellip;]\" \/>\n<meta property=\"og:url\" content=\"https:\/\/fuentesfidedignas.com.mx\/index.php\/2023\/12\/04\/muere-la-primera-actriz-queta-lavat\/\" \/>\n<meta property=\"og:site_name\" content=\"Fuentes Fidedignas\" \/>\n<meta property=\"article:publisher\" content=\"https:\/\/www.facebook.com\/Fuentes-Fidedignas-368234489921644\" \/>\n<meta property=\"article:published_time\" content=\"2023-12-04T16:52:27+00:00\" \/>\n<meta property=\"article:modified_time\" content=\"2023-12-04T16:52:29+00:00\" \/>\n<meta property=\"og:image\" content=\"https:\/\/fuentesfidedignas.com.mx\/wp-content\/uploads\/2023\/12\/queta-lavat.jpg\" \/>\n\t<meta property=\"og:image:width\" content=\"980\" \/>\n\t<meta property=\"og:image:height\" content=\"551\" \/>\n\t<meta property=\"og:image:type\" content=\"image\/jpeg\" \/>\n<meta name=\"author\" content=\"L\u00f3pez D\u00f3riga\" \/>\n<meta name=\"twitter:card\" content=\"summary_large_image\" \/>\n<meta name=\"twitter:creator\" content=\"@fidedignas\" \/>\n<meta name=\"twitter:site\" content=\"@fidedignas\" \/>\n<meta name=\"twitter:label1\" content=\"Escrito por\" \/>\n\t<meta name=\"twitter:data1\" content=\"L\u00f3pez D\u00f3riga\" \/>\n\t<meta name=\"twitter:label2\" content=\"Tiempo de lectura\" \/>\n\t<meta name=\"twitter:data2\" content=\"2 minutos\" \/>\n<script type=\"application\/ld+json\" class=\"yoast-schema-graph\">{\"@context\":\"https:\\\/\\\/schema.org\",\"@graph\":[{\"@type\":\"Article\",\"@id\":\"https:\\\/\\\/fuentesfidedignas.com.mx\\\/index.php\\\/2023\\\/12\\\/04\\\/muere-la-primera-actriz-queta-lavat\\\/#article\",\"isPartOf\":{\"@id\":\"https:\\\/\\\/fuentesfidedignas.com.mx\\\/index.php\\\/2023\\\/12\\\/04\\\/muere-la-primera-actriz-queta-lavat\\\/\"},\"author\":{\"name\":\"L\u00f3pez D\u00f3riga\",\"@id\":\"https:\\\/\\\/fuentesfidedignas.com.mx\\\/#\\\/schema\\\/person\\\/67d852f0557c8509146a4b9ddebd543a\"},\"headline\":\"Muere la primera actriz Queta Lavat\",\"datePublished\":\"2023-12-04T16:52:27+00:00\",\"dateModified\":\"2023-12-04T16:52:29+00:00\",\"mainEntityOfPage\":{\"@id\":\"https:\\\/\\\/fuentesfidedignas.com.mx\\\/index.php\\\/2023\\\/12\\\/04\\\/muere-la-primera-actriz-queta-lavat\\\/\"},\"wordCount\":308,\"commentCount\":0,\"publisher\":{\"@id\":\"https:\\\/\\\/fuentesfidedignas.com.mx\\\/#organization\"},\"image\":{\"@id\":\"https:\\\/\\\/fuentesfidedignas.com.mx\\\/index.php\\\/2023\\\/12\\\/04\\\/muere-la-primera-actriz-queta-lavat\\\/#primaryimage\"},\"thumbnailUrl\":\"https:\\\/\\\/fuentesfidedignas.com.mx\\\/wp-content\\\/uploads\\\/2023\\\/12\\\/queta-lavat.jpg\",\"articleSection\":[\"NOTICIAS NACIONALES\"],\"inLanguage\":\"es\",\"potentialAction\":[{\"@type\":\"CommentAction\",\"name\":\"Comment\",\"target\":[\"https:\\\/\\\/fuentesfidedignas.com.mx\\\/index.php\\\/2023\\\/12\\\/04\\\/muere-la-primera-actriz-queta-lavat\\\/#respond\"]}]},{\"@type\":\"WebPage\",\"@id\":\"https:\\\/\\\/fuentesfidedignas.com.mx\\\/index.php\\\/2023\\\/12\\\/04\\\/muere-la-primera-actriz-queta-lavat\\\/\",\"url\":\"https:\\\/\\\/fuentesfidedignas.com.mx\\\/index.php\\\/2023\\\/12\\\/04\\\/muere-la-primera-actriz-queta-lavat\\\/\",\"name\":\"Muere la primera actriz Queta Lavat - Fuentes Fidedignas\",\"isPartOf\":{\"@id\":\"https:\\\/\\\/fuentesfidedignas.com.mx\\\/#website\"},\"primaryImageOfPage\":{\"@id\":\"https:\\\/\\\/fuentesfidedignas.com.mx\\\/index.php\\\/2023\\\/12\\\/04\\\/muere-la-primera-actriz-queta-lavat\\\/#primaryimage\"},\"image\":{\"@id\":\"https:\\\/\\\/fuentesfidedignas.com.mx\\\/index.php\\\/2023\\\/12\\\/04\\\/muere-la-primera-actriz-queta-lavat\\\/#primaryimage\"},\"thumbnailUrl\":\"https:\\\/\\\/fuentesfidedignas.com.mx\\\/wp-content\\\/uploads\\\/2023\\\/12\\\/queta-lavat.jpg\",\"datePublished\":\"2023-12-04T16:52:27+00:00\",\"dateModified\":\"2023-12-04T16:52:29+00:00\",\"breadcrumb\":{\"@id\":\"https:\\\/\\\/fuentesfidedignas.com.mx\\\/index.php\\\/2023\\\/12\\\/04\\\/muere-la-primera-actriz-queta-lavat\\\/#breadcrumb\"},\"inLanguage\":\"es\",\"potentialAction\":[{\"@type\":\"ReadAction\",\"target\":[\"https:\\\/\\\/fuentesfidedignas.com.mx\\\/index.php\\\/2023\\\/12\\\/04\\\/muere-la-primera-actriz-queta-lavat\\\/\"]}]},{\"@type\":\"ImageObject\",\"inLanguage\":\"es\",\"@id\":\"https:\\\/\\\/fuentesfidedignas.com.mx\\\/index.php\\\/2023\\\/12\\\/04\\\/muere-la-primera-actriz-queta-lavat\\\/#primaryimage\",\"url\":\"https:\\\/\\\/fuentesfidedignas.com.mx\\\/wp-content\\\/uploads\\\/2023\\\/12\\\/queta-lavat.jpg\",\"contentUrl\":\"https:\\\/\\\/fuentesfidedignas.com.mx\\\/wp-content\\\/uploads\\\/2023\\\/12\\\/queta-lavat.jpg\",\"width\":980,\"height\":551},{\"@type\":\"BreadcrumbList\",\"@id\":\"https:\\\/\\\/fuentesfidedignas.com.mx\\\/index.php\\\/2023\\\/12\\\/04\\\/muere-la-primera-actriz-queta-lavat\\\/#breadcrumb\",\"itemListElement\":[{\"@type\":\"ListItem\",\"position\":1,\"name\":\"Inicio\",\"item\":\"https:\\\/\\\/fuentesfidedignas.com.mx\\\/\"},{\"@type\":\"ListItem\",\"position\":2,\"name\":\"Muere la primera actriz Queta Lavat\"}]},{\"@type\":\"WebSite\",\"@id\":\"https:\\\/\\\/fuentesfidedignas.com.mx\\\/#website\",\"url\":\"https:\\\/\\\/fuentesfidedignas.com.mx\\\/\",\"name\":\"Fuentes Fidedignas\",\"description\":\"Otro sitio realizado con WordPress\",\"publisher\":{\"@id\":\"https:\\\/\\\/fuentesfidedignas.com.mx\\\/#organization\"},\"potentialAction\":[{\"@type\":\"SearchAction\",\"target\":{\"@type\":\"EntryPoint\",\"urlTemplate\":\"https:\\\/\\\/fuentesfidedignas.com.mx\\\/?s={search_term_string}\"},\"query-input\":{\"@type\":\"PropertyValueSpecification\",\"valueRequired\":true,\"valueName\":\"search_term_string\"}}],\"inLanguage\":\"es\"},{\"@type\":\"Organization\",\"@id\":\"https:\\\/\\\/fuentesfidedignas.com.mx\\\/#organization\",\"name\":\"Fuentes Fidedignas\",\"url\":\"https:\\\/\\\/fuentesfidedignas.com.mx\\\/\",\"logo\":{\"@type\":\"ImageObject\",\"inLanguage\":\"es\",\"@id\":\"https:\\\/\\\/fuentesfidedignas.com.mx\\\/#\\\/schema\\\/logo\\\/image\\\/\",\"url\":\"https:\\\/\\\/fuentesfidedignas.com.mx\\\/wp-content\\\/uploads\\\/2021\\\/04\\\/logo-retina.png\",\"contentUrl\":\"https:\\\/\\\/fuentesfidedignas.com.mx\\\/wp-content\\\/uploads\\\/2021\\\/04\\\/logo-retina.png\",\"width\":280,\"height\":51,\"caption\":\"Fuentes Fidedignas\"},\"image\":{\"@id\":\"https:\\\/\\\/fuentesfidedignas.com.mx\\\/#\\\/schema\\\/logo\\\/image\\\/\"},\"sameAs\":[\"https:\\\/\\\/www.facebook.com\\\/Fuentes-Fidedignas-368234489921644\",\"https:\\\/\\\/x.com\\\/fidedignas\"]},{\"@type\":\"Person\",\"@id\":\"https:\\\/\\\/fuentesfidedignas.com.mx\\\/#\\\/schema\\\/person\\\/67d852f0557c8509146a4b9ddebd543a\",\"name\":\"L\u00f3pez D\u00f3riga\",\"image\":{\"@type\":\"ImageObject\",\"inLanguage\":\"es\",\"@id\":\"https:\\\/\\\/secure.gravatar.com\\\/avatar\\\/e525b06574ca18b33cded59dfe5778d6c823b9513154eff47da551b0551bdd1e?s=96&d=mm&r=g\",\"url\":\"https:\\\/\\\/secure.gravatar.com\\\/avatar\\\/e525b06574ca18b33cded59dfe5778d6c823b9513154eff47da551b0551bdd1e?s=96&d=mm&r=g\",\"contentUrl\":\"https:\\\/\\\/secure.gravatar.com\\\/avatar\\\/e525b06574ca18b33cded59dfe5778d6c823b9513154eff47da551b0551bdd1e?s=96&d=mm&r=g\",\"caption\":\"L\u00f3pez D\u00f3riga\"},\"url\":\"https:\\\/\\\/fuentesfidedignas.com.mx\\\/index.php\\\/author\\\/doriga\\\/\"}]}<\/script>\n<!-- \/ Yoast SEO plugin. -->","yoast_head_json":{"title":"Muere la primera actriz Queta Lavat - Fuentes Fidedignas","robots":{"index":"index","follow":"follow","max-snippet":"max-snippet:-1","max-image-preview":"max-image-preview:large","max-video-preview":"max-video-preview:-1"},"canonical":"https:\/\/fuentesfidedignas.com.mx\/index.php\/2023\/12\/04\/muere-la-primera-actriz-queta-lavat\/","og_locale":"es_MX","og_type":"article","og_title":"Muere la primera actriz Queta Lavat - Fuentes Fidedignas","og_description":"La estrella de la \u00c9poca de Oro del cine mexicano, muri\u00f3 a los 95 a\u00f1os de edad, dio a conocer su familia Ciudad de M\u00e9xico. La reconocida actriz\u00a0Queta Lavat, estrella de la \u00c9poca de Oro del cine mexicano,\u00a0muri\u00f3\u00a0a los\u00a095 a\u00f1os\u00a0de edad. La noticia fue dada a conocer por su familia, cuyos miembros la describieron como [&hellip;]","og_url":"https:\/\/fuentesfidedignas.com.mx\/index.php\/2023\/12\/04\/muere-la-primera-actriz-queta-lavat\/","og_site_name":"Fuentes Fidedignas","article_publisher":"https:\/\/www.facebook.com\/Fuentes-Fidedignas-368234489921644","article_published_time":"2023-12-04T16:52:27+00:00","article_modified_time":"2023-12-04T16:52:29+00:00","og_image":[{"width":980,"height":551,"url":"https:\/\/fuentesfidedignas.com.mx\/wp-content\/uploads\/2023\/12\/queta-lavat.jpg","type":"image\/jpeg"}],"author":"L\u00f3pez D\u00f3riga","twitter_card":"summary_large_image","twitter_creator":"@fidedignas","twitter_site":"@fidedignas","twitter_misc":{"Escrito por":"L\u00f3pez D\u00f3riga","Tiempo de lectura":"2 minutos"},"schema":{"@context":"https:\/\/schema.org","@graph":[{"@type":"Article","@id":"https:\/\/fuentesfidedignas.com.mx\/index.php\/2023\/12\/04\/muere-la-primera-actriz-queta-lavat\/#article","isPartOf":{"@id":"https:\/\/fuentesfidedignas.com.mx\/index.php\/2023\/12\/04\/muere-la-primera-actriz-queta-lavat\/"},"author":{"name":"L\u00f3pez D\u00f3riga","@id":"https:\/\/fuentesfidedignas.com.mx\/#\/schema\/person\/67d852f0557c8509146a4b9ddebd543a"},"headline":"Muere la primera actriz Queta Lavat","datePublished":"2023-12-04T16:52:27+00:00","dateModified":"2023-12-04T16:52:29+00:00","mainEntityOfPage":{"@id":"https:\/\/fuentesfidedignas.com.mx\/index.php\/2023\/12\/04\/muere-la-primera-actriz-queta-lavat\/"},"wordCount":308,"commentCount":0,"publisher":{"@id":"https:\/\/fuentesfidedignas.com.mx\/#organization"},"image":{"@id":"https:\/\/fuentesfidedignas.com.mx\/index.php\/2023\/12\/04\/muere-la-primera-actriz-queta-lavat\/#primaryimage"},"thumbnailUrl":"https:\/\/fuentesfidedignas.com.mx\/wp-content\/uploads\/2023\/12\/queta-lavat.jpg","articleSection":["NOTICIAS NACIONALES"],"inLanguage":"es","potentialAction":[{"@type":"CommentAction","name":"Comment","target":["https:\/\/fuentesfidedignas.com.mx\/index.php\/2023\/12\/04\/muere-la-primera-actriz-queta-lavat\/#respond"]}]},{"@type":"WebPage","@id":"https:\/\/fuentesfidedignas.com.mx\/index.php\/2023\/12\/04\/muere-la-primera-actriz-queta-lavat\/","url":"https:\/\/fuentesfidedignas.com.mx\/index.php\/2023\/12\/04\/muere-la-primera-actriz-queta-lavat\/","name":"Muere la primera actriz Queta Lavat - Fuentes Fidedignas","isPartOf":{"@id":"https:\/\/fuentesfidedignas.com.mx\/#website"},"primaryImageOfPage":{"@id":"https:\/\/fuentesfidedignas.com.mx\/index.php\/2023\/12\/04\/muere-la-primera-actriz-queta-lavat\/#primaryimage"},"image":{"@id":"https:\/\/fuentesfidedignas.com.mx\/index.php\/2023\/12\/04\/muere-la-primera-actriz-queta-lavat\/#primaryimage"},"thumbnailUrl":"https:\/\/fuentesfidedignas.com.mx\/wp-content\/uploads\/2023\/12\/queta-lavat.jpg","datePublished":"2023-12-04T16:52:27+00:00","dateModified":"2023-12-04T16:52:29+00:00","breadcrumb":{"@id":"https:\/\/fuentesfidedignas.com.mx\/index.php\/2023\/12\/04\/muere-la-primera-actriz-queta-lavat\/#breadcrumb"},"inLanguage":"es","potentialAction":[{"@type":"ReadAction","target":["https:\/\/fuentesfidedignas.com.mx\/index.php\/2023\/12\/04\/muere-la-primera-actriz-queta-lavat\/"]}]},{"@type":"ImageObject","inLanguage":"es","@id":"https:\/\/fuentesfidedignas.com.mx\/index.php\/2023\/12\/04\/muere-la-primera-actriz-queta-lavat\/#primaryimage","url":"https:\/\/fuentesfidedignas.com.mx\/wp-content\/uploads\/2023\/12\/queta-lavat.jpg","contentUrl":"https:\/\/fuentesfidedignas.com.mx\/wp-content\/uploads\/2023\/12\/queta-lavat.jpg","width":980,"height":551},{"@type":"BreadcrumbList","@id":"https:\/\/fuentesfidedignas.com.mx\/index.php\/2023\/12\/04\/muere-la-primera-actriz-queta-lavat\/#breadcrumb","itemListElement":[{"@type":"ListItem","position":1,"name":"Inicio","item":"https:\/\/fuentesfidedignas.com.mx\/"},{"@type":"ListItem","position":2,"name":"Muere la primera actriz Queta Lavat"}]},{"@type":"WebSite","@id":"https:\/\/fuentesfidedignas.com.mx\/#website","url":"https:\/\/fuentesfidedignas.com.mx\/","name":"Fuentes Fidedignas","description":"Otro sitio realizado con WordPress","publisher":{"@id":"https:\/\/fuentesfidedignas.com.mx\/#organization"},"potentialAction":[{"@type":"SearchAction","target":{"@type":"EntryPoint","urlTemplate":"https:\/\/fuentesfidedignas.com.mx\/?s={search_term_string}"},"query-input":{"@type":"PropertyValueSpecification","valueRequired":true,"valueName":"search_term_string"}}],"inLanguage":"es"},{"@type":"Organization","@id":"https:\/\/fuentesfidedignas.com.mx\/#organization","name":"Fuentes Fidedignas","url":"https:\/\/fuentesfidedignas.com.mx\/","logo":{"@type":"ImageObject","inLanguage":"es","@id":"https:\/\/fuentesfidedignas.com.mx\/#\/schema\/logo\/image\/","url":"https:\/\/fuentesfidedignas.com.mx\/wp-content\/uploads\/2021\/04\/logo-retina.png","contentUrl":"https:\/\/fuentesfidedignas.com.mx\/wp-content\/uploads\/2021\/04\/logo-retina.png","width":280,"height":51,"caption":"Fuentes Fidedignas"},"image":{"@id":"https:\/\/fuentesfidedignas.com.mx\/#\/schema\/logo\/image\/"},"sameAs":["https:\/\/www.facebook.com\/Fuentes-Fidedignas-368234489921644","https:\/\/x.com\/fidedignas"]},{"@type":"Person","@id":"https:\/\/fuentesfidedignas.com.mx\/#\/schema\/person\/67d852f0557c8509146a4b9ddebd543a","name":"L\u00f3pez D\u00f3riga","image":{"@type":"ImageObject","inLanguage":"es","@id":"https:\/\/secure.gravatar.com\/avatar\/e525b06574ca18b33cded59dfe5778d6c823b9513154eff47da551b0551bdd1e?s=96&d=mm&r=g","url":"https:\/\/secure.gravatar.com\/avatar\/e525b06574ca18b33cded59dfe5778d6c823b9513154eff47da551b0551bdd1e?s=96&d=mm&r=g","contentUrl":"https:\/\/secure.gravatar.com\/avatar\/e525b06574ca18b33cded59dfe5778d6c823b9513154eff47da551b0551bdd1e?s=96&d=mm&r=g","caption":"L\u00f3pez D\u00f3riga"},"url":"https:\/\/fuentesfidedignas.com.mx\/index.php\/author\/doriga\/"}]}},"_links":{"self":[{"href":"https:\/\/fuentesfidedignas.com.mx\/index.php\/wp-json\/wp\/v2\/posts\/67555","targetHints":{"allow":["GET"]}}],"collection":[{"href":"https:\/\/fuentesfidedignas.com.mx\/index.php\/wp-json\/wp\/v2\/posts"}],"about":[{"href":"https:\/\/fuentesfidedignas.com.mx\/index.php\/wp-json\/wp\/v2\/types\/post"}],"author":[{"embeddable":true,"href":"https:\/\/fuentesfidedignas.com.mx\/index.php\/wp-json\/wp\/v2\/users\/47"}],"replies":[{"embeddable":true,"href":"https:\/\/fuentesfidedignas.com.mx\/index.php\/wp-json\/wp\/v2\/comments?post=67555"}],"version-history":[{"count":1,"href":"https:\/\/fuentesfidedignas.com.mx\/index.php\/wp-json\/wp\/v2\/posts\/67555\/revisions"}],"predecessor-version":[{"id":67557,"href":"https:\/\/fuentesfidedignas.com.mx\/index.php\/wp-json\/wp\/v2\/posts\/67555\/revisions\/67557"}],"wp:featuredmedia":[{"embeddable":true,"href":"https:\/\/fuentesfidedignas.com.mx\/index.php\/wp-json\/wp\/v2\/media\/67556"}],"wp:attachment":[{"href":"https:\/\/fuentesfidedignas.com.mx\/index.php\/wp-json\/wp\/v2\/media?parent=67555"}],"wp:term":[{"taxonomy":"category","embeddable":true,"href":"https:\/\/fuentesfidedignas.com.mx\/index.php\/wp-json\/wp\/v2\/categories?post=67555"},{"taxonomy":"post_tag","embeddable":true,"href":"https:\/\/fuentesfidedignas.com.mx\/index.php\/wp-json\/wp\/v2\/tags?post=67555"}],"curies":[{"name":"wp","href":"https:\/\/api.w.org\/{rel}","templated":true}]}}