{"id":67463,"date":"2023-12-02T14:44:00","date_gmt":"2023-12-02T21:44:00","guid":{"rendered":"https:\/\/fuentesfidedignas.com.mx\/?p=67463"},"modified":"2023-12-02T19:58:57","modified_gmt":"2023-12-03T02:58:57","slug":"aqui-si-macaneamos-se-apunta-malova-para-la-senaduria-por-el-frente","status":"publish","type":"post","link":"https:\/\/fuentesfidedignas.com.mx\/index.php\/2023\/12\/02\/aqui-si-macaneamos-se-apunta-malova-para-la-senaduria-por-el-frente\/","title":{"rendered":"\u201cAqu\u00ed s\u00ed macaneamos\u201d: Se apunta Malova para la Senadur\u00eda por el Frente"},"content":{"rendered":"\n<p><\/p>\n\n\n\n<p>Culiac\u00e1n, Sin.- Al llegar el ex gobernador Mario L\u00f3pez Valdez a la sede del Comit\u00e9 Directivo Estatal (CDE) del Partido Revolucionario Institucional (PRI), comenz\u00f3 a sonar la Banda Sinaloense con la melod\u00eda Los Palillos Chinos, pero esta vez, a sus 66 a\u00f1os de edad no bail\u00f3.<\/p>\n\n\n\n<p>Solamente respondi\u00f3 a la prensa que todav\u00eda ten\u00eda la energ\u00eda suficiente para \u201cmacanear\u201d y volarla al otro lado de la barda, refiri\u00e9ndose a sus aspiraciones por ser de nuevo Senador de la Rep\u00fablica. Asegur\u00f3 que hab\u00eda levantado la mano.<\/p>\n\n\n\n<p>Advirti\u00f3 que esperar\u00eda la convocatoria y tras bromear con los periodistas que lo vieron regresar al tricolor despu\u00e9s de alrededor de catorce a\u00f1os de haber abandonado las filas del PRI, entr\u00f3 al Auditorio \u201cBenito Ju\u00e1rez\u201d para presenciar el Segundo Informe Legislativo de la diputada federal Paloma S\u00e1nchez Ramos.<\/p>\n\n\n\n<p>Cabe destacar que su arribo fue con Paola G\u00e1rate Valenzuela y Bernardino Antelo Esper, presidenta y secretario general del PRI en Sinaloa; as\u00ed como \u00d3scar Javier Valdez L\u00f3pez, dirigente del Movimiento Territorial en Sinaloa y Lourdes Erika S\u00e1nchez Mart\u00ednez, dirigente estatal de la CNOP, quienes recibieron a Paloma S\u00e1nchez Ramos.<\/p>\n","protected":false},"excerpt":{"rendered":"<p>Culiac\u00e1n, Sin.- Al llegar el ex gobernador Mario L\u00f3pez Valdez a la sede del Comit\u00e9 Directivo Estatal (CDE) del Partido Revolucionario Institucional (PRI), comenz\u00f3 a sonar la Banda Sinaloense con la melod\u00eda Los Palillos Chinos, pero esta vez, a sus 66 a\u00f1os de edad no bail\u00f3. Solamente respondi\u00f3 a la prensa que todav\u00eda ten\u00eda la [&hellip;]<\/p>\n","protected":false},"author":112,"featured_media":67464,"comment_status":"open","ping_status":"open","sticky":false,"template":"","format":"standard","meta":{"tdm_status":"","tdm_grid_status":"","footnotes":""},"categories":[37],"tags":[],"class_list":{"0":"post-67463","1":"post","2":"type-post","3":"status-publish","4":"format-standard","5":"has-post-thumbnail","7":"category-nota-principal"},"yoast_head":"<!-- This site is optimized with the Yoast SEO plugin v27.4 - https:\/\/yoast.com\/product\/yoast-seo-wordpress\/ -->\n<title>\u201cAqu\u00ed s\u00ed macaneamos\u201d: Se apunta Malova para la Senadur\u00eda por el Frente - Fuentes Fidedignas<\/title>\n<meta name=\"robots\" content=\"index, follow, max-snippet:-1, max-image-preview:large, max-video-preview:-1\" \/>\n<link rel=\"canonical\" href=\"https:\/\/fuentesfidedignas.com.mx\/index.php\/2023\/12\/02\/aqui-si-macaneamos-se-apunta-malova-para-la-senaduria-por-el-frente\/\" \/>\n<meta property=\"og:locale\" content=\"es_MX\" \/>\n<meta property=\"og:type\" content=\"article\" \/>\n<meta property=\"og:title\" content=\"\u201cAqu\u00ed s\u00ed macaneamos\u201d: Se apunta Malova para la Senadur\u00eda por el Frente - Fuentes Fidedignas\" \/>\n<meta property=\"og:description\" content=\"Culiac\u00e1n, Sin.- Al llegar el ex gobernador Mario L\u00f3pez Valdez a la sede del Comit\u00e9 Directivo Estatal (CDE) del Partido Revolucionario Institucional (PRI), comenz\u00f3 a sonar la Banda Sinaloense con la melod\u00eda Los Palillos Chinos, pero esta vez, a sus 66 a\u00f1os de edad no bail\u00f3. Solamente respondi\u00f3 a la prensa que todav\u00eda ten\u00eda la [&hellip;]\" \/>\n<meta property=\"og:url\" content=\"https:\/\/fuentesfidedignas.com.mx\/index.php\/2023\/12\/02\/aqui-si-macaneamos-se-apunta-malova-para-la-senaduria-por-el-frente\/\" \/>\n<meta property=\"og:site_name\" content=\"Fuentes Fidedignas\" \/>\n<meta property=\"article:publisher\" content=\"https:\/\/www.facebook.com\/Fuentes-Fidedignas-368234489921644\" \/>\n<meta property=\"article:published_time\" content=\"2023-12-02T21:44:00+00:00\" \/>\n<meta property=\"article:modified_time\" content=\"2023-12-03T02:58:57+00:00\" \/>\n<meta property=\"og:image\" content=\"https:\/\/fuentesfidedignas.com.mx\/wp-content\/uploads\/2023\/12\/WhatsApp-Image-2023-12-02-at-12.43.40-PM-e1701571608243.jpeg\" \/>\n\t<meta property=\"og:image:width\" content=\"700\" \/>\n\t<meta property=\"og:image:height\" content=\"525\" \/>\n\t<meta property=\"og:image:type\" content=\"image\/jpeg\" \/>\n<meta name=\"author\" content=\"Leonardo Gutierrez\" \/>\n<meta name=\"twitter:card\" content=\"summary_large_image\" \/>\n<meta name=\"twitter:creator\" content=\"@fidedignas\" \/>\n<meta name=\"twitter:site\" content=\"@fidedignas\" \/>\n<meta name=\"twitter:label1\" content=\"Escrito por\" \/>\n\t<meta name=\"twitter:data1\" content=\"Leonardo Gutierrez\" \/>\n\t<meta name=\"twitter:label2\" content=\"Tiempo de lectura\" \/>\n\t<meta name=\"twitter:data2\" content=\"1 minuto\" \/>\n<script type=\"application\/ld+json\" class=\"yoast-schema-graph\">{\"@context\":\"https:\\\/\\\/schema.org\",\"@graph\":[{\"@type\":\"Article\",\"@id\":\"https:\\\/\\\/fuentesfidedignas.com.mx\\\/index.php\\\/2023\\\/12\\\/02\\\/aqui-si-macaneamos-se-apunta-malova-para-la-senaduria-por-el-frente\\\/#article\",\"isPartOf\":{\"@id\":\"https:\\\/\\\/fuentesfidedignas.com.mx\\\/index.php\\\/2023\\\/12\\\/02\\\/aqui-si-macaneamos-se-apunta-malova-para-la-senaduria-por-el-frente\\\/\"},\"author\":{\"name\":\"Leonardo Gutierrez\",\"@id\":\"https:\\\/\\\/fuentesfidedignas.com.mx\\\/#\\\/schema\\\/person\\\/c77df25c00baae1d4fdc0340db6f364c\"},\"headline\":\"\u201cAqu\u00ed s\u00ed macaneamos\u201d: Se apunta Malova para la Senadur\u00eda por el Frente\",\"datePublished\":\"2023-12-02T21:44:00+00:00\",\"dateModified\":\"2023-12-03T02:58:57+00:00\",\"mainEntityOfPage\":{\"@id\":\"https:\\\/\\\/fuentesfidedignas.com.mx\\\/index.php\\\/2023\\\/12\\\/02\\\/aqui-si-macaneamos-se-apunta-malova-para-la-senaduria-por-el-frente\\\/\"},\"wordCount\":216,\"commentCount\":0,\"publisher\":{\"@id\":\"https:\\\/\\\/fuentesfidedignas.com.mx\\\/#organization\"},\"image\":{\"@id\":\"https:\\\/\\\/fuentesfidedignas.com.mx\\\/index.php\\\/2023\\\/12\\\/02\\\/aqui-si-macaneamos-se-apunta-malova-para-la-senaduria-por-el-frente\\\/#primaryimage\"},\"thumbnailUrl\":\"https:\\\/\\\/fuentesfidedignas.com.mx\\\/wp-content\\\/uploads\\\/2023\\\/12\\\/WhatsApp-Image-2023-12-02-at-12.43.40-PM-e1701571608243.jpeg\",\"articleSection\":[\"NOTA PRINCIPAL\"],\"inLanguage\":\"es\",\"potentialAction\":[{\"@type\":\"CommentAction\",\"name\":\"Comment\",\"target\":[\"https:\\\/\\\/fuentesfidedignas.com.mx\\\/index.php\\\/2023\\\/12\\\/02\\\/aqui-si-macaneamos-se-apunta-malova-para-la-senaduria-por-el-frente\\\/#respond\"]}]},{\"@type\":\"WebPage\",\"@id\":\"https:\\\/\\\/fuentesfidedignas.com.mx\\\/index.php\\\/2023\\\/12\\\/02\\\/aqui-si-macaneamos-se-apunta-malova-para-la-senaduria-por-el-frente\\\/\",\"url\":\"https:\\\/\\\/fuentesfidedignas.com.mx\\\/index.php\\\/2023\\\/12\\\/02\\\/aqui-si-macaneamos-se-apunta-malova-para-la-senaduria-por-el-frente\\\/\",\"name\":\"\u201cAqu\u00ed s\u00ed macaneamos\u201d: Se apunta Malova para la Senadur\u00eda por el Frente - Fuentes Fidedignas\",\"isPartOf\":{\"@id\":\"https:\\\/\\\/fuentesfidedignas.com.mx\\\/#website\"},\"primaryImageOfPage\":{\"@id\":\"https:\\\/\\\/fuentesfidedignas.com.mx\\\/index.php\\\/2023\\\/12\\\/02\\\/aqui-si-macaneamos-se-apunta-malova-para-la-senaduria-por-el-frente\\\/#primaryimage\"},\"image\":{\"@id\":\"https:\\\/\\\/fuentesfidedignas.com.mx\\\/index.php\\\/2023\\\/12\\\/02\\\/aqui-si-macaneamos-se-apunta-malova-para-la-senaduria-por-el-frente\\\/#primaryimage\"},\"thumbnailUrl\":\"https:\\\/\\\/fuentesfidedignas.com.mx\\\/wp-content\\\/uploads\\\/2023\\\/12\\\/WhatsApp-Image-2023-12-02-at-12.43.40-PM-e1701571608243.jpeg\",\"datePublished\":\"2023-12-02T21:44:00+00:00\",\"dateModified\":\"2023-12-03T02:58:57+00:00\",\"breadcrumb\":{\"@id\":\"https:\\\/\\\/fuentesfidedignas.com.mx\\\/index.php\\\/2023\\\/12\\\/02\\\/aqui-si-macaneamos-se-apunta-malova-para-la-senaduria-por-el-frente\\\/#breadcrumb\"},\"inLanguage\":\"es\",\"potentialAction\":[{\"@type\":\"ReadAction\",\"target\":[\"https:\\\/\\\/fuentesfidedignas.com.mx\\\/index.php\\\/2023\\\/12\\\/02\\\/aqui-si-macaneamos-se-apunta-malova-para-la-senaduria-por-el-frente\\\/\"]}]},{\"@type\":\"ImageObject\",\"inLanguage\":\"es\",\"@id\":\"https:\\\/\\\/fuentesfidedignas.com.mx\\\/index.php\\\/2023\\\/12\\\/02\\\/aqui-si-macaneamos-se-apunta-malova-para-la-senaduria-por-el-frente\\\/#primaryimage\",\"url\":\"https:\\\/\\\/fuentesfidedignas.com.mx\\\/wp-content\\\/uploads\\\/2023\\\/12\\\/WhatsApp-Image-2023-12-02-at-12.43.40-PM-e1701571608243.jpeg\",\"contentUrl\":\"https:\\\/\\\/fuentesfidedignas.com.mx\\\/wp-content\\\/uploads\\\/2023\\\/12\\\/WhatsApp-Image-2023-12-02-at-12.43.40-PM-e1701571608243.jpeg\",\"width\":700,\"height\":525},{\"@type\":\"BreadcrumbList\",\"@id\":\"https:\\\/\\\/fuentesfidedignas.com.mx\\\/index.php\\\/2023\\\/12\\\/02\\\/aqui-si-macaneamos-se-apunta-malova-para-la-senaduria-por-el-frente\\\/#breadcrumb\",\"itemListElement\":[{\"@type\":\"ListItem\",\"position\":1,\"name\":\"Inicio\",\"item\":\"https:\\\/\\\/fuentesfidedignas.com.mx\\\/\"},{\"@type\":\"ListItem\",\"position\":2,\"name\":\"\u201cAqu\u00ed s\u00ed macaneamos\u201d: Se apunta Malova para la Senadur\u00eda por el Frente\"}]},{\"@type\":\"WebSite\",\"@id\":\"https:\\\/\\\/fuentesfidedignas.com.mx\\\/#website\",\"url\":\"https:\\\/\\\/fuentesfidedignas.com.mx\\\/\",\"name\":\"Fuentes Fidedignas\",\"description\":\"Otro sitio realizado con WordPress\",\"publisher\":{\"@id\":\"https:\\\/\\\/fuentesfidedignas.com.mx\\\/#organization\"},\"potentialAction\":[{\"@type\":\"SearchAction\",\"target\":{\"@type\":\"EntryPoint\",\"urlTemplate\":\"https:\\\/\\\/fuentesfidedignas.com.mx\\\/?s={search_term_string}\"},\"query-input\":{\"@type\":\"PropertyValueSpecification\",\"valueRequired\":true,\"valueName\":\"search_term_string\"}}],\"inLanguage\":\"es\"},{\"@type\":\"Organization\",\"@id\":\"https:\\\/\\\/fuentesfidedignas.com.mx\\\/#organization\",\"name\":\"Fuentes Fidedignas\",\"url\":\"https:\\\/\\\/fuentesfidedignas.com.mx\\\/\",\"logo\":{\"@type\":\"ImageObject\",\"inLanguage\":\"es\",\"@id\":\"https:\\\/\\\/fuentesfidedignas.com.mx\\\/#\\\/schema\\\/logo\\\/image\\\/\",\"url\":\"https:\\\/\\\/fuentesfidedignas.com.mx\\\/wp-content\\\/uploads\\\/2021\\\/04\\\/logo-retina.png\",\"contentUrl\":\"https:\\\/\\\/fuentesfidedignas.com.mx\\\/wp-content\\\/uploads\\\/2021\\\/04\\\/logo-retina.png\",\"width\":280,\"height\":51,\"caption\":\"Fuentes Fidedignas\"},\"image\":{\"@id\":\"https:\\\/\\\/fuentesfidedignas.com.mx\\\/#\\\/schema\\\/logo\\\/image\\\/\"},\"sameAs\":[\"https:\\\/\\\/www.facebook.com\\\/Fuentes-Fidedignas-368234489921644\",\"https:\\\/\\\/x.com\\\/fidedignas\"]},{\"@type\":\"Person\",\"@id\":\"https:\\\/\\\/fuentesfidedignas.com.mx\\\/#\\\/schema\\\/person\\\/c77df25c00baae1d4fdc0340db6f364c\",\"name\":\"Leonardo Gutierrez\",\"image\":{\"@type\":\"ImageObject\",\"inLanguage\":\"es\",\"@id\":\"https:\\\/\\\/secure.gravatar.com\\\/avatar\\\/17b13a7a986cc98ca4d7337340bcac5945cbae677961c354aefb3c7962c8cc1f?s=96&d=mm&r=g\",\"url\":\"https:\\\/\\\/secure.gravatar.com\\\/avatar\\\/17b13a7a986cc98ca4d7337340bcac5945cbae677961c354aefb3c7962c8cc1f?s=96&d=mm&r=g\",\"contentUrl\":\"https:\\\/\\\/secure.gravatar.com\\\/avatar\\\/17b13a7a986cc98ca4d7337340bcac5945cbae677961c354aefb3c7962c8cc1f?s=96&d=mm&r=g\",\"caption\":\"Leonardo Gutierrez\"},\"url\":\"https:\\\/\\\/fuentesfidedignas.com.mx\\\/index.php\\\/author\\\/leonardogut\\\/\"}]}<\/script>\n<!-- \/ Yoast SEO plugin. -->","yoast_head_json":{"title":"\u201cAqu\u00ed s\u00ed macaneamos\u201d: Se apunta Malova para la Senadur\u00eda por el Frente - Fuentes Fidedignas","robots":{"index":"index","follow":"follow","max-snippet":"max-snippet:-1","max-image-preview":"max-image-preview:large","max-video-preview":"max-video-preview:-1"},"canonical":"https:\/\/fuentesfidedignas.com.mx\/index.php\/2023\/12\/02\/aqui-si-macaneamos-se-apunta-malova-para-la-senaduria-por-el-frente\/","og_locale":"es_MX","og_type":"article","og_title":"\u201cAqu\u00ed s\u00ed macaneamos\u201d: Se apunta Malova para la Senadur\u00eda por el Frente - Fuentes Fidedignas","og_description":"Culiac\u00e1n, Sin.- Al llegar el ex gobernador Mario L\u00f3pez Valdez a la sede del Comit\u00e9 Directivo Estatal (CDE) del Partido Revolucionario Institucional (PRI), comenz\u00f3 a sonar la Banda Sinaloense con la melod\u00eda Los Palillos Chinos, pero esta vez, a sus 66 a\u00f1os de edad no bail\u00f3. Solamente respondi\u00f3 a la prensa que todav\u00eda ten\u00eda la [&hellip;]","og_url":"https:\/\/fuentesfidedignas.com.mx\/index.php\/2023\/12\/02\/aqui-si-macaneamos-se-apunta-malova-para-la-senaduria-por-el-frente\/","og_site_name":"Fuentes Fidedignas","article_publisher":"https:\/\/www.facebook.com\/Fuentes-Fidedignas-368234489921644","article_published_time":"2023-12-02T21:44:00+00:00","article_modified_time":"2023-12-03T02:58:57+00:00","og_image":[{"width":700,"height":525,"url":"https:\/\/fuentesfidedignas.com.mx\/wp-content\/uploads\/2023\/12\/WhatsApp-Image-2023-12-02-at-12.43.40-PM-e1701571608243.jpeg","type":"image\/jpeg"}],"author":"Leonardo Gutierrez","twitter_card":"summary_large_image","twitter_creator":"@fidedignas","twitter_site":"@fidedignas","twitter_misc":{"Escrito por":"Leonardo Gutierrez","Tiempo de lectura":"1 minuto"},"schema":{"@context":"https:\/\/schema.org","@graph":[{"@type":"Article","@id":"https:\/\/fuentesfidedignas.com.mx\/index.php\/2023\/12\/02\/aqui-si-macaneamos-se-apunta-malova-para-la-senaduria-por-el-frente\/#article","isPartOf":{"@id":"https:\/\/fuentesfidedignas.com.mx\/index.php\/2023\/12\/02\/aqui-si-macaneamos-se-apunta-malova-para-la-senaduria-por-el-frente\/"},"author":{"name":"Leonardo Gutierrez","@id":"https:\/\/fuentesfidedignas.com.mx\/#\/schema\/person\/c77df25c00baae1d4fdc0340db6f364c"},"headline":"\u201cAqu\u00ed s\u00ed macaneamos\u201d: Se apunta Malova para la Senadur\u00eda por el Frente","datePublished":"2023-12-02T21:44:00+00:00","dateModified":"2023-12-03T02:58:57+00:00","mainEntityOfPage":{"@id":"https:\/\/fuentesfidedignas.com.mx\/index.php\/2023\/12\/02\/aqui-si-macaneamos-se-apunta-malova-para-la-senaduria-por-el-frente\/"},"wordCount":216,"commentCount":0,"publisher":{"@id":"https:\/\/fuentesfidedignas.com.mx\/#organization"},"image":{"@id":"https:\/\/fuentesfidedignas.com.mx\/index.php\/2023\/12\/02\/aqui-si-macaneamos-se-apunta-malova-para-la-senaduria-por-el-frente\/#primaryimage"},"thumbnailUrl":"https:\/\/fuentesfidedignas.com.mx\/wp-content\/uploads\/2023\/12\/WhatsApp-Image-2023-12-02-at-12.43.40-PM-e1701571608243.jpeg","articleSection":["NOTA PRINCIPAL"],"inLanguage":"es","potentialAction":[{"@type":"CommentAction","name":"Comment","target":["https:\/\/fuentesfidedignas.com.mx\/index.php\/2023\/12\/02\/aqui-si-macaneamos-se-apunta-malova-para-la-senaduria-por-el-frente\/#respond"]}]},{"@type":"WebPage","@id":"https:\/\/fuentesfidedignas.com.mx\/index.php\/2023\/12\/02\/aqui-si-macaneamos-se-apunta-malova-para-la-senaduria-por-el-frente\/","url":"https:\/\/fuentesfidedignas.com.mx\/index.php\/2023\/12\/02\/aqui-si-macaneamos-se-apunta-malova-para-la-senaduria-por-el-frente\/","name":"\u201cAqu\u00ed s\u00ed macaneamos\u201d: Se apunta Malova para la Senadur\u00eda por el Frente - Fuentes Fidedignas","isPartOf":{"@id":"https:\/\/fuentesfidedignas.com.mx\/#website"},"primaryImageOfPage":{"@id":"https:\/\/fuentesfidedignas.com.mx\/index.php\/2023\/12\/02\/aqui-si-macaneamos-se-apunta-malova-para-la-senaduria-por-el-frente\/#primaryimage"},"image":{"@id":"https:\/\/fuentesfidedignas.com.mx\/index.php\/2023\/12\/02\/aqui-si-macaneamos-se-apunta-malova-para-la-senaduria-por-el-frente\/#primaryimage"},"thumbnailUrl":"https:\/\/fuentesfidedignas.com.mx\/wp-content\/uploads\/2023\/12\/WhatsApp-Image-2023-12-02-at-12.43.40-PM-e1701571608243.jpeg","datePublished":"2023-12-02T21:44:00+00:00","dateModified":"2023-12-03T02:58:57+00:00","breadcrumb":{"@id":"https:\/\/fuentesfidedignas.com.mx\/index.php\/2023\/12\/02\/aqui-si-macaneamos-se-apunta-malova-para-la-senaduria-por-el-frente\/#breadcrumb"},"inLanguage":"es","potentialAction":[{"@type":"ReadAction","target":["https:\/\/fuentesfidedignas.com.mx\/index.php\/2023\/12\/02\/aqui-si-macaneamos-se-apunta-malova-para-la-senaduria-por-el-frente\/"]}]},{"@type":"ImageObject","inLanguage":"es","@id":"https:\/\/fuentesfidedignas.com.mx\/index.php\/2023\/12\/02\/aqui-si-macaneamos-se-apunta-malova-para-la-senaduria-por-el-frente\/#primaryimage","url":"https:\/\/fuentesfidedignas.com.mx\/wp-content\/uploads\/2023\/12\/WhatsApp-Image-2023-12-02-at-12.43.40-PM-e1701571608243.jpeg","contentUrl":"https:\/\/fuentesfidedignas.com.mx\/wp-content\/uploads\/2023\/12\/WhatsApp-Image-2023-12-02-at-12.43.40-PM-e1701571608243.jpeg","width":700,"height":525},{"@type":"BreadcrumbList","@id":"https:\/\/fuentesfidedignas.com.mx\/index.php\/2023\/12\/02\/aqui-si-macaneamos-se-apunta-malova-para-la-senaduria-por-el-frente\/#breadcrumb","itemListElement":[{"@type":"ListItem","position":1,"name":"Inicio","item":"https:\/\/fuentesfidedignas.com.mx\/"},{"@type":"ListItem","position":2,"name":"\u201cAqu\u00ed s\u00ed macaneamos\u201d: Se apunta Malova para la Senadur\u00eda por el Frente"}]},{"@type":"WebSite","@id":"https:\/\/fuentesfidedignas.com.mx\/#website","url":"https:\/\/fuentesfidedignas.com.mx\/","name":"Fuentes Fidedignas","description":"Otro sitio realizado con WordPress","publisher":{"@id":"https:\/\/fuentesfidedignas.com.mx\/#organization"},"potentialAction":[{"@type":"SearchAction","target":{"@type":"EntryPoint","urlTemplate":"https:\/\/fuentesfidedignas.com.mx\/?s={search_term_string}"},"query-input":{"@type":"PropertyValueSpecification","valueRequired":true,"valueName":"search_term_string"}}],"inLanguage":"es"},{"@type":"Organization","@id":"https:\/\/fuentesfidedignas.com.mx\/#organization","name":"Fuentes Fidedignas","url":"https:\/\/fuentesfidedignas.com.mx\/","logo":{"@type":"ImageObject","inLanguage":"es","@id":"https:\/\/fuentesfidedignas.com.mx\/#\/schema\/logo\/image\/","url":"https:\/\/fuentesfidedignas.com.mx\/wp-content\/uploads\/2021\/04\/logo-retina.png","contentUrl":"https:\/\/fuentesfidedignas.com.mx\/wp-content\/uploads\/2021\/04\/logo-retina.png","width":280,"height":51,"caption":"Fuentes Fidedignas"},"image":{"@id":"https:\/\/fuentesfidedignas.com.mx\/#\/schema\/logo\/image\/"},"sameAs":["https:\/\/www.facebook.com\/Fuentes-Fidedignas-368234489921644","https:\/\/x.com\/fidedignas"]},{"@type":"Person","@id":"https:\/\/fuentesfidedignas.com.mx\/#\/schema\/person\/c77df25c00baae1d4fdc0340db6f364c","name":"Leonardo Gutierrez","image":{"@type":"ImageObject","inLanguage":"es","@id":"https:\/\/secure.gravatar.com\/avatar\/17b13a7a986cc98ca4d7337340bcac5945cbae677961c354aefb3c7962c8cc1f?s=96&d=mm&r=g","url":"https:\/\/secure.gravatar.com\/avatar\/17b13a7a986cc98ca4d7337340bcac5945cbae677961c354aefb3c7962c8cc1f?s=96&d=mm&r=g","contentUrl":"https:\/\/secure.gravatar.com\/avatar\/17b13a7a986cc98ca4d7337340bcac5945cbae677961c354aefb3c7962c8cc1f?s=96&d=mm&r=g","caption":"Leonardo Gutierrez"},"url":"https:\/\/fuentesfidedignas.com.mx\/index.php\/author\/leonardogut\/"}]}},"_links":{"self":[{"href":"https:\/\/fuentesfidedignas.com.mx\/index.php\/wp-json\/wp\/v2\/posts\/67463","targetHints":{"allow":["GET"]}}],"collection":[{"href":"https:\/\/fuentesfidedignas.com.mx\/index.php\/wp-json\/wp\/v2\/posts"}],"about":[{"href":"https:\/\/fuentesfidedignas.com.mx\/index.php\/wp-json\/wp\/v2\/types\/post"}],"author":[{"embeddable":true,"href":"https:\/\/fuentesfidedignas.com.mx\/index.php\/wp-json\/wp\/v2\/users\/112"}],"replies":[{"embeddable":true,"href":"https:\/\/fuentesfidedignas.com.mx\/index.php\/wp-json\/wp\/v2\/comments?post=67463"}],"version-history":[{"count":1,"href":"https:\/\/fuentesfidedignas.com.mx\/index.php\/wp-json\/wp\/v2\/posts\/67463\/revisions"}],"predecessor-version":[{"id":67465,"href":"https:\/\/fuentesfidedignas.com.mx\/index.php\/wp-json\/wp\/v2\/posts\/67463\/revisions\/67465"}],"wp:featuredmedia":[{"embeddable":true,"href":"https:\/\/fuentesfidedignas.com.mx\/index.php\/wp-json\/wp\/v2\/media\/67464"}],"wp:attachment":[{"href":"https:\/\/fuentesfidedignas.com.mx\/index.php\/wp-json\/wp\/v2\/media?parent=67463"}],"wp:term":[{"taxonomy":"category","embeddable":true,"href":"https:\/\/fuentesfidedignas.com.mx\/index.php\/wp-json\/wp\/v2\/categories?post=67463"},{"taxonomy":"post_tag","embeddable":true,"href":"https:\/\/fuentesfidedignas.com.mx\/index.php\/wp-json\/wp\/v2\/tags?post=67463"}],"curies":[{"name":"wp","href":"https:\/\/api.w.org\/{rel}","templated":true}]}}