{"id":6739,"date":"2021-07-05T15:06:44","date_gmt":"2021-07-05T22:06:44","guid":{"rendered":"https:\/\/fuentesfidedignas.com.mx\/?p=6739"},"modified":"2021-07-05T15:06:45","modified_gmt":"2021-07-05T22:06:45","slug":"suman-esfuerzos-ceaip-y-uadeo-para-promover-transparencia-en-sinaloa","status":"publish","type":"post","link":"https:\/\/fuentesfidedignas.com.mx\/index.php\/2021\/07\/05\/suman-esfuerzos-ceaip-y-uadeo-para-promover-transparencia-en-sinaloa\/","title":{"rendered":"Suman esfuerzos Ceaip y UAdeO para promover transparencia en Sinaloa"},"content":{"rendered":"\n<p><strong><em>Jos\u00e9 Alfredo Beltr\u00e1n Estrada, Presidente del \u00f3rgano garante y Sylvia Paz D\u00edaz Camacho, Rectora de la Universidad, firman convenio de colaboraci\u00f3n<\/em><\/strong><\/p>\n\n\n\n<p>Culiac\u00e1n, Sin.- La Comisi\u00f3n Estatal para el Acceso a la Informaci\u00f3n P\u00fablica y la Universidad Aut\u00f3noma de Occidente firmaron un convenio de colaboraci\u00f3n para promover la transparencia, la rendici\u00f3n de cuentas y la protecci\u00f3n de datos personales en Sinaloa.<\/p>\n\n\n\n<p>Jos\u00e9 Alfredo Beltr\u00e1n Estrada, Presidente de Ceaip y Sylvia Paz D\u00edaz Camacho, Rectora de la UAdeO, suscribieron una serie de compromisos. En el acto estuvieron presentes los Comisionados Liliana Margarita Campuzano Vega y Jos\u00e9 Luis Moreno L\u00f3pez, as\u00ed como directivos de ambas instituciones.<\/p>\n\n\n\n<p>Beltr\u00e1n Estrada y D\u00edaz Camacho coincidieron en que este tipo de convenios no deben quedar en \u201cletra muerta\u201d, sino que se tienen que llevar a la pr\u00e1ctica cada uno de los acuerdos.<\/p>\n\n\n\n<p>El titular de Ceaip se\u00f1al\u00f3 que en la Ceaip se est\u00e1 replanteando el modelo de socializaci\u00f3n del Derecho de Acceso a la Informaci\u00f3n P\u00fablica, para coadyuvar a lograr mejores gobiernos.<\/p>\n\n\n\n<p>\u201cNo estamos aqu\u00ed para tomarnos fotos, no nos gusta la simulaci\u00f3n, tampoco las letras muertas, queremos darle vida y mucha acci\u00f3n a este convenio\u201d, sostuvo.<\/p>\n\n\n\n<p>Dijo que se tiene una agenda compartida entre Ceaip y la UAdeO en muchos sentidos y este convenio permitir\u00e1 ir a rincones del estado a formar personas con una cultura de la legalidad.<\/p>\n\n\n\n<p>\u201cEn Ceaip apostamos por realizar una transformaci\u00f3n de fondo de la vida p\u00fablica y mejorar el sistema de transparencia en Sinaloa a trav\u00e9s de una mayor conexi\u00f3n del \u00f3rgano garante con las universidades\u201d, afirm\u00f3 el titular de Ceaip.<\/p>\n\n\n\n<p>Por su parte Sylvia Paz D\u00edaz Camacho, Rectora de la UAdeO, dijo ver en Ceaip una aliada puesto que el \u00f3rgano de transparencia denota el esp\u00edritu servir a la comunidad.<\/p>\n\n\n\n<p>Y afirm\u00f3 que la universidad que dirige siempre ha colocado en el centro de la instituci\u00f3n el quehacer de la transparencia y la rendici\u00f3n de cuentas.<\/p>\n\n\n\n<p>Entre los compromisos establecidos est\u00e1n la promoci\u00f3n del Acceso a la informaci\u00f3n p\u00fablica, la Protecci\u00f3n de los Datos Personales mediante talleres, seminarios, conferencias, foros y otras modalidades para alumnos, maestros y servidores p\u00fablicos.<\/p>\n\n\n\n<p>De igual forma, analizar la viabilidad de crear diplomados, especialidades y maestr\u00edas y vincular el servicio social y las pr\u00e1cticas profesionales de alumnos con las actividades que se realizan en Ceaip.<\/p>\n","protected":false},"excerpt":{"rendered":"<p>Jos\u00e9 Alfredo Beltr\u00e1n Estrada, Presidente del \u00f3rgano garante y Sylvia Paz D\u00edaz Camacho, Rectora de la Universidad, firman convenio de colaboraci\u00f3n Culiac\u00e1n, Sin.- La Comisi\u00f3n Estatal para el Acceso a la Informaci\u00f3n P\u00fablica y la Universidad Aut\u00f3noma de Occidente firmaron un convenio de colaboraci\u00f3n para promover la transparencia, la rendici\u00f3n de cuentas y la protecci\u00f3n [&hellip;]<\/p>\n","protected":false},"author":4,"featured_media":6740,"comment_status":"open","ping_status":"open","sticky":false,"template":"","format":"standard","meta":{"tdm_status":"","tdm_grid_status":"","footnotes":""},"categories":[37],"tags":[77,344,1177],"class_list":{"0":"post-6739","1":"post","2":"type-post","3":"status-publish","4":"format-standard","5":"has-post-thumbnail","7":"category-nota-principal","8":"tag-ceaip","9":"tag-comision-estatal-para-el-acceso-a-la-informacion-publica","10":"tag-universidad-autonoma-de-occidente"},"yoast_head":"<!-- This site is optimized with the Yoast SEO plugin v27.5 - https:\/\/yoast.com\/product\/yoast-seo-wordpress\/ -->\n<title>Suman esfuerzos Ceaip y UAdeO para promover transparencia en Sinaloa - Fuentes Fidedignas<\/title>\n<meta name=\"robots\" content=\"index, follow, max-snippet:-1, max-image-preview:large, max-video-preview:-1\" \/>\n<link rel=\"canonical\" href=\"https:\/\/fuentesfidedignas.com.mx\/index.php\/2021\/07\/05\/suman-esfuerzos-ceaip-y-uadeo-para-promover-transparencia-en-sinaloa\/\" \/>\n<meta property=\"og:locale\" content=\"es_MX\" \/>\n<meta property=\"og:type\" content=\"article\" \/>\n<meta property=\"og:title\" content=\"Suman esfuerzos Ceaip y UAdeO para promover transparencia en Sinaloa - Fuentes Fidedignas\" \/>\n<meta property=\"og:description\" content=\"Jos\u00e9 Alfredo Beltr\u00e1n Estrada, Presidente del \u00f3rgano garante y Sylvia Paz D\u00edaz Camacho, Rectora de la Universidad, firman convenio de colaboraci\u00f3n Culiac\u00e1n, Sin.- La Comisi\u00f3n Estatal para el Acceso a la Informaci\u00f3n P\u00fablica y la Universidad Aut\u00f3noma de Occidente firmaron un convenio de colaboraci\u00f3n para promover la transparencia, la rendici\u00f3n de cuentas y la protecci\u00f3n [&hellip;]\" \/>\n<meta property=\"og:url\" content=\"https:\/\/fuentesfidedignas.com.mx\/index.php\/2021\/07\/05\/suman-esfuerzos-ceaip-y-uadeo-para-promover-transparencia-en-sinaloa\/\" \/>\n<meta property=\"og:site_name\" content=\"Fuentes Fidedignas\" \/>\n<meta property=\"article:publisher\" content=\"https:\/\/www.facebook.com\/Fuentes-Fidedignas-368234489921644\" \/>\n<meta property=\"article:published_time\" content=\"2021-07-05T22:06:44+00:00\" \/>\n<meta property=\"article:modified_time\" content=\"2021-07-05T22:06:45+00:00\" \/>\n<meta property=\"og:image\" content=\"https:\/\/fuentesfidedignas.com.mx\/wp-content\/uploads\/2021\/07\/Foto-2-2-scaled.jpg\" \/>\n\t<meta property=\"og:image:width\" content=\"2560\" \/>\n\t<meta property=\"og:image:height\" content=\"1920\" \/>\n\t<meta property=\"og:image:type\" content=\"image\/jpeg\" \/>\n<meta name=\"author\" content=\"Redacci\u00f3n\" \/>\n<meta name=\"twitter:card\" content=\"summary_large_image\" \/>\n<meta name=\"twitter:creator\" content=\"@fidedignas\" \/>\n<meta name=\"twitter:site\" content=\"@fidedignas\" \/>\n<meta name=\"twitter:label1\" content=\"Escrito por\" \/>\n\t<meta name=\"twitter:data1\" content=\"Redacci\u00f3n\" \/>\n\t<meta name=\"twitter:label2\" content=\"Tiempo de lectura\" \/>\n\t<meta name=\"twitter:data2\" content=\"2 minutos\" \/>\n<script type=\"application\/ld+json\" class=\"yoast-schema-graph\">{\"@context\":\"https:\\\/\\\/schema.org\",\"@graph\":[{\"@type\":\"Article\",\"@id\":\"https:\\\/\\\/fuentesfidedignas.com.mx\\\/index.php\\\/2021\\\/07\\\/05\\\/suman-esfuerzos-ceaip-y-uadeo-para-promover-transparencia-en-sinaloa\\\/#article\",\"isPartOf\":{\"@id\":\"https:\\\/\\\/fuentesfidedignas.com.mx\\\/index.php\\\/2021\\\/07\\\/05\\\/suman-esfuerzos-ceaip-y-uadeo-para-promover-transparencia-en-sinaloa\\\/\"},\"author\":{\"name\":\"Redacci\u00f3n\",\"@id\":\"https:\\\/\\\/fuentesfidedignas.com.mx\\\/#\\\/schema\\\/person\\\/331be9283d37198e2acd5750279085b0\"},\"headline\":\"Suman esfuerzos Ceaip y UAdeO para promover transparencia en Sinaloa\",\"datePublished\":\"2021-07-05T22:06:44+00:00\",\"dateModified\":\"2021-07-05T22:06:45+00:00\",\"mainEntityOfPage\":{\"@id\":\"https:\\\/\\\/fuentesfidedignas.com.mx\\\/index.php\\\/2021\\\/07\\\/05\\\/suman-esfuerzos-ceaip-y-uadeo-para-promover-transparencia-en-sinaloa\\\/\"},\"wordCount\":431,\"commentCount\":0,\"publisher\":{\"@id\":\"https:\\\/\\\/fuentesfidedignas.com.mx\\\/#organization\"},\"image\":{\"@id\":\"https:\\\/\\\/fuentesfidedignas.com.mx\\\/index.php\\\/2021\\\/07\\\/05\\\/suman-esfuerzos-ceaip-y-uadeo-para-promover-transparencia-en-sinaloa\\\/#primaryimage\"},\"thumbnailUrl\":\"https:\\\/\\\/fuentesfidedignas.com.mx\\\/wp-content\\\/uploads\\\/2021\\\/07\\\/Foto-2-2-scaled.jpg\",\"keywords\":[\"CEaip\",\"Comisi\u00f3n Estatal para el Acceso a la Informaci\u00f3n P\u00fablica\",\"Universidad Aut\u00f3noma de Occidente\"],\"articleSection\":[\"NOTA PRINCIPAL\"],\"inLanguage\":\"es\",\"potentialAction\":[{\"@type\":\"CommentAction\",\"name\":\"Comment\",\"target\":[\"https:\\\/\\\/fuentesfidedignas.com.mx\\\/index.php\\\/2021\\\/07\\\/05\\\/suman-esfuerzos-ceaip-y-uadeo-para-promover-transparencia-en-sinaloa\\\/#respond\"]}]},{\"@type\":\"WebPage\",\"@id\":\"https:\\\/\\\/fuentesfidedignas.com.mx\\\/index.php\\\/2021\\\/07\\\/05\\\/suman-esfuerzos-ceaip-y-uadeo-para-promover-transparencia-en-sinaloa\\\/\",\"url\":\"https:\\\/\\\/fuentesfidedignas.com.mx\\\/index.php\\\/2021\\\/07\\\/05\\\/suman-esfuerzos-ceaip-y-uadeo-para-promover-transparencia-en-sinaloa\\\/\",\"name\":\"Suman esfuerzos Ceaip y UAdeO para promover transparencia en Sinaloa - Fuentes Fidedignas\",\"isPartOf\":{\"@id\":\"https:\\\/\\\/fuentesfidedignas.com.mx\\\/#website\"},\"primaryImageOfPage\":{\"@id\":\"https:\\\/\\\/fuentesfidedignas.com.mx\\\/index.php\\\/2021\\\/07\\\/05\\\/suman-esfuerzos-ceaip-y-uadeo-para-promover-transparencia-en-sinaloa\\\/#primaryimage\"},\"image\":{\"@id\":\"https:\\\/\\\/fuentesfidedignas.com.mx\\\/index.php\\\/2021\\\/07\\\/05\\\/suman-esfuerzos-ceaip-y-uadeo-para-promover-transparencia-en-sinaloa\\\/#primaryimage\"},\"thumbnailUrl\":\"https:\\\/\\\/fuentesfidedignas.com.mx\\\/wp-content\\\/uploads\\\/2021\\\/07\\\/Foto-2-2-scaled.jpg\",\"datePublished\":\"2021-07-05T22:06:44+00:00\",\"dateModified\":\"2021-07-05T22:06:45+00:00\",\"breadcrumb\":{\"@id\":\"https:\\\/\\\/fuentesfidedignas.com.mx\\\/index.php\\\/2021\\\/07\\\/05\\\/suman-esfuerzos-ceaip-y-uadeo-para-promover-transparencia-en-sinaloa\\\/#breadcrumb\"},\"inLanguage\":\"es\",\"potentialAction\":[{\"@type\":\"ReadAction\",\"target\":[\"https:\\\/\\\/fuentesfidedignas.com.mx\\\/index.php\\\/2021\\\/07\\\/05\\\/suman-esfuerzos-ceaip-y-uadeo-para-promover-transparencia-en-sinaloa\\\/\"]}]},{\"@type\":\"ImageObject\",\"inLanguage\":\"es\",\"@id\":\"https:\\\/\\\/fuentesfidedignas.com.mx\\\/index.php\\\/2021\\\/07\\\/05\\\/suman-esfuerzos-ceaip-y-uadeo-para-promover-transparencia-en-sinaloa\\\/#primaryimage\",\"url\":\"https:\\\/\\\/fuentesfidedignas.com.mx\\\/wp-content\\\/uploads\\\/2021\\\/07\\\/Foto-2-2-scaled.jpg\",\"contentUrl\":\"https:\\\/\\\/fuentesfidedignas.com.mx\\\/wp-content\\\/uploads\\\/2021\\\/07\\\/Foto-2-2-scaled.jpg\",\"width\":2560,\"height\":1920},{\"@type\":\"BreadcrumbList\",\"@id\":\"https:\\\/\\\/fuentesfidedignas.com.mx\\\/index.php\\\/2021\\\/07\\\/05\\\/suman-esfuerzos-ceaip-y-uadeo-para-promover-transparencia-en-sinaloa\\\/#breadcrumb\",\"itemListElement\":[{\"@type\":\"ListItem\",\"position\":1,\"name\":\"Inicio\",\"item\":\"https:\\\/\\\/fuentesfidedignas.com.mx\\\/\"},{\"@type\":\"ListItem\",\"position\":2,\"name\":\"Suman esfuerzos Ceaip y UAdeO para promover transparencia en Sinaloa\"}]},{\"@type\":\"WebSite\",\"@id\":\"https:\\\/\\\/fuentesfidedignas.com.mx\\\/#website\",\"url\":\"https:\\\/\\\/fuentesfidedignas.com.mx\\\/\",\"name\":\"Fuentes Fidedignas\",\"description\":\"Otro sitio realizado con WordPress\",\"publisher\":{\"@id\":\"https:\\\/\\\/fuentesfidedignas.com.mx\\\/#organization\"},\"potentialAction\":[{\"@type\":\"SearchAction\",\"target\":{\"@type\":\"EntryPoint\",\"urlTemplate\":\"https:\\\/\\\/fuentesfidedignas.com.mx\\\/?s={search_term_string}\"},\"query-input\":{\"@type\":\"PropertyValueSpecification\",\"valueRequired\":true,\"valueName\":\"search_term_string\"}}],\"inLanguage\":\"es\"},{\"@type\":\"Organization\",\"@id\":\"https:\\\/\\\/fuentesfidedignas.com.mx\\\/#organization\",\"name\":\"Fuentes Fidedignas\",\"url\":\"https:\\\/\\\/fuentesfidedignas.com.mx\\\/\",\"logo\":{\"@type\":\"ImageObject\",\"inLanguage\":\"es\",\"@id\":\"https:\\\/\\\/fuentesfidedignas.com.mx\\\/#\\\/schema\\\/logo\\\/image\\\/\",\"url\":\"https:\\\/\\\/fuentesfidedignas.com.mx\\\/wp-content\\\/uploads\\\/2021\\\/04\\\/logo-retina.png\",\"contentUrl\":\"https:\\\/\\\/fuentesfidedignas.com.mx\\\/wp-content\\\/uploads\\\/2021\\\/04\\\/logo-retina.png\",\"width\":280,\"height\":51,\"caption\":\"Fuentes Fidedignas\"},\"image\":{\"@id\":\"https:\\\/\\\/fuentesfidedignas.com.mx\\\/#\\\/schema\\\/logo\\\/image\\\/\"},\"sameAs\":[\"https:\\\/\\\/www.facebook.com\\\/Fuentes-Fidedignas-368234489921644\",\"https:\\\/\\\/x.com\\\/fidedignas\"]},{\"@type\":\"Person\",\"@id\":\"https:\\\/\\\/fuentesfidedignas.com.mx\\\/#\\\/schema\\\/person\\\/331be9283d37198e2acd5750279085b0\",\"name\":\"Redacci\u00f3n\",\"image\":{\"@type\":\"ImageObject\",\"inLanguage\":\"es\",\"@id\":\"https:\\\/\\\/secure.gravatar.com\\\/avatar\\\/f6d8782c11d12b2d4ad3fbb6931aeab5309937a4d6cd2fc9cfaa28a6396a5aec?s=96&d=mm&r=g\",\"url\":\"https:\\\/\\\/secure.gravatar.com\\\/avatar\\\/f6d8782c11d12b2d4ad3fbb6931aeab5309937a4d6cd2fc9cfaa28a6396a5aec?s=96&d=mm&r=g\",\"contentUrl\":\"https:\\\/\\\/secure.gravatar.com\\\/avatar\\\/f6d8782c11d12b2d4ad3fbb6931aeab5309937a4d6cd2fc9cfaa28a6396a5aec?s=96&d=mm&r=g\",\"caption\":\"Redacci\u00f3n\"},\"url\":\"https:\\\/\\\/fuentesfidedignas.com.mx\\\/index.php\\\/author\\\/redaccion\\\/\"}]}<\/script>\n<!-- \/ Yoast SEO plugin. -->","yoast_head_json":{"title":"Suman esfuerzos Ceaip y UAdeO para promover transparencia en Sinaloa - Fuentes Fidedignas","robots":{"index":"index","follow":"follow","max-snippet":"max-snippet:-1","max-image-preview":"max-image-preview:large","max-video-preview":"max-video-preview:-1"},"canonical":"https:\/\/fuentesfidedignas.com.mx\/index.php\/2021\/07\/05\/suman-esfuerzos-ceaip-y-uadeo-para-promover-transparencia-en-sinaloa\/","og_locale":"es_MX","og_type":"article","og_title":"Suman esfuerzos Ceaip y UAdeO para promover transparencia en Sinaloa - Fuentes Fidedignas","og_description":"Jos\u00e9 Alfredo Beltr\u00e1n Estrada, Presidente del \u00f3rgano garante y Sylvia Paz D\u00edaz Camacho, Rectora de la Universidad, firman convenio de colaboraci\u00f3n Culiac\u00e1n, Sin.- La Comisi\u00f3n Estatal para el Acceso a la Informaci\u00f3n P\u00fablica y la Universidad Aut\u00f3noma de Occidente firmaron un convenio de colaboraci\u00f3n para promover la transparencia, la rendici\u00f3n de cuentas y la protecci\u00f3n [&hellip;]","og_url":"https:\/\/fuentesfidedignas.com.mx\/index.php\/2021\/07\/05\/suman-esfuerzos-ceaip-y-uadeo-para-promover-transparencia-en-sinaloa\/","og_site_name":"Fuentes Fidedignas","article_publisher":"https:\/\/www.facebook.com\/Fuentes-Fidedignas-368234489921644","article_published_time":"2021-07-05T22:06:44+00:00","article_modified_time":"2021-07-05T22:06:45+00:00","og_image":[{"width":2560,"height":1920,"url":"https:\/\/fuentesfidedignas.com.mx\/wp-content\/uploads\/2021\/07\/Foto-2-2-scaled.jpg","type":"image\/jpeg"}],"author":"Redacci\u00f3n","twitter_card":"summary_large_image","twitter_creator":"@fidedignas","twitter_site":"@fidedignas","twitter_misc":{"Escrito por":"Redacci\u00f3n","Tiempo de lectura":"2 minutos"},"schema":{"@context":"https:\/\/schema.org","@graph":[{"@type":"Article","@id":"https:\/\/fuentesfidedignas.com.mx\/index.php\/2021\/07\/05\/suman-esfuerzos-ceaip-y-uadeo-para-promover-transparencia-en-sinaloa\/#article","isPartOf":{"@id":"https:\/\/fuentesfidedignas.com.mx\/index.php\/2021\/07\/05\/suman-esfuerzos-ceaip-y-uadeo-para-promover-transparencia-en-sinaloa\/"},"author":{"name":"Redacci\u00f3n","@id":"https:\/\/fuentesfidedignas.com.mx\/#\/schema\/person\/331be9283d37198e2acd5750279085b0"},"headline":"Suman esfuerzos Ceaip y UAdeO para promover transparencia en Sinaloa","datePublished":"2021-07-05T22:06:44+00:00","dateModified":"2021-07-05T22:06:45+00:00","mainEntityOfPage":{"@id":"https:\/\/fuentesfidedignas.com.mx\/index.php\/2021\/07\/05\/suman-esfuerzos-ceaip-y-uadeo-para-promover-transparencia-en-sinaloa\/"},"wordCount":431,"commentCount":0,"publisher":{"@id":"https:\/\/fuentesfidedignas.com.mx\/#organization"},"image":{"@id":"https:\/\/fuentesfidedignas.com.mx\/index.php\/2021\/07\/05\/suman-esfuerzos-ceaip-y-uadeo-para-promover-transparencia-en-sinaloa\/#primaryimage"},"thumbnailUrl":"https:\/\/fuentesfidedignas.com.mx\/wp-content\/uploads\/2021\/07\/Foto-2-2-scaled.jpg","keywords":["CEaip","Comisi\u00f3n Estatal para el Acceso a la Informaci\u00f3n P\u00fablica","Universidad Aut\u00f3noma de Occidente"],"articleSection":["NOTA PRINCIPAL"],"inLanguage":"es","potentialAction":[{"@type":"CommentAction","name":"Comment","target":["https:\/\/fuentesfidedignas.com.mx\/index.php\/2021\/07\/05\/suman-esfuerzos-ceaip-y-uadeo-para-promover-transparencia-en-sinaloa\/#respond"]}]},{"@type":"WebPage","@id":"https:\/\/fuentesfidedignas.com.mx\/index.php\/2021\/07\/05\/suman-esfuerzos-ceaip-y-uadeo-para-promover-transparencia-en-sinaloa\/","url":"https:\/\/fuentesfidedignas.com.mx\/index.php\/2021\/07\/05\/suman-esfuerzos-ceaip-y-uadeo-para-promover-transparencia-en-sinaloa\/","name":"Suman esfuerzos Ceaip y UAdeO para promover transparencia en Sinaloa - Fuentes Fidedignas","isPartOf":{"@id":"https:\/\/fuentesfidedignas.com.mx\/#website"},"primaryImageOfPage":{"@id":"https:\/\/fuentesfidedignas.com.mx\/index.php\/2021\/07\/05\/suman-esfuerzos-ceaip-y-uadeo-para-promover-transparencia-en-sinaloa\/#primaryimage"},"image":{"@id":"https:\/\/fuentesfidedignas.com.mx\/index.php\/2021\/07\/05\/suman-esfuerzos-ceaip-y-uadeo-para-promover-transparencia-en-sinaloa\/#primaryimage"},"thumbnailUrl":"https:\/\/fuentesfidedignas.com.mx\/wp-content\/uploads\/2021\/07\/Foto-2-2-scaled.jpg","datePublished":"2021-07-05T22:06:44+00:00","dateModified":"2021-07-05T22:06:45+00:00","breadcrumb":{"@id":"https:\/\/fuentesfidedignas.com.mx\/index.php\/2021\/07\/05\/suman-esfuerzos-ceaip-y-uadeo-para-promover-transparencia-en-sinaloa\/#breadcrumb"},"inLanguage":"es","potentialAction":[{"@type":"ReadAction","target":["https:\/\/fuentesfidedignas.com.mx\/index.php\/2021\/07\/05\/suman-esfuerzos-ceaip-y-uadeo-para-promover-transparencia-en-sinaloa\/"]}]},{"@type":"ImageObject","inLanguage":"es","@id":"https:\/\/fuentesfidedignas.com.mx\/index.php\/2021\/07\/05\/suman-esfuerzos-ceaip-y-uadeo-para-promover-transparencia-en-sinaloa\/#primaryimage","url":"https:\/\/fuentesfidedignas.com.mx\/wp-content\/uploads\/2021\/07\/Foto-2-2-scaled.jpg","contentUrl":"https:\/\/fuentesfidedignas.com.mx\/wp-content\/uploads\/2021\/07\/Foto-2-2-scaled.jpg","width":2560,"height":1920},{"@type":"BreadcrumbList","@id":"https:\/\/fuentesfidedignas.com.mx\/index.php\/2021\/07\/05\/suman-esfuerzos-ceaip-y-uadeo-para-promover-transparencia-en-sinaloa\/#breadcrumb","itemListElement":[{"@type":"ListItem","position":1,"name":"Inicio","item":"https:\/\/fuentesfidedignas.com.mx\/"},{"@type":"ListItem","position":2,"name":"Suman esfuerzos Ceaip y UAdeO para promover transparencia en Sinaloa"}]},{"@type":"WebSite","@id":"https:\/\/fuentesfidedignas.com.mx\/#website","url":"https:\/\/fuentesfidedignas.com.mx\/","name":"Fuentes Fidedignas","description":"Otro sitio realizado con WordPress","publisher":{"@id":"https:\/\/fuentesfidedignas.com.mx\/#organization"},"potentialAction":[{"@type":"SearchAction","target":{"@type":"EntryPoint","urlTemplate":"https:\/\/fuentesfidedignas.com.mx\/?s={search_term_string}"},"query-input":{"@type":"PropertyValueSpecification","valueRequired":true,"valueName":"search_term_string"}}],"inLanguage":"es"},{"@type":"Organization","@id":"https:\/\/fuentesfidedignas.com.mx\/#organization","name":"Fuentes Fidedignas","url":"https:\/\/fuentesfidedignas.com.mx\/","logo":{"@type":"ImageObject","inLanguage":"es","@id":"https:\/\/fuentesfidedignas.com.mx\/#\/schema\/logo\/image\/","url":"https:\/\/fuentesfidedignas.com.mx\/wp-content\/uploads\/2021\/04\/logo-retina.png","contentUrl":"https:\/\/fuentesfidedignas.com.mx\/wp-content\/uploads\/2021\/04\/logo-retina.png","width":280,"height":51,"caption":"Fuentes Fidedignas"},"image":{"@id":"https:\/\/fuentesfidedignas.com.mx\/#\/schema\/logo\/image\/"},"sameAs":["https:\/\/www.facebook.com\/Fuentes-Fidedignas-368234489921644","https:\/\/x.com\/fidedignas"]},{"@type":"Person","@id":"https:\/\/fuentesfidedignas.com.mx\/#\/schema\/person\/331be9283d37198e2acd5750279085b0","name":"Redacci\u00f3n","image":{"@type":"ImageObject","inLanguage":"es","@id":"https:\/\/secure.gravatar.com\/avatar\/f6d8782c11d12b2d4ad3fbb6931aeab5309937a4d6cd2fc9cfaa28a6396a5aec?s=96&d=mm&r=g","url":"https:\/\/secure.gravatar.com\/avatar\/f6d8782c11d12b2d4ad3fbb6931aeab5309937a4d6cd2fc9cfaa28a6396a5aec?s=96&d=mm&r=g","contentUrl":"https:\/\/secure.gravatar.com\/avatar\/f6d8782c11d12b2d4ad3fbb6931aeab5309937a4d6cd2fc9cfaa28a6396a5aec?s=96&d=mm&r=g","caption":"Redacci\u00f3n"},"url":"https:\/\/fuentesfidedignas.com.mx\/index.php\/author\/redaccion\/"}]}},"_links":{"self":[{"href":"https:\/\/fuentesfidedignas.com.mx\/index.php\/wp-json\/wp\/v2\/posts\/6739","targetHints":{"allow":["GET"]}}],"collection":[{"href":"https:\/\/fuentesfidedignas.com.mx\/index.php\/wp-json\/wp\/v2\/posts"}],"about":[{"href":"https:\/\/fuentesfidedignas.com.mx\/index.php\/wp-json\/wp\/v2\/types\/post"}],"author":[{"embeddable":true,"href":"https:\/\/fuentesfidedignas.com.mx\/index.php\/wp-json\/wp\/v2\/users\/4"}],"replies":[{"embeddable":true,"href":"https:\/\/fuentesfidedignas.com.mx\/index.php\/wp-json\/wp\/v2\/comments?post=6739"}],"version-history":[{"count":1,"href":"https:\/\/fuentesfidedignas.com.mx\/index.php\/wp-json\/wp\/v2\/posts\/6739\/revisions"}],"predecessor-version":[{"id":6741,"href":"https:\/\/fuentesfidedignas.com.mx\/index.php\/wp-json\/wp\/v2\/posts\/6739\/revisions\/6741"}],"wp:featuredmedia":[{"embeddable":true,"href":"https:\/\/fuentesfidedignas.com.mx\/index.php\/wp-json\/wp\/v2\/media\/6740"}],"wp:attachment":[{"href":"https:\/\/fuentesfidedignas.com.mx\/index.php\/wp-json\/wp\/v2\/media?parent=6739"}],"wp:term":[{"taxonomy":"category","embeddable":true,"href":"https:\/\/fuentesfidedignas.com.mx\/index.php\/wp-json\/wp\/v2\/categories?post=6739"},{"taxonomy":"post_tag","embeddable":true,"href":"https:\/\/fuentesfidedignas.com.mx\/index.php\/wp-json\/wp\/v2\/tags?post=6739"}],"curies":[{"name":"wp","href":"https:\/\/api.w.org\/{rel}","templated":true}]}}