{"id":67369,"date":"2023-12-01T16:38:25","date_gmt":"2023-12-01T23:38:25","guid":{"rendered":"https:\/\/fuentesfidedignas.com.mx\/?p=67369"},"modified":"2023-12-02T12:43:26","modified_gmt":"2023-12-02T19:43:26","slug":"todo-listo-para-el-segundo-informe-de-rocha-moya-desde-la-explanada-de-palacio-de-gobierno","status":"publish","type":"post","link":"https:\/\/fuentesfidedignas.com.mx\/index.php\/2023\/12\/01\/todo-listo-para-el-segundo-informe-de-rocha-moya-desde-la-explanada-de-palacio-de-gobierno\/","title":{"rendered":"Todo listo para el Segundo Informe de Rocha Moya desde la explanada de Palacio de Gobierno"},"content":{"rendered":"\n<p><strong><em>Los asistentes a este evento denominado \u201c2 A\u00f1os Transformando Sinaloa\u201d, podr\u00e1n llegar a la explanada a partir de las 3:30 de la tarde<\/em><\/strong><\/p>\n\n\n\n<p>Culiac\u00e1n, Sin.- El Gobierno del Estado afina los \u00faltimos preparativos para el evento \u201c2 A\u00f1os Transformando Sinaloa\u201d, en el cual el gobernador Rub\u00e9n Rocha Moya rendir\u00e1 este s\u00e1bado 2 de diciembre por la tarde, un informe del trabajo realizado durante su segundo a\u00f1o de gesti\u00f3n, y lo har\u00e1 de manera p\u00fablica ante la sociedad, en un acto masivo en la explanada de Palacio de Gobierno, donde se espera la asistencia de miles de personas.<\/p>\n\n\n\n<p>Cabe destacar que los ciudadanos podr\u00e1n arribar a la explanada a partir de las 3:30 de la tarde, pues a esta hora dar\u00e1 inicio un programa art\u00edstico, previo al mensaje del gobernador Rocha, y que empezar\u00e1 con la presentaci\u00f3n de la Banda Sinf\u00f3nica Juvenil del ISIC; enseguida a las 3:50 se presentar\u00e1 la Compa\u00f1\u00eda Folcl\u00f3rica Sinaloense, que amenizar\u00e1 con bailables tradicionales, y media hora despu\u00e9s, a las 4:20 de la tarde, har\u00e1 su presentaci\u00f3n el grupo de regional mexicano Los Populares del Llano, que interpretar\u00e1 sus mejores \u00e9xitos para concluir su participaci\u00f3n minutos antes de las 5 de la tarde, hora en la que el gobernador del estado rendir\u00e1 su mensaje a la poblaci\u00f3n, luego de saludar y dar la bienvenida a los miles de asistentes y a los invitados especiales.<\/p>\n\n\n\n<p>Debido a la magnitud del evento, se implementar\u00e1 una log\u00edstica y un operativo similar al que se efect\u00faa la noche del Grito de Independencia, que tambi\u00e9n tiene lugar en la explanada de Palacio de Gobierno.<\/p>\n\n\n\n<p>Este operativo contempla el cierre al tr\u00e1fico vehicular de las cuatro vialidades que circundan el Palacio de Gobierno, como son las avenidas Insurgentes, L\u00e1zaro C\u00e1rdenas, Jos\u00e9 Aguilar Barraza y 16 de Septiembre, antes y durante el evento.<\/p>\n\n\n\n<p>De igual manera, conforme avance el flujo de personas hacia la explanada, tambi\u00e9n se cerrar\u00e1n las calles Constituci\u00f3n, Juan Jos\u00e9 R\u00edos, Ignacio Ram\u00edrez, y hasta el bulevar Emiliano Zapata, como se hace en el operativo de vialidad cada 15 de septiembre, con motivo del Grito de Independencia.<\/p>\n\n\n\n<p>El formato del evento \u201c2 a\u00f1os Transformando Sinaloa\u201d establece que el gobernador Rub\u00e9n Rocha Moya ser\u00e1 el \u00fanico orador, quien estar\u00e1 acompa\u00f1ado de todo su gabinete, y como invitados especiales los representantes de los dem\u00e1s Poderes del Estado, del Legislativo y Judicial, presidentes municipales, SEDENA, corporaciones de seguridad, al igual que representantes de la sociedad civil y de sectores productivos de Sinaloa, y desde luego los medios de comunicaci\u00f3n del estado.<\/p>\n","protected":false},"excerpt":{"rendered":"<p>Los asistentes a este evento denominado \u201c2 A\u00f1os Transformando Sinaloa\u201d, podr\u00e1n llegar a la explanada a partir de las 3:30 de la tarde Culiac\u00e1n, Sin.- El Gobierno del Estado afina los \u00faltimos preparativos para el evento \u201c2 A\u00f1os Transformando Sinaloa\u201d, en el cual el gobernador Rub\u00e9n Rocha Moya rendir\u00e1 este s\u00e1bado 2 de diciembre por [&hellip;]<\/p>\n","protected":false},"author":4,"featured_media":67370,"comment_status":"open","ping_status":"open","sticky":false,"template":"","format":"standard","meta":{"tdm_status":"","tdm_grid_status":"","footnotes":""},"categories":[1],"tags":[],"class_list":{"0":"post-67369","1":"post","2":"type-post","3":"status-publish","4":"format-standard","5":"has-post-thumbnail","7":"category-sin-categoria"},"yoast_head":"<!-- This site is optimized with the Yoast SEO plugin v27.5 - https:\/\/yoast.com\/product\/yoast-seo-wordpress\/ -->\n<title>Todo listo para el Segundo Informe de Rocha Moya desde la explanada de Palacio de Gobierno - Fuentes Fidedignas<\/title>\n<meta name=\"robots\" content=\"index, follow, max-snippet:-1, max-image-preview:large, max-video-preview:-1\" \/>\n<link rel=\"canonical\" href=\"https:\/\/fuentesfidedignas.com.mx\/index.php\/2023\/12\/01\/todo-listo-para-el-segundo-informe-de-rocha-moya-desde-la-explanada-de-palacio-de-gobierno\/\" \/>\n<meta property=\"og:locale\" content=\"es_MX\" \/>\n<meta property=\"og:type\" content=\"article\" \/>\n<meta property=\"og:title\" content=\"Todo listo para el Segundo Informe de Rocha Moya desde la explanada de Palacio de Gobierno - Fuentes Fidedignas\" \/>\n<meta property=\"og:description\" content=\"Los asistentes a este evento denominado \u201c2 A\u00f1os Transformando Sinaloa\u201d, podr\u00e1n llegar a la explanada a partir de las 3:30 de la tarde Culiac\u00e1n, Sin.- El Gobierno del Estado afina los \u00faltimos preparativos para el evento \u201c2 A\u00f1os Transformando Sinaloa\u201d, en el cual el gobernador Rub\u00e9n Rocha Moya rendir\u00e1 este s\u00e1bado 2 de diciembre por [&hellip;]\" \/>\n<meta property=\"og:url\" content=\"https:\/\/fuentesfidedignas.com.mx\/index.php\/2023\/12\/01\/todo-listo-para-el-segundo-informe-de-rocha-moya-desde-la-explanada-de-palacio-de-gobierno\/\" \/>\n<meta property=\"og:site_name\" content=\"Fuentes Fidedignas\" \/>\n<meta property=\"article:publisher\" content=\"https:\/\/www.facebook.com\/Fuentes-Fidedignas-368234489921644\" \/>\n<meta property=\"article:published_time\" content=\"2023-12-01T23:38:25+00:00\" \/>\n<meta property=\"article:modified_time\" content=\"2023-12-02T19:43:26+00:00\" \/>\n<meta property=\"og:image\" content=\"https:\/\/fuentesfidedignas.com.mx\/wp-content\/uploads\/2023\/12\/ROCHA_INFORME.jpeg\" \/>\n\t<meta property=\"og:image:width\" content=\"1600\" \/>\n\t<meta property=\"og:image:height\" content=\"900\" \/>\n\t<meta property=\"og:image:type\" content=\"image\/jpeg\" \/>\n<meta name=\"author\" content=\"Redacci\u00f3n\" \/>\n<meta name=\"twitter:card\" content=\"summary_large_image\" \/>\n<meta name=\"twitter:creator\" content=\"@fidedignas\" \/>\n<meta name=\"twitter:site\" content=\"@fidedignas\" \/>\n<meta name=\"twitter:label1\" content=\"Escrito por\" \/>\n\t<meta name=\"twitter:data1\" content=\"Redacci\u00f3n\" \/>\n\t<meta name=\"twitter:label2\" content=\"Tiempo de lectura\" \/>\n\t<meta name=\"twitter:data2\" content=\"2 minutos\" \/>\n<script type=\"application\/ld+json\" class=\"yoast-schema-graph\">{\"@context\":\"https:\\\/\\\/schema.org\",\"@graph\":[{\"@type\":\"Article\",\"@id\":\"https:\\\/\\\/fuentesfidedignas.com.mx\\\/index.php\\\/2023\\\/12\\\/01\\\/todo-listo-para-el-segundo-informe-de-rocha-moya-desde-la-explanada-de-palacio-de-gobierno\\\/#article\",\"isPartOf\":{\"@id\":\"https:\\\/\\\/fuentesfidedignas.com.mx\\\/index.php\\\/2023\\\/12\\\/01\\\/todo-listo-para-el-segundo-informe-de-rocha-moya-desde-la-explanada-de-palacio-de-gobierno\\\/\"},\"author\":{\"name\":\"Redacci\u00f3n\",\"@id\":\"https:\\\/\\\/fuentesfidedignas.com.mx\\\/#\\\/schema\\\/person\\\/331be9283d37198e2acd5750279085b0\"},\"headline\":\"Todo listo para el Segundo Informe de Rocha Moya desde la explanada de Palacio de Gobierno\",\"datePublished\":\"2023-12-01T23:38:25+00:00\",\"dateModified\":\"2023-12-02T19:43:26+00:00\",\"mainEntityOfPage\":{\"@id\":\"https:\\\/\\\/fuentesfidedignas.com.mx\\\/index.php\\\/2023\\\/12\\\/01\\\/todo-listo-para-el-segundo-informe-de-rocha-moya-desde-la-explanada-de-palacio-de-gobierno\\\/\"},\"wordCount\":459,\"commentCount\":0,\"publisher\":{\"@id\":\"https:\\\/\\\/fuentesfidedignas.com.mx\\\/#organization\"},\"image\":{\"@id\":\"https:\\\/\\\/fuentesfidedignas.com.mx\\\/index.php\\\/2023\\\/12\\\/01\\\/todo-listo-para-el-segundo-informe-de-rocha-moya-desde-la-explanada-de-palacio-de-gobierno\\\/#primaryimage\"},\"thumbnailUrl\":\"https:\\\/\\\/fuentesfidedignas.com.mx\\\/wp-content\\\/uploads\\\/2023\\\/12\\\/ROCHA_INFORME.jpeg\",\"inLanguage\":\"es\",\"potentialAction\":[{\"@type\":\"CommentAction\",\"name\":\"Comment\",\"target\":[\"https:\\\/\\\/fuentesfidedignas.com.mx\\\/index.php\\\/2023\\\/12\\\/01\\\/todo-listo-para-el-segundo-informe-de-rocha-moya-desde-la-explanada-de-palacio-de-gobierno\\\/#respond\"]}]},{\"@type\":\"WebPage\",\"@id\":\"https:\\\/\\\/fuentesfidedignas.com.mx\\\/index.php\\\/2023\\\/12\\\/01\\\/todo-listo-para-el-segundo-informe-de-rocha-moya-desde-la-explanada-de-palacio-de-gobierno\\\/\",\"url\":\"https:\\\/\\\/fuentesfidedignas.com.mx\\\/index.php\\\/2023\\\/12\\\/01\\\/todo-listo-para-el-segundo-informe-de-rocha-moya-desde-la-explanada-de-palacio-de-gobierno\\\/\",\"name\":\"Todo listo para el Segundo Informe de Rocha Moya desde la explanada de Palacio de Gobierno - Fuentes Fidedignas\",\"isPartOf\":{\"@id\":\"https:\\\/\\\/fuentesfidedignas.com.mx\\\/#website\"},\"primaryImageOfPage\":{\"@id\":\"https:\\\/\\\/fuentesfidedignas.com.mx\\\/index.php\\\/2023\\\/12\\\/01\\\/todo-listo-para-el-segundo-informe-de-rocha-moya-desde-la-explanada-de-palacio-de-gobierno\\\/#primaryimage\"},\"image\":{\"@id\":\"https:\\\/\\\/fuentesfidedignas.com.mx\\\/index.php\\\/2023\\\/12\\\/01\\\/todo-listo-para-el-segundo-informe-de-rocha-moya-desde-la-explanada-de-palacio-de-gobierno\\\/#primaryimage\"},\"thumbnailUrl\":\"https:\\\/\\\/fuentesfidedignas.com.mx\\\/wp-content\\\/uploads\\\/2023\\\/12\\\/ROCHA_INFORME.jpeg\",\"datePublished\":\"2023-12-01T23:38:25+00:00\",\"dateModified\":\"2023-12-02T19:43:26+00:00\",\"breadcrumb\":{\"@id\":\"https:\\\/\\\/fuentesfidedignas.com.mx\\\/index.php\\\/2023\\\/12\\\/01\\\/todo-listo-para-el-segundo-informe-de-rocha-moya-desde-la-explanada-de-palacio-de-gobierno\\\/#breadcrumb\"},\"inLanguage\":\"es\",\"potentialAction\":[{\"@type\":\"ReadAction\",\"target\":[\"https:\\\/\\\/fuentesfidedignas.com.mx\\\/index.php\\\/2023\\\/12\\\/01\\\/todo-listo-para-el-segundo-informe-de-rocha-moya-desde-la-explanada-de-palacio-de-gobierno\\\/\"]}]},{\"@type\":\"ImageObject\",\"inLanguage\":\"es\",\"@id\":\"https:\\\/\\\/fuentesfidedignas.com.mx\\\/index.php\\\/2023\\\/12\\\/01\\\/todo-listo-para-el-segundo-informe-de-rocha-moya-desde-la-explanada-de-palacio-de-gobierno\\\/#primaryimage\",\"url\":\"https:\\\/\\\/fuentesfidedignas.com.mx\\\/wp-content\\\/uploads\\\/2023\\\/12\\\/ROCHA_INFORME.jpeg\",\"contentUrl\":\"https:\\\/\\\/fuentesfidedignas.com.mx\\\/wp-content\\\/uploads\\\/2023\\\/12\\\/ROCHA_INFORME.jpeg\",\"width\":1600,\"height\":900},{\"@type\":\"BreadcrumbList\",\"@id\":\"https:\\\/\\\/fuentesfidedignas.com.mx\\\/index.php\\\/2023\\\/12\\\/01\\\/todo-listo-para-el-segundo-informe-de-rocha-moya-desde-la-explanada-de-palacio-de-gobierno\\\/#breadcrumb\",\"itemListElement\":[{\"@type\":\"ListItem\",\"position\":1,\"name\":\"Inicio\",\"item\":\"https:\\\/\\\/fuentesfidedignas.com.mx\\\/\"},{\"@type\":\"ListItem\",\"position\":2,\"name\":\"Todo listo para el Segundo Informe de Rocha Moya desde la explanada de Palacio de Gobierno\"}]},{\"@type\":\"WebSite\",\"@id\":\"https:\\\/\\\/fuentesfidedignas.com.mx\\\/#website\",\"url\":\"https:\\\/\\\/fuentesfidedignas.com.mx\\\/\",\"name\":\"Fuentes Fidedignas\",\"description\":\"Otro sitio realizado con WordPress\",\"publisher\":{\"@id\":\"https:\\\/\\\/fuentesfidedignas.com.mx\\\/#organization\"},\"potentialAction\":[{\"@type\":\"SearchAction\",\"target\":{\"@type\":\"EntryPoint\",\"urlTemplate\":\"https:\\\/\\\/fuentesfidedignas.com.mx\\\/?s={search_term_string}\"},\"query-input\":{\"@type\":\"PropertyValueSpecification\",\"valueRequired\":true,\"valueName\":\"search_term_string\"}}],\"inLanguage\":\"es\"},{\"@type\":\"Organization\",\"@id\":\"https:\\\/\\\/fuentesfidedignas.com.mx\\\/#organization\",\"name\":\"Fuentes Fidedignas\",\"url\":\"https:\\\/\\\/fuentesfidedignas.com.mx\\\/\",\"logo\":{\"@type\":\"ImageObject\",\"inLanguage\":\"es\",\"@id\":\"https:\\\/\\\/fuentesfidedignas.com.mx\\\/#\\\/schema\\\/logo\\\/image\\\/\",\"url\":\"https:\\\/\\\/fuentesfidedignas.com.mx\\\/wp-content\\\/uploads\\\/2021\\\/04\\\/logo-retina.png\",\"contentUrl\":\"https:\\\/\\\/fuentesfidedignas.com.mx\\\/wp-content\\\/uploads\\\/2021\\\/04\\\/logo-retina.png\",\"width\":280,\"height\":51,\"caption\":\"Fuentes Fidedignas\"},\"image\":{\"@id\":\"https:\\\/\\\/fuentesfidedignas.com.mx\\\/#\\\/schema\\\/logo\\\/image\\\/\"},\"sameAs\":[\"https:\\\/\\\/www.facebook.com\\\/Fuentes-Fidedignas-368234489921644\",\"https:\\\/\\\/x.com\\\/fidedignas\"]},{\"@type\":\"Person\",\"@id\":\"https:\\\/\\\/fuentesfidedignas.com.mx\\\/#\\\/schema\\\/person\\\/331be9283d37198e2acd5750279085b0\",\"name\":\"Redacci\u00f3n\",\"image\":{\"@type\":\"ImageObject\",\"inLanguage\":\"es\",\"@id\":\"https:\\\/\\\/secure.gravatar.com\\\/avatar\\\/f6d8782c11d12b2d4ad3fbb6931aeab5309937a4d6cd2fc9cfaa28a6396a5aec?s=96&d=mm&r=g\",\"url\":\"https:\\\/\\\/secure.gravatar.com\\\/avatar\\\/f6d8782c11d12b2d4ad3fbb6931aeab5309937a4d6cd2fc9cfaa28a6396a5aec?s=96&d=mm&r=g\",\"contentUrl\":\"https:\\\/\\\/secure.gravatar.com\\\/avatar\\\/f6d8782c11d12b2d4ad3fbb6931aeab5309937a4d6cd2fc9cfaa28a6396a5aec?s=96&d=mm&r=g\",\"caption\":\"Redacci\u00f3n\"},\"url\":\"https:\\\/\\\/fuentesfidedignas.com.mx\\\/index.php\\\/author\\\/redaccion\\\/\"}]}<\/script>\n<!-- \/ Yoast SEO plugin. -->","yoast_head_json":{"title":"Todo listo para el Segundo Informe de Rocha Moya desde la explanada de Palacio de Gobierno - Fuentes Fidedignas","robots":{"index":"index","follow":"follow","max-snippet":"max-snippet:-1","max-image-preview":"max-image-preview:large","max-video-preview":"max-video-preview:-1"},"canonical":"https:\/\/fuentesfidedignas.com.mx\/index.php\/2023\/12\/01\/todo-listo-para-el-segundo-informe-de-rocha-moya-desde-la-explanada-de-palacio-de-gobierno\/","og_locale":"es_MX","og_type":"article","og_title":"Todo listo para el Segundo Informe de Rocha Moya desde la explanada de Palacio de Gobierno - Fuentes Fidedignas","og_description":"Los asistentes a este evento denominado \u201c2 A\u00f1os Transformando Sinaloa\u201d, podr\u00e1n llegar a la explanada a partir de las 3:30 de la tarde Culiac\u00e1n, Sin.- El Gobierno del Estado afina los \u00faltimos preparativos para el evento \u201c2 A\u00f1os Transformando Sinaloa\u201d, en el cual el gobernador Rub\u00e9n Rocha Moya rendir\u00e1 este s\u00e1bado 2 de diciembre por [&hellip;]","og_url":"https:\/\/fuentesfidedignas.com.mx\/index.php\/2023\/12\/01\/todo-listo-para-el-segundo-informe-de-rocha-moya-desde-la-explanada-de-palacio-de-gobierno\/","og_site_name":"Fuentes Fidedignas","article_publisher":"https:\/\/www.facebook.com\/Fuentes-Fidedignas-368234489921644","article_published_time":"2023-12-01T23:38:25+00:00","article_modified_time":"2023-12-02T19:43:26+00:00","og_image":[{"width":1600,"height":900,"url":"https:\/\/fuentesfidedignas.com.mx\/wp-content\/uploads\/2023\/12\/ROCHA_INFORME.jpeg","type":"image\/jpeg"}],"author":"Redacci\u00f3n","twitter_card":"summary_large_image","twitter_creator":"@fidedignas","twitter_site":"@fidedignas","twitter_misc":{"Escrito por":"Redacci\u00f3n","Tiempo de lectura":"2 minutos"},"schema":{"@context":"https:\/\/schema.org","@graph":[{"@type":"Article","@id":"https:\/\/fuentesfidedignas.com.mx\/index.php\/2023\/12\/01\/todo-listo-para-el-segundo-informe-de-rocha-moya-desde-la-explanada-de-palacio-de-gobierno\/#article","isPartOf":{"@id":"https:\/\/fuentesfidedignas.com.mx\/index.php\/2023\/12\/01\/todo-listo-para-el-segundo-informe-de-rocha-moya-desde-la-explanada-de-palacio-de-gobierno\/"},"author":{"name":"Redacci\u00f3n","@id":"https:\/\/fuentesfidedignas.com.mx\/#\/schema\/person\/331be9283d37198e2acd5750279085b0"},"headline":"Todo listo para el Segundo Informe de Rocha Moya desde la explanada de Palacio de Gobierno","datePublished":"2023-12-01T23:38:25+00:00","dateModified":"2023-12-02T19:43:26+00:00","mainEntityOfPage":{"@id":"https:\/\/fuentesfidedignas.com.mx\/index.php\/2023\/12\/01\/todo-listo-para-el-segundo-informe-de-rocha-moya-desde-la-explanada-de-palacio-de-gobierno\/"},"wordCount":459,"commentCount":0,"publisher":{"@id":"https:\/\/fuentesfidedignas.com.mx\/#organization"},"image":{"@id":"https:\/\/fuentesfidedignas.com.mx\/index.php\/2023\/12\/01\/todo-listo-para-el-segundo-informe-de-rocha-moya-desde-la-explanada-de-palacio-de-gobierno\/#primaryimage"},"thumbnailUrl":"https:\/\/fuentesfidedignas.com.mx\/wp-content\/uploads\/2023\/12\/ROCHA_INFORME.jpeg","inLanguage":"es","potentialAction":[{"@type":"CommentAction","name":"Comment","target":["https:\/\/fuentesfidedignas.com.mx\/index.php\/2023\/12\/01\/todo-listo-para-el-segundo-informe-de-rocha-moya-desde-la-explanada-de-palacio-de-gobierno\/#respond"]}]},{"@type":"WebPage","@id":"https:\/\/fuentesfidedignas.com.mx\/index.php\/2023\/12\/01\/todo-listo-para-el-segundo-informe-de-rocha-moya-desde-la-explanada-de-palacio-de-gobierno\/","url":"https:\/\/fuentesfidedignas.com.mx\/index.php\/2023\/12\/01\/todo-listo-para-el-segundo-informe-de-rocha-moya-desde-la-explanada-de-palacio-de-gobierno\/","name":"Todo listo para el Segundo Informe de Rocha Moya desde la explanada de Palacio de Gobierno - Fuentes Fidedignas","isPartOf":{"@id":"https:\/\/fuentesfidedignas.com.mx\/#website"},"primaryImageOfPage":{"@id":"https:\/\/fuentesfidedignas.com.mx\/index.php\/2023\/12\/01\/todo-listo-para-el-segundo-informe-de-rocha-moya-desde-la-explanada-de-palacio-de-gobierno\/#primaryimage"},"image":{"@id":"https:\/\/fuentesfidedignas.com.mx\/index.php\/2023\/12\/01\/todo-listo-para-el-segundo-informe-de-rocha-moya-desde-la-explanada-de-palacio-de-gobierno\/#primaryimage"},"thumbnailUrl":"https:\/\/fuentesfidedignas.com.mx\/wp-content\/uploads\/2023\/12\/ROCHA_INFORME.jpeg","datePublished":"2023-12-01T23:38:25+00:00","dateModified":"2023-12-02T19:43:26+00:00","breadcrumb":{"@id":"https:\/\/fuentesfidedignas.com.mx\/index.php\/2023\/12\/01\/todo-listo-para-el-segundo-informe-de-rocha-moya-desde-la-explanada-de-palacio-de-gobierno\/#breadcrumb"},"inLanguage":"es","potentialAction":[{"@type":"ReadAction","target":["https:\/\/fuentesfidedignas.com.mx\/index.php\/2023\/12\/01\/todo-listo-para-el-segundo-informe-de-rocha-moya-desde-la-explanada-de-palacio-de-gobierno\/"]}]},{"@type":"ImageObject","inLanguage":"es","@id":"https:\/\/fuentesfidedignas.com.mx\/index.php\/2023\/12\/01\/todo-listo-para-el-segundo-informe-de-rocha-moya-desde-la-explanada-de-palacio-de-gobierno\/#primaryimage","url":"https:\/\/fuentesfidedignas.com.mx\/wp-content\/uploads\/2023\/12\/ROCHA_INFORME.jpeg","contentUrl":"https:\/\/fuentesfidedignas.com.mx\/wp-content\/uploads\/2023\/12\/ROCHA_INFORME.jpeg","width":1600,"height":900},{"@type":"BreadcrumbList","@id":"https:\/\/fuentesfidedignas.com.mx\/index.php\/2023\/12\/01\/todo-listo-para-el-segundo-informe-de-rocha-moya-desde-la-explanada-de-palacio-de-gobierno\/#breadcrumb","itemListElement":[{"@type":"ListItem","position":1,"name":"Inicio","item":"https:\/\/fuentesfidedignas.com.mx\/"},{"@type":"ListItem","position":2,"name":"Todo listo para el Segundo Informe de Rocha Moya desde la explanada de Palacio de Gobierno"}]},{"@type":"WebSite","@id":"https:\/\/fuentesfidedignas.com.mx\/#website","url":"https:\/\/fuentesfidedignas.com.mx\/","name":"Fuentes Fidedignas","description":"Otro sitio realizado con WordPress","publisher":{"@id":"https:\/\/fuentesfidedignas.com.mx\/#organization"},"potentialAction":[{"@type":"SearchAction","target":{"@type":"EntryPoint","urlTemplate":"https:\/\/fuentesfidedignas.com.mx\/?s={search_term_string}"},"query-input":{"@type":"PropertyValueSpecification","valueRequired":true,"valueName":"search_term_string"}}],"inLanguage":"es"},{"@type":"Organization","@id":"https:\/\/fuentesfidedignas.com.mx\/#organization","name":"Fuentes Fidedignas","url":"https:\/\/fuentesfidedignas.com.mx\/","logo":{"@type":"ImageObject","inLanguage":"es","@id":"https:\/\/fuentesfidedignas.com.mx\/#\/schema\/logo\/image\/","url":"https:\/\/fuentesfidedignas.com.mx\/wp-content\/uploads\/2021\/04\/logo-retina.png","contentUrl":"https:\/\/fuentesfidedignas.com.mx\/wp-content\/uploads\/2021\/04\/logo-retina.png","width":280,"height":51,"caption":"Fuentes Fidedignas"},"image":{"@id":"https:\/\/fuentesfidedignas.com.mx\/#\/schema\/logo\/image\/"},"sameAs":["https:\/\/www.facebook.com\/Fuentes-Fidedignas-368234489921644","https:\/\/x.com\/fidedignas"]},{"@type":"Person","@id":"https:\/\/fuentesfidedignas.com.mx\/#\/schema\/person\/331be9283d37198e2acd5750279085b0","name":"Redacci\u00f3n","image":{"@type":"ImageObject","inLanguage":"es","@id":"https:\/\/secure.gravatar.com\/avatar\/f6d8782c11d12b2d4ad3fbb6931aeab5309937a4d6cd2fc9cfaa28a6396a5aec?s=96&d=mm&r=g","url":"https:\/\/secure.gravatar.com\/avatar\/f6d8782c11d12b2d4ad3fbb6931aeab5309937a4d6cd2fc9cfaa28a6396a5aec?s=96&d=mm&r=g","contentUrl":"https:\/\/secure.gravatar.com\/avatar\/f6d8782c11d12b2d4ad3fbb6931aeab5309937a4d6cd2fc9cfaa28a6396a5aec?s=96&d=mm&r=g","caption":"Redacci\u00f3n"},"url":"https:\/\/fuentesfidedignas.com.mx\/index.php\/author\/redaccion\/"}]}},"_links":{"self":[{"href":"https:\/\/fuentesfidedignas.com.mx\/index.php\/wp-json\/wp\/v2\/posts\/67369","targetHints":{"allow":["GET"]}}],"collection":[{"href":"https:\/\/fuentesfidedignas.com.mx\/index.php\/wp-json\/wp\/v2\/posts"}],"about":[{"href":"https:\/\/fuentesfidedignas.com.mx\/index.php\/wp-json\/wp\/v2\/types\/post"}],"author":[{"embeddable":true,"href":"https:\/\/fuentesfidedignas.com.mx\/index.php\/wp-json\/wp\/v2\/users\/4"}],"replies":[{"embeddable":true,"href":"https:\/\/fuentesfidedignas.com.mx\/index.php\/wp-json\/wp\/v2\/comments?post=67369"}],"version-history":[{"count":1,"href":"https:\/\/fuentesfidedignas.com.mx\/index.php\/wp-json\/wp\/v2\/posts\/67369\/revisions"}],"predecessor-version":[{"id":67371,"href":"https:\/\/fuentesfidedignas.com.mx\/index.php\/wp-json\/wp\/v2\/posts\/67369\/revisions\/67371"}],"wp:featuredmedia":[{"embeddable":true,"href":"https:\/\/fuentesfidedignas.com.mx\/index.php\/wp-json\/wp\/v2\/media\/67370"}],"wp:attachment":[{"href":"https:\/\/fuentesfidedignas.com.mx\/index.php\/wp-json\/wp\/v2\/media?parent=67369"}],"wp:term":[{"taxonomy":"category","embeddable":true,"href":"https:\/\/fuentesfidedignas.com.mx\/index.php\/wp-json\/wp\/v2\/categories?post=67369"},{"taxonomy":"post_tag","embeddable":true,"href":"https:\/\/fuentesfidedignas.com.mx\/index.php\/wp-json\/wp\/v2\/tags?post=67369"}],"curies":[{"name":"wp","href":"https:\/\/api.w.org\/{rel}","templated":true}]}}