{"id":67323,"date":"2023-12-01T08:15:25","date_gmt":"2023-12-01T15:15:25","guid":{"rendered":"https:\/\/fuentesfidedignas.com.mx\/?p=67323"},"modified":"2023-12-01T08:15:25","modified_gmt":"2023-12-01T15:15:25","slug":"uasenos-califican-de-difamador-a-rocha-moya-por-sus-acusaciones-tras-la-movilizacion-realizada-en-el-congreso-del-estado","status":"publish","type":"post","link":"https:\/\/fuentesfidedignas.com.mx\/index.php\/2023\/12\/01\/uasenos-califican-de-difamador-a-rocha-moya-por-sus-acusaciones-tras-la-movilizacion-realizada-en-el-congreso-del-estado\/","title":{"rendered":"Uase\u00f1os califican de \u201cdifamador\u201d a Rocha Moya por sus acusaciones tras la movilizaci\u00f3n realizada en el Congreso del Estado"},"content":{"rendered":"\n<p><strong><em>A pesar de las falsas acusaciones de parte del Gobernador, la comunidad universitaria se hizo presente en las instalaciones del Poder Judicial<\/em><\/strong><\/p>\n\n\n\n<p>Culiac\u00e1n, Sin.- La comunidad universitaria reacciona y califica como difamador al Gobernador del Estado de Sinaloa ante las recientes declaraciones en donde responsabiliza a la Universidad Aut\u00f3noma de Sinaloa (UAS) de bloquear los accesos al Congreso del estado, en la pasada manifestaci\u00f3n donde m\u00e1s de 20 mil universitarios exigieron el respeto de la autonom\u00eda universitaria, as\u00ed como el alto a la persecuci\u00f3n pol\u00edtica y abuso de poder de las que han sido v\u00edctimas.<\/p>\n\n\n\n<p>A pesar de las falsas acusaciones de parte del Gobernador, la comunidad universitaria se hizo presente en las instalaciones del Poder Judicial, en otra de las citaciones de los universitarios implicados, dejando en claro que no quitar\u00e1n el dedo del rengl\u00f3n y seguir\u00e1n en pie de lucha reiterando su apoyo incondicional, sin suspender ninguna de las actividades sustantivas de la instituci\u00f3n.<\/p>\n\n\n\n<p>\u201cNosotros estuvimos presentes en el Congreso del Estado y vimos la actitud de los tr\u00e1nsitos municipales, que en lugar de ayudar a que los carros tomaran la distancia en el movimiento que ten\u00eda la Universidad, no hicieron nada y ellos mismos empezaron a tapar el tema del acceso\u201d, confirm\u00f3 Daniel Fierro, Secretario Administrativo de la Facultad de Psicolog\u00eda.<\/p>\n\n\n\n<p>\u201cYo de hecho estuve dando clases y despu\u00e9s me un\u00ed a la manifestaci\u00f3n, as\u00ed como mis compa\u00f1eros que en este momento est\u00e1n aqu\u00ed calificando ex\u00e1menes, las labores no se detienen\u201d, mencion\u00f3 Keitaro Osuna Kitaoka, Tutor de apoyo especializado en ADIUAS<\/p>\n\n\n\n<p>\u201cSon declaraciones muy desafortunadas por qu\u00e9 en lo personal un servidor junto con el acompa\u00f1amiento del 90 por ciento de la planta docente estuvimos presentes ah\u00ed y en ning\u00fan momento se estuvo bloqueando el acceso\u201d, dijo Feliznando C\u00e1rdenas Torres, Encargado de la Direcci\u00f3n de la Facultad de Ciencias de la Nutrici\u00f3n y Gastronom\u00eda<\/p>\n\n\n\n<p>Cada vez los Rosalinos se convencen m\u00e1s que la justicia en el estado de Sinaloa es selectiva, as\u00ed como el abuso de autoridad por parte del tercer piso del Palacio de Gobierno, aun cuando la M\u00e1xima Casa de Estudios Sinaloense ha demostrado su inocencia, pero lastimosamente solo se han encargado de atacarla y denostarla injustamente pese de ser una de las tres mejores instituciones educativas a nivel nacional.<\/p>\n","protected":false},"excerpt":{"rendered":"<p>A pesar de las falsas acusaciones de parte del Gobernador, la comunidad universitaria se hizo presente en las instalaciones del Poder Judicial Culiac\u00e1n, Sin.- La comunidad universitaria reacciona y califica como difamador al Gobernador del Estado de Sinaloa ante las recientes declaraciones en donde responsabiliza a la Universidad Aut\u00f3noma de Sinaloa (UAS) de bloquear los [&hellip;]<\/p>\n","protected":false},"author":4,"featured_media":67324,"comment_status":"open","ping_status":"open","sticky":false,"template":"","format":"standard","meta":{"tdm_status":"","tdm_grid_status":"","footnotes":""},"categories":[1],"tags":[],"class_list":{"0":"post-67323","1":"post","2":"type-post","3":"status-publish","4":"format-standard","5":"has-post-thumbnail","7":"category-sin-categoria"},"yoast_head":"<!-- This site is optimized with the Yoast SEO plugin v27.5 - https:\/\/yoast.com\/product\/yoast-seo-wordpress\/ -->\n<title>Uase\u00f1os califican de \u201cdifamador\u201d a Rocha Moya por sus acusaciones tras la movilizaci\u00f3n realizada en el Congreso del Estado - Fuentes Fidedignas<\/title>\n<meta name=\"robots\" content=\"index, follow, max-snippet:-1, max-image-preview:large, max-video-preview:-1\" \/>\n<link rel=\"canonical\" href=\"https:\/\/fuentesfidedignas.com.mx\/index.php\/2023\/12\/01\/uasenos-califican-de-difamador-a-rocha-moya-por-sus-acusaciones-tras-la-movilizacion-realizada-en-el-congreso-del-estado\/\" \/>\n<meta property=\"og:locale\" content=\"es_MX\" \/>\n<meta property=\"og:type\" content=\"article\" \/>\n<meta property=\"og:title\" content=\"Uase\u00f1os califican de \u201cdifamador\u201d a Rocha Moya por sus acusaciones tras la movilizaci\u00f3n realizada en el Congreso del Estado - Fuentes Fidedignas\" \/>\n<meta property=\"og:description\" content=\"A pesar de las falsas acusaciones de parte del Gobernador, la comunidad universitaria se hizo presente en las instalaciones del Poder Judicial Culiac\u00e1n, Sin.- La comunidad universitaria reacciona y califica como difamador al Gobernador del Estado de Sinaloa ante las recientes declaraciones en donde responsabiliza a la Universidad Aut\u00f3noma de Sinaloa (UAS) de bloquear los [&hellip;]\" \/>\n<meta property=\"og:url\" content=\"https:\/\/fuentesfidedignas.com.mx\/index.php\/2023\/12\/01\/uasenos-califican-de-difamador-a-rocha-moya-por-sus-acusaciones-tras-la-movilizacion-realizada-en-el-congreso-del-estado\/\" \/>\n<meta property=\"og:site_name\" content=\"Fuentes Fidedignas\" \/>\n<meta property=\"article:publisher\" content=\"https:\/\/www.facebook.com\/Fuentes-Fidedignas-368234489921644\" \/>\n<meta property=\"article:published_time\" content=\"2023-12-01T15:15:25+00:00\" \/>\n<meta property=\"og:image\" content=\"https:\/\/fuentesfidedignas.com.mx\/wp-content\/uploads\/2023\/12\/Comunidad-Universitaria-4-scaled.jpg\" \/>\n\t<meta property=\"og:image:width\" content=\"2560\" \/>\n\t<meta property=\"og:image:height\" content=\"1705\" \/>\n\t<meta property=\"og:image:type\" content=\"image\/jpeg\" \/>\n<meta name=\"author\" content=\"Redacci\u00f3n\" \/>\n<meta name=\"twitter:card\" content=\"summary_large_image\" \/>\n<meta name=\"twitter:creator\" content=\"@fidedignas\" \/>\n<meta name=\"twitter:site\" content=\"@fidedignas\" \/>\n<meta name=\"twitter:label1\" content=\"Escrito por\" \/>\n\t<meta name=\"twitter:data1\" content=\"Redacci\u00f3n\" \/>\n\t<meta name=\"twitter:label2\" content=\"Tiempo de lectura\" \/>\n\t<meta name=\"twitter:data2\" content=\"2 minutos\" \/>\n<script type=\"application\/ld+json\" class=\"yoast-schema-graph\">{\"@context\":\"https:\\\/\\\/schema.org\",\"@graph\":[{\"@type\":\"Article\",\"@id\":\"https:\\\/\\\/fuentesfidedignas.com.mx\\\/index.php\\\/2023\\\/12\\\/01\\\/uasenos-califican-de-difamador-a-rocha-moya-por-sus-acusaciones-tras-la-movilizacion-realizada-en-el-congreso-del-estado\\\/#article\",\"isPartOf\":{\"@id\":\"https:\\\/\\\/fuentesfidedignas.com.mx\\\/index.php\\\/2023\\\/12\\\/01\\\/uasenos-califican-de-difamador-a-rocha-moya-por-sus-acusaciones-tras-la-movilizacion-realizada-en-el-congreso-del-estado\\\/\"},\"author\":{\"name\":\"Redacci\u00f3n\",\"@id\":\"https:\\\/\\\/fuentesfidedignas.com.mx\\\/#\\\/schema\\\/person\\\/331be9283d37198e2acd5750279085b0\"},\"headline\":\"Uase\u00f1os califican de \u201cdifamador\u201d a Rocha Moya por sus acusaciones tras la movilizaci\u00f3n realizada en el Congreso del Estado\",\"datePublished\":\"2023-12-01T15:15:25+00:00\",\"mainEntityOfPage\":{\"@id\":\"https:\\\/\\\/fuentesfidedignas.com.mx\\\/index.php\\\/2023\\\/12\\\/01\\\/uasenos-califican-de-difamador-a-rocha-moya-por-sus-acusaciones-tras-la-movilizacion-realizada-en-el-congreso-del-estado\\\/\"},\"wordCount\":423,\"commentCount\":0,\"publisher\":{\"@id\":\"https:\\\/\\\/fuentesfidedignas.com.mx\\\/#organization\"},\"image\":{\"@id\":\"https:\\\/\\\/fuentesfidedignas.com.mx\\\/index.php\\\/2023\\\/12\\\/01\\\/uasenos-califican-de-difamador-a-rocha-moya-por-sus-acusaciones-tras-la-movilizacion-realizada-en-el-congreso-del-estado\\\/#primaryimage\"},\"thumbnailUrl\":\"https:\\\/\\\/fuentesfidedignas.com.mx\\\/wp-content\\\/uploads\\\/2023\\\/12\\\/Comunidad-Universitaria-4-scaled.jpg\",\"inLanguage\":\"es\",\"potentialAction\":[{\"@type\":\"CommentAction\",\"name\":\"Comment\",\"target\":[\"https:\\\/\\\/fuentesfidedignas.com.mx\\\/index.php\\\/2023\\\/12\\\/01\\\/uasenos-califican-de-difamador-a-rocha-moya-por-sus-acusaciones-tras-la-movilizacion-realizada-en-el-congreso-del-estado\\\/#respond\"]}]},{\"@type\":\"WebPage\",\"@id\":\"https:\\\/\\\/fuentesfidedignas.com.mx\\\/index.php\\\/2023\\\/12\\\/01\\\/uasenos-califican-de-difamador-a-rocha-moya-por-sus-acusaciones-tras-la-movilizacion-realizada-en-el-congreso-del-estado\\\/\",\"url\":\"https:\\\/\\\/fuentesfidedignas.com.mx\\\/index.php\\\/2023\\\/12\\\/01\\\/uasenos-califican-de-difamador-a-rocha-moya-por-sus-acusaciones-tras-la-movilizacion-realizada-en-el-congreso-del-estado\\\/\",\"name\":\"Uase\u00f1os califican de \u201cdifamador\u201d a Rocha Moya por sus acusaciones tras la movilizaci\u00f3n realizada en el Congreso del Estado - Fuentes Fidedignas\",\"isPartOf\":{\"@id\":\"https:\\\/\\\/fuentesfidedignas.com.mx\\\/#website\"},\"primaryImageOfPage\":{\"@id\":\"https:\\\/\\\/fuentesfidedignas.com.mx\\\/index.php\\\/2023\\\/12\\\/01\\\/uasenos-califican-de-difamador-a-rocha-moya-por-sus-acusaciones-tras-la-movilizacion-realizada-en-el-congreso-del-estado\\\/#primaryimage\"},\"image\":{\"@id\":\"https:\\\/\\\/fuentesfidedignas.com.mx\\\/index.php\\\/2023\\\/12\\\/01\\\/uasenos-califican-de-difamador-a-rocha-moya-por-sus-acusaciones-tras-la-movilizacion-realizada-en-el-congreso-del-estado\\\/#primaryimage\"},\"thumbnailUrl\":\"https:\\\/\\\/fuentesfidedignas.com.mx\\\/wp-content\\\/uploads\\\/2023\\\/12\\\/Comunidad-Universitaria-4-scaled.jpg\",\"datePublished\":\"2023-12-01T15:15:25+00:00\",\"breadcrumb\":{\"@id\":\"https:\\\/\\\/fuentesfidedignas.com.mx\\\/index.php\\\/2023\\\/12\\\/01\\\/uasenos-califican-de-difamador-a-rocha-moya-por-sus-acusaciones-tras-la-movilizacion-realizada-en-el-congreso-del-estado\\\/#breadcrumb\"},\"inLanguage\":\"es\",\"potentialAction\":[{\"@type\":\"ReadAction\",\"target\":[\"https:\\\/\\\/fuentesfidedignas.com.mx\\\/index.php\\\/2023\\\/12\\\/01\\\/uasenos-califican-de-difamador-a-rocha-moya-por-sus-acusaciones-tras-la-movilizacion-realizada-en-el-congreso-del-estado\\\/\"]}]},{\"@type\":\"ImageObject\",\"inLanguage\":\"es\",\"@id\":\"https:\\\/\\\/fuentesfidedignas.com.mx\\\/index.php\\\/2023\\\/12\\\/01\\\/uasenos-califican-de-difamador-a-rocha-moya-por-sus-acusaciones-tras-la-movilizacion-realizada-en-el-congreso-del-estado\\\/#primaryimage\",\"url\":\"https:\\\/\\\/fuentesfidedignas.com.mx\\\/wp-content\\\/uploads\\\/2023\\\/12\\\/Comunidad-Universitaria-4-scaled.jpg\",\"contentUrl\":\"https:\\\/\\\/fuentesfidedignas.com.mx\\\/wp-content\\\/uploads\\\/2023\\\/12\\\/Comunidad-Universitaria-4-scaled.jpg\",\"width\":2560,\"height\":1705},{\"@type\":\"BreadcrumbList\",\"@id\":\"https:\\\/\\\/fuentesfidedignas.com.mx\\\/index.php\\\/2023\\\/12\\\/01\\\/uasenos-califican-de-difamador-a-rocha-moya-por-sus-acusaciones-tras-la-movilizacion-realizada-en-el-congreso-del-estado\\\/#breadcrumb\",\"itemListElement\":[{\"@type\":\"ListItem\",\"position\":1,\"name\":\"Inicio\",\"item\":\"https:\\\/\\\/fuentesfidedignas.com.mx\\\/\"},{\"@type\":\"ListItem\",\"position\":2,\"name\":\"Uase\u00f1os califican de \u201cdifamador\u201d a Rocha Moya por sus acusaciones tras la movilizaci\u00f3n realizada en el Congreso del Estado\"}]},{\"@type\":\"WebSite\",\"@id\":\"https:\\\/\\\/fuentesfidedignas.com.mx\\\/#website\",\"url\":\"https:\\\/\\\/fuentesfidedignas.com.mx\\\/\",\"name\":\"Fuentes Fidedignas\",\"description\":\"Otro sitio realizado con WordPress\",\"publisher\":{\"@id\":\"https:\\\/\\\/fuentesfidedignas.com.mx\\\/#organization\"},\"potentialAction\":[{\"@type\":\"SearchAction\",\"target\":{\"@type\":\"EntryPoint\",\"urlTemplate\":\"https:\\\/\\\/fuentesfidedignas.com.mx\\\/?s={search_term_string}\"},\"query-input\":{\"@type\":\"PropertyValueSpecification\",\"valueRequired\":true,\"valueName\":\"search_term_string\"}}],\"inLanguage\":\"es\"},{\"@type\":\"Organization\",\"@id\":\"https:\\\/\\\/fuentesfidedignas.com.mx\\\/#organization\",\"name\":\"Fuentes Fidedignas\",\"url\":\"https:\\\/\\\/fuentesfidedignas.com.mx\\\/\",\"logo\":{\"@type\":\"ImageObject\",\"inLanguage\":\"es\",\"@id\":\"https:\\\/\\\/fuentesfidedignas.com.mx\\\/#\\\/schema\\\/logo\\\/image\\\/\",\"url\":\"https:\\\/\\\/fuentesfidedignas.com.mx\\\/wp-content\\\/uploads\\\/2021\\\/04\\\/logo-retina.png\",\"contentUrl\":\"https:\\\/\\\/fuentesfidedignas.com.mx\\\/wp-content\\\/uploads\\\/2021\\\/04\\\/logo-retina.png\",\"width\":280,\"height\":51,\"caption\":\"Fuentes Fidedignas\"},\"image\":{\"@id\":\"https:\\\/\\\/fuentesfidedignas.com.mx\\\/#\\\/schema\\\/logo\\\/image\\\/\"},\"sameAs\":[\"https:\\\/\\\/www.facebook.com\\\/Fuentes-Fidedignas-368234489921644\",\"https:\\\/\\\/x.com\\\/fidedignas\"]},{\"@type\":\"Person\",\"@id\":\"https:\\\/\\\/fuentesfidedignas.com.mx\\\/#\\\/schema\\\/person\\\/331be9283d37198e2acd5750279085b0\",\"name\":\"Redacci\u00f3n\",\"image\":{\"@type\":\"ImageObject\",\"inLanguage\":\"es\",\"@id\":\"https:\\\/\\\/secure.gravatar.com\\\/avatar\\\/f6d8782c11d12b2d4ad3fbb6931aeab5309937a4d6cd2fc9cfaa28a6396a5aec?s=96&d=mm&r=g\",\"url\":\"https:\\\/\\\/secure.gravatar.com\\\/avatar\\\/f6d8782c11d12b2d4ad3fbb6931aeab5309937a4d6cd2fc9cfaa28a6396a5aec?s=96&d=mm&r=g\",\"contentUrl\":\"https:\\\/\\\/secure.gravatar.com\\\/avatar\\\/f6d8782c11d12b2d4ad3fbb6931aeab5309937a4d6cd2fc9cfaa28a6396a5aec?s=96&d=mm&r=g\",\"caption\":\"Redacci\u00f3n\"},\"url\":\"https:\\\/\\\/fuentesfidedignas.com.mx\\\/index.php\\\/author\\\/redaccion\\\/\"}]}<\/script>\n<!-- \/ Yoast SEO plugin. -->","yoast_head_json":{"title":"Uase\u00f1os califican de \u201cdifamador\u201d a Rocha Moya por sus acusaciones tras la movilizaci\u00f3n realizada en el Congreso del Estado - Fuentes Fidedignas","robots":{"index":"index","follow":"follow","max-snippet":"max-snippet:-1","max-image-preview":"max-image-preview:large","max-video-preview":"max-video-preview:-1"},"canonical":"https:\/\/fuentesfidedignas.com.mx\/index.php\/2023\/12\/01\/uasenos-califican-de-difamador-a-rocha-moya-por-sus-acusaciones-tras-la-movilizacion-realizada-en-el-congreso-del-estado\/","og_locale":"es_MX","og_type":"article","og_title":"Uase\u00f1os califican de \u201cdifamador\u201d a Rocha Moya por sus acusaciones tras la movilizaci\u00f3n realizada en el Congreso del Estado - Fuentes Fidedignas","og_description":"A pesar de las falsas acusaciones de parte del Gobernador, la comunidad universitaria se hizo presente en las instalaciones del Poder Judicial Culiac\u00e1n, Sin.- La comunidad universitaria reacciona y califica como difamador al Gobernador del Estado de Sinaloa ante las recientes declaraciones en donde responsabiliza a la Universidad Aut\u00f3noma de Sinaloa (UAS) de bloquear los [&hellip;]","og_url":"https:\/\/fuentesfidedignas.com.mx\/index.php\/2023\/12\/01\/uasenos-califican-de-difamador-a-rocha-moya-por-sus-acusaciones-tras-la-movilizacion-realizada-en-el-congreso-del-estado\/","og_site_name":"Fuentes Fidedignas","article_publisher":"https:\/\/www.facebook.com\/Fuentes-Fidedignas-368234489921644","article_published_time":"2023-12-01T15:15:25+00:00","og_image":[{"width":2560,"height":1705,"url":"https:\/\/fuentesfidedignas.com.mx\/wp-content\/uploads\/2023\/12\/Comunidad-Universitaria-4-scaled.jpg","type":"image\/jpeg"}],"author":"Redacci\u00f3n","twitter_card":"summary_large_image","twitter_creator":"@fidedignas","twitter_site":"@fidedignas","twitter_misc":{"Escrito por":"Redacci\u00f3n","Tiempo de lectura":"2 minutos"},"schema":{"@context":"https:\/\/schema.org","@graph":[{"@type":"Article","@id":"https:\/\/fuentesfidedignas.com.mx\/index.php\/2023\/12\/01\/uasenos-califican-de-difamador-a-rocha-moya-por-sus-acusaciones-tras-la-movilizacion-realizada-en-el-congreso-del-estado\/#article","isPartOf":{"@id":"https:\/\/fuentesfidedignas.com.mx\/index.php\/2023\/12\/01\/uasenos-califican-de-difamador-a-rocha-moya-por-sus-acusaciones-tras-la-movilizacion-realizada-en-el-congreso-del-estado\/"},"author":{"name":"Redacci\u00f3n","@id":"https:\/\/fuentesfidedignas.com.mx\/#\/schema\/person\/331be9283d37198e2acd5750279085b0"},"headline":"Uase\u00f1os califican de \u201cdifamador\u201d a Rocha Moya por sus acusaciones tras la movilizaci\u00f3n realizada en el Congreso del Estado","datePublished":"2023-12-01T15:15:25+00:00","mainEntityOfPage":{"@id":"https:\/\/fuentesfidedignas.com.mx\/index.php\/2023\/12\/01\/uasenos-califican-de-difamador-a-rocha-moya-por-sus-acusaciones-tras-la-movilizacion-realizada-en-el-congreso-del-estado\/"},"wordCount":423,"commentCount":0,"publisher":{"@id":"https:\/\/fuentesfidedignas.com.mx\/#organization"},"image":{"@id":"https:\/\/fuentesfidedignas.com.mx\/index.php\/2023\/12\/01\/uasenos-califican-de-difamador-a-rocha-moya-por-sus-acusaciones-tras-la-movilizacion-realizada-en-el-congreso-del-estado\/#primaryimage"},"thumbnailUrl":"https:\/\/fuentesfidedignas.com.mx\/wp-content\/uploads\/2023\/12\/Comunidad-Universitaria-4-scaled.jpg","inLanguage":"es","potentialAction":[{"@type":"CommentAction","name":"Comment","target":["https:\/\/fuentesfidedignas.com.mx\/index.php\/2023\/12\/01\/uasenos-califican-de-difamador-a-rocha-moya-por-sus-acusaciones-tras-la-movilizacion-realizada-en-el-congreso-del-estado\/#respond"]}]},{"@type":"WebPage","@id":"https:\/\/fuentesfidedignas.com.mx\/index.php\/2023\/12\/01\/uasenos-califican-de-difamador-a-rocha-moya-por-sus-acusaciones-tras-la-movilizacion-realizada-en-el-congreso-del-estado\/","url":"https:\/\/fuentesfidedignas.com.mx\/index.php\/2023\/12\/01\/uasenos-califican-de-difamador-a-rocha-moya-por-sus-acusaciones-tras-la-movilizacion-realizada-en-el-congreso-del-estado\/","name":"Uase\u00f1os califican de \u201cdifamador\u201d a Rocha Moya por sus acusaciones tras la movilizaci\u00f3n realizada en el Congreso del Estado - Fuentes Fidedignas","isPartOf":{"@id":"https:\/\/fuentesfidedignas.com.mx\/#website"},"primaryImageOfPage":{"@id":"https:\/\/fuentesfidedignas.com.mx\/index.php\/2023\/12\/01\/uasenos-califican-de-difamador-a-rocha-moya-por-sus-acusaciones-tras-la-movilizacion-realizada-en-el-congreso-del-estado\/#primaryimage"},"image":{"@id":"https:\/\/fuentesfidedignas.com.mx\/index.php\/2023\/12\/01\/uasenos-califican-de-difamador-a-rocha-moya-por-sus-acusaciones-tras-la-movilizacion-realizada-en-el-congreso-del-estado\/#primaryimage"},"thumbnailUrl":"https:\/\/fuentesfidedignas.com.mx\/wp-content\/uploads\/2023\/12\/Comunidad-Universitaria-4-scaled.jpg","datePublished":"2023-12-01T15:15:25+00:00","breadcrumb":{"@id":"https:\/\/fuentesfidedignas.com.mx\/index.php\/2023\/12\/01\/uasenos-califican-de-difamador-a-rocha-moya-por-sus-acusaciones-tras-la-movilizacion-realizada-en-el-congreso-del-estado\/#breadcrumb"},"inLanguage":"es","potentialAction":[{"@type":"ReadAction","target":["https:\/\/fuentesfidedignas.com.mx\/index.php\/2023\/12\/01\/uasenos-califican-de-difamador-a-rocha-moya-por-sus-acusaciones-tras-la-movilizacion-realizada-en-el-congreso-del-estado\/"]}]},{"@type":"ImageObject","inLanguage":"es","@id":"https:\/\/fuentesfidedignas.com.mx\/index.php\/2023\/12\/01\/uasenos-califican-de-difamador-a-rocha-moya-por-sus-acusaciones-tras-la-movilizacion-realizada-en-el-congreso-del-estado\/#primaryimage","url":"https:\/\/fuentesfidedignas.com.mx\/wp-content\/uploads\/2023\/12\/Comunidad-Universitaria-4-scaled.jpg","contentUrl":"https:\/\/fuentesfidedignas.com.mx\/wp-content\/uploads\/2023\/12\/Comunidad-Universitaria-4-scaled.jpg","width":2560,"height":1705},{"@type":"BreadcrumbList","@id":"https:\/\/fuentesfidedignas.com.mx\/index.php\/2023\/12\/01\/uasenos-califican-de-difamador-a-rocha-moya-por-sus-acusaciones-tras-la-movilizacion-realizada-en-el-congreso-del-estado\/#breadcrumb","itemListElement":[{"@type":"ListItem","position":1,"name":"Inicio","item":"https:\/\/fuentesfidedignas.com.mx\/"},{"@type":"ListItem","position":2,"name":"Uase\u00f1os califican de \u201cdifamador\u201d a Rocha Moya por sus acusaciones tras la movilizaci\u00f3n realizada en el Congreso del Estado"}]},{"@type":"WebSite","@id":"https:\/\/fuentesfidedignas.com.mx\/#website","url":"https:\/\/fuentesfidedignas.com.mx\/","name":"Fuentes Fidedignas","description":"Otro sitio realizado con WordPress","publisher":{"@id":"https:\/\/fuentesfidedignas.com.mx\/#organization"},"potentialAction":[{"@type":"SearchAction","target":{"@type":"EntryPoint","urlTemplate":"https:\/\/fuentesfidedignas.com.mx\/?s={search_term_string}"},"query-input":{"@type":"PropertyValueSpecification","valueRequired":true,"valueName":"search_term_string"}}],"inLanguage":"es"},{"@type":"Organization","@id":"https:\/\/fuentesfidedignas.com.mx\/#organization","name":"Fuentes Fidedignas","url":"https:\/\/fuentesfidedignas.com.mx\/","logo":{"@type":"ImageObject","inLanguage":"es","@id":"https:\/\/fuentesfidedignas.com.mx\/#\/schema\/logo\/image\/","url":"https:\/\/fuentesfidedignas.com.mx\/wp-content\/uploads\/2021\/04\/logo-retina.png","contentUrl":"https:\/\/fuentesfidedignas.com.mx\/wp-content\/uploads\/2021\/04\/logo-retina.png","width":280,"height":51,"caption":"Fuentes Fidedignas"},"image":{"@id":"https:\/\/fuentesfidedignas.com.mx\/#\/schema\/logo\/image\/"},"sameAs":["https:\/\/www.facebook.com\/Fuentes-Fidedignas-368234489921644","https:\/\/x.com\/fidedignas"]},{"@type":"Person","@id":"https:\/\/fuentesfidedignas.com.mx\/#\/schema\/person\/331be9283d37198e2acd5750279085b0","name":"Redacci\u00f3n","image":{"@type":"ImageObject","inLanguage":"es","@id":"https:\/\/secure.gravatar.com\/avatar\/f6d8782c11d12b2d4ad3fbb6931aeab5309937a4d6cd2fc9cfaa28a6396a5aec?s=96&d=mm&r=g","url":"https:\/\/secure.gravatar.com\/avatar\/f6d8782c11d12b2d4ad3fbb6931aeab5309937a4d6cd2fc9cfaa28a6396a5aec?s=96&d=mm&r=g","contentUrl":"https:\/\/secure.gravatar.com\/avatar\/f6d8782c11d12b2d4ad3fbb6931aeab5309937a4d6cd2fc9cfaa28a6396a5aec?s=96&d=mm&r=g","caption":"Redacci\u00f3n"},"url":"https:\/\/fuentesfidedignas.com.mx\/index.php\/author\/redaccion\/"}]}},"_links":{"self":[{"href":"https:\/\/fuentesfidedignas.com.mx\/index.php\/wp-json\/wp\/v2\/posts\/67323","targetHints":{"allow":["GET"]}}],"collection":[{"href":"https:\/\/fuentesfidedignas.com.mx\/index.php\/wp-json\/wp\/v2\/posts"}],"about":[{"href":"https:\/\/fuentesfidedignas.com.mx\/index.php\/wp-json\/wp\/v2\/types\/post"}],"author":[{"embeddable":true,"href":"https:\/\/fuentesfidedignas.com.mx\/index.php\/wp-json\/wp\/v2\/users\/4"}],"replies":[{"embeddable":true,"href":"https:\/\/fuentesfidedignas.com.mx\/index.php\/wp-json\/wp\/v2\/comments?post=67323"}],"version-history":[{"count":1,"href":"https:\/\/fuentesfidedignas.com.mx\/index.php\/wp-json\/wp\/v2\/posts\/67323\/revisions"}],"predecessor-version":[{"id":67325,"href":"https:\/\/fuentesfidedignas.com.mx\/index.php\/wp-json\/wp\/v2\/posts\/67323\/revisions\/67325"}],"wp:featuredmedia":[{"embeddable":true,"href":"https:\/\/fuentesfidedignas.com.mx\/index.php\/wp-json\/wp\/v2\/media\/67324"}],"wp:attachment":[{"href":"https:\/\/fuentesfidedignas.com.mx\/index.php\/wp-json\/wp\/v2\/media?parent=67323"}],"wp:term":[{"taxonomy":"category","embeddable":true,"href":"https:\/\/fuentesfidedignas.com.mx\/index.php\/wp-json\/wp\/v2\/categories?post=67323"},{"taxonomy":"post_tag","embeddable":true,"href":"https:\/\/fuentesfidedignas.com.mx\/index.php\/wp-json\/wp\/v2\/tags?post=67323"}],"curies":[{"name":"wp","href":"https:\/\/api.w.org\/{rel}","templated":true}]}}