{"id":67245,"date":"2023-11-30T10:15:49","date_gmt":"2023-11-30T17:15:49","guid":{"rendered":"https:\/\/fuentesfidedignas.com.mx\/?p=67245"},"modified":"2023-11-30T10:16:22","modified_gmt":"2023-11-30T17:16:22","slug":"gobernador-me-ha-pedido-en-tres-ocasiones-que-desista-de-los-amparos-que-tiene-la-uas-maduena-molina","status":"publish","type":"post","link":"https:\/\/fuentesfidedignas.com.mx\/index.php\/2023\/11\/30\/gobernador-me-ha-pedido-en-tres-ocasiones-que-desista-de-los-amparos-que-tiene-la-uas-maduena-molina\/","title":{"rendered":"Gobernador me ha pedido en tres ocasiones que desista de los amparos que tiene la UAS: Madue\u00f1a"},"content":{"rendered":"\n<p><strong><em>Agradeci\u00f3 a la comunidad universitaria el apoyo que han brindado durante el proceso de la defensa de la autonom\u00eda.<\/em><\/strong><\/p>\n\n\n\n<p>Culiac\u00e1n, Sin.- El rector titular de la Universidad Aut\u00f3noma de Sinaloa (UAS), separado temporalmente del cargo, Jes\u00fas Madue\u00f1a Molina, se\u00f1al\u00f3 que el gobernador del estado, Rub\u00e9n Rocha Moya le ha solicitado en tres ocasiones que desista de los amparos para que qued\u00e9 la Ley de Educaci\u00f3n vigente, misma que se tiene en pausa debido a esos recursos.<\/p>\n\n\n\n<p>&#8220;Yo le dije que eso no estaba en negociaci\u00f3n porque la Ley de Educaci\u00f3n es violatoria, y ustedes lo han escuchado de parte de los abogados, lo ha explicado muy bien Roberspierre Liz\u00e1rraga, lo ha explicado muy bien Ram\u00f3n Bonilla Rojas y Milt\u00f3n Ayala&#8221;, se\u00f1al\u00f3.<\/p>\n\n\n\n<p>Lo anterior, luego de que fuera entrevistado al acudir a la sede de la Fiscal\u00eda General del Estado en donde de nueva cuenta se present\u00f3 ante la autoridad el d\u00eda de hoy jueves 30 de noviembre.<\/p>\n\n\n\n<p>Madue\u00f1a Molina, agradeci\u00f3 a la comunidad universitaria el apoyo que han brindado durante el proceso de la defensa de la autonom\u00eda .<\/p>\n\n\n\n<p>&#8220;Que no decaiga el \u00e1nimo s\u00ed aqu\u00ed en el juzgado nos siguen poniendo medidas cautelares dr\u00e1sticas, tenemos que aguantar para esperar a que se empareje la cancha con la justicia federal. Que no nos desesperemos&#8221;, invit\u00f3.<\/p>\n\n\n\n<p><strong>&#8220;Rocha Moya quiere seguir descabezando a la UAS&#8221;, asegura Madue\u00f1a Molina<\/strong><\/p>\n\n\n\n<p>Por otra parte, Madue\u00f1a Molina, destac\u00f3 que Roberspierre ha sido firme desde que se comenz\u00f3 la lucha en el mes de febrero en la defensa de la autonom\u00eda universitaria, por ello &#8220;lo traen en la mira&#8221; y tambi\u00e9n traer\u00e1n en la mira a todo aquel que se atreva a disentir de lo que desea Rocha.<\/p>\n\n\n\n<p>&#8220;Van a buscar destituir a Roberspierre como encargado de la rector\u00eda porque ya me destituyeron a m\u00ed, eso es lo que est\u00e1 buscando el gobernador, quiere seguir descabezando a la universidad; va por aquellos que no se doblan ante la presi\u00f3n del Gobierno del Estado&#8221;, enfatiz\u00f3.<\/p>\n\n\n\n<p>&#8220;Desde aqu\u00ed le decimos: la Universidad Aut\u00f3noma de Sinaloa no est\u00e1 en venta, la Universidad Aut\u00f3noma de Sinaloa no se la vamos a entregar a Morena, ni se la vamos a entregar a Rub\u00e9n Rocha. La UAS es una instituci\u00f3n p\u00fablica&#8221;, sentenci\u00f3.<\/p>\n","protected":false},"excerpt":{"rendered":"<p>Agradeci\u00f3 a la comunidad universitaria el apoyo que han brindado durante el proceso de la defensa de la autonom\u00eda. Culiac\u00e1n, Sin.- El rector titular de la Universidad Aut\u00f3noma de Sinaloa (UAS), separado temporalmente del cargo, Jes\u00fas Madue\u00f1a Molina, se\u00f1al\u00f3 que el gobernador del estado, Rub\u00e9n Rocha Moya le ha solicitado en tres ocasiones que desista [&hellip;]<\/p>\n","protected":false},"author":153,"featured_media":60655,"comment_status":"open","ping_status":"open","sticky":false,"template":"","format":"standard","meta":{"tdm_status":"","tdm_grid_status":"","footnotes":""},"categories":[37],"tags":[],"class_list":{"0":"post-67245","1":"post","2":"type-post","3":"status-publish","4":"format-standard","5":"has-post-thumbnail","7":"category-nota-principal"},"yoast_head":"<!-- This site is optimized with the Yoast SEO plugin v27.5 - https:\/\/yoast.com\/product\/yoast-seo-wordpress\/ -->\n<title>Gobernador me ha pedido en tres ocasiones que desista de los amparos que tiene la UAS: Madue\u00f1a - Fuentes Fidedignas<\/title>\n<meta name=\"robots\" content=\"index, follow, max-snippet:-1, max-image-preview:large, max-video-preview:-1\" \/>\n<link rel=\"canonical\" href=\"https:\/\/fuentesfidedignas.com.mx\/index.php\/2023\/11\/30\/gobernador-me-ha-pedido-en-tres-ocasiones-que-desista-de-los-amparos-que-tiene-la-uas-maduena-molina\/\" \/>\n<meta property=\"og:locale\" content=\"es_MX\" \/>\n<meta property=\"og:type\" content=\"article\" \/>\n<meta property=\"og:title\" content=\"Gobernador me ha pedido en tres ocasiones que desista de los amparos que tiene la UAS: Madue\u00f1a - Fuentes Fidedignas\" \/>\n<meta property=\"og:description\" content=\"Agradeci\u00f3 a la comunidad universitaria el apoyo que han brindado durante el proceso de la defensa de la autonom\u00eda. Culiac\u00e1n, Sin.- El rector titular de la Universidad Aut\u00f3noma de Sinaloa (UAS), separado temporalmente del cargo, Jes\u00fas Madue\u00f1a Molina, se\u00f1al\u00f3 que el gobernador del estado, Rub\u00e9n Rocha Moya le ha solicitado en tres ocasiones que desista [&hellip;]\" \/>\n<meta property=\"og:url\" content=\"https:\/\/fuentesfidedignas.com.mx\/index.php\/2023\/11\/30\/gobernador-me-ha-pedido-en-tres-ocasiones-que-desista-de-los-amparos-que-tiene-la-uas-maduena-molina\/\" \/>\n<meta property=\"og:site_name\" content=\"Fuentes Fidedignas\" \/>\n<meta property=\"article:publisher\" content=\"https:\/\/www.facebook.com\/Fuentes-Fidedignas-368234489921644\" \/>\n<meta property=\"article:published_time\" content=\"2023-11-30T17:15:49+00:00\" \/>\n<meta property=\"article:modified_time\" content=\"2023-11-30T17:16:22+00:00\" \/>\n<meta property=\"og:image\" content=\"https:\/\/fuentesfidedignas.com.mx\/wp-content\/uploads\/2023\/09\/rector-2809.jpeg\" \/>\n\t<meta property=\"og:image:width\" content=\"890\" \/>\n\t<meta property=\"og:image:height\" content=\"639\" \/>\n\t<meta property=\"og:image:type\" content=\"image\/jpeg\" \/>\n<meta name=\"author\" content=\"Jos\u00e9 Agust\u00edn\" \/>\n<meta name=\"twitter:card\" content=\"summary_large_image\" \/>\n<meta name=\"twitter:creator\" content=\"@fidedignas\" \/>\n<meta name=\"twitter:site\" content=\"@fidedignas\" \/>\n<meta name=\"twitter:label1\" content=\"Escrito por\" \/>\n\t<meta name=\"twitter:data1\" content=\"Jos\u00e9 Agust\u00edn\" \/>\n\t<meta name=\"twitter:label2\" content=\"Tiempo de lectura\" \/>\n\t<meta name=\"twitter:data2\" content=\"2 minutos\" \/>\n<script type=\"application\/ld+json\" class=\"yoast-schema-graph\">{\"@context\":\"https:\\\/\\\/schema.org\",\"@graph\":[{\"@type\":\"Article\",\"@id\":\"https:\\\/\\\/fuentesfidedignas.com.mx\\\/index.php\\\/2023\\\/11\\\/30\\\/gobernador-me-ha-pedido-en-tres-ocasiones-que-desista-de-los-amparos-que-tiene-la-uas-maduena-molina\\\/#article\",\"isPartOf\":{\"@id\":\"https:\\\/\\\/fuentesfidedignas.com.mx\\\/index.php\\\/2023\\\/11\\\/30\\\/gobernador-me-ha-pedido-en-tres-ocasiones-que-desista-de-los-amparos-que-tiene-la-uas-maduena-molina\\\/\"},\"author\":{\"name\":\"Jos\u00e9 Agust\u00edn\",\"@id\":\"https:\\\/\\\/fuentesfidedignas.com.mx\\\/#\\\/schema\\\/person\\\/eca3ea299a55dde2ce81848259c1f6ca\"},\"headline\":\"Gobernador me ha pedido en tres ocasiones que desista de los amparos que tiene la UAS: Madue\u00f1a\",\"datePublished\":\"2023-11-30T17:15:49+00:00\",\"dateModified\":\"2023-11-30T17:16:22+00:00\",\"mainEntityOfPage\":{\"@id\":\"https:\\\/\\\/fuentesfidedignas.com.mx\\\/index.php\\\/2023\\\/11\\\/30\\\/gobernador-me-ha-pedido-en-tres-ocasiones-que-desista-de-los-amparos-que-tiene-la-uas-maduena-molina\\\/\"},\"wordCount\":417,\"commentCount\":0,\"publisher\":{\"@id\":\"https:\\\/\\\/fuentesfidedignas.com.mx\\\/#organization\"},\"image\":{\"@id\":\"https:\\\/\\\/fuentesfidedignas.com.mx\\\/index.php\\\/2023\\\/11\\\/30\\\/gobernador-me-ha-pedido-en-tres-ocasiones-que-desista-de-los-amparos-que-tiene-la-uas-maduena-molina\\\/#primaryimage\"},\"thumbnailUrl\":\"https:\\\/\\\/fuentesfidedignas.com.mx\\\/wp-content\\\/uploads\\\/2023\\\/09\\\/rector-2809.jpeg\",\"articleSection\":[\"NOTA PRINCIPAL\"],\"inLanguage\":\"es\",\"potentialAction\":[{\"@type\":\"CommentAction\",\"name\":\"Comment\",\"target\":[\"https:\\\/\\\/fuentesfidedignas.com.mx\\\/index.php\\\/2023\\\/11\\\/30\\\/gobernador-me-ha-pedido-en-tres-ocasiones-que-desista-de-los-amparos-que-tiene-la-uas-maduena-molina\\\/#respond\"]}]},{\"@type\":\"WebPage\",\"@id\":\"https:\\\/\\\/fuentesfidedignas.com.mx\\\/index.php\\\/2023\\\/11\\\/30\\\/gobernador-me-ha-pedido-en-tres-ocasiones-que-desista-de-los-amparos-que-tiene-la-uas-maduena-molina\\\/\",\"url\":\"https:\\\/\\\/fuentesfidedignas.com.mx\\\/index.php\\\/2023\\\/11\\\/30\\\/gobernador-me-ha-pedido-en-tres-ocasiones-que-desista-de-los-amparos-que-tiene-la-uas-maduena-molina\\\/\",\"name\":\"Gobernador me ha pedido en tres ocasiones que desista de los amparos que tiene la UAS: Madue\u00f1a - Fuentes Fidedignas\",\"isPartOf\":{\"@id\":\"https:\\\/\\\/fuentesfidedignas.com.mx\\\/#website\"},\"primaryImageOfPage\":{\"@id\":\"https:\\\/\\\/fuentesfidedignas.com.mx\\\/index.php\\\/2023\\\/11\\\/30\\\/gobernador-me-ha-pedido-en-tres-ocasiones-que-desista-de-los-amparos-que-tiene-la-uas-maduena-molina\\\/#primaryimage\"},\"image\":{\"@id\":\"https:\\\/\\\/fuentesfidedignas.com.mx\\\/index.php\\\/2023\\\/11\\\/30\\\/gobernador-me-ha-pedido-en-tres-ocasiones-que-desista-de-los-amparos-que-tiene-la-uas-maduena-molina\\\/#primaryimage\"},\"thumbnailUrl\":\"https:\\\/\\\/fuentesfidedignas.com.mx\\\/wp-content\\\/uploads\\\/2023\\\/09\\\/rector-2809.jpeg\",\"datePublished\":\"2023-11-30T17:15:49+00:00\",\"dateModified\":\"2023-11-30T17:16:22+00:00\",\"breadcrumb\":{\"@id\":\"https:\\\/\\\/fuentesfidedignas.com.mx\\\/index.php\\\/2023\\\/11\\\/30\\\/gobernador-me-ha-pedido-en-tres-ocasiones-que-desista-de-los-amparos-que-tiene-la-uas-maduena-molina\\\/#breadcrumb\"},\"inLanguage\":\"es\",\"potentialAction\":[{\"@type\":\"ReadAction\",\"target\":[\"https:\\\/\\\/fuentesfidedignas.com.mx\\\/index.php\\\/2023\\\/11\\\/30\\\/gobernador-me-ha-pedido-en-tres-ocasiones-que-desista-de-los-amparos-que-tiene-la-uas-maduena-molina\\\/\"]}]},{\"@type\":\"ImageObject\",\"inLanguage\":\"es\",\"@id\":\"https:\\\/\\\/fuentesfidedignas.com.mx\\\/index.php\\\/2023\\\/11\\\/30\\\/gobernador-me-ha-pedido-en-tres-ocasiones-que-desista-de-los-amparos-que-tiene-la-uas-maduena-molina\\\/#primaryimage\",\"url\":\"https:\\\/\\\/fuentesfidedignas.com.mx\\\/wp-content\\\/uploads\\\/2023\\\/09\\\/rector-2809.jpeg\",\"contentUrl\":\"https:\\\/\\\/fuentesfidedignas.com.mx\\\/wp-content\\\/uploads\\\/2023\\\/09\\\/rector-2809.jpeg\",\"width\":890,\"height\":639},{\"@type\":\"BreadcrumbList\",\"@id\":\"https:\\\/\\\/fuentesfidedignas.com.mx\\\/index.php\\\/2023\\\/11\\\/30\\\/gobernador-me-ha-pedido-en-tres-ocasiones-que-desista-de-los-amparos-que-tiene-la-uas-maduena-molina\\\/#breadcrumb\",\"itemListElement\":[{\"@type\":\"ListItem\",\"position\":1,\"name\":\"Inicio\",\"item\":\"https:\\\/\\\/fuentesfidedignas.com.mx\\\/\"},{\"@type\":\"ListItem\",\"position\":2,\"name\":\"Gobernador me ha pedido en tres ocasiones que desista de los amparos que tiene la UAS: Madue\u00f1a\"}]},{\"@type\":\"WebSite\",\"@id\":\"https:\\\/\\\/fuentesfidedignas.com.mx\\\/#website\",\"url\":\"https:\\\/\\\/fuentesfidedignas.com.mx\\\/\",\"name\":\"Fuentes Fidedignas\",\"description\":\"Otro sitio realizado con WordPress\",\"publisher\":{\"@id\":\"https:\\\/\\\/fuentesfidedignas.com.mx\\\/#organization\"},\"potentialAction\":[{\"@type\":\"SearchAction\",\"target\":{\"@type\":\"EntryPoint\",\"urlTemplate\":\"https:\\\/\\\/fuentesfidedignas.com.mx\\\/?s={search_term_string}\"},\"query-input\":{\"@type\":\"PropertyValueSpecification\",\"valueRequired\":true,\"valueName\":\"search_term_string\"}}],\"inLanguage\":\"es\"},{\"@type\":\"Organization\",\"@id\":\"https:\\\/\\\/fuentesfidedignas.com.mx\\\/#organization\",\"name\":\"Fuentes Fidedignas\",\"url\":\"https:\\\/\\\/fuentesfidedignas.com.mx\\\/\",\"logo\":{\"@type\":\"ImageObject\",\"inLanguage\":\"es\",\"@id\":\"https:\\\/\\\/fuentesfidedignas.com.mx\\\/#\\\/schema\\\/logo\\\/image\\\/\",\"url\":\"https:\\\/\\\/fuentesfidedignas.com.mx\\\/wp-content\\\/uploads\\\/2021\\\/04\\\/logo-retina.png\",\"contentUrl\":\"https:\\\/\\\/fuentesfidedignas.com.mx\\\/wp-content\\\/uploads\\\/2021\\\/04\\\/logo-retina.png\",\"width\":280,\"height\":51,\"caption\":\"Fuentes Fidedignas\"},\"image\":{\"@id\":\"https:\\\/\\\/fuentesfidedignas.com.mx\\\/#\\\/schema\\\/logo\\\/image\\\/\"},\"sameAs\":[\"https:\\\/\\\/www.facebook.com\\\/Fuentes-Fidedignas-368234489921644\",\"https:\\\/\\\/x.com\\\/fidedignas\"]},{\"@type\":\"Person\",\"@id\":\"https:\\\/\\\/fuentesfidedignas.com.mx\\\/#\\\/schema\\\/person\\\/eca3ea299a55dde2ce81848259c1f6ca\",\"name\":\"Jos\u00e9 Agust\u00edn\",\"image\":{\"@type\":\"ImageObject\",\"inLanguage\":\"es\",\"@id\":\"https:\\\/\\\/secure.gravatar.com\\\/avatar\\\/68f4fc7734d52ef8bbf2bef8cba9942d1759f8791549f53363c17ce7a9ad463f?s=96&d=mm&r=g\",\"url\":\"https:\\\/\\\/secure.gravatar.com\\\/avatar\\\/68f4fc7734d52ef8bbf2bef8cba9942d1759f8791549f53363c17ce7a9ad463f?s=96&d=mm&r=g\",\"contentUrl\":\"https:\\\/\\\/secure.gravatar.com\\\/avatar\\\/68f4fc7734d52ef8bbf2bef8cba9942d1759f8791549f53363c17ce7a9ad463f?s=96&d=mm&r=g\",\"caption\":\"Jos\u00e9 Agust\u00edn\"},\"url\":\"https:\\\/\\\/fuentesfidedignas.com.mx\\\/index.php\\\/author\\\/josea\\\/\"}]}<\/script>\n<!-- \/ Yoast SEO plugin. -->","yoast_head_json":{"title":"Gobernador me ha pedido en tres ocasiones que desista de los amparos que tiene la UAS: Madue\u00f1a - Fuentes Fidedignas","robots":{"index":"index","follow":"follow","max-snippet":"max-snippet:-1","max-image-preview":"max-image-preview:large","max-video-preview":"max-video-preview:-1"},"canonical":"https:\/\/fuentesfidedignas.com.mx\/index.php\/2023\/11\/30\/gobernador-me-ha-pedido-en-tres-ocasiones-que-desista-de-los-amparos-que-tiene-la-uas-maduena-molina\/","og_locale":"es_MX","og_type":"article","og_title":"Gobernador me ha pedido en tres ocasiones que desista de los amparos que tiene la UAS: Madue\u00f1a - Fuentes Fidedignas","og_description":"Agradeci\u00f3 a la comunidad universitaria el apoyo que han brindado durante el proceso de la defensa de la autonom\u00eda. Culiac\u00e1n, Sin.- El rector titular de la Universidad Aut\u00f3noma de Sinaloa (UAS), separado temporalmente del cargo, Jes\u00fas Madue\u00f1a Molina, se\u00f1al\u00f3 que el gobernador del estado, Rub\u00e9n Rocha Moya le ha solicitado en tres ocasiones que desista [&hellip;]","og_url":"https:\/\/fuentesfidedignas.com.mx\/index.php\/2023\/11\/30\/gobernador-me-ha-pedido-en-tres-ocasiones-que-desista-de-los-amparos-que-tiene-la-uas-maduena-molina\/","og_site_name":"Fuentes Fidedignas","article_publisher":"https:\/\/www.facebook.com\/Fuentes-Fidedignas-368234489921644","article_published_time":"2023-11-30T17:15:49+00:00","article_modified_time":"2023-11-30T17:16:22+00:00","og_image":[{"width":890,"height":639,"url":"https:\/\/fuentesfidedignas.com.mx\/wp-content\/uploads\/2023\/09\/rector-2809.jpeg","type":"image\/jpeg"}],"author":"Jos\u00e9 Agust\u00edn","twitter_card":"summary_large_image","twitter_creator":"@fidedignas","twitter_site":"@fidedignas","twitter_misc":{"Escrito por":"Jos\u00e9 Agust\u00edn","Tiempo de lectura":"2 minutos"},"schema":{"@context":"https:\/\/schema.org","@graph":[{"@type":"Article","@id":"https:\/\/fuentesfidedignas.com.mx\/index.php\/2023\/11\/30\/gobernador-me-ha-pedido-en-tres-ocasiones-que-desista-de-los-amparos-que-tiene-la-uas-maduena-molina\/#article","isPartOf":{"@id":"https:\/\/fuentesfidedignas.com.mx\/index.php\/2023\/11\/30\/gobernador-me-ha-pedido-en-tres-ocasiones-que-desista-de-los-amparos-que-tiene-la-uas-maduena-molina\/"},"author":{"name":"Jos\u00e9 Agust\u00edn","@id":"https:\/\/fuentesfidedignas.com.mx\/#\/schema\/person\/eca3ea299a55dde2ce81848259c1f6ca"},"headline":"Gobernador me ha pedido en tres ocasiones que desista de los amparos que tiene la UAS: Madue\u00f1a","datePublished":"2023-11-30T17:15:49+00:00","dateModified":"2023-11-30T17:16:22+00:00","mainEntityOfPage":{"@id":"https:\/\/fuentesfidedignas.com.mx\/index.php\/2023\/11\/30\/gobernador-me-ha-pedido-en-tres-ocasiones-que-desista-de-los-amparos-que-tiene-la-uas-maduena-molina\/"},"wordCount":417,"commentCount":0,"publisher":{"@id":"https:\/\/fuentesfidedignas.com.mx\/#organization"},"image":{"@id":"https:\/\/fuentesfidedignas.com.mx\/index.php\/2023\/11\/30\/gobernador-me-ha-pedido-en-tres-ocasiones-que-desista-de-los-amparos-que-tiene-la-uas-maduena-molina\/#primaryimage"},"thumbnailUrl":"https:\/\/fuentesfidedignas.com.mx\/wp-content\/uploads\/2023\/09\/rector-2809.jpeg","articleSection":["NOTA PRINCIPAL"],"inLanguage":"es","potentialAction":[{"@type":"CommentAction","name":"Comment","target":["https:\/\/fuentesfidedignas.com.mx\/index.php\/2023\/11\/30\/gobernador-me-ha-pedido-en-tres-ocasiones-que-desista-de-los-amparos-que-tiene-la-uas-maduena-molina\/#respond"]}]},{"@type":"WebPage","@id":"https:\/\/fuentesfidedignas.com.mx\/index.php\/2023\/11\/30\/gobernador-me-ha-pedido-en-tres-ocasiones-que-desista-de-los-amparos-que-tiene-la-uas-maduena-molina\/","url":"https:\/\/fuentesfidedignas.com.mx\/index.php\/2023\/11\/30\/gobernador-me-ha-pedido-en-tres-ocasiones-que-desista-de-los-amparos-que-tiene-la-uas-maduena-molina\/","name":"Gobernador me ha pedido en tres ocasiones que desista de los amparos que tiene la UAS: Madue\u00f1a - Fuentes Fidedignas","isPartOf":{"@id":"https:\/\/fuentesfidedignas.com.mx\/#website"},"primaryImageOfPage":{"@id":"https:\/\/fuentesfidedignas.com.mx\/index.php\/2023\/11\/30\/gobernador-me-ha-pedido-en-tres-ocasiones-que-desista-de-los-amparos-que-tiene-la-uas-maduena-molina\/#primaryimage"},"image":{"@id":"https:\/\/fuentesfidedignas.com.mx\/index.php\/2023\/11\/30\/gobernador-me-ha-pedido-en-tres-ocasiones-que-desista-de-los-amparos-que-tiene-la-uas-maduena-molina\/#primaryimage"},"thumbnailUrl":"https:\/\/fuentesfidedignas.com.mx\/wp-content\/uploads\/2023\/09\/rector-2809.jpeg","datePublished":"2023-11-30T17:15:49+00:00","dateModified":"2023-11-30T17:16:22+00:00","breadcrumb":{"@id":"https:\/\/fuentesfidedignas.com.mx\/index.php\/2023\/11\/30\/gobernador-me-ha-pedido-en-tres-ocasiones-que-desista-de-los-amparos-que-tiene-la-uas-maduena-molina\/#breadcrumb"},"inLanguage":"es","potentialAction":[{"@type":"ReadAction","target":["https:\/\/fuentesfidedignas.com.mx\/index.php\/2023\/11\/30\/gobernador-me-ha-pedido-en-tres-ocasiones-que-desista-de-los-amparos-que-tiene-la-uas-maduena-molina\/"]}]},{"@type":"ImageObject","inLanguage":"es","@id":"https:\/\/fuentesfidedignas.com.mx\/index.php\/2023\/11\/30\/gobernador-me-ha-pedido-en-tres-ocasiones-que-desista-de-los-amparos-que-tiene-la-uas-maduena-molina\/#primaryimage","url":"https:\/\/fuentesfidedignas.com.mx\/wp-content\/uploads\/2023\/09\/rector-2809.jpeg","contentUrl":"https:\/\/fuentesfidedignas.com.mx\/wp-content\/uploads\/2023\/09\/rector-2809.jpeg","width":890,"height":639},{"@type":"BreadcrumbList","@id":"https:\/\/fuentesfidedignas.com.mx\/index.php\/2023\/11\/30\/gobernador-me-ha-pedido-en-tres-ocasiones-que-desista-de-los-amparos-que-tiene-la-uas-maduena-molina\/#breadcrumb","itemListElement":[{"@type":"ListItem","position":1,"name":"Inicio","item":"https:\/\/fuentesfidedignas.com.mx\/"},{"@type":"ListItem","position":2,"name":"Gobernador me ha pedido en tres ocasiones que desista de los amparos que tiene la UAS: Madue\u00f1a"}]},{"@type":"WebSite","@id":"https:\/\/fuentesfidedignas.com.mx\/#website","url":"https:\/\/fuentesfidedignas.com.mx\/","name":"Fuentes Fidedignas","description":"Otro sitio realizado con WordPress","publisher":{"@id":"https:\/\/fuentesfidedignas.com.mx\/#organization"},"potentialAction":[{"@type":"SearchAction","target":{"@type":"EntryPoint","urlTemplate":"https:\/\/fuentesfidedignas.com.mx\/?s={search_term_string}"},"query-input":{"@type":"PropertyValueSpecification","valueRequired":true,"valueName":"search_term_string"}}],"inLanguage":"es"},{"@type":"Organization","@id":"https:\/\/fuentesfidedignas.com.mx\/#organization","name":"Fuentes Fidedignas","url":"https:\/\/fuentesfidedignas.com.mx\/","logo":{"@type":"ImageObject","inLanguage":"es","@id":"https:\/\/fuentesfidedignas.com.mx\/#\/schema\/logo\/image\/","url":"https:\/\/fuentesfidedignas.com.mx\/wp-content\/uploads\/2021\/04\/logo-retina.png","contentUrl":"https:\/\/fuentesfidedignas.com.mx\/wp-content\/uploads\/2021\/04\/logo-retina.png","width":280,"height":51,"caption":"Fuentes Fidedignas"},"image":{"@id":"https:\/\/fuentesfidedignas.com.mx\/#\/schema\/logo\/image\/"},"sameAs":["https:\/\/www.facebook.com\/Fuentes-Fidedignas-368234489921644","https:\/\/x.com\/fidedignas"]},{"@type":"Person","@id":"https:\/\/fuentesfidedignas.com.mx\/#\/schema\/person\/eca3ea299a55dde2ce81848259c1f6ca","name":"Jos\u00e9 Agust\u00edn","image":{"@type":"ImageObject","inLanguage":"es","@id":"https:\/\/secure.gravatar.com\/avatar\/68f4fc7734d52ef8bbf2bef8cba9942d1759f8791549f53363c17ce7a9ad463f?s=96&d=mm&r=g","url":"https:\/\/secure.gravatar.com\/avatar\/68f4fc7734d52ef8bbf2bef8cba9942d1759f8791549f53363c17ce7a9ad463f?s=96&d=mm&r=g","contentUrl":"https:\/\/secure.gravatar.com\/avatar\/68f4fc7734d52ef8bbf2bef8cba9942d1759f8791549f53363c17ce7a9ad463f?s=96&d=mm&r=g","caption":"Jos\u00e9 Agust\u00edn"},"url":"https:\/\/fuentesfidedignas.com.mx\/index.php\/author\/josea\/"}]}},"_links":{"self":[{"href":"https:\/\/fuentesfidedignas.com.mx\/index.php\/wp-json\/wp\/v2\/posts\/67245","targetHints":{"allow":["GET"]}}],"collection":[{"href":"https:\/\/fuentesfidedignas.com.mx\/index.php\/wp-json\/wp\/v2\/posts"}],"about":[{"href":"https:\/\/fuentesfidedignas.com.mx\/index.php\/wp-json\/wp\/v2\/types\/post"}],"author":[{"embeddable":true,"href":"https:\/\/fuentesfidedignas.com.mx\/index.php\/wp-json\/wp\/v2\/users\/153"}],"replies":[{"embeddable":true,"href":"https:\/\/fuentesfidedignas.com.mx\/index.php\/wp-json\/wp\/v2\/comments?post=67245"}],"version-history":[{"count":2,"href":"https:\/\/fuentesfidedignas.com.mx\/index.php\/wp-json\/wp\/v2\/posts\/67245\/revisions"}],"predecessor-version":[{"id":67247,"href":"https:\/\/fuentesfidedignas.com.mx\/index.php\/wp-json\/wp\/v2\/posts\/67245\/revisions\/67247"}],"wp:featuredmedia":[{"embeddable":true,"href":"https:\/\/fuentesfidedignas.com.mx\/index.php\/wp-json\/wp\/v2\/media\/60655"}],"wp:attachment":[{"href":"https:\/\/fuentesfidedignas.com.mx\/index.php\/wp-json\/wp\/v2\/media?parent=67245"}],"wp:term":[{"taxonomy":"category","embeddable":true,"href":"https:\/\/fuentesfidedignas.com.mx\/index.php\/wp-json\/wp\/v2\/categories?post=67245"},{"taxonomy":"post_tag","embeddable":true,"href":"https:\/\/fuentesfidedignas.com.mx\/index.php\/wp-json\/wp\/v2\/tags?post=67245"}],"curies":[{"name":"wp","href":"https:\/\/api.w.org\/{rel}","templated":true}]}}