{"id":67226,"date":"2023-11-30T06:54:52","date_gmt":"2023-11-30T13:54:52","guid":{"rendered":"https:\/\/fuentesfidedignas.com.mx\/?p=67226"},"modified":"2023-11-30T06:54:52","modified_gmt":"2023-11-30T13:54:52","slug":"uasenos-de-sinaloa-buscan-ser-visibilizados-y-escuchados-en-la-protesta-fuera-del-congreso","status":"publish","type":"post","link":"https:\/\/fuentesfidedignas.com.mx\/index.php\/2023\/11\/30\/uasenos-de-sinaloa-buscan-ser-visibilizados-y-escuchados-en-la-protesta-fuera-del-congreso\/","title":{"rendered":"Uase\u00f1os de Sinaloa buscan ser visibilizados y escuchados en la protesta fuera del Congreso"},"content":{"rendered":"\n<p><strong><em>Fueron llegando e instal\u00e1ndose de forma pac\u00edfica para ser visibilizados y escuchados por el pueblo de Sinaloa en esta lucha por la defensa de la autonom\u00eda universitaria.<\/em><\/strong><\/p>\n\n\n\n<p>Culiac\u00e1n, Sin.- Si hay algo que caracteriza a los universitarios es la uni\u00f3n que demuestran para defender la autonom\u00eda rosalina, quedando de manifiesto una vez m\u00e1s al salir a protestar de manera pac\u00edfica frente al Congreso del Estado, a\u00fan cuando se entend\u00eda que el Segundo Informe de Labores del Gobernador Rub\u00e9n Rocha Moya fue cancelado.<\/p>\n\n\n\n<p>Contingentes de las cuatro unidades regionales, desde Escuinapa hasta Choix, fueron llegando e instal\u00e1ndose de forma pac\u00edfica para ser visibilizados y escuchados por el pueblo de Sinaloa en esta lucha por la defensa de la autonom\u00eda universitaria.<\/p>\n\n\n\n<p>Una de estas voces fue Juan Luis Montoya, docente de la unidad acad\u00e9mica de Ciencias de la Comunicaci\u00f3n, quien expres\u00f3 que, tras escuchar las declaraciones y ser catalogados de actos porriles, dijo que esta manifestaci\u00f3n frente al Congreso es una manera de ser escuchados.<\/p>\n\n\n\n<p>\u201cEsas declaraciones que hacen hay que recordarles tambi\u00e9n a ellos, a quienes se dicen de izquierda cu\u00e1ntos movimientos no hicieron, cu\u00e1ntos no dirigieron, en cu\u00e1ntos no estuvieron aqu\u00ed es una manifestaci\u00f3n pac\u00edfica serena en donde estamos acad\u00e9micos, administrativos y algunos estudiantes que tienen el sentido de pertenencia\u201d, opin\u00f3.<\/p>\n\n\n\n<p>A esta percepci\u00f3n se uni\u00f3 C\u00e9sar Osvaldo Garc\u00eda Cota, director de la Preparatoria Los Mochis, quien consider\u00f3 que, ante las embestidas y denostaciones, es importante manifestarse, por lo que pidi\u00f3 a la sociedad no tomar a mal el que no est\u00e9n en las aulas.<\/p>\n\n\n\n<p>\u201cYo creo que, en igual de estar invirtiendo el tiempo en las cuestiones nodales que son la academia, nos estamos manifestando porque tambi\u00e9n es nuestro derecho como lo establece la Constituci\u00f3n y esta es una oportunidad para manifestarnos y en ning\u00fan momento estamos violentando ni estamos siendo irrespetuosos en esta manifestaci\u00f3n\u201d, pronunci\u00f3.<\/p>\n\n\n\n<p>Ante los constantes ataques hacia las autoridades universitarias, Tania Romero, de la Facultad de Derecho y Ciencias Pol\u00edticas de Los Mochis, coincidi\u00f3 que esta manifestaci\u00f3n es s\u00f3lo para defender los derechos de la Universidad.<\/p>\n\n\n\n<p>\u201cNo es ning\u00fan ataque hacia el Gobierno, ni tampoco a la sociedad sinaloense, al contrario, buscamos tener esa autonom\u00eda, pero sobre todo que nuestra voz sea escuchada y que esta pueda replicarse no solo en el estado, sino m\u00e1s all\u00e1 y que la sociedad nos entienda y nos apoye\u201d, expres\u00f3.<\/p>\n\n\n\n<p>De la Escuela Superior de Enfermer\u00eda Mazatl\u00e1n, Alma Delia Fraire de la O, explic\u00f3 el objetivo de este movimiento, del cual lo \u00fanico que se pretende es que respete la autonom\u00eda de la Universidad.<\/p>\n\n\n\n<p>\u201cEn ning\u00fan momento estamos atacando al Gobierno del Estado \u00fanicamente estamos exigiendo que se respeten nuestros derechos como trabajadores y como Universidad; somos una gran familia, y es una Universidad hoy posicionada con altos \u00edndices de calidad y es indescriptible que hoy el Gobierno nos trate como lo est\u00e1 haciendo\u201d, se\u00f1al\u00f3.<\/p>\n\n\n\n<p>Iv\u00e1n Leyva Ruelas, docente de la unidad acad\u00e9mica de La Reforma, dijo que hist\u00f3ricamente a las universidades se les ha atacado u oprimido, y piensan que salir a manifestarse son ataques o disturbios, cuando no es as\u00ed.<\/p>\n\n\n\n<p>\u201cCuando t\u00fa atacas a la cabeza que es el Rector, el cuerpo tiene que responder y el cuerpo somos todos; es imposible que el cuerpo no se manifieste cuando hay una enfermedad y la enfermedad es el Gobierno, estamos defendiendo no solo al Rector, sino a nuestra alma m\u00e1ter que es la Universidad\u201d, comparti\u00f3.<\/p>\n","protected":false},"excerpt":{"rendered":"<p>Fueron llegando e instal\u00e1ndose de forma pac\u00edfica para ser visibilizados y escuchados por el pueblo de Sinaloa en esta lucha por la defensa de la autonom\u00eda universitaria. Culiac\u00e1n, Sin.- Si hay algo que caracteriza a los universitarios es la uni\u00f3n que demuestran para defender la autonom\u00eda rosalina, quedando de manifiesto una vez m\u00e1s al salir [&hellip;]<\/p>\n","protected":false},"author":4,"featured_media":67227,"comment_status":"open","ping_status":"open","sticky":false,"template":"","format":"standard","meta":{"tdm_status":"","tdm_grid_status":"","footnotes":""},"categories":[1],"tags":[],"class_list":{"0":"post-67226","1":"post","2":"type-post","3":"status-publish","4":"format-standard","5":"has-post-thumbnail","7":"category-sin-categoria"},"yoast_head":"<!-- This site is optimized with the Yoast SEO plugin v27.5 - https:\/\/yoast.com\/product\/yoast-seo-wordpress\/ -->\n<title>Uase\u00f1os de Sinaloa buscan ser visibilizados y escuchados en la protesta fuera del Congreso - Fuentes Fidedignas<\/title>\n<meta name=\"robots\" content=\"index, follow, max-snippet:-1, max-image-preview:large, max-video-preview:-1\" \/>\n<link rel=\"canonical\" href=\"https:\/\/fuentesfidedignas.com.mx\/index.php\/2023\/11\/30\/uasenos-de-sinaloa-buscan-ser-visibilizados-y-escuchados-en-la-protesta-fuera-del-congreso\/\" \/>\n<meta property=\"og:locale\" content=\"es_MX\" \/>\n<meta property=\"og:type\" content=\"article\" \/>\n<meta property=\"og:title\" content=\"Uase\u00f1os de Sinaloa buscan ser visibilizados y escuchados en la protesta fuera del Congreso - Fuentes Fidedignas\" \/>\n<meta property=\"og:description\" content=\"Fueron llegando e instal\u00e1ndose de forma pac\u00edfica para ser visibilizados y escuchados por el pueblo de Sinaloa en esta lucha por la defensa de la autonom\u00eda universitaria. Culiac\u00e1n, Sin.- Si hay algo que caracteriza a los universitarios es la uni\u00f3n que demuestran para defender la autonom\u00eda rosalina, quedando de manifiesto una vez m\u00e1s al salir [&hellip;]\" \/>\n<meta property=\"og:url\" content=\"https:\/\/fuentesfidedignas.com.mx\/index.php\/2023\/11\/30\/uasenos-de-sinaloa-buscan-ser-visibilizados-y-escuchados-en-la-protesta-fuera-del-congreso\/\" \/>\n<meta property=\"og:site_name\" content=\"Fuentes Fidedignas\" \/>\n<meta property=\"article:publisher\" content=\"https:\/\/www.facebook.com\/Fuentes-Fidedignas-368234489921644\" \/>\n<meta property=\"article:published_time\" content=\"2023-11-30T13:54:52+00:00\" \/>\n<meta property=\"og:image\" content=\"https:\/\/fuentesfidedignas.com.mx\/wp-content\/uploads\/2023\/11\/universitarios-2.jpg\" \/>\n\t<meta property=\"og:image:width\" content=\"1280\" \/>\n\t<meta property=\"og:image:height\" content=\"853\" \/>\n\t<meta property=\"og:image:type\" content=\"image\/jpeg\" \/>\n<meta name=\"author\" content=\"Redacci\u00f3n\" \/>\n<meta name=\"twitter:card\" content=\"summary_large_image\" \/>\n<meta name=\"twitter:creator\" content=\"@fidedignas\" \/>\n<meta name=\"twitter:site\" content=\"@fidedignas\" \/>\n<meta name=\"twitter:label1\" content=\"Escrito por\" \/>\n\t<meta name=\"twitter:data1\" content=\"Redacci\u00f3n\" \/>\n\t<meta name=\"twitter:label2\" content=\"Tiempo de lectura\" \/>\n\t<meta name=\"twitter:data2\" content=\"3 minutos\" \/>\n<script type=\"application\/ld+json\" class=\"yoast-schema-graph\">{\"@context\":\"https:\\\/\\\/schema.org\",\"@graph\":[{\"@type\":\"Article\",\"@id\":\"https:\\\/\\\/fuentesfidedignas.com.mx\\\/index.php\\\/2023\\\/11\\\/30\\\/uasenos-de-sinaloa-buscan-ser-visibilizados-y-escuchados-en-la-protesta-fuera-del-congreso\\\/#article\",\"isPartOf\":{\"@id\":\"https:\\\/\\\/fuentesfidedignas.com.mx\\\/index.php\\\/2023\\\/11\\\/30\\\/uasenos-de-sinaloa-buscan-ser-visibilizados-y-escuchados-en-la-protesta-fuera-del-congreso\\\/\"},\"author\":{\"name\":\"Redacci\u00f3n\",\"@id\":\"https:\\\/\\\/fuentesfidedignas.com.mx\\\/#\\\/schema\\\/person\\\/331be9283d37198e2acd5750279085b0\"},\"headline\":\"Uase\u00f1os de Sinaloa buscan ser visibilizados y escuchados en la protesta fuera del Congreso\",\"datePublished\":\"2023-11-30T13:54:52+00:00\",\"mainEntityOfPage\":{\"@id\":\"https:\\\/\\\/fuentesfidedignas.com.mx\\\/index.php\\\/2023\\\/11\\\/30\\\/uasenos-de-sinaloa-buscan-ser-visibilizados-y-escuchados-en-la-protesta-fuera-del-congreso\\\/\"},\"wordCount\":630,\"commentCount\":0,\"publisher\":{\"@id\":\"https:\\\/\\\/fuentesfidedignas.com.mx\\\/#organization\"},\"image\":{\"@id\":\"https:\\\/\\\/fuentesfidedignas.com.mx\\\/index.php\\\/2023\\\/11\\\/30\\\/uasenos-de-sinaloa-buscan-ser-visibilizados-y-escuchados-en-la-protesta-fuera-del-congreso\\\/#primaryimage\"},\"thumbnailUrl\":\"https:\\\/\\\/fuentesfidedignas.com.mx\\\/wp-content\\\/uploads\\\/2023\\\/11\\\/universitarios-2.jpg\",\"inLanguage\":\"es\",\"potentialAction\":[{\"@type\":\"CommentAction\",\"name\":\"Comment\",\"target\":[\"https:\\\/\\\/fuentesfidedignas.com.mx\\\/index.php\\\/2023\\\/11\\\/30\\\/uasenos-de-sinaloa-buscan-ser-visibilizados-y-escuchados-en-la-protesta-fuera-del-congreso\\\/#respond\"]}]},{\"@type\":\"WebPage\",\"@id\":\"https:\\\/\\\/fuentesfidedignas.com.mx\\\/index.php\\\/2023\\\/11\\\/30\\\/uasenos-de-sinaloa-buscan-ser-visibilizados-y-escuchados-en-la-protesta-fuera-del-congreso\\\/\",\"url\":\"https:\\\/\\\/fuentesfidedignas.com.mx\\\/index.php\\\/2023\\\/11\\\/30\\\/uasenos-de-sinaloa-buscan-ser-visibilizados-y-escuchados-en-la-protesta-fuera-del-congreso\\\/\",\"name\":\"Uase\u00f1os de Sinaloa buscan ser visibilizados y escuchados en la protesta fuera del Congreso - Fuentes Fidedignas\",\"isPartOf\":{\"@id\":\"https:\\\/\\\/fuentesfidedignas.com.mx\\\/#website\"},\"primaryImageOfPage\":{\"@id\":\"https:\\\/\\\/fuentesfidedignas.com.mx\\\/index.php\\\/2023\\\/11\\\/30\\\/uasenos-de-sinaloa-buscan-ser-visibilizados-y-escuchados-en-la-protesta-fuera-del-congreso\\\/#primaryimage\"},\"image\":{\"@id\":\"https:\\\/\\\/fuentesfidedignas.com.mx\\\/index.php\\\/2023\\\/11\\\/30\\\/uasenos-de-sinaloa-buscan-ser-visibilizados-y-escuchados-en-la-protesta-fuera-del-congreso\\\/#primaryimage\"},\"thumbnailUrl\":\"https:\\\/\\\/fuentesfidedignas.com.mx\\\/wp-content\\\/uploads\\\/2023\\\/11\\\/universitarios-2.jpg\",\"datePublished\":\"2023-11-30T13:54:52+00:00\",\"breadcrumb\":{\"@id\":\"https:\\\/\\\/fuentesfidedignas.com.mx\\\/index.php\\\/2023\\\/11\\\/30\\\/uasenos-de-sinaloa-buscan-ser-visibilizados-y-escuchados-en-la-protesta-fuera-del-congreso\\\/#breadcrumb\"},\"inLanguage\":\"es\",\"potentialAction\":[{\"@type\":\"ReadAction\",\"target\":[\"https:\\\/\\\/fuentesfidedignas.com.mx\\\/index.php\\\/2023\\\/11\\\/30\\\/uasenos-de-sinaloa-buscan-ser-visibilizados-y-escuchados-en-la-protesta-fuera-del-congreso\\\/\"]}]},{\"@type\":\"ImageObject\",\"inLanguage\":\"es\",\"@id\":\"https:\\\/\\\/fuentesfidedignas.com.mx\\\/index.php\\\/2023\\\/11\\\/30\\\/uasenos-de-sinaloa-buscan-ser-visibilizados-y-escuchados-en-la-protesta-fuera-del-congreso\\\/#primaryimage\",\"url\":\"https:\\\/\\\/fuentesfidedignas.com.mx\\\/wp-content\\\/uploads\\\/2023\\\/11\\\/universitarios-2.jpg\",\"contentUrl\":\"https:\\\/\\\/fuentesfidedignas.com.mx\\\/wp-content\\\/uploads\\\/2023\\\/11\\\/universitarios-2.jpg\",\"width\":1280,\"height\":853},{\"@type\":\"BreadcrumbList\",\"@id\":\"https:\\\/\\\/fuentesfidedignas.com.mx\\\/index.php\\\/2023\\\/11\\\/30\\\/uasenos-de-sinaloa-buscan-ser-visibilizados-y-escuchados-en-la-protesta-fuera-del-congreso\\\/#breadcrumb\",\"itemListElement\":[{\"@type\":\"ListItem\",\"position\":1,\"name\":\"Inicio\",\"item\":\"https:\\\/\\\/fuentesfidedignas.com.mx\\\/\"},{\"@type\":\"ListItem\",\"position\":2,\"name\":\"Uase\u00f1os de Sinaloa buscan ser visibilizados y escuchados en la protesta fuera del Congreso\"}]},{\"@type\":\"WebSite\",\"@id\":\"https:\\\/\\\/fuentesfidedignas.com.mx\\\/#website\",\"url\":\"https:\\\/\\\/fuentesfidedignas.com.mx\\\/\",\"name\":\"Fuentes Fidedignas\",\"description\":\"Otro sitio realizado con WordPress\",\"publisher\":{\"@id\":\"https:\\\/\\\/fuentesfidedignas.com.mx\\\/#organization\"},\"potentialAction\":[{\"@type\":\"SearchAction\",\"target\":{\"@type\":\"EntryPoint\",\"urlTemplate\":\"https:\\\/\\\/fuentesfidedignas.com.mx\\\/?s={search_term_string}\"},\"query-input\":{\"@type\":\"PropertyValueSpecification\",\"valueRequired\":true,\"valueName\":\"search_term_string\"}}],\"inLanguage\":\"es\"},{\"@type\":\"Organization\",\"@id\":\"https:\\\/\\\/fuentesfidedignas.com.mx\\\/#organization\",\"name\":\"Fuentes Fidedignas\",\"url\":\"https:\\\/\\\/fuentesfidedignas.com.mx\\\/\",\"logo\":{\"@type\":\"ImageObject\",\"inLanguage\":\"es\",\"@id\":\"https:\\\/\\\/fuentesfidedignas.com.mx\\\/#\\\/schema\\\/logo\\\/image\\\/\",\"url\":\"https:\\\/\\\/fuentesfidedignas.com.mx\\\/wp-content\\\/uploads\\\/2021\\\/04\\\/logo-retina.png\",\"contentUrl\":\"https:\\\/\\\/fuentesfidedignas.com.mx\\\/wp-content\\\/uploads\\\/2021\\\/04\\\/logo-retina.png\",\"width\":280,\"height\":51,\"caption\":\"Fuentes Fidedignas\"},\"image\":{\"@id\":\"https:\\\/\\\/fuentesfidedignas.com.mx\\\/#\\\/schema\\\/logo\\\/image\\\/\"},\"sameAs\":[\"https:\\\/\\\/www.facebook.com\\\/Fuentes-Fidedignas-368234489921644\",\"https:\\\/\\\/x.com\\\/fidedignas\"]},{\"@type\":\"Person\",\"@id\":\"https:\\\/\\\/fuentesfidedignas.com.mx\\\/#\\\/schema\\\/person\\\/331be9283d37198e2acd5750279085b0\",\"name\":\"Redacci\u00f3n\",\"image\":{\"@type\":\"ImageObject\",\"inLanguage\":\"es\",\"@id\":\"https:\\\/\\\/secure.gravatar.com\\\/avatar\\\/f6d8782c11d12b2d4ad3fbb6931aeab5309937a4d6cd2fc9cfaa28a6396a5aec?s=96&d=mm&r=g\",\"url\":\"https:\\\/\\\/secure.gravatar.com\\\/avatar\\\/f6d8782c11d12b2d4ad3fbb6931aeab5309937a4d6cd2fc9cfaa28a6396a5aec?s=96&d=mm&r=g\",\"contentUrl\":\"https:\\\/\\\/secure.gravatar.com\\\/avatar\\\/f6d8782c11d12b2d4ad3fbb6931aeab5309937a4d6cd2fc9cfaa28a6396a5aec?s=96&d=mm&r=g\",\"caption\":\"Redacci\u00f3n\"},\"url\":\"https:\\\/\\\/fuentesfidedignas.com.mx\\\/index.php\\\/author\\\/redaccion\\\/\"}]}<\/script>\n<!-- \/ Yoast SEO plugin. -->","yoast_head_json":{"title":"Uase\u00f1os de Sinaloa buscan ser visibilizados y escuchados en la protesta fuera del Congreso - Fuentes Fidedignas","robots":{"index":"index","follow":"follow","max-snippet":"max-snippet:-1","max-image-preview":"max-image-preview:large","max-video-preview":"max-video-preview:-1"},"canonical":"https:\/\/fuentesfidedignas.com.mx\/index.php\/2023\/11\/30\/uasenos-de-sinaloa-buscan-ser-visibilizados-y-escuchados-en-la-protesta-fuera-del-congreso\/","og_locale":"es_MX","og_type":"article","og_title":"Uase\u00f1os de Sinaloa buscan ser visibilizados y escuchados en la protesta fuera del Congreso - Fuentes Fidedignas","og_description":"Fueron llegando e instal\u00e1ndose de forma pac\u00edfica para ser visibilizados y escuchados por el pueblo de Sinaloa en esta lucha por la defensa de la autonom\u00eda universitaria. Culiac\u00e1n, Sin.- Si hay algo que caracteriza a los universitarios es la uni\u00f3n que demuestran para defender la autonom\u00eda rosalina, quedando de manifiesto una vez m\u00e1s al salir [&hellip;]","og_url":"https:\/\/fuentesfidedignas.com.mx\/index.php\/2023\/11\/30\/uasenos-de-sinaloa-buscan-ser-visibilizados-y-escuchados-en-la-protesta-fuera-del-congreso\/","og_site_name":"Fuentes Fidedignas","article_publisher":"https:\/\/www.facebook.com\/Fuentes-Fidedignas-368234489921644","article_published_time":"2023-11-30T13:54:52+00:00","og_image":[{"width":1280,"height":853,"url":"https:\/\/fuentesfidedignas.com.mx\/wp-content\/uploads\/2023\/11\/universitarios-2.jpg","type":"image\/jpeg"}],"author":"Redacci\u00f3n","twitter_card":"summary_large_image","twitter_creator":"@fidedignas","twitter_site":"@fidedignas","twitter_misc":{"Escrito por":"Redacci\u00f3n","Tiempo de lectura":"3 minutos"},"schema":{"@context":"https:\/\/schema.org","@graph":[{"@type":"Article","@id":"https:\/\/fuentesfidedignas.com.mx\/index.php\/2023\/11\/30\/uasenos-de-sinaloa-buscan-ser-visibilizados-y-escuchados-en-la-protesta-fuera-del-congreso\/#article","isPartOf":{"@id":"https:\/\/fuentesfidedignas.com.mx\/index.php\/2023\/11\/30\/uasenos-de-sinaloa-buscan-ser-visibilizados-y-escuchados-en-la-protesta-fuera-del-congreso\/"},"author":{"name":"Redacci\u00f3n","@id":"https:\/\/fuentesfidedignas.com.mx\/#\/schema\/person\/331be9283d37198e2acd5750279085b0"},"headline":"Uase\u00f1os de Sinaloa buscan ser visibilizados y escuchados en la protesta fuera del Congreso","datePublished":"2023-11-30T13:54:52+00:00","mainEntityOfPage":{"@id":"https:\/\/fuentesfidedignas.com.mx\/index.php\/2023\/11\/30\/uasenos-de-sinaloa-buscan-ser-visibilizados-y-escuchados-en-la-protesta-fuera-del-congreso\/"},"wordCount":630,"commentCount":0,"publisher":{"@id":"https:\/\/fuentesfidedignas.com.mx\/#organization"},"image":{"@id":"https:\/\/fuentesfidedignas.com.mx\/index.php\/2023\/11\/30\/uasenos-de-sinaloa-buscan-ser-visibilizados-y-escuchados-en-la-protesta-fuera-del-congreso\/#primaryimage"},"thumbnailUrl":"https:\/\/fuentesfidedignas.com.mx\/wp-content\/uploads\/2023\/11\/universitarios-2.jpg","inLanguage":"es","potentialAction":[{"@type":"CommentAction","name":"Comment","target":["https:\/\/fuentesfidedignas.com.mx\/index.php\/2023\/11\/30\/uasenos-de-sinaloa-buscan-ser-visibilizados-y-escuchados-en-la-protesta-fuera-del-congreso\/#respond"]}]},{"@type":"WebPage","@id":"https:\/\/fuentesfidedignas.com.mx\/index.php\/2023\/11\/30\/uasenos-de-sinaloa-buscan-ser-visibilizados-y-escuchados-en-la-protesta-fuera-del-congreso\/","url":"https:\/\/fuentesfidedignas.com.mx\/index.php\/2023\/11\/30\/uasenos-de-sinaloa-buscan-ser-visibilizados-y-escuchados-en-la-protesta-fuera-del-congreso\/","name":"Uase\u00f1os de Sinaloa buscan ser visibilizados y escuchados en la protesta fuera del Congreso - Fuentes Fidedignas","isPartOf":{"@id":"https:\/\/fuentesfidedignas.com.mx\/#website"},"primaryImageOfPage":{"@id":"https:\/\/fuentesfidedignas.com.mx\/index.php\/2023\/11\/30\/uasenos-de-sinaloa-buscan-ser-visibilizados-y-escuchados-en-la-protesta-fuera-del-congreso\/#primaryimage"},"image":{"@id":"https:\/\/fuentesfidedignas.com.mx\/index.php\/2023\/11\/30\/uasenos-de-sinaloa-buscan-ser-visibilizados-y-escuchados-en-la-protesta-fuera-del-congreso\/#primaryimage"},"thumbnailUrl":"https:\/\/fuentesfidedignas.com.mx\/wp-content\/uploads\/2023\/11\/universitarios-2.jpg","datePublished":"2023-11-30T13:54:52+00:00","breadcrumb":{"@id":"https:\/\/fuentesfidedignas.com.mx\/index.php\/2023\/11\/30\/uasenos-de-sinaloa-buscan-ser-visibilizados-y-escuchados-en-la-protesta-fuera-del-congreso\/#breadcrumb"},"inLanguage":"es","potentialAction":[{"@type":"ReadAction","target":["https:\/\/fuentesfidedignas.com.mx\/index.php\/2023\/11\/30\/uasenos-de-sinaloa-buscan-ser-visibilizados-y-escuchados-en-la-protesta-fuera-del-congreso\/"]}]},{"@type":"ImageObject","inLanguage":"es","@id":"https:\/\/fuentesfidedignas.com.mx\/index.php\/2023\/11\/30\/uasenos-de-sinaloa-buscan-ser-visibilizados-y-escuchados-en-la-protesta-fuera-del-congreso\/#primaryimage","url":"https:\/\/fuentesfidedignas.com.mx\/wp-content\/uploads\/2023\/11\/universitarios-2.jpg","contentUrl":"https:\/\/fuentesfidedignas.com.mx\/wp-content\/uploads\/2023\/11\/universitarios-2.jpg","width":1280,"height":853},{"@type":"BreadcrumbList","@id":"https:\/\/fuentesfidedignas.com.mx\/index.php\/2023\/11\/30\/uasenos-de-sinaloa-buscan-ser-visibilizados-y-escuchados-en-la-protesta-fuera-del-congreso\/#breadcrumb","itemListElement":[{"@type":"ListItem","position":1,"name":"Inicio","item":"https:\/\/fuentesfidedignas.com.mx\/"},{"@type":"ListItem","position":2,"name":"Uase\u00f1os de Sinaloa buscan ser visibilizados y escuchados en la protesta fuera del Congreso"}]},{"@type":"WebSite","@id":"https:\/\/fuentesfidedignas.com.mx\/#website","url":"https:\/\/fuentesfidedignas.com.mx\/","name":"Fuentes Fidedignas","description":"Otro sitio realizado con WordPress","publisher":{"@id":"https:\/\/fuentesfidedignas.com.mx\/#organization"},"potentialAction":[{"@type":"SearchAction","target":{"@type":"EntryPoint","urlTemplate":"https:\/\/fuentesfidedignas.com.mx\/?s={search_term_string}"},"query-input":{"@type":"PropertyValueSpecification","valueRequired":true,"valueName":"search_term_string"}}],"inLanguage":"es"},{"@type":"Organization","@id":"https:\/\/fuentesfidedignas.com.mx\/#organization","name":"Fuentes Fidedignas","url":"https:\/\/fuentesfidedignas.com.mx\/","logo":{"@type":"ImageObject","inLanguage":"es","@id":"https:\/\/fuentesfidedignas.com.mx\/#\/schema\/logo\/image\/","url":"https:\/\/fuentesfidedignas.com.mx\/wp-content\/uploads\/2021\/04\/logo-retina.png","contentUrl":"https:\/\/fuentesfidedignas.com.mx\/wp-content\/uploads\/2021\/04\/logo-retina.png","width":280,"height":51,"caption":"Fuentes Fidedignas"},"image":{"@id":"https:\/\/fuentesfidedignas.com.mx\/#\/schema\/logo\/image\/"},"sameAs":["https:\/\/www.facebook.com\/Fuentes-Fidedignas-368234489921644","https:\/\/x.com\/fidedignas"]},{"@type":"Person","@id":"https:\/\/fuentesfidedignas.com.mx\/#\/schema\/person\/331be9283d37198e2acd5750279085b0","name":"Redacci\u00f3n","image":{"@type":"ImageObject","inLanguage":"es","@id":"https:\/\/secure.gravatar.com\/avatar\/f6d8782c11d12b2d4ad3fbb6931aeab5309937a4d6cd2fc9cfaa28a6396a5aec?s=96&d=mm&r=g","url":"https:\/\/secure.gravatar.com\/avatar\/f6d8782c11d12b2d4ad3fbb6931aeab5309937a4d6cd2fc9cfaa28a6396a5aec?s=96&d=mm&r=g","contentUrl":"https:\/\/secure.gravatar.com\/avatar\/f6d8782c11d12b2d4ad3fbb6931aeab5309937a4d6cd2fc9cfaa28a6396a5aec?s=96&d=mm&r=g","caption":"Redacci\u00f3n"},"url":"https:\/\/fuentesfidedignas.com.mx\/index.php\/author\/redaccion\/"}]}},"_links":{"self":[{"href":"https:\/\/fuentesfidedignas.com.mx\/index.php\/wp-json\/wp\/v2\/posts\/67226","targetHints":{"allow":["GET"]}}],"collection":[{"href":"https:\/\/fuentesfidedignas.com.mx\/index.php\/wp-json\/wp\/v2\/posts"}],"about":[{"href":"https:\/\/fuentesfidedignas.com.mx\/index.php\/wp-json\/wp\/v2\/types\/post"}],"author":[{"embeddable":true,"href":"https:\/\/fuentesfidedignas.com.mx\/index.php\/wp-json\/wp\/v2\/users\/4"}],"replies":[{"embeddable":true,"href":"https:\/\/fuentesfidedignas.com.mx\/index.php\/wp-json\/wp\/v2\/comments?post=67226"}],"version-history":[{"count":1,"href":"https:\/\/fuentesfidedignas.com.mx\/index.php\/wp-json\/wp\/v2\/posts\/67226\/revisions"}],"predecessor-version":[{"id":67228,"href":"https:\/\/fuentesfidedignas.com.mx\/index.php\/wp-json\/wp\/v2\/posts\/67226\/revisions\/67228"}],"wp:featuredmedia":[{"embeddable":true,"href":"https:\/\/fuentesfidedignas.com.mx\/index.php\/wp-json\/wp\/v2\/media\/67227"}],"wp:attachment":[{"href":"https:\/\/fuentesfidedignas.com.mx\/index.php\/wp-json\/wp\/v2\/media?parent=67226"}],"wp:term":[{"taxonomy":"category","embeddable":true,"href":"https:\/\/fuentesfidedignas.com.mx\/index.php\/wp-json\/wp\/v2\/categories?post=67226"},{"taxonomy":"post_tag","embeddable":true,"href":"https:\/\/fuentesfidedignas.com.mx\/index.php\/wp-json\/wp\/v2\/tags?post=67226"}],"curies":[{"name":"wp","href":"https:\/\/api.w.org\/{rel}","templated":true}]}}