{"id":67127,"date":"2023-11-29T07:26:20","date_gmt":"2023-11-29T14:26:20","guid":{"rendered":"https:\/\/fuentesfidedignas.com.mx\/?p=67127"},"modified":"2023-11-29T06:46:45","modified_gmt":"2023-11-29T13:46:45","slug":"samuel-garcia-agradece-a-su-compadre-elon-musk-por-haberle-cerrado-x-a-fox-da-pena-ajena","status":"publish","type":"post","link":"https:\/\/fuentesfidedignas.com.mx\/index.php\/2023\/11\/29\/samuel-garcia-agradece-a-su-compadre-elon-musk-por-haberle-cerrado-x-a-fox-da-pena-ajena\/","title":{"rendered":"Samuel Garc\u00eda agradece a \u201csu compadre\u201d Elon Musk por haberle cerrado X a Fox: \u201cDa pena ajena\u201d"},"content":{"rendered":"\n<p><strong><em>El aspirante a la presidencia dijo que Fox se hab\u00eda dirigido de manera sexista a su esposa porque la mariguana lo hab\u00eda dejado \u201ctodo noqueado\u201d<\/em><\/strong><\/p>\n\n\n\n<p>Samuel Garc\u00eda, precandidato \u00fanico a la presidencia de M\u00e9xico en las elecciones del 2024 por el partido Movimiento Ciudadano (MC), agradeci\u00f3 al empresario sudafricano Elon Musk, quien es due\u00f1o de la red social X, por supuestamente dar de baja la cuenta del expresidente panista Vicente Fox Quesada, esto luego de haber agredido por la misma a su esposa Mariana Rodr\u00edguez, a quien calific\u00f3 de \u201cdama de compa\u00f1\u00eda\u201d.<\/p>\n\n\n\n<p>Garc\u00eda dijo que qu\u00e9 bueno que su \u201ccompadre\u201d Elon Musk hab\u00eda cerrado la cuenta de Fox, pues daba pena ajena a M\u00e9xico, adem\u00e1s de hacer un llamado a X\u00f3chitl G\u00e1lvez, precandidata del Frente Amplio por M\u00e9xico (FAM). \u201cQu\u00e9 bueno que ya mi compadre Musk se la quit\u00f3 porque le daba pena ajena a M\u00e9xico ese se\u00f1or. Hoy invito a X\u00f3chitl a que en lugar de poner a sus bots del PRIAN a atacar, pues que hagan una campa\u00f1a alegre, todos los d\u00edas los d\u00edas se equivocan\u201d, se\u00f1al\u00f3 en entrevista con medios de comunicaci\u00f3n, tras salir de la reuni\u00f3n con empresarios del gremio tur\u00edstico, en Tequila, Jalisco, el pasado martes.<\/p>\n\n\n\n<p>Sin embargo, el gobernador de Nuevo Le\u00f3n fue duramente criticado en redes sociales, pues usuarios de X se\u00f1alaron como estigmatizante para los consumidores de cannabis uno de sus comentarios, ya que Garc\u00eda Sep\u00falveda indic\u00f3 que Fox se dirigi\u00f3 de forma sexista a su esposa porque \u201cla mariguana lo dej\u00f3 noqueado\u201d.<\/p>\n\n\n\n<p>\u201cPena ajena, que un expresidente que trae la investidura de expresidente, lo vieran de fuera de M\u00e9xico de decir babosada tras babosada, porque yo creo que ya la marihuana lo dej\u00f3 completamente noqueado\u201d, se\u00f1al\u00f3.<\/p>\n\n\n\n<p><strong>\u00bfQu\u00e9 fue lo que le dijo Fox a Mariana Rodr\u00edguez?<\/strong><br>Hace unos d\u00edas, el expresidente Vicente Fox Quesada us\u00f3 su cuenta de la red social X para ofender a la esposa de Samuel Garc\u00eda, tras llamarla \u201cdama de compa\u00f1\u00eda\u201d del aspirante presidencial. Tras esto, fue severamente criticado, incluso por X\u00f3chitl G\u00e1lvez, a quien Fox ha mostrado su apoyo en su contienda para llegar a la presidencia en 2024.<\/p>\n\n\n\n<p>Mariana Rodr\u00edguez tambi\u00e9n le respondi\u00f3 a Fox, se\u00f1alando que \u201cse\u00f1or, no soy una dama de compa\u00f1\u00eda. Soy una mujer, soy licenciada, soy empresaria, soy esposa y soy madre. No le permito que me hable as\u00ed a m\u00ed, ni a ninguna otra mujer (\u2026) Lo que usted hizo, se llama violencia. Por cierto, hoy es el D\u00eda Internacional de la Violencia contra las Mujeres y las ni\u00f1as. T\u00f3mela en cuenta\u201d.<\/p>\n\n\n\n<p>Tras las cr\u00edticas que recibi\u00f3 el expresidente, su cuenta de X fue eliminada, sin embargo, Fox dijo que \u00e9l no la cerr\u00f3 y que se la hab\u00edan cerrado sin ning\u00fan aviso y de manera \u201carbitraria\u201d.<\/p>\n","protected":false},"excerpt":{"rendered":"<p>El aspirante a la presidencia dijo que Fox se hab\u00eda dirigido de manera sexista a su esposa porque la mariguana lo hab\u00eda dejado \u201ctodo noqueado\u201d Samuel Garc\u00eda, precandidato \u00fanico a la presidencia de M\u00e9xico en las elecciones del 2024 por el partido Movimiento Ciudadano (MC), agradeci\u00f3 al empresario sudafricano Elon Musk, quien es due\u00f1o de [&hellip;]<\/p>\n","protected":false},"author":41,"featured_media":67128,"comment_status":"open","ping_status":"open","sticky":false,"template":"","format":"standard","meta":{"tdm_status":"","tdm_grid_status":"","footnotes":""},"categories":[39],"tags":[],"class_list":{"0":"post-67127","1":"post","2":"type-post","3":"status-publish","4":"format-standard","5":"has-post-thumbnail","7":"category-noticias-nacionales"},"yoast_head":"<!-- This site is optimized with the Yoast SEO plugin v27.4 - https:\/\/yoast.com\/product\/yoast-seo-wordpress\/ -->\n<title>Samuel Garc\u00eda agradece a \u201csu compadre\u201d Elon Musk por haberle cerrado X a Fox: \u201cDa pena ajena\u201d - Fuentes Fidedignas<\/title>\n<meta name=\"robots\" content=\"index, follow, max-snippet:-1, max-image-preview:large, max-video-preview:-1\" \/>\n<link rel=\"canonical\" href=\"https:\/\/fuentesfidedignas.com.mx\/index.php\/2023\/11\/29\/samuel-garcia-agradece-a-su-compadre-elon-musk-por-haberle-cerrado-x-a-fox-da-pena-ajena\/\" \/>\n<meta property=\"og:locale\" content=\"es_MX\" \/>\n<meta property=\"og:type\" content=\"article\" \/>\n<meta property=\"og:title\" content=\"Samuel Garc\u00eda agradece a \u201csu compadre\u201d Elon Musk por haberle cerrado X a Fox: \u201cDa pena ajena\u201d - Fuentes Fidedignas\" \/>\n<meta property=\"og:description\" content=\"El aspirante a la presidencia dijo que Fox se hab\u00eda dirigido de manera sexista a su esposa porque la mariguana lo hab\u00eda dejado \u201ctodo noqueado\u201d Samuel Garc\u00eda, precandidato \u00fanico a la presidencia de M\u00e9xico en las elecciones del 2024 por el partido Movimiento Ciudadano (MC), agradeci\u00f3 al empresario sudafricano Elon Musk, quien es due\u00f1o de [&hellip;]\" \/>\n<meta property=\"og:url\" content=\"https:\/\/fuentesfidedignas.com.mx\/index.php\/2023\/11\/29\/samuel-garcia-agradece-a-su-compadre-elon-musk-por-haberle-cerrado-x-a-fox-da-pena-ajena\/\" \/>\n<meta property=\"og:site_name\" content=\"Fuentes Fidedignas\" \/>\n<meta property=\"article:publisher\" content=\"https:\/\/www.facebook.com\/Fuentes-Fidedignas-368234489921644\" \/>\n<meta property=\"article:published_time\" content=\"2023-11-29T14:26:20+00:00\" \/>\n<meta property=\"og:image\" content=\"https:\/\/fuentesfidedignas.com.mx\/wp-content\/uploads\/2023\/11\/ELON_SAMUEL.jpg\" \/>\n\t<meta property=\"og:image:width\" content=\"1059\" \/>\n\t<meta property=\"og:image:height\" content=\"597\" \/>\n\t<meta property=\"og:image:type\" content=\"image\/jpeg\" \/>\n<meta name=\"author\" content=\"Infobae\" \/>\n<meta name=\"twitter:card\" content=\"summary_large_image\" \/>\n<meta name=\"twitter:creator\" content=\"@fidedignas\" \/>\n<meta name=\"twitter:site\" content=\"@fidedignas\" \/>\n<meta name=\"twitter:label1\" content=\"Escrito por\" \/>\n\t<meta name=\"twitter:data1\" content=\"Infobae\" \/>\n\t<meta name=\"twitter:label2\" content=\"Tiempo de lectura\" \/>\n\t<meta name=\"twitter:data2\" content=\"3 minutos\" \/>\n<script type=\"application\/ld+json\" class=\"yoast-schema-graph\">{\"@context\":\"https:\\\/\\\/schema.org\",\"@graph\":[{\"@type\":\"Article\",\"@id\":\"https:\\\/\\\/fuentesfidedignas.com.mx\\\/index.php\\\/2023\\\/11\\\/29\\\/samuel-garcia-agradece-a-su-compadre-elon-musk-por-haberle-cerrado-x-a-fox-da-pena-ajena\\\/#article\",\"isPartOf\":{\"@id\":\"https:\\\/\\\/fuentesfidedignas.com.mx\\\/index.php\\\/2023\\\/11\\\/29\\\/samuel-garcia-agradece-a-su-compadre-elon-musk-por-haberle-cerrado-x-a-fox-da-pena-ajena\\\/\"},\"author\":{\"name\":\"Infobae\",\"@id\":\"https:\\\/\\\/fuentesfidedignas.com.mx\\\/#\\\/schema\\\/person\\\/8575896a7c1067d352f6c1cd6582c389\"},\"headline\":\"Samuel Garc\u00eda agradece a \u201csu compadre\u201d Elon Musk por haberle cerrado X a Fox: \u201cDa pena ajena\u201d\",\"datePublished\":\"2023-11-29T14:26:20+00:00\",\"mainEntityOfPage\":{\"@id\":\"https:\\\/\\\/fuentesfidedignas.com.mx\\\/index.php\\\/2023\\\/11\\\/29\\\/samuel-garcia-agradece-a-su-compadre-elon-musk-por-haberle-cerrado-x-a-fox-da-pena-ajena\\\/\"},\"wordCount\":519,\"commentCount\":0,\"publisher\":{\"@id\":\"https:\\\/\\\/fuentesfidedignas.com.mx\\\/#organization\"},\"image\":{\"@id\":\"https:\\\/\\\/fuentesfidedignas.com.mx\\\/index.php\\\/2023\\\/11\\\/29\\\/samuel-garcia-agradece-a-su-compadre-elon-musk-por-haberle-cerrado-x-a-fox-da-pena-ajena\\\/#primaryimage\"},\"thumbnailUrl\":\"https:\\\/\\\/fuentesfidedignas.com.mx\\\/wp-content\\\/uploads\\\/2023\\\/11\\\/ELON_SAMUEL.jpg\",\"articleSection\":[\"NOTICIAS NACIONALES\"],\"inLanguage\":\"es\",\"potentialAction\":[{\"@type\":\"CommentAction\",\"name\":\"Comment\",\"target\":[\"https:\\\/\\\/fuentesfidedignas.com.mx\\\/index.php\\\/2023\\\/11\\\/29\\\/samuel-garcia-agradece-a-su-compadre-elon-musk-por-haberle-cerrado-x-a-fox-da-pena-ajena\\\/#respond\"]}]},{\"@type\":\"WebPage\",\"@id\":\"https:\\\/\\\/fuentesfidedignas.com.mx\\\/index.php\\\/2023\\\/11\\\/29\\\/samuel-garcia-agradece-a-su-compadre-elon-musk-por-haberle-cerrado-x-a-fox-da-pena-ajena\\\/\",\"url\":\"https:\\\/\\\/fuentesfidedignas.com.mx\\\/index.php\\\/2023\\\/11\\\/29\\\/samuel-garcia-agradece-a-su-compadre-elon-musk-por-haberle-cerrado-x-a-fox-da-pena-ajena\\\/\",\"name\":\"Samuel Garc\u00eda agradece a \u201csu compadre\u201d Elon Musk por haberle cerrado X a Fox: \u201cDa pena ajena\u201d - Fuentes Fidedignas\",\"isPartOf\":{\"@id\":\"https:\\\/\\\/fuentesfidedignas.com.mx\\\/#website\"},\"primaryImageOfPage\":{\"@id\":\"https:\\\/\\\/fuentesfidedignas.com.mx\\\/index.php\\\/2023\\\/11\\\/29\\\/samuel-garcia-agradece-a-su-compadre-elon-musk-por-haberle-cerrado-x-a-fox-da-pena-ajena\\\/#primaryimage\"},\"image\":{\"@id\":\"https:\\\/\\\/fuentesfidedignas.com.mx\\\/index.php\\\/2023\\\/11\\\/29\\\/samuel-garcia-agradece-a-su-compadre-elon-musk-por-haberle-cerrado-x-a-fox-da-pena-ajena\\\/#primaryimage\"},\"thumbnailUrl\":\"https:\\\/\\\/fuentesfidedignas.com.mx\\\/wp-content\\\/uploads\\\/2023\\\/11\\\/ELON_SAMUEL.jpg\",\"datePublished\":\"2023-11-29T14:26:20+00:00\",\"breadcrumb\":{\"@id\":\"https:\\\/\\\/fuentesfidedignas.com.mx\\\/index.php\\\/2023\\\/11\\\/29\\\/samuel-garcia-agradece-a-su-compadre-elon-musk-por-haberle-cerrado-x-a-fox-da-pena-ajena\\\/#breadcrumb\"},\"inLanguage\":\"es\",\"potentialAction\":[{\"@type\":\"ReadAction\",\"target\":[\"https:\\\/\\\/fuentesfidedignas.com.mx\\\/index.php\\\/2023\\\/11\\\/29\\\/samuel-garcia-agradece-a-su-compadre-elon-musk-por-haberle-cerrado-x-a-fox-da-pena-ajena\\\/\"]}]},{\"@type\":\"ImageObject\",\"inLanguage\":\"es\",\"@id\":\"https:\\\/\\\/fuentesfidedignas.com.mx\\\/index.php\\\/2023\\\/11\\\/29\\\/samuel-garcia-agradece-a-su-compadre-elon-musk-por-haberle-cerrado-x-a-fox-da-pena-ajena\\\/#primaryimage\",\"url\":\"https:\\\/\\\/fuentesfidedignas.com.mx\\\/wp-content\\\/uploads\\\/2023\\\/11\\\/ELON_SAMUEL.jpg\",\"contentUrl\":\"https:\\\/\\\/fuentesfidedignas.com.mx\\\/wp-content\\\/uploads\\\/2023\\\/11\\\/ELON_SAMUEL.jpg\",\"width\":1059,\"height\":597},{\"@type\":\"BreadcrumbList\",\"@id\":\"https:\\\/\\\/fuentesfidedignas.com.mx\\\/index.php\\\/2023\\\/11\\\/29\\\/samuel-garcia-agradece-a-su-compadre-elon-musk-por-haberle-cerrado-x-a-fox-da-pena-ajena\\\/#breadcrumb\",\"itemListElement\":[{\"@type\":\"ListItem\",\"position\":1,\"name\":\"Inicio\",\"item\":\"https:\\\/\\\/fuentesfidedignas.com.mx\\\/\"},{\"@type\":\"ListItem\",\"position\":2,\"name\":\"Samuel Garc\u00eda agradece a \u201csu compadre\u201d Elon Musk por haberle cerrado X a Fox: \u201cDa pena ajena\u201d\"}]},{\"@type\":\"WebSite\",\"@id\":\"https:\\\/\\\/fuentesfidedignas.com.mx\\\/#website\",\"url\":\"https:\\\/\\\/fuentesfidedignas.com.mx\\\/\",\"name\":\"Fuentes Fidedignas\",\"description\":\"Otro sitio realizado con WordPress\",\"publisher\":{\"@id\":\"https:\\\/\\\/fuentesfidedignas.com.mx\\\/#organization\"},\"potentialAction\":[{\"@type\":\"SearchAction\",\"target\":{\"@type\":\"EntryPoint\",\"urlTemplate\":\"https:\\\/\\\/fuentesfidedignas.com.mx\\\/?s={search_term_string}\"},\"query-input\":{\"@type\":\"PropertyValueSpecification\",\"valueRequired\":true,\"valueName\":\"search_term_string\"}}],\"inLanguage\":\"es\"},{\"@type\":\"Organization\",\"@id\":\"https:\\\/\\\/fuentesfidedignas.com.mx\\\/#organization\",\"name\":\"Fuentes Fidedignas\",\"url\":\"https:\\\/\\\/fuentesfidedignas.com.mx\\\/\",\"logo\":{\"@type\":\"ImageObject\",\"inLanguage\":\"es\",\"@id\":\"https:\\\/\\\/fuentesfidedignas.com.mx\\\/#\\\/schema\\\/logo\\\/image\\\/\",\"url\":\"https:\\\/\\\/fuentesfidedignas.com.mx\\\/wp-content\\\/uploads\\\/2021\\\/04\\\/logo-retina.png\",\"contentUrl\":\"https:\\\/\\\/fuentesfidedignas.com.mx\\\/wp-content\\\/uploads\\\/2021\\\/04\\\/logo-retina.png\",\"width\":280,\"height\":51,\"caption\":\"Fuentes Fidedignas\"},\"image\":{\"@id\":\"https:\\\/\\\/fuentesfidedignas.com.mx\\\/#\\\/schema\\\/logo\\\/image\\\/\"},\"sameAs\":[\"https:\\\/\\\/www.facebook.com\\\/Fuentes-Fidedignas-368234489921644\",\"https:\\\/\\\/x.com\\\/fidedignas\"]},{\"@type\":\"Person\",\"@id\":\"https:\\\/\\\/fuentesfidedignas.com.mx\\\/#\\\/schema\\\/person\\\/8575896a7c1067d352f6c1cd6582c389\",\"name\":\"Infobae\",\"image\":{\"@type\":\"ImageObject\",\"inLanguage\":\"es\",\"@id\":\"https:\\\/\\\/secure.gravatar.com\\\/avatar\\\/e4ec95706f8d1670343f6526fdcec45474bab17475a851434a64ca12b5acba1c?s=96&d=mm&r=g\",\"url\":\"https:\\\/\\\/secure.gravatar.com\\\/avatar\\\/e4ec95706f8d1670343f6526fdcec45474bab17475a851434a64ca12b5acba1c?s=96&d=mm&r=g\",\"contentUrl\":\"https:\\\/\\\/secure.gravatar.com\\\/avatar\\\/e4ec95706f8d1670343f6526fdcec45474bab17475a851434a64ca12b5acba1c?s=96&d=mm&r=g\",\"caption\":\"Infobae\"},\"url\":\"https:\\\/\\\/fuentesfidedignas.com.mx\\\/index.php\\\/author\\\/infobae\\\/\"}]}<\/script>\n<!-- \/ Yoast SEO plugin. -->","yoast_head_json":{"title":"Samuel Garc\u00eda agradece a \u201csu compadre\u201d Elon Musk por haberle cerrado X a Fox: \u201cDa pena ajena\u201d - Fuentes Fidedignas","robots":{"index":"index","follow":"follow","max-snippet":"max-snippet:-1","max-image-preview":"max-image-preview:large","max-video-preview":"max-video-preview:-1"},"canonical":"https:\/\/fuentesfidedignas.com.mx\/index.php\/2023\/11\/29\/samuel-garcia-agradece-a-su-compadre-elon-musk-por-haberle-cerrado-x-a-fox-da-pena-ajena\/","og_locale":"es_MX","og_type":"article","og_title":"Samuel Garc\u00eda agradece a \u201csu compadre\u201d Elon Musk por haberle cerrado X a Fox: \u201cDa pena ajena\u201d - Fuentes Fidedignas","og_description":"El aspirante a la presidencia dijo que Fox se hab\u00eda dirigido de manera sexista a su esposa porque la mariguana lo hab\u00eda dejado \u201ctodo noqueado\u201d Samuel Garc\u00eda, precandidato \u00fanico a la presidencia de M\u00e9xico en las elecciones del 2024 por el partido Movimiento Ciudadano (MC), agradeci\u00f3 al empresario sudafricano Elon Musk, quien es due\u00f1o de [&hellip;]","og_url":"https:\/\/fuentesfidedignas.com.mx\/index.php\/2023\/11\/29\/samuel-garcia-agradece-a-su-compadre-elon-musk-por-haberle-cerrado-x-a-fox-da-pena-ajena\/","og_site_name":"Fuentes Fidedignas","article_publisher":"https:\/\/www.facebook.com\/Fuentes-Fidedignas-368234489921644","article_published_time":"2023-11-29T14:26:20+00:00","og_image":[{"width":1059,"height":597,"url":"https:\/\/fuentesfidedignas.com.mx\/wp-content\/uploads\/2023\/11\/ELON_SAMUEL.jpg","type":"image\/jpeg"}],"author":"Infobae","twitter_card":"summary_large_image","twitter_creator":"@fidedignas","twitter_site":"@fidedignas","twitter_misc":{"Escrito por":"Infobae","Tiempo de lectura":"3 minutos"},"schema":{"@context":"https:\/\/schema.org","@graph":[{"@type":"Article","@id":"https:\/\/fuentesfidedignas.com.mx\/index.php\/2023\/11\/29\/samuel-garcia-agradece-a-su-compadre-elon-musk-por-haberle-cerrado-x-a-fox-da-pena-ajena\/#article","isPartOf":{"@id":"https:\/\/fuentesfidedignas.com.mx\/index.php\/2023\/11\/29\/samuel-garcia-agradece-a-su-compadre-elon-musk-por-haberle-cerrado-x-a-fox-da-pena-ajena\/"},"author":{"name":"Infobae","@id":"https:\/\/fuentesfidedignas.com.mx\/#\/schema\/person\/8575896a7c1067d352f6c1cd6582c389"},"headline":"Samuel Garc\u00eda agradece a \u201csu compadre\u201d Elon Musk por haberle cerrado X a Fox: \u201cDa pena ajena\u201d","datePublished":"2023-11-29T14:26:20+00:00","mainEntityOfPage":{"@id":"https:\/\/fuentesfidedignas.com.mx\/index.php\/2023\/11\/29\/samuel-garcia-agradece-a-su-compadre-elon-musk-por-haberle-cerrado-x-a-fox-da-pena-ajena\/"},"wordCount":519,"commentCount":0,"publisher":{"@id":"https:\/\/fuentesfidedignas.com.mx\/#organization"},"image":{"@id":"https:\/\/fuentesfidedignas.com.mx\/index.php\/2023\/11\/29\/samuel-garcia-agradece-a-su-compadre-elon-musk-por-haberle-cerrado-x-a-fox-da-pena-ajena\/#primaryimage"},"thumbnailUrl":"https:\/\/fuentesfidedignas.com.mx\/wp-content\/uploads\/2023\/11\/ELON_SAMUEL.jpg","articleSection":["NOTICIAS NACIONALES"],"inLanguage":"es","potentialAction":[{"@type":"CommentAction","name":"Comment","target":["https:\/\/fuentesfidedignas.com.mx\/index.php\/2023\/11\/29\/samuel-garcia-agradece-a-su-compadre-elon-musk-por-haberle-cerrado-x-a-fox-da-pena-ajena\/#respond"]}]},{"@type":"WebPage","@id":"https:\/\/fuentesfidedignas.com.mx\/index.php\/2023\/11\/29\/samuel-garcia-agradece-a-su-compadre-elon-musk-por-haberle-cerrado-x-a-fox-da-pena-ajena\/","url":"https:\/\/fuentesfidedignas.com.mx\/index.php\/2023\/11\/29\/samuel-garcia-agradece-a-su-compadre-elon-musk-por-haberle-cerrado-x-a-fox-da-pena-ajena\/","name":"Samuel Garc\u00eda agradece a \u201csu compadre\u201d Elon Musk por haberle cerrado X a Fox: \u201cDa pena ajena\u201d - Fuentes Fidedignas","isPartOf":{"@id":"https:\/\/fuentesfidedignas.com.mx\/#website"},"primaryImageOfPage":{"@id":"https:\/\/fuentesfidedignas.com.mx\/index.php\/2023\/11\/29\/samuel-garcia-agradece-a-su-compadre-elon-musk-por-haberle-cerrado-x-a-fox-da-pena-ajena\/#primaryimage"},"image":{"@id":"https:\/\/fuentesfidedignas.com.mx\/index.php\/2023\/11\/29\/samuel-garcia-agradece-a-su-compadre-elon-musk-por-haberle-cerrado-x-a-fox-da-pena-ajena\/#primaryimage"},"thumbnailUrl":"https:\/\/fuentesfidedignas.com.mx\/wp-content\/uploads\/2023\/11\/ELON_SAMUEL.jpg","datePublished":"2023-11-29T14:26:20+00:00","breadcrumb":{"@id":"https:\/\/fuentesfidedignas.com.mx\/index.php\/2023\/11\/29\/samuel-garcia-agradece-a-su-compadre-elon-musk-por-haberle-cerrado-x-a-fox-da-pena-ajena\/#breadcrumb"},"inLanguage":"es","potentialAction":[{"@type":"ReadAction","target":["https:\/\/fuentesfidedignas.com.mx\/index.php\/2023\/11\/29\/samuel-garcia-agradece-a-su-compadre-elon-musk-por-haberle-cerrado-x-a-fox-da-pena-ajena\/"]}]},{"@type":"ImageObject","inLanguage":"es","@id":"https:\/\/fuentesfidedignas.com.mx\/index.php\/2023\/11\/29\/samuel-garcia-agradece-a-su-compadre-elon-musk-por-haberle-cerrado-x-a-fox-da-pena-ajena\/#primaryimage","url":"https:\/\/fuentesfidedignas.com.mx\/wp-content\/uploads\/2023\/11\/ELON_SAMUEL.jpg","contentUrl":"https:\/\/fuentesfidedignas.com.mx\/wp-content\/uploads\/2023\/11\/ELON_SAMUEL.jpg","width":1059,"height":597},{"@type":"BreadcrumbList","@id":"https:\/\/fuentesfidedignas.com.mx\/index.php\/2023\/11\/29\/samuel-garcia-agradece-a-su-compadre-elon-musk-por-haberle-cerrado-x-a-fox-da-pena-ajena\/#breadcrumb","itemListElement":[{"@type":"ListItem","position":1,"name":"Inicio","item":"https:\/\/fuentesfidedignas.com.mx\/"},{"@type":"ListItem","position":2,"name":"Samuel Garc\u00eda agradece a \u201csu compadre\u201d Elon Musk por haberle cerrado X a Fox: \u201cDa pena ajena\u201d"}]},{"@type":"WebSite","@id":"https:\/\/fuentesfidedignas.com.mx\/#website","url":"https:\/\/fuentesfidedignas.com.mx\/","name":"Fuentes Fidedignas","description":"Otro sitio realizado con WordPress","publisher":{"@id":"https:\/\/fuentesfidedignas.com.mx\/#organization"},"potentialAction":[{"@type":"SearchAction","target":{"@type":"EntryPoint","urlTemplate":"https:\/\/fuentesfidedignas.com.mx\/?s={search_term_string}"},"query-input":{"@type":"PropertyValueSpecification","valueRequired":true,"valueName":"search_term_string"}}],"inLanguage":"es"},{"@type":"Organization","@id":"https:\/\/fuentesfidedignas.com.mx\/#organization","name":"Fuentes Fidedignas","url":"https:\/\/fuentesfidedignas.com.mx\/","logo":{"@type":"ImageObject","inLanguage":"es","@id":"https:\/\/fuentesfidedignas.com.mx\/#\/schema\/logo\/image\/","url":"https:\/\/fuentesfidedignas.com.mx\/wp-content\/uploads\/2021\/04\/logo-retina.png","contentUrl":"https:\/\/fuentesfidedignas.com.mx\/wp-content\/uploads\/2021\/04\/logo-retina.png","width":280,"height":51,"caption":"Fuentes Fidedignas"},"image":{"@id":"https:\/\/fuentesfidedignas.com.mx\/#\/schema\/logo\/image\/"},"sameAs":["https:\/\/www.facebook.com\/Fuentes-Fidedignas-368234489921644","https:\/\/x.com\/fidedignas"]},{"@type":"Person","@id":"https:\/\/fuentesfidedignas.com.mx\/#\/schema\/person\/8575896a7c1067d352f6c1cd6582c389","name":"Infobae","image":{"@type":"ImageObject","inLanguage":"es","@id":"https:\/\/secure.gravatar.com\/avatar\/e4ec95706f8d1670343f6526fdcec45474bab17475a851434a64ca12b5acba1c?s=96&d=mm&r=g","url":"https:\/\/secure.gravatar.com\/avatar\/e4ec95706f8d1670343f6526fdcec45474bab17475a851434a64ca12b5acba1c?s=96&d=mm&r=g","contentUrl":"https:\/\/secure.gravatar.com\/avatar\/e4ec95706f8d1670343f6526fdcec45474bab17475a851434a64ca12b5acba1c?s=96&d=mm&r=g","caption":"Infobae"},"url":"https:\/\/fuentesfidedignas.com.mx\/index.php\/author\/infobae\/"}]}},"_links":{"self":[{"href":"https:\/\/fuentesfidedignas.com.mx\/index.php\/wp-json\/wp\/v2\/posts\/67127","targetHints":{"allow":["GET"]}}],"collection":[{"href":"https:\/\/fuentesfidedignas.com.mx\/index.php\/wp-json\/wp\/v2\/posts"}],"about":[{"href":"https:\/\/fuentesfidedignas.com.mx\/index.php\/wp-json\/wp\/v2\/types\/post"}],"author":[{"embeddable":true,"href":"https:\/\/fuentesfidedignas.com.mx\/index.php\/wp-json\/wp\/v2\/users\/41"}],"replies":[{"embeddable":true,"href":"https:\/\/fuentesfidedignas.com.mx\/index.php\/wp-json\/wp\/v2\/comments?post=67127"}],"version-history":[{"count":1,"href":"https:\/\/fuentesfidedignas.com.mx\/index.php\/wp-json\/wp\/v2\/posts\/67127\/revisions"}],"predecessor-version":[{"id":67129,"href":"https:\/\/fuentesfidedignas.com.mx\/index.php\/wp-json\/wp\/v2\/posts\/67127\/revisions\/67129"}],"wp:featuredmedia":[{"embeddable":true,"href":"https:\/\/fuentesfidedignas.com.mx\/index.php\/wp-json\/wp\/v2\/media\/67128"}],"wp:attachment":[{"href":"https:\/\/fuentesfidedignas.com.mx\/index.php\/wp-json\/wp\/v2\/media?parent=67127"}],"wp:term":[{"taxonomy":"category","embeddable":true,"href":"https:\/\/fuentesfidedignas.com.mx\/index.php\/wp-json\/wp\/v2\/categories?post=67127"},{"taxonomy":"post_tag","embeddable":true,"href":"https:\/\/fuentesfidedignas.com.mx\/index.php\/wp-json\/wp\/v2\/tags?post=67127"}],"curies":[{"name":"wp","href":"https:\/\/api.w.org\/{rel}","templated":true}]}}