{"id":67085,"date":"2023-11-28T17:08:41","date_gmt":"2023-11-29T00:08:41","guid":{"rendered":"https:\/\/fuentesfidedignas.com.mx\/?p=67085"},"modified":"2023-11-28T17:08:41","modified_gmt":"2023-11-29T00:08:41","slug":"se-presenta-la-ossla-este-jueves-en-guasave-con-sinaloa-sinfonico","status":"publish","type":"post","link":"https:\/\/fuentesfidedignas.com.mx\/index.php\/2023\/11\/28\/se-presenta-la-ossla-este-jueves-en-guasave-con-sinaloa-sinfonico\/","title":{"rendered":"Se presenta la OSSLA este jueves en Guasave, con \u201cSinaloa sinf\u00f3nico\u201d"},"content":{"rendered":"\n<p><strong><em>El concierto ser\u00e1 en el Centro Cultural Guasave, con la direcci\u00f3n de Jacob Tapia<\/em><\/strong><\/p>\n\n\n\n<p>Culiac\u00e1n, Sin.- Atendiendo el compromiso del Gobernador del estado, Dr. Rub\u00e9n Rocha Moya, de descentralizar los bienes y servicios culturales a todos los municipios del estado, bajo la direcci\u00f3n del Mtro. Jacob Tapia, la Orquesta Sinf\u00f3nica Sinaloa de las Artes contin\u00faa este jueves con su II Temporada 2023, con un concierto a realizarse a las 18:00 horas en el Centro Cultural Guasave, con su gustado programa \u201cSinaloa Sinf\u00f3nico\u201d, de m\u00fasica sinaloense con arreglos sinf\u00f3nicos realizados por Tony Ta\u00f1o.<\/p>\n\n\n\n<p>Es el mismo programa presentado en los festejos por los 120 a\u00f1os de la fundaci\u00f3n de Los Mochis, en los primeros meses del a\u00f1o, y con el cual la Orquesta cerr\u00f3 su Primera Temporada en junio pasado en Culiac\u00e1n: una serie de canciones rancheras, corridos, chotises, foxtrots, sones, valses de origen sinaloense o que en Sinaloa han encontrado cobijo y se han hecho tradicionales.<\/p>\n\n\n\n<p>Entre las piezas a interpretar se hallan, \u201cEl sauce y la palma\u201d, \u201cEl Alaz\u00e1n y el Roc\u00edo\u201d, \u201cLa India bonita\u201d, \u201cEl ni\u00f1o perdido\u201d, \u201cBrisas de Mocorito\u201d, el vals \u201cAlejandra\u201d y \u201cTecateando\u201d, y por supuesto \u201cEl sinaloense\u201d. <\/p>\n\n\n\n<p>La Orquesta Sinf\u00f3nica Sinaloa de las Artes mantiene dos temporadas anuales con m\u00fasica cl\u00e1sica, producciones de \u00f3pera y de zarzuela, as\u00ed como de canci\u00f3n popular mexicana, y el programa con el que asistir\u00e1 este jueves a Guasave.<\/p>\n","protected":false},"excerpt":{"rendered":"<p>El concierto ser\u00e1 en el Centro Cultural Guasave, con la direcci\u00f3n de Jacob Tapia Culiac\u00e1n, Sin.- Atendiendo el compromiso del Gobernador del estado, Dr. Rub\u00e9n Rocha Moya, de descentralizar los bienes y servicios culturales a todos los municipios del estado, bajo la direcci\u00f3n del Mtro. Jacob Tapia, la Orquesta Sinf\u00f3nica Sinaloa de las Artes contin\u00faa [&hellip;]<\/p>\n","protected":false},"author":4,"featured_media":67086,"comment_status":"open","ping_status":"open","sticky":false,"template":"","format":"standard","meta":{"tdm_status":"","tdm_grid_status":"","footnotes":""},"categories":[1],"tags":[],"class_list":{"0":"post-67085","1":"post","2":"type-post","3":"status-publish","4":"format-standard","5":"has-post-thumbnail","7":"category-sin-categoria"},"yoast_head":"<!-- This site is optimized with the Yoast SEO plugin v27.5 - https:\/\/yoast.com\/product\/yoast-seo-wordpress\/ -->\n<title>Se presenta la OSSLA este jueves en Guasave, con \u201cSinaloa sinf\u00f3nico\u201d - Fuentes Fidedignas<\/title>\n<meta name=\"robots\" content=\"index, follow, max-snippet:-1, max-image-preview:large, max-video-preview:-1\" \/>\n<link rel=\"canonical\" href=\"https:\/\/fuentesfidedignas.com.mx\/index.php\/2023\/11\/28\/se-presenta-la-ossla-este-jueves-en-guasave-con-sinaloa-sinfonico\/\" \/>\n<meta property=\"og:locale\" content=\"es_MX\" \/>\n<meta property=\"og:type\" content=\"article\" \/>\n<meta property=\"og:title\" content=\"Se presenta la OSSLA este jueves en Guasave, con \u201cSinaloa sinf\u00f3nico\u201d - Fuentes Fidedignas\" \/>\n<meta property=\"og:description\" content=\"El concierto ser\u00e1 en el Centro Cultural Guasave, con la direcci\u00f3n de Jacob Tapia Culiac\u00e1n, Sin.- Atendiendo el compromiso del Gobernador del estado, Dr. Rub\u00e9n Rocha Moya, de descentralizar los bienes y servicios culturales a todos los municipios del estado, bajo la direcci\u00f3n del Mtro. Jacob Tapia, la Orquesta Sinf\u00f3nica Sinaloa de las Artes contin\u00faa [&hellip;]\" \/>\n<meta property=\"og:url\" content=\"https:\/\/fuentesfidedignas.com.mx\/index.php\/2023\/11\/28\/se-presenta-la-ossla-este-jueves-en-guasave-con-sinaloa-sinfonico\/\" \/>\n<meta property=\"og:site_name\" content=\"Fuentes Fidedignas\" \/>\n<meta property=\"article:publisher\" content=\"https:\/\/www.facebook.com\/Fuentes-Fidedignas-368234489921644\" \/>\n<meta property=\"article:published_time\" content=\"2023-11-29T00:08:41+00:00\" \/>\n<meta property=\"og:image\" content=\"https:\/\/fuentesfidedignas.com.mx\/wp-content\/uploads\/2023\/11\/28Nov2023-Concierto-OSSLA-en-Guasave.jpg\" \/>\n\t<meta property=\"og:image:width\" content=\"1440\" \/>\n\t<meta property=\"og:image:height\" content=\"960\" \/>\n\t<meta property=\"og:image:type\" content=\"image\/jpeg\" \/>\n<meta name=\"author\" content=\"Redacci\u00f3n\" \/>\n<meta name=\"twitter:card\" content=\"summary_large_image\" \/>\n<meta name=\"twitter:creator\" content=\"@fidedignas\" \/>\n<meta name=\"twitter:site\" content=\"@fidedignas\" \/>\n<meta name=\"twitter:label1\" content=\"Escrito por\" \/>\n\t<meta name=\"twitter:data1\" content=\"Redacci\u00f3n\" \/>\n\t<meta name=\"twitter:label2\" content=\"Tiempo de lectura\" \/>\n\t<meta name=\"twitter:data2\" content=\"2 minutos\" \/>\n<script type=\"application\/ld+json\" class=\"yoast-schema-graph\">{\"@context\":\"https:\\\/\\\/schema.org\",\"@graph\":[{\"@type\":\"Article\",\"@id\":\"https:\\\/\\\/fuentesfidedignas.com.mx\\\/index.php\\\/2023\\\/11\\\/28\\\/se-presenta-la-ossla-este-jueves-en-guasave-con-sinaloa-sinfonico\\\/#article\",\"isPartOf\":{\"@id\":\"https:\\\/\\\/fuentesfidedignas.com.mx\\\/index.php\\\/2023\\\/11\\\/28\\\/se-presenta-la-ossla-este-jueves-en-guasave-con-sinaloa-sinfonico\\\/\"},\"author\":{\"name\":\"Redacci\u00f3n\",\"@id\":\"https:\\\/\\\/fuentesfidedignas.com.mx\\\/#\\\/schema\\\/person\\\/331be9283d37198e2acd5750279085b0\"},\"headline\":\"Se presenta la OSSLA este jueves en Guasave, con \u201cSinaloa sinf\u00f3nico\u201d\",\"datePublished\":\"2023-11-29T00:08:41+00:00\",\"mainEntityOfPage\":{\"@id\":\"https:\\\/\\\/fuentesfidedignas.com.mx\\\/index.php\\\/2023\\\/11\\\/28\\\/se-presenta-la-ossla-este-jueves-en-guasave-con-sinaloa-sinfonico\\\/\"},\"wordCount\":260,\"commentCount\":0,\"publisher\":{\"@id\":\"https:\\\/\\\/fuentesfidedignas.com.mx\\\/#organization\"},\"image\":{\"@id\":\"https:\\\/\\\/fuentesfidedignas.com.mx\\\/index.php\\\/2023\\\/11\\\/28\\\/se-presenta-la-ossla-este-jueves-en-guasave-con-sinaloa-sinfonico\\\/#primaryimage\"},\"thumbnailUrl\":\"https:\\\/\\\/fuentesfidedignas.com.mx\\\/wp-content\\\/uploads\\\/2023\\\/11\\\/28Nov2023-Concierto-OSSLA-en-Guasave.jpg\",\"inLanguage\":\"es\",\"potentialAction\":[{\"@type\":\"CommentAction\",\"name\":\"Comment\",\"target\":[\"https:\\\/\\\/fuentesfidedignas.com.mx\\\/index.php\\\/2023\\\/11\\\/28\\\/se-presenta-la-ossla-este-jueves-en-guasave-con-sinaloa-sinfonico\\\/#respond\"]}]},{\"@type\":\"WebPage\",\"@id\":\"https:\\\/\\\/fuentesfidedignas.com.mx\\\/index.php\\\/2023\\\/11\\\/28\\\/se-presenta-la-ossla-este-jueves-en-guasave-con-sinaloa-sinfonico\\\/\",\"url\":\"https:\\\/\\\/fuentesfidedignas.com.mx\\\/index.php\\\/2023\\\/11\\\/28\\\/se-presenta-la-ossla-este-jueves-en-guasave-con-sinaloa-sinfonico\\\/\",\"name\":\"Se presenta la OSSLA este jueves en Guasave, con \u201cSinaloa sinf\u00f3nico\u201d - Fuentes Fidedignas\",\"isPartOf\":{\"@id\":\"https:\\\/\\\/fuentesfidedignas.com.mx\\\/#website\"},\"primaryImageOfPage\":{\"@id\":\"https:\\\/\\\/fuentesfidedignas.com.mx\\\/index.php\\\/2023\\\/11\\\/28\\\/se-presenta-la-ossla-este-jueves-en-guasave-con-sinaloa-sinfonico\\\/#primaryimage\"},\"image\":{\"@id\":\"https:\\\/\\\/fuentesfidedignas.com.mx\\\/index.php\\\/2023\\\/11\\\/28\\\/se-presenta-la-ossla-este-jueves-en-guasave-con-sinaloa-sinfonico\\\/#primaryimage\"},\"thumbnailUrl\":\"https:\\\/\\\/fuentesfidedignas.com.mx\\\/wp-content\\\/uploads\\\/2023\\\/11\\\/28Nov2023-Concierto-OSSLA-en-Guasave.jpg\",\"datePublished\":\"2023-11-29T00:08:41+00:00\",\"breadcrumb\":{\"@id\":\"https:\\\/\\\/fuentesfidedignas.com.mx\\\/index.php\\\/2023\\\/11\\\/28\\\/se-presenta-la-ossla-este-jueves-en-guasave-con-sinaloa-sinfonico\\\/#breadcrumb\"},\"inLanguage\":\"es\",\"potentialAction\":[{\"@type\":\"ReadAction\",\"target\":[\"https:\\\/\\\/fuentesfidedignas.com.mx\\\/index.php\\\/2023\\\/11\\\/28\\\/se-presenta-la-ossla-este-jueves-en-guasave-con-sinaloa-sinfonico\\\/\"]}]},{\"@type\":\"ImageObject\",\"inLanguage\":\"es\",\"@id\":\"https:\\\/\\\/fuentesfidedignas.com.mx\\\/index.php\\\/2023\\\/11\\\/28\\\/se-presenta-la-ossla-este-jueves-en-guasave-con-sinaloa-sinfonico\\\/#primaryimage\",\"url\":\"https:\\\/\\\/fuentesfidedignas.com.mx\\\/wp-content\\\/uploads\\\/2023\\\/11\\\/28Nov2023-Concierto-OSSLA-en-Guasave.jpg\",\"contentUrl\":\"https:\\\/\\\/fuentesfidedignas.com.mx\\\/wp-content\\\/uploads\\\/2023\\\/11\\\/28Nov2023-Concierto-OSSLA-en-Guasave.jpg\",\"width\":1440,\"height\":960},{\"@type\":\"BreadcrumbList\",\"@id\":\"https:\\\/\\\/fuentesfidedignas.com.mx\\\/index.php\\\/2023\\\/11\\\/28\\\/se-presenta-la-ossla-este-jueves-en-guasave-con-sinaloa-sinfonico\\\/#breadcrumb\",\"itemListElement\":[{\"@type\":\"ListItem\",\"position\":1,\"name\":\"Inicio\",\"item\":\"https:\\\/\\\/fuentesfidedignas.com.mx\\\/\"},{\"@type\":\"ListItem\",\"position\":2,\"name\":\"Se presenta la OSSLA este jueves en Guasave, con \u201cSinaloa sinf\u00f3nico\u201d\"}]},{\"@type\":\"WebSite\",\"@id\":\"https:\\\/\\\/fuentesfidedignas.com.mx\\\/#website\",\"url\":\"https:\\\/\\\/fuentesfidedignas.com.mx\\\/\",\"name\":\"Fuentes Fidedignas\",\"description\":\"Otro sitio realizado con WordPress\",\"publisher\":{\"@id\":\"https:\\\/\\\/fuentesfidedignas.com.mx\\\/#organization\"},\"potentialAction\":[{\"@type\":\"SearchAction\",\"target\":{\"@type\":\"EntryPoint\",\"urlTemplate\":\"https:\\\/\\\/fuentesfidedignas.com.mx\\\/?s={search_term_string}\"},\"query-input\":{\"@type\":\"PropertyValueSpecification\",\"valueRequired\":true,\"valueName\":\"search_term_string\"}}],\"inLanguage\":\"es\"},{\"@type\":\"Organization\",\"@id\":\"https:\\\/\\\/fuentesfidedignas.com.mx\\\/#organization\",\"name\":\"Fuentes Fidedignas\",\"url\":\"https:\\\/\\\/fuentesfidedignas.com.mx\\\/\",\"logo\":{\"@type\":\"ImageObject\",\"inLanguage\":\"es\",\"@id\":\"https:\\\/\\\/fuentesfidedignas.com.mx\\\/#\\\/schema\\\/logo\\\/image\\\/\",\"url\":\"https:\\\/\\\/fuentesfidedignas.com.mx\\\/wp-content\\\/uploads\\\/2021\\\/04\\\/logo-retina.png\",\"contentUrl\":\"https:\\\/\\\/fuentesfidedignas.com.mx\\\/wp-content\\\/uploads\\\/2021\\\/04\\\/logo-retina.png\",\"width\":280,\"height\":51,\"caption\":\"Fuentes Fidedignas\"},\"image\":{\"@id\":\"https:\\\/\\\/fuentesfidedignas.com.mx\\\/#\\\/schema\\\/logo\\\/image\\\/\"},\"sameAs\":[\"https:\\\/\\\/www.facebook.com\\\/Fuentes-Fidedignas-368234489921644\",\"https:\\\/\\\/x.com\\\/fidedignas\"]},{\"@type\":\"Person\",\"@id\":\"https:\\\/\\\/fuentesfidedignas.com.mx\\\/#\\\/schema\\\/person\\\/331be9283d37198e2acd5750279085b0\",\"name\":\"Redacci\u00f3n\",\"image\":{\"@type\":\"ImageObject\",\"inLanguage\":\"es\",\"@id\":\"https:\\\/\\\/secure.gravatar.com\\\/avatar\\\/f6d8782c11d12b2d4ad3fbb6931aeab5309937a4d6cd2fc9cfaa28a6396a5aec?s=96&d=mm&r=g\",\"url\":\"https:\\\/\\\/secure.gravatar.com\\\/avatar\\\/f6d8782c11d12b2d4ad3fbb6931aeab5309937a4d6cd2fc9cfaa28a6396a5aec?s=96&d=mm&r=g\",\"contentUrl\":\"https:\\\/\\\/secure.gravatar.com\\\/avatar\\\/f6d8782c11d12b2d4ad3fbb6931aeab5309937a4d6cd2fc9cfaa28a6396a5aec?s=96&d=mm&r=g\",\"caption\":\"Redacci\u00f3n\"},\"url\":\"https:\\\/\\\/fuentesfidedignas.com.mx\\\/index.php\\\/author\\\/redaccion\\\/\"}]}<\/script>\n<!-- \/ Yoast SEO plugin. -->","yoast_head_json":{"title":"Se presenta la OSSLA este jueves en Guasave, con \u201cSinaloa sinf\u00f3nico\u201d - Fuentes Fidedignas","robots":{"index":"index","follow":"follow","max-snippet":"max-snippet:-1","max-image-preview":"max-image-preview:large","max-video-preview":"max-video-preview:-1"},"canonical":"https:\/\/fuentesfidedignas.com.mx\/index.php\/2023\/11\/28\/se-presenta-la-ossla-este-jueves-en-guasave-con-sinaloa-sinfonico\/","og_locale":"es_MX","og_type":"article","og_title":"Se presenta la OSSLA este jueves en Guasave, con \u201cSinaloa sinf\u00f3nico\u201d - Fuentes Fidedignas","og_description":"El concierto ser\u00e1 en el Centro Cultural Guasave, con la direcci\u00f3n de Jacob Tapia Culiac\u00e1n, Sin.- Atendiendo el compromiso del Gobernador del estado, Dr. Rub\u00e9n Rocha Moya, de descentralizar los bienes y servicios culturales a todos los municipios del estado, bajo la direcci\u00f3n del Mtro. Jacob Tapia, la Orquesta Sinf\u00f3nica Sinaloa de las Artes contin\u00faa [&hellip;]","og_url":"https:\/\/fuentesfidedignas.com.mx\/index.php\/2023\/11\/28\/se-presenta-la-ossla-este-jueves-en-guasave-con-sinaloa-sinfonico\/","og_site_name":"Fuentes Fidedignas","article_publisher":"https:\/\/www.facebook.com\/Fuentes-Fidedignas-368234489921644","article_published_time":"2023-11-29T00:08:41+00:00","og_image":[{"width":1440,"height":960,"url":"https:\/\/fuentesfidedignas.com.mx\/wp-content\/uploads\/2023\/11\/28Nov2023-Concierto-OSSLA-en-Guasave.jpg","type":"image\/jpeg"}],"author":"Redacci\u00f3n","twitter_card":"summary_large_image","twitter_creator":"@fidedignas","twitter_site":"@fidedignas","twitter_misc":{"Escrito por":"Redacci\u00f3n","Tiempo de lectura":"2 minutos"},"schema":{"@context":"https:\/\/schema.org","@graph":[{"@type":"Article","@id":"https:\/\/fuentesfidedignas.com.mx\/index.php\/2023\/11\/28\/se-presenta-la-ossla-este-jueves-en-guasave-con-sinaloa-sinfonico\/#article","isPartOf":{"@id":"https:\/\/fuentesfidedignas.com.mx\/index.php\/2023\/11\/28\/se-presenta-la-ossla-este-jueves-en-guasave-con-sinaloa-sinfonico\/"},"author":{"name":"Redacci\u00f3n","@id":"https:\/\/fuentesfidedignas.com.mx\/#\/schema\/person\/331be9283d37198e2acd5750279085b0"},"headline":"Se presenta la OSSLA este jueves en Guasave, con \u201cSinaloa sinf\u00f3nico\u201d","datePublished":"2023-11-29T00:08:41+00:00","mainEntityOfPage":{"@id":"https:\/\/fuentesfidedignas.com.mx\/index.php\/2023\/11\/28\/se-presenta-la-ossla-este-jueves-en-guasave-con-sinaloa-sinfonico\/"},"wordCount":260,"commentCount":0,"publisher":{"@id":"https:\/\/fuentesfidedignas.com.mx\/#organization"},"image":{"@id":"https:\/\/fuentesfidedignas.com.mx\/index.php\/2023\/11\/28\/se-presenta-la-ossla-este-jueves-en-guasave-con-sinaloa-sinfonico\/#primaryimage"},"thumbnailUrl":"https:\/\/fuentesfidedignas.com.mx\/wp-content\/uploads\/2023\/11\/28Nov2023-Concierto-OSSLA-en-Guasave.jpg","inLanguage":"es","potentialAction":[{"@type":"CommentAction","name":"Comment","target":["https:\/\/fuentesfidedignas.com.mx\/index.php\/2023\/11\/28\/se-presenta-la-ossla-este-jueves-en-guasave-con-sinaloa-sinfonico\/#respond"]}]},{"@type":"WebPage","@id":"https:\/\/fuentesfidedignas.com.mx\/index.php\/2023\/11\/28\/se-presenta-la-ossla-este-jueves-en-guasave-con-sinaloa-sinfonico\/","url":"https:\/\/fuentesfidedignas.com.mx\/index.php\/2023\/11\/28\/se-presenta-la-ossla-este-jueves-en-guasave-con-sinaloa-sinfonico\/","name":"Se presenta la OSSLA este jueves en Guasave, con \u201cSinaloa sinf\u00f3nico\u201d - Fuentes Fidedignas","isPartOf":{"@id":"https:\/\/fuentesfidedignas.com.mx\/#website"},"primaryImageOfPage":{"@id":"https:\/\/fuentesfidedignas.com.mx\/index.php\/2023\/11\/28\/se-presenta-la-ossla-este-jueves-en-guasave-con-sinaloa-sinfonico\/#primaryimage"},"image":{"@id":"https:\/\/fuentesfidedignas.com.mx\/index.php\/2023\/11\/28\/se-presenta-la-ossla-este-jueves-en-guasave-con-sinaloa-sinfonico\/#primaryimage"},"thumbnailUrl":"https:\/\/fuentesfidedignas.com.mx\/wp-content\/uploads\/2023\/11\/28Nov2023-Concierto-OSSLA-en-Guasave.jpg","datePublished":"2023-11-29T00:08:41+00:00","breadcrumb":{"@id":"https:\/\/fuentesfidedignas.com.mx\/index.php\/2023\/11\/28\/se-presenta-la-ossla-este-jueves-en-guasave-con-sinaloa-sinfonico\/#breadcrumb"},"inLanguage":"es","potentialAction":[{"@type":"ReadAction","target":["https:\/\/fuentesfidedignas.com.mx\/index.php\/2023\/11\/28\/se-presenta-la-ossla-este-jueves-en-guasave-con-sinaloa-sinfonico\/"]}]},{"@type":"ImageObject","inLanguage":"es","@id":"https:\/\/fuentesfidedignas.com.mx\/index.php\/2023\/11\/28\/se-presenta-la-ossla-este-jueves-en-guasave-con-sinaloa-sinfonico\/#primaryimage","url":"https:\/\/fuentesfidedignas.com.mx\/wp-content\/uploads\/2023\/11\/28Nov2023-Concierto-OSSLA-en-Guasave.jpg","contentUrl":"https:\/\/fuentesfidedignas.com.mx\/wp-content\/uploads\/2023\/11\/28Nov2023-Concierto-OSSLA-en-Guasave.jpg","width":1440,"height":960},{"@type":"BreadcrumbList","@id":"https:\/\/fuentesfidedignas.com.mx\/index.php\/2023\/11\/28\/se-presenta-la-ossla-este-jueves-en-guasave-con-sinaloa-sinfonico\/#breadcrumb","itemListElement":[{"@type":"ListItem","position":1,"name":"Inicio","item":"https:\/\/fuentesfidedignas.com.mx\/"},{"@type":"ListItem","position":2,"name":"Se presenta la OSSLA este jueves en Guasave, con \u201cSinaloa sinf\u00f3nico\u201d"}]},{"@type":"WebSite","@id":"https:\/\/fuentesfidedignas.com.mx\/#website","url":"https:\/\/fuentesfidedignas.com.mx\/","name":"Fuentes Fidedignas","description":"Otro sitio realizado con WordPress","publisher":{"@id":"https:\/\/fuentesfidedignas.com.mx\/#organization"},"potentialAction":[{"@type":"SearchAction","target":{"@type":"EntryPoint","urlTemplate":"https:\/\/fuentesfidedignas.com.mx\/?s={search_term_string}"},"query-input":{"@type":"PropertyValueSpecification","valueRequired":true,"valueName":"search_term_string"}}],"inLanguage":"es"},{"@type":"Organization","@id":"https:\/\/fuentesfidedignas.com.mx\/#organization","name":"Fuentes Fidedignas","url":"https:\/\/fuentesfidedignas.com.mx\/","logo":{"@type":"ImageObject","inLanguage":"es","@id":"https:\/\/fuentesfidedignas.com.mx\/#\/schema\/logo\/image\/","url":"https:\/\/fuentesfidedignas.com.mx\/wp-content\/uploads\/2021\/04\/logo-retina.png","contentUrl":"https:\/\/fuentesfidedignas.com.mx\/wp-content\/uploads\/2021\/04\/logo-retina.png","width":280,"height":51,"caption":"Fuentes Fidedignas"},"image":{"@id":"https:\/\/fuentesfidedignas.com.mx\/#\/schema\/logo\/image\/"},"sameAs":["https:\/\/www.facebook.com\/Fuentes-Fidedignas-368234489921644","https:\/\/x.com\/fidedignas"]},{"@type":"Person","@id":"https:\/\/fuentesfidedignas.com.mx\/#\/schema\/person\/331be9283d37198e2acd5750279085b0","name":"Redacci\u00f3n","image":{"@type":"ImageObject","inLanguage":"es","@id":"https:\/\/secure.gravatar.com\/avatar\/f6d8782c11d12b2d4ad3fbb6931aeab5309937a4d6cd2fc9cfaa28a6396a5aec?s=96&d=mm&r=g","url":"https:\/\/secure.gravatar.com\/avatar\/f6d8782c11d12b2d4ad3fbb6931aeab5309937a4d6cd2fc9cfaa28a6396a5aec?s=96&d=mm&r=g","contentUrl":"https:\/\/secure.gravatar.com\/avatar\/f6d8782c11d12b2d4ad3fbb6931aeab5309937a4d6cd2fc9cfaa28a6396a5aec?s=96&d=mm&r=g","caption":"Redacci\u00f3n"},"url":"https:\/\/fuentesfidedignas.com.mx\/index.php\/author\/redaccion\/"}]}},"_links":{"self":[{"href":"https:\/\/fuentesfidedignas.com.mx\/index.php\/wp-json\/wp\/v2\/posts\/67085","targetHints":{"allow":["GET"]}}],"collection":[{"href":"https:\/\/fuentesfidedignas.com.mx\/index.php\/wp-json\/wp\/v2\/posts"}],"about":[{"href":"https:\/\/fuentesfidedignas.com.mx\/index.php\/wp-json\/wp\/v2\/types\/post"}],"author":[{"embeddable":true,"href":"https:\/\/fuentesfidedignas.com.mx\/index.php\/wp-json\/wp\/v2\/users\/4"}],"replies":[{"embeddable":true,"href":"https:\/\/fuentesfidedignas.com.mx\/index.php\/wp-json\/wp\/v2\/comments?post=67085"}],"version-history":[{"count":1,"href":"https:\/\/fuentesfidedignas.com.mx\/index.php\/wp-json\/wp\/v2\/posts\/67085\/revisions"}],"predecessor-version":[{"id":67087,"href":"https:\/\/fuentesfidedignas.com.mx\/index.php\/wp-json\/wp\/v2\/posts\/67085\/revisions\/67087"}],"wp:featuredmedia":[{"embeddable":true,"href":"https:\/\/fuentesfidedignas.com.mx\/index.php\/wp-json\/wp\/v2\/media\/67086"}],"wp:attachment":[{"href":"https:\/\/fuentesfidedignas.com.mx\/index.php\/wp-json\/wp\/v2\/media?parent=67085"}],"wp:term":[{"taxonomy":"category","embeddable":true,"href":"https:\/\/fuentesfidedignas.com.mx\/index.php\/wp-json\/wp\/v2\/categories?post=67085"},{"taxonomy":"post_tag","embeddable":true,"href":"https:\/\/fuentesfidedignas.com.mx\/index.php\/wp-json\/wp\/v2\/tags?post=67085"}],"curies":[{"name":"wp","href":"https:\/\/api.w.org\/{rel}","templated":true}]}}