{"id":67054,"date":"2023-11-28T16:18:50","date_gmt":"2023-11-28T23:18:50","guid":{"rendered":"https:\/\/fuentesfidedignas.com.mx\/?p=67054"},"modified":"2023-11-28T16:18:50","modified_gmt":"2023-11-28T23:18:50","slug":"beneficencia-publica-realiza-jornada-de-mapeo-de-procesadores-cocleares","status":"publish","type":"post","link":"https:\/\/fuentesfidedignas.com.mx\/index.php\/2023\/11\/28\/beneficencia-publica-realiza-jornada-de-mapeo-de-procesadores-cocleares\/","title":{"rendered":"Beneficencia P\u00fablica realiza Jornada de Mapeo de Procesadores Cocleares"},"content":{"rendered":"\n<p><strong><em>La directora general de Beneficencia P\u00fablica Alma Rosa L\u00f3pez se\u00f1al\u00f3 que el pr\u00f3ximo 8 de diciembre se entregar\u00e1n 50 procesadores cocleares a ni\u00f1as, ni\u00f1os y j\u00f3venes que necesiten de este apoyo.<\/em><\/strong><\/p>\n\n\n\n<p>Culiac\u00e1n, Sin.- Para ayudar a ni\u00f1as, ni\u00f1os y j\u00f3venes con problemas cong\u00e9nitos de audici\u00f3n, Beneficencia P\u00fablica contin\u00faa realizando jornadas de Mapeo de Procesadores Cocleares, un trabajo en conjunto que se encuentra realizando con el Hospital Pedi\u00e1trico de Sinaloa.<\/p>\n\n\n\n<p>La directora general de Beneficencia P\u00fablica Alma Rosa L\u00f3pez L\u00f3pez explic\u00f3 que esta jornada de mapeo es importante, ya que se tiene programada una segunda entrega de 50 Procesadores Cocleares para ni\u00f1os, ni\u00f1as y j\u00f3venes que requieran de este apoyo para el pr\u00f3ximo 8 de diciembre.<\/p>\n\n\n\n<p>Mencion\u00f3 que esta pr\u00f3xima entrega es posible gracias a las indicaciones del gobernador Rub\u00e9n Rocha Moya quien se encuentra constantemente buscando el bienestar para todas las personas, en especial las de los sectores m\u00e1s vulnerables. Ante esta declaraci\u00f3n, la directora general de Beneficencia P\u00fablica agreg\u00f3 que todos estos apoyos son completamente gratuitos.<\/p>\n\n\n\n<p>\u201cEn beneficencia p\u00fablica, el 8 de diciembre estaremos entregando 50 procesadores cocleares a ni\u00f1os, ni\u00f1as y j\u00f3venes que necesiten este apoyo, siguiendo las indicaciones del gobernador del Estado Rub\u00e9n Rocha Moya estamos apoyando a personas sordas y es completamente gratuito, todos los apoyos que est\u00e1 dando beneficencia p\u00fablica son completamente gratuitos\u201d, dijo.<\/p>\n\n\n\n<p>Estos mapeos de Procesadores Cocleares vienen en apoyo con la jornada de actualizaci\u00f3n de Procesadores Cocleares que realiza de manera conjunta la Beneficencia P\u00fablica y el Hospital Pedi\u00e1trico de Sinaloa, siendo hasta el momento 73 ni\u00f1as y ni\u00f1os favorecidos con este programa totalmente gratuito.<\/p>\n","protected":false},"excerpt":{"rendered":"<p>La directora general de Beneficencia P\u00fablica Alma Rosa L\u00f3pez se\u00f1al\u00f3 que el pr\u00f3ximo 8 de diciembre se entregar\u00e1n 50 procesadores cocleares a ni\u00f1as, ni\u00f1os y j\u00f3venes que necesiten de este apoyo. Culiac\u00e1n, Sin.- Para ayudar a ni\u00f1as, ni\u00f1os y j\u00f3venes con problemas cong\u00e9nitos de audici\u00f3n, Beneficencia P\u00fablica contin\u00faa realizando jornadas de Mapeo de Procesadores Cocleares, [&hellip;]<\/p>\n","protected":false},"author":4,"featured_media":67056,"comment_status":"open","ping_status":"open","sticky":false,"template":"","format":"standard","meta":{"tdm_status":"","tdm_grid_status":"","footnotes":""},"categories":[1],"tags":[],"class_list":{"0":"post-67054","1":"post","2":"type-post","3":"status-publish","4":"format-standard","5":"has-post-thumbnail","7":"category-sin-categoria"},"yoast_head":"<!-- This site is optimized with the Yoast SEO plugin v27.5 - https:\/\/yoast.com\/product\/yoast-seo-wordpress\/ -->\n<title>Beneficencia P\u00fablica realiza Jornada de Mapeo de Procesadores Cocleares - Fuentes Fidedignas<\/title>\n<meta name=\"robots\" content=\"index, follow, max-snippet:-1, max-image-preview:large, max-video-preview:-1\" \/>\n<link rel=\"canonical\" href=\"https:\/\/fuentesfidedignas.com.mx\/index.php\/2023\/11\/28\/beneficencia-publica-realiza-jornada-de-mapeo-de-procesadores-cocleares\/\" \/>\n<meta property=\"og:locale\" content=\"es_MX\" \/>\n<meta property=\"og:type\" content=\"article\" \/>\n<meta property=\"og:title\" content=\"Beneficencia P\u00fablica realiza Jornada de Mapeo de Procesadores Cocleares - Fuentes Fidedignas\" \/>\n<meta property=\"og:description\" content=\"La directora general de Beneficencia P\u00fablica Alma Rosa L\u00f3pez se\u00f1al\u00f3 que el pr\u00f3ximo 8 de diciembre se entregar\u00e1n 50 procesadores cocleares a ni\u00f1as, ni\u00f1os y j\u00f3venes que necesiten de este apoyo. Culiac\u00e1n, Sin.- Para ayudar a ni\u00f1as, ni\u00f1os y j\u00f3venes con problemas cong\u00e9nitos de audici\u00f3n, Beneficencia P\u00fablica contin\u00faa realizando jornadas de Mapeo de Procesadores Cocleares, [&hellip;]\" \/>\n<meta property=\"og:url\" content=\"https:\/\/fuentesfidedignas.com.mx\/index.php\/2023\/11\/28\/beneficencia-publica-realiza-jornada-de-mapeo-de-procesadores-cocleares\/\" \/>\n<meta property=\"og:site_name\" content=\"Fuentes Fidedignas\" \/>\n<meta property=\"article:publisher\" content=\"https:\/\/www.facebook.com\/Fuentes-Fidedignas-368234489921644\" \/>\n<meta property=\"article:published_time\" content=\"2023-11-28T23:18:50+00:00\" \/>\n<meta property=\"og:image\" content=\"https:\/\/fuentesfidedignas.com.mx\/wp-content\/uploads\/2023\/11\/I_CLOQUEARES.jpeg\" \/>\n\t<meta property=\"og:image:width\" content=\"1600\" \/>\n\t<meta property=\"og:image:height\" content=\"1038\" \/>\n\t<meta property=\"og:image:type\" content=\"image\/jpeg\" \/>\n<meta name=\"author\" content=\"Redacci\u00f3n\" \/>\n<meta name=\"twitter:card\" content=\"summary_large_image\" \/>\n<meta name=\"twitter:creator\" content=\"@fidedignas\" \/>\n<meta name=\"twitter:site\" content=\"@fidedignas\" \/>\n<meta name=\"twitter:label1\" content=\"Escrito por\" \/>\n\t<meta name=\"twitter:data1\" content=\"Redacci\u00f3n\" \/>\n\t<meta name=\"twitter:label2\" content=\"Tiempo de lectura\" \/>\n\t<meta name=\"twitter:data2\" content=\"2 minutos\" \/>\n<script type=\"application\/ld+json\" class=\"yoast-schema-graph\">{\"@context\":\"https:\\\/\\\/schema.org\",\"@graph\":[{\"@type\":\"Article\",\"@id\":\"https:\\\/\\\/fuentesfidedignas.com.mx\\\/index.php\\\/2023\\\/11\\\/28\\\/beneficencia-publica-realiza-jornada-de-mapeo-de-procesadores-cocleares\\\/#article\",\"isPartOf\":{\"@id\":\"https:\\\/\\\/fuentesfidedignas.com.mx\\\/index.php\\\/2023\\\/11\\\/28\\\/beneficencia-publica-realiza-jornada-de-mapeo-de-procesadores-cocleares\\\/\"},\"author\":{\"name\":\"Redacci\u00f3n\",\"@id\":\"https:\\\/\\\/fuentesfidedignas.com.mx\\\/#\\\/schema\\\/person\\\/331be9283d37198e2acd5750279085b0\"},\"headline\":\"Beneficencia P\u00fablica realiza Jornada de Mapeo de Procesadores Cocleares\",\"datePublished\":\"2023-11-28T23:18:50+00:00\",\"mainEntityOfPage\":{\"@id\":\"https:\\\/\\\/fuentesfidedignas.com.mx\\\/index.php\\\/2023\\\/11\\\/28\\\/beneficencia-publica-realiza-jornada-de-mapeo-de-procesadores-cocleares\\\/\"},\"wordCount\":307,\"commentCount\":0,\"publisher\":{\"@id\":\"https:\\\/\\\/fuentesfidedignas.com.mx\\\/#organization\"},\"image\":{\"@id\":\"https:\\\/\\\/fuentesfidedignas.com.mx\\\/index.php\\\/2023\\\/11\\\/28\\\/beneficencia-publica-realiza-jornada-de-mapeo-de-procesadores-cocleares\\\/#primaryimage\"},\"thumbnailUrl\":\"https:\\\/\\\/fuentesfidedignas.com.mx\\\/wp-content\\\/uploads\\\/2023\\\/11\\\/I_CLOQUEARES.jpeg\",\"inLanguage\":\"es\",\"potentialAction\":[{\"@type\":\"CommentAction\",\"name\":\"Comment\",\"target\":[\"https:\\\/\\\/fuentesfidedignas.com.mx\\\/index.php\\\/2023\\\/11\\\/28\\\/beneficencia-publica-realiza-jornada-de-mapeo-de-procesadores-cocleares\\\/#respond\"]}]},{\"@type\":\"WebPage\",\"@id\":\"https:\\\/\\\/fuentesfidedignas.com.mx\\\/index.php\\\/2023\\\/11\\\/28\\\/beneficencia-publica-realiza-jornada-de-mapeo-de-procesadores-cocleares\\\/\",\"url\":\"https:\\\/\\\/fuentesfidedignas.com.mx\\\/index.php\\\/2023\\\/11\\\/28\\\/beneficencia-publica-realiza-jornada-de-mapeo-de-procesadores-cocleares\\\/\",\"name\":\"Beneficencia P\u00fablica realiza Jornada de Mapeo de Procesadores Cocleares - Fuentes Fidedignas\",\"isPartOf\":{\"@id\":\"https:\\\/\\\/fuentesfidedignas.com.mx\\\/#website\"},\"primaryImageOfPage\":{\"@id\":\"https:\\\/\\\/fuentesfidedignas.com.mx\\\/index.php\\\/2023\\\/11\\\/28\\\/beneficencia-publica-realiza-jornada-de-mapeo-de-procesadores-cocleares\\\/#primaryimage\"},\"image\":{\"@id\":\"https:\\\/\\\/fuentesfidedignas.com.mx\\\/index.php\\\/2023\\\/11\\\/28\\\/beneficencia-publica-realiza-jornada-de-mapeo-de-procesadores-cocleares\\\/#primaryimage\"},\"thumbnailUrl\":\"https:\\\/\\\/fuentesfidedignas.com.mx\\\/wp-content\\\/uploads\\\/2023\\\/11\\\/I_CLOQUEARES.jpeg\",\"datePublished\":\"2023-11-28T23:18:50+00:00\",\"breadcrumb\":{\"@id\":\"https:\\\/\\\/fuentesfidedignas.com.mx\\\/index.php\\\/2023\\\/11\\\/28\\\/beneficencia-publica-realiza-jornada-de-mapeo-de-procesadores-cocleares\\\/#breadcrumb\"},\"inLanguage\":\"es\",\"potentialAction\":[{\"@type\":\"ReadAction\",\"target\":[\"https:\\\/\\\/fuentesfidedignas.com.mx\\\/index.php\\\/2023\\\/11\\\/28\\\/beneficencia-publica-realiza-jornada-de-mapeo-de-procesadores-cocleares\\\/\"]}]},{\"@type\":\"ImageObject\",\"inLanguage\":\"es\",\"@id\":\"https:\\\/\\\/fuentesfidedignas.com.mx\\\/index.php\\\/2023\\\/11\\\/28\\\/beneficencia-publica-realiza-jornada-de-mapeo-de-procesadores-cocleares\\\/#primaryimage\",\"url\":\"https:\\\/\\\/fuentesfidedignas.com.mx\\\/wp-content\\\/uploads\\\/2023\\\/11\\\/I_CLOQUEARES.jpeg\",\"contentUrl\":\"https:\\\/\\\/fuentesfidedignas.com.mx\\\/wp-content\\\/uploads\\\/2023\\\/11\\\/I_CLOQUEARES.jpeg\",\"width\":1600,\"height\":1038},{\"@type\":\"BreadcrumbList\",\"@id\":\"https:\\\/\\\/fuentesfidedignas.com.mx\\\/index.php\\\/2023\\\/11\\\/28\\\/beneficencia-publica-realiza-jornada-de-mapeo-de-procesadores-cocleares\\\/#breadcrumb\",\"itemListElement\":[{\"@type\":\"ListItem\",\"position\":1,\"name\":\"Inicio\",\"item\":\"https:\\\/\\\/fuentesfidedignas.com.mx\\\/\"},{\"@type\":\"ListItem\",\"position\":2,\"name\":\"Beneficencia P\u00fablica realiza Jornada de Mapeo de Procesadores Cocleares\"}]},{\"@type\":\"WebSite\",\"@id\":\"https:\\\/\\\/fuentesfidedignas.com.mx\\\/#website\",\"url\":\"https:\\\/\\\/fuentesfidedignas.com.mx\\\/\",\"name\":\"Fuentes Fidedignas\",\"description\":\"Otro sitio realizado con WordPress\",\"publisher\":{\"@id\":\"https:\\\/\\\/fuentesfidedignas.com.mx\\\/#organization\"},\"potentialAction\":[{\"@type\":\"SearchAction\",\"target\":{\"@type\":\"EntryPoint\",\"urlTemplate\":\"https:\\\/\\\/fuentesfidedignas.com.mx\\\/?s={search_term_string}\"},\"query-input\":{\"@type\":\"PropertyValueSpecification\",\"valueRequired\":true,\"valueName\":\"search_term_string\"}}],\"inLanguage\":\"es\"},{\"@type\":\"Organization\",\"@id\":\"https:\\\/\\\/fuentesfidedignas.com.mx\\\/#organization\",\"name\":\"Fuentes Fidedignas\",\"url\":\"https:\\\/\\\/fuentesfidedignas.com.mx\\\/\",\"logo\":{\"@type\":\"ImageObject\",\"inLanguage\":\"es\",\"@id\":\"https:\\\/\\\/fuentesfidedignas.com.mx\\\/#\\\/schema\\\/logo\\\/image\\\/\",\"url\":\"https:\\\/\\\/fuentesfidedignas.com.mx\\\/wp-content\\\/uploads\\\/2021\\\/04\\\/logo-retina.png\",\"contentUrl\":\"https:\\\/\\\/fuentesfidedignas.com.mx\\\/wp-content\\\/uploads\\\/2021\\\/04\\\/logo-retina.png\",\"width\":280,\"height\":51,\"caption\":\"Fuentes Fidedignas\"},\"image\":{\"@id\":\"https:\\\/\\\/fuentesfidedignas.com.mx\\\/#\\\/schema\\\/logo\\\/image\\\/\"},\"sameAs\":[\"https:\\\/\\\/www.facebook.com\\\/Fuentes-Fidedignas-368234489921644\",\"https:\\\/\\\/x.com\\\/fidedignas\"]},{\"@type\":\"Person\",\"@id\":\"https:\\\/\\\/fuentesfidedignas.com.mx\\\/#\\\/schema\\\/person\\\/331be9283d37198e2acd5750279085b0\",\"name\":\"Redacci\u00f3n\",\"image\":{\"@type\":\"ImageObject\",\"inLanguage\":\"es\",\"@id\":\"https:\\\/\\\/secure.gravatar.com\\\/avatar\\\/f6d8782c11d12b2d4ad3fbb6931aeab5309937a4d6cd2fc9cfaa28a6396a5aec?s=96&d=mm&r=g\",\"url\":\"https:\\\/\\\/secure.gravatar.com\\\/avatar\\\/f6d8782c11d12b2d4ad3fbb6931aeab5309937a4d6cd2fc9cfaa28a6396a5aec?s=96&d=mm&r=g\",\"contentUrl\":\"https:\\\/\\\/secure.gravatar.com\\\/avatar\\\/f6d8782c11d12b2d4ad3fbb6931aeab5309937a4d6cd2fc9cfaa28a6396a5aec?s=96&d=mm&r=g\",\"caption\":\"Redacci\u00f3n\"},\"url\":\"https:\\\/\\\/fuentesfidedignas.com.mx\\\/index.php\\\/author\\\/redaccion\\\/\"}]}<\/script>\n<!-- \/ Yoast SEO plugin. -->","yoast_head_json":{"title":"Beneficencia P\u00fablica realiza Jornada de Mapeo de Procesadores Cocleares - Fuentes Fidedignas","robots":{"index":"index","follow":"follow","max-snippet":"max-snippet:-1","max-image-preview":"max-image-preview:large","max-video-preview":"max-video-preview:-1"},"canonical":"https:\/\/fuentesfidedignas.com.mx\/index.php\/2023\/11\/28\/beneficencia-publica-realiza-jornada-de-mapeo-de-procesadores-cocleares\/","og_locale":"es_MX","og_type":"article","og_title":"Beneficencia P\u00fablica realiza Jornada de Mapeo de Procesadores Cocleares - Fuentes Fidedignas","og_description":"La directora general de Beneficencia P\u00fablica Alma Rosa L\u00f3pez se\u00f1al\u00f3 que el pr\u00f3ximo 8 de diciembre se entregar\u00e1n 50 procesadores cocleares a ni\u00f1as, ni\u00f1os y j\u00f3venes que necesiten de este apoyo. Culiac\u00e1n, Sin.- Para ayudar a ni\u00f1as, ni\u00f1os y j\u00f3venes con problemas cong\u00e9nitos de audici\u00f3n, Beneficencia P\u00fablica contin\u00faa realizando jornadas de Mapeo de Procesadores Cocleares, [&hellip;]","og_url":"https:\/\/fuentesfidedignas.com.mx\/index.php\/2023\/11\/28\/beneficencia-publica-realiza-jornada-de-mapeo-de-procesadores-cocleares\/","og_site_name":"Fuentes Fidedignas","article_publisher":"https:\/\/www.facebook.com\/Fuentes-Fidedignas-368234489921644","article_published_time":"2023-11-28T23:18:50+00:00","og_image":[{"width":1600,"height":1038,"url":"https:\/\/fuentesfidedignas.com.mx\/wp-content\/uploads\/2023\/11\/I_CLOQUEARES.jpeg","type":"image\/jpeg"}],"author":"Redacci\u00f3n","twitter_card":"summary_large_image","twitter_creator":"@fidedignas","twitter_site":"@fidedignas","twitter_misc":{"Escrito por":"Redacci\u00f3n","Tiempo de lectura":"2 minutos"},"schema":{"@context":"https:\/\/schema.org","@graph":[{"@type":"Article","@id":"https:\/\/fuentesfidedignas.com.mx\/index.php\/2023\/11\/28\/beneficencia-publica-realiza-jornada-de-mapeo-de-procesadores-cocleares\/#article","isPartOf":{"@id":"https:\/\/fuentesfidedignas.com.mx\/index.php\/2023\/11\/28\/beneficencia-publica-realiza-jornada-de-mapeo-de-procesadores-cocleares\/"},"author":{"name":"Redacci\u00f3n","@id":"https:\/\/fuentesfidedignas.com.mx\/#\/schema\/person\/331be9283d37198e2acd5750279085b0"},"headline":"Beneficencia P\u00fablica realiza Jornada de Mapeo de Procesadores Cocleares","datePublished":"2023-11-28T23:18:50+00:00","mainEntityOfPage":{"@id":"https:\/\/fuentesfidedignas.com.mx\/index.php\/2023\/11\/28\/beneficencia-publica-realiza-jornada-de-mapeo-de-procesadores-cocleares\/"},"wordCount":307,"commentCount":0,"publisher":{"@id":"https:\/\/fuentesfidedignas.com.mx\/#organization"},"image":{"@id":"https:\/\/fuentesfidedignas.com.mx\/index.php\/2023\/11\/28\/beneficencia-publica-realiza-jornada-de-mapeo-de-procesadores-cocleares\/#primaryimage"},"thumbnailUrl":"https:\/\/fuentesfidedignas.com.mx\/wp-content\/uploads\/2023\/11\/I_CLOQUEARES.jpeg","inLanguage":"es","potentialAction":[{"@type":"CommentAction","name":"Comment","target":["https:\/\/fuentesfidedignas.com.mx\/index.php\/2023\/11\/28\/beneficencia-publica-realiza-jornada-de-mapeo-de-procesadores-cocleares\/#respond"]}]},{"@type":"WebPage","@id":"https:\/\/fuentesfidedignas.com.mx\/index.php\/2023\/11\/28\/beneficencia-publica-realiza-jornada-de-mapeo-de-procesadores-cocleares\/","url":"https:\/\/fuentesfidedignas.com.mx\/index.php\/2023\/11\/28\/beneficencia-publica-realiza-jornada-de-mapeo-de-procesadores-cocleares\/","name":"Beneficencia P\u00fablica realiza Jornada de Mapeo de Procesadores Cocleares - Fuentes Fidedignas","isPartOf":{"@id":"https:\/\/fuentesfidedignas.com.mx\/#website"},"primaryImageOfPage":{"@id":"https:\/\/fuentesfidedignas.com.mx\/index.php\/2023\/11\/28\/beneficencia-publica-realiza-jornada-de-mapeo-de-procesadores-cocleares\/#primaryimage"},"image":{"@id":"https:\/\/fuentesfidedignas.com.mx\/index.php\/2023\/11\/28\/beneficencia-publica-realiza-jornada-de-mapeo-de-procesadores-cocleares\/#primaryimage"},"thumbnailUrl":"https:\/\/fuentesfidedignas.com.mx\/wp-content\/uploads\/2023\/11\/I_CLOQUEARES.jpeg","datePublished":"2023-11-28T23:18:50+00:00","breadcrumb":{"@id":"https:\/\/fuentesfidedignas.com.mx\/index.php\/2023\/11\/28\/beneficencia-publica-realiza-jornada-de-mapeo-de-procesadores-cocleares\/#breadcrumb"},"inLanguage":"es","potentialAction":[{"@type":"ReadAction","target":["https:\/\/fuentesfidedignas.com.mx\/index.php\/2023\/11\/28\/beneficencia-publica-realiza-jornada-de-mapeo-de-procesadores-cocleares\/"]}]},{"@type":"ImageObject","inLanguage":"es","@id":"https:\/\/fuentesfidedignas.com.mx\/index.php\/2023\/11\/28\/beneficencia-publica-realiza-jornada-de-mapeo-de-procesadores-cocleares\/#primaryimage","url":"https:\/\/fuentesfidedignas.com.mx\/wp-content\/uploads\/2023\/11\/I_CLOQUEARES.jpeg","contentUrl":"https:\/\/fuentesfidedignas.com.mx\/wp-content\/uploads\/2023\/11\/I_CLOQUEARES.jpeg","width":1600,"height":1038},{"@type":"BreadcrumbList","@id":"https:\/\/fuentesfidedignas.com.mx\/index.php\/2023\/11\/28\/beneficencia-publica-realiza-jornada-de-mapeo-de-procesadores-cocleares\/#breadcrumb","itemListElement":[{"@type":"ListItem","position":1,"name":"Inicio","item":"https:\/\/fuentesfidedignas.com.mx\/"},{"@type":"ListItem","position":2,"name":"Beneficencia P\u00fablica realiza Jornada de Mapeo de Procesadores Cocleares"}]},{"@type":"WebSite","@id":"https:\/\/fuentesfidedignas.com.mx\/#website","url":"https:\/\/fuentesfidedignas.com.mx\/","name":"Fuentes Fidedignas","description":"Otro sitio realizado con WordPress","publisher":{"@id":"https:\/\/fuentesfidedignas.com.mx\/#organization"},"potentialAction":[{"@type":"SearchAction","target":{"@type":"EntryPoint","urlTemplate":"https:\/\/fuentesfidedignas.com.mx\/?s={search_term_string}"},"query-input":{"@type":"PropertyValueSpecification","valueRequired":true,"valueName":"search_term_string"}}],"inLanguage":"es"},{"@type":"Organization","@id":"https:\/\/fuentesfidedignas.com.mx\/#organization","name":"Fuentes Fidedignas","url":"https:\/\/fuentesfidedignas.com.mx\/","logo":{"@type":"ImageObject","inLanguage":"es","@id":"https:\/\/fuentesfidedignas.com.mx\/#\/schema\/logo\/image\/","url":"https:\/\/fuentesfidedignas.com.mx\/wp-content\/uploads\/2021\/04\/logo-retina.png","contentUrl":"https:\/\/fuentesfidedignas.com.mx\/wp-content\/uploads\/2021\/04\/logo-retina.png","width":280,"height":51,"caption":"Fuentes Fidedignas"},"image":{"@id":"https:\/\/fuentesfidedignas.com.mx\/#\/schema\/logo\/image\/"},"sameAs":["https:\/\/www.facebook.com\/Fuentes-Fidedignas-368234489921644","https:\/\/x.com\/fidedignas"]},{"@type":"Person","@id":"https:\/\/fuentesfidedignas.com.mx\/#\/schema\/person\/331be9283d37198e2acd5750279085b0","name":"Redacci\u00f3n","image":{"@type":"ImageObject","inLanguage":"es","@id":"https:\/\/secure.gravatar.com\/avatar\/f6d8782c11d12b2d4ad3fbb6931aeab5309937a4d6cd2fc9cfaa28a6396a5aec?s=96&d=mm&r=g","url":"https:\/\/secure.gravatar.com\/avatar\/f6d8782c11d12b2d4ad3fbb6931aeab5309937a4d6cd2fc9cfaa28a6396a5aec?s=96&d=mm&r=g","contentUrl":"https:\/\/secure.gravatar.com\/avatar\/f6d8782c11d12b2d4ad3fbb6931aeab5309937a4d6cd2fc9cfaa28a6396a5aec?s=96&d=mm&r=g","caption":"Redacci\u00f3n"},"url":"https:\/\/fuentesfidedignas.com.mx\/index.php\/author\/redaccion\/"}]}},"_links":{"self":[{"href":"https:\/\/fuentesfidedignas.com.mx\/index.php\/wp-json\/wp\/v2\/posts\/67054","targetHints":{"allow":["GET"]}}],"collection":[{"href":"https:\/\/fuentesfidedignas.com.mx\/index.php\/wp-json\/wp\/v2\/posts"}],"about":[{"href":"https:\/\/fuentesfidedignas.com.mx\/index.php\/wp-json\/wp\/v2\/types\/post"}],"author":[{"embeddable":true,"href":"https:\/\/fuentesfidedignas.com.mx\/index.php\/wp-json\/wp\/v2\/users\/4"}],"replies":[{"embeddable":true,"href":"https:\/\/fuentesfidedignas.com.mx\/index.php\/wp-json\/wp\/v2\/comments?post=67054"}],"version-history":[{"count":1,"href":"https:\/\/fuentesfidedignas.com.mx\/index.php\/wp-json\/wp\/v2\/posts\/67054\/revisions"}],"predecessor-version":[{"id":67057,"href":"https:\/\/fuentesfidedignas.com.mx\/index.php\/wp-json\/wp\/v2\/posts\/67054\/revisions\/67057"}],"wp:featuredmedia":[{"embeddable":true,"href":"https:\/\/fuentesfidedignas.com.mx\/index.php\/wp-json\/wp\/v2\/media\/67056"}],"wp:attachment":[{"href":"https:\/\/fuentesfidedignas.com.mx\/index.php\/wp-json\/wp\/v2\/media?parent=67054"}],"wp:term":[{"taxonomy":"category","embeddable":true,"href":"https:\/\/fuentesfidedignas.com.mx\/index.php\/wp-json\/wp\/v2\/categories?post=67054"},{"taxonomy":"post_tag","embeddable":true,"href":"https:\/\/fuentesfidedignas.com.mx\/index.php\/wp-json\/wp\/v2\/tags?post=67054"}],"curies":[{"name":"wp","href":"https:\/\/api.w.org\/{rel}","templated":true}]}}