{"id":66967,"date":"2023-11-28T05:49:45","date_gmt":"2023-11-28T12:49:45","guid":{"rendered":"https:\/\/fuentesfidedignas.com.mx\/?p=66967"},"modified":"2023-11-27T17:50:34","modified_gmt":"2023-11-28T00:50:34","slug":"norteamerica-va-al-rescate-del-flamenco-rosado","status":"publish","type":"post","link":"https:\/\/fuentesfidedignas.com.mx\/index.php\/2023\/11\/28\/norteamerica-va-al-rescate-del-flamenco-rosado\/","title":{"rendered":"Norteam\u00e9rica va al rescate del flamenco rosado"},"content":{"rendered":"\n<p><strong><em>Los tres pa\u00edses de la regi\u00f3n buscan intercambio de informaci\u00f3n para mejorar las pr\u00e1cticas que lleven a sobrevivir a las especies en riesgo<\/em><\/strong><\/p>\n\n\n\n<p>Por primera vez en la historia del pa\u00eds, la Comisi\u00f3n Nacional de \u00c1reas Naturales Protegidas (Conanp) de la Secretar\u00eda de Medio Ambiente y Recursos Naturales (Semarnat) tiene la coordinaci\u00f3n del Comit\u00e9 Intergubernamental Norteamericano de Cooperaci\u00f3n para la Conservaci\u00f3n y Protecci\u00f3n de las \u00c1reas Protegidas y Silvestres (NAWPA) que integran Estados Unidos, Canad\u00e1 y M\u00e9xico.<\/p>\n\n\n\n<p>En entrevista, el comisionado nacional de \u00c1reas Naturales Protegidas, Humberto Ad\u00e1n Pe\u00f1a Fuentes, asegur\u00f3 que M\u00e9xico comparte cinco especies binacionales con Estados Unidos y Canad\u00e1, entre las que destacan la mariposa monarca, el jaguar, tortuga lora, bisonte, lobo mexicano y el flamenco rosado, para el cual se buscar\u00e1 la protecci\u00f3n trilateral en los pr\u00f3ximos meses.<\/p>\n\n\n\n<p>Agreg\u00f3 que desde hace a\u00f1os se le ha dado puntual seguimiento a un jaguar transfronterizo que cruza los estados de Sinaloa y Sonora para llegar a Texas al que han bautizado El Jefe en Estados Unidos cuando lo ven correr en sus planicies.<\/p>\n\n\n\n<p>Otras de las especies que han estado registradas en algunas \u00e1reas protegidas de M\u00e9xico, son las \u00e1guilas calvas que son s\u00edmbolo de la bandera del pa\u00eds norteamericano y a la inversa las \u00e1guilas reales que cruzan la frontera norte; adem\u00e1s de las tortugas lora.<\/p>\n\n\n\n<p>\u201cS\u00ed hemos identificado especies prioritarias, pero son cientos de especies que transcurren las fronteras, entre ellas el jaguar. Hay jaguares transfronterizos, uno espec\u00edficamente que cruza desde Sinaloa, Sonora a Texas. Tambi\u00e9n tenemos registro de \u00e1guilas reales, \u00e1guilas calvas, tortugas lora; principalmente las mariposas monarca, bisontes, lobo mexicano\u201d.<\/p>\n\n\n\n<p>Agreg\u00f3 que una especie que ha sido rescatada de su extinci\u00f3n es el c\u00f3ndor de California que fue reintroducido en el Parque San Pedro M\u00e1rtir, el cual ya tiene algunos ejemplares volando en esta \u00e1rea protegida del pa\u00eds.<\/p>\n\n\n\n<p>Una de las principales propuestas que est\u00e1n dentro de los cuatro ejes que plantear\u00e1 la Conanp en el Comit\u00e9 Intergubernamental Norteamericano de Cooperaci\u00f3n para la Conservaci\u00f3n y Protecci\u00f3n de las \u00c1reas Protegidas y Silvestres es la protecci\u00f3n al flamenco; adem\u00e1s del intercambio de experiencias de pueblos ind\u00edgenas para el manejo de \u00e1reas naturales, especies prioritarias y la visitaci\u00f3n de personas a las \u00e1reas naturales despu\u00e9s de la pandemia por covid-19.<\/p>\n\n\n\n<p>\u201c\u00bfQu\u00e9 queremos hacer? Cuatro cosas muy puntuales en este a\u00f1o pr\u00f3ximo: uno, intercambio de pueblos ind\u00edgenas, que \u00e9stos compartan experiencias con los de Canad\u00e1 y con los de Estados Unidos para ver c\u00f3mo manejan sus \u00e1reas naturales; tambi\u00e9n, el tema de las especies prioritarias, particularmente bisonte. Queremos trabajar con el bisonte de una manera importante, y queremos hacer uno importante, el de los flamencos\u201d<\/p>\n\n\n\n<p>Cabe destacar que dentro de las \u00e1reas protegidas de M\u00e9xico se tienen los mayores centros de anidaci\u00f3n, que se han logrado contabilizar tan s\u00f3lo en este a\u00f1o m\u00e1s de 24 mil ejemplares que migran del sur de Estados Unidos a M\u00e9xico.<\/p>\n\n\n\n<p>De acuerdo con los registros de la Conanp, los flamencos rosados se pueden encontrar en la pen\u00ednsula de Yucat\u00e1n, espec\u00edficamente en lugares como Celest\u00fan, R\u00edo Lagartos, Uaymit\u00fan, Bocas de Dzilam, San Felipe, Las Coloradas, El Cuyo, Pet\u00e9n H\u00fa, Punta Mecoh y Yalmacal, estos lugares ofrecen las condiciones adecuadas para que estas aves puedan anidar y alimentarse.<\/p>\n\n\n\n<p>A decir del Comisionado, Humberto Ad\u00e1n Pe\u00f1a Fuentes muchas de estas aves emigran en distintas \u00e9pocas a Cuba o Florida; agreg\u00f3 que la mejor \u00e9poca para observar a estos p\u00e1jaros en M\u00e9xico es entre los meses de mayo y julio, cuando llegan al lugar para reproducirse. Sin embargo, en Celest\u00fan se observan todo el a\u00f1o debido a la presencia de una gran colonia de flamencos residentes.<\/p>\n\n\n\n<p>\u201cQueremos proponerles, como se ve esta especie con el cambio clim\u00e1tico, ver si han cambiado sus h\u00e1bitos de anidaci\u00f3n, esa informaci\u00f3n la queremos cruzar con ellos\u201d.<\/p>\n\n\n\n<p>Otra de las especies que se ha logrado reintroducir con \u00e9xito es el bisonte que se inici\u00f3 con 12 especies que fueron donadas para tener en la actualidad 400 que pueden caminar de M\u00e9xico hasta Canad\u00e1.<\/p>\n\n\n\n<p>\u201cM\u00e9xico ten\u00eda una gran cobertura de pastizales y que han venido recuper\u00e1ndose en \u00e1reas naturales protegidas que llegan hasta Estados Unidos y de Estados Unidos hasta Canad\u00e1; en estos pastizales corr\u00edan esos grandes bisontes, este tambi\u00e9n es un trabajo coordinado; logramos reintroducir la especie, ya tenemos casi 400 bisontes, cuando solamente nos donaron 12 y ahora ellos est\u00e1n interesados mucho en esta iniciativa de pastizales\u201d.<\/p>\n\n\n\n<p>Este programa es en colaboraci\u00f3n con el gobierno de Estados Unidos, incluso ya se tiene un permiso especial para que ind\u00edgenas norteamericanos crucen la frontera mexicana para realizar sus rituales de cacer\u00eda, sin llevarla a cabo en llanuras con esta especie.<\/p>\n\n\n\n<p>Ser\u00e1 en el pr\u00f3ximo a\u00f1o, cuando la Comisi\u00f3n Nacional de \u00c1reas Naturales Protegidas, proponga en el Comit\u00e9 Intergubernamental Norteamericano de Cooperaci\u00f3n para la Conservaci\u00f3n y Protecci\u00f3n de las \u00c1reas Protegidas y Silvestres (NAWPA) que integran Estados Unidos, Canad\u00e1 y M\u00e9xico, la protecci\u00f3n a los flamencos, lo que podr\u00eda aumentar el n\u00famero de esta especie considerada un espect\u00e1culo en las zonas de anidaci\u00f3n.<\/p>\n","protected":false},"excerpt":{"rendered":"<p>Los tres pa\u00edses de la regi\u00f3n buscan intercambio de informaci\u00f3n para mejorar las pr\u00e1cticas que lleven a sobrevivir a las especies en riesgo Por primera vez en la historia del pa\u00eds, la Comisi\u00f3n Nacional de \u00c1reas Naturales Protegidas (Conanp) de la Secretar\u00eda de Medio Ambiente y Recursos Naturales (Semarnat) tiene la coordinaci\u00f3n del Comit\u00e9 Intergubernamental [&hellip;]<\/p>\n","protected":false},"author":7,"featured_media":66968,"comment_status":"open","ping_status":"open","sticky":false,"template":"","format":"standard","meta":{"tdm_status":"","tdm_grid_status":"","footnotes":""},"categories":[32,36],"tags":[],"class_list":{"0":"post-66967","1":"post","2":"type-post","3":"status-publish","4":"format-standard","5":"has-post-thumbnail","7":"category-derechos-animales","8":"category-semanales"},"yoast_head":"<!-- This site is optimized with the Yoast SEO plugin v27.5 - https:\/\/yoast.com\/product\/yoast-seo-wordpress\/ -->\n<title>Norteam\u00e9rica va al rescate del flamenco rosado - Fuentes Fidedignas<\/title>\n<meta name=\"robots\" content=\"index, follow, max-snippet:-1, max-image-preview:large, max-video-preview:-1\" \/>\n<link rel=\"canonical\" href=\"https:\/\/fuentesfidedignas.com.mx\/index.php\/2023\/11\/28\/norteamerica-va-al-rescate-del-flamenco-rosado\/\" \/>\n<meta property=\"og:locale\" content=\"es_MX\" \/>\n<meta property=\"og:type\" content=\"article\" \/>\n<meta property=\"og:title\" content=\"Norteam\u00e9rica va al rescate del flamenco rosado - Fuentes Fidedignas\" \/>\n<meta property=\"og:description\" content=\"Los tres pa\u00edses de la regi\u00f3n buscan intercambio de informaci\u00f3n para mejorar las pr\u00e1cticas que lleven a sobrevivir a las especies en riesgo Por primera vez en la historia del pa\u00eds, la Comisi\u00f3n Nacional de \u00c1reas Naturales Protegidas (Conanp) de la Secretar\u00eda de Medio Ambiente y Recursos Naturales (Semarnat) tiene la coordinaci\u00f3n del Comit\u00e9 Intergubernamental [&hellip;]\" \/>\n<meta property=\"og:url\" content=\"https:\/\/fuentesfidedignas.com.mx\/index.php\/2023\/11\/28\/norteamerica-va-al-rescate-del-flamenco-rosado\/\" \/>\n<meta property=\"og:site_name\" content=\"Fuentes Fidedignas\" \/>\n<meta property=\"article:publisher\" content=\"https:\/\/www.facebook.com\/Fuentes-Fidedignas-368234489921644\" \/>\n<meta property=\"article:published_time\" content=\"2023-11-28T12:49:45+00:00\" \/>\n<meta property=\"og:image\" content=\"https:\/\/fuentesfidedignas.com.mx\/wp-content\/uploads\/2023\/11\/FLAMENCO_ROSADO.jpg\" \/>\n\t<meta property=\"og:image:width\" content=\"800\" \/>\n\t<meta property=\"og:image:height\" content=\"600\" \/>\n\t<meta property=\"og:image:type\" content=\"image\/jpeg\" \/>\n<meta name=\"author\" content=\"Exc\u00e9lsior\" \/>\n<meta name=\"twitter:card\" content=\"summary_large_image\" \/>\n<meta name=\"twitter:creator\" content=\"@fidedignas\" \/>\n<meta name=\"twitter:site\" content=\"@fidedignas\" \/>\n<meta name=\"twitter:label1\" content=\"Escrito por\" \/>\n\t<meta name=\"twitter:data1\" content=\"Exc\u00e9lsior\" \/>\n\t<meta name=\"twitter:label2\" content=\"Tiempo de lectura\" \/>\n\t<meta name=\"twitter:data2\" content=\"4 minutos\" \/>\n<script type=\"application\/ld+json\" class=\"yoast-schema-graph\">{\"@context\":\"https:\\\/\\\/schema.org\",\"@graph\":[{\"@type\":\"Article\",\"@id\":\"https:\\\/\\\/fuentesfidedignas.com.mx\\\/index.php\\\/2023\\\/11\\\/28\\\/norteamerica-va-al-rescate-del-flamenco-rosado\\\/#article\",\"isPartOf\":{\"@id\":\"https:\\\/\\\/fuentesfidedignas.com.mx\\\/index.php\\\/2023\\\/11\\\/28\\\/norteamerica-va-al-rescate-del-flamenco-rosado\\\/\"},\"author\":{\"name\":\"Exc\u00e9lsior\",\"@id\":\"https:\\\/\\\/fuentesfidedignas.com.mx\\\/#\\\/schema\\\/person\\\/ec4edd1fbf5efa3e44fce34fe2787780\"},\"headline\":\"Norteam\u00e9rica va al rescate del flamenco rosado\",\"datePublished\":\"2023-11-28T12:49:45+00:00\",\"mainEntityOfPage\":{\"@id\":\"https:\\\/\\\/fuentesfidedignas.com.mx\\\/index.php\\\/2023\\\/11\\\/28\\\/norteamerica-va-al-rescate-del-flamenco-rosado\\\/\"},\"wordCount\":921,\"commentCount\":0,\"publisher\":{\"@id\":\"https:\\\/\\\/fuentesfidedignas.com.mx\\\/#organization\"},\"image\":{\"@id\":\"https:\\\/\\\/fuentesfidedignas.com.mx\\\/index.php\\\/2023\\\/11\\\/28\\\/norteamerica-va-al-rescate-del-flamenco-rosado\\\/#primaryimage\"},\"thumbnailUrl\":\"https:\\\/\\\/fuentesfidedignas.com.mx\\\/wp-content\\\/uploads\\\/2023\\\/11\\\/FLAMENCO_ROSADO.jpg\",\"articleSection\":[\"DERECHOS ANIMALES\",\"SEMANALES\"],\"inLanguage\":\"es\",\"potentialAction\":[{\"@type\":\"CommentAction\",\"name\":\"Comment\",\"target\":[\"https:\\\/\\\/fuentesfidedignas.com.mx\\\/index.php\\\/2023\\\/11\\\/28\\\/norteamerica-va-al-rescate-del-flamenco-rosado\\\/#respond\"]}]},{\"@type\":\"WebPage\",\"@id\":\"https:\\\/\\\/fuentesfidedignas.com.mx\\\/index.php\\\/2023\\\/11\\\/28\\\/norteamerica-va-al-rescate-del-flamenco-rosado\\\/\",\"url\":\"https:\\\/\\\/fuentesfidedignas.com.mx\\\/index.php\\\/2023\\\/11\\\/28\\\/norteamerica-va-al-rescate-del-flamenco-rosado\\\/\",\"name\":\"Norteam\u00e9rica va al rescate del flamenco rosado - Fuentes Fidedignas\",\"isPartOf\":{\"@id\":\"https:\\\/\\\/fuentesfidedignas.com.mx\\\/#website\"},\"primaryImageOfPage\":{\"@id\":\"https:\\\/\\\/fuentesfidedignas.com.mx\\\/index.php\\\/2023\\\/11\\\/28\\\/norteamerica-va-al-rescate-del-flamenco-rosado\\\/#primaryimage\"},\"image\":{\"@id\":\"https:\\\/\\\/fuentesfidedignas.com.mx\\\/index.php\\\/2023\\\/11\\\/28\\\/norteamerica-va-al-rescate-del-flamenco-rosado\\\/#primaryimage\"},\"thumbnailUrl\":\"https:\\\/\\\/fuentesfidedignas.com.mx\\\/wp-content\\\/uploads\\\/2023\\\/11\\\/FLAMENCO_ROSADO.jpg\",\"datePublished\":\"2023-11-28T12:49:45+00:00\",\"breadcrumb\":{\"@id\":\"https:\\\/\\\/fuentesfidedignas.com.mx\\\/index.php\\\/2023\\\/11\\\/28\\\/norteamerica-va-al-rescate-del-flamenco-rosado\\\/#breadcrumb\"},\"inLanguage\":\"es\",\"potentialAction\":[{\"@type\":\"ReadAction\",\"target\":[\"https:\\\/\\\/fuentesfidedignas.com.mx\\\/index.php\\\/2023\\\/11\\\/28\\\/norteamerica-va-al-rescate-del-flamenco-rosado\\\/\"]}]},{\"@type\":\"ImageObject\",\"inLanguage\":\"es\",\"@id\":\"https:\\\/\\\/fuentesfidedignas.com.mx\\\/index.php\\\/2023\\\/11\\\/28\\\/norteamerica-va-al-rescate-del-flamenco-rosado\\\/#primaryimage\",\"url\":\"https:\\\/\\\/fuentesfidedignas.com.mx\\\/wp-content\\\/uploads\\\/2023\\\/11\\\/FLAMENCO_ROSADO.jpg\",\"contentUrl\":\"https:\\\/\\\/fuentesfidedignas.com.mx\\\/wp-content\\\/uploads\\\/2023\\\/11\\\/FLAMENCO_ROSADO.jpg\",\"width\":800,\"height\":600},{\"@type\":\"BreadcrumbList\",\"@id\":\"https:\\\/\\\/fuentesfidedignas.com.mx\\\/index.php\\\/2023\\\/11\\\/28\\\/norteamerica-va-al-rescate-del-flamenco-rosado\\\/#breadcrumb\",\"itemListElement\":[{\"@type\":\"ListItem\",\"position\":1,\"name\":\"Inicio\",\"item\":\"https:\\\/\\\/fuentesfidedignas.com.mx\\\/\"},{\"@type\":\"ListItem\",\"position\":2,\"name\":\"Norteam\u00e9rica va al rescate del flamenco rosado\"}]},{\"@type\":\"WebSite\",\"@id\":\"https:\\\/\\\/fuentesfidedignas.com.mx\\\/#website\",\"url\":\"https:\\\/\\\/fuentesfidedignas.com.mx\\\/\",\"name\":\"Fuentes Fidedignas\",\"description\":\"Otro sitio realizado con WordPress\",\"publisher\":{\"@id\":\"https:\\\/\\\/fuentesfidedignas.com.mx\\\/#organization\"},\"potentialAction\":[{\"@type\":\"SearchAction\",\"target\":{\"@type\":\"EntryPoint\",\"urlTemplate\":\"https:\\\/\\\/fuentesfidedignas.com.mx\\\/?s={search_term_string}\"},\"query-input\":{\"@type\":\"PropertyValueSpecification\",\"valueRequired\":true,\"valueName\":\"search_term_string\"}}],\"inLanguage\":\"es\"},{\"@type\":\"Organization\",\"@id\":\"https:\\\/\\\/fuentesfidedignas.com.mx\\\/#organization\",\"name\":\"Fuentes Fidedignas\",\"url\":\"https:\\\/\\\/fuentesfidedignas.com.mx\\\/\",\"logo\":{\"@type\":\"ImageObject\",\"inLanguage\":\"es\",\"@id\":\"https:\\\/\\\/fuentesfidedignas.com.mx\\\/#\\\/schema\\\/logo\\\/image\\\/\",\"url\":\"https:\\\/\\\/fuentesfidedignas.com.mx\\\/wp-content\\\/uploads\\\/2021\\\/04\\\/logo-retina.png\",\"contentUrl\":\"https:\\\/\\\/fuentesfidedignas.com.mx\\\/wp-content\\\/uploads\\\/2021\\\/04\\\/logo-retina.png\",\"width\":280,\"height\":51,\"caption\":\"Fuentes Fidedignas\"},\"image\":{\"@id\":\"https:\\\/\\\/fuentesfidedignas.com.mx\\\/#\\\/schema\\\/logo\\\/image\\\/\"},\"sameAs\":[\"https:\\\/\\\/www.facebook.com\\\/Fuentes-Fidedignas-368234489921644\",\"https:\\\/\\\/x.com\\\/fidedignas\"]},{\"@type\":\"Person\",\"@id\":\"https:\\\/\\\/fuentesfidedignas.com.mx\\\/#\\\/schema\\\/person\\\/ec4edd1fbf5efa3e44fce34fe2787780\",\"name\":\"Exc\u00e9lsior\",\"image\":{\"@type\":\"ImageObject\",\"inLanguage\":\"es\",\"@id\":\"https:\\\/\\\/secure.gravatar.com\\\/avatar\\\/4b7ee9206b48be08447852b3f0814dbc7c0f3b51541b164f1464a2725614020b?s=96&d=mm&r=g\",\"url\":\"https:\\\/\\\/secure.gravatar.com\\\/avatar\\\/4b7ee9206b48be08447852b3f0814dbc7c0f3b51541b164f1464a2725614020b?s=96&d=mm&r=g\",\"contentUrl\":\"https:\\\/\\\/secure.gravatar.com\\\/avatar\\\/4b7ee9206b48be08447852b3f0814dbc7c0f3b51541b164f1464a2725614020b?s=96&d=mm&r=g\",\"caption\":\"Exc\u00e9lsior\"},\"url\":\"https:\\\/\\\/fuentesfidedignas.com.mx\\\/index.php\\\/author\\\/excelsior\\\/\"}]}<\/script>\n<!-- \/ Yoast SEO plugin. -->","yoast_head_json":{"title":"Norteam\u00e9rica va al rescate del flamenco rosado - Fuentes Fidedignas","robots":{"index":"index","follow":"follow","max-snippet":"max-snippet:-1","max-image-preview":"max-image-preview:large","max-video-preview":"max-video-preview:-1"},"canonical":"https:\/\/fuentesfidedignas.com.mx\/index.php\/2023\/11\/28\/norteamerica-va-al-rescate-del-flamenco-rosado\/","og_locale":"es_MX","og_type":"article","og_title":"Norteam\u00e9rica va al rescate del flamenco rosado - Fuentes Fidedignas","og_description":"Los tres pa\u00edses de la regi\u00f3n buscan intercambio de informaci\u00f3n para mejorar las pr\u00e1cticas que lleven a sobrevivir a las especies en riesgo Por primera vez en la historia del pa\u00eds, la Comisi\u00f3n Nacional de \u00c1reas Naturales Protegidas (Conanp) de la Secretar\u00eda de Medio Ambiente y Recursos Naturales (Semarnat) tiene la coordinaci\u00f3n del Comit\u00e9 Intergubernamental [&hellip;]","og_url":"https:\/\/fuentesfidedignas.com.mx\/index.php\/2023\/11\/28\/norteamerica-va-al-rescate-del-flamenco-rosado\/","og_site_name":"Fuentes Fidedignas","article_publisher":"https:\/\/www.facebook.com\/Fuentes-Fidedignas-368234489921644","article_published_time":"2023-11-28T12:49:45+00:00","og_image":[{"width":800,"height":600,"url":"https:\/\/fuentesfidedignas.com.mx\/wp-content\/uploads\/2023\/11\/FLAMENCO_ROSADO.jpg","type":"image\/jpeg"}],"author":"Exc\u00e9lsior","twitter_card":"summary_large_image","twitter_creator":"@fidedignas","twitter_site":"@fidedignas","twitter_misc":{"Escrito por":"Exc\u00e9lsior","Tiempo de lectura":"4 minutos"},"schema":{"@context":"https:\/\/schema.org","@graph":[{"@type":"Article","@id":"https:\/\/fuentesfidedignas.com.mx\/index.php\/2023\/11\/28\/norteamerica-va-al-rescate-del-flamenco-rosado\/#article","isPartOf":{"@id":"https:\/\/fuentesfidedignas.com.mx\/index.php\/2023\/11\/28\/norteamerica-va-al-rescate-del-flamenco-rosado\/"},"author":{"name":"Exc\u00e9lsior","@id":"https:\/\/fuentesfidedignas.com.mx\/#\/schema\/person\/ec4edd1fbf5efa3e44fce34fe2787780"},"headline":"Norteam\u00e9rica va al rescate del flamenco rosado","datePublished":"2023-11-28T12:49:45+00:00","mainEntityOfPage":{"@id":"https:\/\/fuentesfidedignas.com.mx\/index.php\/2023\/11\/28\/norteamerica-va-al-rescate-del-flamenco-rosado\/"},"wordCount":921,"commentCount":0,"publisher":{"@id":"https:\/\/fuentesfidedignas.com.mx\/#organization"},"image":{"@id":"https:\/\/fuentesfidedignas.com.mx\/index.php\/2023\/11\/28\/norteamerica-va-al-rescate-del-flamenco-rosado\/#primaryimage"},"thumbnailUrl":"https:\/\/fuentesfidedignas.com.mx\/wp-content\/uploads\/2023\/11\/FLAMENCO_ROSADO.jpg","articleSection":["DERECHOS ANIMALES","SEMANALES"],"inLanguage":"es","potentialAction":[{"@type":"CommentAction","name":"Comment","target":["https:\/\/fuentesfidedignas.com.mx\/index.php\/2023\/11\/28\/norteamerica-va-al-rescate-del-flamenco-rosado\/#respond"]}]},{"@type":"WebPage","@id":"https:\/\/fuentesfidedignas.com.mx\/index.php\/2023\/11\/28\/norteamerica-va-al-rescate-del-flamenco-rosado\/","url":"https:\/\/fuentesfidedignas.com.mx\/index.php\/2023\/11\/28\/norteamerica-va-al-rescate-del-flamenco-rosado\/","name":"Norteam\u00e9rica va al rescate del flamenco rosado - Fuentes Fidedignas","isPartOf":{"@id":"https:\/\/fuentesfidedignas.com.mx\/#website"},"primaryImageOfPage":{"@id":"https:\/\/fuentesfidedignas.com.mx\/index.php\/2023\/11\/28\/norteamerica-va-al-rescate-del-flamenco-rosado\/#primaryimage"},"image":{"@id":"https:\/\/fuentesfidedignas.com.mx\/index.php\/2023\/11\/28\/norteamerica-va-al-rescate-del-flamenco-rosado\/#primaryimage"},"thumbnailUrl":"https:\/\/fuentesfidedignas.com.mx\/wp-content\/uploads\/2023\/11\/FLAMENCO_ROSADO.jpg","datePublished":"2023-11-28T12:49:45+00:00","breadcrumb":{"@id":"https:\/\/fuentesfidedignas.com.mx\/index.php\/2023\/11\/28\/norteamerica-va-al-rescate-del-flamenco-rosado\/#breadcrumb"},"inLanguage":"es","potentialAction":[{"@type":"ReadAction","target":["https:\/\/fuentesfidedignas.com.mx\/index.php\/2023\/11\/28\/norteamerica-va-al-rescate-del-flamenco-rosado\/"]}]},{"@type":"ImageObject","inLanguage":"es","@id":"https:\/\/fuentesfidedignas.com.mx\/index.php\/2023\/11\/28\/norteamerica-va-al-rescate-del-flamenco-rosado\/#primaryimage","url":"https:\/\/fuentesfidedignas.com.mx\/wp-content\/uploads\/2023\/11\/FLAMENCO_ROSADO.jpg","contentUrl":"https:\/\/fuentesfidedignas.com.mx\/wp-content\/uploads\/2023\/11\/FLAMENCO_ROSADO.jpg","width":800,"height":600},{"@type":"BreadcrumbList","@id":"https:\/\/fuentesfidedignas.com.mx\/index.php\/2023\/11\/28\/norteamerica-va-al-rescate-del-flamenco-rosado\/#breadcrumb","itemListElement":[{"@type":"ListItem","position":1,"name":"Inicio","item":"https:\/\/fuentesfidedignas.com.mx\/"},{"@type":"ListItem","position":2,"name":"Norteam\u00e9rica va al rescate del flamenco rosado"}]},{"@type":"WebSite","@id":"https:\/\/fuentesfidedignas.com.mx\/#website","url":"https:\/\/fuentesfidedignas.com.mx\/","name":"Fuentes Fidedignas","description":"Otro sitio realizado con WordPress","publisher":{"@id":"https:\/\/fuentesfidedignas.com.mx\/#organization"},"potentialAction":[{"@type":"SearchAction","target":{"@type":"EntryPoint","urlTemplate":"https:\/\/fuentesfidedignas.com.mx\/?s={search_term_string}"},"query-input":{"@type":"PropertyValueSpecification","valueRequired":true,"valueName":"search_term_string"}}],"inLanguage":"es"},{"@type":"Organization","@id":"https:\/\/fuentesfidedignas.com.mx\/#organization","name":"Fuentes Fidedignas","url":"https:\/\/fuentesfidedignas.com.mx\/","logo":{"@type":"ImageObject","inLanguage":"es","@id":"https:\/\/fuentesfidedignas.com.mx\/#\/schema\/logo\/image\/","url":"https:\/\/fuentesfidedignas.com.mx\/wp-content\/uploads\/2021\/04\/logo-retina.png","contentUrl":"https:\/\/fuentesfidedignas.com.mx\/wp-content\/uploads\/2021\/04\/logo-retina.png","width":280,"height":51,"caption":"Fuentes Fidedignas"},"image":{"@id":"https:\/\/fuentesfidedignas.com.mx\/#\/schema\/logo\/image\/"},"sameAs":["https:\/\/www.facebook.com\/Fuentes-Fidedignas-368234489921644","https:\/\/x.com\/fidedignas"]},{"@type":"Person","@id":"https:\/\/fuentesfidedignas.com.mx\/#\/schema\/person\/ec4edd1fbf5efa3e44fce34fe2787780","name":"Exc\u00e9lsior","image":{"@type":"ImageObject","inLanguage":"es","@id":"https:\/\/secure.gravatar.com\/avatar\/4b7ee9206b48be08447852b3f0814dbc7c0f3b51541b164f1464a2725614020b?s=96&d=mm&r=g","url":"https:\/\/secure.gravatar.com\/avatar\/4b7ee9206b48be08447852b3f0814dbc7c0f3b51541b164f1464a2725614020b?s=96&d=mm&r=g","contentUrl":"https:\/\/secure.gravatar.com\/avatar\/4b7ee9206b48be08447852b3f0814dbc7c0f3b51541b164f1464a2725614020b?s=96&d=mm&r=g","caption":"Exc\u00e9lsior"},"url":"https:\/\/fuentesfidedignas.com.mx\/index.php\/author\/excelsior\/"}]}},"_links":{"self":[{"href":"https:\/\/fuentesfidedignas.com.mx\/index.php\/wp-json\/wp\/v2\/posts\/66967","targetHints":{"allow":["GET"]}}],"collection":[{"href":"https:\/\/fuentesfidedignas.com.mx\/index.php\/wp-json\/wp\/v2\/posts"}],"about":[{"href":"https:\/\/fuentesfidedignas.com.mx\/index.php\/wp-json\/wp\/v2\/types\/post"}],"author":[{"embeddable":true,"href":"https:\/\/fuentesfidedignas.com.mx\/index.php\/wp-json\/wp\/v2\/users\/7"}],"replies":[{"embeddable":true,"href":"https:\/\/fuentesfidedignas.com.mx\/index.php\/wp-json\/wp\/v2\/comments?post=66967"}],"version-history":[{"count":1,"href":"https:\/\/fuentesfidedignas.com.mx\/index.php\/wp-json\/wp\/v2\/posts\/66967\/revisions"}],"predecessor-version":[{"id":66969,"href":"https:\/\/fuentesfidedignas.com.mx\/index.php\/wp-json\/wp\/v2\/posts\/66967\/revisions\/66969"}],"wp:featuredmedia":[{"embeddable":true,"href":"https:\/\/fuentesfidedignas.com.mx\/index.php\/wp-json\/wp\/v2\/media\/66968"}],"wp:attachment":[{"href":"https:\/\/fuentesfidedignas.com.mx\/index.php\/wp-json\/wp\/v2\/media?parent=66967"}],"wp:term":[{"taxonomy":"category","embeddable":true,"href":"https:\/\/fuentesfidedignas.com.mx\/index.php\/wp-json\/wp\/v2\/categories?post=66967"},{"taxonomy":"post_tag","embeddable":true,"href":"https:\/\/fuentesfidedignas.com.mx\/index.php\/wp-json\/wp\/v2\/tags?post=66967"}],"curies":[{"name":"wp","href":"https:\/\/api.w.org\/{rel}","templated":true}]}}