{"id":66939,"date":"2023-11-27T15:39:23","date_gmt":"2023-11-27T22:39:23","guid":{"rendered":"https:\/\/fuentesfidedignas.com.mx\/?p=66939"},"modified":"2023-11-27T15:39:26","modified_gmt":"2023-11-27T22:39:26","slug":"amplian-prision-preventiva-a-javier-duarte-por-desaparicion-forzada","status":"publish","type":"post","link":"https:\/\/fuentesfidedignas.com.mx\/index.php\/2023\/11\/27\/amplian-prision-preventiva-a-javier-duarte-por-desaparicion-forzada\/","title":{"rendered":"Ampl\u00edan prisi\u00f3n preventiva a Javier Duarte por desaparici\u00f3n forzada"},"content":{"rendered":"\n<p><strong><em>Un juez de Control ampli\u00f3 la prisi\u00f3n preventiva contra Javier Duarte, en atenci\u00f3n a una solicitud de la Fiscal\u00eda de Veracruz<\/em><\/strong><\/p>\n\n\n\n<p>Veracruz. El exgobernador de Veracruz,\u00a0<strong>Javier<\/strong>\u00a0<strong>Duarte<\/strong>, recibi\u00f3\u00a0<strong>un a\u00f1o m\u00e1s<\/strong>\u00a0de\u00a0<strong>prisi\u00f3n preventiva<\/strong>\u00a0por el delito de\u00a0<strong>desaparici\u00f3n forzada<\/strong>.<\/p>\n\n\n\n<p>Un juez de Control del penal de Pacho Viejo, ubicado en Coatepec, ampli\u00f3 la medida cautelar en atenci\u00f3n a una solicitud de la Fiscal\u00eda General del Estado.<\/p>\n\n\n\n<p>Se se\u00f1ala a\u00a0<strong>Javier Duarte<\/strong>\u00a0de la\u00a0<strong>desaparici\u00f3n<\/strong>\u00a0<strong>forzada<\/strong>, en 2016, del\u00a0<strong>ex polic\u00eda estatal<\/strong>\u00a0David Lara Cruz.<\/p>\n\n\n\n<p>Fue&nbsp;<a href=\"https:\/\/lopezdoriga.com\/nacional\/vinculan-a-proceso-a-javier-duarte-por-desaparicion-forzada\/\" target=\"_blank\" rel=\"noreferrer noopener\">en 2022<\/a>&nbsp;cuando el exgobernador fue vinculado a proceso por tales hechos, dict\u00e1ndosele la prisi\u00f3n preventiva.<\/p>\n\n\n\n<p>La ampliaci\u00f3n del plazo inici\u00f3 el pasado 17 de noviembre.<\/p>\n","protected":false},"excerpt":{"rendered":"<p>Un juez de Control ampli\u00f3 la prisi\u00f3n preventiva contra Javier Duarte, en atenci\u00f3n a una solicitud de la Fiscal\u00eda de Veracruz Veracruz. El exgobernador de Veracruz,\u00a0Javier\u00a0Duarte, recibi\u00f3\u00a0un a\u00f1o m\u00e1s\u00a0de\u00a0prisi\u00f3n preventiva\u00a0por el delito de\u00a0desaparici\u00f3n forzada. Un juez de Control del penal de Pacho Viejo, ubicado en Coatepec, ampli\u00f3 la medida cautelar en atenci\u00f3n a una solicitud [&hellip;]<\/p>\n","protected":false},"author":47,"featured_media":66940,"comment_status":"open","ping_status":"open","sticky":false,"template":"","format":"standard","meta":{"tdm_status":"","tdm_grid_status":"","footnotes":""},"categories":[39],"tags":[],"class_list":{"0":"post-66939","1":"post","2":"type-post","3":"status-publish","4":"format-standard","5":"has-post-thumbnail","7":"category-noticias-nacionales"},"yoast_head":"<!-- This site is optimized with the Yoast SEO plugin v27.5 - https:\/\/yoast.com\/product\/yoast-seo-wordpress\/ -->\n<title>Ampl\u00edan prisi\u00f3n preventiva a Javier Duarte por desaparici\u00f3n forzada - Fuentes Fidedignas<\/title>\n<meta name=\"robots\" content=\"index, follow, max-snippet:-1, max-image-preview:large, max-video-preview:-1\" \/>\n<link rel=\"canonical\" href=\"https:\/\/fuentesfidedignas.com.mx\/index.php\/2023\/11\/27\/amplian-prision-preventiva-a-javier-duarte-por-desaparicion-forzada\/\" \/>\n<meta property=\"og:locale\" content=\"es_MX\" \/>\n<meta property=\"og:type\" content=\"article\" \/>\n<meta property=\"og:title\" content=\"Ampl\u00edan prisi\u00f3n preventiva a Javier Duarte por desaparici\u00f3n forzada - Fuentes Fidedignas\" \/>\n<meta property=\"og:description\" content=\"Un juez de Control ampli\u00f3 la prisi\u00f3n preventiva contra Javier Duarte, en atenci\u00f3n a una solicitud de la Fiscal\u00eda de Veracruz Veracruz. El exgobernador de Veracruz,\u00a0Javier\u00a0Duarte, recibi\u00f3\u00a0un a\u00f1o m\u00e1s\u00a0de\u00a0prisi\u00f3n preventiva\u00a0por el delito de\u00a0desaparici\u00f3n forzada. Un juez de Control del penal de Pacho Viejo, ubicado en Coatepec, ampli\u00f3 la medida cautelar en atenci\u00f3n a una solicitud [&hellip;]\" \/>\n<meta property=\"og:url\" content=\"https:\/\/fuentesfidedignas.com.mx\/index.php\/2023\/11\/27\/amplian-prision-preventiva-a-javier-duarte-por-desaparicion-forzada\/\" \/>\n<meta property=\"og:site_name\" content=\"Fuentes Fidedignas\" \/>\n<meta property=\"article:publisher\" content=\"https:\/\/www.facebook.com\/Fuentes-Fidedignas-368234489921644\" \/>\n<meta property=\"article:published_time\" content=\"2023-11-27T22:39:23+00:00\" \/>\n<meta property=\"article:modified_time\" content=\"2023-11-27T22:39:26+00:00\" \/>\n<meta property=\"og:image\" content=\"https:\/\/fuentesfidedignas.com.mx\/wp-content\/uploads\/2023\/11\/javier-duarte-exgobernador-veracruz.jpg\" \/>\n\t<meta property=\"og:image:width\" content=\"1200\" \/>\n\t<meta property=\"og:image:height\" content=\"675\" \/>\n\t<meta property=\"og:image:type\" content=\"image\/jpeg\" \/>\n<meta name=\"author\" content=\"L\u00f3pez D\u00f3riga\" \/>\n<meta name=\"twitter:card\" content=\"summary_large_image\" \/>\n<meta name=\"twitter:creator\" content=\"@fidedignas\" \/>\n<meta name=\"twitter:site\" content=\"@fidedignas\" \/>\n<meta name=\"twitter:label1\" content=\"Escrito por\" \/>\n\t<meta name=\"twitter:data1\" content=\"L\u00f3pez D\u00f3riga\" \/>\n\t<meta name=\"twitter:label2\" content=\"Tiempo de lectura\" \/>\n\t<meta name=\"twitter:data2\" content=\"1 minuto\" \/>\n<script type=\"application\/ld+json\" class=\"yoast-schema-graph\">{\"@context\":\"https:\\\/\\\/schema.org\",\"@graph\":[{\"@type\":\"Article\",\"@id\":\"https:\\\/\\\/fuentesfidedignas.com.mx\\\/index.php\\\/2023\\\/11\\\/27\\\/amplian-prision-preventiva-a-javier-duarte-por-desaparicion-forzada\\\/#article\",\"isPartOf\":{\"@id\":\"https:\\\/\\\/fuentesfidedignas.com.mx\\\/index.php\\\/2023\\\/11\\\/27\\\/amplian-prision-preventiva-a-javier-duarte-por-desaparicion-forzada\\\/\"},\"author\":{\"name\":\"L\u00f3pez D\u00f3riga\",\"@id\":\"https:\\\/\\\/fuentesfidedignas.com.mx\\\/#\\\/schema\\\/person\\\/67d852f0557c8509146a4b9ddebd543a\"},\"headline\":\"Ampl\u00edan prisi\u00f3n preventiva a Javier Duarte por desaparici\u00f3n forzada\",\"datePublished\":\"2023-11-27T22:39:23+00:00\",\"dateModified\":\"2023-11-27T22:39:26+00:00\",\"mainEntityOfPage\":{\"@id\":\"https:\\\/\\\/fuentesfidedignas.com.mx\\\/index.php\\\/2023\\\/11\\\/27\\\/amplian-prision-preventiva-a-javier-duarte-por-desaparicion-forzada\\\/\"},\"wordCount\":139,\"commentCount\":0,\"publisher\":{\"@id\":\"https:\\\/\\\/fuentesfidedignas.com.mx\\\/#organization\"},\"image\":{\"@id\":\"https:\\\/\\\/fuentesfidedignas.com.mx\\\/index.php\\\/2023\\\/11\\\/27\\\/amplian-prision-preventiva-a-javier-duarte-por-desaparicion-forzada\\\/#primaryimage\"},\"thumbnailUrl\":\"https:\\\/\\\/fuentesfidedignas.com.mx\\\/wp-content\\\/uploads\\\/2023\\\/11\\\/javier-duarte-exgobernador-veracruz.jpg\",\"articleSection\":[\"NOTICIAS NACIONALES\"],\"inLanguage\":\"es\",\"potentialAction\":[{\"@type\":\"CommentAction\",\"name\":\"Comment\",\"target\":[\"https:\\\/\\\/fuentesfidedignas.com.mx\\\/index.php\\\/2023\\\/11\\\/27\\\/amplian-prision-preventiva-a-javier-duarte-por-desaparicion-forzada\\\/#respond\"]}]},{\"@type\":\"WebPage\",\"@id\":\"https:\\\/\\\/fuentesfidedignas.com.mx\\\/index.php\\\/2023\\\/11\\\/27\\\/amplian-prision-preventiva-a-javier-duarte-por-desaparicion-forzada\\\/\",\"url\":\"https:\\\/\\\/fuentesfidedignas.com.mx\\\/index.php\\\/2023\\\/11\\\/27\\\/amplian-prision-preventiva-a-javier-duarte-por-desaparicion-forzada\\\/\",\"name\":\"Ampl\u00edan prisi\u00f3n preventiva a Javier Duarte por desaparici\u00f3n forzada - Fuentes Fidedignas\",\"isPartOf\":{\"@id\":\"https:\\\/\\\/fuentesfidedignas.com.mx\\\/#website\"},\"primaryImageOfPage\":{\"@id\":\"https:\\\/\\\/fuentesfidedignas.com.mx\\\/index.php\\\/2023\\\/11\\\/27\\\/amplian-prision-preventiva-a-javier-duarte-por-desaparicion-forzada\\\/#primaryimage\"},\"image\":{\"@id\":\"https:\\\/\\\/fuentesfidedignas.com.mx\\\/index.php\\\/2023\\\/11\\\/27\\\/amplian-prision-preventiva-a-javier-duarte-por-desaparicion-forzada\\\/#primaryimage\"},\"thumbnailUrl\":\"https:\\\/\\\/fuentesfidedignas.com.mx\\\/wp-content\\\/uploads\\\/2023\\\/11\\\/javier-duarte-exgobernador-veracruz.jpg\",\"datePublished\":\"2023-11-27T22:39:23+00:00\",\"dateModified\":\"2023-11-27T22:39:26+00:00\",\"breadcrumb\":{\"@id\":\"https:\\\/\\\/fuentesfidedignas.com.mx\\\/index.php\\\/2023\\\/11\\\/27\\\/amplian-prision-preventiva-a-javier-duarte-por-desaparicion-forzada\\\/#breadcrumb\"},\"inLanguage\":\"es\",\"potentialAction\":[{\"@type\":\"ReadAction\",\"target\":[\"https:\\\/\\\/fuentesfidedignas.com.mx\\\/index.php\\\/2023\\\/11\\\/27\\\/amplian-prision-preventiva-a-javier-duarte-por-desaparicion-forzada\\\/\"]}]},{\"@type\":\"ImageObject\",\"inLanguage\":\"es\",\"@id\":\"https:\\\/\\\/fuentesfidedignas.com.mx\\\/index.php\\\/2023\\\/11\\\/27\\\/amplian-prision-preventiva-a-javier-duarte-por-desaparicion-forzada\\\/#primaryimage\",\"url\":\"https:\\\/\\\/fuentesfidedignas.com.mx\\\/wp-content\\\/uploads\\\/2023\\\/11\\\/javier-duarte-exgobernador-veracruz.jpg\",\"contentUrl\":\"https:\\\/\\\/fuentesfidedignas.com.mx\\\/wp-content\\\/uploads\\\/2023\\\/11\\\/javier-duarte-exgobernador-veracruz.jpg\",\"width\":1200,\"height\":675},{\"@type\":\"BreadcrumbList\",\"@id\":\"https:\\\/\\\/fuentesfidedignas.com.mx\\\/index.php\\\/2023\\\/11\\\/27\\\/amplian-prision-preventiva-a-javier-duarte-por-desaparicion-forzada\\\/#breadcrumb\",\"itemListElement\":[{\"@type\":\"ListItem\",\"position\":1,\"name\":\"Inicio\",\"item\":\"https:\\\/\\\/fuentesfidedignas.com.mx\\\/\"},{\"@type\":\"ListItem\",\"position\":2,\"name\":\"Ampl\u00edan prisi\u00f3n preventiva a Javier Duarte por desaparici\u00f3n forzada\"}]},{\"@type\":\"WebSite\",\"@id\":\"https:\\\/\\\/fuentesfidedignas.com.mx\\\/#website\",\"url\":\"https:\\\/\\\/fuentesfidedignas.com.mx\\\/\",\"name\":\"Fuentes Fidedignas\",\"description\":\"Otro sitio realizado con WordPress\",\"publisher\":{\"@id\":\"https:\\\/\\\/fuentesfidedignas.com.mx\\\/#organization\"},\"potentialAction\":[{\"@type\":\"SearchAction\",\"target\":{\"@type\":\"EntryPoint\",\"urlTemplate\":\"https:\\\/\\\/fuentesfidedignas.com.mx\\\/?s={search_term_string}\"},\"query-input\":{\"@type\":\"PropertyValueSpecification\",\"valueRequired\":true,\"valueName\":\"search_term_string\"}}],\"inLanguage\":\"es\"},{\"@type\":\"Organization\",\"@id\":\"https:\\\/\\\/fuentesfidedignas.com.mx\\\/#organization\",\"name\":\"Fuentes Fidedignas\",\"url\":\"https:\\\/\\\/fuentesfidedignas.com.mx\\\/\",\"logo\":{\"@type\":\"ImageObject\",\"inLanguage\":\"es\",\"@id\":\"https:\\\/\\\/fuentesfidedignas.com.mx\\\/#\\\/schema\\\/logo\\\/image\\\/\",\"url\":\"https:\\\/\\\/fuentesfidedignas.com.mx\\\/wp-content\\\/uploads\\\/2021\\\/04\\\/logo-retina.png\",\"contentUrl\":\"https:\\\/\\\/fuentesfidedignas.com.mx\\\/wp-content\\\/uploads\\\/2021\\\/04\\\/logo-retina.png\",\"width\":280,\"height\":51,\"caption\":\"Fuentes Fidedignas\"},\"image\":{\"@id\":\"https:\\\/\\\/fuentesfidedignas.com.mx\\\/#\\\/schema\\\/logo\\\/image\\\/\"},\"sameAs\":[\"https:\\\/\\\/www.facebook.com\\\/Fuentes-Fidedignas-368234489921644\",\"https:\\\/\\\/x.com\\\/fidedignas\"]},{\"@type\":\"Person\",\"@id\":\"https:\\\/\\\/fuentesfidedignas.com.mx\\\/#\\\/schema\\\/person\\\/67d852f0557c8509146a4b9ddebd543a\",\"name\":\"L\u00f3pez D\u00f3riga\",\"image\":{\"@type\":\"ImageObject\",\"inLanguage\":\"es\",\"@id\":\"https:\\\/\\\/secure.gravatar.com\\\/avatar\\\/e525b06574ca18b33cded59dfe5778d6c823b9513154eff47da551b0551bdd1e?s=96&d=mm&r=g\",\"url\":\"https:\\\/\\\/secure.gravatar.com\\\/avatar\\\/e525b06574ca18b33cded59dfe5778d6c823b9513154eff47da551b0551bdd1e?s=96&d=mm&r=g\",\"contentUrl\":\"https:\\\/\\\/secure.gravatar.com\\\/avatar\\\/e525b06574ca18b33cded59dfe5778d6c823b9513154eff47da551b0551bdd1e?s=96&d=mm&r=g\",\"caption\":\"L\u00f3pez D\u00f3riga\"},\"url\":\"https:\\\/\\\/fuentesfidedignas.com.mx\\\/index.php\\\/author\\\/doriga\\\/\"}]}<\/script>\n<!-- \/ Yoast SEO plugin. -->","yoast_head_json":{"title":"Ampl\u00edan prisi\u00f3n preventiva a Javier Duarte por desaparici\u00f3n forzada - Fuentes Fidedignas","robots":{"index":"index","follow":"follow","max-snippet":"max-snippet:-1","max-image-preview":"max-image-preview:large","max-video-preview":"max-video-preview:-1"},"canonical":"https:\/\/fuentesfidedignas.com.mx\/index.php\/2023\/11\/27\/amplian-prision-preventiva-a-javier-duarte-por-desaparicion-forzada\/","og_locale":"es_MX","og_type":"article","og_title":"Ampl\u00edan prisi\u00f3n preventiva a Javier Duarte por desaparici\u00f3n forzada - Fuentes Fidedignas","og_description":"Un juez de Control ampli\u00f3 la prisi\u00f3n preventiva contra Javier Duarte, en atenci\u00f3n a una solicitud de la Fiscal\u00eda de Veracruz Veracruz. El exgobernador de Veracruz,\u00a0Javier\u00a0Duarte, recibi\u00f3\u00a0un a\u00f1o m\u00e1s\u00a0de\u00a0prisi\u00f3n preventiva\u00a0por el delito de\u00a0desaparici\u00f3n forzada. Un juez de Control del penal de Pacho Viejo, ubicado en Coatepec, ampli\u00f3 la medida cautelar en atenci\u00f3n a una solicitud [&hellip;]","og_url":"https:\/\/fuentesfidedignas.com.mx\/index.php\/2023\/11\/27\/amplian-prision-preventiva-a-javier-duarte-por-desaparicion-forzada\/","og_site_name":"Fuentes Fidedignas","article_publisher":"https:\/\/www.facebook.com\/Fuentes-Fidedignas-368234489921644","article_published_time":"2023-11-27T22:39:23+00:00","article_modified_time":"2023-11-27T22:39:26+00:00","og_image":[{"width":1200,"height":675,"url":"https:\/\/fuentesfidedignas.com.mx\/wp-content\/uploads\/2023\/11\/javier-duarte-exgobernador-veracruz.jpg","type":"image\/jpeg"}],"author":"L\u00f3pez D\u00f3riga","twitter_card":"summary_large_image","twitter_creator":"@fidedignas","twitter_site":"@fidedignas","twitter_misc":{"Escrito por":"L\u00f3pez D\u00f3riga","Tiempo de lectura":"1 minuto"},"schema":{"@context":"https:\/\/schema.org","@graph":[{"@type":"Article","@id":"https:\/\/fuentesfidedignas.com.mx\/index.php\/2023\/11\/27\/amplian-prision-preventiva-a-javier-duarte-por-desaparicion-forzada\/#article","isPartOf":{"@id":"https:\/\/fuentesfidedignas.com.mx\/index.php\/2023\/11\/27\/amplian-prision-preventiva-a-javier-duarte-por-desaparicion-forzada\/"},"author":{"name":"L\u00f3pez D\u00f3riga","@id":"https:\/\/fuentesfidedignas.com.mx\/#\/schema\/person\/67d852f0557c8509146a4b9ddebd543a"},"headline":"Ampl\u00edan prisi\u00f3n preventiva a Javier Duarte por desaparici\u00f3n forzada","datePublished":"2023-11-27T22:39:23+00:00","dateModified":"2023-11-27T22:39:26+00:00","mainEntityOfPage":{"@id":"https:\/\/fuentesfidedignas.com.mx\/index.php\/2023\/11\/27\/amplian-prision-preventiva-a-javier-duarte-por-desaparicion-forzada\/"},"wordCount":139,"commentCount":0,"publisher":{"@id":"https:\/\/fuentesfidedignas.com.mx\/#organization"},"image":{"@id":"https:\/\/fuentesfidedignas.com.mx\/index.php\/2023\/11\/27\/amplian-prision-preventiva-a-javier-duarte-por-desaparicion-forzada\/#primaryimage"},"thumbnailUrl":"https:\/\/fuentesfidedignas.com.mx\/wp-content\/uploads\/2023\/11\/javier-duarte-exgobernador-veracruz.jpg","articleSection":["NOTICIAS NACIONALES"],"inLanguage":"es","potentialAction":[{"@type":"CommentAction","name":"Comment","target":["https:\/\/fuentesfidedignas.com.mx\/index.php\/2023\/11\/27\/amplian-prision-preventiva-a-javier-duarte-por-desaparicion-forzada\/#respond"]}]},{"@type":"WebPage","@id":"https:\/\/fuentesfidedignas.com.mx\/index.php\/2023\/11\/27\/amplian-prision-preventiva-a-javier-duarte-por-desaparicion-forzada\/","url":"https:\/\/fuentesfidedignas.com.mx\/index.php\/2023\/11\/27\/amplian-prision-preventiva-a-javier-duarte-por-desaparicion-forzada\/","name":"Ampl\u00edan prisi\u00f3n preventiva a Javier Duarte por desaparici\u00f3n forzada - Fuentes Fidedignas","isPartOf":{"@id":"https:\/\/fuentesfidedignas.com.mx\/#website"},"primaryImageOfPage":{"@id":"https:\/\/fuentesfidedignas.com.mx\/index.php\/2023\/11\/27\/amplian-prision-preventiva-a-javier-duarte-por-desaparicion-forzada\/#primaryimage"},"image":{"@id":"https:\/\/fuentesfidedignas.com.mx\/index.php\/2023\/11\/27\/amplian-prision-preventiva-a-javier-duarte-por-desaparicion-forzada\/#primaryimage"},"thumbnailUrl":"https:\/\/fuentesfidedignas.com.mx\/wp-content\/uploads\/2023\/11\/javier-duarte-exgobernador-veracruz.jpg","datePublished":"2023-11-27T22:39:23+00:00","dateModified":"2023-11-27T22:39:26+00:00","breadcrumb":{"@id":"https:\/\/fuentesfidedignas.com.mx\/index.php\/2023\/11\/27\/amplian-prision-preventiva-a-javier-duarte-por-desaparicion-forzada\/#breadcrumb"},"inLanguage":"es","potentialAction":[{"@type":"ReadAction","target":["https:\/\/fuentesfidedignas.com.mx\/index.php\/2023\/11\/27\/amplian-prision-preventiva-a-javier-duarte-por-desaparicion-forzada\/"]}]},{"@type":"ImageObject","inLanguage":"es","@id":"https:\/\/fuentesfidedignas.com.mx\/index.php\/2023\/11\/27\/amplian-prision-preventiva-a-javier-duarte-por-desaparicion-forzada\/#primaryimage","url":"https:\/\/fuentesfidedignas.com.mx\/wp-content\/uploads\/2023\/11\/javier-duarte-exgobernador-veracruz.jpg","contentUrl":"https:\/\/fuentesfidedignas.com.mx\/wp-content\/uploads\/2023\/11\/javier-duarte-exgobernador-veracruz.jpg","width":1200,"height":675},{"@type":"BreadcrumbList","@id":"https:\/\/fuentesfidedignas.com.mx\/index.php\/2023\/11\/27\/amplian-prision-preventiva-a-javier-duarte-por-desaparicion-forzada\/#breadcrumb","itemListElement":[{"@type":"ListItem","position":1,"name":"Inicio","item":"https:\/\/fuentesfidedignas.com.mx\/"},{"@type":"ListItem","position":2,"name":"Ampl\u00edan prisi\u00f3n preventiva a Javier Duarte por desaparici\u00f3n forzada"}]},{"@type":"WebSite","@id":"https:\/\/fuentesfidedignas.com.mx\/#website","url":"https:\/\/fuentesfidedignas.com.mx\/","name":"Fuentes Fidedignas","description":"Otro sitio realizado con WordPress","publisher":{"@id":"https:\/\/fuentesfidedignas.com.mx\/#organization"},"potentialAction":[{"@type":"SearchAction","target":{"@type":"EntryPoint","urlTemplate":"https:\/\/fuentesfidedignas.com.mx\/?s={search_term_string}"},"query-input":{"@type":"PropertyValueSpecification","valueRequired":true,"valueName":"search_term_string"}}],"inLanguage":"es"},{"@type":"Organization","@id":"https:\/\/fuentesfidedignas.com.mx\/#organization","name":"Fuentes Fidedignas","url":"https:\/\/fuentesfidedignas.com.mx\/","logo":{"@type":"ImageObject","inLanguage":"es","@id":"https:\/\/fuentesfidedignas.com.mx\/#\/schema\/logo\/image\/","url":"https:\/\/fuentesfidedignas.com.mx\/wp-content\/uploads\/2021\/04\/logo-retina.png","contentUrl":"https:\/\/fuentesfidedignas.com.mx\/wp-content\/uploads\/2021\/04\/logo-retina.png","width":280,"height":51,"caption":"Fuentes Fidedignas"},"image":{"@id":"https:\/\/fuentesfidedignas.com.mx\/#\/schema\/logo\/image\/"},"sameAs":["https:\/\/www.facebook.com\/Fuentes-Fidedignas-368234489921644","https:\/\/x.com\/fidedignas"]},{"@type":"Person","@id":"https:\/\/fuentesfidedignas.com.mx\/#\/schema\/person\/67d852f0557c8509146a4b9ddebd543a","name":"L\u00f3pez D\u00f3riga","image":{"@type":"ImageObject","inLanguage":"es","@id":"https:\/\/secure.gravatar.com\/avatar\/e525b06574ca18b33cded59dfe5778d6c823b9513154eff47da551b0551bdd1e?s=96&d=mm&r=g","url":"https:\/\/secure.gravatar.com\/avatar\/e525b06574ca18b33cded59dfe5778d6c823b9513154eff47da551b0551bdd1e?s=96&d=mm&r=g","contentUrl":"https:\/\/secure.gravatar.com\/avatar\/e525b06574ca18b33cded59dfe5778d6c823b9513154eff47da551b0551bdd1e?s=96&d=mm&r=g","caption":"L\u00f3pez D\u00f3riga"},"url":"https:\/\/fuentesfidedignas.com.mx\/index.php\/author\/doriga\/"}]}},"_links":{"self":[{"href":"https:\/\/fuentesfidedignas.com.mx\/index.php\/wp-json\/wp\/v2\/posts\/66939","targetHints":{"allow":["GET"]}}],"collection":[{"href":"https:\/\/fuentesfidedignas.com.mx\/index.php\/wp-json\/wp\/v2\/posts"}],"about":[{"href":"https:\/\/fuentesfidedignas.com.mx\/index.php\/wp-json\/wp\/v2\/types\/post"}],"author":[{"embeddable":true,"href":"https:\/\/fuentesfidedignas.com.mx\/index.php\/wp-json\/wp\/v2\/users\/47"}],"replies":[{"embeddable":true,"href":"https:\/\/fuentesfidedignas.com.mx\/index.php\/wp-json\/wp\/v2\/comments?post=66939"}],"version-history":[{"count":1,"href":"https:\/\/fuentesfidedignas.com.mx\/index.php\/wp-json\/wp\/v2\/posts\/66939\/revisions"}],"predecessor-version":[{"id":66941,"href":"https:\/\/fuentesfidedignas.com.mx\/index.php\/wp-json\/wp\/v2\/posts\/66939\/revisions\/66941"}],"wp:featuredmedia":[{"embeddable":true,"href":"https:\/\/fuentesfidedignas.com.mx\/index.php\/wp-json\/wp\/v2\/media\/66940"}],"wp:attachment":[{"href":"https:\/\/fuentesfidedignas.com.mx\/index.php\/wp-json\/wp\/v2\/media?parent=66939"}],"wp:term":[{"taxonomy":"category","embeddable":true,"href":"https:\/\/fuentesfidedignas.com.mx\/index.php\/wp-json\/wp\/v2\/categories?post=66939"},{"taxonomy":"post_tag","embeddable":true,"href":"https:\/\/fuentesfidedignas.com.mx\/index.php\/wp-json\/wp\/v2\/tags?post=66939"}],"curies":[{"name":"wp","href":"https:\/\/api.w.org\/{rel}","templated":true}]}}