{"id":66908,"date":"2023-11-27T09:27:58","date_gmt":"2023-11-27T16:27:58","guid":{"rendered":"https:\/\/fuentesfidedignas.com.mx\/?p=66908"},"modified":"2023-11-27T09:27:59","modified_gmt":"2023-11-27T16:27:59","slug":"repunta-tasa-de-desempleo-en-mexico-se-ubico-en-3-en-tercer-trimestre","status":"publish","type":"post","link":"https:\/\/fuentesfidedignas.com.mx\/index.php\/2023\/11\/27\/repunta-tasa-de-desempleo-en-mexico-se-ubico-en-3-en-tercer-trimestre\/","title":{"rendered":"Repunta tasa de desempleo en M\u00e9xico; se ubic\u00f3 en 3 % en tercer trimestre"},"content":{"rendered":"\n<p>El Inegi report\u00f3 que 1.8 millones de personas permanecieron desocupadas en M\u00e9xico durante el tercer trimestre del a\u00f1o<\/p>\n\n\n\n<p>La<strong>&nbsp;tasa de desempleo<\/strong>&nbsp;en&nbsp;<strong>M\u00e9xico<\/strong>&nbsp;se situ\u00f3 en 3 por ciento en el tercer trimestre de 2023, menor a la de 3.4 por ciento del mismo lapso de 2022, aunque por encima de la de 2.8 por ciento de abril a junio pasados, inform\u00f3 el Instituto Nacional de Estad\u00edstica y Geograf\u00eda (Inegi).<\/p>\n\n\n\n<p>\u201cUn total de 59.2 millones de personas se encontraban ocupadas: 1.7 millones m\u00e1s en relaci\u00f3n con el tercer trimestre de 2022\u201d, indic\u00f3 el organismo aut\u00f3nomo en su&nbsp;<a href=\"https:\/\/www.inegi.org.mx\/contenidos\/saladeprensa\/boletines\/2023\/enoent\/enoent2023_11.pdf\" target=\"_blank\" rel=\"noreferrer noopener\">reporte<\/a>&nbsp;sobre la Encuesta nacional de ocupaci\u00f3n y empleo (ENOE).<\/p>\n\n\n\n<p>La\u00a0<strong>poblaci\u00f3n econ\u00f3micamente activa<\/strong>\u00a0(PEA) totaliz\u00f3 61 millones de personas, un aumento de 1.5 millones frente al mismo lapso de 2022, cuando miles de personas a\u00fan estaban fuera del mercado laboral por el impacto de la pandemia.<\/p>\n\n\n\n<p>Los principales aumentos interanuales de empleos se concentraron en los servicios diversos, con una subida de 473 mil personas; en servicios financieros, profesionales y corporativos, con 333 mil, y en el comercio, con 308 mil.<\/p>\n\n\n\n<p>A\u00fan as\u00ed, 1.8 millones de personas permanecieron desocupadas y 4.7 millones de personas estuvieron subocupadas, es decir, que reportaron tener la necesidad y voluntad de trabajar m\u00e1s horas.<\/p>\n\n\n\n<h3 class=\"wp-block-heading\">&nbsp;M\u00e1s informalidad<\/h3>\n\n\n\n<p>Asimismo, el instituto report\u00f3 un incremento interanual de 680 mil trabajadores en el sector informal, que concentr\u00f3 32.6 millones de personas.<\/p>\n\n\n\n<p>De esta manera, la\u00a0<strong>tasa de informalidad<\/strong>\u00a0qued\u00f3 en 55.1 por ciento de la fuerza laboral total.<\/p>\n\n\n\n<p>Por g\u00e9nero, el 76.1 por ciento de los hombres est\u00e1n en el mercado laboral, un incremento de 0.1 puntos porcentuales ante el mismo trimestre de 2022, y solo 46.4 por ciento de las mujeres est\u00e1n en la fuerza laboral, un aumento interanual de 1.3 puntos.<\/p>\n\n\n\n<p>Por sector, el instituto detall\u00f3 que 11.3 por ciento del total de trabajadores est\u00e1n en actividades primarias, el 24.9 por ciento en secundarias o industriales, y 63.1 por ciento est\u00e1n en terciarias o servicios.<\/p>\n\n\n\n<p>El restante 0.7 por ciento no especific\u00f3 su actividad econ\u00f3mica.<\/p>\n\n\n\n<p>Por regiones, las entidades que durante el tercer trimestre de 2023 tuvieron las<strong>&nbsp;tasas de desocupaci\u00f3n<\/strong>&nbsp;m\u00e1s altas fueron Ciudad de M\u00e9xico (4.1 por ciento), el Estado de M\u00e9xico (4 por ciento) y Tabasco (4 por ciento).<\/p>\n\n\n\n<p>Las cifras son un reflejo del comportamiento econ\u00f3mico de M\u00e9xico, que creci\u00f3 3.3 por ciento anual en el tercer trimestre de 2023 y un 1.1 por ciento trimestral, con lo que acumula una subida de 3.4 por ciento en lo que va del a\u00f1o, seg\u00fan los datos definitivos que el Inegi difundi\u00f3 el viernes pasado.<\/p>\n","protected":false},"excerpt":{"rendered":"<p>El Inegi report\u00f3 que 1.8 millones de personas permanecieron desocupadas en M\u00e9xico durante el tercer trimestre del a\u00f1o La&nbsp;tasa de desempleo&nbsp;en&nbsp;M\u00e9xico&nbsp;se situ\u00f3 en 3 por ciento en el tercer trimestre de 2023, menor a la de 3.4 por ciento del mismo lapso de 2022, aunque por encima de la de 2.8 por ciento de abril [&hellip;]<\/p>\n","protected":false},"author":47,"featured_media":66909,"comment_status":"open","ping_status":"open","sticky":false,"template":"","format":"standard","meta":{"tdm_status":"","tdm_grid_status":"","footnotes":""},"categories":[39],"tags":[],"class_list":{"0":"post-66908","1":"post","2":"type-post","3":"status-publish","4":"format-standard","5":"has-post-thumbnail","7":"category-noticias-nacionales"},"yoast_head":"<!-- This site is optimized with the Yoast SEO plugin v27.5 - https:\/\/yoast.com\/product\/yoast-seo-wordpress\/ -->\n<title>Repunta tasa de desempleo en M\u00e9xico; se ubic\u00f3 en 3 % en tercer trimestre - Fuentes Fidedignas<\/title>\n<meta name=\"robots\" content=\"index, follow, max-snippet:-1, max-image-preview:large, max-video-preview:-1\" \/>\n<link rel=\"canonical\" href=\"https:\/\/fuentesfidedignas.com.mx\/index.php\/2023\/11\/27\/repunta-tasa-de-desempleo-en-mexico-se-ubico-en-3-en-tercer-trimestre\/\" \/>\n<meta property=\"og:locale\" content=\"es_MX\" \/>\n<meta property=\"og:type\" content=\"article\" \/>\n<meta property=\"og:title\" content=\"Repunta tasa de desempleo en M\u00e9xico; se ubic\u00f3 en 3 % en tercer trimestre - Fuentes Fidedignas\" \/>\n<meta property=\"og:description\" content=\"El Inegi report\u00f3 que 1.8 millones de personas permanecieron desocupadas en M\u00e9xico durante el tercer trimestre del a\u00f1o La&nbsp;tasa de desempleo&nbsp;en&nbsp;M\u00e9xico&nbsp;se situ\u00f3 en 3 por ciento en el tercer trimestre de 2023, menor a la de 3.4 por ciento del mismo lapso de 2022, aunque por encima de la de 2.8 por ciento de abril [&hellip;]\" \/>\n<meta property=\"og:url\" content=\"https:\/\/fuentesfidedignas.com.mx\/index.php\/2023\/11\/27\/repunta-tasa-de-desempleo-en-mexico-se-ubico-en-3-en-tercer-trimestre\/\" \/>\n<meta property=\"og:site_name\" content=\"Fuentes Fidedignas\" \/>\n<meta property=\"article:publisher\" content=\"https:\/\/www.facebook.com\/Fuentes-Fidedignas-368234489921644\" \/>\n<meta property=\"article:published_time\" content=\"2023-11-27T16:27:58+00:00\" \/>\n<meta property=\"article:modified_time\" content=\"2023-11-27T16:27:59+00:00\" \/>\n<meta property=\"og:image\" content=\"https:\/\/fuentesfidedignas.com.mx\/wp-content\/uploads\/2023\/11\/desempleo-en-mexico.jpg\" \/>\n\t<meta property=\"og:image:width\" content=\"1024\" \/>\n\t<meta property=\"og:image:height\" content=\"849\" \/>\n\t<meta property=\"og:image:type\" content=\"image\/jpeg\" \/>\n<meta name=\"author\" content=\"L\u00f3pez D\u00f3riga\" \/>\n<meta name=\"twitter:card\" content=\"summary_large_image\" \/>\n<meta name=\"twitter:creator\" content=\"@fidedignas\" \/>\n<meta name=\"twitter:site\" content=\"@fidedignas\" \/>\n<meta name=\"twitter:label1\" content=\"Escrito por\" \/>\n\t<meta name=\"twitter:data1\" content=\"L\u00f3pez D\u00f3riga\" \/>\n\t<meta name=\"twitter:label2\" content=\"Tiempo de lectura\" \/>\n\t<meta name=\"twitter:data2\" content=\"2 minutos\" \/>\n<script type=\"application\/ld+json\" class=\"yoast-schema-graph\">{\"@context\":\"https:\\\/\\\/schema.org\",\"@graph\":[{\"@type\":\"Article\",\"@id\":\"https:\\\/\\\/fuentesfidedignas.com.mx\\\/index.php\\\/2023\\\/11\\\/27\\\/repunta-tasa-de-desempleo-en-mexico-se-ubico-en-3-en-tercer-trimestre\\\/#article\",\"isPartOf\":{\"@id\":\"https:\\\/\\\/fuentesfidedignas.com.mx\\\/index.php\\\/2023\\\/11\\\/27\\\/repunta-tasa-de-desempleo-en-mexico-se-ubico-en-3-en-tercer-trimestre\\\/\"},\"author\":{\"name\":\"L\u00f3pez D\u00f3riga\",\"@id\":\"https:\\\/\\\/fuentesfidedignas.com.mx\\\/#\\\/schema\\\/person\\\/67d852f0557c8509146a4b9ddebd543a\"},\"headline\":\"Repunta tasa de desempleo en M\u00e9xico; se ubic\u00f3 en 3 % en tercer trimestre\",\"datePublished\":\"2023-11-27T16:27:58+00:00\",\"dateModified\":\"2023-11-27T16:27:59+00:00\",\"mainEntityOfPage\":{\"@id\":\"https:\\\/\\\/fuentesfidedignas.com.mx\\\/index.php\\\/2023\\\/11\\\/27\\\/repunta-tasa-de-desempleo-en-mexico-se-ubico-en-3-en-tercer-trimestre\\\/\"},\"wordCount\":443,\"commentCount\":0,\"publisher\":{\"@id\":\"https:\\\/\\\/fuentesfidedignas.com.mx\\\/#organization\"},\"image\":{\"@id\":\"https:\\\/\\\/fuentesfidedignas.com.mx\\\/index.php\\\/2023\\\/11\\\/27\\\/repunta-tasa-de-desempleo-en-mexico-se-ubico-en-3-en-tercer-trimestre\\\/#primaryimage\"},\"thumbnailUrl\":\"https:\\\/\\\/fuentesfidedignas.com.mx\\\/wp-content\\\/uploads\\\/2023\\\/11\\\/desempleo-en-mexico.jpg\",\"articleSection\":[\"NOTICIAS NACIONALES\"],\"inLanguage\":\"es\",\"potentialAction\":[{\"@type\":\"CommentAction\",\"name\":\"Comment\",\"target\":[\"https:\\\/\\\/fuentesfidedignas.com.mx\\\/index.php\\\/2023\\\/11\\\/27\\\/repunta-tasa-de-desempleo-en-mexico-se-ubico-en-3-en-tercer-trimestre\\\/#respond\"]}]},{\"@type\":\"WebPage\",\"@id\":\"https:\\\/\\\/fuentesfidedignas.com.mx\\\/index.php\\\/2023\\\/11\\\/27\\\/repunta-tasa-de-desempleo-en-mexico-se-ubico-en-3-en-tercer-trimestre\\\/\",\"url\":\"https:\\\/\\\/fuentesfidedignas.com.mx\\\/index.php\\\/2023\\\/11\\\/27\\\/repunta-tasa-de-desempleo-en-mexico-se-ubico-en-3-en-tercer-trimestre\\\/\",\"name\":\"Repunta tasa de desempleo en M\u00e9xico; se ubic\u00f3 en 3 % en tercer trimestre - Fuentes Fidedignas\",\"isPartOf\":{\"@id\":\"https:\\\/\\\/fuentesfidedignas.com.mx\\\/#website\"},\"primaryImageOfPage\":{\"@id\":\"https:\\\/\\\/fuentesfidedignas.com.mx\\\/index.php\\\/2023\\\/11\\\/27\\\/repunta-tasa-de-desempleo-en-mexico-se-ubico-en-3-en-tercer-trimestre\\\/#primaryimage\"},\"image\":{\"@id\":\"https:\\\/\\\/fuentesfidedignas.com.mx\\\/index.php\\\/2023\\\/11\\\/27\\\/repunta-tasa-de-desempleo-en-mexico-se-ubico-en-3-en-tercer-trimestre\\\/#primaryimage\"},\"thumbnailUrl\":\"https:\\\/\\\/fuentesfidedignas.com.mx\\\/wp-content\\\/uploads\\\/2023\\\/11\\\/desempleo-en-mexico.jpg\",\"datePublished\":\"2023-11-27T16:27:58+00:00\",\"dateModified\":\"2023-11-27T16:27:59+00:00\",\"breadcrumb\":{\"@id\":\"https:\\\/\\\/fuentesfidedignas.com.mx\\\/index.php\\\/2023\\\/11\\\/27\\\/repunta-tasa-de-desempleo-en-mexico-se-ubico-en-3-en-tercer-trimestre\\\/#breadcrumb\"},\"inLanguage\":\"es\",\"potentialAction\":[{\"@type\":\"ReadAction\",\"target\":[\"https:\\\/\\\/fuentesfidedignas.com.mx\\\/index.php\\\/2023\\\/11\\\/27\\\/repunta-tasa-de-desempleo-en-mexico-se-ubico-en-3-en-tercer-trimestre\\\/\"]}]},{\"@type\":\"ImageObject\",\"inLanguage\":\"es\",\"@id\":\"https:\\\/\\\/fuentesfidedignas.com.mx\\\/index.php\\\/2023\\\/11\\\/27\\\/repunta-tasa-de-desempleo-en-mexico-se-ubico-en-3-en-tercer-trimestre\\\/#primaryimage\",\"url\":\"https:\\\/\\\/fuentesfidedignas.com.mx\\\/wp-content\\\/uploads\\\/2023\\\/11\\\/desempleo-en-mexico.jpg\",\"contentUrl\":\"https:\\\/\\\/fuentesfidedignas.com.mx\\\/wp-content\\\/uploads\\\/2023\\\/11\\\/desempleo-en-mexico.jpg\",\"width\":1024,\"height\":849},{\"@type\":\"BreadcrumbList\",\"@id\":\"https:\\\/\\\/fuentesfidedignas.com.mx\\\/index.php\\\/2023\\\/11\\\/27\\\/repunta-tasa-de-desempleo-en-mexico-se-ubico-en-3-en-tercer-trimestre\\\/#breadcrumb\",\"itemListElement\":[{\"@type\":\"ListItem\",\"position\":1,\"name\":\"Inicio\",\"item\":\"https:\\\/\\\/fuentesfidedignas.com.mx\\\/\"},{\"@type\":\"ListItem\",\"position\":2,\"name\":\"Repunta tasa de desempleo en M\u00e9xico; se ubic\u00f3 en 3 % en tercer trimestre\"}]},{\"@type\":\"WebSite\",\"@id\":\"https:\\\/\\\/fuentesfidedignas.com.mx\\\/#website\",\"url\":\"https:\\\/\\\/fuentesfidedignas.com.mx\\\/\",\"name\":\"Fuentes Fidedignas\",\"description\":\"Otro sitio realizado con WordPress\",\"publisher\":{\"@id\":\"https:\\\/\\\/fuentesfidedignas.com.mx\\\/#organization\"},\"potentialAction\":[{\"@type\":\"SearchAction\",\"target\":{\"@type\":\"EntryPoint\",\"urlTemplate\":\"https:\\\/\\\/fuentesfidedignas.com.mx\\\/?s={search_term_string}\"},\"query-input\":{\"@type\":\"PropertyValueSpecification\",\"valueRequired\":true,\"valueName\":\"search_term_string\"}}],\"inLanguage\":\"es\"},{\"@type\":\"Organization\",\"@id\":\"https:\\\/\\\/fuentesfidedignas.com.mx\\\/#organization\",\"name\":\"Fuentes Fidedignas\",\"url\":\"https:\\\/\\\/fuentesfidedignas.com.mx\\\/\",\"logo\":{\"@type\":\"ImageObject\",\"inLanguage\":\"es\",\"@id\":\"https:\\\/\\\/fuentesfidedignas.com.mx\\\/#\\\/schema\\\/logo\\\/image\\\/\",\"url\":\"https:\\\/\\\/fuentesfidedignas.com.mx\\\/wp-content\\\/uploads\\\/2021\\\/04\\\/logo-retina.png\",\"contentUrl\":\"https:\\\/\\\/fuentesfidedignas.com.mx\\\/wp-content\\\/uploads\\\/2021\\\/04\\\/logo-retina.png\",\"width\":280,\"height\":51,\"caption\":\"Fuentes Fidedignas\"},\"image\":{\"@id\":\"https:\\\/\\\/fuentesfidedignas.com.mx\\\/#\\\/schema\\\/logo\\\/image\\\/\"},\"sameAs\":[\"https:\\\/\\\/www.facebook.com\\\/Fuentes-Fidedignas-368234489921644\",\"https:\\\/\\\/x.com\\\/fidedignas\"]},{\"@type\":\"Person\",\"@id\":\"https:\\\/\\\/fuentesfidedignas.com.mx\\\/#\\\/schema\\\/person\\\/67d852f0557c8509146a4b9ddebd543a\",\"name\":\"L\u00f3pez D\u00f3riga\",\"image\":{\"@type\":\"ImageObject\",\"inLanguage\":\"es\",\"@id\":\"https:\\\/\\\/secure.gravatar.com\\\/avatar\\\/e525b06574ca18b33cded59dfe5778d6c823b9513154eff47da551b0551bdd1e?s=96&d=mm&r=g\",\"url\":\"https:\\\/\\\/secure.gravatar.com\\\/avatar\\\/e525b06574ca18b33cded59dfe5778d6c823b9513154eff47da551b0551bdd1e?s=96&d=mm&r=g\",\"contentUrl\":\"https:\\\/\\\/secure.gravatar.com\\\/avatar\\\/e525b06574ca18b33cded59dfe5778d6c823b9513154eff47da551b0551bdd1e?s=96&d=mm&r=g\",\"caption\":\"L\u00f3pez D\u00f3riga\"},\"url\":\"https:\\\/\\\/fuentesfidedignas.com.mx\\\/index.php\\\/author\\\/doriga\\\/\"}]}<\/script>\n<!-- \/ Yoast SEO plugin. -->","yoast_head_json":{"title":"Repunta tasa de desempleo en M\u00e9xico; se ubic\u00f3 en 3 % en tercer trimestre - Fuentes Fidedignas","robots":{"index":"index","follow":"follow","max-snippet":"max-snippet:-1","max-image-preview":"max-image-preview:large","max-video-preview":"max-video-preview:-1"},"canonical":"https:\/\/fuentesfidedignas.com.mx\/index.php\/2023\/11\/27\/repunta-tasa-de-desempleo-en-mexico-se-ubico-en-3-en-tercer-trimestre\/","og_locale":"es_MX","og_type":"article","og_title":"Repunta tasa de desempleo en M\u00e9xico; se ubic\u00f3 en 3 % en tercer trimestre - Fuentes Fidedignas","og_description":"El Inegi report\u00f3 que 1.8 millones de personas permanecieron desocupadas en M\u00e9xico durante el tercer trimestre del a\u00f1o La&nbsp;tasa de desempleo&nbsp;en&nbsp;M\u00e9xico&nbsp;se situ\u00f3 en 3 por ciento en el tercer trimestre de 2023, menor a la de 3.4 por ciento del mismo lapso de 2022, aunque por encima de la de 2.8 por ciento de abril [&hellip;]","og_url":"https:\/\/fuentesfidedignas.com.mx\/index.php\/2023\/11\/27\/repunta-tasa-de-desempleo-en-mexico-se-ubico-en-3-en-tercer-trimestre\/","og_site_name":"Fuentes Fidedignas","article_publisher":"https:\/\/www.facebook.com\/Fuentes-Fidedignas-368234489921644","article_published_time":"2023-11-27T16:27:58+00:00","article_modified_time":"2023-11-27T16:27:59+00:00","og_image":[{"width":1024,"height":849,"url":"https:\/\/fuentesfidedignas.com.mx\/wp-content\/uploads\/2023\/11\/desempleo-en-mexico.jpg","type":"image\/jpeg"}],"author":"L\u00f3pez D\u00f3riga","twitter_card":"summary_large_image","twitter_creator":"@fidedignas","twitter_site":"@fidedignas","twitter_misc":{"Escrito por":"L\u00f3pez D\u00f3riga","Tiempo de lectura":"2 minutos"},"schema":{"@context":"https:\/\/schema.org","@graph":[{"@type":"Article","@id":"https:\/\/fuentesfidedignas.com.mx\/index.php\/2023\/11\/27\/repunta-tasa-de-desempleo-en-mexico-se-ubico-en-3-en-tercer-trimestre\/#article","isPartOf":{"@id":"https:\/\/fuentesfidedignas.com.mx\/index.php\/2023\/11\/27\/repunta-tasa-de-desempleo-en-mexico-se-ubico-en-3-en-tercer-trimestre\/"},"author":{"name":"L\u00f3pez D\u00f3riga","@id":"https:\/\/fuentesfidedignas.com.mx\/#\/schema\/person\/67d852f0557c8509146a4b9ddebd543a"},"headline":"Repunta tasa de desempleo en M\u00e9xico; se ubic\u00f3 en 3 % en tercer trimestre","datePublished":"2023-11-27T16:27:58+00:00","dateModified":"2023-11-27T16:27:59+00:00","mainEntityOfPage":{"@id":"https:\/\/fuentesfidedignas.com.mx\/index.php\/2023\/11\/27\/repunta-tasa-de-desempleo-en-mexico-se-ubico-en-3-en-tercer-trimestre\/"},"wordCount":443,"commentCount":0,"publisher":{"@id":"https:\/\/fuentesfidedignas.com.mx\/#organization"},"image":{"@id":"https:\/\/fuentesfidedignas.com.mx\/index.php\/2023\/11\/27\/repunta-tasa-de-desempleo-en-mexico-se-ubico-en-3-en-tercer-trimestre\/#primaryimage"},"thumbnailUrl":"https:\/\/fuentesfidedignas.com.mx\/wp-content\/uploads\/2023\/11\/desempleo-en-mexico.jpg","articleSection":["NOTICIAS NACIONALES"],"inLanguage":"es","potentialAction":[{"@type":"CommentAction","name":"Comment","target":["https:\/\/fuentesfidedignas.com.mx\/index.php\/2023\/11\/27\/repunta-tasa-de-desempleo-en-mexico-se-ubico-en-3-en-tercer-trimestre\/#respond"]}]},{"@type":"WebPage","@id":"https:\/\/fuentesfidedignas.com.mx\/index.php\/2023\/11\/27\/repunta-tasa-de-desempleo-en-mexico-se-ubico-en-3-en-tercer-trimestre\/","url":"https:\/\/fuentesfidedignas.com.mx\/index.php\/2023\/11\/27\/repunta-tasa-de-desempleo-en-mexico-se-ubico-en-3-en-tercer-trimestre\/","name":"Repunta tasa de desempleo en M\u00e9xico; se ubic\u00f3 en 3 % en tercer trimestre - Fuentes Fidedignas","isPartOf":{"@id":"https:\/\/fuentesfidedignas.com.mx\/#website"},"primaryImageOfPage":{"@id":"https:\/\/fuentesfidedignas.com.mx\/index.php\/2023\/11\/27\/repunta-tasa-de-desempleo-en-mexico-se-ubico-en-3-en-tercer-trimestre\/#primaryimage"},"image":{"@id":"https:\/\/fuentesfidedignas.com.mx\/index.php\/2023\/11\/27\/repunta-tasa-de-desempleo-en-mexico-se-ubico-en-3-en-tercer-trimestre\/#primaryimage"},"thumbnailUrl":"https:\/\/fuentesfidedignas.com.mx\/wp-content\/uploads\/2023\/11\/desempleo-en-mexico.jpg","datePublished":"2023-11-27T16:27:58+00:00","dateModified":"2023-11-27T16:27:59+00:00","breadcrumb":{"@id":"https:\/\/fuentesfidedignas.com.mx\/index.php\/2023\/11\/27\/repunta-tasa-de-desempleo-en-mexico-se-ubico-en-3-en-tercer-trimestre\/#breadcrumb"},"inLanguage":"es","potentialAction":[{"@type":"ReadAction","target":["https:\/\/fuentesfidedignas.com.mx\/index.php\/2023\/11\/27\/repunta-tasa-de-desempleo-en-mexico-se-ubico-en-3-en-tercer-trimestre\/"]}]},{"@type":"ImageObject","inLanguage":"es","@id":"https:\/\/fuentesfidedignas.com.mx\/index.php\/2023\/11\/27\/repunta-tasa-de-desempleo-en-mexico-se-ubico-en-3-en-tercer-trimestre\/#primaryimage","url":"https:\/\/fuentesfidedignas.com.mx\/wp-content\/uploads\/2023\/11\/desempleo-en-mexico.jpg","contentUrl":"https:\/\/fuentesfidedignas.com.mx\/wp-content\/uploads\/2023\/11\/desempleo-en-mexico.jpg","width":1024,"height":849},{"@type":"BreadcrumbList","@id":"https:\/\/fuentesfidedignas.com.mx\/index.php\/2023\/11\/27\/repunta-tasa-de-desempleo-en-mexico-se-ubico-en-3-en-tercer-trimestre\/#breadcrumb","itemListElement":[{"@type":"ListItem","position":1,"name":"Inicio","item":"https:\/\/fuentesfidedignas.com.mx\/"},{"@type":"ListItem","position":2,"name":"Repunta tasa de desempleo en M\u00e9xico; se ubic\u00f3 en 3 % en tercer trimestre"}]},{"@type":"WebSite","@id":"https:\/\/fuentesfidedignas.com.mx\/#website","url":"https:\/\/fuentesfidedignas.com.mx\/","name":"Fuentes Fidedignas","description":"Otro sitio realizado con WordPress","publisher":{"@id":"https:\/\/fuentesfidedignas.com.mx\/#organization"},"potentialAction":[{"@type":"SearchAction","target":{"@type":"EntryPoint","urlTemplate":"https:\/\/fuentesfidedignas.com.mx\/?s={search_term_string}"},"query-input":{"@type":"PropertyValueSpecification","valueRequired":true,"valueName":"search_term_string"}}],"inLanguage":"es"},{"@type":"Organization","@id":"https:\/\/fuentesfidedignas.com.mx\/#organization","name":"Fuentes Fidedignas","url":"https:\/\/fuentesfidedignas.com.mx\/","logo":{"@type":"ImageObject","inLanguage":"es","@id":"https:\/\/fuentesfidedignas.com.mx\/#\/schema\/logo\/image\/","url":"https:\/\/fuentesfidedignas.com.mx\/wp-content\/uploads\/2021\/04\/logo-retina.png","contentUrl":"https:\/\/fuentesfidedignas.com.mx\/wp-content\/uploads\/2021\/04\/logo-retina.png","width":280,"height":51,"caption":"Fuentes Fidedignas"},"image":{"@id":"https:\/\/fuentesfidedignas.com.mx\/#\/schema\/logo\/image\/"},"sameAs":["https:\/\/www.facebook.com\/Fuentes-Fidedignas-368234489921644","https:\/\/x.com\/fidedignas"]},{"@type":"Person","@id":"https:\/\/fuentesfidedignas.com.mx\/#\/schema\/person\/67d852f0557c8509146a4b9ddebd543a","name":"L\u00f3pez D\u00f3riga","image":{"@type":"ImageObject","inLanguage":"es","@id":"https:\/\/secure.gravatar.com\/avatar\/e525b06574ca18b33cded59dfe5778d6c823b9513154eff47da551b0551bdd1e?s=96&d=mm&r=g","url":"https:\/\/secure.gravatar.com\/avatar\/e525b06574ca18b33cded59dfe5778d6c823b9513154eff47da551b0551bdd1e?s=96&d=mm&r=g","contentUrl":"https:\/\/secure.gravatar.com\/avatar\/e525b06574ca18b33cded59dfe5778d6c823b9513154eff47da551b0551bdd1e?s=96&d=mm&r=g","caption":"L\u00f3pez D\u00f3riga"},"url":"https:\/\/fuentesfidedignas.com.mx\/index.php\/author\/doriga\/"}]}},"_links":{"self":[{"href":"https:\/\/fuentesfidedignas.com.mx\/index.php\/wp-json\/wp\/v2\/posts\/66908","targetHints":{"allow":["GET"]}}],"collection":[{"href":"https:\/\/fuentesfidedignas.com.mx\/index.php\/wp-json\/wp\/v2\/posts"}],"about":[{"href":"https:\/\/fuentesfidedignas.com.mx\/index.php\/wp-json\/wp\/v2\/types\/post"}],"author":[{"embeddable":true,"href":"https:\/\/fuentesfidedignas.com.mx\/index.php\/wp-json\/wp\/v2\/users\/47"}],"replies":[{"embeddable":true,"href":"https:\/\/fuentesfidedignas.com.mx\/index.php\/wp-json\/wp\/v2\/comments?post=66908"}],"version-history":[{"count":1,"href":"https:\/\/fuentesfidedignas.com.mx\/index.php\/wp-json\/wp\/v2\/posts\/66908\/revisions"}],"predecessor-version":[{"id":66910,"href":"https:\/\/fuentesfidedignas.com.mx\/index.php\/wp-json\/wp\/v2\/posts\/66908\/revisions\/66910"}],"wp:featuredmedia":[{"embeddable":true,"href":"https:\/\/fuentesfidedignas.com.mx\/index.php\/wp-json\/wp\/v2\/media\/66909"}],"wp:attachment":[{"href":"https:\/\/fuentesfidedignas.com.mx\/index.php\/wp-json\/wp\/v2\/media?parent=66908"}],"wp:term":[{"taxonomy":"category","embeddable":true,"href":"https:\/\/fuentesfidedignas.com.mx\/index.php\/wp-json\/wp\/v2\/categories?post=66908"},{"taxonomy":"post_tag","embeddable":true,"href":"https:\/\/fuentesfidedignas.com.mx\/index.php\/wp-json\/wp\/v2\/tags?post=66908"}],"curies":[{"name":"wp","href":"https:\/\/api.w.org\/{rel}","templated":true}]}}