{"id":66831,"date":"2023-11-26T03:17:00","date_gmt":"2023-11-26T10:17:00","guid":{"rendered":"https:\/\/fuentesfidedignas.com.mx\/?p=66831"},"modified":"2023-11-25T15:22:17","modified_gmt":"2023-11-25T22:22:17","slug":"video-multan-a-joven-en-silla-de-ruedas-por-estacionarse-en-un-lugar-para-discapacitados","status":"publish","type":"post","link":"https:\/\/fuentesfidedignas.com.mx\/index.php\/2023\/11\/26\/video-multan-a-joven-en-silla-de-ruedas-por-estacionarse-en-un-lugar-para-discapacitados\/","title":{"rendered":"VIDEO: Multan a joven en silla de ruedas por estacionarse en un lugar para discapacitados"},"content":{"rendered":"\n<p><strong><em>Un joven en silla de ruedas recibi\u00f3 una multa por estacionarse en un lugar para discapacitados en Canc\u00fan; el video en TikTok es viral<\/em><\/strong><\/p>\n\n\n\n<p>Un<strong>&nbsp;joven en silla de ruedas recibi\u00f3 una multa&nbsp;<\/strong>por estacionarse en un<strong>&nbsp;lugar para discapacitados en Canc\u00fan;<\/strong>&nbsp;el video lo public\u00f3 en su cuenta de&nbsp;<a href=\"https:\/\/www.excelsior.com.mx\/tiktok\" target=\"_blank\" rel=\"noreferrer noopener\"><strong>TikTok<\/strong><\/a>&nbsp;y ha generado gran revuelo entre los usuarios.&nbsp;<\/p>\n\n\n\n<p>El usuario de TikTok,&nbsp;<strong>@Vaniego,<\/strong>&nbsp;public\u00f3 recientemente un video en donde dio a conocer que fue multado por un agente de Tr\u00e1nsito por ocupar un lugar destinado a personas con discapacidad, esto,<strong>&nbsp;pese a que el oficial vio que el joven iba en silla de ruedas.&nbsp;<\/strong><\/p>\n\n\n\n<blockquote class=\"wp-block-quote is-layout-flow wp-block-quote-is-layout-flow\">\n<p>Me infraccionaron porque como estoy tan tonto no me di cuenta que me estacion\u00e9 en un lugar para personas con discapacidad\u201d, dijo en modo sarc\u00e1stico.&nbsp;<\/p>\n<\/blockquote>\n\n\n\n<p>El joven reconoci\u00f3 que&nbsp;<strong>no ten\u00eda el tarjet\u00f3n en su auto&nbsp;<\/strong>para dar cuenta que era una persona con discapacidad, pero que era evidente que pod\u00eda ocupar el lugar de estacionamiento por llevar la silla de ruedas.&nbsp;<\/p>\n\n\n\n<blockquote class=\"wp-block-quote is-layout-flow wp-block-quote-is-layout-flow\">\n<p>No tra\u00eda gafete de silla de ruedas mi camioneta, pero el tr\u00e1nsito me vio y le dije, no me quites la placa, me est\u00e1s viendo, el tipo no le import\u00f3 le llam\u00f3 a dos tr\u00e1nsitos m\u00e1s porque no tra\u00eda su papeleta, le dije no la hagas, me est\u00e1s viendo, no es mentira y us\u00f3 palabras como pro ejemplo, est\u00e1s en un lugar para inv\u00e1lidos, cuando no somos inv\u00e1lidos, se burl\u00f3 d nosotros diciendo que vamos a tener que pagar 5 mil pesos de multa\u201d, dijo.&nbsp;<\/p>\n<\/blockquote>\n\n\n\n<p>Agreg\u00f3 que al final le hicieron la boleta en donde dice que se estacion\u00f3 en un lugar para personas con discapacidad, aunque mucha gente lo defendi\u00f3.&nbsp;<\/p>\n\n\n\n<p>El&nbsp;<strong>video suma m\u00e1s de 450 mil reproducciones&nbsp;<\/strong>y miles de comentarios entre los que se lee:<\/p>\n\n\n\n<ul class=\"wp-block-list\">\n<li>As\u00ed son en Canc\u00fan, a m\u00ed me multaron por ir a exceso de velocidad y el carro era super viejito.&nbsp;<\/li>\n\n\n\n<li>Goeyyy pero lo estaba viendo, con placa o sin placa, necesitaba el espacio.&nbsp;<\/li>\n\n\n\n<li>A m\u00ed tambi\u00e9n se me hace absurdo cuando llevo a mi abuelita, por que debo tramitar una placa.&nbsp;<\/li>\n<\/ul>\n\n\n\n<figure class=\"wp-block-embed is-type-video is-provider-tiktok wp-block-embed-tiktok\"><div class=\"wp-block-embed__wrapper\">\n<blockquote class=\"tiktok-embed\" cite=\"https:\/\/www.tiktok.com\/@vaniego10\/video\/7304445347563064581\" data-video-id=\"7304445347563064581\" data-embed-from=\"oembed\" style=\"max-width: 605px;min-width: 325px;\" > <section> <a target=\"_blank\" title=\"@vaniego10\" href=\"https:\/\/www.tiktok.com\/@vaniego10?refer=embed\">@vaniego10<\/a> <p>Quiero leer sus opiniones \u267f\ufe0f\ud83d\ude1e <a title=\"discapacidad\" target=\"_blank\" href=\"https:\/\/www.tiktok.com\/tag\/discapacidad?refer=embed\">#discapacidad<\/a> <a title=\"silladeruedas\" target=\"_blank\" href=\"https:\/\/www.tiktok.com\/tag\/silladeruedas?refer=embed\">#silladeruedas<\/a> <a title=\"transito\" target=\"_blank\" href=\"https:\/\/www.tiktok.com\/tag\/transito?refer=embed\">#transito<\/a> <a title=\"cancun\" target=\"_blank\" href=\"https:\/\/www.tiktok.com\/tag\/cancun?refer=embed\">#cancun<\/a> <\/p> <a target=\"_blank\" title=\"\u266c sonido original - Vaniego\" href=\"https:\/\/www.tiktok.com\/music\/sonido-original-7304445537209371397?refer=embed\">\u266c sonido original &#8211; Vaniego<\/a> <\/section> <\/blockquote> <script async src=\"https:\/\/www.tiktok.com\/embed.js\"><\/script>\n<\/div><\/figure>\n","protected":false},"excerpt":{"rendered":"<p>Un joven en silla de ruedas recibi\u00f3 una multa por estacionarse en un lugar para discapacitados en Canc\u00fan; el video en TikTok es viral Un&nbsp;joven en silla de ruedas recibi\u00f3 una multa&nbsp;por estacionarse en un&nbsp;lugar para discapacitados en Canc\u00fan;&nbsp;el video lo public\u00f3 en su cuenta de&nbsp;TikTok&nbsp;y ha generado gran revuelo entre los usuarios.&nbsp; El usuario [&hellip;]<\/p>\n","protected":false},"author":7,"featured_media":66832,"comment_status":"open","ping_status":"open","sticky":false,"template":"","format":"standard","meta":{"tdm_status":"","tdm_grid_status":"","footnotes":""},"categories":[40],"tags":[],"class_list":{"0":"post-66831","1":"post","2":"type-post","3":"status-publish","4":"format-standard","5":"has-post-thumbnail","7":"category-las-asombrosas"},"yoast_head":"<!-- This site is optimized with the Yoast SEO plugin v27.4 - https:\/\/yoast.com\/product\/yoast-seo-wordpress\/ -->\n<title>VIDEO: Multan a joven en silla de ruedas por estacionarse en un lugar para discapacitados - Fuentes Fidedignas<\/title>\n<meta name=\"robots\" content=\"index, follow, max-snippet:-1, max-image-preview:large, max-video-preview:-1\" \/>\n<link rel=\"canonical\" href=\"https:\/\/fuentesfidedignas.com.mx\/index.php\/2023\/11\/26\/video-multan-a-joven-en-silla-de-ruedas-por-estacionarse-en-un-lugar-para-discapacitados\/\" \/>\n<meta property=\"og:locale\" content=\"es_MX\" \/>\n<meta property=\"og:type\" content=\"article\" \/>\n<meta property=\"og:title\" content=\"VIDEO: Multan a joven en silla de ruedas por estacionarse en un lugar para discapacitados - Fuentes Fidedignas\" \/>\n<meta property=\"og:description\" content=\"Un joven en silla de ruedas recibi\u00f3 una multa por estacionarse en un lugar para discapacitados en Canc\u00fan; el video en TikTok es viral Un&nbsp;joven en silla de ruedas recibi\u00f3 una multa&nbsp;por estacionarse en un&nbsp;lugar para discapacitados en Canc\u00fan;&nbsp;el video lo public\u00f3 en su cuenta de&nbsp;TikTok&nbsp;y ha generado gran revuelo entre los usuarios.&nbsp; El usuario [&hellip;]\" \/>\n<meta property=\"og:url\" content=\"https:\/\/fuentesfidedignas.com.mx\/index.php\/2023\/11\/26\/video-multan-a-joven-en-silla-de-ruedas-por-estacionarse-en-un-lugar-para-discapacitados\/\" \/>\n<meta property=\"og:site_name\" content=\"Fuentes Fidedignas\" \/>\n<meta property=\"article:publisher\" content=\"https:\/\/www.facebook.com\/Fuentes-Fidedignas-368234489921644\" \/>\n<meta property=\"article:published_time\" content=\"2023-11-26T10:17:00+00:00\" \/>\n<meta property=\"og:image\" content=\"https:\/\/fuentesfidedignas.com.mx\/wp-content\/uploads\/2023\/11\/3039316.jpg\" \/>\n\t<meta property=\"og:image:width\" content=\"800\" \/>\n\t<meta property=\"og:image:height\" content=\"600\" \/>\n\t<meta property=\"og:image:type\" content=\"image\/jpeg\" \/>\n<meta name=\"author\" content=\"Exc\u00e9lsior\" \/>\n<meta name=\"twitter:card\" content=\"summary_large_image\" \/>\n<meta name=\"twitter:creator\" content=\"@fidedignas\" \/>\n<meta name=\"twitter:site\" content=\"@fidedignas\" \/>\n<meta name=\"twitter:label1\" content=\"Escrito por\" \/>\n\t<meta name=\"twitter:data1\" content=\"Exc\u00e9lsior\" \/>\n\t<meta name=\"twitter:label2\" content=\"Tiempo de lectura\" \/>\n\t<meta name=\"twitter:data2\" content=\"2 minutos\" \/>\n<script type=\"application\/ld+json\" class=\"yoast-schema-graph\">{\"@context\":\"https:\\\/\\\/schema.org\",\"@graph\":[{\"@type\":\"Article\",\"@id\":\"https:\\\/\\\/fuentesfidedignas.com.mx\\\/index.php\\\/2023\\\/11\\\/26\\\/video-multan-a-joven-en-silla-de-ruedas-por-estacionarse-en-un-lugar-para-discapacitados\\\/#article\",\"isPartOf\":{\"@id\":\"https:\\\/\\\/fuentesfidedignas.com.mx\\\/index.php\\\/2023\\\/11\\\/26\\\/video-multan-a-joven-en-silla-de-ruedas-por-estacionarse-en-un-lugar-para-discapacitados\\\/\"},\"author\":{\"name\":\"Exc\u00e9lsior\",\"@id\":\"https:\\\/\\\/fuentesfidedignas.com.mx\\\/#\\\/schema\\\/person\\\/ec4edd1fbf5efa3e44fce34fe2787780\"},\"headline\":\"VIDEO: Multan a joven en silla de ruedas por estacionarse en un lugar para discapacitados\",\"datePublished\":\"2023-11-26T10:17:00+00:00\",\"mainEntityOfPage\":{\"@id\":\"https:\\\/\\\/fuentesfidedignas.com.mx\\\/index.php\\\/2023\\\/11\\\/26\\\/video-multan-a-joven-en-silla-de-ruedas-por-estacionarse-en-un-lugar-para-discapacitados\\\/\"},\"wordCount\":435,\"commentCount\":0,\"publisher\":{\"@id\":\"https:\\\/\\\/fuentesfidedignas.com.mx\\\/#organization\"},\"image\":{\"@id\":\"https:\\\/\\\/fuentesfidedignas.com.mx\\\/index.php\\\/2023\\\/11\\\/26\\\/video-multan-a-joven-en-silla-de-ruedas-por-estacionarse-en-un-lugar-para-discapacitados\\\/#primaryimage\"},\"thumbnailUrl\":\"https:\\\/\\\/fuentesfidedignas.com.mx\\\/wp-content\\\/uploads\\\/2023\\\/11\\\/3039316.jpg\",\"articleSection\":[\"LAS ASOMBROSAS\"],\"inLanguage\":\"es\",\"potentialAction\":[{\"@type\":\"CommentAction\",\"name\":\"Comment\",\"target\":[\"https:\\\/\\\/fuentesfidedignas.com.mx\\\/index.php\\\/2023\\\/11\\\/26\\\/video-multan-a-joven-en-silla-de-ruedas-por-estacionarse-en-un-lugar-para-discapacitados\\\/#respond\"]}]},{\"@type\":\"WebPage\",\"@id\":\"https:\\\/\\\/fuentesfidedignas.com.mx\\\/index.php\\\/2023\\\/11\\\/26\\\/video-multan-a-joven-en-silla-de-ruedas-por-estacionarse-en-un-lugar-para-discapacitados\\\/\",\"url\":\"https:\\\/\\\/fuentesfidedignas.com.mx\\\/index.php\\\/2023\\\/11\\\/26\\\/video-multan-a-joven-en-silla-de-ruedas-por-estacionarse-en-un-lugar-para-discapacitados\\\/\",\"name\":\"VIDEO: Multan a joven en silla de ruedas por estacionarse en un lugar para discapacitados - Fuentes Fidedignas\",\"isPartOf\":{\"@id\":\"https:\\\/\\\/fuentesfidedignas.com.mx\\\/#website\"},\"primaryImageOfPage\":{\"@id\":\"https:\\\/\\\/fuentesfidedignas.com.mx\\\/index.php\\\/2023\\\/11\\\/26\\\/video-multan-a-joven-en-silla-de-ruedas-por-estacionarse-en-un-lugar-para-discapacitados\\\/#primaryimage\"},\"image\":{\"@id\":\"https:\\\/\\\/fuentesfidedignas.com.mx\\\/index.php\\\/2023\\\/11\\\/26\\\/video-multan-a-joven-en-silla-de-ruedas-por-estacionarse-en-un-lugar-para-discapacitados\\\/#primaryimage\"},\"thumbnailUrl\":\"https:\\\/\\\/fuentesfidedignas.com.mx\\\/wp-content\\\/uploads\\\/2023\\\/11\\\/3039316.jpg\",\"datePublished\":\"2023-11-26T10:17:00+00:00\",\"breadcrumb\":{\"@id\":\"https:\\\/\\\/fuentesfidedignas.com.mx\\\/index.php\\\/2023\\\/11\\\/26\\\/video-multan-a-joven-en-silla-de-ruedas-por-estacionarse-en-un-lugar-para-discapacitados\\\/#breadcrumb\"},\"inLanguage\":\"es\",\"potentialAction\":[{\"@type\":\"ReadAction\",\"target\":[\"https:\\\/\\\/fuentesfidedignas.com.mx\\\/index.php\\\/2023\\\/11\\\/26\\\/video-multan-a-joven-en-silla-de-ruedas-por-estacionarse-en-un-lugar-para-discapacitados\\\/\"]}]},{\"@type\":\"ImageObject\",\"inLanguage\":\"es\",\"@id\":\"https:\\\/\\\/fuentesfidedignas.com.mx\\\/index.php\\\/2023\\\/11\\\/26\\\/video-multan-a-joven-en-silla-de-ruedas-por-estacionarse-en-un-lugar-para-discapacitados\\\/#primaryimage\",\"url\":\"https:\\\/\\\/fuentesfidedignas.com.mx\\\/wp-content\\\/uploads\\\/2023\\\/11\\\/3039316.jpg\",\"contentUrl\":\"https:\\\/\\\/fuentesfidedignas.com.mx\\\/wp-content\\\/uploads\\\/2023\\\/11\\\/3039316.jpg\",\"width\":800,\"height\":600},{\"@type\":\"BreadcrumbList\",\"@id\":\"https:\\\/\\\/fuentesfidedignas.com.mx\\\/index.php\\\/2023\\\/11\\\/26\\\/video-multan-a-joven-en-silla-de-ruedas-por-estacionarse-en-un-lugar-para-discapacitados\\\/#breadcrumb\",\"itemListElement\":[{\"@type\":\"ListItem\",\"position\":1,\"name\":\"Inicio\",\"item\":\"https:\\\/\\\/fuentesfidedignas.com.mx\\\/\"},{\"@type\":\"ListItem\",\"position\":2,\"name\":\"VIDEO: Multan a joven en silla de ruedas por estacionarse en un lugar para discapacitados\"}]},{\"@type\":\"WebSite\",\"@id\":\"https:\\\/\\\/fuentesfidedignas.com.mx\\\/#website\",\"url\":\"https:\\\/\\\/fuentesfidedignas.com.mx\\\/\",\"name\":\"Fuentes Fidedignas\",\"description\":\"Otro sitio realizado con WordPress\",\"publisher\":{\"@id\":\"https:\\\/\\\/fuentesfidedignas.com.mx\\\/#organization\"},\"potentialAction\":[{\"@type\":\"SearchAction\",\"target\":{\"@type\":\"EntryPoint\",\"urlTemplate\":\"https:\\\/\\\/fuentesfidedignas.com.mx\\\/?s={search_term_string}\"},\"query-input\":{\"@type\":\"PropertyValueSpecification\",\"valueRequired\":true,\"valueName\":\"search_term_string\"}}],\"inLanguage\":\"es\"},{\"@type\":\"Organization\",\"@id\":\"https:\\\/\\\/fuentesfidedignas.com.mx\\\/#organization\",\"name\":\"Fuentes Fidedignas\",\"url\":\"https:\\\/\\\/fuentesfidedignas.com.mx\\\/\",\"logo\":{\"@type\":\"ImageObject\",\"inLanguage\":\"es\",\"@id\":\"https:\\\/\\\/fuentesfidedignas.com.mx\\\/#\\\/schema\\\/logo\\\/image\\\/\",\"url\":\"https:\\\/\\\/fuentesfidedignas.com.mx\\\/wp-content\\\/uploads\\\/2021\\\/04\\\/logo-retina.png\",\"contentUrl\":\"https:\\\/\\\/fuentesfidedignas.com.mx\\\/wp-content\\\/uploads\\\/2021\\\/04\\\/logo-retina.png\",\"width\":280,\"height\":51,\"caption\":\"Fuentes Fidedignas\"},\"image\":{\"@id\":\"https:\\\/\\\/fuentesfidedignas.com.mx\\\/#\\\/schema\\\/logo\\\/image\\\/\"},\"sameAs\":[\"https:\\\/\\\/www.facebook.com\\\/Fuentes-Fidedignas-368234489921644\",\"https:\\\/\\\/x.com\\\/fidedignas\"]},{\"@type\":\"Person\",\"@id\":\"https:\\\/\\\/fuentesfidedignas.com.mx\\\/#\\\/schema\\\/person\\\/ec4edd1fbf5efa3e44fce34fe2787780\",\"name\":\"Exc\u00e9lsior\",\"image\":{\"@type\":\"ImageObject\",\"inLanguage\":\"es\",\"@id\":\"https:\\\/\\\/secure.gravatar.com\\\/avatar\\\/4b7ee9206b48be08447852b3f0814dbc7c0f3b51541b164f1464a2725614020b?s=96&d=mm&r=g\",\"url\":\"https:\\\/\\\/secure.gravatar.com\\\/avatar\\\/4b7ee9206b48be08447852b3f0814dbc7c0f3b51541b164f1464a2725614020b?s=96&d=mm&r=g\",\"contentUrl\":\"https:\\\/\\\/secure.gravatar.com\\\/avatar\\\/4b7ee9206b48be08447852b3f0814dbc7c0f3b51541b164f1464a2725614020b?s=96&d=mm&r=g\",\"caption\":\"Exc\u00e9lsior\"},\"url\":\"https:\\\/\\\/fuentesfidedignas.com.mx\\\/index.php\\\/author\\\/excelsior\\\/\"}]}<\/script>\n<!-- \/ Yoast SEO plugin. -->","yoast_head_json":{"title":"VIDEO: Multan a joven en silla de ruedas por estacionarse en un lugar para discapacitados - Fuentes Fidedignas","robots":{"index":"index","follow":"follow","max-snippet":"max-snippet:-1","max-image-preview":"max-image-preview:large","max-video-preview":"max-video-preview:-1"},"canonical":"https:\/\/fuentesfidedignas.com.mx\/index.php\/2023\/11\/26\/video-multan-a-joven-en-silla-de-ruedas-por-estacionarse-en-un-lugar-para-discapacitados\/","og_locale":"es_MX","og_type":"article","og_title":"VIDEO: Multan a joven en silla de ruedas por estacionarse en un lugar para discapacitados - Fuentes Fidedignas","og_description":"Un joven en silla de ruedas recibi\u00f3 una multa por estacionarse en un lugar para discapacitados en Canc\u00fan; el video en TikTok es viral Un&nbsp;joven en silla de ruedas recibi\u00f3 una multa&nbsp;por estacionarse en un&nbsp;lugar para discapacitados en Canc\u00fan;&nbsp;el video lo public\u00f3 en su cuenta de&nbsp;TikTok&nbsp;y ha generado gran revuelo entre los usuarios.&nbsp; El usuario [&hellip;]","og_url":"https:\/\/fuentesfidedignas.com.mx\/index.php\/2023\/11\/26\/video-multan-a-joven-en-silla-de-ruedas-por-estacionarse-en-un-lugar-para-discapacitados\/","og_site_name":"Fuentes Fidedignas","article_publisher":"https:\/\/www.facebook.com\/Fuentes-Fidedignas-368234489921644","article_published_time":"2023-11-26T10:17:00+00:00","og_image":[{"width":800,"height":600,"url":"https:\/\/fuentesfidedignas.com.mx\/wp-content\/uploads\/2023\/11\/3039316.jpg","type":"image\/jpeg"}],"author":"Exc\u00e9lsior","twitter_card":"summary_large_image","twitter_creator":"@fidedignas","twitter_site":"@fidedignas","twitter_misc":{"Escrito por":"Exc\u00e9lsior","Tiempo de lectura":"2 minutos"},"schema":{"@context":"https:\/\/schema.org","@graph":[{"@type":"Article","@id":"https:\/\/fuentesfidedignas.com.mx\/index.php\/2023\/11\/26\/video-multan-a-joven-en-silla-de-ruedas-por-estacionarse-en-un-lugar-para-discapacitados\/#article","isPartOf":{"@id":"https:\/\/fuentesfidedignas.com.mx\/index.php\/2023\/11\/26\/video-multan-a-joven-en-silla-de-ruedas-por-estacionarse-en-un-lugar-para-discapacitados\/"},"author":{"name":"Exc\u00e9lsior","@id":"https:\/\/fuentesfidedignas.com.mx\/#\/schema\/person\/ec4edd1fbf5efa3e44fce34fe2787780"},"headline":"VIDEO: Multan a joven en silla de ruedas por estacionarse en un lugar para discapacitados","datePublished":"2023-11-26T10:17:00+00:00","mainEntityOfPage":{"@id":"https:\/\/fuentesfidedignas.com.mx\/index.php\/2023\/11\/26\/video-multan-a-joven-en-silla-de-ruedas-por-estacionarse-en-un-lugar-para-discapacitados\/"},"wordCount":435,"commentCount":0,"publisher":{"@id":"https:\/\/fuentesfidedignas.com.mx\/#organization"},"image":{"@id":"https:\/\/fuentesfidedignas.com.mx\/index.php\/2023\/11\/26\/video-multan-a-joven-en-silla-de-ruedas-por-estacionarse-en-un-lugar-para-discapacitados\/#primaryimage"},"thumbnailUrl":"https:\/\/fuentesfidedignas.com.mx\/wp-content\/uploads\/2023\/11\/3039316.jpg","articleSection":["LAS ASOMBROSAS"],"inLanguage":"es","potentialAction":[{"@type":"CommentAction","name":"Comment","target":["https:\/\/fuentesfidedignas.com.mx\/index.php\/2023\/11\/26\/video-multan-a-joven-en-silla-de-ruedas-por-estacionarse-en-un-lugar-para-discapacitados\/#respond"]}]},{"@type":"WebPage","@id":"https:\/\/fuentesfidedignas.com.mx\/index.php\/2023\/11\/26\/video-multan-a-joven-en-silla-de-ruedas-por-estacionarse-en-un-lugar-para-discapacitados\/","url":"https:\/\/fuentesfidedignas.com.mx\/index.php\/2023\/11\/26\/video-multan-a-joven-en-silla-de-ruedas-por-estacionarse-en-un-lugar-para-discapacitados\/","name":"VIDEO: Multan a joven en silla de ruedas por estacionarse en un lugar para discapacitados - Fuentes Fidedignas","isPartOf":{"@id":"https:\/\/fuentesfidedignas.com.mx\/#website"},"primaryImageOfPage":{"@id":"https:\/\/fuentesfidedignas.com.mx\/index.php\/2023\/11\/26\/video-multan-a-joven-en-silla-de-ruedas-por-estacionarse-en-un-lugar-para-discapacitados\/#primaryimage"},"image":{"@id":"https:\/\/fuentesfidedignas.com.mx\/index.php\/2023\/11\/26\/video-multan-a-joven-en-silla-de-ruedas-por-estacionarse-en-un-lugar-para-discapacitados\/#primaryimage"},"thumbnailUrl":"https:\/\/fuentesfidedignas.com.mx\/wp-content\/uploads\/2023\/11\/3039316.jpg","datePublished":"2023-11-26T10:17:00+00:00","breadcrumb":{"@id":"https:\/\/fuentesfidedignas.com.mx\/index.php\/2023\/11\/26\/video-multan-a-joven-en-silla-de-ruedas-por-estacionarse-en-un-lugar-para-discapacitados\/#breadcrumb"},"inLanguage":"es","potentialAction":[{"@type":"ReadAction","target":["https:\/\/fuentesfidedignas.com.mx\/index.php\/2023\/11\/26\/video-multan-a-joven-en-silla-de-ruedas-por-estacionarse-en-un-lugar-para-discapacitados\/"]}]},{"@type":"ImageObject","inLanguage":"es","@id":"https:\/\/fuentesfidedignas.com.mx\/index.php\/2023\/11\/26\/video-multan-a-joven-en-silla-de-ruedas-por-estacionarse-en-un-lugar-para-discapacitados\/#primaryimage","url":"https:\/\/fuentesfidedignas.com.mx\/wp-content\/uploads\/2023\/11\/3039316.jpg","contentUrl":"https:\/\/fuentesfidedignas.com.mx\/wp-content\/uploads\/2023\/11\/3039316.jpg","width":800,"height":600},{"@type":"BreadcrumbList","@id":"https:\/\/fuentesfidedignas.com.mx\/index.php\/2023\/11\/26\/video-multan-a-joven-en-silla-de-ruedas-por-estacionarse-en-un-lugar-para-discapacitados\/#breadcrumb","itemListElement":[{"@type":"ListItem","position":1,"name":"Inicio","item":"https:\/\/fuentesfidedignas.com.mx\/"},{"@type":"ListItem","position":2,"name":"VIDEO: Multan a joven en silla de ruedas por estacionarse en un lugar para discapacitados"}]},{"@type":"WebSite","@id":"https:\/\/fuentesfidedignas.com.mx\/#website","url":"https:\/\/fuentesfidedignas.com.mx\/","name":"Fuentes Fidedignas","description":"Otro sitio realizado con WordPress","publisher":{"@id":"https:\/\/fuentesfidedignas.com.mx\/#organization"},"potentialAction":[{"@type":"SearchAction","target":{"@type":"EntryPoint","urlTemplate":"https:\/\/fuentesfidedignas.com.mx\/?s={search_term_string}"},"query-input":{"@type":"PropertyValueSpecification","valueRequired":true,"valueName":"search_term_string"}}],"inLanguage":"es"},{"@type":"Organization","@id":"https:\/\/fuentesfidedignas.com.mx\/#organization","name":"Fuentes Fidedignas","url":"https:\/\/fuentesfidedignas.com.mx\/","logo":{"@type":"ImageObject","inLanguage":"es","@id":"https:\/\/fuentesfidedignas.com.mx\/#\/schema\/logo\/image\/","url":"https:\/\/fuentesfidedignas.com.mx\/wp-content\/uploads\/2021\/04\/logo-retina.png","contentUrl":"https:\/\/fuentesfidedignas.com.mx\/wp-content\/uploads\/2021\/04\/logo-retina.png","width":280,"height":51,"caption":"Fuentes Fidedignas"},"image":{"@id":"https:\/\/fuentesfidedignas.com.mx\/#\/schema\/logo\/image\/"},"sameAs":["https:\/\/www.facebook.com\/Fuentes-Fidedignas-368234489921644","https:\/\/x.com\/fidedignas"]},{"@type":"Person","@id":"https:\/\/fuentesfidedignas.com.mx\/#\/schema\/person\/ec4edd1fbf5efa3e44fce34fe2787780","name":"Exc\u00e9lsior","image":{"@type":"ImageObject","inLanguage":"es","@id":"https:\/\/secure.gravatar.com\/avatar\/4b7ee9206b48be08447852b3f0814dbc7c0f3b51541b164f1464a2725614020b?s=96&d=mm&r=g","url":"https:\/\/secure.gravatar.com\/avatar\/4b7ee9206b48be08447852b3f0814dbc7c0f3b51541b164f1464a2725614020b?s=96&d=mm&r=g","contentUrl":"https:\/\/secure.gravatar.com\/avatar\/4b7ee9206b48be08447852b3f0814dbc7c0f3b51541b164f1464a2725614020b?s=96&d=mm&r=g","caption":"Exc\u00e9lsior"},"url":"https:\/\/fuentesfidedignas.com.mx\/index.php\/author\/excelsior\/"}]}},"_links":{"self":[{"href":"https:\/\/fuentesfidedignas.com.mx\/index.php\/wp-json\/wp\/v2\/posts\/66831","targetHints":{"allow":["GET"]}}],"collection":[{"href":"https:\/\/fuentesfidedignas.com.mx\/index.php\/wp-json\/wp\/v2\/posts"}],"about":[{"href":"https:\/\/fuentesfidedignas.com.mx\/index.php\/wp-json\/wp\/v2\/types\/post"}],"author":[{"embeddable":true,"href":"https:\/\/fuentesfidedignas.com.mx\/index.php\/wp-json\/wp\/v2\/users\/7"}],"replies":[{"embeddable":true,"href":"https:\/\/fuentesfidedignas.com.mx\/index.php\/wp-json\/wp\/v2\/comments?post=66831"}],"version-history":[{"count":1,"href":"https:\/\/fuentesfidedignas.com.mx\/index.php\/wp-json\/wp\/v2\/posts\/66831\/revisions"}],"predecessor-version":[{"id":66833,"href":"https:\/\/fuentesfidedignas.com.mx\/index.php\/wp-json\/wp\/v2\/posts\/66831\/revisions\/66833"}],"wp:featuredmedia":[{"embeddable":true,"href":"https:\/\/fuentesfidedignas.com.mx\/index.php\/wp-json\/wp\/v2\/media\/66832"}],"wp:attachment":[{"href":"https:\/\/fuentesfidedignas.com.mx\/index.php\/wp-json\/wp\/v2\/media?parent=66831"}],"wp:term":[{"taxonomy":"category","embeddable":true,"href":"https:\/\/fuentesfidedignas.com.mx\/index.php\/wp-json\/wp\/v2\/categories?post=66831"},{"taxonomy":"post_tag","embeddable":true,"href":"https:\/\/fuentesfidedignas.com.mx\/index.php\/wp-json\/wp\/v2\/tags?post=66831"}],"curies":[{"name":"wp","href":"https:\/\/api.w.org\/{rel}","templated":true}]}}