{"id":66806,"date":"2023-11-25T10:53:43","date_gmt":"2023-11-25T17:53:43","guid":{"rendered":"https:\/\/fuentesfidedignas.com.mx\/?p=66806"},"modified":"2023-11-25T10:53:44","modified_gmt":"2023-11-25T17:53:44","slug":"mexico-levanta-cuarentena-tras-casos-de-gripe-aviar-en-sonora","status":"publish","type":"post","link":"https:\/\/fuentesfidedignas.com.mx\/index.php\/2023\/11\/25\/mexico-levanta-cuarentena-tras-casos-de-gripe-aviar-en-sonora\/","title":{"rendered":"M\u00e9xico levanta cuarentena tras casos de gripe aviar en Sonora"},"content":{"rendered":"\n<p><strong><em>La cuarentena se suspendi\u00f3 tras constatar que no se han presentado m\u00e1s casos de gripe aviar de alta patogenicidad AH5N1 en la entidad<\/em><\/strong><\/p>\n\n\n\n<p>Sonora. M\u00e9xico levant\u00f3 la cuarentena interna que hab\u00eda establecido en\u00a0<strong>octubre<\/strong>\u00a0pasado tras comprobar que ya\u00a0<strong>no hay presencia<\/strong>\u00a0de\u00a0<a href=\"https:\/\/lopezdoriga.com\/?s=gripe+aviar\" target=\"_blank\" rel=\"noreferrer noopener\"><strong>gripe<\/strong><\/a>\u00a0aviar de alta patogenicidad AH5 en el estado de Sonora, inform\u00f3 la\u00a0<strong><a href=\"https:\/\/twitter.com\/Agricultura_mex\" target=\"_blank\" rel=\"noreferrer noopener\">Secretar\u00eda<\/a>\u00a0de Agricultura y Desarrollo Rural<\/strong>\u00a0(Sader).<\/p>\n\n\n\n<p>En un comunicado, la dependencia se\u00f1al\u00f3 que tom\u00f3 la decisi\u00f3n \u201ctras&nbsp;<strong>constatar<\/strong>&nbsp;que en los \u00faltimos 25 d\u00edas no se han presentado m\u00e1s casos de influenza (gripe) aviar de alta&nbsp;<strong>patogenicidad<\/strong>&nbsp;<strong>AH5N1<\/strong>&nbsp;en la entidad\u201d.<\/p>\n\n\n\n<p>El pasado 27 de octubre, el\u00a0<strong>Servicio Nacional de Sanidad<\/strong>, Inocuidad y Calidad Agroalimentaria (Senasica) decret\u00f3 la cuarentena en granjas av\u00edcolas de Sonora tras detectar la presencia del virus en dos de ellas. Adem\u00e1s, ubicaron el pat\u00f3geno en aves silvestres de Tototl\u00e1n, Jalisco (oeste); Tuxpan, Veracruz (este) y Ensenada, Baja California (noreste).<\/p>\n\n\n\n<p>Tras el fin de la cuarentena, ahora la Sader autoriz\u00f3 la vacunaci\u00f3n de emergencia en zonas estrat\u00e9gicas, la cual comenzar\u00e1 en una primera etapa en zonas de alto riesgo&nbsp;<strong>zoosanitario<\/strong>&nbsp;y en granjas donde existen gallinas progenitoras, para lo cual, precis\u00f3 la dependencia, se cuenta con un banco de 36.1 millones de dosis.<\/p>\n\n\n\n<p>\u201cLa autoridad sanitaria autoriz\u00f3 la vacunaci\u00f3n de&nbsp;<strong>emergencia<\/strong>&nbsp;luego de concluir las pruebas diagn\u00f3sticas del virus, con el objetivo de asegurar la efectividad del biol\u00f3gico que ser\u00e1 utilizado\u201d, expuso la dependencia.<\/p>\n\n\n\n<p>Adem\u00e1s, t\u00e9cnicos de la&nbsp;<strong>Comisi\u00f3n<\/strong>&nbsp;M\u00e9xico-Estados Unidos para la Prevenci\u00f3n de la&nbsp;<strong>Fiebre<\/strong>&nbsp;Aftosa y otras Enfermedades Ex\u00f3ticas de los Animales (CPA) del Senasica realizaron el aislamiento primario del virus&nbsp;<strong>AH5N1<\/strong>&nbsp;en el laboratorio de alta seguridad biol\u00f3gica de Palo Alto, en la Ciudad de M\u00e9xico.<\/p>\n\n\n\n<p>Esto con el fin de comparar el genoma del virus actual con el del a\u00f1o anterior y&nbsp;<strong>analizar<\/strong>&nbsp;si el biol\u00f3gico utilizado durante el ciclo migratorio 2022 es efectivo contra la cepa que ingres\u00f3 al pa\u00eds este a\u00f1o.<\/p>\n\n\n\n<p>El virus de influenza aviar, al igual que el que produce la\u00a0<strong>influenza<\/strong>\u00a0<strong>humana<\/strong>, es uno de los pat\u00f3genos con mayor potencial de cambios gen\u00e9ticos, lo que hace que a\u00f1o con a\u00f1o, al llegar la temporada de migraci\u00f3n de aves silvestres procedentes del norte del continente, se deba caracterizar el tipo y subtipos de virus presentes.<\/p>\n\n\n\n<p>La dependencia precis\u00f3 que el brote que afect\u00f3 a\u00a0<strong>Sonora<\/strong>\u00a0involucr\u00f3 dos unidades de producci\u00f3n, y se sacrificaron 144 mil aves de final de su\u00a0<strong>ciclo<\/strong>\u00a0productivo \u201clo que represent\u00f3 menos del 0.1 por ciento de la parvada nacional\u201d y no tuvo afectaci\u00f3n a la oferta de pollo y huevo en el pa\u00eds.<\/p>\n","protected":false},"excerpt":{"rendered":"<p>La cuarentena se suspendi\u00f3 tras constatar que no se han presentado m\u00e1s casos de gripe aviar de alta patogenicidad AH5N1 en la entidad Sonora. M\u00e9xico levant\u00f3 la cuarentena interna que hab\u00eda establecido en\u00a0octubre\u00a0pasado tras comprobar que ya\u00a0no hay presencia\u00a0de\u00a0gripe\u00a0aviar de alta patogenicidad AH5 en el estado de Sonora, inform\u00f3 la\u00a0Secretar\u00eda\u00a0de Agricultura y Desarrollo Rural\u00a0(Sader). En [&hellip;]<\/p>\n","protected":false},"author":47,"featured_media":66807,"comment_status":"open","ping_status":"open","sticky":false,"template":"","format":"standard","meta":{"tdm_status":"","tdm_grid_status":"","footnotes":""},"categories":[39],"tags":[],"class_list":{"0":"post-66806","1":"post","2":"type-post","3":"status-publish","4":"format-standard","5":"has-post-thumbnail","7":"category-noticias-nacionales"},"yoast_head":"<!-- This site is optimized with the Yoast SEO plugin v27.5 - https:\/\/yoast.com\/product\/yoast-seo-wordpress\/ -->\n<title>M\u00e9xico levanta cuarentena tras casos de gripe aviar en Sonora - Fuentes Fidedignas<\/title>\n<meta name=\"robots\" content=\"index, follow, max-snippet:-1, max-image-preview:large, max-video-preview:-1\" \/>\n<link rel=\"canonical\" href=\"https:\/\/fuentesfidedignas.com.mx\/index.php\/2023\/11\/25\/mexico-levanta-cuarentena-tras-casos-de-gripe-aviar-en-sonora\/\" \/>\n<meta property=\"og:locale\" content=\"es_MX\" \/>\n<meta property=\"og:type\" content=\"article\" \/>\n<meta property=\"og:title\" content=\"M\u00e9xico levanta cuarentena tras casos de gripe aviar en Sonora - Fuentes Fidedignas\" \/>\n<meta property=\"og:description\" content=\"La cuarentena se suspendi\u00f3 tras constatar que no se han presentado m\u00e1s casos de gripe aviar de alta patogenicidad AH5N1 en la entidad Sonora. M\u00e9xico levant\u00f3 la cuarentena interna que hab\u00eda establecido en\u00a0octubre\u00a0pasado tras comprobar que ya\u00a0no hay presencia\u00a0de\u00a0gripe\u00a0aviar de alta patogenicidad AH5 en el estado de Sonora, inform\u00f3 la\u00a0Secretar\u00eda\u00a0de Agricultura y Desarrollo Rural\u00a0(Sader). En [&hellip;]\" \/>\n<meta property=\"og:url\" content=\"https:\/\/fuentesfidedignas.com.mx\/index.php\/2023\/11\/25\/mexico-levanta-cuarentena-tras-casos-de-gripe-aviar-en-sonora\/\" \/>\n<meta property=\"og:site_name\" content=\"Fuentes Fidedignas\" \/>\n<meta property=\"article:publisher\" content=\"https:\/\/www.facebook.com\/Fuentes-Fidedignas-368234489921644\" \/>\n<meta property=\"article:published_time\" content=\"2023-11-25T17:53:43+00:00\" \/>\n<meta property=\"article:modified_time\" content=\"2023-11-25T17:53:44+00:00\" \/>\n<meta property=\"og:image\" content=\"https:\/\/fuentesfidedignas.com.mx\/wp-content\/uploads\/2023\/11\/gripe-aviar-II.jpg\" \/>\n\t<meta property=\"og:image:width\" content=\"1200\" \/>\n\t<meta property=\"og:image:height\" content=\"839\" \/>\n\t<meta property=\"og:image:type\" content=\"image\/jpeg\" \/>\n<meta name=\"author\" content=\"L\u00f3pez D\u00f3riga\" \/>\n<meta name=\"twitter:card\" content=\"summary_large_image\" \/>\n<meta name=\"twitter:creator\" content=\"@fidedignas\" \/>\n<meta name=\"twitter:site\" content=\"@fidedignas\" \/>\n<meta name=\"twitter:label1\" content=\"Escrito por\" \/>\n\t<meta name=\"twitter:data1\" content=\"L\u00f3pez D\u00f3riga\" \/>\n\t<meta name=\"twitter:label2\" content=\"Tiempo de lectura\" \/>\n\t<meta name=\"twitter:data2\" content=\"2 minutos\" \/>\n<script type=\"application\/ld+json\" class=\"yoast-schema-graph\">{\"@context\":\"https:\\\/\\\/schema.org\",\"@graph\":[{\"@type\":\"Article\",\"@id\":\"https:\\\/\\\/fuentesfidedignas.com.mx\\\/index.php\\\/2023\\\/11\\\/25\\\/mexico-levanta-cuarentena-tras-casos-de-gripe-aviar-en-sonora\\\/#article\",\"isPartOf\":{\"@id\":\"https:\\\/\\\/fuentesfidedignas.com.mx\\\/index.php\\\/2023\\\/11\\\/25\\\/mexico-levanta-cuarentena-tras-casos-de-gripe-aviar-en-sonora\\\/\"},\"author\":{\"name\":\"L\u00f3pez D\u00f3riga\",\"@id\":\"https:\\\/\\\/fuentesfidedignas.com.mx\\\/#\\\/schema\\\/person\\\/67d852f0557c8509146a4b9ddebd543a\"},\"headline\":\"M\u00e9xico levanta cuarentena tras casos de gripe aviar en Sonora\",\"datePublished\":\"2023-11-25T17:53:43+00:00\",\"dateModified\":\"2023-11-25T17:53:44+00:00\",\"mainEntityOfPage\":{\"@id\":\"https:\\\/\\\/fuentesfidedignas.com.mx\\\/index.php\\\/2023\\\/11\\\/25\\\/mexico-levanta-cuarentena-tras-casos-de-gripe-aviar-en-sonora\\\/\"},\"wordCount\":489,\"commentCount\":0,\"publisher\":{\"@id\":\"https:\\\/\\\/fuentesfidedignas.com.mx\\\/#organization\"},\"image\":{\"@id\":\"https:\\\/\\\/fuentesfidedignas.com.mx\\\/index.php\\\/2023\\\/11\\\/25\\\/mexico-levanta-cuarentena-tras-casos-de-gripe-aviar-en-sonora\\\/#primaryimage\"},\"thumbnailUrl\":\"https:\\\/\\\/fuentesfidedignas.com.mx\\\/wp-content\\\/uploads\\\/2023\\\/11\\\/gripe-aviar-II.jpg\",\"articleSection\":[\"NOTICIAS NACIONALES\"],\"inLanguage\":\"es\",\"potentialAction\":[{\"@type\":\"CommentAction\",\"name\":\"Comment\",\"target\":[\"https:\\\/\\\/fuentesfidedignas.com.mx\\\/index.php\\\/2023\\\/11\\\/25\\\/mexico-levanta-cuarentena-tras-casos-de-gripe-aviar-en-sonora\\\/#respond\"]}]},{\"@type\":\"WebPage\",\"@id\":\"https:\\\/\\\/fuentesfidedignas.com.mx\\\/index.php\\\/2023\\\/11\\\/25\\\/mexico-levanta-cuarentena-tras-casos-de-gripe-aviar-en-sonora\\\/\",\"url\":\"https:\\\/\\\/fuentesfidedignas.com.mx\\\/index.php\\\/2023\\\/11\\\/25\\\/mexico-levanta-cuarentena-tras-casos-de-gripe-aviar-en-sonora\\\/\",\"name\":\"M\u00e9xico levanta cuarentena tras casos de gripe aviar en Sonora - Fuentes Fidedignas\",\"isPartOf\":{\"@id\":\"https:\\\/\\\/fuentesfidedignas.com.mx\\\/#website\"},\"primaryImageOfPage\":{\"@id\":\"https:\\\/\\\/fuentesfidedignas.com.mx\\\/index.php\\\/2023\\\/11\\\/25\\\/mexico-levanta-cuarentena-tras-casos-de-gripe-aviar-en-sonora\\\/#primaryimage\"},\"image\":{\"@id\":\"https:\\\/\\\/fuentesfidedignas.com.mx\\\/index.php\\\/2023\\\/11\\\/25\\\/mexico-levanta-cuarentena-tras-casos-de-gripe-aviar-en-sonora\\\/#primaryimage\"},\"thumbnailUrl\":\"https:\\\/\\\/fuentesfidedignas.com.mx\\\/wp-content\\\/uploads\\\/2023\\\/11\\\/gripe-aviar-II.jpg\",\"datePublished\":\"2023-11-25T17:53:43+00:00\",\"dateModified\":\"2023-11-25T17:53:44+00:00\",\"breadcrumb\":{\"@id\":\"https:\\\/\\\/fuentesfidedignas.com.mx\\\/index.php\\\/2023\\\/11\\\/25\\\/mexico-levanta-cuarentena-tras-casos-de-gripe-aviar-en-sonora\\\/#breadcrumb\"},\"inLanguage\":\"es\",\"potentialAction\":[{\"@type\":\"ReadAction\",\"target\":[\"https:\\\/\\\/fuentesfidedignas.com.mx\\\/index.php\\\/2023\\\/11\\\/25\\\/mexico-levanta-cuarentena-tras-casos-de-gripe-aviar-en-sonora\\\/\"]}]},{\"@type\":\"ImageObject\",\"inLanguage\":\"es\",\"@id\":\"https:\\\/\\\/fuentesfidedignas.com.mx\\\/index.php\\\/2023\\\/11\\\/25\\\/mexico-levanta-cuarentena-tras-casos-de-gripe-aviar-en-sonora\\\/#primaryimage\",\"url\":\"https:\\\/\\\/fuentesfidedignas.com.mx\\\/wp-content\\\/uploads\\\/2023\\\/11\\\/gripe-aviar-II.jpg\",\"contentUrl\":\"https:\\\/\\\/fuentesfidedignas.com.mx\\\/wp-content\\\/uploads\\\/2023\\\/11\\\/gripe-aviar-II.jpg\",\"width\":1200,\"height\":839},{\"@type\":\"BreadcrumbList\",\"@id\":\"https:\\\/\\\/fuentesfidedignas.com.mx\\\/index.php\\\/2023\\\/11\\\/25\\\/mexico-levanta-cuarentena-tras-casos-de-gripe-aviar-en-sonora\\\/#breadcrumb\",\"itemListElement\":[{\"@type\":\"ListItem\",\"position\":1,\"name\":\"Inicio\",\"item\":\"https:\\\/\\\/fuentesfidedignas.com.mx\\\/\"},{\"@type\":\"ListItem\",\"position\":2,\"name\":\"M\u00e9xico levanta cuarentena tras casos de gripe aviar en Sonora\"}]},{\"@type\":\"WebSite\",\"@id\":\"https:\\\/\\\/fuentesfidedignas.com.mx\\\/#website\",\"url\":\"https:\\\/\\\/fuentesfidedignas.com.mx\\\/\",\"name\":\"Fuentes Fidedignas\",\"description\":\"Otro sitio realizado con WordPress\",\"publisher\":{\"@id\":\"https:\\\/\\\/fuentesfidedignas.com.mx\\\/#organization\"},\"potentialAction\":[{\"@type\":\"SearchAction\",\"target\":{\"@type\":\"EntryPoint\",\"urlTemplate\":\"https:\\\/\\\/fuentesfidedignas.com.mx\\\/?s={search_term_string}\"},\"query-input\":{\"@type\":\"PropertyValueSpecification\",\"valueRequired\":true,\"valueName\":\"search_term_string\"}}],\"inLanguage\":\"es\"},{\"@type\":\"Organization\",\"@id\":\"https:\\\/\\\/fuentesfidedignas.com.mx\\\/#organization\",\"name\":\"Fuentes Fidedignas\",\"url\":\"https:\\\/\\\/fuentesfidedignas.com.mx\\\/\",\"logo\":{\"@type\":\"ImageObject\",\"inLanguage\":\"es\",\"@id\":\"https:\\\/\\\/fuentesfidedignas.com.mx\\\/#\\\/schema\\\/logo\\\/image\\\/\",\"url\":\"https:\\\/\\\/fuentesfidedignas.com.mx\\\/wp-content\\\/uploads\\\/2021\\\/04\\\/logo-retina.png\",\"contentUrl\":\"https:\\\/\\\/fuentesfidedignas.com.mx\\\/wp-content\\\/uploads\\\/2021\\\/04\\\/logo-retina.png\",\"width\":280,\"height\":51,\"caption\":\"Fuentes Fidedignas\"},\"image\":{\"@id\":\"https:\\\/\\\/fuentesfidedignas.com.mx\\\/#\\\/schema\\\/logo\\\/image\\\/\"},\"sameAs\":[\"https:\\\/\\\/www.facebook.com\\\/Fuentes-Fidedignas-368234489921644\",\"https:\\\/\\\/x.com\\\/fidedignas\"]},{\"@type\":\"Person\",\"@id\":\"https:\\\/\\\/fuentesfidedignas.com.mx\\\/#\\\/schema\\\/person\\\/67d852f0557c8509146a4b9ddebd543a\",\"name\":\"L\u00f3pez D\u00f3riga\",\"image\":{\"@type\":\"ImageObject\",\"inLanguage\":\"es\",\"@id\":\"https:\\\/\\\/secure.gravatar.com\\\/avatar\\\/e525b06574ca18b33cded59dfe5778d6c823b9513154eff47da551b0551bdd1e?s=96&d=mm&r=g\",\"url\":\"https:\\\/\\\/secure.gravatar.com\\\/avatar\\\/e525b06574ca18b33cded59dfe5778d6c823b9513154eff47da551b0551bdd1e?s=96&d=mm&r=g\",\"contentUrl\":\"https:\\\/\\\/secure.gravatar.com\\\/avatar\\\/e525b06574ca18b33cded59dfe5778d6c823b9513154eff47da551b0551bdd1e?s=96&d=mm&r=g\",\"caption\":\"L\u00f3pez D\u00f3riga\"},\"url\":\"https:\\\/\\\/fuentesfidedignas.com.mx\\\/index.php\\\/author\\\/doriga\\\/\"}]}<\/script>\n<!-- \/ Yoast SEO plugin. -->","yoast_head_json":{"title":"M\u00e9xico levanta cuarentena tras casos de gripe aviar en Sonora - Fuentes Fidedignas","robots":{"index":"index","follow":"follow","max-snippet":"max-snippet:-1","max-image-preview":"max-image-preview:large","max-video-preview":"max-video-preview:-1"},"canonical":"https:\/\/fuentesfidedignas.com.mx\/index.php\/2023\/11\/25\/mexico-levanta-cuarentena-tras-casos-de-gripe-aviar-en-sonora\/","og_locale":"es_MX","og_type":"article","og_title":"M\u00e9xico levanta cuarentena tras casos de gripe aviar en Sonora - Fuentes Fidedignas","og_description":"La cuarentena se suspendi\u00f3 tras constatar que no se han presentado m\u00e1s casos de gripe aviar de alta patogenicidad AH5N1 en la entidad Sonora. M\u00e9xico levant\u00f3 la cuarentena interna que hab\u00eda establecido en\u00a0octubre\u00a0pasado tras comprobar que ya\u00a0no hay presencia\u00a0de\u00a0gripe\u00a0aviar de alta patogenicidad AH5 en el estado de Sonora, inform\u00f3 la\u00a0Secretar\u00eda\u00a0de Agricultura y Desarrollo Rural\u00a0(Sader). En [&hellip;]","og_url":"https:\/\/fuentesfidedignas.com.mx\/index.php\/2023\/11\/25\/mexico-levanta-cuarentena-tras-casos-de-gripe-aviar-en-sonora\/","og_site_name":"Fuentes Fidedignas","article_publisher":"https:\/\/www.facebook.com\/Fuentes-Fidedignas-368234489921644","article_published_time":"2023-11-25T17:53:43+00:00","article_modified_time":"2023-11-25T17:53:44+00:00","og_image":[{"width":1200,"height":839,"url":"https:\/\/fuentesfidedignas.com.mx\/wp-content\/uploads\/2023\/11\/gripe-aviar-II.jpg","type":"image\/jpeg"}],"author":"L\u00f3pez D\u00f3riga","twitter_card":"summary_large_image","twitter_creator":"@fidedignas","twitter_site":"@fidedignas","twitter_misc":{"Escrito por":"L\u00f3pez D\u00f3riga","Tiempo de lectura":"2 minutos"},"schema":{"@context":"https:\/\/schema.org","@graph":[{"@type":"Article","@id":"https:\/\/fuentesfidedignas.com.mx\/index.php\/2023\/11\/25\/mexico-levanta-cuarentena-tras-casos-de-gripe-aviar-en-sonora\/#article","isPartOf":{"@id":"https:\/\/fuentesfidedignas.com.mx\/index.php\/2023\/11\/25\/mexico-levanta-cuarentena-tras-casos-de-gripe-aviar-en-sonora\/"},"author":{"name":"L\u00f3pez D\u00f3riga","@id":"https:\/\/fuentesfidedignas.com.mx\/#\/schema\/person\/67d852f0557c8509146a4b9ddebd543a"},"headline":"M\u00e9xico levanta cuarentena tras casos de gripe aviar en Sonora","datePublished":"2023-11-25T17:53:43+00:00","dateModified":"2023-11-25T17:53:44+00:00","mainEntityOfPage":{"@id":"https:\/\/fuentesfidedignas.com.mx\/index.php\/2023\/11\/25\/mexico-levanta-cuarentena-tras-casos-de-gripe-aviar-en-sonora\/"},"wordCount":489,"commentCount":0,"publisher":{"@id":"https:\/\/fuentesfidedignas.com.mx\/#organization"},"image":{"@id":"https:\/\/fuentesfidedignas.com.mx\/index.php\/2023\/11\/25\/mexico-levanta-cuarentena-tras-casos-de-gripe-aviar-en-sonora\/#primaryimage"},"thumbnailUrl":"https:\/\/fuentesfidedignas.com.mx\/wp-content\/uploads\/2023\/11\/gripe-aviar-II.jpg","articleSection":["NOTICIAS NACIONALES"],"inLanguage":"es","potentialAction":[{"@type":"CommentAction","name":"Comment","target":["https:\/\/fuentesfidedignas.com.mx\/index.php\/2023\/11\/25\/mexico-levanta-cuarentena-tras-casos-de-gripe-aviar-en-sonora\/#respond"]}]},{"@type":"WebPage","@id":"https:\/\/fuentesfidedignas.com.mx\/index.php\/2023\/11\/25\/mexico-levanta-cuarentena-tras-casos-de-gripe-aviar-en-sonora\/","url":"https:\/\/fuentesfidedignas.com.mx\/index.php\/2023\/11\/25\/mexico-levanta-cuarentena-tras-casos-de-gripe-aviar-en-sonora\/","name":"M\u00e9xico levanta cuarentena tras casos de gripe aviar en Sonora - Fuentes Fidedignas","isPartOf":{"@id":"https:\/\/fuentesfidedignas.com.mx\/#website"},"primaryImageOfPage":{"@id":"https:\/\/fuentesfidedignas.com.mx\/index.php\/2023\/11\/25\/mexico-levanta-cuarentena-tras-casos-de-gripe-aviar-en-sonora\/#primaryimage"},"image":{"@id":"https:\/\/fuentesfidedignas.com.mx\/index.php\/2023\/11\/25\/mexico-levanta-cuarentena-tras-casos-de-gripe-aviar-en-sonora\/#primaryimage"},"thumbnailUrl":"https:\/\/fuentesfidedignas.com.mx\/wp-content\/uploads\/2023\/11\/gripe-aviar-II.jpg","datePublished":"2023-11-25T17:53:43+00:00","dateModified":"2023-11-25T17:53:44+00:00","breadcrumb":{"@id":"https:\/\/fuentesfidedignas.com.mx\/index.php\/2023\/11\/25\/mexico-levanta-cuarentena-tras-casos-de-gripe-aviar-en-sonora\/#breadcrumb"},"inLanguage":"es","potentialAction":[{"@type":"ReadAction","target":["https:\/\/fuentesfidedignas.com.mx\/index.php\/2023\/11\/25\/mexico-levanta-cuarentena-tras-casos-de-gripe-aviar-en-sonora\/"]}]},{"@type":"ImageObject","inLanguage":"es","@id":"https:\/\/fuentesfidedignas.com.mx\/index.php\/2023\/11\/25\/mexico-levanta-cuarentena-tras-casos-de-gripe-aviar-en-sonora\/#primaryimage","url":"https:\/\/fuentesfidedignas.com.mx\/wp-content\/uploads\/2023\/11\/gripe-aviar-II.jpg","contentUrl":"https:\/\/fuentesfidedignas.com.mx\/wp-content\/uploads\/2023\/11\/gripe-aviar-II.jpg","width":1200,"height":839},{"@type":"BreadcrumbList","@id":"https:\/\/fuentesfidedignas.com.mx\/index.php\/2023\/11\/25\/mexico-levanta-cuarentena-tras-casos-de-gripe-aviar-en-sonora\/#breadcrumb","itemListElement":[{"@type":"ListItem","position":1,"name":"Inicio","item":"https:\/\/fuentesfidedignas.com.mx\/"},{"@type":"ListItem","position":2,"name":"M\u00e9xico levanta cuarentena tras casos de gripe aviar en Sonora"}]},{"@type":"WebSite","@id":"https:\/\/fuentesfidedignas.com.mx\/#website","url":"https:\/\/fuentesfidedignas.com.mx\/","name":"Fuentes Fidedignas","description":"Otro sitio realizado con WordPress","publisher":{"@id":"https:\/\/fuentesfidedignas.com.mx\/#organization"},"potentialAction":[{"@type":"SearchAction","target":{"@type":"EntryPoint","urlTemplate":"https:\/\/fuentesfidedignas.com.mx\/?s={search_term_string}"},"query-input":{"@type":"PropertyValueSpecification","valueRequired":true,"valueName":"search_term_string"}}],"inLanguage":"es"},{"@type":"Organization","@id":"https:\/\/fuentesfidedignas.com.mx\/#organization","name":"Fuentes Fidedignas","url":"https:\/\/fuentesfidedignas.com.mx\/","logo":{"@type":"ImageObject","inLanguage":"es","@id":"https:\/\/fuentesfidedignas.com.mx\/#\/schema\/logo\/image\/","url":"https:\/\/fuentesfidedignas.com.mx\/wp-content\/uploads\/2021\/04\/logo-retina.png","contentUrl":"https:\/\/fuentesfidedignas.com.mx\/wp-content\/uploads\/2021\/04\/logo-retina.png","width":280,"height":51,"caption":"Fuentes Fidedignas"},"image":{"@id":"https:\/\/fuentesfidedignas.com.mx\/#\/schema\/logo\/image\/"},"sameAs":["https:\/\/www.facebook.com\/Fuentes-Fidedignas-368234489921644","https:\/\/x.com\/fidedignas"]},{"@type":"Person","@id":"https:\/\/fuentesfidedignas.com.mx\/#\/schema\/person\/67d852f0557c8509146a4b9ddebd543a","name":"L\u00f3pez D\u00f3riga","image":{"@type":"ImageObject","inLanguage":"es","@id":"https:\/\/secure.gravatar.com\/avatar\/e525b06574ca18b33cded59dfe5778d6c823b9513154eff47da551b0551bdd1e?s=96&d=mm&r=g","url":"https:\/\/secure.gravatar.com\/avatar\/e525b06574ca18b33cded59dfe5778d6c823b9513154eff47da551b0551bdd1e?s=96&d=mm&r=g","contentUrl":"https:\/\/secure.gravatar.com\/avatar\/e525b06574ca18b33cded59dfe5778d6c823b9513154eff47da551b0551bdd1e?s=96&d=mm&r=g","caption":"L\u00f3pez D\u00f3riga"},"url":"https:\/\/fuentesfidedignas.com.mx\/index.php\/author\/doriga\/"}]}},"_links":{"self":[{"href":"https:\/\/fuentesfidedignas.com.mx\/index.php\/wp-json\/wp\/v2\/posts\/66806","targetHints":{"allow":["GET"]}}],"collection":[{"href":"https:\/\/fuentesfidedignas.com.mx\/index.php\/wp-json\/wp\/v2\/posts"}],"about":[{"href":"https:\/\/fuentesfidedignas.com.mx\/index.php\/wp-json\/wp\/v2\/types\/post"}],"author":[{"embeddable":true,"href":"https:\/\/fuentesfidedignas.com.mx\/index.php\/wp-json\/wp\/v2\/users\/47"}],"replies":[{"embeddable":true,"href":"https:\/\/fuentesfidedignas.com.mx\/index.php\/wp-json\/wp\/v2\/comments?post=66806"}],"version-history":[{"count":1,"href":"https:\/\/fuentesfidedignas.com.mx\/index.php\/wp-json\/wp\/v2\/posts\/66806\/revisions"}],"predecessor-version":[{"id":66808,"href":"https:\/\/fuentesfidedignas.com.mx\/index.php\/wp-json\/wp\/v2\/posts\/66806\/revisions\/66808"}],"wp:featuredmedia":[{"embeddable":true,"href":"https:\/\/fuentesfidedignas.com.mx\/index.php\/wp-json\/wp\/v2\/media\/66807"}],"wp:attachment":[{"href":"https:\/\/fuentesfidedignas.com.mx\/index.php\/wp-json\/wp\/v2\/media?parent=66806"}],"wp:term":[{"taxonomy":"category","embeddable":true,"href":"https:\/\/fuentesfidedignas.com.mx\/index.php\/wp-json\/wp\/v2\/categories?post=66806"},{"taxonomy":"post_tag","embeddable":true,"href":"https:\/\/fuentesfidedignas.com.mx\/index.php\/wp-json\/wp\/v2\/tags?post=66806"}],"curies":[{"name":"wp","href":"https:\/\/api.w.org\/{rel}","templated":true}]}}