{"id":66732,"date":"2023-11-24T10:00:02","date_gmt":"2023-11-24T17:00:02","guid":{"rendered":"https:\/\/fuentesfidedignas.com.mx\/?p=66732"},"modified":"2023-11-24T10:58:10","modified_gmt":"2023-11-24T17:58:10","slug":"asesinaron-en-los-angeles-a-el-mago-amigo-de-ivan-archivaldo-de-los-chapitos","status":"publish","type":"post","link":"https:\/\/fuentesfidedignas.com.mx\/index.php\/2023\/11\/24\/asesinaron-en-los-angeles-a-el-mago-amigo-de-ivan-archivaldo-de-los-chapitos\/","title":{"rendered":"Matan en Los \u00c1ngeles a \u201cEl Mago\u201d, amigo de Iv\u00e1n Archivaldo de Los Chapitos"},"content":{"rendered":"\n<p><strong><em>Eddie Escobedo era empresario de una cadena de restaurantes en la ciudad norteamericana, aunque tambi\u00e9n se inform\u00f3 que operaba para el C\u00e1rtel de Sinaloa<\/em><\/strong><\/p>\n\n\n\n<p>California, EU.  Eddie Escobedo, alias\u00a0El Mago, supuesto amigo de\u00a0Iv\u00e1n Archivaldo Guzm\u00e1n Salazar, actual l\u00edder de la facci\u00f3n de\u00a0Los Chapitos\u00a0del C\u00e1rtel de Sinaloa, fue asesinado en un tiroteo en el \u00e1rea de Willowbrook en\u00a0Los \u00c1ngeles, California, Estados Unidos.<\/p>\n\n\n\n<p>De acuerdo con el Departamento del Sheriff del condado de Los \u00c1ngeles, el tiroteo tuvo en una zona industrial del \u00e1rea de Willowbrook, en la cuadra 142000 de Towne Avenue, aproximadamente a las 8:21 de la ma\u00f1ana.<\/p>\n\n\n\n<p>En el lugar, en el que al parecer se alquilaba para fiestas, las autoridades encontraron a dos personas sin vida y otro m\u00e1s herido de bala, mismo que fue trasladado de urgencia a un hospital, en donde su estado de salud es reportado como estable. Entre las v\u00edctimas, que ten\u00edan entre 20 y 30 a\u00f1os, se encontraba El Mago, originario del estado de Durango.<\/p>\n\n\n\n<p>Los cuerpos de estas personas estaban cerca de varios veh\u00edculos de lujo, una camioneta Cadillac Escalde, una Chevrolet y un BMW Coup\u00e9.<img decoding=\"async\" src=\"\"><img decoding=\"async\" alt=\"El Mago era amigo de Iv\u00e1n Archivaldo del C\u00e1rtel de Sinaloa y se cre\u00eda que operaba en el \u00e1rea de California. Imagen: captura de pantalla\" srcset=\"https:\/\/www-infobae-com.cdn.ampproject.org\/ii\/w680\/s\/www.infobae.com\/new-resizer\/0B3uPeHYcuaMYTKN0kI8vVHpCxM=\/arc-anglerfish-arc2-prod-infobae\/public\/IKNXOZS2PBDFROOYLMSYIXU67Q.jpg 680w, https:\/\/www-infobae-com.cdn.ampproject.org\/ii\/w820\/s\/www.infobae.com\/new-resizer\/0B3uPeHYcuaMYTKN0kI8vVHpCxM=\/arc-anglerfish-arc2-prod-infobae\/public\/IKNXOZS2PBDFROOYLMSYIXU67Q.jpg 820w\" src=\"https:\/\/www-infobae-com.cdn.ampproject.org\/ii\/AW\/s\/www.infobae.com\/new-resizer\/0B3uPeHYcuaMYTKN0kI8vVHpCxM=\/arc-anglerfish-arc2-prod-infobae\/public\/IKNXOZS2PBDFROOYLMSYIXU67Q.jpg\">El Mago era amigo de Iv\u00e1n Archivaldo del C\u00e1rtel de Sinaloa y se cre\u00eda que operaba en el \u00e1rea de California. Imagen: captura de pantalla<\/p>\n\n\n\n<p>No tenemos ning\u00fan motivo en este momento. Parece que hubo alg\u00fan tipo de reuni\u00f3n en el lugar desde anoche hasta esta ma\u00f1ana temprano\u201d, dijo el sheriff Omar Camacho, seg\u00fan repot\u00f3 la cadena estadunidense ABC7.<\/p>\n\n\n\n<p>El sheriff agreg\u00f3 que era muy pronto para determinar al posible o posibles sospechosos de este tiroteo. Una grabaci\u00f3n de ABC7 mostraba los cuerpos de estas personas tiradas sobre el asfalto en donde se observaba una carpa para fiestas.<\/p>\n\n\n\n<p>De acuerdo con el medio&nbsp;<em>Borderland Beat<\/em>,&nbsp;<strong>El Mago<\/strong>&nbsp;era amigo de Iv\u00e1n Archivaldo del&nbsp;<a href=\"https:\/\/www.infobae.com\/mexico\/2023\/11\/24\/segundo-dia-de-operativos-en-culiacan-luego-de-la-captura-de-el-nini\/\" rel=\"noreferrer noopener\" target=\"_blank\">C\u00e1rtel de Sinaloa<\/a>&nbsp;y se cre\u00eda que operaba en el \u00e1rea de California.<\/p>\n\n\n\n<p>El medio asegur\u00f3 que E<strong>ddie Escobedo&nbsp;<\/strong>estuvo involucrado en un tiroteo en Los \u00c1ngeles en el 2008, lugar donde estuvo involucrado Jos\u00e9 Luis Mac\u00eda, de 25 a\u00f1os, quien se presume ser\u00eda el encargado de vender droga del C\u00e1rtel de los Arellano F\u00e9lix (CAF).<img decoding=\"async\" src=\"\"><img decoding=\"async\" alt=\"&quot;El Chapito&quot; es acusado de conspiraci\u00f3n para distribuir narc\u00f3ticos en EEUU. (DEA)\" src=\"https:\/\/www-infobae-com.cdn.ampproject.org\/ii\/AW\/s\/www.infobae.com\/new-resizer\/b7dx001_d5GNwL_vqwcWAQ6ish4=\/arc-anglerfish-arc2-prod-infobae\/public\/W3ETIV7CDVFK7OPXUTKUSIU63I.jpg\">&#8220;El Chapito&#8221; es acusado de conspiraci\u00f3n para distribuir narc\u00f3ticos en EEUU. (DEA)<\/p>\n\n\n\n<p><em><strong>El Mago<\/strong><\/em>&nbsp;supuestamente hab\u00eda sido detenido junto con otras siete personas despu\u00e9s de que lo encontran transportando m\u00e1s de una tonelada de marihuana en el \u00e1rea de Torrance en Los \u00c1ngeles.<\/p>\n\n\n\n<p><em><strong>Borderland Beat<\/strong><\/em>&nbsp;comparti\u00f3 varias fotograf\u00edas de este narcotraficante que en donde se le ve\u00eda posar con ropa y relojes de lujo. En una de estas im\u00e1genes, Eddie Escobedo aparece con el afamado actor Al Pacino.<\/p>\n\n\n\n<p>Seg\u00fan informaci\u00f3n extraoficial,&nbsp;<em><strong>El Mago<\/strong><\/em>&nbsp;era conocido por tener una amistad con los cantantes de m\u00fasica norte\u00f1a como Larry Hern\u00e1ndez y Eduin Caz, vocalista del Grupo Firme.<\/p>\n\n\n\n<p>El grupo Nuevos Rebeldes le hizo un corrido a&nbsp;<strong>Eddie Escobedo<\/strong>, mismo que t\u00edtulo como \u201cEl Editor\u201d.<\/p>\n\n\n\n<p>\u201cPor ser como soy, soy muy respetado; soy el editor, con muy alto rango; La Sierra Madre me miro nacer; En el este creado, all\u00e1 por LA; Amigos sinceros que son del gobierno, Pac\u00edfico, centro, cerca de los cerros; Varias oficinas cerca del dos diez; Pr\u00f3ximo sexenio vamos a ascender\u201d, dice en parte de la canci\u00f3n.<\/p>\n","protected":false},"excerpt":{"rendered":"<p>Eddie Escobedo era empresario de una cadena de restaurantes en la ciudad norteamericana, aunque tambi\u00e9n se inform\u00f3 que operaba para el C\u00e1rtel de Sinaloa California, EU. Eddie Escobedo, alias\u00a0El Mago, supuesto amigo de\u00a0Iv\u00e1n Archivaldo Guzm\u00e1n Salazar, actual l\u00edder de la facci\u00f3n de\u00a0Los Chapitos\u00a0del C\u00e1rtel de Sinaloa, fue asesinado en un tiroteo en el \u00e1rea de [&hellip;]<\/p>\n","protected":false},"author":41,"featured_media":66733,"comment_status":"open","ping_status":"open","sticky":false,"template":"","format":"standard","meta":{"tdm_status":"","tdm_grid_status":"","footnotes":""},"categories":[39],"tags":[],"class_list":{"0":"post-66732","1":"post","2":"type-post","3":"status-publish","4":"format-standard","5":"has-post-thumbnail","7":"category-noticias-nacionales"},"yoast_head":"<!-- This site is optimized with the Yoast SEO plugin v27.4 - https:\/\/yoast.com\/product\/yoast-seo-wordpress\/ -->\n<title>Matan en Los \u00c1ngeles a \u201cEl Mago\u201d, amigo de Iv\u00e1n Archivaldo de Los Chapitos - Fuentes Fidedignas<\/title>\n<meta name=\"robots\" content=\"index, follow, max-snippet:-1, max-image-preview:large, max-video-preview:-1\" \/>\n<link rel=\"canonical\" href=\"https:\/\/fuentesfidedignas.com.mx\/index.php\/2023\/11\/24\/asesinaron-en-los-angeles-a-el-mago-amigo-de-ivan-archivaldo-de-los-chapitos\/\" \/>\n<meta property=\"og:locale\" content=\"es_MX\" \/>\n<meta property=\"og:type\" content=\"article\" \/>\n<meta property=\"og:title\" content=\"Matan en Los \u00c1ngeles a \u201cEl Mago\u201d, amigo de Iv\u00e1n Archivaldo de Los Chapitos - Fuentes Fidedignas\" \/>\n<meta property=\"og:description\" content=\"Eddie Escobedo era empresario de una cadena de restaurantes en la ciudad norteamericana, aunque tambi\u00e9n se inform\u00f3 que operaba para el C\u00e1rtel de Sinaloa California, EU. Eddie Escobedo, alias\u00a0El Mago, supuesto amigo de\u00a0Iv\u00e1n Archivaldo Guzm\u00e1n Salazar, actual l\u00edder de la facci\u00f3n de\u00a0Los Chapitos\u00a0del C\u00e1rtel de Sinaloa, fue asesinado en un tiroteo en el \u00e1rea de [&hellip;]\" \/>\n<meta property=\"og:url\" content=\"https:\/\/fuentesfidedignas.com.mx\/index.php\/2023\/11\/24\/asesinaron-en-los-angeles-a-el-mago-amigo-de-ivan-archivaldo-de-los-chapitos\/\" \/>\n<meta property=\"og:site_name\" content=\"Fuentes Fidedignas\" \/>\n<meta property=\"article:publisher\" content=\"https:\/\/www.facebook.com\/Fuentes-Fidedignas-368234489921644\" \/>\n<meta property=\"article:published_time\" content=\"2023-11-24T17:00:02+00:00\" \/>\n<meta property=\"article:modified_time\" content=\"2023-11-24T17:58:10+00:00\" \/>\n<meta property=\"og:image\" content=\"https:\/\/fuentesfidedignas.com.mx\/wp-content\/uploads\/2023\/11\/UMXKRJXX7ZHTDLMV2V6M2FMAEY.jpeg\" \/>\n\t<meta property=\"og:image:width\" content=\"1920\" \/>\n\t<meta property=\"og:image:height\" content=\"1080\" \/>\n\t<meta property=\"og:image:type\" content=\"image\/jpeg\" \/>\n<meta name=\"author\" content=\"Infobae\" \/>\n<meta name=\"twitter:card\" content=\"summary_large_image\" \/>\n<meta name=\"twitter:creator\" content=\"@fidedignas\" \/>\n<meta name=\"twitter:site\" content=\"@fidedignas\" \/>\n<meta name=\"twitter:label1\" content=\"Escrito por\" \/>\n\t<meta name=\"twitter:data1\" content=\"Infobae\" \/>\n\t<meta name=\"twitter:label2\" content=\"Tiempo de lectura\" \/>\n\t<meta name=\"twitter:data2\" content=\"4 minutos\" \/>\n<script type=\"application\/ld+json\" class=\"yoast-schema-graph\">{\"@context\":\"https:\\\/\\\/schema.org\",\"@graph\":[{\"@type\":\"Article\",\"@id\":\"https:\\\/\\\/fuentesfidedignas.com.mx\\\/index.php\\\/2023\\\/11\\\/24\\\/asesinaron-en-los-angeles-a-el-mago-amigo-de-ivan-archivaldo-de-los-chapitos\\\/#article\",\"isPartOf\":{\"@id\":\"https:\\\/\\\/fuentesfidedignas.com.mx\\\/index.php\\\/2023\\\/11\\\/24\\\/asesinaron-en-los-angeles-a-el-mago-amigo-de-ivan-archivaldo-de-los-chapitos\\\/\"},\"author\":{\"name\":\"Infobae\",\"@id\":\"https:\\\/\\\/fuentesfidedignas.com.mx\\\/#\\\/schema\\\/person\\\/8575896a7c1067d352f6c1cd6582c389\"},\"headline\":\"Matan en Los \u00c1ngeles a \u201cEl Mago\u201d, amigo de Iv\u00e1n Archivaldo de Los Chapitos\",\"datePublished\":\"2023-11-24T17:00:02+00:00\",\"dateModified\":\"2023-11-24T17:58:10+00:00\",\"mainEntityOfPage\":{\"@id\":\"https:\\\/\\\/fuentesfidedignas.com.mx\\\/index.php\\\/2023\\\/11\\\/24\\\/asesinaron-en-los-angeles-a-el-mago-amigo-de-ivan-archivaldo-de-los-chapitos\\\/\"},\"wordCount\":603,\"commentCount\":0,\"publisher\":{\"@id\":\"https:\\\/\\\/fuentesfidedignas.com.mx\\\/#organization\"},\"image\":{\"@id\":\"https:\\\/\\\/fuentesfidedignas.com.mx\\\/index.php\\\/2023\\\/11\\\/24\\\/asesinaron-en-los-angeles-a-el-mago-amigo-de-ivan-archivaldo-de-los-chapitos\\\/#primaryimage\"},\"thumbnailUrl\":\"https:\\\/\\\/fuentesfidedignas.com.mx\\\/wp-content\\\/uploads\\\/2023\\\/11\\\/UMXKRJXX7ZHTDLMV2V6M2FMAEY.jpeg\",\"articleSection\":[\"NOTICIAS NACIONALES\"],\"inLanguage\":\"es\",\"potentialAction\":[{\"@type\":\"CommentAction\",\"name\":\"Comment\",\"target\":[\"https:\\\/\\\/fuentesfidedignas.com.mx\\\/index.php\\\/2023\\\/11\\\/24\\\/asesinaron-en-los-angeles-a-el-mago-amigo-de-ivan-archivaldo-de-los-chapitos\\\/#respond\"]}]},{\"@type\":\"WebPage\",\"@id\":\"https:\\\/\\\/fuentesfidedignas.com.mx\\\/index.php\\\/2023\\\/11\\\/24\\\/asesinaron-en-los-angeles-a-el-mago-amigo-de-ivan-archivaldo-de-los-chapitos\\\/\",\"url\":\"https:\\\/\\\/fuentesfidedignas.com.mx\\\/index.php\\\/2023\\\/11\\\/24\\\/asesinaron-en-los-angeles-a-el-mago-amigo-de-ivan-archivaldo-de-los-chapitos\\\/\",\"name\":\"Matan en Los \u00c1ngeles a \u201cEl Mago\u201d, amigo de Iv\u00e1n Archivaldo de Los Chapitos - Fuentes Fidedignas\",\"isPartOf\":{\"@id\":\"https:\\\/\\\/fuentesfidedignas.com.mx\\\/#website\"},\"primaryImageOfPage\":{\"@id\":\"https:\\\/\\\/fuentesfidedignas.com.mx\\\/index.php\\\/2023\\\/11\\\/24\\\/asesinaron-en-los-angeles-a-el-mago-amigo-de-ivan-archivaldo-de-los-chapitos\\\/#primaryimage\"},\"image\":{\"@id\":\"https:\\\/\\\/fuentesfidedignas.com.mx\\\/index.php\\\/2023\\\/11\\\/24\\\/asesinaron-en-los-angeles-a-el-mago-amigo-de-ivan-archivaldo-de-los-chapitos\\\/#primaryimage\"},\"thumbnailUrl\":\"https:\\\/\\\/fuentesfidedignas.com.mx\\\/wp-content\\\/uploads\\\/2023\\\/11\\\/UMXKRJXX7ZHTDLMV2V6M2FMAEY.jpeg\",\"datePublished\":\"2023-11-24T17:00:02+00:00\",\"dateModified\":\"2023-11-24T17:58:10+00:00\",\"breadcrumb\":{\"@id\":\"https:\\\/\\\/fuentesfidedignas.com.mx\\\/index.php\\\/2023\\\/11\\\/24\\\/asesinaron-en-los-angeles-a-el-mago-amigo-de-ivan-archivaldo-de-los-chapitos\\\/#breadcrumb\"},\"inLanguage\":\"es\",\"potentialAction\":[{\"@type\":\"ReadAction\",\"target\":[\"https:\\\/\\\/fuentesfidedignas.com.mx\\\/index.php\\\/2023\\\/11\\\/24\\\/asesinaron-en-los-angeles-a-el-mago-amigo-de-ivan-archivaldo-de-los-chapitos\\\/\"]}]},{\"@type\":\"ImageObject\",\"inLanguage\":\"es\",\"@id\":\"https:\\\/\\\/fuentesfidedignas.com.mx\\\/index.php\\\/2023\\\/11\\\/24\\\/asesinaron-en-los-angeles-a-el-mago-amigo-de-ivan-archivaldo-de-los-chapitos\\\/#primaryimage\",\"url\":\"https:\\\/\\\/fuentesfidedignas.com.mx\\\/wp-content\\\/uploads\\\/2023\\\/11\\\/UMXKRJXX7ZHTDLMV2V6M2FMAEY.jpeg\",\"contentUrl\":\"https:\\\/\\\/fuentesfidedignas.com.mx\\\/wp-content\\\/uploads\\\/2023\\\/11\\\/UMXKRJXX7ZHTDLMV2V6M2FMAEY.jpeg\",\"width\":1920,\"height\":1080},{\"@type\":\"BreadcrumbList\",\"@id\":\"https:\\\/\\\/fuentesfidedignas.com.mx\\\/index.php\\\/2023\\\/11\\\/24\\\/asesinaron-en-los-angeles-a-el-mago-amigo-de-ivan-archivaldo-de-los-chapitos\\\/#breadcrumb\",\"itemListElement\":[{\"@type\":\"ListItem\",\"position\":1,\"name\":\"Inicio\",\"item\":\"https:\\\/\\\/fuentesfidedignas.com.mx\\\/\"},{\"@type\":\"ListItem\",\"position\":2,\"name\":\"Matan en Los \u00c1ngeles a \u201cEl Mago\u201d, amigo de Iv\u00e1n Archivaldo de Los Chapitos\"}]},{\"@type\":\"WebSite\",\"@id\":\"https:\\\/\\\/fuentesfidedignas.com.mx\\\/#website\",\"url\":\"https:\\\/\\\/fuentesfidedignas.com.mx\\\/\",\"name\":\"Fuentes Fidedignas\",\"description\":\"Otro sitio realizado con WordPress\",\"publisher\":{\"@id\":\"https:\\\/\\\/fuentesfidedignas.com.mx\\\/#organization\"},\"potentialAction\":[{\"@type\":\"SearchAction\",\"target\":{\"@type\":\"EntryPoint\",\"urlTemplate\":\"https:\\\/\\\/fuentesfidedignas.com.mx\\\/?s={search_term_string}\"},\"query-input\":{\"@type\":\"PropertyValueSpecification\",\"valueRequired\":true,\"valueName\":\"search_term_string\"}}],\"inLanguage\":\"es\"},{\"@type\":\"Organization\",\"@id\":\"https:\\\/\\\/fuentesfidedignas.com.mx\\\/#organization\",\"name\":\"Fuentes Fidedignas\",\"url\":\"https:\\\/\\\/fuentesfidedignas.com.mx\\\/\",\"logo\":{\"@type\":\"ImageObject\",\"inLanguage\":\"es\",\"@id\":\"https:\\\/\\\/fuentesfidedignas.com.mx\\\/#\\\/schema\\\/logo\\\/image\\\/\",\"url\":\"https:\\\/\\\/fuentesfidedignas.com.mx\\\/wp-content\\\/uploads\\\/2021\\\/04\\\/logo-retina.png\",\"contentUrl\":\"https:\\\/\\\/fuentesfidedignas.com.mx\\\/wp-content\\\/uploads\\\/2021\\\/04\\\/logo-retina.png\",\"width\":280,\"height\":51,\"caption\":\"Fuentes Fidedignas\"},\"image\":{\"@id\":\"https:\\\/\\\/fuentesfidedignas.com.mx\\\/#\\\/schema\\\/logo\\\/image\\\/\"},\"sameAs\":[\"https:\\\/\\\/www.facebook.com\\\/Fuentes-Fidedignas-368234489921644\",\"https:\\\/\\\/x.com\\\/fidedignas\"]},{\"@type\":\"Person\",\"@id\":\"https:\\\/\\\/fuentesfidedignas.com.mx\\\/#\\\/schema\\\/person\\\/8575896a7c1067d352f6c1cd6582c389\",\"name\":\"Infobae\",\"image\":{\"@type\":\"ImageObject\",\"inLanguage\":\"es\",\"@id\":\"https:\\\/\\\/secure.gravatar.com\\\/avatar\\\/e4ec95706f8d1670343f6526fdcec45474bab17475a851434a64ca12b5acba1c?s=96&d=mm&r=g\",\"url\":\"https:\\\/\\\/secure.gravatar.com\\\/avatar\\\/e4ec95706f8d1670343f6526fdcec45474bab17475a851434a64ca12b5acba1c?s=96&d=mm&r=g\",\"contentUrl\":\"https:\\\/\\\/secure.gravatar.com\\\/avatar\\\/e4ec95706f8d1670343f6526fdcec45474bab17475a851434a64ca12b5acba1c?s=96&d=mm&r=g\",\"caption\":\"Infobae\"},\"url\":\"https:\\\/\\\/fuentesfidedignas.com.mx\\\/index.php\\\/author\\\/infobae\\\/\"}]}<\/script>\n<!-- \/ Yoast SEO plugin. -->","yoast_head_json":{"title":"Matan en Los \u00c1ngeles a \u201cEl Mago\u201d, amigo de Iv\u00e1n Archivaldo de Los Chapitos - Fuentes Fidedignas","robots":{"index":"index","follow":"follow","max-snippet":"max-snippet:-1","max-image-preview":"max-image-preview:large","max-video-preview":"max-video-preview:-1"},"canonical":"https:\/\/fuentesfidedignas.com.mx\/index.php\/2023\/11\/24\/asesinaron-en-los-angeles-a-el-mago-amigo-de-ivan-archivaldo-de-los-chapitos\/","og_locale":"es_MX","og_type":"article","og_title":"Matan en Los \u00c1ngeles a \u201cEl Mago\u201d, amigo de Iv\u00e1n Archivaldo de Los Chapitos - Fuentes Fidedignas","og_description":"Eddie Escobedo era empresario de una cadena de restaurantes en la ciudad norteamericana, aunque tambi\u00e9n se inform\u00f3 que operaba para el C\u00e1rtel de Sinaloa California, EU. Eddie Escobedo, alias\u00a0El Mago, supuesto amigo de\u00a0Iv\u00e1n Archivaldo Guzm\u00e1n Salazar, actual l\u00edder de la facci\u00f3n de\u00a0Los Chapitos\u00a0del C\u00e1rtel de Sinaloa, fue asesinado en un tiroteo en el \u00e1rea de [&hellip;]","og_url":"https:\/\/fuentesfidedignas.com.mx\/index.php\/2023\/11\/24\/asesinaron-en-los-angeles-a-el-mago-amigo-de-ivan-archivaldo-de-los-chapitos\/","og_site_name":"Fuentes Fidedignas","article_publisher":"https:\/\/www.facebook.com\/Fuentes-Fidedignas-368234489921644","article_published_time":"2023-11-24T17:00:02+00:00","article_modified_time":"2023-11-24T17:58:10+00:00","og_image":[{"width":1920,"height":1080,"url":"https:\/\/fuentesfidedignas.com.mx\/wp-content\/uploads\/2023\/11\/UMXKRJXX7ZHTDLMV2V6M2FMAEY.jpeg","type":"image\/jpeg"}],"author":"Infobae","twitter_card":"summary_large_image","twitter_creator":"@fidedignas","twitter_site":"@fidedignas","twitter_misc":{"Escrito por":"Infobae","Tiempo de lectura":"4 minutos"},"schema":{"@context":"https:\/\/schema.org","@graph":[{"@type":"Article","@id":"https:\/\/fuentesfidedignas.com.mx\/index.php\/2023\/11\/24\/asesinaron-en-los-angeles-a-el-mago-amigo-de-ivan-archivaldo-de-los-chapitos\/#article","isPartOf":{"@id":"https:\/\/fuentesfidedignas.com.mx\/index.php\/2023\/11\/24\/asesinaron-en-los-angeles-a-el-mago-amigo-de-ivan-archivaldo-de-los-chapitos\/"},"author":{"name":"Infobae","@id":"https:\/\/fuentesfidedignas.com.mx\/#\/schema\/person\/8575896a7c1067d352f6c1cd6582c389"},"headline":"Matan en Los \u00c1ngeles a \u201cEl Mago\u201d, amigo de Iv\u00e1n Archivaldo de Los Chapitos","datePublished":"2023-11-24T17:00:02+00:00","dateModified":"2023-11-24T17:58:10+00:00","mainEntityOfPage":{"@id":"https:\/\/fuentesfidedignas.com.mx\/index.php\/2023\/11\/24\/asesinaron-en-los-angeles-a-el-mago-amigo-de-ivan-archivaldo-de-los-chapitos\/"},"wordCount":603,"commentCount":0,"publisher":{"@id":"https:\/\/fuentesfidedignas.com.mx\/#organization"},"image":{"@id":"https:\/\/fuentesfidedignas.com.mx\/index.php\/2023\/11\/24\/asesinaron-en-los-angeles-a-el-mago-amigo-de-ivan-archivaldo-de-los-chapitos\/#primaryimage"},"thumbnailUrl":"https:\/\/fuentesfidedignas.com.mx\/wp-content\/uploads\/2023\/11\/UMXKRJXX7ZHTDLMV2V6M2FMAEY.jpeg","articleSection":["NOTICIAS NACIONALES"],"inLanguage":"es","potentialAction":[{"@type":"CommentAction","name":"Comment","target":["https:\/\/fuentesfidedignas.com.mx\/index.php\/2023\/11\/24\/asesinaron-en-los-angeles-a-el-mago-amigo-de-ivan-archivaldo-de-los-chapitos\/#respond"]}]},{"@type":"WebPage","@id":"https:\/\/fuentesfidedignas.com.mx\/index.php\/2023\/11\/24\/asesinaron-en-los-angeles-a-el-mago-amigo-de-ivan-archivaldo-de-los-chapitos\/","url":"https:\/\/fuentesfidedignas.com.mx\/index.php\/2023\/11\/24\/asesinaron-en-los-angeles-a-el-mago-amigo-de-ivan-archivaldo-de-los-chapitos\/","name":"Matan en Los \u00c1ngeles a \u201cEl Mago\u201d, amigo de Iv\u00e1n Archivaldo de Los Chapitos - Fuentes Fidedignas","isPartOf":{"@id":"https:\/\/fuentesfidedignas.com.mx\/#website"},"primaryImageOfPage":{"@id":"https:\/\/fuentesfidedignas.com.mx\/index.php\/2023\/11\/24\/asesinaron-en-los-angeles-a-el-mago-amigo-de-ivan-archivaldo-de-los-chapitos\/#primaryimage"},"image":{"@id":"https:\/\/fuentesfidedignas.com.mx\/index.php\/2023\/11\/24\/asesinaron-en-los-angeles-a-el-mago-amigo-de-ivan-archivaldo-de-los-chapitos\/#primaryimage"},"thumbnailUrl":"https:\/\/fuentesfidedignas.com.mx\/wp-content\/uploads\/2023\/11\/UMXKRJXX7ZHTDLMV2V6M2FMAEY.jpeg","datePublished":"2023-11-24T17:00:02+00:00","dateModified":"2023-11-24T17:58:10+00:00","breadcrumb":{"@id":"https:\/\/fuentesfidedignas.com.mx\/index.php\/2023\/11\/24\/asesinaron-en-los-angeles-a-el-mago-amigo-de-ivan-archivaldo-de-los-chapitos\/#breadcrumb"},"inLanguage":"es","potentialAction":[{"@type":"ReadAction","target":["https:\/\/fuentesfidedignas.com.mx\/index.php\/2023\/11\/24\/asesinaron-en-los-angeles-a-el-mago-amigo-de-ivan-archivaldo-de-los-chapitos\/"]}]},{"@type":"ImageObject","inLanguage":"es","@id":"https:\/\/fuentesfidedignas.com.mx\/index.php\/2023\/11\/24\/asesinaron-en-los-angeles-a-el-mago-amigo-de-ivan-archivaldo-de-los-chapitos\/#primaryimage","url":"https:\/\/fuentesfidedignas.com.mx\/wp-content\/uploads\/2023\/11\/UMXKRJXX7ZHTDLMV2V6M2FMAEY.jpeg","contentUrl":"https:\/\/fuentesfidedignas.com.mx\/wp-content\/uploads\/2023\/11\/UMXKRJXX7ZHTDLMV2V6M2FMAEY.jpeg","width":1920,"height":1080},{"@type":"BreadcrumbList","@id":"https:\/\/fuentesfidedignas.com.mx\/index.php\/2023\/11\/24\/asesinaron-en-los-angeles-a-el-mago-amigo-de-ivan-archivaldo-de-los-chapitos\/#breadcrumb","itemListElement":[{"@type":"ListItem","position":1,"name":"Inicio","item":"https:\/\/fuentesfidedignas.com.mx\/"},{"@type":"ListItem","position":2,"name":"Matan en Los \u00c1ngeles a \u201cEl Mago\u201d, amigo de Iv\u00e1n Archivaldo de Los Chapitos"}]},{"@type":"WebSite","@id":"https:\/\/fuentesfidedignas.com.mx\/#website","url":"https:\/\/fuentesfidedignas.com.mx\/","name":"Fuentes Fidedignas","description":"Otro sitio realizado con WordPress","publisher":{"@id":"https:\/\/fuentesfidedignas.com.mx\/#organization"},"potentialAction":[{"@type":"SearchAction","target":{"@type":"EntryPoint","urlTemplate":"https:\/\/fuentesfidedignas.com.mx\/?s={search_term_string}"},"query-input":{"@type":"PropertyValueSpecification","valueRequired":true,"valueName":"search_term_string"}}],"inLanguage":"es"},{"@type":"Organization","@id":"https:\/\/fuentesfidedignas.com.mx\/#organization","name":"Fuentes Fidedignas","url":"https:\/\/fuentesfidedignas.com.mx\/","logo":{"@type":"ImageObject","inLanguage":"es","@id":"https:\/\/fuentesfidedignas.com.mx\/#\/schema\/logo\/image\/","url":"https:\/\/fuentesfidedignas.com.mx\/wp-content\/uploads\/2021\/04\/logo-retina.png","contentUrl":"https:\/\/fuentesfidedignas.com.mx\/wp-content\/uploads\/2021\/04\/logo-retina.png","width":280,"height":51,"caption":"Fuentes Fidedignas"},"image":{"@id":"https:\/\/fuentesfidedignas.com.mx\/#\/schema\/logo\/image\/"},"sameAs":["https:\/\/www.facebook.com\/Fuentes-Fidedignas-368234489921644","https:\/\/x.com\/fidedignas"]},{"@type":"Person","@id":"https:\/\/fuentesfidedignas.com.mx\/#\/schema\/person\/8575896a7c1067d352f6c1cd6582c389","name":"Infobae","image":{"@type":"ImageObject","inLanguage":"es","@id":"https:\/\/secure.gravatar.com\/avatar\/e4ec95706f8d1670343f6526fdcec45474bab17475a851434a64ca12b5acba1c?s=96&d=mm&r=g","url":"https:\/\/secure.gravatar.com\/avatar\/e4ec95706f8d1670343f6526fdcec45474bab17475a851434a64ca12b5acba1c?s=96&d=mm&r=g","contentUrl":"https:\/\/secure.gravatar.com\/avatar\/e4ec95706f8d1670343f6526fdcec45474bab17475a851434a64ca12b5acba1c?s=96&d=mm&r=g","caption":"Infobae"},"url":"https:\/\/fuentesfidedignas.com.mx\/index.php\/author\/infobae\/"}]}},"_links":{"self":[{"href":"https:\/\/fuentesfidedignas.com.mx\/index.php\/wp-json\/wp\/v2\/posts\/66732","targetHints":{"allow":["GET"]}}],"collection":[{"href":"https:\/\/fuentesfidedignas.com.mx\/index.php\/wp-json\/wp\/v2\/posts"}],"about":[{"href":"https:\/\/fuentesfidedignas.com.mx\/index.php\/wp-json\/wp\/v2\/types\/post"}],"author":[{"embeddable":true,"href":"https:\/\/fuentesfidedignas.com.mx\/index.php\/wp-json\/wp\/v2\/users\/41"}],"replies":[{"embeddable":true,"href":"https:\/\/fuentesfidedignas.com.mx\/index.php\/wp-json\/wp\/v2\/comments?post=66732"}],"version-history":[{"count":2,"href":"https:\/\/fuentesfidedignas.com.mx\/index.php\/wp-json\/wp\/v2\/posts\/66732\/revisions"}],"predecessor-version":[{"id":66745,"href":"https:\/\/fuentesfidedignas.com.mx\/index.php\/wp-json\/wp\/v2\/posts\/66732\/revisions\/66745"}],"wp:featuredmedia":[{"embeddable":true,"href":"https:\/\/fuentesfidedignas.com.mx\/index.php\/wp-json\/wp\/v2\/media\/66733"}],"wp:attachment":[{"href":"https:\/\/fuentesfidedignas.com.mx\/index.php\/wp-json\/wp\/v2\/media?parent=66732"}],"wp:term":[{"taxonomy":"category","embeddable":true,"href":"https:\/\/fuentesfidedignas.com.mx\/index.php\/wp-json\/wp\/v2\/categories?post=66732"},{"taxonomy":"post_tag","embeddable":true,"href":"https:\/\/fuentesfidedignas.com.mx\/index.php\/wp-json\/wp\/v2\/tags?post=66732"}],"curies":[{"name":"wp","href":"https:\/\/api.w.org\/{rel}","templated":true}]}}