{"id":66729,"date":"2023-11-24T09:50:26","date_gmt":"2023-11-24T16:50:26","guid":{"rendered":"https:\/\/fuentesfidedignas.com.mx\/?p=66729"},"modified":"2023-11-24T09:50:27","modified_gmt":"2023-11-24T16:50:27","slug":"no-hay-relaciones-de-complicidad-con-nadie-amlo-reacciona-a-la-detencion-de-el-nini","status":"publish","type":"post","link":"https:\/\/fuentesfidedignas.com.mx\/index.php\/2023\/11\/24\/no-hay-relaciones-de-complicidad-con-nadie-amlo-reacciona-a-la-detencion-de-el-nini\/","title":{"rendered":"\u201cNo hay relaciones de complicidad con nadie\u201d: AMLO reacciona a la detenci\u00f3n de El Nini"},"content":{"rendered":"\n<p><strong><em>L\u00f3pez Obrador dijo que \u201cest\u00e1 bien pintada la raya\u201d entre Gobierno y delincuencia, tras detener a El Nini, jefe de seguridad de Los Chapitos<\/em><\/strong><\/p>\n\n\n\n<p>Ciudad de M\u00e9xico. El presidente&nbsp;<a href=\"https:\/\/twitter.com\/lopezobrador_\" target=\"_blank\" rel=\"noreferrer noopener\"><strong>Andr\u00e9s Manuel<\/strong><\/a><strong>&nbsp;L\u00f3pez Obrador<\/strong>&nbsp;dej\u00f3 en claro que su Gobierno no tiene relaciones de complicidad con la delincuencia, tras reaccionar a la&nbsp;<a href=\"https:\/\/lopezdoriga.com\/nacional\/trasladan-a-el-nini-a-instalaciones-de-la-fgr-en-la-ciudad-de-mexico\/\" target=\"_blank\" rel=\"noreferrer noopener\"><strong>detenci\u00f3n<\/strong><\/a>&nbsp;hace dos d\u00edas de&nbsp;<strong>Nestor Isidro \u201cP\u201d<\/strong>, alias&nbsp;<strong><em>El Nini<\/em><\/strong>, presunto jefe de seguridad del grupo criminal&nbsp;<strong>Los Chapitos<\/strong>.<\/p>\n\n\n\n<figure class=\"wp-block-embed is-type-rich is-provider-twitter wp-block-embed-twitter\"><div class=\"wp-block-embed__wrapper\">\n<blockquote class=\"twitter-tweet\" data-width=\"550\" data-dnt=\"true\"><p lang=\"es\" dir=\"ltr\">El general secretario dio los detalles sobre la detenci\u00f3n N\u00e9stor Isidro Salas, alias &#39;El Nini&#39;, jefe de seguridad de &#39;Los Chapitos&#39;.<br><br>El presidente L\u00f3pez Obrador, por su parte, respondi\u00f3 al agradecimiento de su hom\u00f3logo de EE.UU., Joe Biden, tras dicha captura <a href=\"https:\/\/t.co\/k9ZSE744El\">pic.twitter.com\/k9ZSE744El<\/a><\/p>&mdash; Joaqu\u00edn L\u00f3pez-D\u00f3riga (@lopezdoriga) <a href=\"https:\/\/twitter.com\/lopezdoriga\/status\/1728052204873855079?ref_src=twsrc%5Etfw\">November 24, 2023<\/a><\/blockquote><script async src=\"https:\/\/platform.twitter.com\/widgets.js\" charset=\"utf-8\"><\/script>\n<\/div><\/figure>\n\n\n\n<p>En la conferencia matutina realizada en Oaxaca, L\u00f3pez Obrador indic\u00f3 que \u201cest\u00e1 bien pintada la raya\u201d con la delincuencia organizada y su Gobierno.<\/p>\n\n\n\n<blockquote class=\"wp-block-quote is-layout-flow wp-block-quote-is-layout-flow\">\n<p>Un distintivo del Gobierno que presento es de que no hay relaciones de complicidad con nadie, no existe protecci\u00f3n ni a la delincuencia organizada ni a la delincuencia de cuello blanco. Nosotros representamos al pueblo de M\u00e9xico y no hay impunidad para nadie, por eso estamos avanzando\u201d, declar\u00f3.<\/p>\n<\/blockquote>\n\n\n\n<p>\u201cCuando no hay l\u00ednea divisoria, cuando no hay fronteras entre la autoridad y la delincuencia, no se puede garantizar la paz, la tranquilidad a los ciudadanos y antes pasaba eso. Imag\u00ednense que el secretario de Seguridad P\u00fablica de Felipe Calder\u00f3n est\u00e1 detenido por actuar en complicidad con la delincuencia organizada, el hombre m\u00e1s cercano al presidente en ese entonces, su brazo derecho\u201d, manifest\u00f3.<\/p>\n\n\n\n<p>.<\/p>\n\n\n\n<blockquote class=\"wp-block-quote is-layout-flow wp-block-quote-is-layout-flow\">\n<p>&#8220;Por eso hab\u00eda un narcogobierno, ten\u00edan en control de todo, hasta del Aeropuerto de la CDMX por esa complicidad. Ahora no se permite la asociaci\u00f3n delictuosa entre autoridades y delincuencia, est\u00e1 bien pintada la raya y vamos a continuar de esta manera\u201d, refiri\u00f3.<\/p>\n<\/blockquote>\n\n\n\n<p>El titular de la\u00a0<strong>Secretar\u00eda de la Defensa Nacional<\/strong>\u00a0(<strong>Sedena<\/strong>), general\u00a0<strong>Luis Cresencio Sandoval<\/strong>, dio detalles sobre la detenci\u00f3n de\u00a0<em>El Nini<\/em>.<\/p>\n\n\n\n<p>\u201cSe ten\u00eda un seguimiento de esta personas detenida, desde hace alg\u00fan tiempo (\u2026) Finalmente tuvimos la detenci\u00f3n\u201d, expres\u00f3.<\/p>\n\n\n\n<p>\u201cEs un trabajo conjunto, con inteligencia, participando la FGR, la Agencia de Investigaci\u00f3n Criminal, el Centro Nacional de Inteligencia, la Guardia nacional, el Ej\u00e9rcito y Fuerza A\u00e9rea Mexicana, todas las instancias se coordinaron, primero con la inteligencia y despu\u00e9s en la parte operativa para ponerlo a disposici\u00f3n de la FGR en la CDMX\u201d, resalt\u00f3.<\/p>\n\n\n\n<p>Explic\u00f3 que dicho delincuente fue el responsable del&nbsp;<em><strong>Culiacanazo<\/strong><\/em>&nbsp;en el a\u00f1o 2019, donde fue capturado y posteriormente liberado Ovidio Guzm\u00e1n, uno de los integrantes de Los Chapitos, as\u00ed como de la&nbsp;<strong>masacre<\/strong>&nbsp;de ocho personas en&nbsp;<strong>Tamazula<\/strong>, Durango.<\/p>\n\n\n\n<p>El presunto jefe de seguridad de Los Chapitos fue detenido el mi\u00e9rcoles por fuerzas federales en la ciudad de Culiac\u00e1n, Sinaloa, siendo trasladado a un penal en la Ciudad de M\u00e9xico.<\/p>\n\n\n\n<p><em>El Nini<\/em>\u00a0recibi\u00f3 este jueves la detenci\u00f3n provisional de por lo menos 60 d\u00edas y trasladado a un penal de m\u00e1xima seguridad en el central Estado de M\u00e9xico.<\/p>\n\n\n\n<p>Este mismo tiempo es el que tendr\u00e1n las autoridades de Estados Unidos para presentar la formal extradici\u00f3n por el criminal mexicano que operaba en el cartel liderado por los hijos del narcotraficante mexicano&nbsp;<strong>Joaqu\u00edn&nbsp;<em>Chapo<\/em>&nbsp;Guzm\u00e1n<\/strong>.<\/p>\n\n\n\n<p>Esto, luego de que una jueza mexicana con sede en la Ciudad de M\u00e9xico paralizara cualquier intento por extraditarlo o deportarlo de forma inmediata.<\/p>\n","protected":false},"excerpt":{"rendered":"<p>L\u00f3pez Obrador dijo que \u201cest\u00e1 bien pintada la raya\u201d entre Gobierno y delincuencia, tras detener a El Nini, jefe de seguridad de Los Chapitos Ciudad de M\u00e9xico. El presidente&nbsp;Andr\u00e9s Manuel&nbsp;L\u00f3pez Obrador&nbsp;dej\u00f3 en claro que su Gobierno no tiene relaciones de complicidad con la delincuencia, tras reaccionar a la&nbsp;detenci\u00f3n&nbsp;hace dos d\u00edas de&nbsp;Nestor Isidro \u201cP\u201d, alias&nbsp;El Nini, [&hellip;]<\/p>\n","protected":false},"author":47,"featured_media":66730,"comment_status":"open","ping_status":"open","sticky":false,"template":"","format":"standard","meta":{"tdm_status":"","tdm_grid_status":"","footnotes":""},"categories":[39],"tags":[],"class_list":{"0":"post-66729","1":"post","2":"type-post","3":"status-publish","4":"format-standard","5":"has-post-thumbnail","7":"category-noticias-nacionales"},"yoast_head":"<!-- This site is optimized with the Yoast SEO plugin v27.5 - https:\/\/yoast.com\/product\/yoast-seo-wordpress\/ -->\n<title>\u201cNo hay relaciones de complicidad con nadie\u201d: AMLO reacciona a la detenci\u00f3n de El Nini - Fuentes Fidedignas<\/title>\n<meta name=\"robots\" content=\"index, follow, max-snippet:-1, max-image-preview:large, max-video-preview:-1\" \/>\n<link rel=\"canonical\" href=\"https:\/\/fuentesfidedignas.com.mx\/index.php\/2023\/11\/24\/no-hay-relaciones-de-complicidad-con-nadie-amlo-reacciona-a-la-detencion-de-el-nini\/\" \/>\n<meta property=\"og:locale\" content=\"es_MX\" \/>\n<meta property=\"og:type\" content=\"article\" \/>\n<meta property=\"og:title\" content=\"\u201cNo hay relaciones de complicidad con nadie\u201d: AMLO reacciona a la detenci\u00f3n de El Nini - Fuentes Fidedignas\" \/>\n<meta property=\"og:description\" content=\"L\u00f3pez Obrador dijo que \u201cest\u00e1 bien pintada la raya\u201d entre Gobierno y delincuencia, tras detener a El Nini, jefe de seguridad de Los Chapitos Ciudad de M\u00e9xico. El presidente&nbsp;Andr\u00e9s Manuel&nbsp;L\u00f3pez Obrador&nbsp;dej\u00f3 en claro que su Gobierno no tiene relaciones de complicidad con la delincuencia, tras reaccionar a la&nbsp;detenci\u00f3n&nbsp;hace dos d\u00edas de&nbsp;Nestor Isidro \u201cP\u201d, alias&nbsp;El Nini, [&hellip;]\" \/>\n<meta property=\"og:url\" content=\"https:\/\/fuentesfidedignas.com.mx\/index.php\/2023\/11\/24\/no-hay-relaciones-de-complicidad-con-nadie-amlo-reacciona-a-la-detencion-de-el-nini\/\" \/>\n<meta property=\"og:site_name\" content=\"Fuentes Fidedignas\" \/>\n<meta property=\"article:publisher\" content=\"https:\/\/www.facebook.com\/Fuentes-Fidedignas-368234489921644\" \/>\n<meta property=\"article:published_time\" content=\"2023-11-24T16:50:26+00:00\" \/>\n<meta property=\"article:modified_time\" content=\"2023-11-24T16:50:27+00:00\" \/>\n<meta property=\"og:image\" content=\"https:\/\/fuentesfidedignas.com.mx\/wp-content\/uploads\/2023\/11\/images-9.jpeg\" \/>\n\t<meta property=\"og:image:width\" content=\"739\" \/>\n\t<meta property=\"og:image:height\" content=\"415\" \/>\n\t<meta property=\"og:image:type\" content=\"image\/jpeg\" \/>\n<meta name=\"author\" content=\"L\u00f3pez D\u00f3riga\" \/>\n<meta name=\"twitter:card\" content=\"summary_large_image\" \/>\n<meta name=\"twitter:creator\" content=\"@fidedignas\" \/>\n<meta name=\"twitter:site\" content=\"@fidedignas\" \/>\n<meta name=\"twitter:label1\" content=\"Escrito por\" \/>\n\t<meta name=\"twitter:data1\" content=\"L\u00f3pez D\u00f3riga\" \/>\n\t<meta name=\"twitter:label2\" content=\"Tiempo de lectura\" \/>\n\t<meta name=\"twitter:data2\" content=\"2 minutos\" \/>\n<script type=\"application\/ld+json\" class=\"yoast-schema-graph\">{\"@context\":\"https:\\\/\\\/schema.org\",\"@graph\":[{\"@type\":\"Article\",\"@id\":\"https:\\\/\\\/fuentesfidedignas.com.mx\\\/index.php\\\/2023\\\/11\\\/24\\\/no-hay-relaciones-de-complicidad-con-nadie-amlo-reacciona-a-la-detencion-de-el-nini\\\/#article\",\"isPartOf\":{\"@id\":\"https:\\\/\\\/fuentesfidedignas.com.mx\\\/index.php\\\/2023\\\/11\\\/24\\\/no-hay-relaciones-de-complicidad-con-nadie-amlo-reacciona-a-la-detencion-de-el-nini\\\/\"},\"author\":{\"name\":\"L\u00f3pez D\u00f3riga\",\"@id\":\"https:\\\/\\\/fuentesfidedignas.com.mx\\\/#\\\/schema\\\/person\\\/67d852f0557c8509146a4b9ddebd543a\"},\"headline\":\"\u201cNo hay relaciones de complicidad con nadie\u201d: AMLO reacciona a la detenci\u00f3n de El Nini\",\"datePublished\":\"2023-11-24T16:50:26+00:00\",\"dateModified\":\"2023-11-24T16:50:27+00:00\",\"mainEntityOfPage\":{\"@id\":\"https:\\\/\\\/fuentesfidedignas.com.mx\\\/index.php\\\/2023\\\/11\\\/24\\\/no-hay-relaciones-de-complicidad-con-nadie-amlo-reacciona-a-la-detencion-de-el-nini\\\/\"},\"wordCount\":583,\"commentCount\":0,\"publisher\":{\"@id\":\"https:\\\/\\\/fuentesfidedignas.com.mx\\\/#organization\"},\"image\":{\"@id\":\"https:\\\/\\\/fuentesfidedignas.com.mx\\\/index.php\\\/2023\\\/11\\\/24\\\/no-hay-relaciones-de-complicidad-con-nadie-amlo-reacciona-a-la-detencion-de-el-nini\\\/#primaryimage\"},\"thumbnailUrl\":\"https:\\\/\\\/fuentesfidedignas.com.mx\\\/wp-content\\\/uploads\\\/2023\\\/11\\\/images-9.jpeg\",\"articleSection\":[\"NOTICIAS NACIONALES\"],\"inLanguage\":\"es\",\"potentialAction\":[{\"@type\":\"CommentAction\",\"name\":\"Comment\",\"target\":[\"https:\\\/\\\/fuentesfidedignas.com.mx\\\/index.php\\\/2023\\\/11\\\/24\\\/no-hay-relaciones-de-complicidad-con-nadie-amlo-reacciona-a-la-detencion-de-el-nini\\\/#respond\"]}]},{\"@type\":\"WebPage\",\"@id\":\"https:\\\/\\\/fuentesfidedignas.com.mx\\\/index.php\\\/2023\\\/11\\\/24\\\/no-hay-relaciones-de-complicidad-con-nadie-amlo-reacciona-a-la-detencion-de-el-nini\\\/\",\"url\":\"https:\\\/\\\/fuentesfidedignas.com.mx\\\/index.php\\\/2023\\\/11\\\/24\\\/no-hay-relaciones-de-complicidad-con-nadie-amlo-reacciona-a-la-detencion-de-el-nini\\\/\",\"name\":\"\u201cNo hay relaciones de complicidad con nadie\u201d: AMLO reacciona a la detenci\u00f3n de El Nini - Fuentes Fidedignas\",\"isPartOf\":{\"@id\":\"https:\\\/\\\/fuentesfidedignas.com.mx\\\/#website\"},\"primaryImageOfPage\":{\"@id\":\"https:\\\/\\\/fuentesfidedignas.com.mx\\\/index.php\\\/2023\\\/11\\\/24\\\/no-hay-relaciones-de-complicidad-con-nadie-amlo-reacciona-a-la-detencion-de-el-nini\\\/#primaryimage\"},\"image\":{\"@id\":\"https:\\\/\\\/fuentesfidedignas.com.mx\\\/index.php\\\/2023\\\/11\\\/24\\\/no-hay-relaciones-de-complicidad-con-nadie-amlo-reacciona-a-la-detencion-de-el-nini\\\/#primaryimage\"},\"thumbnailUrl\":\"https:\\\/\\\/fuentesfidedignas.com.mx\\\/wp-content\\\/uploads\\\/2023\\\/11\\\/images-9.jpeg\",\"datePublished\":\"2023-11-24T16:50:26+00:00\",\"dateModified\":\"2023-11-24T16:50:27+00:00\",\"breadcrumb\":{\"@id\":\"https:\\\/\\\/fuentesfidedignas.com.mx\\\/index.php\\\/2023\\\/11\\\/24\\\/no-hay-relaciones-de-complicidad-con-nadie-amlo-reacciona-a-la-detencion-de-el-nini\\\/#breadcrumb\"},\"inLanguage\":\"es\",\"potentialAction\":[{\"@type\":\"ReadAction\",\"target\":[\"https:\\\/\\\/fuentesfidedignas.com.mx\\\/index.php\\\/2023\\\/11\\\/24\\\/no-hay-relaciones-de-complicidad-con-nadie-amlo-reacciona-a-la-detencion-de-el-nini\\\/\"]}]},{\"@type\":\"ImageObject\",\"inLanguage\":\"es\",\"@id\":\"https:\\\/\\\/fuentesfidedignas.com.mx\\\/index.php\\\/2023\\\/11\\\/24\\\/no-hay-relaciones-de-complicidad-con-nadie-amlo-reacciona-a-la-detencion-de-el-nini\\\/#primaryimage\",\"url\":\"https:\\\/\\\/fuentesfidedignas.com.mx\\\/wp-content\\\/uploads\\\/2023\\\/11\\\/images-9.jpeg\",\"contentUrl\":\"https:\\\/\\\/fuentesfidedignas.com.mx\\\/wp-content\\\/uploads\\\/2023\\\/11\\\/images-9.jpeg\",\"width\":739,\"height\":415},{\"@type\":\"BreadcrumbList\",\"@id\":\"https:\\\/\\\/fuentesfidedignas.com.mx\\\/index.php\\\/2023\\\/11\\\/24\\\/no-hay-relaciones-de-complicidad-con-nadie-amlo-reacciona-a-la-detencion-de-el-nini\\\/#breadcrumb\",\"itemListElement\":[{\"@type\":\"ListItem\",\"position\":1,\"name\":\"Inicio\",\"item\":\"https:\\\/\\\/fuentesfidedignas.com.mx\\\/\"},{\"@type\":\"ListItem\",\"position\":2,\"name\":\"\u201cNo hay relaciones de complicidad con nadie\u201d: AMLO reacciona a la detenci\u00f3n de El Nini\"}]},{\"@type\":\"WebSite\",\"@id\":\"https:\\\/\\\/fuentesfidedignas.com.mx\\\/#website\",\"url\":\"https:\\\/\\\/fuentesfidedignas.com.mx\\\/\",\"name\":\"Fuentes Fidedignas\",\"description\":\"Otro sitio realizado con WordPress\",\"publisher\":{\"@id\":\"https:\\\/\\\/fuentesfidedignas.com.mx\\\/#organization\"},\"potentialAction\":[{\"@type\":\"SearchAction\",\"target\":{\"@type\":\"EntryPoint\",\"urlTemplate\":\"https:\\\/\\\/fuentesfidedignas.com.mx\\\/?s={search_term_string}\"},\"query-input\":{\"@type\":\"PropertyValueSpecification\",\"valueRequired\":true,\"valueName\":\"search_term_string\"}}],\"inLanguage\":\"es\"},{\"@type\":\"Organization\",\"@id\":\"https:\\\/\\\/fuentesfidedignas.com.mx\\\/#organization\",\"name\":\"Fuentes Fidedignas\",\"url\":\"https:\\\/\\\/fuentesfidedignas.com.mx\\\/\",\"logo\":{\"@type\":\"ImageObject\",\"inLanguage\":\"es\",\"@id\":\"https:\\\/\\\/fuentesfidedignas.com.mx\\\/#\\\/schema\\\/logo\\\/image\\\/\",\"url\":\"https:\\\/\\\/fuentesfidedignas.com.mx\\\/wp-content\\\/uploads\\\/2021\\\/04\\\/logo-retina.png\",\"contentUrl\":\"https:\\\/\\\/fuentesfidedignas.com.mx\\\/wp-content\\\/uploads\\\/2021\\\/04\\\/logo-retina.png\",\"width\":280,\"height\":51,\"caption\":\"Fuentes Fidedignas\"},\"image\":{\"@id\":\"https:\\\/\\\/fuentesfidedignas.com.mx\\\/#\\\/schema\\\/logo\\\/image\\\/\"},\"sameAs\":[\"https:\\\/\\\/www.facebook.com\\\/Fuentes-Fidedignas-368234489921644\",\"https:\\\/\\\/x.com\\\/fidedignas\"]},{\"@type\":\"Person\",\"@id\":\"https:\\\/\\\/fuentesfidedignas.com.mx\\\/#\\\/schema\\\/person\\\/67d852f0557c8509146a4b9ddebd543a\",\"name\":\"L\u00f3pez D\u00f3riga\",\"image\":{\"@type\":\"ImageObject\",\"inLanguage\":\"es\",\"@id\":\"https:\\\/\\\/secure.gravatar.com\\\/avatar\\\/e525b06574ca18b33cded59dfe5778d6c823b9513154eff47da551b0551bdd1e?s=96&d=mm&r=g\",\"url\":\"https:\\\/\\\/secure.gravatar.com\\\/avatar\\\/e525b06574ca18b33cded59dfe5778d6c823b9513154eff47da551b0551bdd1e?s=96&d=mm&r=g\",\"contentUrl\":\"https:\\\/\\\/secure.gravatar.com\\\/avatar\\\/e525b06574ca18b33cded59dfe5778d6c823b9513154eff47da551b0551bdd1e?s=96&d=mm&r=g\",\"caption\":\"L\u00f3pez D\u00f3riga\"},\"url\":\"https:\\\/\\\/fuentesfidedignas.com.mx\\\/index.php\\\/author\\\/doriga\\\/\"}]}<\/script>\n<!-- \/ Yoast SEO plugin. -->","yoast_head_json":{"title":"\u201cNo hay relaciones de complicidad con nadie\u201d: AMLO reacciona a la detenci\u00f3n de El Nini - Fuentes Fidedignas","robots":{"index":"index","follow":"follow","max-snippet":"max-snippet:-1","max-image-preview":"max-image-preview:large","max-video-preview":"max-video-preview:-1"},"canonical":"https:\/\/fuentesfidedignas.com.mx\/index.php\/2023\/11\/24\/no-hay-relaciones-de-complicidad-con-nadie-amlo-reacciona-a-la-detencion-de-el-nini\/","og_locale":"es_MX","og_type":"article","og_title":"\u201cNo hay relaciones de complicidad con nadie\u201d: AMLO reacciona a la detenci\u00f3n de El Nini - Fuentes Fidedignas","og_description":"L\u00f3pez Obrador dijo que \u201cest\u00e1 bien pintada la raya\u201d entre Gobierno y delincuencia, tras detener a El Nini, jefe de seguridad de Los Chapitos Ciudad de M\u00e9xico. El presidente&nbsp;Andr\u00e9s Manuel&nbsp;L\u00f3pez Obrador&nbsp;dej\u00f3 en claro que su Gobierno no tiene relaciones de complicidad con la delincuencia, tras reaccionar a la&nbsp;detenci\u00f3n&nbsp;hace dos d\u00edas de&nbsp;Nestor Isidro \u201cP\u201d, alias&nbsp;El Nini, [&hellip;]","og_url":"https:\/\/fuentesfidedignas.com.mx\/index.php\/2023\/11\/24\/no-hay-relaciones-de-complicidad-con-nadie-amlo-reacciona-a-la-detencion-de-el-nini\/","og_site_name":"Fuentes Fidedignas","article_publisher":"https:\/\/www.facebook.com\/Fuentes-Fidedignas-368234489921644","article_published_time":"2023-11-24T16:50:26+00:00","article_modified_time":"2023-11-24T16:50:27+00:00","og_image":[{"width":739,"height":415,"url":"https:\/\/fuentesfidedignas.com.mx\/wp-content\/uploads\/2023\/11\/images-9.jpeg","type":"image\/jpeg"}],"author":"L\u00f3pez D\u00f3riga","twitter_card":"summary_large_image","twitter_creator":"@fidedignas","twitter_site":"@fidedignas","twitter_misc":{"Escrito por":"L\u00f3pez D\u00f3riga","Tiempo de lectura":"2 minutos"},"schema":{"@context":"https:\/\/schema.org","@graph":[{"@type":"Article","@id":"https:\/\/fuentesfidedignas.com.mx\/index.php\/2023\/11\/24\/no-hay-relaciones-de-complicidad-con-nadie-amlo-reacciona-a-la-detencion-de-el-nini\/#article","isPartOf":{"@id":"https:\/\/fuentesfidedignas.com.mx\/index.php\/2023\/11\/24\/no-hay-relaciones-de-complicidad-con-nadie-amlo-reacciona-a-la-detencion-de-el-nini\/"},"author":{"name":"L\u00f3pez D\u00f3riga","@id":"https:\/\/fuentesfidedignas.com.mx\/#\/schema\/person\/67d852f0557c8509146a4b9ddebd543a"},"headline":"\u201cNo hay relaciones de complicidad con nadie\u201d: AMLO reacciona a la detenci\u00f3n de El Nini","datePublished":"2023-11-24T16:50:26+00:00","dateModified":"2023-11-24T16:50:27+00:00","mainEntityOfPage":{"@id":"https:\/\/fuentesfidedignas.com.mx\/index.php\/2023\/11\/24\/no-hay-relaciones-de-complicidad-con-nadie-amlo-reacciona-a-la-detencion-de-el-nini\/"},"wordCount":583,"commentCount":0,"publisher":{"@id":"https:\/\/fuentesfidedignas.com.mx\/#organization"},"image":{"@id":"https:\/\/fuentesfidedignas.com.mx\/index.php\/2023\/11\/24\/no-hay-relaciones-de-complicidad-con-nadie-amlo-reacciona-a-la-detencion-de-el-nini\/#primaryimage"},"thumbnailUrl":"https:\/\/fuentesfidedignas.com.mx\/wp-content\/uploads\/2023\/11\/images-9.jpeg","articleSection":["NOTICIAS NACIONALES"],"inLanguage":"es","potentialAction":[{"@type":"CommentAction","name":"Comment","target":["https:\/\/fuentesfidedignas.com.mx\/index.php\/2023\/11\/24\/no-hay-relaciones-de-complicidad-con-nadie-amlo-reacciona-a-la-detencion-de-el-nini\/#respond"]}]},{"@type":"WebPage","@id":"https:\/\/fuentesfidedignas.com.mx\/index.php\/2023\/11\/24\/no-hay-relaciones-de-complicidad-con-nadie-amlo-reacciona-a-la-detencion-de-el-nini\/","url":"https:\/\/fuentesfidedignas.com.mx\/index.php\/2023\/11\/24\/no-hay-relaciones-de-complicidad-con-nadie-amlo-reacciona-a-la-detencion-de-el-nini\/","name":"\u201cNo hay relaciones de complicidad con nadie\u201d: AMLO reacciona a la detenci\u00f3n de El Nini - Fuentes Fidedignas","isPartOf":{"@id":"https:\/\/fuentesfidedignas.com.mx\/#website"},"primaryImageOfPage":{"@id":"https:\/\/fuentesfidedignas.com.mx\/index.php\/2023\/11\/24\/no-hay-relaciones-de-complicidad-con-nadie-amlo-reacciona-a-la-detencion-de-el-nini\/#primaryimage"},"image":{"@id":"https:\/\/fuentesfidedignas.com.mx\/index.php\/2023\/11\/24\/no-hay-relaciones-de-complicidad-con-nadie-amlo-reacciona-a-la-detencion-de-el-nini\/#primaryimage"},"thumbnailUrl":"https:\/\/fuentesfidedignas.com.mx\/wp-content\/uploads\/2023\/11\/images-9.jpeg","datePublished":"2023-11-24T16:50:26+00:00","dateModified":"2023-11-24T16:50:27+00:00","breadcrumb":{"@id":"https:\/\/fuentesfidedignas.com.mx\/index.php\/2023\/11\/24\/no-hay-relaciones-de-complicidad-con-nadie-amlo-reacciona-a-la-detencion-de-el-nini\/#breadcrumb"},"inLanguage":"es","potentialAction":[{"@type":"ReadAction","target":["https:\/\/fuentesfidedignas.com.mx\/index.php\/2023\/11\/24\/no-hay-relaciones-de-complicidad-con-nadie-amlo-reacciona-a-la-detencion-de-el-nini\/"]}]},{"@type":"ImageObject","inLanguage":"es","@id":"https:\/\/fuentesfidedignas.com.mx\/index.php\/2023\/11\/24\/no-hay-relaciones-de-complicidad-con-nadie-amlo-reacciona-a-la-detencion-de-el-nini\/#primaryimage","url":"https:\/\/fuentesfidedignas.com.mx\/wp-content\/uploads\/2023\/11\/images-9.jpeg","contentUrl":"https:\/\/fuentesfidedignas.com.mx\/wp-content\/uploads\/2023\/11\/images-9.jpeg","width":739,"height":415},{"@type":"BreadcrumbList","@id":"https:\/\/fuentesfidedignas.com.mx\/index.php\/2023\/11\/24\/no-hay-relaciones-de-complicidad-con-nadie-amlo-reacciona-a-la-detencion-de-el-nini\/#breadcrumb","itemListElement":[{"@type":"ListItem","position":1,"name":"Inicio","item":"https:\/\/fuentesfidedignas.com.mx\/"},{"@type":"ListItem","position":2,"name":"\u201cNo hay relaciones de complicidad con nadie\u201d: AMLO reacciona a la detenci\u00f3n de El Nini"}]},{"@type":"WebSite","@id":"https:\/\/fuentesfidedignas.com.mx\/#website","url":"https:\/\/fuentesfidedignas.com.mx\/","name":"Fuentes Fidedignas","description":"Otro sitio realizado con WordPress","publisher":{"@id":"https:\/\/fuentesfidedignas.com.mx\/#organization"},"potentialAction":[{"@type":"SearchAction","target":{"@type":"EntryPoint","urlTemplate":"https:\/\/fuentesfidedignas.com.mx\/?s={search_term_string}"},"query-input":{"@type":"PropertyValueSpecification","valueRequired":true,"valueName":"search_term_string"}}],"inLanguage":"es"},{"@type":"Organization","@id":"https:\/\/fuentesfidedignas.com.mx\/#organization","name":"Fuentes Fidedignas","url":"https:\/\/fuentesfidedignas.com.mx\/","logo":{"@type":"ImageObject","inLanguage":"es","@id":"https:\/\/fuentesfidedignas.com.mx\/#\/schema\/logo\/image\/","url":"https:\/\/fuentesfidedignas.com.mx\/wp-content\/uploads\/2021\/04\/logo-retina.png","contentUrl":"https:\/\/fuentesfidedignas.com.mx\/wp-content\/uploads\/2021\/04\/logo-retina.png","width":280,"height":51,"caption":"Fuentes Fidedignas"},"image":{"@id":"https:\/\/fuentesfidedignas.com.mx\/#\/schema\/logo\/image\/"},"sameAs":["https:\/\/www.facebook.com\/Fuentes-Fidedignas-368234489921644","https:\/\/x.com\/fidedignas"]},{"@type":"Person","@id":"https:\/\/fuentesfidedignas.com.mx\/#\/schema\/person\/67d852f0557c8509146a4b9ddebd543a","name":"L\u00f3pez D\u00f3riga","image":{"@type":"ImageObject","inLanguage":"es","@id":"https:\/\/secure.gravatar.com\/avatar\/e525b06574ca18b33cded59dfe5778d6c823b9513154eff47da551b0551bdd1e?s=96&d=mm&r=g","url":"https:\/\/secure.gravatar.com\/avatar\/e525b06574ca18b33cded59dfe5778d6c823b9513154eff47da551b0551bdd1e?s=96&d=mm&r=g","contentUrl":"https:\/\/secure.gravatar.com\/avatar\/e525b06574ca18b33cded59dfe5778d6c823b9513154eff47da551b0551bdd1e?s=96&d=mm&r=g","caption":"L\u00f3pez D\u00f3riga"},"url":"https:\/\/fuentesfidedignas.com.mx\/index.php\/author\/doriga\/"}]}},"_links":{"self":[{"href":"https:\/\/fuentesfidedignas.com.mx\/index.php\/wp-json\/wp\/v2\/posts\/66729","targetHints":{"allow":["GET"]}}],"collection":[{"href":"https:\/\/fuentesfidedignas.com.mx\/index.php\/wp-json\/wp\/v2\/posts"}],"about":[{"href":"https:\/\/fuentesfidedignas.com.mx\/index.php\/wp-json\/wp\/v2\/types\/post"}],"author":[{"embeddable":true,"href":"https:\/\/fuentesfidedignas.com.mx\/index.php\/wp-json\/wp\/v2\/users\/47"}],"replies":[{"embeddable":true,"href":"https:\/\/fuentesfidedignas.com.mx\/index.php\/wp-json\/wp\/v2\/comments?post=66729"}],"version-history":[{"count":1,"href":"https:\/\/fuentesfidedignas.com.mx\/index.php\/wp-json\/wp\/v2\/posts\/66729\/revisions"}],"predecessor-version":[{"id":66731,"href":"https:\/\/fuentesfidedignas.com.mx\/index.php\/wp-json\/wp\/v2\/posts\/66729\/revisions\/66731"}],"wp:featuredmedia":[{"embeddable":true,"href":"https:\/\/fuentesfidedignas.com.mx\/index.php\/wp-json\/wp\/v2\/media\/66730"}],"wp:attachment":[{"href":"https:\/\/fuentesfidedignas.com.mx\/index.php\/wp-json\/wp\/v2\/media?parent=66729"}],"wp:term":[{"taxonomy":"category","embeddable":true,"href":"https:\/\/fuentesfidedignas.com.mx\/index.php\/wp-json\/wp\/v2\/categories?post=66729"},{"taxonomy":"post_tag","embeddable":true,"href":"https:\/\/fuentesfidedignas.com.mx\/index.php\/wp-json\/wp\/v2\/tags?post=66729"}],"curies":[{"name":"wp","href":"https:\/\/api.w.org\/{rel}","templated":true}]}}