{"id":66599,"date":"2023-11-23T09:30:29","date_gmt":"2023-11-23T16:30:29","guid":{"rendered":"https:\/\/fuentesfidedignas.com.mx\/?p=66599"},"modified":"2023-11-23T09:30:31","modified_gmt":"2023-11-23T16:30:31","slug":"matan-a-dos-agentes-de-la-fiscalia-de-oaxaca-en-emboscada","status":"publish","type":"post","link":"https:\/\/fuentesfidedignas.com.mx\/index.php\/2023\/11\/23\/matan-a-dos-agentes-de-la-fiscalia-de-oaxaca-en-emboscada\/","title":{"rendered":"Matan a dos agentes de la Fiscal\u00eda de Oaxaca en emboscada"},"content":{"rendered":"\n<p><strong><em>Una emboscada en San Miguel El Grande dej\u00f3 como saldo dos agentes de la Fiscal\u00eda de Oaxaca y tres civiles muertos<\/em><\/strong><\/p>\n\n\n\n<p>Oaxaca. Autoridades de&nbsp;<strong>Oaxaca<\/strong>&nbsp;sufrieron una&nbsp;<strong>emboscada<\/strong>&nbsp;que dej\u00f3&nbsp;<strong>cinco personas muertas<\/strong>, entre ellas dos polic\u00edas y tres civiles.<\/p>\n\n\n\n<p>Los hechos ocurrieron la tarde del 22 de noviembre cuando elementos de la Agencia Estatal de Investigaciones realizaban una diligencia en&nbsp;<strong>San Miguel El Grande<\/strong>, con motivo de un conflicto territorial.<\/p>\n\n\n\n<p>Durante su paso por el&nbsp;<strong>paraje Santuario de las Aves<\/strong>&nbsp;los oficiales fueron agredidos a&nbsp;<strong>disparos<\/strong>, lo que provoc\u00f3 la muerte en el lugar de un agente.<\/p>\n\n\n\n<p>Un polic\u00eda investigador muri\u00f3 en el hospital al que fue trasladado, en tanto que otros dos elementos contin\u00faan recibiendo atenci\u00f3n m\u00e9dica.<\/p>\n\n\n\n<p>Asimismo, dos agentes municipales y un civil de San Miguel El Grande murieron.<\/p>\n\n\n\n<figure class=\"wp-block-embed is-type-rich is-provider-twitter wp-block-embed-twitter\"><div class=\"wp-block-embed__wrapper\">\n<blockquote class=\"twitter-tweet\" data-width=\"550\" data-dnt=\"true\"><p lang=\"es\" dir=\"ltr\">La Fiscal\u00eda General del Estado lamenta profundamente el fallecimiento de nuestros compa\u00f1eros Jos\u00e9 Luis Daniel Calvo Tapia y Minyak Omar Moreno Plascencia, Agentes Estatales de Investigaci\u00f3n, quienes murieron en el cumplimiento de su deber, por ello, reconocemos su hero\u00edsmo.\u2026 <a href=\"https:\/\/t.co\/XHO5LLDWnV\">pic.twitter.com\/XHO5LLDWnV<\/a><\/p>&mdash; Fiscal\u00eda General (@FISCALIA_GobOax) <a href=\"https:\/\/twitter.com\/FISCALIA_GobOax\/status\/1727554887104225600?ref_src=twsrc%5Etfw\">November 23, 2023<\/a><\/blockquote><script async src=\"https:\/\/platform.twitter.com\/widgets.js\" charset=\"utf-8\"><\/script>\n<\/div><\/figure>\n\n\n\n<p>La Fiscal\u00eda General del Estado (FGE) de Oaxaca inici\u00f3 la investigaci\u00f3n pertinente, contando con \u201cun avance importante\u201d para dar con el paradero de los responsables de la emboscada.<\/p>\n\n\n\n<p>Se despleg\u00f3 un operativo con elementos de la Sedena, Guardia Nacional, Secretar\u00eda de Seguridad P\u00fablica y la propia Fiscal\u00eda, para fortalecer la vigilancia en el sitio.<\/p>\n\n\n\n<blockquote class=\"wp-block-quote is-layout-flow wp-block-quote-is-layout-flow\">\n<p>Para la instituci\u00f3n, el homicidio de nuestros compa\u00f1eros representa un duelo en el que estrechamos lazos con las familias, a quienes reiteramos nuestra corresponsabilidad de brindar cobijo, lo que implica cumplir con sus derechos adquiridos y fortalecer los lazos que permitan honrar su memoria, pero tambi\u00e9n, un compromiso para garantizar el acceso a la justicia\u201d, expuso en un&nbsp;<a href=\"https:\/\/www.facebook.com\/FISCALIAGobOax\/posts\/pfbid0HTeTZTzkD9wiMqmLb23LXDy5LmXW5u1UEbmTroZB6geRsZPKJCrrnVRNnobDp6oYl\" target=\"_blank\" rel=\"noreferrer noopener\">comunicado<\/a>.<\/p>\n<\/blockquote>\n","protected":false},"excerpt":{"rendered":"<p>Una emboscada en San Miguel El Grande dej\u00f3 como saldo dos agentes de la Fiscal\u00eda de Oaxaca y tres civiles muertos Oaxaca. Autoridades de&nbsp;Oaxaca&nbsp;sufrieron una&nbsp;emboscada&nbsp;que dej\u00f3&nbsp;cinco personas muertas, entre ellas dos polic\u00edas y tres civiles. Los hechos ocurrieron la tarde del 22 de noviembre cuando elementos de la Agencia Estatal de Investigaciones realizaban una diligencia [&hellip;]<\/p>\n","protected":false},"author":47,"featured_media":66600,"comment_status":"open","ping_status":"open","sticky":false,"template":"","format":"standard","meta":{"tdm_status":"","tdm_grid_status":"","footnotes":""},"categories":[39],"tags":[],"class_list":{"0":"post-66599","1":"post","2":"type-post","3":"status-publish","4":"format-standard","5":"has-post-thumbnail","7":"category-noticias-nacionales"},"yoast_head":"<!-- This site is optimized with the Yoast SEO plugin v27.5 - https:\/\/yoast.com\/product\/yoast-seo-wordpress\/ -->\n<title>Matan a dos agentes de la Fiscal\u00eda de Oaxaca en emboscada - Fuentes Fidedignas<\/title>\n<meta name=\"robots\" content=\"index, follow, max-snippet:-1, max-image-preview:large, max-video-preview:-1\" \/>\n<link rel=\"canonical\" href=\"https:\/\/fuentesfidedignas.com.mx\/index.php\/2023\/11\/23\/matan-a-dos-agentes-de-la-fiscalia-de-oaxaca-en-emboscada\/\" \/>\n<meta property=\"og:locale\" content=\"es_MX\" \/>\n<meta property=\"og:type\" content=\"article\" \/>\n<meta property=\"og:title\" content=\"Matan a dos agentes de la Fiscal\u00eda de Oaxaca en emboscada - Fuentes Fidedignas\" \/>\n<meta property=\"og:description\" content=\"Una emboscada en San Miguel El Grande dej\u00f3 como saldo dos agentes de la Fiscal\u00eda de Oaxaca y tres civiles muertos Oaxaca. Autoridades de&nbsp;Oaxaca&nbsp;sufrieron una&nbsp;emboscada&nbsp;que dej\u00f3&nbsp;cinco personas muertas, entre ellas dos polic\u00edas y tres civiles. Los hechos ocurrieron la tarde del 22 de noviembre cuando elementos de la Agencia Estatal de Investigaciones realizaban una diligencia [&hellip;]\" \/>\n<meta property=\"og:url\" content=\"https:\/\/fuentesfidedignas.com.mx\/index.php\/2023\/11\/23\/matan-a-dos-agentes-de-la-fiscalia-de-oaxaca-en-emboscada\/\" \/>\n<meta property=\"og:site_name\" content=\"Fuentes Fidedignas\" \/>\n<meta property=\"article:publisher\" content=\"https:\/\/www.facebook.com\/Fuentes-Fidedignas-368234489921644\" \/>\n<meta property=\"article:published_time\" content=\"2023-11-23T16:30:29+00:00\" \/>\n<meta property=\"article:modified_time\" content=\"2023-11-23T16:30:31+00:00\" \/>\n<meta property=\"og:image\" content=\"https:\/\/fuentesfidedignas.com.mx\/wp-content\/uploads\/2023\/11\/camioneta-de-la-fiscalia-de-oaxaca-atacada-a-disparos.jpg\" \/>\n\t<meta property=\"og:image:width\" content=\"980\" \/>\n\t<meta property=\"og:image:height\" content=\"550\" \/>\n\t<meta property=\"og:image:type\" content=\"image\/jpeg\" \/>\n<meta name=\"author\" content=\"L\u00f3pez D\u00f3riga\" \/>\n<meta name=\"twitter:card\" content=\"summary_large_image\" \/>\n<meta name=\"twitter:creator\" content=\"@fidedignas\" \/>\n<meta name=\"twitter:site\" content=\"@fidedignas\" \/>\n<meta name=\"twitter:label1\" content=\"Escrito por\" \/>\n\t<meta name=\"twitter:data1\" content=\"L\u00f3pez D\u00f3riga\" \/>\n\t<meta name=\"twitter:label2\" content=\"Tiempo de lectura\" \/>\n\t<meta name=\"twitter:data2\" content=\"1 minuto\" \/>\n<script type=\"application\/ld+json\" class=\"yoast-schema-graph\">{\"@context\":\"https:\\\/\\\/schema.org\",\"@graph\":[{\"@type\":\"Article\",\"@id\":\"https:\\\/\\\/fuentesfidedignas.com.mx\\\/index.php\\\/2023\\\/11\\\/23\\\/matan-a-dos-agentes-de-la-fiscalia-de-oaxaca-en-emboscada\\\/#article\",\"isPartOf\":{\"@id\":\"https:\\\/\\\/fuentesfidedignas.com.mx\\\/index.php\\\/2023\\\/11\\\/23\\\/matan-a-dos-agentes-de-la-fiscalia-de-oaxaca-en-emboscada\\\/\"},\"author\":{\"name\":\"L\u00f3pez D\u00f3riga\",\"@id\":\"https:\\\/\\\/fuentesfidedignas.com.mx\\\/#\\\/schema\\\/person\\\/67d852f0557c8509146a4b9ddebd543a\"},\"headline\":\"Matan a dos agentes de la Fiscal\u00eda de Oaxaca en emboscada\",\"datePublished\":\"2023-11-23T16:30:29+00:00\",\"dateModified\":\"2023-11-23T16:30:31+00:00\",\"mainEntityOfPage\":{\"@id\":\"https:\\\/\\\/fuentesfidedignas.com.mx\\\/index.php\\\/2023\\\/11\\\/23\\\/matan-a-dos-agentes-de-la-fiscalia-de-oaxaca-en-emboscada\\\/\"},\"wordCount\":293,\"commentCount\":0,\"publisher\":{\"@id\":\"https:\\\/\\\/fuentesfidedignas.com.mx\\\/#organization\"},\"image\":{\"@id\":\"https:\\\/\\\/fuentesfidedignas.com.mx\\\/index.php\\\/2023\\\/11\\\/23\\\/matan-a-dos-agentes-de-la-fiscalia-de-oaxaca-en-emboscada\\\/#primaryimage\"},\"thumbnailUrl\":\"https:\\\/\\\/fuentesfidedignas.com.mx\\\/wp-content\\\/uploads\\\/2023\\\/11\\\/camioneta-de-la-fiscalia-de-oaxaca-atacada-a-disparos.jpg\",\"articleSection\":[\"NOTICIAS NACIONALES\"],\"inLanguage\":\"es\",\"potentialAction\":[{\"@type\":\"CommentAction\",\"name\":\"Comment\",\"target\":[\"https:\\\/\\\/fuentesfidedignas.com.mx\\\/index.php\\\/2023\\\/11\\\/23\\\/matan-a-dos-agentes-de-la-fiscalia-de-oaxaca-en-emboscada\\\/#respond\"]}]},{\"@type\":\"WebPage\",\"@id\":\"https:\\\/\\\/fuentesfidedignas.com.mx\\\/index.php\\\/2023\\\/11\\\/23\\\/matan-a-dos-agentes-de-la-fiscalia-de-oaxaca-en-emboscada\\\/\",\"url\":\"https:\\\/\\\/fuentesfidedignas.com.mx\\\/index.php\\\/2023\\\/11\\\/23\\\/matan-a-dos-agentes-de-la-fiscalia-de-oaxaca-en-emboscada\\\/\",\"name\":\"Matan a dos agentes de la Fiscal\u00eda de Oaxaca en emboscada - Fuentes Fidedignas\",\"isPartOf\":{\"@id\":\"https:\\\/\\\/fuentesfidedignas.com.mx\\\/#website\"},\"primaryImageOfPage\":{\"@id\":\"https:\\\/\\\/fuentesfidedignas.com.mx\\\/index.php\\\/2023\\\/11\\\/23\\\/matan-a-dos-agentes-de-la-fiscalia-de-oaxaca-en-emboscada\\\/#primaryimage\"},\"image\":{\"@id\":\"https:\\\/\\\/fuentesfidedignas.com.mx\\\/index.php\\\/2023\\\/11\\\/23\\\/matan-a-dos-agentes-de-la-fiscalia-de-oaxaca-en-emboscada\\\/#primaryimage\"},\"thumbnailUrl\":\"https:\\\/\\\/fuentesfidedignas.com.mx\\\/wp-content\\\/uploads\\\/2023\\\/11\\\/camioneta-de-la-fiscalia-de-oaxaca-atacada-a-disparos.jpg\",\"datePublished\":\"2023-11-23T16:30:29+00:00\",\"dateModified\":\"2023-11-23T16:30:31+00:00\",\"breadcrumb\":{\"@id\":\"https:\\\/\\\/fuentesfidedignas.com.mx\\\/index.php\\\/2023\\\/11\\\/23\\\/matan-a-dos-agentes-de-la-fiscalia-de-oaxaca-en-emboscada\\\/#breadcrumb\"},\"inLanguage\":\"es\",\"potentialAction\":[{\"@type\":\"ReadAction\",\"target\":[\"https:\\\/\\\/fuentesfidedignas.com.mx\\\/index.php\\\/2023\\\/11\\\/23\\\/matan-a-dos-agentes-de-la-fiscalia-de-oaxaca-en-emboscada\\\/\"]}]},{\"@type\":\"ImageObject\",\"inLanguage\":\"es\",\"@id\":\"https:\\\/\\\/fuentesfidedignas.com.mx\\\/index.php\\\/2023\\\/11\\\/23\\\/matan-a-dos-agentes-de-la-fiscalia-de-oaxaca-en-emboscada\\\/#primaryimage\",\"url\":\"https:\\\/\\\/fuentesfidedignas.com.mx\\\/wp-content\\\/uploads\\\/2023\\\/11\\\/camioneta-de-la-fiscalia-de-oaxaca-atacada-a-disparos.jpg\",\"contentUrl\":\"https:\\\/\\\/fuentesfidedignas.com.mx\\\/wp-content\\\/uploads\\\/2023\\\/11\\\/camioneta-de-la-fiscalia-de-oaxaca-atacada-a-disparos.jpg\",\"width\":980,\"height\":550},{\"@type\":\"BreadcrumbList\",\"@id\":\"https:\\\/\\\/fuentesfidedignas.com.mx\\\/index.php\\\/2023\\\/11\\\/23\\\/matan-a-dos-agentes-de-la-fiscalia-de-oaxaca-en-emboscada\\\/#breadcrumb\",\"itemListElement\":[{\"@type\":\"ListItem\",\"position\":1,\"name\":\"Inicio\",\"item\":\"https:\\\/\\\/fuentesfidedignas.com.mx\\\/\"},{\"@type\":\"ListItem\",\"position\":2,\"name\":\"Matan a dos agentes de la Fiscal\u00eda de Oaxaca en emboscada\"}]},{\"@type\":\"WebSite\",\"@id\":\"https:\\\/\\\/fuentesfidedignas.com.mx\\\/#website\",\"url\":\"https:\\\/\\\/fuentesfidedignas.com.mx\\\/\",\"name\":\"Fuentes Fidedignas\",\"description\":\"Otro sitio realizado con WordPress\",\"publisher\":{\"@id\":\"https:\\\/\\\/fuentesfidedignas.com.mx\\\/#organization\"},\"potentialAction\":[{\"@type\":\"SearchAction\",\"target\":{\"@type\":\"EntryPoint\",\"urlTemplate\":\"https:\\\/\\\/fuentesfidedignas.com.mx\\\/?s={search_term_string}\"},\"query-input\":{\"@type\":\"PropertyValueSpecification\",\"valueRequired\":true,\"valueName\":\"search_term_string\"}}],\"inLanguage\":\"es\"},{\"@type\":\"Organization\",\"@id\":\"https:\\\/\\\/fuentesfidedignas.com.mx\\\/#organization\",\"name\":\"Fuentes Fidedignas\",\"url\":\"https:\\\/\\\/fuentesfidedignas.com.mx\\\/\",\"logo\":{\"@type\":\"ImageObject\",\"inLanguage\":\"es\",\"@id\":\"https:\\\/\\\/fuentesfidedignas.com.mx\\\/#\\\/schema\\\/logo\\\/image\\\/\",\"url\":\"https:\\\/\\\/fuentesfidedignas.com.mx\\\/wp-content\\\/uploads\\\/2021\\\/04\\\/logo-retina.png\",\"contentUrl\":\"https:\\\/\\\/fuentesfidedignas.com.mx\\\/wp-content\\\/uploads\\\/2021\\\/04\\\/logo-retina.png\",\"width\":280,\"height\":51,\"caption\":\"Fuentes Fidedignas\"},\"image\":{\"@id\":\"https:\\\/\\\/fuentesfidedignas.com.mx\\\/#\\\/schema\\\/logo\\\/image\\\/\"},\"sameAs\":[\"https:\\\/\\\/www.facebook.com\\\/Fuentes-Fidedignas-368234489921644\",\"https:\\\/\\\/x.com\\\/fidedignas\"]},{\"@type\":\"Person\",\"@id\":\"https:\\\/\\\/fuentesfidedignas.com.mx\\\/#\\\/schema\\\/person\\\/67d852f0557c8509146a4b9ddebd543a\",\"name\":\"L\u00f3pez D\u00f3riga\",\"image\":{\"@type\":\"ImageObject\",\"inLanguage\":\"es\",\"@id\":\"https:\\\/\\\/secure.gravatar.com\\\/avatar\\\/e525b06574ca18b33cded59dfe5778d6c823b9513154eff47da551b0551bdd1e?s=96&d=mm&r=g\",\"url\":\"https:\\\/\\\/secure.gravatar.com\\\/avatar\\\/e525b06574ca18b33cded59dfe5778d6c823b9513154eff47da551b0551bdd1e?s=96&d=mm&r=g\",\"contentUrl\":\"https:\\\/\\\/secure.gravatar.com\\\/avatar\\\/e525b06574ca18b33cded59dfe5778d6c823b9513154eff47da551b0551bdd1e?s=96&d=mm&r=g\",\"caption\":\"L\u00f3pez D\u00f3riga\"},\"url\":\"https:\\\/\\\/fuentesfidedignas.com.mx\\\/index.php\\\/author\\\/doriga\\\/\"}]}<\/script>\n<!-- \/ Yoast SEO plugin. -->","yoast_head_json":{"title":"Matan a dos agentes de la Fiscal\u00eda de Oaxaca en emboscada - Fuentes Fidedignas","robots":{"index":"index","follow":"follow","max-snippet":"max-snippet:-1","max-image-preview":"max-image-preview:large","max-video-preview":"max-video-preview:-1"},"canonical":"https:\/\/fuentesfidedignas.com.mx\/index.php\/2023\/11\/23\/matan-a-dos-agentes-de-la-fiscalia-de-oaxaca-en-emboscada\/","og_locale":"es_MX","og_type":"article","og_title":"Matan a dos agentes de la Fiscal\u00eda de Oaxaca en emboscada - Fuentes Fidedignas","og_description":"Una emboscada en San Miguel El Grande dej\u00f3 como saldo dos agentes de la Fiscal\u00eda de Oaxaca y tres civiles muertos Oaxaca. Autoridades de&nbsp;Oaxaca&nbsp;sufrieron una&nbsp;emboscada&nbsp;que dej\u00f3&nbsp;cinco personas muertas, entre ellas dos polic\u00edas y tres civiles. Los hechos ocurrieron la tarde del 22 de noviembre cuando elementos de la Agencia Estatal de Investigaciones realizaban una diligencia [&hellip;]","og_url":"https:\/\/fuentesfidedignas.com.mx\/index.php\/2023\/11\/23\/matan-a-dos-agentes-de-la-fiscalia-de-oaxaca-en-emboscada\/","og_site_name":"Fuentes Fidedignas","article_publisher":"https:\/\/www.facebook.com\/Fuentes-Fidedignas-368234489921644","article_published_time":"2023-11-23T16:30:29+00:00","article_modified_time":"2023-11-23T16:30:31+00:00","og_image":[{"width":980,"height":550,"url":"https:\/\/fuentesfidedignas.com.mx\/wp-content\/uploads\/2023\/11\/camioneta-de-la-fiscalia-de-oaxaca-atacada-a-disparos.jpg","type":"image\/jpeg"}],"author":"L\u00f3pez D\u00f3riga","twitter_card":"summary_large_image","twitter_creator":"@fidedignas","twitter_site":"@fidedignas","twitter_misc":{"Escrito por":"L\u00f3pez D\u00f3riga","Tiempo de lectura":"1 minuto"},"schema":{"@context":"https:\/\/schema.org","@graph":[{"@type":"Article","@id":"https:\/\/fuentesfidedignas.com.mx\/index.php\/2023\/11\/23\/matan-a-dos-agentes-de-la-fiscalia-de-oaxaca-en-emboscada\/#article","isPartOf":{"@id":"https:\/\/fuentesfidedignas.com.mx\/index.php\/2023\/11\/23\/matan-a-dos-agentes-de-la-fiscalia-de-oaxaca-en-emboscada\/"},"author":{"name":"L\u00f3pez D\u00f3riga","@id":"https:\/\/fuentesfidedignas.com.mx\/#\/schema\/person\/67d852f0557c8509146a4b9ddebd543a"},"headline":"Matan a dos agentes de la Fiscal\u00eda de Oaxaca en emboscada","datePublished":"2023-11-23T16:30:29+00:00","dateModified":"2023-11-23T16:30:31+00:00","mainEntityOfPage":{"@id":"https:\/\/fuentesfidedignas.com.mx\/index.php\/2023\/11\/23\/matan-a-dos-agentes-de-la-fiscalia-de-oaxaca-en-emboscada\/"},"wordCount":293,"commentCount":0,"publisher":{"@id":"https:\/\/fuentesfidedignas.com.mx\/#organization"},"image":{"@id":"https:\/\/fuentesfidedignas.com.mx\/index.php\/2023\/11\/23\/matan-a-dos-agentes-de-la-fiscalia-de-oaxaca-en-emboscada\/#primaryimage"},"thumbnailUrl":"https:\/\/fuentesfidedignas.com.mx\/wp-content\/uploads\/2023\/11\/camioneta-de-la-fiscalia-de-oaxaca-atacada-a-disparos.jpg","articleSection":["NOTICIAS NACIONALES"],"inLanguage":"es","potentialAction":[{"@type":"CommentAction","name":"Comment","target":["https:\/\/fuentesfidedignas.com.mx\/index.php\/2023\/11\/23\/matan-a-dos-agentes-de-la-fiscalia-de-oaxaca-en-emboscada\/#respond"]}]},{"@type":"WebPage","@id":"https:\/\/fuentesfidedignas.com.mx\/index.php\/2023\/11\/23\/matan-a-dos-agentes-de-la-fiscalia-de-oaxaca-en-emboscada\/","url":"https:\/\/fuentesfidedignas.com.mx\/index.php\/2023\/11\/23\/matan-a-dos-agentes-de-la-fiscalia-de-oaxaca-en-emboscada\/","name":"Matan a dos agentes de la Fiscal\u00eda de Oaxaca en emboscada - Fuentes Fidedignas","isPartOf":{"@id":"https:\/\/fuentesfidedignas.com.mx\/#website"},"primaryImageOfPage":{"@id":"https:\/\/fuentesfidedignas.com.mx\/index.php\/2023\/11\/23\/matan-a-dos-agentes-de-la-fiscalia-de-oaxaca-en-emboscada\/#primaryimage"},"image":{"@id":"https:\/\/fuentesfidedignas.com.mx\/index.php\/2023\/11\/23\/matan-a-dos-agentes-de-la-fiscalia-de-oaxaca-en-emboscada\/#primaryimage"},"thumbnailUrl":"https:\/\/fuentesfidedignas.com.mx\/wp-content\/uploads\/2023\/11\/camioneta-de-la-fiscalia-de-oaxaca-atacada-a-disparos.jpg","datePublished":"2023-11-23T16:30:29+00:00","dateModified":"2023-11-23T16:30:31+00:00","breadcrumb":{"@id":"https:\/\/fuentesfidedignas.com.mx\/index.php\/2023\/11\/23\/matan-a-dos-agentes-de-la-fiscalia-de-oaxaca-en-emboscada\/#breadcrumb"},"inLanguage":"es","potentialAction":[{"@type":"ReadAction","target":["https:\/\/fuentesfidedignas.com.mx\/index.php\/2023\/11\/23\/matan-a-dos-agentes-de-la-fiscalia-de-oaxaca-en-emboscada\/"]}]},{"@type":"ImageObject","inLanguage":"es","@id":"https:\/\/fuentesfidedignas.com.mx\/index.php\/2023\/11\/23\/matan-a-dos-agentes-de-la-fiscalia-de-oaxaca-en-emboscada\/#primaryimage","url":"https:\/\/fuentesfidedignas.com.mx\/wp-content\/uploads\/2023\/11\/camioneta-de-la-fiscalia-de-oaxaca-atacada-a-disparos.jpg","contentUrl":"https:\/\/fuentesfidedignas.com.mx\/wp-content\/uploads\/2023\/11\/camioneta-de-la-fiscalia-de-oaxaca-atacada-a-disparos.jpg","width":980,"height":550},{"@type":"BreadcrumbList","@id":"https:\/\/fuentesfidedignas.com.mx\/index.php\/2023\/11\/23\/matan-a-dos-agentes-de-la-fiscalia-de-oaxaca-en-emboscada\/#breadcrumb","itemListElement":[{"@type":"ListItem","position":1,"name":"Inicio","item":"https:\/\/fuentesfidedignas.com.mx\/"},{"@type":"ListItem","position":2,"name":"Matan a dos agentes de la Fiscal\u00eda de Oaxaca en emboscada"}]},{"@type":"WebSite","@id":"https:\/\/fuentesfidedignas.com.mx\/#website","url":"https:\/\/fuentesfidedignas.com.mx\/","name":"Fuentes Fidedignas","description":"Otro sitio realizado con WordPress","publisher":{"@id":"https:\/\/fuentesfidedignas.com.mx\/#organization"},"potentialAction":[{"@type":"SearchAction","target":{"@type":"EntryPoint","urlTemplate":"https:\/\/fuentesfidedignas.com.mx\/?s={search_term_string}"},"query-input":{"@type":"PropertyValueSpecification","valueRequired":true,"valueName":"search_term_string"}}],"inLanguage":"es"},{"@type":"Organization","@id":"https:\/\/fuentesfidedignas.com.mx\/#organization","name":"Fuentes Fidedignas","url":"https:\/\/fuentesfidedignas.com.mx\/","logo":{"@type":"ImageObject","inLanguage":"es","@id":"https:\/\/fuentesfidedignas.com.mx\/#\/schema\/logo\/image\/","url":"https:\/\/fuentesfidedignas.com.mx\/wp-content\/uploads\/2021\/04\/logo-retina.png","contentUrl":"https:\/\/fuentesfidedignas.com.mx\/wp-content\/uploads\/2021\/04\/logo-retina.png","width":280,"height":51,"caption":"Fuentes Fidedignas"},"image":{"@id":"https:\/\/fuentesfidedignas.com.mx\/#\/schema\/logo\/image\/"},"sameAs":["https:\/\/www.facebook.com\/Fuentes-Fidedignas-368234489921644","https:\/\/x.com\/fidedignas"]},{"@type":"Person","@id":"https:\/\/fuentesfidedignas.com.mx\/#\/schema\/person\/67d852f0557c8509146a4b9ddebd543a","name":"L\u00f3pez D\u00f3riga","image":{"@type":"ImageObject","inLanguage":"es","@id":"https:\/\/secure.gravatar.com\/avatar\/e525b06574ca18b33cded59dfe5778d6c823b9513154eff47da551b0551bdd1e?s=96&d=mm&r=g","url":"https:\/\/secure.gravatar.com\/avatar\/e525b06574ca18b33cded59dfe5778d6c823b9513154eff47da551b0551bdd1e?s=96&d=mm&r=g","contentUrl":"https:\/\/secure.gravatar.com\/avatar\/e525b06574ca18b33cded59dfe5778d6c823b9513154eff47da551b0551bdd1e?s=96&d=mm&r=g","caption":"L\u00f3pez D\u00f3riga"},"url":"https:\/\/fuentesfidedignas.com.mx\/index.php\/author\/doriga\/"}]}},"_links":{"self":[{"href":"https:\/\/fuentesfidedignas.com.mx\/index.php\/wp-json\/wp\/v2\/posts\/66599","targetHints":{"allow":["GET"]}}],"collection":[{"href":"https:\/\/fuentesfidedignas.com.mx\/index.php\/wp-json\/wp\/v2\/posts"}],"about":[{"href":"https:\/\/fuentesfidedignas.com.mx\/index.php\/wp-json\/wp\/v2\/types\/post"}],"author":[{"embeddable":true,"href":"https:\/\/fuentesfidedignas.com.mx\/index.php\/wp-json\/wp\/v2\/users\/47"}],"replies":[{"embeddable":true,"href":"https:\/\/fuentesfidedignas.com.mx\/index.php\/wp-json\/wp\/v2\/comments?post=66599"}],"version-history":[{"count":1,"href":"https:\/\/fuentesfidedignas.com.mx\/index.php\/wp-json\/wp\/v2\/posts\/66599\/revisions"}],"predecessor-version":[{"id":66601,"href":"https:\/\/fuentesfidedignas.com.mx\/index.php\/wp-json\/wp\/v2\/posts\/66599\/revisions\/66601"}],"wp:featuredmedia":[{"embeddable":true,"href":"https:\/\/fuentesfidedignas.com.mx\/index.php\/wp-json\/wp\/v2\/media\/66600"}],"wp:attachment":[{"href":"https:\/\/fuentesfidedignas.com.mx\/index.php\/wp-json\/wp\/v2\/media?parent=66599"}],"wp:term":[{"taxonomy":"category","embeddable":true,"href":"https:\/\/fuentesfidedignas.com.mx\/index.php\/wp-json\/wp\/v2\/categories?post=66599"},{"taxonomy":"post_tag","embeddable":true,"href":"https:\/\/fuentesfidedignas.com.mx\/index.php\/wp-json\/wp\/v2\/tags?post=66599"}],"curies":[{"name":"wp","href":"https:\/\/api.w.org\/{rel}","templated":true}]}}