{"id":66566,"date":"2023-11-22T19:20:10","date_gmt":"2023-11-23T02:20:10","guid":{"rendered":"https:\/\/fuentesfidedignas.com.mx\/?p=66566"},"modified":"2023-11-22T20:34:12","modified_gmt":"2023-11-23T03:34:12","slug":"el-nini-llego-a-cdmx-asi-trasladaron-en-fuerte-operativo-al-colaborador-de-los-chapitos","status":"publish","type":"post","link":"https:\/\/fuentesfidedignas.com.mx\/index.php\/2023\/11\/22\/el-nini-llego-a-cdmx-asi-trasladaron-en-fuerte-operativo-al-colaborador-de-los-chapitos\/","title":{"rendered":"El Nini lleg\u00f3 a CDMX: as\u00ed trasladaron en fuerte operativo al colaborador de Los Chapitos"},"content":{"rendered":"\n<p><strong><em>N\u00e9stor Isidro P\u00e9rez Salas fue capturado tras un operativo de fuerzas federales en la ciudad de Culiac\u00e1n, Sinaloa<\/em><\/strong><\/p>\n\n\n\n<p>Ciudad de M\u00e9xico.- N\u00e9stor Isidro P\u00e9rez Salas, alias El Nini, jefe de seguridad de Los Chapitos, lleg\u00f3 la noche de este 22 de noviembre a la Ciudad de M\u00e9xico bajo un fuerte dispositivo de seguridad por parte de las fuerzas militares.<br><br>El Nini fue capturado por grupo especial del Ej\u00e9rcito mexicano en un domicilio de la ciudad de Culiac\u00e1n la tarde de este mi\u00e9rcoles, mismo que lo trasladaron de manera inmediata a las instalaciones de la Fiscal\u00eda Especializada en Materia de Delincuencia Organizada (FEMDO), de la Fiscal\u00eda General de la Rep\u00fablica (FGR), ubicadas en la capital del pa\u00eds.<\/p>\n\n\n\n<p>En la FEMDO se despleg\u00f3 un fuerte operativo por parte de elementos de la Guardia Nacional para resguardar las instalaciones y evitar posibles incidentes.<\/p>\n\n\n\n<p>ForoTV dio a conocer los primeros videos de este narcotraficante siendo escoltado por cuatro militares para ser ingresado a las instalaciones de la Fiscal\u00eda Especializada luego de descender del helic\u00f3ptero de la Fuerza A\u00e9rea Mexicana.<\/p>\n\n\n\n<p>El Nini ser\u00e1 sometido a varios ex\u00e1menes m\u00e9dicos para revisar las condiciones de salud en las que lleg\u00f3 a la capital del pa\u00eds procedente de Sinaloa.<\/p>\n\n\n\n<iframe loading=\"lazy\" src=\"\/\/content.jwplatform.com\/players\/PXKvkV8d-NfQOLqBV.html\" width=\"640\" height=\"360\" frameborder=\"0\" scrolling=\"auto\"><\/iframe>\n\n\n\n<p>En tanto, el periodista Jorge Fern\u00e1ndez Men\u00e9ndez comparti\u00f3 dos fotograf\u00edas de El Nini en el momento que baja de la aeronave de la Fuerza A\u00e9rea Mexicana. En las im\u00e1genes se observa a N\u00e9stor Isidro P\u00e9rez Salas, que viste con una playera de la marca Dolce &amp; Gabbana, pantal\u00f3n y tenis de color negro, un poco desconcertado y esposado.<\/p>\n\n\n\n<p>De acuerdo con el Registro Nacional de Detenciones de la Secretar\u00eda de Seguridad y Protecci\u00f3n Ciudadana, El Nini tiene 30 a\u00f1os y fue detenido en un domicilio ubicado en la calle Villa Choix, en la colonia Colinas de la Ribera, al norte de la ciudad.<\/p>\n\n\n\n<p>La Agencia para el Control de Drogas (DEA, por sus siglas en ingl\u00e9s) de los Estados Unidos, ofrec\u00eda tres millones de d\u00f3lares por informaci\u00f3n que diera con la captura de esta persona prioritaria de los gobiernos de M\u00e9xico y EEUU.<\/p>\n\n\n\n<iframe loading=\"lazy\" src=\"\/\/content.jwplatform.com\/players\/CegBeXDm-NfQOLqBV.html\" width=\"640\" height=\"360\" frameborder=\"0\" scrolling=\"auto\"><\/iframe>\n\n\n\n<p>Las autoridades norteamericanas refieren que El Nini trabaja directamente con \u00d3scar No\u00e9 Medina Gonz\u00e1lez, alias El Panu, principal adjunto de Iv\u00e1n Archivaldo Guzm\u00e1n Salazar.<\/p>\n\n\n\n<p>El Panu, quien tambi\u00e9n fue capturado junto con Ovidio Guzm\u00e1n, alias El Rat\u00f3n, por fuerzas federales en octubre del 2019, tiene la responsabilidad del aparato de seguridad de Los Chapitos y del C\u00e1rtel del Pac\u00edfico en Sinaloa.<\/p>\n\n\n\n<p>El Nini tambi\u00e9n es identificado por comandar al brazo armado de Los Chapitos que es conocido como \u201cNinis\u201d, considerado como un grupo de seguridad particularmente violento.<\/p>\n\n\n\n<p>N\u00e9stor Isidro P\u00e9rez Salas tiene cargos en las Cortes Federales del Distrito de Culumbia y en el Distrito Sur de Nueva York por participar en una empresa criminal continua; tr\u00e1fico de coca\u00edna y metanfetamina; posesi\u00f3n de ametralladoras; conspiraci\u00f3n para la importaci\u00f3n de fentanilo, conspiraci\u00f3n para el tr\u00e1fico de fentanilo; conspiraci\u00f3n para el lavado de dinero y otros cargos.<\/p>\n\n\n\n<p><\/p>\n","protected":false},"excerpt":{"rendered":"<p>N\u00e9stor Isidro P\u00e9rez Salas fue capturado tras un operativo de fuerzas federales en la ciudad de Culiac\u00e1n, Sinaloa Ciudad de M\u00e9xico.- N\u00e9stor Isidro P\u00e9rez Salas, alias El Nini, jefe de seguridad de Los Chapitos, lleg\u00f3 la noche de este 22 de noviembre a la Ciudad de M\u00e9xico bajo un fuerte dispositivo de seguridad por parte [&hellip;]<\/p>\n","protected":false},"author":41,"featured_media":66570,"comment_status":"open","ping_status":"open","sticky":false,"template":"","format":"standard","meta":{"tdm_status":"","tdm_grid_status":"","footnotes":""},"categories":[37],"tags":[],"class_list":{"0":"post-66566","1":"post","2":"type-post","3":"status-publish","4":"format-standard","5":"has-post-thumbnail","7":"category-nota-principal"},"yoast_head":"<!-- This site is optimized with the Yoast SEO plugin v27.4 - https:\/\/yoast.com\/product\/yoast-seo-wordpress\/ -->\n<title>El Nini lleg\u00f3 a CDMX: as\u00ed trasladaron en fuerte operativo al colaborador de Los Chapitos - Fuentes Fidedignas<\/title>\n<meta name=\"robots\" content=\"index, follow, max-snippet:-1, max-image-preview:large, max-video-preview:-1\" \/>\n<link rel=\"canonical\" href=\"https:\/\/fuentesfidedignas.com.mx\/index.php\/2023\/11\/22\/el-nini-llego-a-cdmx-asi-trasladaron-en-fuerte-operativo-al-colaborador-de-los-chapitos\/\" \/>\n<meta property=\"og:locale\" content=\"es_MX\" \/>\n<meta property=\"og:type\" content=\"article\" \/>\n<meta property=\"og:title\" content=\"El Nini lleg\u00f3 a CDMX: as\u00ed trasladaron en fuerte operativo al colaborador de Los Chapitos - Fuentes Fidedignas\" \/>\n<meta property=\"og:description\" content=\"N\u00e9stor Isidro P\u00e9rez Salas fue capturado tras un operativo de fuerzas federales en la ciudad de Culiac\u00e1n, Sinaloa Ciudad de M\u00e9xico.- N\u00e9stor Isidro P\u00e9rez Salas, alias El Nini, jefe de seguridad de Los Chapitos, lleg\u00f3 la noche de este 22 de noviembre a la Ciudad de M\u00e9xico bajo un fuerte dispositivo de seguridad por parte [&hellip;]\" \/>\n<meta property=\"og:url\" content=\"https:\/\/fuentesfidedignas.com.mx\/index.php\/2023\/11\/22\/el-nini-llego-a-cdmx-asi-trasladaron-en-fuerte-operativo-al-colaborador-de-los-chapitos\/\" \/>\n<meta property=\"og:site_name\" content=\"Fuentes Fidedignas\" \/>\n<meta property=\"article:publisher\" content=\"https:\/\/www.facebook.com\/Fuentes-Fidedignas-368234489921644\" \/>\n<meta property=\"article:published_time\" content=\"2023-11-23T02:20:10+00:00\" \/>\n<meta property=\"article:modified_time\" content=\"2023-11-23T03:34:12+00:00\" \/>\n<meta property=\"og:image\" content=\"https:\/\/fuentesfidedignas.com.mx\/wp-content\/uploads\/2023\/11\/EL_NINI_1.jpg\" \/>\n\t<meta property=\"og:image:width\" content=\"1048\" \/>\n\t<meta property=\"og:image:height\" content=\"592\" \/>\n\t<meta property=\"og:image:type\" content=\"image\/jpeg\" \/>\n<meta name=\"author\" content=\"Infobae\" \/>\n<meta name=\"twitter:card\" content=\"summary_large_image\" \/>\n<meta name=\"twitter:creator\" content=\"@fidedignas\" \/>\n<meta name=\"twitter:site\" content=\"@fidedignas\" \/>\n<meta name=\"twitter:label1\" content=\"Escrito por\" \/>\n\t<meta name=\"twitter:data1\" content=\"Infobae\" \/>\n\t<meta name=\"twitter:label2\" content=\"Tiempo de lectura\" \/>\n\t<meta name=\"twitter:data2\" content=\"3 minutos\" \/>\n<script type=\"application\/ld+json\" class=\"yoast-schema-graph\">{\"@context\":\"https:\\\/\\\/schema.org\",\"@graph\":[{\"@type\":\"Article\",\"@id\":\"https:\\\/\\\/fuentesfidedignas.com.mx\\\/index.php\\\/2023\\\/11\\\/22\\\/el-nini-llego-a-cdmx-asi-trasladaron-en-fuerte-operativo-al-colaborador-de-los-chapitos\\\/#article\",\"isPartOf\":{\"@id\":\"https:\\\/\\\/fuentesfidedignas.com.mx\\\/index.php\\\/2023\\\/11\\\/22\\\/el-nini-llego-a-cdmx-asi-trasladaron-en-fuerte-operativo-al-colaborador-de-los-chapitos\\\/\"},\"author\":{\"name\":\"Infobae\",\"@id\":\"https:\\\/\\\/fuentesfidedignas.com.mx\\\/#\\\/schema\\\/person\\\/8575896a7c1067d352f6c1cd6582c389\"},\"headline\":\"El Nini lleg\u00f3 a CDMX: as\u00ed trasladaron en fuerte operativo al colaborador de Los Chapitos\",\"datePublished\":\"2023-11-23T02:20:10+00:00\",\"dateModified\":\"2023-11-23T03:34:12+00:00\",\"mainEntityOfPage\":{\"@id\":\"https:\\\/\\\/fuentesfidedignas.com.mx\\\/index.php\\\/2023\\\/11\\\/22\\\/el-nini-llego-a-cdmx-asi-trasladaron-en-fuerte-operativo-al-colaborador-de-los-chapitos\\\/\"},\"wordCount\":557,\"commentCount\":0,\"publisher\":{\"@id\":\"https:\\\/\\\/fuentesfidedignas.com.mx\\\/#organization\"},\"image\":{\"@id\":\"https:\\\/\\\/fuentesfidedignas.com.mx\\\/index.php\\\/2023\\\/11\\\/22\\\/el-nini-llego-a-cdmx-asi-trasladaron-en-fuerte-operativo-al-colaborador-de-los-chapitos\\\/#primaryimage\"},\"thumbnailUrl\":\"https:\\\/\\\/fuentesfidedignas.com.mx\\\/wp-content\\\/uploads\\\/2023\\\/11\\\/EL_NINI_1.jpg\",\"articleSection\":[\"NOTA PRINCIPAL\"],\"inLanguage\":\"es\",\"potentialAction\":[{\"@type\":\"CommentAction\",\"name\":\"Comment\",\"target\":[\"https:\\\/\\\/fuentesfidedignas.com.mx\\\/index.php\\\/2023\\\/11\\\/22\\\/el-nini-llego-a-cdmx-asi-trasladaron-en-fuerte-operativo-al-colaborador-de-los-chapitos\\\/#respond\"]}]},{\"@type\":\"WebPage\",\"@id\":\"https:\\\/\\\/fuentesfidedignas.com.mx\\\/index.php\\\/2023\\\/11\\\/22\\\/el-nini-llego-a-cdmx-asi-trasladaron-en-fuerte-operativo-al-colaborador-de-los-chapitos\\\/\",\"url\":\"https:\\\/\\\/fuentesfidedignas.com.mx\\\/index.php\\\/2023\\\/11\\\/22\\\/el-nini-llego-a-cdmx-asi-trasladaron-en-fuerte-operativo-al-colaborador-de-los-chapitos\\\/\",\"name\":\"El Nini lleg\u00f3 a CDMX: as\u00ed trasladaron en fuerte operativo al colaborador de Los Chapitos - Fuentes Fidedignas\",\"isPartOf\":{\"@id\":\"https:\\\/\\\/fuentesfidedignas.com.mx\\\/#website\"},\"primaryImageOfPage\":{\"@id\":\"https:\\\/\\\/fuentesfidedignas.com.mx\\\/index.php\\\/2023\\\/11\\\/22\\\/el-nini-llego-a-cdmx-asi-trasladaron-en-fuerte-operativo-al-colaborador-de-los-chapitos\\\/#primaryimage\"},\"image\":{\"@id\":\"https:\\\/\\\/fuentesfidedignas.com.mx\\\/index.php\\\/2023\\\/11\\\/22\\\/el-nini-llego-a-cdmx-asi-trasladaron-en-fuerte-operativo-al-colaborador-de-los-chapitos\\\/#primaryimage\"},\"thumbnailUrl\":\"https:\\\/\\\/fuentesfidedignas.com.mx\\\/wp-content\\\/uploads\\\/2023\\\/11\\\/EL_NINI_1.jpg\",\"datePublished\":\"2023-11-23T02:20:10+00:00\",\"dateModified\":\"2023-11-23T03:34:12+00:00\",\"breadcrumb\":{\"@id\":\"https:\\\/\\\/fuentesfidedignas.com.mx\\\/index.php\\\/2023\\\/11\\\/22\\\/el-nini-llego-a-cdmx-asi-trasladaron-en-fuerte-operativo-al-colaborador-de-los-chapitos\\\/#breadcrumb\"},\"inLanguage\":\"es\",\"potentialAction\":[{\"@type\":\"ReadAction\",\"target\":[\"https:\\\/\\\/fuentesfidedignas.com.mx\\\/index.php\\\/2023\\\/11\\\/22\\\/el-nini-llego-a-cdmx-asi-trasladaron-en-fuerte-operativo-al-colaborador-de-los-chapitos\\\/\"]}]},{\"@type\":\"ImageObject\",\"inLanguage\":\"es\",\"@id\":\"https:\\\/\\\/fuentesfidedignas.com.mx\\\/index.php\\\/2023\\\/11\\\/22\\\/el-nini-llego-a-cdmx-asi-trasladaron-en-fuerte-operativo-al-colaborador-de-los-chapitos\\\/#primaryimage\",\"url\":\"https:\\\/\\\/fuentesfidedignas.com.mx\\\/wp-content\\\/uploads\\\/2023\\\/11\\\/EL_NINI_1.jpg\",\"contentUrl\":\"https:\\\/\\\/fuentesfidedignas.com.mx\\\/wp-content\\\/uploads\\\/2023\\\/11\\\/EL_NINI_1.jpg\",\"width\":1048,\"height\":592},{\"@type\":\"BreadcrumbList\",\"@id\":\"https:\\\/\\\/fuentesfidedignas.com.mx\\\/index.php\\\/2023\\\/11\\\/22\\\/el-nini-llego-a-cdmx-asi-trasladaron-en-fuerte-operativo-al-colaborador-de-los-chapitos\\\/#breadcrumb\",\"itemListElement\":[{\"@type\":\"ListItem\",\"position\":1,\"name\":\"Inicio\",\"item\":\"https:\\\/\\\/fuentesfidedignas.com.mx\\\/\"},{\"@type\":\"ListItem\",\"position\":2,\"name\":\"El Nini lleg\u00f3 a CDMX: as\u00ed trasladaron en fuerte operativo al colaborador de Los Chapitos\"}]},{\"@type\":\"WebSite\",\"@id\":\"https:\\\/\\\/fuentesfidedignas.com.mx\\\/#website\",\"url\":\"https:\\\/\\\/fuentesfidedignas.com.mx\\\/\",\"name\":\"Fuentes Fidedignas\",\"description\":\"Otro sitio realizado con WordPress\",\"publisher\":{\"@id\":\"https:\\\/\\\/fuentesfidedignas.com.mx\\\/#organization\"},\"potentialAction\":[{\"@type\":\"SearchAction\",\"target\":{\"@type\":\"EntryPoint\",\"urlTemplate\":\"https:\\\/\\\/fuentesfidedignas.com.mx\\\/?s={search_term_string}\"},\"query-input\":{\"@type\":\"PropertyValueSpecification\",\"valueRequired\":true,\"valueName\":\"search_term_string\"}}],\"inLanguage\":\"es\"},{\"@type\":\"Organization\",\"@id\":\"https:\\\/\\\/fuentesfidedignas.com.mx\\\/#organization\",\"name\":\"Fuentes Fidedignas\",\"url\":\"https:\\\/\\\/fuentesfidedignas.com.mx\\\/\",\"logo\":{\"@type\":\"ImageObject\",\"inLanguage\":\"es\",\"@id\":\"https:\\\/\\\/fuentesfidedignas.com.mx\\\/#\\\/schema\\\/logo\\\/image\\\/\",\"url\":\"https:\\\/\\\/fuentesfidedignas.com.mx\\\/wp-content\\\/uploads\\\/2021\\\/04\\\/logo-retina.png\",\"contentUrl\":\"https:\\\/\\\/fuentesfidedignas.com.mx\\\/wp-content\\\/uploads\\\/2021\\\/04\\\/logo-retina.png\",\"width\":280,\"height\":51,\"caption\":\"Fuentes Fidedignas\"},\"image\":{\"@id\":\"https:\\\/\\\/fuentesfidedignas.com.mx\\\/#\\\/schema\\\/logo\\\/image\\\/\"},\"sameAs\":[\"https:\\\/\\\/www.facebook.com\\\/Fuentes-Fidedignas-368234489921644\",\"https:\\\/\\\/x.com\\\/fidedignas\"]},{\"@type\":\"Person\",\"@id\":\"https:\\\/\\\/fuentesfidedignas.com.mx\\\/#\\\/schema\\\/person\\\/8575896a7c1067d352f6c1cd6582c389\",\"name\":\"Infobae\",\"image\":{\"@type\":\"ImageObject\",\"inLanguage\":\"es\",\"@id\":\"https:\\\/\\\/secure.gravatar.com\\\/avatar\\\/e4ec95706f8d1670343f6526fdcec45474bab17475a851434a64ca12b5acba1c?s=96&d=mm&r=g\",\"url\":\"https:\\\/\\\/secure.gravatar.com\\\/avatar\\\/e4ec95706f8d1670343f6526fdcec45474bab17475a851434a64ca12b5acba1c?s=96&d=mm&r=g\",\"contentUrl\":\"https:\\\/\\\/secure.gravatar.com\\\/avatar\\\/e4ec95706f8d1670343f6526fdcec45474bab17475a851434a64ca12b5acba1c?s=96&d=mm&r=g\",\"caption\":\"Infobae\"},\"url\":\"https:\\\/\\\/fuentesfidedignas.com.mx\\\/index.php\\\/author\\\/infobae\\\/\"}]}<\/script>\n<!-- \/ Yoast SEO plugin. -->","yoast_head_json":{"title":"El Nini lleg\u00f3 a CDMX: as\u00ed trasladaron en fuerte operativo al colaborador de Los Chapitos - Fuentes Fidedignas","robots":{"index":"index","follow":"follow","max-snippet":"max-snippet:-1","max-image-preview":"max-image-preview:large","max-video-preview":"max-video-preview:-1"},"canonical":"https:\/\/fuentesfidedignas.com.mx\/index.php\/2023\/11\/22\/el-nini-llego-a-cdmx-asi-trasladaron-en-fuerte-operativo-al-colaborador-de-los-chapitos\/","og_locale":"es_MX","og_type":"article","og_title":"El Nini lleg\u00f3 a CDMX: as\u00ed trasladaron en fuerte operativo al colaborador de Los Chapitos - Fuentes Fidedignas","og_description":"N\u00e9stor Isidro P\u00e9rez Salas fue capturado tras un operativo de fuerzas federales en la ciudad de Culiac\u00e1n, Sinaloa Ciudad de M\u00e9xico.- N\u00e9stor Isidro P\u00e9rez Salas, alias El Nini, jefe de seguridad de Los Chapitos, lleg\u00f3 la noche de este 22 de noviembre a la Ciudad de M\u00e9xico bajo un fuerte dispositivo de seguridad por parte [&hellip;]","og_url":"https:\/\/fuentesfidedignas.com.mx\/index.php\/2023\/11\/22\/el-nini-llego-a-cdmx-asi-trasladaron-en-fuerte-operativo-al-colaborador-de-los-chapitos\/","og_site_name":"Fuentes Fidedignas","article_publisher":"https:\/\/www.facebook.com\/Fuentes-Fidedignas-368234489921644","article_published_time":"2023-11-23T02:20:10+00:00","article_modified_time":"2023-11-23T03:34:12+00:00","og_image":[{"width":1048,"height":592,"url":"https:\/\/fuentesfidedignas.com.mx\/wp-content\/uploads\/2023\/11\/EL_NINI_1.jpg","type":"image\/jpeg"}],"author":"Infobae","twitter_card":"summary_large_image","twitter_creator":"@fidedignas","twitter_site":"@fidedignas","twitter_misc":{"Escrito por":"Infobae","Tiempo de lectura":"3 minutos"},"schema":{"@context":"https:\/\/schema.org","@graph":[{"@type":"Article","@id":"https:\/\/fuentesfidedignas.com.mx\/index.php\/2023\/11\/22\/el-nini-llego-a-cdmx-asi-trasladaron-en-fuerte-operativo-al-colaborador-de-los-chapitos\/#article","isPartOf":{"@id":"https:\/\/fuentesfidedignas.com.mx\/index.php\/2023\/11\/22\/el-nini-llego-a-cdmx-asi-trasladaron-en-fuerte-operativo-al-colaborador-de-los-chapitos\/"},"author":{"name":"Infobae","@id":"https:\/\/fuentesfidedignas.com.mx\/#\/schema\/person\/8575896a7c1067d352f6c1cd6582c389"},"headline":"El Nini lleg\u00f3 a CDMX: as\u00ed trasladaron en fuerte operativo al colaborador de Los Chapitos","datePublished":"2023-11-23T02:20:10+00:00","dateModified":"2023-11-23T03:34:12+00:00","mainEntityOfPage":{"@id":"https:\/\/fuentesfidedignas.com.mx\/index.php\/2023\/11\/22\/el-nini-llego-a-cdmx-asi-trasladaron-en-fuerte-operativo-al-colaborador-de-los-chapitos\/"},"wordCount":557,"commentCount":0,"publisher":{"@id":"https:\/\/fuentesfidedignas.com.mx\/#organization"},"image":{"@id":"https:\/\/fuentesfidedignas.com.mx\/index.php\/2023\/11\/22\/el-nini-llego-a-cdmx-asi-trasladaron-en-fuerte-operativo-al-colaborador-de-los-chapitos\/#primaryimage"},"thumbnailUrl":"https:\/\/fuentesfidedignas.com.mx\/wp-content\/uploads\/2023\/11\/EL_NINI_1.jpg","articleSection":["NOTA PRINCIPAL"],"inLanguage":"es","potentialAction":[{"@type":"CommentAction","name":"Comment","target":["https:\/\/fuentesfidedignas.com.mx\/index.php\/2023\/11\/22\/el-nini-llego-a-cdmx-asi-trasladaron-en-fuerte-operativo-al-colaborador-de-los-chapitos\/#respond"]}]},{"@type":"WebPage","@id":"https:\/\/fuentesfidedignas.com.mx\/index.php\/2023\/11\/22\/el-nini-llego-a-cdmx-asi-trasladaron-en-fuerte-operativo-al-colaborador-de-los-chapitos\/","url":"https:\/\/fuentesfidedignas.com.mx\/index.php\/2023\/11\/22\/el-nini-llego-a-cdmx-asi-trasladaron-en-fuerte-operativo-al-colaborador-de-los-chapitos\/","name":"El Nini lleg\u00f3 a CDMX: as\u00ed trasladaron en fuerte operativo al colaborador de Los Chapitos - Fuentes Fidedignas","isPartOf":{"@id":"https:\/\/fuentesfidedignas.com.mx\/#website"},"primaryImageOfPage":{"@id":"https:\/\/fuentesfidedignas.com.mx\/index.php\/2023\/11\/22\/el-nini-llego-a-cdmx-asi-trasladaron-en-fuerte-operativo-al-colaborador-de-los-chapitos\/#primaryimage"},"image":{"@id":"https:\/\/fuentesfidedignas.com.mx\/index.php\/2023\/11\/22\/el-nini-llego-a-cdmx-asi-trasladaron-en-fuerte-operativo-al-colaborador-de-los-chapitos\/#primaryimage"},"thumbnailUrl":"https:\/\/fuentesfidedignas.com.mx\/wp-content\/uploads\/2023\/11\/EL_NINI_1.jpg","datePublished":"2023-11-23T02:20:10+00:00","dateModified":"2023-11-23T03:34:12+00:00","breadcrumb":{"@id":"https:\/\/fuentesfidedignas.com.mx\/index.php\/2023\/11\/22\/el-nini-llego-a-cdmx-asi-trasladaron-en-fuerte-operativo-al-colaborador-de-los-chapitos\/#breadcrumb"},"inLanguage":"es","potentialAction":[{"@type":"ReadAction","target":["https:\/\/fuentesfidedignas.com.mx\/index.php\/2023\/11\/22\/el-nini-llego-a-cdmx-asi-trasladaron-en-fuerte-operativo-al-colaborador-de-los-chapitos\/"]}]},{"@type":"ImageObject","inLanguage":"es","@id":"https:\/\/fuentesfidedignas.com.mx\/index.php\/2023\/11\/22\/el-nini-llego-a-cdmx-asi-trasladaron-en-fuerte-operativo-al-colaborador-de-los-chapitos\/#primaryimage","url":"https:\/\/fuentesfidedignas.com.mx\/wp-content\/uploads\/2023\/11\/EL_NINI_1.jpg","contentUrl":"https:\/\/fuentesfidedignas.com.mx\/wp-content\/uploads\/2023\/11\/EL_NINI_1.jpg","width":1048,"height":592},{"@type":"BreadcrumbList","@id":"https:\/\/fuentesfidedignas.com.mx\/index.php\/2023\/11\/22\/el-nini-llego-a-cdmx-asi-trasladaron-en-fuerte-operativo-al-colaborador-de-los-chapitos\/#breadcrumb","itemListElement":[{"@type":"ListItem","position":1,"name":"Inicio","item":"https:\/\/fuentesfidedignas.com.mx\/"},{"@type":"ListItem","position":2,"name":"El Nini lleg\u00f3 a CDMX: as\u00ed trasladaron en fuerte operativo al colaborador de Los Chapitos"}]},{"@type":"WebSite","@id":"https:\/\/fuentesfidedignas.com.mx\/#website","url":"https:\/\/fuentesfidedignas.com.mx\/","name":"Fuentes Fidedignas","description":"Otro sitio realizado con WordPress","publisher":{"@id":"https:\/\/fuentesfidedignas.com.mx\/#organization"},"potentialAction":[{"@type":"SearchAction","target":{"@type":"EntryPoint","urlTemplate":"https:\/\/fuentesfidedignas.com.mx\/?s={search_term_string}"},"query-input":{"@type":"PropertyValueSpecification","valueRequired":true,"valueName":"search_term_string"}}],"inLanguage":"es"},{"@type":"Organization","@id":"https:\/\/fuentesfidedignas.com.mx\/#organization","name":"Fuentes Fidedignas","url":"https:\/\/fuentesfidedignas.com.mx\/","logo":{"@type":"ImageObject","inLanguage":"es","@id":"https:\/\/fuentesfidedignas.com.mx\/#\/schema\/logo\/image\/","url":"https:\/\/fuentesfidedignas.com.mx\/wp-content\/uploads\/2021\/04\/logo-retina.png","contentUrl":"https:\/\/fuentesfidedignas.com.mx\/wp-content\/uploads\/2021\/04\/logo-retina.png","width":280,"height":51,"caption":"Fuentes Fidedignas"},"image":{"@id":"https:\/\/fuentesfidedignas.com.mx\/#\/schema\/logo\/image\/"},"sameAs":["https:\/\/www.facebook.com\/Fuentes-Fidedignas-368234489921644","https:\/\/x.com\/fidedignas"]},{"@type":"Person","@id":"https:\/\/fuentesfidedignas.com.mx\/#\/schema\/person\/8575896a7c1067d352f6c1cd6582c389","name":"Infobae","image":{"@type":"ImageObject","inLanguage":"es","@id":"https:\/\/secure.gravatar.com\/avatar\/e4ec95706f8d1670343f6526fdcec45474bab17475a851434a64ca12b5acba1c?s=96&d=mm&r=g","url":"https:\/\/secure.gravatar.com\/avatar\/e4ec95706f8d1670343f6526fdcec45474bab17475a851434a64ca12b5acba1c?s=96&d=mm&r=g","contentUrl":"https:\/\/secure.gravatar.com\/avatar\/e4ec95706f8d1670343f6526fdcec45474bab17475a851434a64ca12b5acba1c?s=96&d=mm&r=g","caption":"Infobae"},"url":"https:\/\/fuentesfidedignas.com.mx\/index.php\/author\/infobae\/"}]}},"_links":{"self":[{"href":"https:\/\/fuentesfidedignas.com.mx\/index.php\/wp-json\/wp\/v2\/posts\/66566","targetHints":{"allow":["GET"]}}],"collection":[{"href":"https:\/\/fuentesfidedignas.com.mx\/index.php\/wp-json\/wp\/v2\/posts"}],"about":[{"href":"https:\/\/fuentesfidedignas.com.mx\/index.php\/wp-json\/wp\/v2\/types\/post"}],"author":[{"embeddable":true,"href":"https:\/\/fuentesfidedignas.com.mx\/index.php\/wp-json\/wp\/v2\/users\/41"}],"replies":[{"embeddable":true,"href":"https:\/\/fuentesfidedignas.com.mx\/index.php\/wp-json\/wp\/v2\/comments?post=66566"}],"version-history":[{"count":2,"href":"https:\/\/fuentesfidedignas.com.mx\/index.php\/wp-json\/wp\/v2\/posts\/66566\/revisions"}],"predecessor-version":[{"id":66571,"href":"https:\/\/fuentesfidedignas.com.mx\/index.php\/wp-json\/wp\/v2\/posts\/66566\/revisions\/66571"}],"wp:featuredmedia":[{"embeddable":true,"href":"https:\/\/fuentesfidedignas.com.mx\/index.php\/wp-json\/wp\/v2\/media\/66570"}],"wp:attachment":[{"href":"https:\/\/fuentesfidedignas.com.mx\/index.php\/wp-json\/wp\/v2\/media?parent=66566"}],"wp:term":[{"taxonomy":"category","embeddable":true,"href":"https:\/\/fuentesfidedignas.com.mx\/index.php\/wp-json\/wp\/v2\/categories?post=66566"},{"taxonomy":"post_tag","embeddable":true,"href":"https:\/\/fuentesfidedignas.com.mx\/index.php\/wp-json\/wp\/v2\/tags?post=66566"}],"curies":[{"name":"wp","href":"https:\/\/api.w.org\/{rel}","templated":true}]}}