{"id":66560,"date":"2023-11-22T17:53:28","date_gmt":"2023-11-23T00:53:28","guid":{"rendered":"https:\/\/fuentesfidedignas.com.mx\/?p=66560"},"modified":"2023-11-22T17:53:28","modified_gmt":"2023-11-23T00:53:28","slug":"desde-el-estado-se-fabrican-delitos-de-odio-contra-la-universidad-jesus-maduena","status":"publish","type":"post","link":"https:\/\/fuentesfidedignas.com.mx\/index.php\/2023\/11\/22\/desde-el-estado-se-fabrican-delitos-de-odio-contra-la-universidad-jesus-maduena\/","title":{"rendered":"Desde el Estado se fabrican delitos de odio contra la Universidad: Jes\u00fas Madue\u00f1a"},"content":{"rendered":"\n<p><strong><em>Sostuvo que la persecuci\u00f3n es por defender el principio de autonom\u00eda <\/em><\/strong><\/p>\n\n\n\n<p>Culiac\u00e1n, Sin.- El Rector titular de la UAS, separado temporalmente del cargo, doctor Jes\u00fas Madue\u00f1a Molina, acus\u00f3 que el Gobierno de Sinaloa persigue a la Universidad Aut\u00f3noma de Sinaloa y afirm\u00f3 que desde el Estado se arman y fabrican delitos de odio hacia la universidad.<\/p>\n\n\n\n<p>Sostuvo que la persecuci\u00f3n es por defender el principio de autonom\u00eda y prueba de ello es la forma en que se usa el poder del Estado para armar un expediente en contra de la UAS.<\/p>\n\n\n\n<p>\u201cEs rid\u00edculo lo que hace el gobernador\u201d, dijo al expresar que el Ejecutivo prometi\u00f3 salvaguardar las instituciones y hace lo contrario, con una Auditoria Superior del Estado que no tiene atribuciones y al fabricar una denuncia penal.<\/p>\n","protected":false},"excerpt":{"rendered":"<p>Sostuvo que la persecuci\u00f3n es por defender el principio de autonom\u00eda Culiac\u00e1n, Sin.- El Rector titular de la UAS, separado temporalmente del cargo, doctor Jes\u00fas Madue\u00f1a Molina, acus\u00f3 que el Gobierno de Sinaloa persigue a la Universidad Aut\u00f3noma de Sinaloa y afirm\u00f3 que desde el Estado se arman y fabrican delitos de odio hacia la [&hellip;]<\/p>\n","protected":false},"author":112,"featured_media":66561,"comment_status":"open","ping_status":"open","sticky":false,"template":"","format":"standard","meta":{"tdm_status":"","tdm_grid_status":"","footnotes":""},"categories":[38],"tags":[],"class_list":{"0":"post-66560","1":"post","2":"type-post","3":"status-publish","4":"format-standard","5":"has-post-thumbnail","7":"category-noticias-locales"},"yoast_head":"<!-- This site is optimized with the Yoast SEO plugin v27.4 - https:\/\/yoast.com\/product\/yoast-seo-wordpress\/ -->\n<title>Desde el Estado se fabrican delitos de odio contra la Universidad: Jes\u00fas Madue\u00f1a - Fuentes Fidedignas<\/title>\n<meta name=\"robots\" content=\"index, follow, max-snippet:-1, max-image-preview:large, max-video-preview:-1\" \/>\n<link rel=\"canonical\" href=\"https:\/\/fuentesfidedignas.com.mx\/index.php\/2023\/11\/22\/desde-el-estado-se-fabrican-delitos-de-odio-contra-la-universidad-jesus-maduena\/\" \/>\n<meta property=\"og:locale\" content=\"es_MX\" \/>\n<meta property=\"og:type\" content=\"article\" \/>\n<meta property=\"og:title\" content=\"Desde el Estado se fabrican delitos de odio contra la Universidad: Jes\u00fas Madue\u00f1a - Fuentes Fidedignas\" \/>\n<meta property=\"og:description\" content=\"Sostuvo que la persecuci\u00f3n es por defender el principio de autonom\u00eda Culiac\u00e1n, Sin.- El Rector titular de la UAS, separado temporalmente del cargo, doctor Jes\u00fas Madue\u00f1a Molina, acus\u00f3 que el Gobierno de Sinaloa persigue a la Universidad Aut\u00f3noma de Sinaloa y afirm\u00f3 que desde el Estado se arman y fabrican delitos de odio hacia la [&hellip;]\" \/>\n<meta property=\"og:url\" content=\"https:\/\/fuentesfidedignas.com.mx\/index.php\/2023\/11\/22\/desde-el-estado-se-fabrican-delitos-de-odio-contra-la-universidad-jesus-maduena\/\" \/>\n<meta property=\"og:site_name\" content=\"Fuentes Fidedignas\" \/>\n<meta property=\"article:publisher\" content=\"https:\/\/www.facebook.com\/Fuentes-Fidedignas-368234489921644\" \/>\n<meta property=\"article:published_time\" content=\"2023-11-23T00:53:28+00:00\" \/>\n<meta property=\"og:image\" content=\"https:\/\/fuentesfidedignas.com.mx\/wp-content\/uploads\/2023\/11\/RECTOR_SENTADO.jpg\" \/>\n\t<meta property=\"og:image:width\" content=\"1100\" \/>\n\t<meta property=\"og:image:height\" content=\"589\" \/>\n\t<meta property=\"og:image:type\" content=\"image\/jpeg\" \/>\n<meta name=\"author\" content=\"Leonardo Gutierrez\" \/>\n<meta name=\"twitter:card\" content=\"summary_large_image\" \/>\n<meta name=\"twitter:creator\" content=\"@fidedignas\" \/>\n<meta name=\"twitter:site\" content=\"@fidedignas\" \/>\n<meta name=\"twitter:label1\" content=\"Escrito por\" \/>\n\t<meta name=\"twitter:data1\" content=\"Leonardo Gutierrez\" \/>\n\t<meta name=\"twitter:label2\" content=\"Tiempo de lectura\" \/>\n\t<meta name=\"twitter:data2\" content=\"1 minuto\" \/>\n<script type=\"application\/ld+json\" class=\"yoast-schema-graph\">{\"@context\":\"https:\\\/\\\/schema.org\",\"@graph\":[{\"@type\":\"Article\",\"@id\":\"https:\\\/\\\/fuentesfidedignas.com.mx\\\/index.php\\\/2023\\\/11\\\/22\\\/desde-el-estado-se-fabrican-delitos-de-odio-contra-la-universidad-jesus-maduena\\\/#article\",\"isPartOf\":{\"@id\":\"https:\\\/\\\/fuentesfidedignas.com.mx\\\/index.php\\\/2023\\\/11\\\/22\\\/desde-el-estado-se-fabrican-delitos-de-odio-contra-la-universidad-jesus-maduena\\\/\"},\"author\":{\"name\":\"Leonardo Gutierrez\",\"@id\":\"https:\\\/\\\/fuentesfidedignas.com.mx\\\/#\\\/schema\\\/person\\\/c77df25c00baae1d4fdc0340db6f364c\"},\"headline\":\"Desde el Estado se fabrican delitos de odio contra la Universidad: Jes\u00fas Madue\u00f1a\",\"datePublished\":\"2023-11-23T00:53:28+00:00\",\"mainEntityOfPage\":{\"@id\":\"https:\\\/\\\/fuentesfidedignas.com.mx\\\/index.php\\\/2023\\\/11\\\/22\\\/desde-el-estado-se-fabrican-delitos-de-odio-contra-la-universidad-jesus-maduena\\\/\"},\"wordCount\":153,\"commentCount\":0,\"publisher\":{\"@id\":\"https:\\\/\\\/fuentesfidedignas.com.mx\\\/#organization\"},\"image\":{\"@id\":\"https:\\\/\\\/fuentesfidedignas.com.mx\\\/index.php\\\/2023\\\/11\\\/22\\\/desde-el-estado-se-fabrican-delitos-de-odio-contra-la-universidad-jesus-maduena\\\/#primaryimage\"},\"thumbnailUrl\":\"https:\\\/\\\/fuentesfidedignas.com.mx\\\/wp-content\\\/uploads\\\/2023\\\/11\\\/RECTOR_SENTADO.jpg\",\"articleSection\":[\"NOTICIAS LOCALES\"],\"inLanguage\":\"es\",\"potentialAction\":[{\"@type\":\"CommentAction\",\"name\":\"Comment\",\"target\":[\"https:\\\/\\\/fuentesfidedignas.com.mx\\\/index.php\\\/2023\\\/11\\\/22\\\/desde-el-estado-se-fabrican-delitos-de-odio-contra-la-universidad-jesus-maduena\\\/#respond\"]}]},{\"@type\":\"WebPage\",\"@id\":\"https:\\\/\\\/fuentesfidedignas.com.mx\\\/index.php\\\/2023\\\/11\\\/22\\\/desde-el-estado-se-fabrican-delitos-de-odio-contra-la-universidad-jesus-maduena\\\/\",\"url\":\"https:\\\/\\\/fuentesfidedignas.com.mx\\\/index.php\\\/2023\\\/11\\\/22\\\/desde-el-estado-se-fabrican-delitos-de-odio-contra-la-universidad-jesus-maduena\\\/\",\"name\":\"Desde el Estado se fabrican delitos de odio contra la Universidad: Jes\u00fas Madue\u00f1a - Fuentes Fidedignas\",\"isPartOf\":{\"@id\":\"https:\\\/\\\/fuentesfidedignas.com.mx\\\/#website\"},\"primaryImageOfPage\":{\"@id\":\"https:\\\/\\\/fuentesfidedignas.com.mx\\\/index.php\\\/2023\\\/11\\\/22\\\/desde-el-estado-se-fabrican-delitos-de-odio-contra-la-universidad-jesus-maduena\\\/#primaryimage\"},\"image\":{\"@id\":\"https:\\\/\\\/fuentesfidedignas.com.mx\\\/index.php\\\/2023\\\/11\\\/22\\\/desde-el-estado-se-fabrican-delitos-de-odio-contra-la-universidad-jesus-maduena\\\/#primaryimage\"},\"thumbnailUrl\":\"https:\\\/\\\/fuentesfidedignas.com.mx\\\/wp-content\\\/uploads\\\/2023\\\/11\\\/RECTOR_SENTADO.jpg\",\"datePublished\":\"2023-11-23T00:53:28+00:00\",\"breadcrumb\":{\"@id\":\"https:\\\/\\\/fuentesfidedignas.com.mx\\\/index.php\\\/2023\\\/11\\\/22\\\/desde-el-estado-se-fabrican-delitos-de-odio-contra-la-universidad-jesus-maduena\\\/#breadcrumb\"},\"inLanguage\":\"es\",\"potentialAction\":[{\"@type\":\"ReadAction\",\"target\":[\"https:\\\/\\\/fuentesfidedignas.com.mx\\\/index.php\\\/2023\\\/11\\\/22\\\/desde-el-estado-se-fabrican-delitos-de-odio-contra-la-universidad-jesus-maduena\\\/\"]}]},{\"@type\":\"ImageObject\",\"inLanguage\":\"es\",\"@id\":\"https:\\\/\\\/fuentesfidedignas.com.mx\\\/index.php\\\/2023\\\/11\\\/22\\\/desde-el-estado-se-fabrican-delitos-de-odio-contra-la-universidad-jesus-maduena\\\/#primaryimage\",\"url\":\"https:\\\/\\\/fuentesfidedignas.com.mx\\\/wp-content\\\/uploads\\\/2023\\\/11\\\/RECTOR_SENTADO.jpg\",\"contentUrl\":\"https:\\\/\\\/fuentesfidedignas.com.mx\\\/wp-content\\\/uploads\\\/2023\\\/11\\\/RECTOR_SENTADO.jpg\",\"width\":1100,\"height\":589},{\"@type\":\"BreadcrumbList\",\"@id\":\"https:\\\/\\\/fuentesfidedignas.com.mx\\\/index.php\\\/2023\\\/11\\\/22\\\/desde-el-estado-se-fabrican-delitos-de-odio-contra-la-universidad-jesus-maduena\\\/#breadcrumb\",\"itemListElement\":[{\"@type\":\"ListItem\",\"position\":1,\"name\":\"Inicio\",\"item\":\"https:\\\/\\\/fuentesfidedignas.com.mx\\\/\"},{\"@type\":\"ListItem\",\"position\":2,\"name\":\"Desde el Estado se fabrican delitos de odio contra la Universidad: Jes\u00fas Madue\u00f1a\"}]},{\"@type\":\"WebSite\",\"@id\":\"https:\\\/\\\/fuentesfidedignas.com.mx\\\/#website\",\"url\":\"https:\\\/\\\/fuentesfidedignas.com.mx\\\/\",\"name\":\"Fuentes Fidedignas\",\"description\":\"Otro sitio realizado con WordPress\",\"publisher\":{\"@id\":\"https:\\\/\\\/fuentesfidedignas.com.mx\\\/#organization\"},\"potentialAction\":[{\"@type\":\"SearchAction\",\"target\":{\"@type\":\"EntryPoint\",\"urlTemplate\":\"https:\\\/\\\/fuentesfidedignas.com.mx\\\/?s={search_term_string}\"},\"query-input\":{\"@type\":\"PropertyValueSpecification\",\"valueRequired\":true,\"valueName\":\"search_term_string\"}}],\"inLanguage\":\"es\"},{\"@type\":\"Organization\",\"@id\":\"https:\\\/\\\/fuentesfidedignas.com.mx\\\/#organization\",\"name\":\"Fuentes Fidedignas\",\"url\":\"https:\\\/\\\/fuentesfidedignas.com.mx\\\/\",\"logo\":{\"@type\":\"ImageObject\",\"inLanguage\":\"es\",\"@id\":\"https:\\\/\\\/fuentesfidedignas.com.mx\\\/#\\\/schema\\\/logo\\\/image\\\/\",\"url\":\"https:\\\/\\\/fuentesfidedignas.com.mx\\\/wp-content\\\/uploads\\\/2021\\\/04\\\/logo-retina.png\",\"contentUrl\":\"https:\\\/\\\/fuentesfidedignas.com.mx\\\/wp-content\\\/uploads\\\/2021\\\/04\\\/logo-retina.png\",\"width\":280,\"height\":51,\"caption\":\"Fuentes Fidedignas\"},\"image\":{\"@id\":\"https:\\\/\\\/fuentesfidedignas.com.mx\\\/#\\\/schema\\\/logo\\\/image\\\/\"},\"sameAs\":[\"https:\\\/\\\/www.facebook.com\\\/Fuentes-Fidedignas-368234489921644\",\"https:\\\/\\\/x.com\\\/fidedignas\"]},{\"@type\":\"Person\",\"@id\":\"https:\\\/\\\/fuentesfidedignas.com.mx\\\/#\\\/schema\\\/person\\\/c77df25c00baae1d4fdc0340db6f364c\",\"name\":\"Leonardo Gutierrez\",\"image\":{\"@type\":\"ImageObject\",\"inLanguage\":\"es\",\"@id\":\"https:\\\/\\\/secure.gravatar.com\\\/avatar\\\/17b13a7a986cc98ca4d7337340bcac5945cbae677961c354aefb3c7962c8cc1f?s=96&d=mm&r=g\",\"url\":\"https:\\\/\\\/secure.gravatar.com\\\/avatar\\\/17b13a7a986cc98ca4d7337340bcac5945cbae677961c354aefb3c7962c8cc1f?s=96&d=mm&r=g\",\"contentUrl\":\"https:\\\/\\\/secure.gravatar.com\\\/avatar\\\/17b13a7a986cc98ca4d7337340bcac5945cbae677961c354aefb3c7962c8cc1f?s=96&d=mm&r=g\",\"caption\":\"Leonardo Gutierrez\"},\"url\":\"https:\\\/\\\/fuentesfidedignas.com.mx\\\/index.php\\\/author\\\/leonardogut\\\/\"}]}<\/script>\n<!-- \/ Yoast SEO plugin. -->","yoast_head_json":{"title":"Desde el Estado se fabrican delitos de odio contra la Universidad: Jes\u00fas Madue\u00f1a - Fuentes Fidedignas","robots":{"index":"index","follow":"follow","max-snippet":"max-snippet:-1","max-image-preview":"max-image-preview:large","max-video-preview":"max-video-preview:-1"},"canonical":"https:\/\/fuentesfidedignas.com.mx\/index.php\/2023\/11\/22\/desde-el-estado-se-fabrican-delitos-de-odio-contra-la-universidad-jesus-maduena\/","og_locale":"es_MX","og_type":"article","og_title":"Desde el Estado se fabrican delitos de odio contra la Universidad: Jes\u00fas Madue\u00f1a - Fuentes Fidedignas","og_description":"Sostuvo que la persecuci\u00f3n es por defender el principio de autonom\u00eda Culiac\u00e1n, Sin.- El Rector titular de la UAS, separado temporalmente del cargo, doctor Jes\u00fas Madue\u00f1a Molina, acus\u00f3 que el Gobierno de Sinaloa persigue a la Universidad Aut\u00f3noma de Sinaloa y afirm\u00f3 que desde el Estado se arman y fabrican delitos de odio hacia la [&hellip;]","og_url":"https:\/\/fuentesfidedignas.com.mx\/index.php\/2023\/11\/22\/desde-el-estado-se-fabrican-delitos-de-odio-contra-la-universidad-jesus-maduena\/","og_site_name":"Fuentes Fidedignas","article_publisher":"https:\/\/www.facebook.com\/Fuentes-Fidedignas-368234489921644","article_published_time":"2023-11-23T00:53:28+00:00","og_image":[{"width":1100,"height":589,"url":"https:\/\/fuentesfidedignas.com.mx\/wp-content\/uploads\/2023\/11\/RECTOR_SENTADO.jpg","type":"image\/jpeg"}],"author":"Leonardo Gutierrez","twitter_card":"summary_large_image","twitter_creator":"@fidedignas","twitter_site":"@fidedignas","twitter_misc":{"Escrito por":"Leonardo Gutierrez","Tiempo de lectura":"1 minuto"},"schema":{"@context":"https:\/\/schema.org","@graph":[{"@type":"Article","@id":"https:\/\/fuentesfidedignas.com.mx\/index.php\/2023\/11\/22\/desde-el-estado-se-fabrican-delitos-de-odio-contra-la-universidad-jesus-maduena\/#article","isPartOf":{"@id":"https:\/\/fuentesfidedignas.com.mx\/index.php\/2023\/11\/22\/desde-el-estado-se-fabrican-delitos-de-odio-contra-la-universidad-jesus-maduena\/"},"author":{"name":"Leonardo Gutierrez","@id":"https:\/\/fuentesfidedignas.com.mx\/#\/schema\/person\/c77df25c00baae1d4fdc0340db6f364c"},"headline":"Desde el Estado se fabrican delitos de odio contra la Universidad: Jes\u00fas Madue\u00f1a","datePublished":"2023-11-23T00:53:28+00:00","mainEntityOfPage":{"@id":"https:\/\/fuentesfidedignas.com.mx\/index.php\/2023\/11\/22\/desde-el-estado-se-fabrican-delitos-de-odio-contra-la-universidad-jesus-maduena\/"},"wordCount":153,"commentCount":0,"publisher":{"@id":"https:\/\/fuentesfidedignas.com.mx\/#organization"},"image":{"@id":"https:\/\/fuentesfidedignas.com.mx\/index.php\/2023\/11\/22\/desde-el-estado-se-fabrican-delitos-de-odio-contra-la-universidad-jesus-maduena\/#primaryimage"},"thumbnailUrl":"https:\/\/fuentesfidedignas.com.mx\/wp-content\/uploads\/2023\/11\/RECTOR_SENTADO.jpg","articleSection":["NOTICIAS LOCALES"],"inLanguage":"es","potentialAction":[{"@type":"CommentAction","name":"Comment","target":["https:\/\/fuentesfidedignas.com.mx\/index.php\/2023\/11\/22\/desde-el-estado-se-fabrican-delitos-de-odio-contra-la-universidad-jesus-maduena\/#respond"]}]},{"@type":"WebPage","@id":"https:\/\/fuentesfidedignas.com.mx\/index.php\/2023\/11\/22\/desde-el-estado-se-fabrican-delitos-de-odio-contra-la-universidad-jesus-maduena\/","url":"https:\/\/fuentesfidedignas.com.mx\/index.php\/2023\/11\/22\/desde-el-estado-se-fabrican-delitos-de-odio-contra-la-universidad-jesus-maduena\/","name":"Desde el Estado se fabrican delitos de odio contra la Universidad: Jes\u00fas Madue\u00f1a - Fuentes Fidedignas","isPartOf":{"@id":"https:\/\/fuentesfidedignas.com.mx\/#website"},"primaryImageOfPage":{"@id":"https:\/\/fuentesfidedignas.com.mx\/index.php\/2023\/11\/22\/desde-el-estado-se-fabrican-delitos-de-odio-contra-la-universidad-jesus-maduena\/#primaryimage"},"image":{"@id":"https:\/\/fuentesfidedignas.com.mx\/index.php\/2023\/11\/22\/desde-el-estado-se-fabrican-delitos-de-odio-contra-la-universidad-jesus-maduena\/#primaryimage"},"thumbnailUrl":"https:\/\/fuentesfidedignas.com.mx\/wp-content\/uploads\/2023\/11\/RECTOR_SENTADO.jpg","datePublished":"2023-11-23T00:53:28+00:00","breadcrumb":{"@id":"https:\/\/fuentesfidedignas.com.mx\/index.php\/2023\/11\/22\/desde-el-estado-se-fabrican-delitos-de-odio-contra-la-universidad-jesus-maduena\/#breadcrumb"},"inLanguage":"es","potentialAction":[{"@type":"ReadAction","target":["https:\/\/fuentesfidedignas.com.mx\/index.php\/2023\/11\/22\/desde-el-estado-se-fabrican-delitos-de-odio-contra-la-universidad-jesus-maduena\/"]}]},{"@type":"ImageObject","inLanguage":"es","@id":"https:\/\/fuentesfidedignas.com.mx\/index.php\/2023\/11\/22\/desde-el-estado-se-fabrican-delitos-de-odio-contra-la-universidad-jesus-maduena\/#primaryimage","url":"https:\/\/fuentesfidedignas.com.mx\/wp-content\/uploads\/2023\/11\/RECTOR_SENTADO.jpg","contentUrl":"https:\/\/fuentesfidedignas.com.mx\/wp-content\/uploads\/2023\/11\/RECTOR_SENTADO.jpg","width":1100,"height":589},{"@type":"BreadcrumbList","@id":"https:\/\/fuentesfidedignas.com.mx\/index.php\/2023\/11\/22\/desde-el-estado-se-fabrican-delitos-de-odio-contra-la-universidad-jesus-maduena\/#breadcrumb","itemListElement":[{"@type":"ListItem","position":1,"name":"Inicio","item":"https:\/\/fuentesfidedignas.com.mx\/"},{"@type":"ListItem","position":2,"name":"Desde el Estado se fabrican delitos de odio contra la Universidad: Jes\u00fas Madue\u00f1a"}]},{"@type":"WebSite","@id":"https:\/\/fuentesfidedignas.com.mx\/#website","url":"https:\/\/fuentesfidedignas.com.mx\/","name":"Fuentes Fidedignas","description":"Otro sitio realizado con WordPress","publisher":{"@id":"https:\/\/fuentesfidedignas.com.mx\/#organization"},"potentialAction":[{"@type":"SearchAction","target":{"@type":"EntryPoint","urlTemplate":"https:\/\/fuentesfidedignas.com.mx\/?s={search_term_string}"},"query-input":{"@type":"PropertyValueSpecification","valueRequired":true,"valueName":"search_term_string"}}],"inLanguage":"es"},{"@type":"Organization","@id":"https:\/\/fuentesfidedignas.com.mx\/#organization","name":"Fuentes Fidedignas","url":"https:\/\/fuentesfidedignas.com.mx\/","logo":{"@type":"ImageObject","inLanguage":"es","@id":"https:\/\/fuentesfidedignas.com.mx\/#\/schema\/logo\/image\/","url":"https:\/\/fuentesfidedignas.com.mx\/wp-content\/uploads\/2021\/04\/logo-retina.png","contentUrl":"https:\/\/fuentesfidedignas.com.mx\/wp-content\/uploads\/2021\/04\/logo-retina.png","width":280,"height":51,"caption":"Fuentes Fidedignas"},"image":{"@id":"https:\/\/fuentesfidedignas.com.mx\/#\/schema\/logo\/image\/"},"sameAs":["https:\/\/www.facebook.com\/Fuentes-Fidedignas-368234489921644","https:\/\/x.com\/fidedignas"]},{"@type":"Person","@id":"https:\/\/fuentesfidedignas.com.mx\/#\/schema\/person\/c77df25c00baae1d4fdc0340db6f364c","name":"Leonardo Gutierrez","image":{"@type":"ImageObject","inLanguage":"es","@id":"https:\/\/secure.gravatar.com\/avatar\/17b13a7a986cc98ca4d7337340bcac5945cbae677961c354aefb3c7962c8cc1f?s=96&d=mm&r=g","url":"https:\/\/secure.gravatar.com\/avatar\/17b13a7a986cc98ca4d7337340bcac5945cbae677961c354aefb3c7962c8cc1f?s=96&d=mm&r=g","contentUrl":"https:\/\/secure.gravatar.com\/avatar\/17b13a7a986cc98ca4d7337340bcac5945cbae677961c354aefb3c7962c8cc1f?s=96&d=mm&r=g","caption":"Leonardo Gutierrez"},"url":"https:\/\/fuentesfidedignas.com.mx\/index.php\/author\/leonardogut\/"}]}},"_links":{"self":[{"href":"https:\/\/fuentesfidedignas.com.mx\/index.php\/wp-json\/wp\/v2\/posts\/66560","targetHints":{"allow":["GET"]}}],"collection":[{"href":"https:\/\/fuentesfidedignas.com.mx\/index.php\/wp-json\/wp\/v2\/posts"}],"about":[{"href":"https:\/\/fuentesfidedignas.com.mx\/index.php\/wp-json\/wp\/v2\/types\/post"}],"author":[{"embeddable":true,"href":"https:\/\/fuentesfidedignas.com.mx\/index.php\/wp-json\/wp\/v2\/users\/112"}],"replies":[{"embeddable":true,"href":"https:\/\/fuentesfidedignas.com.mx\/index.php\/wp-json\/wp\/v2\/comments?post=66560"}],"version-history":[{"count":1,"href":"https:\/\/fuentesfidedignas.com.mx\/index.php\/wp-json\/wp\/v2\/posts\/66560\/revisions"}],"predecessor-version":[{"id":66562,"href":"https:\/\/fuentesfidedignas.com.mx\/index.php\/wp-json\/wp\/v2\/posts\/66560\/revisions\/66562"}],"wp:featuredmedia":[{"embeddable":true,"href":"https:\/\/fuentesfidedignas.com.mx\/index.php\/wp-json\/wp\/v2\/media\/66561"}],"wp:attachment":[{"href":"https:\/\/fuentesfidedignas.com.mx\/index.php\/wp-json\/wp\/v2\/media?parent=66560"}],"wp:term":[{"taxonomy":"category","embeddable":true,"href":"https:\/\/fuentesfidedignas.com.mx\/index.php\/wp-json\/wp\/v2\/categories?post=66560"},{"taxonomy":"post_tag","embeddable":true,"href":"https:\/\/fuentesfidedignas.com.mx\/index.php\/wp-json\/wp\/v2\/tags?post=66560"}],"curies":[{"name":"wp","href":"https:\/\/api.w.org\/{rel}","templated":true}]}}