{"id":66300,"date":"2023-11-20T14:59:30","date_gmt":"2023-11-20T21:59:30","guid":{"rendered":"https:\/\/fuentesfidedignas.com.mx\/?p=66300"},"modified":"2023-11-20T13:00:23","modified_gmt":"2023-11-20T20:00:23","slug":"onu-alerta-que-temperatura-global-aumentara-3-este-siglo-con-las-actuales-politicas-climaticas","status":"publish","type":"post","link":"https:\/\/fuentesfidedignas.com.mx\/index.php\/2023\/11\/20\/onu-alerta-que-temperatura-global-aumentara-3-este-siglo-con-las-actuales-politicas-climaticas\/","title":{"rendered":"ONU alerta que temperatura global aumentar\u00e1 3\u00b0 este siglo con las actuales pol\u00edticas clim\u00e1ticas"},"content":{"rendered":"\n<p><strong><em>La ONU sostiene que la comunidad internacional est\u00e1 lejos de alcanzar los objetivos del Acuerdo de Par\u00eds para limitar la subida de la temperatura<\/em><\/strong><\/p>\n\n\n\n<p>Las pol\u00edticas actuales de los pa\u00edses para reducir la emisi\u00f3n de gases de efecto invernadero son insuficientes y abocan a la Tierra este siglo a un aumento de la temperatura global de 3 grados respecto a la era preindustrial, alert\u00f3 la ONU.<\/p>\n\n\n\n<p>Las promesas de la comunidad internacional, pues, a\u00fan se hallan lejos de alcanzar los objetivos del Acuerdo de Par\u00eds (2015), que busca limitar la subida de la temperatura a menos de 2 grados e, idealmente, a 1.5.<\/p>\n\n\n\n<p>El Programa de la ONU para el Medio Ambiente (PNUMA), con sede en Nairobi, dio esa advertencia en su \u201cInforme sobre la Brecha de Emisiones\u201d de 2023, que public\u00f3 antes del comienzo en diez d\u00edas en Dub\u00e1i de la Conferencia de la ONU sobre Cambio Clim\u00e1tico (COP28), principal foro pol\u00edtico para abordar la crisis clim\u00e1tica.<\/p>\n\n\n\n<p>Titulado este a\u00f1o \u201cR\u00e9cord batido: las temperaturas alcanzan nuevos m\u00e1ximos, pero el mundo no logra reducir las emisiones (de nuevo)\u201d, el estudio compara las ca\u00eddas reales de gases de efecto invernadero con las que hacen falta para combatir el calentamiento global.<\/p>\n\n\n\n<p>El PNUMA subraya que se necesitan cambios a nivel mundial a fin de lograr recortes del 28 y 42 por ciento en los pron\u00f3sticos de emisi\u00f3n de gases de efecto invernadero de aqu\u00ed a 2030 para una ruta hacia los 2 grados y para otra hacia los 1.5 grados, respectivamente.<\/p>\n\n\n\n<p>\u201cNo queda ninguna persona o econom\u00eda en el planeta que no se vea afectada por el cambio clim\u00e1tico, por lo que debemos dejar de establecer r\u00e9cords no deseados en materia de emisiones de gases de efecto invernadero, temperaturas m\u00e1ximas globales y clima extremo\u201d, afirm\u00f3 la directora ejecutiva del PNUMA, Inger Andersen.<\/p>\n\n\n\n<p>Andersen abog\u00f3 por \u201cestablecer otros r\u00e9cords: en reducci\u00f3n de emisiones, en transiciones verdes y justas y en financiaci\u00f3n clim\u00e1tica\u201c.<\/p>\n\n\n\n<p>Hasta principios de octubre de este a\u00f1o, record\u00f3 la ONU, se registraron 86 d\u00edas con temperaturas superiores a 1.5 grados por encima de los niveles preindustriales.<\/p>\n\n\n\n<p>El pasado septiembre fue el mes m\u00e1s caluroso jam\u00e1s registrado, con temperaturas globales medias que resultaron 1.8 grados superiores a los niveles preindustriales.<\/p>\n\n\n\n<p>El informe concluy\u00f3 que las emisiones mundiales de gases de efecto invernadero aumentaron 1.2 por ciento desde 2021 a 2022 para alcanzar un nuevo r\u00e9cord de 57.4 gigatoneladas equivalentes de di\u00f3xido de carbono.<\/p>\n\n\n\n<p>Esa medida, cuyas siglas en ingl\u00e9s son GtCO2e, sirve para cuantificar la masa de los gases de efecto invernadero con base en su potencial de calentamiento.<\/p>\n\n\n\n<p><strong>Aumento de emisiones del G20<\/strong><br>Las emisiones de esos gases en el G20 (grupo de pa\u00edses desarrollados y emergentes) escalaron 1.2 por ciento en 2022.<\/p>\n\n\n\n<p>\u201cSi los esfuerzos de mitigaci\u00f3n que implican las pol\u00edticas actuales contin\u00faan a los niveles actuales, el calentamiento global solo se limitar\u00e1 a 3 grados por encima de los niveles preindustriales este siglo\u201d, avis\u00f3 el PNUMA.<\/p>\n\n\n\n<p>La aplicaci\u00f3n completa de las Contribuciones Determinadas a Nivel Nacional (NDC, en ingl\u00e9s) de los pa\u00edses -que incluyen emisiones previstas por cada naci\u00f3n y medidas de mitigaci\u00f3n-, llevar\u00eda a \u201climitar el aumento de temperatura a 2.9\u00b0\u201d.<\/p>\n\n\n\n<p>\u201cLas NDC condicionales (cuando las metas dependen de apoyo financiero externo) plenamente implementadas dar\u00edan lugar a temperaturas que no superar\u00edan los 2.5\u00b0 grados por encima de los niveles preindustriales\u201d, agreg\u00f3.<\/p>\n\n\n\n<p>El informe consider\u00f3 que, si se aplican todas las NDC condicionales y las promesas de \u201ccero emisiones netas\u201d de gases de efecto invernadero a largo plazo, \u201climitar el aumento de temperatura a 2 grados ser\u00eda posible\u201d.<\/p>\n\n\n\n<p>Sin embargo, puntualiz\u00f3, \u201clas promesas de cero emisiones netas no se consideran actualmente cre\u00edbles\u201d, ya que \u201cninguno de los pa\u00edses del G20 est\u00e1 reduciendo las emisiones a un ritmo coherente con sus objetivos de cero emisiones netas\u201d.<\/p>\n\n\n\n<p>Incluso en el \u201cescenario m\u00e1s optimista\u201d -a\u00f1adi\u00f3-, la probabilidad de limitar el calentamiento a 1,5 grados \u201ces solo del 14 por ciento\u201d.<\/p>\n\n\n\n<p>El informe inst\u00f3 a todas los pa\u00edses a efectuar transformaciones para un desarrollo con bajas emisiones de carbono en toda la econom\u00eda, con foco en la transici\u00f3n energ\u00e9tica.<\/p>\n\n\n\n<p>Seg\u00fan la ONU, las naciones m\u00e1s capaces y responsables en materia de emisiones (particularmente los del G20) deber\u00e1n \u201ctomar medidas m\u00e1s ambiciosas y r\u00e1pidas y aportar apoyo financiero y t\u00e9cnico a los pa\u00edses en desarrollo\u201d.<\/p>\n\n\n\n<p>De cara a la COP28, que tendr\u00e1 lugar hasta el 12 de diciembre, el estudio destac\u00f3 que esa conferencia realizar\u00e1 la primera Evaluaci\u00f3n Global (GST, por sus siglas en ingl\u00e9s) desde el Acuerdo de Par\u00eds.<\/p>\n\n\n\n<p>La GST revelar\u00e1 la pr\u00f3xima ronda de NDC que los pa\u00edses deber\u00edan presentar en 2025, con objetivos para 2035.<\/p>\n\n\n\n<p>\u201cLa ambici\u00f3n global en la pr\u00f3xima ronda de las NDC -remarc\u00f3 el PNUMA- debe llevar las emisiones de gases de efecto invernadero en 2035 a niveles consistentes con las trayectorias hacia los 2 grados y los 1.5 grados\u201d.<\/p>\n\n\n\n<p>Adem\u00e1s, esa ronda ofrece la oportunidad para que los pa\u00edses de ingresos bajos y medios elaboren \u201chojas de ruta\u201d con pol\u00edticas clim\u00e1ticas y de desarrollo ambiciosas, y fijen objetivos claros que requieran asistencia financiera y tecnol\u00f3gica.<\/p>\n\n\n\n<p>\u201cLa COP28 -concluy\u00f3- deber\u00eda garantizar que se proporciona apoyo internacional para el desarrollo de dichas hojas de ruta\u201d.<\/p>\n","protected":false},"excerpt":{"rendered":"<p>La ONU sostiene que la comunidad internacional est\u00e1 lejos de alcanzar los objetivos del Acuerdo de Par\u00eds para limitar la subida de la temperatura Las pol\u00edticas actuales de los pa\u00edses para reducir la emisi\u00f3n de gases de efecto invernadero son insuficientes y abocan a la Tierra este siglo a un aumento de la temperatura global [&hellip;]<\/p>\n","protected":false},"author":47,"featured_media":66301,"comment_status":"open","ping_status":"open","sticky":false,"template":"","format":"standard","meta":{"tdm_status":"","tdm_grid_status":"","footnotes":""},"categories":[39],"tags":[],"class_list":{"0":"post-66300","1":"post","2":"type-post","3":"status-publish","4":"format-standard","5":"has-post-thumbnail","7":"category-noticias-nacionales"},"yoast_head":"<!-- This site is optimized with the Yoast SEO plugin v27.5 - https:\/\/yoast.com\/product\/yoast-seo-wordpress\/ -->\n<title>ONU alerta que temperatura global aumentar\u00e1 3\u00b0 este siglo con las actuales pol\u00edticas clim\u00e1ticas - Fuentes Fidedignas<\/title>\n<meta name=\"robots\" content=\"index, follow, max-snippet:-1, max-image-preview:large, max-video-preview:-1\" \/>\n<link rel=\"canonical\" href=\"https:\/\/fuentesfidedignas.com.mx\/index.php\/2023\/11\/20\/onu-alerta-que-temperatura-global-aumentara-3-este-siglo-con-las-actuales-politicas-climaticas\/\" \/>\n<meta property=\"og:locale\" content=\"es_MX\" \/>\n<meta property=\"og:type\" content=\"article\" \/>\n<meta property=\"og:title\" content=\"ONU alerta que temperatura global aumentar\u00e1 3\u00b0 este siglo con las actuales pol\u00edticas clim\u00e1ticas - Fuentes Fidedignas\" \/>\n<meta property=\"og:description\" content=\"La ONU sostiene que la comunidad internacional est\u00e1 lejos de alcanzar los objetivos del Acuerdo de Par\u00eds para limitar la subida de la temperatura Las pol\u00edticas actuales de los pa\u00edses para reducir la emisi\u00f3n de gases de efecto invernadero son insuficientes y abocan a la Tierra este siglo a un aumento de la temperatura global [&hellip;]\" \/>\n<meta property=\"og:url\" content=\"https:\/\/fuentesfidedignas.com.mx\/index.php\/2023\/11\/20\/onu-alerta-que-temperatura-global-aumentara-3-este-siglo-con-las-actuales-politicas-climaticas\/\" \/>\n<meta property=\"og:site_name\" content=\"Fuentes Fidedignas\" \/>\n<meta property=\"article:publisher\" content=\"https:\/\/www.facebook.com\/Fuentes-Fidedignas-368234489921644\" \/>\n<meta property=\"article:published_time\" content=\"2023-11-20T21:59:30+00:00\" \/>\n<meta property=\"og:image\" content=\"https:\/\/fuentesfidedignas.com.mx\/wp-content\/uploads\/2023\/11\/bajada-de-temperaturas-salvo-maximas-en-la-vertiente-atlantica.jpg\" \/>\n\t<meta property=\"og:image:width\" content=\"1000\" \/>\n\t<meta property=\"og:image:height\" content=\"666\" \/>\n\t<meta property=\"og:image:type\" content=\"image\/jpeg\" \/>\n<meta name=\"author\" content=\"L\u00f3pez D\u00f3riga\" \/>\n<meta name=\"twitter:card\" content=\"summary_large_image\" \/>\n<meta name=\"twitter:creator\" content=\"@fidedignas\" \/>\n<meta name=\"twitter:site\" content=\"@fidedignas\" \/>\n<meta name=\"twitter:label1\" content=\"Escrito por\" \/>\n\t<meta name=\"twitter:data1\" content=\"L\u00f3pez D\u00f3riga\" \/>\n\t<meta name=\"twitter:label2\" content=\"Tiempo de lectura\" \/>\n\t<meta name=\"twitter:data2\" content=\"4 minutos\" \/>\n<script type=\"application\/ld+json\" class=\"yoast-schema-graph\">{\"@context\":\"https:\\\/\\\/schema.org\",\"@graph\":[{\"@type\":\"Article\",\"@id\":\"https:\\\/\\\/fuentesfidedignas.com.mx\\\/index.php\\\/2023\\\/11\\\/20\\\/onu-alerta-que-temperatura-global-aumentara-3-este-siglo-con-las-actuales-politicas-climaticas\\\/#article\",\"isPartOf\":{\"@id\":\"https:\\\/\\\/fuentesfidedignas.com.mx\\\/index.php\\\/2023\\\/11\\\/20\\\/onu-alerta-que-temperatura-global-aumentara-3-este-siglo-con-las-actuales-politicas-climaticas\\\/\"},\"author\":{\"name\":\"L\u00f3pez D\u00f3riga\",\"@id\":\"https:\\\/\\\/fuentesfidedignas.com.mx\\\/#\\\/schema\\\/person\\\/67d852f0557c8509146a4b9ddebd543a\"},\"headline\":\"ONU alerta que temperatura global aumentar\u00e1 3\u00b0 este siglo con las actuales pol\u00edticas clim\u00e1ticas\",\"datePublished\":\"2023-11-20T21:59:30+00:00\",\"mainEntityOfPage\":{\"@id\":\"https:\\\/\\\/fuentesfidedignas.com.mx\\\/index.php\\\/2023\\\/11\\\/20\\\/onu-alerta-que-temperatura-global-aumentara-3-este-siglo-con-las-actuales-politicas-climaticas\\\/\"},\"wordCount\":918,\"commentCount\":0,\"publisher\":{\"@id\":\"https:\\\/\\\/fuentesfidedignas.com.mx\\\/#organization\"},\"image\":{\"@id\":\"https:\\\/\\\/fuentesfidedignas.com.mx\\\/index.php\\\/2023\\\/11\\\/20\\\/onu-alerta-que-temperatura-global-aumentara-3-este-siglo-con-las-actuales-politicas-climaticas\\\/#primaryimage\"},\"thumbnailUrl\":\"https:\\\/\\\/fuentesfidedignas.com.mx\\\/wp-content\\\/uploads\\\/2023\\\/11\\\/bajada-de-temperaturas-salvo-maximas-en-la-vertiente-atlantica.jpg\",\"articleSection\":[\"NOTICIAS NACIONALES\"],\"inLanguage\":\"es\",\"potentialAction\":[{\"@type\":\"CommentAction\",\"name\":\"Comment\",\"target\":[\"https:\\\/\\\/fuentesfidedignas.com.mx\\\/index.php\\\/2023\\\/11\\\/20\\\/onu-alerta-que-temperatura-global-aumentara-3-este-siglo-con-las-actuales-politicas-climaticas\\\/#respond\"]}]},{\"@type\":\"WebPage\",\"@id\":\"https:\\\/\\\/fuentesfidedignas.com.mx\\\/index.php\\\/2023\\\/11\\\/20\\\/onu-alerta-que-temperatura-global-aumentara-3-este-siglo-con-las-actuales-politicas-climaticas\\\/\",\"url\":\"https:\\\/\\\/fuentesfidedignas.com.mx\\\/index.php\\\/2023\\\/11\\\/20\\\/onu-alerta-que-temperatura-global-aumentara-3-este-siglo-con-las-actuales-politicas-climaticas\\\/\",\"name\":\"ONU alerta que temperatura global aumentar\u00e1 3\u00b0 este siglo con las actuales pol\u00edticas clim\u00e1ticas - Fuentes Fidedignas\",\"isPartOf\":{\"@id\":\"https:\\\/\\\/fuentesfidedignas.com.mx\\\/#website\"},\"primaryImageOfPage\":{\"@id\":\"https:\\\/\\\/fuentesfidedignas.com.mx\\\/index.php\\\/2023\\\/11\\\/20\\\/onu-alerta-que-temperatura-global-aumentara-3-este-siglo-con-las-actuales-politicas-climaticas\\\/#primaryimage\"},\"image\":{\"@id\":\"https:\\\/\\\/fuentesfidedignas.com.mx\\\/index.php\\\/2023\\\/11\\\/20\\\/onu-alerta-que-temperatura-global-aumentara-3-este-siglo-con-las-actuales-politicas-climaticas\\\/#primaryimage\"},\"thumbnailUrl\":\"https:\\\/\\\/fuentesfidedignas.com.mx\\\/wp-content\\\/uploads\\\/2023\\\/11\\\/bajada-de-temperaturas-salvo-maximas-en-la-vertiente-atlantica.jpg\",\"datePublished\":\"2023-11-20T21:59:30+00:00\",\"breadcrumb\":{\"@id\":\"https:\\\/\\\/fuentesfidedignas.com.mx\\\/index.php\\\/2023\\\/11\\\/20\\\/onu-alerta-que-temperatura-global-aumentara-3-este-siglo-con-las-actuales-politicas-climaticas\\\/#breadcrumb\"},\"inLanguage\":\"es\",\"potentialAction\":[{\"@type\":\"ReadAction\",\"target\":[\"https:\\\/\\\/fuentesfidedignas.com.mx\\\/index.php\\\/2023\\\/11\\\/20\\\/onu-alerta-que-temperatura-global-aumentara-3-este-siglo-con-las-actuales-politicas-climaticas\\\/\"]}]},{\"@type\":\"ImageObject\",\"inLanguage\":\"es\",\"@id\":\"https:\\\/\\\/fuentesfidedignas.com.mx\\\/index.php\\\/2023\\\/11\\\/20\\\/onu-alerta-que-temperatura-global-aumentara-3-este-siglo-con-las-actuales-politicas-climaticas\\\/#primaryimage\",\"url\":\"https:\\\/\\\/fuentesfidedignas.com.mx\\\/wp-content\\\/uploads\\\/2023\\\/11\\\/bajada-de-temperaturas-salvo-maximas-en-la-vertiente-atlantica.jpg\",\"contentUrl\":\"https:\\\/\\\/fuentesfidedignas.com.mx\\\/wp-content\\\/uploads\\\/2023\\\/11\\\/bajada-de-temperaturas-salvo-maximas-en-la-vertiente-atlantica.jpg\",\"width\":1000,\"height\":666},{\"@type\":\"BreadcrumbList\",\"@id\":\"https:\\\/\\\/fuentesfidedignas.com.mx\\\/index.php\\\/2023\\\/11\\\/20\\\/onu-alerta-que-temperatura-global-aumentara-3-este-siglo-con-las-actuales-politicas-climaticas\\\/#breadcrumb\",\"itemListElement\":[{\"@type\":\"ListItem\",\"position\":1,\"name\":\"Inicio\",\"item\":\"https:\\\/\\\/fuentesfidedignas.com.mx\\\/\"},{\"@type\":\"ListItem\",\"position\":2,\"name\":\"ONU alerta que temperatura global aumentar\u00e1 3\u00b0 este siglo con las actuales pol\u00edticas clim\u00e1ticas\"}]},{\"@type\":\"WebSite\",\"@id\":\"https:\\\/\\\/fuentesfidedignas.com.mx\\\/#website\",\"url\":\"https:\\\/\\\/fuentesfidedignas.com.mx\\\/\",\"name\":\"Fuentes Fidedignas\",\"description\":\"Otro sitio realizado con WordPress\",\"publisher\":{\"@id\":\"https:\\\/\\\/fuentesfidedignas.com.mx\\\/#organization\"},\"potentialAction\":[{\"@type\":\"SearchAction\",\"target\":{\"@type\":\"EntryPoint\",\"urlTemplate\":\"https:\\\/\\\/fuentesfidedignas.com.mx\\\/?s={search_term_string}\"},\"query-input\":{\"@type\":\"PropertyValueSpecification\",\"valueRequired\":true,\"valueName\":\"search_term_string\"}}],\"inLanguage\":\"es\"},{\"@type\":\"Organization\",\"@id\":\"https:\\\/\\\/fuentesfidedignas.com.mx\\\/#organization\",\"name\":\"Fuentes Fidedignas\",\"url\":\"https:\\\/\\\/fuentesfidedignas.com.mx\\\/\",\"logo\":{\"@type\":\"ImageObject\",\"inLanguage\":\"es\",\"@id\":\"https:\\\/\\\/fuentesfidedignas.com.mx\\\/#\\\/schema\\\/logo\\\/image\\\/\",\"url\":\"https:\\\/\\\/fuentesfidedignas.com.mx\\\/wp-content\\\/uploads\\\/2021\\\/04\\\/logo-retina.png\",\"contentUrl\":\"https:\\\/\\\/fuentesfidedignas.com.mx\\\/wp-content\\\/uploads\\\/2021\\\/04\\\/logo-retina.png\",\"width\":280,\"height\":51,\"caption\":\"Fuentes Fidedignas\"},\"image\":{\"@id\":\"https:\\\/\\\/fuentesfidedignas.com.mx\\\/#\\\/schema\\\/logo\\\/image\\\/\"},\"sameAs\":[\"https:\\\/\\\/www.facebook.com\\\/Fuentes-Fidedignas-368234489921644\",\"https:\\\/\\\/x.com\\\/fidedignas\"]},{\"@type\":\"Person\",\"@id\":\"https:\\\/\\\/fuentesfidedignas.com.mx\\\/#\\\/schema\\\/person\\\/67d852f0557c8509146a4b9ddebd543a\",\"name\":\"L\u00f3pez D\u00f3riga\",\"image\":{\"@type\":\"ImageObject\",\"inLanguage\":\"es\",\"@id\":\"https:\\\/\\\/secure.gravatar.com\\\/avatar\\\/e525b06574ca18b33cded59dfe5778d6c823b9513154eff47da551b0551bdd1e?s=96&d=mm&r=g\",\"url\":\"https:\\\/\\\/secure.gravatar.com\\\/avatar\\\/e525b06574ca18b33cded59dfe5778d6c823b9513154eff47da551b0551bdd1e?s=96&d=mm&r=g\",\"contentUrl\":\"https:\\\/\\\/secure.gravatar.com\\\/avatar\\\/e525b06574ca18b33cded59dfe5778d6c823b9513154eff47da551b0551bdd1e?s=96&d=mm&r=g\",\"caption\":\"L\u00f3pez D\u00f3riga\"},\"url\":\"https:\\\/\\\/fuentesfidedignas.com.mx\\\/index.php\\\/author\\\/doriga\\\/\"}]}<\/script>\n<!-- \/ Yoast SEO plugin. -->","yoast_head_json":{"title":"ONU alerta que temperatura global aumentar\u00e1 3\u00b0 este siglo con las actuales pol\u00edticas clim\u00e1ticas - Fuentes Fidedignas","robots":{"index":"index","follow":"follow","max-snippet":"max-snippet:-1","max-image-preview":"max-image-preview:large","max-video-preview":"max-video-preview:-1"},"canonical":"https:\/\/fuentesfidedignas.com.mx\/index.php\/2023\/11\/20\/onu-alerta-que-temperatura-global-aumentara-3-este-siglo-con-las-actuales-politicas-climaticas\/","og_locale":"es_MX","og_type":"article","og_title":"ONU alerta que temperatura global aumentar\u00e1 3\u00b0 este siglo con las actuales pol\u00edticas clim\u00e1ticas - Fuentes Fidedignas","og_description":"La ONU sostiene que la comunidad internacional est\u00e1 lejos de alcanzar los objetivos del Acuerdo de Par\u00eds para limitar la subida de la temperatura Las pol\u00edticas actuales de los pa\u00edses para reducir la emisi\u00f3n de gases de efecto invernadero son insuficientes y abocan a la Tierra este siglo a un aumento de la temperatura global [&hellip;]","og_url":"https:\/\/fuentesfidedignas.com.mx\/index.php\/2023\/11\/20\/onu-alerta-que-temperatura-global-aumentara-3-este-siglo-con-las-actuales-politicas-climaticas\/","og_site_name":"Fuentes Fidedignas","article_publisher":"https:\/\/www.facebook.com\/Fuentes-Fidedignas-368234489921644","article_published_time":"2023-11-20T21:59:30+00:00","og_image":[{"width":1000,"height":666,"url":"https:\/\/fuentesfidedignas.com.mx\/wp-content\/uploads\/2023\/11\/bajada-de-temperaturas-salvo-maximas-en-la-vertiente-atlantica.jpg","type":"image\/jpeg"}],"author":"L\u00f3pez D\u00f3riga","twitter_card":"summary_large_image","twitter_creator":"@fidedignas","twitter_site":"@fidedignas","twitter_misc":{"Escrito por":"L\u00f3pez D\u00f3riga","Tiempo de lectura":"4 minutos"},"schema":{"@context":"https:\/\/schema.org","@graph":[{"@type":"Article","@id":"https:\/\/fuentesfidedignas.com.mx\/index.php\/2023\/11\/20\/onu-alerta-que-temperatura-global-aumentara-3-este-siglo-con-las-actuales-politicas-climaticas\/#article","isPartOf":{"@id":"https:\/\/fuentesfidedignas.com.mx\/index.php\/2023\/11\/20\/onu-alerta-que-temperatura-global-aumentara-3-este-siglo-con-las-actuales-politicas-climaticas\/"},"author":{"name":"L\u00f3pez D\u00f3riga","@id":"https:\/\/fuentesfidedignas.com.mx\/#\/schema\/person\/67d852f0557c8509146a4b9ddebd543a"},"headline":"ONU alerta que temperatura global aumentar\u00e1 3\u00b0 este siglo con las actuales pol\u00edticas clim\u00e1ticas","datePublished":"2023-11-20T21:59:30+00:00","mainEntityOfPage":{"@id":"https:\/\/fuentesfidedignas.com.mx\/index.php\/2023\/11\/20\/onu-alerta-que-temperatura-global-aumentara-3-este-siglo-con-las-actuales-politicas-climaticas\/"},"wordCount":918,"commentCount":0,"publisher":{"@id":"https:\/\/fuentesfidedignas.com.mx\/#organization"},"image":{"@id":"https:\/\/fuentesfidedignas.com.mx\/index.php\/2023\/11\/20\/onu-alerta-que-temperatura-global-aumentara-3-este-siglo-con-las-actuales-politicas-climaticas\/#primaryimage"},"thumbnailUrl":"https:\/\/fuentesfidedignas.com.mx\/wp-content\/uploads\/2023\/11\/bajada-de-temperaturas-salvo-maximas-en-la-vertiente-atlantica.jpg","articleSection":["NOTICIAS NACIONALES"],"inLanguage":"es","potentialAction":[{"@type":"CommentAction","name":"Comment","target":["https:\/\/fuentesfidedignas.com.mx\/index.php\/2023\/11\/20\/onu-alerta-que-temperatura-global-aumentara-3-este-siglo-con-las-actuales-politicas-climaticas\/#respond"]}]},{"@type":"WebPage","@id":"https:\/\/fuentesfidedignas.com.mx\/index.php\/2023\/11\/20\/onu-alerta-que-temperatura-global-aumentara-3-este-siglo-con-las-actuales-politicas-climaticas\/","url":"https:\/\/fuentesfidedignas.com.mx\/index.php\/2023\/11\/20\/onu-alerta-que-temperatura-global-aumentara-3-este-siglo-con-las-actuales-politicas-climaticas\/","name":"ONU alerta que temperatura global aumentar\u00e1 3\u00b0 este siglo con las actuales pol\u00edticas clim\u00e1ticas - Fuentes Fidedignas","isPartOf":{"@id":"https:\/\/fuentesfidedignas.com.mx\/#website"},"primaryImageOfPage":{"@id":"https:\/\/fuentesfidedignas.com.mx\/index.php\/2023\/11\/20\/onu-alerta-que-temperatura-global-aumentara-3-este-siglo-con-las-actuales-politicas-climaticas\/#primaryimage"},"image":{"@id":"https:\/\/fuentesfidedignas.com.mx\/index.php\/2023\/11\/20\/onu-alerta-que-temperatura-global-aumentara-3-este-siglo-con-las-actuales-politicas-climaticas\/#primaryimage"},"thumbnailUrl":"https:\/\/fuentesfidedignas.com.mx\/wp-content\/uploads\/2023\/11\/bajada-de-temperaturas-salvo-maximas-en-la-vertiente-atlantica.jpg","datePublished":"2023-11-20T21:59:30+00:00","breadcrumb":{"@id":"https:\/\/fuentesfidedignas.com.mx\/index.php\/2023\/11\/20\/onu-alerta-que-temperatura-global-aumentara-3-este-siglo-con-las-actuales-politicas-climaticas\/#breadcrumb"},"inLanguage":"es","potentialAction":[{"@type":"ReadAction","target":["https:\/\/fuentesfidedignas.com.mx\/index.php\/2023\/11\/20\/onu-alerta-que-temperatura-global-aumentara-3-este-siglo-con-las-actuales-politicas-climaticas\/"]}]},{"@type":"ImageObject","inLanguage":"es","@id":"https:\/\/fuentesfidedignas.com.mx\/index.php\/2023\/11\/20\/onu-alerta-que-temperatura-global-aumentara-3-este-siglo-con-las-actuales-politicas-climaticas\/#primaryimage","url":"https:\/\/fuentesfidedignas.com.mx\/wp-content\/uploads\/2023\/11\/bajada-de-temperaturas-salvo-maximas-en-la-vertiente-atlantica.jpg","contentUrl":"https:\/\/fuentesfidedignas.com.mx\/wp-content\/uploads\/2023\/11\/bajada-de-temperaturas-salvo-maximas-en-la-vertiente-atlantica.jpg","width":1000,"height":666},{"@type":"BreadcrumbList","@id":"https:\/\/fuentesfidedignas.com.mx\/index.php\/2023\/11\/20\/onu-alerta-que-temperatura-global-aumentara-3-este-siglo-con-las-actuales-politicas-climaticas\/#breadcrumb","itemListElement":[{"@type":"ListItem","position":1,"name":"Inicio","item":"https:\/\/fuentesfidedignas.com.mx\/"},{"@type":"ListItem","position":2,"name":"ONU alerta que temperatura global aumentar\u00e1 3\u00b0 este siglo con las actuales pol\u00edticas clim\u00e1ticas"}]},{"@type":"WebSite","@id":"https:\/\/fuentesfidedignas.com.mx\/#website","url":"https:\/\/fuentesfidedignas.com.mx\/","name":"Fuentes Fidedignas","description":"Otro sitio realizado con WordPress","publisher":{"@id":"https:\/\/fuentesfidedignas.com.mx\/#organization"},"potentialAction":[{"@type":"SearchAction","target":{"@type":"EntryPoint","urlTemplate":"https:\/\/fuentesfidedignas.com.mx\/?s={search_term_string}"},"query-input":{"@type":"PropertyValueSpecification","valueRequired":true,"valueName":"search_term_string"}}],"inLanguage":"es"},{"@type":"Organization","@id":"https:\/\/fuentesfidedignas.com.mx\/#organization","name":"Fuentes Fidedignas","url":"https:\/\/fuentesfidedignas.com.mx\/","logo":{"@type":"ImageObject","inLanguage":"es","@id":"https:\/\/fuentesfidedignas.com.mx\/#\/schema\/logo\/image\/","url":"https:\/\/fuentesfidedignas.com.mx\/wp-content\/uploads\/2021\/04\/logo-retina.png","contentUrl":"https:\/\/fuentesfidedignas.com.mx\/wp-content\/uploads\/2021\/04\/logo-retina.png","width":280,"height":51,"caption":"Fuentes Fidedignas"},"image":{"@id":"https:\/\/fuentesfidedignas.com.mx\/#\/schema\/logo\/image\/"},"sameAs":["https:\/\/www.facebook.com\/Fuentes-Fidedignas-368234489921644","https:\/\/x.com\/fidedignas"]},{"@type":"Person","@id":"https:\/\/fuentesfidedignas.com.mx\/#\/schema\/person\/67d852f0557c8509146a4b9ddebd543a","name":"L\u00f3pez D\u00f3riga","image":{"@type":"ImageObject","inLanguage":"es","@id":"https:\/\/secure.gravatar.com\/avatar\/e525b06574ca18b33cded59dfe5778d6c823b9513154eff47da551b0551bdd1e?s=96&d=mm&r=g","url":"https:\/\/secure.gravatar.com\/avatar\/e525b06574ca18b33cded59dfe5778d6c823b9513154eff47da551b0551bdd1e?s=96&d=mm&r=g","contentUrl":"https:\/\/secure.gravatar.com\/avatar\/e525b06574ca18b33cded59dfe5778d6c823b9513154eff47da551b0551bdd1e?s=96&d=mm&r=g","caption":"L\u00f3pez D\u00f3riga"},"url":"https:\/\/fuentesfidedignas.com.mx\/index.php\/author\/doriga\/"}]}},"_links":{"self":[{"href":"https:\/\/fuentesfidedignas.com.mx\/index.php\/wp-json\/wp\/v2\/posts\/66300","targetHints":{"allow":["GET"]}}],"collection":[{"href":"https:\/\/fuentesfidedignas.com.mx\/index.php\/wp-json\/wp\/v2\/posts"}],"about":[{"href":"https:\/\/fuentesfidedignas.com.mx\/index.php\/wp-json\/wp\/v2\/types\/post"}],"author":[{"embeddable":true,"href":"https:\/\/fuentesfidedignas.com.mx\/index.php\/wp-json\/wp\/v2\/users\/47"}],"replies":[{"embeddable":true,"href":"https:\/\/fuentesfidedignas.com.mx\/index.php\/wp-json\/wp\/v2\/comments?post=66300"}],"version-history":[{"count":1,"href":"https:\/\/fuentesfidedignas.com.mx\/index.php\/wp-json\/wp\/v2\/posts\/66300\/revisions"}],"predecessor-version":[{"id":66302,"href":"https:\/\/fuentesfidedignas.com.mx\/index.php\/wp-json\/wp\/v2\/posts\/66300\/revisions\/66302"}],"wp:featuredmedia":[{"embeddable":true,"href":"https:\/\/fuentesfidedignas.com.mx\/index.php\/wp-json\/wp\/v2\/media\/66301"}],"wp:attachment":[{"href":"https:\/\/fuentesfidedignas.com.mx\/index.php\/wp-json\/wp\/v2\/media?parent=66300"}],"wp:term":[{"taxonomy":"category","embeddable":true,"href":"https:\/\/fuentesfidedignas.com.mx\/index.php\/wp-json\/wp\/v2\/categories?post=66300"},{"taxonomy":"post_tag","embeddable":true,"href":"https:\/\/fuentesfidedignas.com.mx\/index.php\/wp-json\/wp\/v2\/tags?post=66300"}],"curies":[{"name":"wp","href":"https:\/\/api.w.org\/{rel}","templated":true}]}}