{"id":66252,"date":"2023-11-21T05:37:19","date_gmt":"2023-11-21T12:37:19","guid":{"rendered":"https:\/\/fuentesfidedignas.com.mx\/?p=66252"},"modified":"2023-11-20T11:37:34","modified_gmt":"2023-11-20T18:37:34","slug":"reaparece-en-belice-el-animal-mas-viejo-del-mundo-el-tiburon-nacido-en-1505","status":"publish","type":"post","link":"https:\/\/fuentesfidedignas.com.mx\/index.php\/2023\/11\/21\/reaparece-en-belice-el-animal-mas-viejo-del-mundo-el-tiburon-nacido-en-1505\/","title":{"rendered":"Reaparece en Belice el animal m\u00e1s viejo del mundo: el tibur\u00f3n nacido en 1505"},"content":{"rendered":"\n<p><strong><em>Se estima que este ejemplar en particular podr\u00eda tener alrededor de 518 a\u00f1os, seg\u00fan los c\u00e1lculos de los cient\u00edficos, lo que lo convierte en uno de los vertebrados m\u00e1s longevos de la Tierra.<\/em><\/strong><\/p>\n\n\n\n<p>Un emocionante descubrimiento ha tenido lugar en las aguas de la Costa de Belice, donde un grupo de cient\u00edficos ha identificado una vez m\u00e1s al animal m\u00e1s antiguo del mundo: un tibur\u00f3n de Groenlandia, en el Mar Caribe.<\/p>\n\n\n\n<p>De repente vimos una criatura perezosa y de movimiento muy lento bajo la superficie del agua. Parec\u00eda algo que existir\u00eda en tiempos prehist\u00f3ricos\u201d, expres\u00f3 el bi\u00f3logo del laboratorio de Conservaci\u00f3n y Ecolog\u00eda de Predadores de la Universidad Internacional de Florida, Devanshi Kasana.<\/p>\n\n\n\n<p>Seg\u00fan revela la revista cient\u00edfica Marine Biology, este extraordinario hallazgo ha dejado perplejos a los expertos, ya que se cre\u00eda que esta especie, conocida por ser la m\u00e1s longeva del planeta, habitaba principalmente en las g\u00e9lidas aguas \u00e1rticas.<\/p>\n\n\n\n<blockquote class=\"twitter-tweet\"><p lang=\"es\" dir=\"ltr\"><a href=\"https:\/\/twitter.com\/hashtag\/Est%C3%A1Pasando?src=hash&amp;ref_src=twsrc%5Etfw\">#Est\u00e1Pasando<\/a> Vuelven a avistar al \u201ctibur\u00f3n abuelo\u201d: ejemplar de 500 a\u00f1os es el vertebrado m\u00e1s longevo del mundo del que haya registro <a href=\"https:\/\/t.co\/66kN8BFAML\">pic.twitter.com\/66kN8BFAML<\/a><\/p>&mdash; Ladera Sur \ud83c\udf0e (@ladera_sur) <a href=\"https:\/\/twitter.com\/ladera_sur\/status\/1701284026076615163?ref_src=twsrc%5Etfw\">September 11, 2023<\/a><\/blockquote> <script async src=\"https:\/\/platform.twitter.com\/widgets.js\" charset=\"utf-8\"><\/script>\n\n\n\n<p>Inicialmente confundido con un tibur\u00f3n de seis branquias, temido depredador de las profundidades, el tibur\u00f3n de Groenlandia es una especie que ya hab\u00eda capturado la atenci\u00f3n de la comunidad cient\u00edfica en 2016, cuando fue destacado en diversas portadas de revistas. Sin embargo, su reciente aparici\u00f3n en el Mar Caribe plantea interrogantes fascinantes sobre su comportamiento migratorio.<\/p>\n\n\n\n<p>Se estima que este ejemplar en particular podr\u00eda tener alrededor de 518 a\u00f1os, seg\u00fan los c\u00e1lculos de los cient\u00edficos, lo que lo convierte en uno de los vertebrados m\u00e1s longevos de la Tierra.<\/p>\n\n\n\n<p>Los tiburones de Groenlandia crecen a un ritmo asombrosamente lento, aproximadamente un cent\u00edmetro por a\u00f1o, alcanzando longitudes de hasta cinco o seis metros. Las hembras de esta especie no alcanzan la madurez sexual hasta despu\u00e9s de cumplir los 100 a\u00f1os.<\/p>\n\n\n\n<p>Demian Chapman, director de Investigaci\u00f3n de Conservaci\u00f3n de Tiburones y Rayas en el Laboratorio y Acuario Marino Mote, expres\u00f3 su asombro ante este descubrimiento y sugiri\u00f3 la posibilidad de que haya m\u00e1s de estos enigm\u00e1ticos tiburones que a\u00fan no han sido detectados en las profundidades del Caribe.<\/p>\n\n\n\n<p>&#8220;Dudo que sea el \u00fanico&#8221;, coment\u00f3 Chapman.<\/p>\n\n\n\n<p>El misterio persiste en torno a si este tibur\u00f3n de Groenlandia migr\u00f3 desde las aguas \u00e1rticas hasta el Caribe o si ha pasado gran parte de su vida oculto en las oscuras profundidades tropicales de la regi\u00f3n. La adaptaci\u00f3n de estos gigantes marinos a la vida en las sombras, donde se desplazan lentamente y envejecen a un ritmo pausado, ha capturado la atenci\u00f3n de la comunidad cient\u00edfica, destacando la importancia de continuar explorando y comprendiendo los secretos de las profundidades oce\u00e1nicas.<\/p>\n","protected":false},"excerpt":{"rendered":"<p>Se estima que este ejemplar en particular podr\u00eda tener alrededor de 518 a\u00f1os, seg\u00fan los c\u00e1lculos de los cient\u00edficos, lo que lo convierte en uno de los vertebrados m\u00e1s longevos de la Tierra. Un emocionante descubrimiento ha tenido lugar en las aguas de la Costa de Belice, donde un grupo de cient\u00edficos ha identificado una [&hellip;]<\/p>\n","protected":false},"author":7,"featured_media":66253,"comment_status":"open","ping_status":"open","sticky":false,"template":"","format":"standard","meta":{"tdm_status":"","tdm_grid_status":"","footnotes":""},"categories":[40],"tags":[],"class_list":{"0":"post-66252","1":"post","2":"type-post","3":"status-publish","4":"format-standard","5":"has-post-thumbnail","7":"category-las-asombrosas"},"yoast_head":"<!-- This site is optimized with the Yoast SEO plugin v27.4 - https:\/\/yoast.com\/product\/yoast-seo-wordpress\/ -->\n<title>Reaparece en Belice el animal m\u00e1s viejo del mundo: el tibur\u00f3n nacido en 1505 - Fuentes Fidedignas<\/title>\n<meta name=\"robots\" content=\"index, follow, max-snippet:-1, max-image-preview:large, max-video-preview:-1\" \/>\n<link rel=\"canonical\" href=\"https:\/\/fuentesfidedignas.com.mx\/index.php\/2023\/11\/21\/reaparece-en-belice-el-animal-mas-viejo-del-mundo-el-tiburon-nacido-en-1505\/\" \/>\n<meta property=\"og:locale\" content=\"es_MX\" \/>\n<meta property=\"og:type\" content=\"article\" \/>\n<meta property=\"og:title\" content=\"Reaparece en Belice el animal m\u00e1s viejo del mundo: el tibur\u00f3n nacido en 1505 - Fuentes Fidedignas\" \/>\n<meta property=\"og:description\" content=\"Se estima que este ejemplar en particular podr\u00eda tener alrededor de 518 a\u00f1os, seg\u00fan los c\u00e1lculos de los cient\u00edficos, lo que lo convierte en uno de los vertebrados m\u00e1s longevos de la Tierra. Un emocionante descubrimiento ha tenido lugar en las aguas de la Costa de Belice, donde un grupo de cient\u00edficos ha identificado una [&hellip;]\" \/>\n<meta property=\"og:url\" content=\"https:\/\/fuentesfidedignas.com.mx\/index.php\/2023\/11\/21\/reaparece-en-belice-el-animal-mas-viejo-del-mundo-el-tiburon-nacido-en-1505\/\" \/>\n<meta property=\"og:site_name\" content=\"Fuentes Fidedignas\" \/>\n<meta property=\"article:publisher\" content=\"https:\/\/www.facebook.com\/Fuentes-Fidedignas-368234489921644\" \/>\n<meta property=\"article:published_time\" content=\"2023-11-21T12:37:19+00:00\" \/>\n<meta property=\"og:image\" content=\"https:\/\/fuentesfidedignas.com.mx\/wp-content\/uploads\/2023\/11\/tiburon_longevo.jpg\" \/>\n\t<meta property=\"og:image:width\" content=\"800\" \/>\n\t<meta property=\"og:image:height\" content=\"600\" \/>\n\t<meta property=\"og:image:type\" content=\"image\/jpeg\" \/>\n<meta name=\"author\" content=\"Exc\u00e9lsior\" \/>\n<meta name=\"twitter:card\" content=\"summary_large_image\" \/>\n<meta name=\"twitter:creator\" content=\"@fidedignas\" \/>\n<meta name=\"twitter:site\" content=\"@fidedignas\" \/>\n<meta name=\"twitter:label1\" content=\"Escrito por\" \/>\n\t<meta name=\"twitter:data1\" content=\"Exc\u00e9lsior\" \/>\n\t<meta name=\"twitter:label2\" content=\"Tiempo de lectura\" \/>\n\t<meta name=\"twitter:data2\" content=\"2 minutos\" \/>\n<script type=\"application\/ld+json\" class=\"yoast-schema-graph\">{\"@context\":\"https:\\\/\\\/schema.org\",\"@graph\":[{\"@type\":\"Article\",\"@id\":\"https:\\\/\\\/fuentesfidedignas.com.mx\\\/index.php\\\/2023\\\/11\\\/21\\\/reaparece-en-belice-el-animal-mas-viejo-del-mundo-el-tiburon-nacido-en-1505\\\/#article\",\"isPartOf\":{\"@id\":\"https:\\\/\\\/fuentesfidedignas.com.mx\\\/index.php\\\/2023\\\/11\\\/21\\\/reaparece-en-belice-el-animal-mas-viejo-del-mundo-el-tiburon-nacido-en-1505\\\/\"},\"author\":{\"name\":\"Exc\u00e9lsior\",\"@id\":\"https:\\\/\\\/fuentesfidedignas.com.mx\\\/#\\\/schema\\\/person\\\/ec4edd1fbf5efa3e44fce34fe2787780\"},\"headline\":\"Reaparece en Belice el animal m\u00e1s viejo del mundo: el tibur\u00f3n nacido en 1505\",\"datePublished\":\"2023-11-21T12:37:19+00:00\",\"mainEntityOfPage\":{\"@id\":\"https:\\\/\\\/fuentesfidedignas.com.mx\\\/index.php\\\/2023\\\/11\\\/21\\\/reaparece-en-belice-el-animal-mas-viejo-del-mundo-el-tiburon-nacido-en-1505\\\/\"},\"wordCount\":510,\"commentCount\":0,\"publisher\":{\"@id\":\"https:\\\/\\\/fuentesfidedignas.com.mx\\\/#organization\"},\"image\":{\"@id\":\"https:\\\/\\\/fuentesfidedignas.com.mx\\\/index.php\\\/2023\\\/11\\\/21\\\/reaparece-en-belice-el-animal-mas-viejo-del-mundo-el-tiburon-nacido-en-1505\\\/#primaryimage\"},\"thumbnailUrl\":\"https:\\\/\\\/fuentesfidedignas.com.mx\\\/wp-content\\\/uploads\\\/2023\\\/11\\\/tiburon_longevo.jpg\",\"articleSection\":[\"LAS ASOMBROSAS\"],\"inLanguage\":\"es\",\"potentialAction\":[{\"@type\":\"CommentAction\",\"name\":\"Comment\",\"target\":[\"https:\\\/\\\/fuentesfidedignas.com.mx\\\/index.php\\\/2023\\\/11\\\/21\\\/reaparece-en-belice-el-animal-mas-viejo-del-mundo-el-tiburon-nacido-en-1505\\\/#respond\"]}]},{\"@type\":\"WebPage\",\"@id\":\"https:\\\/\\\/fuentesfidedignas.com.mx\\\/index.php\\\/2023\\\/11\\\/21\\\/reaparece-en-belice-el-animal-mas-viejo-del-mundo-el-tiburon-nacido-en-1505\\\/\",\"url\":\"https:\\\/\\\/fuentesfidedignas.com.mx\\\/index.php\\\/2023\\\/11\\\/21\\\/reaparece-en-belice-el-animal-mas-viejo-del-mundo-el-tiburon-nacido-en-1505\\\/\",\"name\":\"Reaparece en Belice el animal m\u00e1s viejo del mundo: el tibur\u00f3n nacido en 1505 - Fuentes Fidedignas\",\"isPartOf\":{\"@id\":\"https:\\\/\\\/fuentesfidedignas.com.mx\\\/#website\"},\"primaryImageOfPage\":{\"@id\":\"https:\\\/\\\/fuentesfidedignas.com.mx\\\/index.php\\\/2023\\\/11\\\/21\\\/reaparece-en-belice-el-animal-mas-viejo-del-mundo-el-tiburon-nacido-en-1505\\\/#primaryimage\"},\"image\":{\"@id\":\"https:\\\/\\\/fuentesfidedignas.com.mx\\\/index.php\\\/2023\\\/11\\\/21\\\/reaparece-en-belice-el-animal-mas-viejo-del-mundo-el-tiburon-nacido-en-1505\\\/#primaryimage\"},\"thumbnailUrl\":\"https:\\\/\\\/fuentesfidedignas.com.mx\\\/wp-content\\\/uploads\\\/2023\\\/11\\\/tiburon_longevo.jpg\",\"datePublished\":\"2023-11-21T12:37:19+00:00\",\"breadcrumb\":{\"@id\":\"https:\\\/\\\/fuentesfidedignas.com.mx\\\/index.php\\\/2023\\\/11\\\/21\\\/reaparece-en-belice-el-animal-mas-viejo-del-mundo-el-tiburon-nacido-en-1505\\\/#breadcrumb\"},\"inLanguage\":\"es\",\"potentialAction\":[{\"@type\":\"ReadAction\",\"target\":[\"https:\\\/\\\/fuentesfidedignas.com.mx\\\/index.php\\\/2023\\\/11\\\/21\\\/reaparece-en-belice-el-animal-mas-viejo-del-mundo-el-tiburon-nacido-en-1505\\\/\"]}]},{\"@type\":\"ImageObject\",\"inLanguage\":\"es\",\"@id\":\"https:\\\/\\\/fuentesfidedignas.com.mx\\\/index.php\\\/2023\\\/11\\\/21\\\/reaparece-en-belice-el-animal-mas-viejo-del-mundo-el-tiburon-nacido-en-1505\\\/#primaryimage\",\"url\":\"https:\\\/\\\/fuentesfidedignas.com.mx\\\/wp-content\\\/uploads\\\/2023\\\/11\\\/tiburon_longevo.jpg\",\"contentUrl\":\"https:\\\/\\\/fuentesfidedignas.com.mx\\\/wp-content\\\/uploads\\\/2023\\\/11\\\/tiburon_longevo.jpg\",\"width\":800,\"height\":600},{\"@type\":\"BreadcrumbList\",\"@id\":\"https:\\\/\\\/fuentesfidedignas.com.mx\\\/index.php\\\/2023\\\/11\\\/21\\\/reaparece-en-belice-el-animal-mas-viejo-del-mundo-el-tiburon-nacido-en-1505\\\/#breadcrumb\",\"itemListElement\":[{\"@type\":\"ListItem\",\"position\":1,\"name\":\"Inicio\",\"item\":\"https:\\\/\\\/fuentesfidedignas.com.mx\\\/\"},{\"@type\":\"ListItem\",\"position\":2,\"name\":\"Reaparece en Belice el animal m\u00e1s viejo del mundo: el tibur\u00f3n nacido en 1505\"}]},{\"@type\":\"WebSite\",\"@id\":\"https:\\\/\\\/fuentesfidedignas.com.mx\\\/#website\",\"url\":\"https:\\\/\\\/fuentesfidedignas.com.mx\\\/\",\"name\":\"Fuentes Fidedignas\",\"description\":\"Otro sitio realizado con WordPress\",\"publisher\":{\"@id\":\"https:\\\/\\\/fuentesfidedignas.com.mx\\\/#organization\"},\"potentialAction\":[{\"@type\":\"SearchAction\",\"target\":{\"@type\":\"EntryPoint\",\"urlTemplate\":\"https:\\\/\\\/fuentesfidedignas.com.mx\\\/?s={search_term_string}\"},\"query-input\":{\"@type\":\"PropertyValueSpecification\",\"valueRequired\":true,\"valueName\":\"search_term_string\"}}],\"inLanguage\":\"es\"},{\"@type\":\"Organization\",\"@id\":\"https:\\\/\\\/fuentesfidedignas.com.mx\\\/#organization\",\"name\":\"Fuentes Fidedignas\",\"url\":\"https:\\\/\\\/fuentesfidedignas.com.mx\\\/\",\"logo\":{\"@type\":\"ImageObject\",\"inLanguage\":\"es\",\"@id\":\"https:\\\/\\\/fuentesfidedignas.com.mx\\\/#\\\/schema\\\/logo\\\/image\\\/\",\"url\":\"https:\\\/\\\/fuentesfidedignas.com.mx\\\/wp-content\\\/uploads\\\/2021\\\/04\\\/logo-retina.png\",\"contentUrl\":\"https:\\\/\\\/fuentesfidedignas.com.mx\\\/wp-content\\\/uploads\\\/2021\\\/04\\\/logo-retina.png\",\"width\":280,\"height\":51,\"caption\":\"Fuentes Fidedignas\"},\"image\":{\"@id\":\"https:\\\/\\\/fuentesfidedignas.com.mx\\\/#\\\/schema\\\/logo\\\/image\\\/\"},\"sameAs\":[\"https:\\\/\\\/www.facebook.com\\\/Fuentes-Fidedignas-368234489921644\",\"https:\\\/\\\/x.com\\\/fidedignas\"]},{\"@type\":\"Person\",\"@id\":\"https:\\\/\\\/fuentesfidedignas.com.mx\\\/#\\\/schema\\\/person\\\/ec4edd1fbf5efa3e44fce34fe2787780\",\"name\":\"Exc\u00e9lsior\",\"image\":{\"@type\":\"ImageObject\",\"inLanguage\":\"es\",\"@id\":\"https:\\\/\\\/secure.gravatar.com\\\/avatar\\\/4b7ee9206b48be08447852b3f0814dbc7c0f3b51541b164f1464a2725614020b?s=96&d=mm&r=g\",\"url\":\"https:\\\/\\\/secure.gravatar.com\\\/avatar\\\/4b7ee9206b48be08447852b3f0814dbc7c0f3b51541b164f1464a2725614020b?s=96&d=mm&r=g\",\"contentUrl\":\"https:\\\/\\\/secure.gravatar.com\\\/avatar\\\/4b7ee9206b48be08447852b3f0814dbc7c0f3b51541b164f1464a2725614020b?s=96&d=mm&r=g\",\"caption\":\"Exc\u00e9lsior\"},\"url\":\"https:\\\/\\\/fuentesfidedignas.com.mx\\\/index.php\\\/author\\\/excelsior\\\/\"}]}<\/script>\n<!-- \/ Yoast SEO plugin. -->","yoast_head_json":{"title":"Reaparece en Belice el animal m\u00e1s viejo del mundo: el tibur\u00f3n nacido en 1505 - Fuentes Fidedignas","robots":{"index":"index","follow":"follow","max-snippet":"max-snippet:-1","max-image-preview":"max-image-preview:large","max-video-preview":"max-video-preview:-1"},"canonical":"https:\/\/fuentesfidedignas.com.mx\/index.php\/2023\/11\/21\/reaparece-en-belice-el-animal-mas-viejo-del-mundo-el-tiburon-nacido-en-1505\/","og_locale":"es_MX","og_type":"article","og_title":"Reaparece en Belice el animal m\u00e1s viejo del mundo: el tibur\u00f3n nacido en 1505 - Fuentes Fidedignas","og_description":"Se estima que este ejemplar en particular podr\u00eda tener alrededor de 518 a\u00f1os, seg\u00fan los c\u00e1lculos de los cient\u00edficos, lo que lo convierte en uno de los vertebrados m\u00e1s longevos de la Tierra. Un emocionante descubrimiento ha tenido lugar en las aguas de la Costa de Belice, donde un grupo de cient\u00edficos ha identificado una [&hellip;]","og_url":"https:\/\/fuentesfidedignas.com.mx\/index.php\/2023\/11\/21\/reaparece-en-belice-el-animal-mas-viejo-del-mundo-el-tiburon-nacido-en-1505\/","og_site_name":"Fuentes Fidedignas","article_publisher":"https:\/\/www.facebook.com\/Fuentes-Fidedignas-368234489921644","article_published_time":"2023-11-21T12:37:19+00:00","og_image":[{"width":800,"height":600,"url":"https:\/\/fuentesfidedignas.com.mx\/wp-content\/uploads\/2023\/11\/tiburon_longevo.jpg","type":"image\/jpeg"}],"author":"Exc\u00e9lsior","twitter_card":"summary_large_image","twitter_creator":"@fidedignas","twitter_site":"@fidedignas","twitter_misc":{"Escrito por":"Exc\u00e9lsior","Tiempo de lectura":"2 minutos"},"schema":{"@context":"https:\/\/schema.org","@graph":[{"@type":"Article","@id":"https:\/\/fuentesfidedignas.com.mx\/index.php\/2023\/11\/21\/reaparece-en-belice-el-animal-mas-viejo-del-mundo-el-tiburon-nacido-en-1505\/#article","isPartOf":{"@id":"https:\/\/fuentesfidedignas.com.mx\/index.php\/2023\/11\/21\/reaparece-en-belice-el-animal-mas-viejo-del-mundo-el-tiburon-nacido-en-1505\/"},"author":{"name":"Exc\u00e9lsior","@id":"https:\/\/fuentesfidedignas.com.mx\/#\/schema\/person\/ec4edd1fbf5efa3e44fce34fe2787780"},"headline":"Reaparece en Belice el animal m\u00e1s viejo del mundo: el tibur\u00f3n nacido en 1505","datePublished":"2023-11-21T12:37:19+00:00","mainEntityOfPage":{"@id":"https:\/\/fuentesfidedignas.com.mx\/index.php\/2023\/11\/21\/reaparece-en-belice-el-animal-mas-viejo-del-mundo-el-tiburon-nacido-en-1505\/"},"wordCount":510,"commentCount":0,"publisher":{"@id":"https:\/\/fuentesfidedignas.com.mx\/#organization"},"image":{"@id":"https:\/\/fuentesfidedignas.com.mx\/index.php\/2023\/11\/21\/reaparece-en-belice-el-animal-mas-viejo-del-mundo-el-tiburon-nacido-en-1505\/#primaryimage"},"thumbnailUrl":"https:\/\/fuentesfidedignas.com.mx\/wp-content\/uploads\/2023\/11\/tiburon_longevo.jpg","articleSection":["LAS ASOMBROSAS"],"inLanguage":"es","potentialAction":[{"@type":"CommentAction","name":"Comment","target":["https:\/\/fuentesfidedignas.com.mx\/index.php\/2023\/11\/21\/reaparece-en-belice-el-animal-mas-viejo-del-mundo-el-tiburon-nacido-en-1505\/#respond"]}]},{"@type":"WebPage","@id":"https:\/\/fuentesfidedignas.com.mx\/index.php\/2023\/11\/21\/reaparece-en-belice-el-animal-mas-viejo-del-mundo-el-tiburon-nacido-en-1505\/","url":"https:\/\/fuentesfidedignas.com.mx\/index.php\/2023\/11\/21\/reaparece-en-belice-el-animal-mas-viejo-del-mundo-el-tiburon-nacido-en-1505\/","name":"Reaparece en Belice el animal m\u00e1s viejo del mundo: el tibur\u00f3n nacido en 1505 - Fuentes Fidedignas","isPartOf":{"@id":"https:\/\/fuentesfidedignas.com.mx\/#website"},"primaryImageOfPage":{"@id":"https:\/\/fuentesfidedignas.com.mx\/index.php\/2023\/11\/21\/reaparece-en-belice-el-animal-mas-viejo-del-mundo-el-tiburon-nacido-en-1505\/#primaryimage"},"image":{"@id":"https:\/\/fuentesfidedignas.com.mx\/index.php\/2023\/11\/21\/reaparece-en-belice-el-animal-mas-viejo-del-mundo-el-tiburon-nacido-en-1505\/#primaryimage"},"thumbnailUrl":"https:\/\/fuentesfidedignas.com.mx\/wp-content\/uploads\/2023\/11\/tiburon_longevo.jpg","datePublished":"2023-11-21T12:37:19+00:00","breadcrumb":{"@id":"https:\/\/fuentesfidedignas.com.mx\/index.php\/2023\/11\/21\/reaparece-en-belice-el-animal-mas-viejo-del-mundo-el-tiburon-nacido-en-1505\/#breadcrumb"},"inLanguage":"es","potentialAction":[{"@type":"ReadAction","target":["https:\/\/fuentesfidedignas.com.mx\/index.php\/2023\/11\/21\/reaparece-en-belice-el-animal-mas-viejo-del-mundo-el-tiburon-nacido-en-1505\/"]}]},{"@type":"ImageObject","inLanguage":"es","@id":"https:\/\/fuentesfidedignas.com.mx\/index.php\/2023\/11\/21\/reaparece-en-belice-el-animal-mas-viejo-del-mundo-el-tiburon-nacido-en-1505\/#primaryimage","url":"https:\/\/fuentesfidedignas.com.mx\/wp-content\/uploads\/2023\/11\/tiburon_longevo.jpg","contentUrl":"https:\/\/fuentesfidedignas.com.mx\/wp-content\/uploads\/2023\/11\/tiburon_longevo.jpg","width":800,"height":600},{"@type":"BreadcrumbList","@id":"https:\/\/fuentesfidedignas.com.mx\/index.php\/2023\/11\/21\/reaparece-en-belice-el-animal-mas-viejo-del-mundo-el-tiburon-nacido-en-1505\/#breadcrumb","itemListElement":[{"@type":"ListItem","position":1,"name":"Inicio","item":"https:\/\/fuentesfidedignas.com.mx\/"},{"@type":"ListItem","position":2,"name":"Reaparece en Belice el animal m\u00e1s viejo del mundo: el tibur\u00f3n nacido en 1505"}]},{"@type":"WebSite","@id":"https:\/\/fuentesfidedignas.com.mx\/#website","url":"https:\/\/fuentesfidedignas.com.mx\/","name":"Fuentes Fidedignas","description":"Otro sitio realizado con WordPress","publisher":{"@id":"https:\/\/fuentesfidedignas.com.mx\/#organization"},"potentialAction":[{"@type":"SearchAction","target":{"@type":"EntryPoint","urlTemplate":"https:\/\/fuentesfidedignas.com.mx\/?s={search_term_string}"},"query-input":{"@type":"PropertyValueSpecification","valueRequired":true,"valueName":"search_term_string"}}],"inLanguage":"es"},{"@type":"Organization","@id":"https:\/\/fuentesfidedignas.com.mx\/#organization","name":"Fuentes Fidedignas","url":"https:\/\/fuentesfidedignas.com.mx\/","logo":{"@type":"ImageObject","inLanguage":"es","@id":"https:\/\/fuentesfidedignas.com.mx\/#\/schema\/logo\/image\/","url":"https:\/\/fuentesfidedignas.com.mx\/wp-content\/uploads\/2021\/04\/logo-retina.png","contentUrl":"https:\/\/fuentesfidedignas.com.mx\/wp-content\/uploads\/2021\/04\/logo-retina.png","width":280,"height":51,"caption":"Fuentes Fidedignas"},"image":{"@id":"https:\/\/fuentesfidedignas.com.mx\/#\/schema\/logo\/image\/"},"sameAs":["https:\/\/www.facebook.com\/Fuentes-Fidedignas-368234489921644","https:\/\/x.com\/fidedignas"]},{"@type":"Person","@id":"https:\/\/fuentesfidedignas.com.mx\/#\/schema\/person\/ec4edd1fbf5efa3e44fce34fe2787780","name":"Exc\u00e9lsior","image":{"@type":"ImageObject","inLanguage":"es","@id":"https:\/\/secure.gravatar.com\/avatar\/4b7ee9206b48be08447852b3f0814dbc7c0f3b51541b164f1464a2725614020b?s=96&d=mm&r=g","url":"https:\/\/secure.gravatar.com\/avatar\/4b7ee9206b48be08447852b3f0814dbc7c0f3b51541b164f1464a2725614020b?s=96&d=mm&r=g","contentUrl":"https:\/\/secure.gravatar.com\/avatar\/4b7ee9206b48be08447852b3f0814dbc7c0f3b51541b164f1464a2725614020b?s=96&d=mm&r=g","caption":"Exc\u00e9lsior"},"url":"https:\/\/fuentesfidedignas.com.mx\/index.php\/author\/excelsior\/"}]}},"_links":{"self":[{"href":"https:\/\/fuentesfidedignas.com.mx\/index.php\/wp-json\/wp\/v2\/posts\/66252","targetHints":{"allow":["GET"]}}],"collection":[{"href":"https:\/\/fuentesfidedignas.com.mx\/index.php\/wp-json\/wp\/v2\/posts"}],"about":[{"href":"https:\/\/fuentesfidedignas.com.mx\/index.php\/wp-json\/wp\/v2\/types\/post"}],"author":[{"embeddable":true,"href":"https:\/\/fuentesfidedignas.com.mx\/index.php\/wp-json\/wp\/v2\/users\/7"}],"replies":[{"embeddable":true,"href":"https:\/\/fuentesfidedignas.com.mx\/index.php\/wp-json\/wp\/v2\/comments?post=66252"}],"version-history":[{"count":1,"href":"https:\/\/fuentesfidedignas.com.mx\/index.php\/wp-json\/wp\/v2\/posts\/66252\/revisions"}],"predecessor-version":[{"id":66254,"href":"https:\/\/fuentesfidedignas.com.mx\/index.php\/wp-json\/wp\/v2\/posts\/66252\/revisions\/66254"}],"wp:featuredmedia":[{"embeddable":true,"href":"https:\/\/fuentesfidedignas.com.mx\/index.php\/wp-json\/wp\/v2\/media\/66253"}],"wp:attachment":[{"href":"https:\/\/fuentesfidedignas.com.mx\/index.php\/wp-json\/wp\/v2\/media?parent=66252"}],"wp:term":[{"taxonomy":"category","embeddable":true,"href":"https:\/\/fuentesfidedignas.com.mx\/index.php\/wp-json\/wp\/v2\/categories?post=66252"},{"taxonomy":"post_tag","embeddable":true,"href":"https:\/\/fuentesfidedignas.com.mx\/index.php\/wp-json\/wp\/v2\/tags?post=66252"}],"curies":[{"name":"wp","href":"https:\/\/api.w.org\/{rel}","templated":true}]}}