{"id":65964,"date":"2023-11-16T17:06:10","date_gmt":"2023-11-17T00:06:10","guid":{"rendered":"https:\/\/fuentesfidedignas.com.mx\/?p=65964"},"modified":"2023-11-16T17:06:21","modified_gmt":"2023-11-17T00:06:21","slug":"uas-pone-marcha-el-ciclo-de-conferencias-por-el-dia-mundial-de-la-diabetes","status":"publish","type":"post","link":"https:\/\/fuentesfidedignas.com.mx\/index.php\/2023\/11\/16\/uas-pone-marcha-el-ciclo-de-conferencias-por-el-dia-mundial-de-la-diabetes\/","title":{"rendered":"UAS pone marcha el Ciclo de Conferencias por el D\u00eda Mundial de la Diabetes"},"content":{"rendered":"\n<p><strong><em>Al compartir el conocimiento de especialistas diversos se construye un espacio de prevenci\u00f3n y cuidado para la salud y el bienestar, pues es a trav\u00e9s de la educaci\u00f3n y colaboraci\u00f3n se puede marcar la diferencia en la vida de quienes padecen diabetes.<\/em><\/strong><\/p>\n\n\n\n<p>Culiac\u00e1n, Sin.- Por lo menos uno de cada 10 mexicanos padece de diabetes por ser una enfermedad que se encuentra en los genes, de ah\u00ed la importancia de que se concientice sobre el fomento de la prevenci\u00f3n y atenci\u00f3n de la misma, as\u00ed se estableci\u00f3 durante la Inauguraci\u00f3n del Ciclo de Conferencias en el marco del D\u00eda Mundial de la Diabetes que organiz\u00f3 la Universidad Aut\u00f3noma de Sinaloa (UAS), a trav\u00e9s de la Unidad de Bienestar Universitario (UBU).<\/p>\n\n\n\n<p>La directora de la Bienestar Universitario, maestra Sof\u00eda Angulo de Madue\u00f1a, agradeci\u00f3 la participaci\u00f3n como ponentes a los doctores Mario Jim\u00e9nez Ricarde, Endocrin\u00f3logo; David Uriarte Gast\u00e9lum, Sex\u00f3logo; Israel Le\u00f3n Ochoa, Pod\u00f3logo; y Jos\u00e9 Antonio Morales Melgen, Nutri\u00f3logo, porque sus exposiciones brindar\u00e1n informaci\u00f3n relevante sobre la prevenci\u00f3n de la diabetes y concientizar\u00e1n para disminuir la incidencia estad\u00edstica de esta enfermedad.<\/p>\n\n\n\n<p>\u201cCuando en la familia hay una persona que padece esta enfermedad tenemos que ayudarle emp\u00e1tica y solidariamente, primeramente, tenemos que informarnos y conocer m\u00e1s a detalle sobre dicha enfermedad y saber con qui\u00e9n canalizarlos\u201d, expres\u00f3.<\/p>\n\n\n\n<p>Enfatiz\u00f3 que al compartir el conocimiento de especialistas diversos se construye un espacio de prevenci\u00f3n y cuidado para la salud y el bienestar, pues es a trav\u00e9s de la educaci\u00f3n y colaboraci\u00f3n se puede marcar la diferencia en la vida de quienes padecen diabetes.<\/p>\n\n\n\n<p>Angulo de Madue\u00f1a consider\u00f3 que la diabetes es una enfermedad cr\u00f3nica que puede ser de grandes consecuencias si no se controla adecuadamente y la clave para enfrentarla radica en la prevenci\u00f3n, en el diagn\u00f3stico temprano y el tratamiento oportuno.<\/p>\n\n\n\n<p>A nombre del Rector Titular de la UAS, doctor Jes\u00fas Madue\u00f1a Molina, y de las autoridades afectadas en el proceso judicial, agradeci\u00f3 a los universitarios la uni\u00f3n en apoyo a la defensa de la Autonom\u00eda Universitaria.<\/p>\n\n\n\n<p>Por su parte el director de la Facultad de Medicina, doctor Luis Alberto Gonz\u00e1lez Garc\u00eda, expres\u00f3 que en la atenci\u00f3n de la diabetes convergen especialistas de \u00e1reas como nutrici\u00f3n, enfermer\u00eda, medicina, podolog\u00eda, trabajo social y educaci\u00f3n, porque dicha enfermedad ocasiona otras condiciones cuando no se trata a tiempo.<\/p>\n\n\n\n<p>\u201cNo hay una sola casa o familia en el pa\u00eds en donde no se tenga a una persona que sea diab\u00e9tica, est\u00e1 en nuestros genes, ese gen es parte ya de nuestra poblaci\u00f3n, ese gen condiciona que todos los mexicanos tengamos el riesgo de desarrollar diabetes como enfermedad; esta condici\u00f3n no viene sola, si se tiene diabetes se podr\u00e1 tener muchas otras cosas en la salud, desde problemas en ri\u00f1ones, pulmones, coraz\u00f3n, en la circulaci\u00f3n\u201d, dijo.<\/p>\n\n\n\n<p>\u201cCuando detectamos a un paciente con diabetes es porque detectamos ya alguna complicaci\u00f3n, l\u00e1stima, porque esta enfermedad a pesar de que la tengamos en los genes podemos retrasar su aparici\u00f3n o limitar su evoluci\u00f3n\u201d, manifest\u00f3 Gonz\u00e1lez Garc\u00eda al precisar que la tarea primordial de los profesionales de la salud no es curar sino mantener el estado de salud y record\u00f3 que la diabetes es una enfermedad que no se cura.<\/p>\n\n\n\n<p>Expuso que cuando la diabetes se presenta se puede manejar, detenerla y evitar complicaciones, lament\u00f3 que en el pa\u00eds se quiera curar la enfermedad cuando se debe actuar antes de que se presente, de ah\u00ed la importancia de un trabajo multidisciplinario y como ejemplo cit\u00f3 que un alto porcentaje de pacientes con diabetes alcanza su mejor\u00eda s\u00f3lo con la alimentaci\u00f3n.<\/p>\n","protected":false},"excerpt":{"rendered":"<p>Al compartir el conocimiento de especialistas diversos se construye un espacio de prevenci\u00f3n y cuidado para la salud y el bienestar, pues es a trav\u00e9s de la educaci\u00f3n y colaboraci\u00f3n se puede marcar la diferencia en la vida de quienes padecen diabetes. Culiac\u00e1n, Sin.- Por lo menos uno de cada 10 mexicanos padece de diabetes [&hellip;]<\/p>\n","protected":false},"author":4,"featured_media":65965,"comment_status":"open","ping_status":"open","sticky":false,"template":"","format":"standard","meta":{"tdm_status":"","tdm_grid_status":"","footnotes":""},"categories":[1],"tags":[],"class_list":{"0":"post-65964","1":"post","2":"type-post","3":"status-publish","4":"format-standard","5":"has-post-thumbnail","7":"category-sin-categoria"},"yoast_head":"<!-- This site is optimized with the Yoast SEO plugin v27.5 - https:\/\/yoast.com\/product\/yoast-seo-wordpress\/ -->\n<title>UAS pone marcha el Ciclo de Conferencias por el D\u00eda Mundial de la Diabetes - Fuentes Fidedignas<\/title>\n<meta name=\"robots\" content=\"index, follow, max-snippet:-1, max-image-preview:large, max-video-preview:-1\" \/>\n<link rel=\"canonical\" href=\"https:\/\/fuentesfidedignas.com.mx\/index.php\/2023\/11\/16\/uas-pone-marcha-el-ciclo-de-conferencias-por-el-dia-mundial-de-la-diabetes\/\" \/>\n<meta property=\"og:locale\" content=\"es_MX\" \/>\n<meta property=\"og:type\" content=\"article\" \/>\n<meta property=\"og:title\" content=\"UAS pone marcha el Ciclo de Conferencias por el D\u00eda Mundial de la Diabetes - Fuentes Fidedignas\" \/>\n<meta property=\"og:description\" content=\"Al compartir el conocimiento de especialistas diversos se construye un espacio de prevenci\u00f3n y cuidado para la salud y el bienestar, pues es a trav\u00e9s de la educaci\u00f3n y colaboraci\u00f3n se puede marcar la diferencia en la vida de quienes padecen diabetes. Culiac\u00e1n, Sin.- Por lo menos uno de cada 10 mexicanos padece de diabetes [&hellip;]\" \/>\n<meta property=\"og:url\" content=\"https:\/\/fuentesfidedignas.com.mx\/index.php\/2023\/11\/16\/uas-pone-marcha-el-ciclo-de-conferencias-por-el-dia-mundial-de-la-diabetes\/\" \/>\n<meta property=\"og:site_name\" content=\"Fuentes Fidedignas\" \/>\n<meta property=\"article:publisher\" content=\"https:\/\/www.facebook.com\/Fuentes-Fidedignas-368234489921644\" \/>\n<meta property=\"article:published_time\" content=\"2023-11-17T00:06:10+00:00\" \/>\n<meta property=\"article:modified_time\" content=\"2023-11-17T00:06:21+00:00\" \/>\n<meta property=\"og:image\" content=\"https:\/\/fuentesfidedignas.com.mx\/wp-content\/uploads\/2023\/11\/DIABETES-2.jpg\" \/>\n\t<meta property=\"og:image:width\" content=\"1280\" \/>\n\t<meta property=\"og:image:height\" content=\"853\" \/>\n\t<meta property=\"og:image:type\" content=\"image\/jpeg\" \/>\n<meta name=\"author\" content=\"Redacci\u00f3n\" \/>\n<meta name=\"twitter:card\" content=\"summary_large_image\" \/>\n<meta name=\"twitter:creator\" content=\"@fidedignas\" \/>\n<meta name=\"twitter:site\" content=\"@fidedignas\" \/>\n<meta name=\"twitter:label1\" content=\"Escrito por\" \/>\n\t<meta name=\"twitter:data1\" content=\"Redacci\u00f3n\" \/>\n\t<meta name=\"twitter:label2\" content=\"Tiempo de lectura\" \/>\n\t<meta name=\"twitter:data2\" content=\"3 minutos\" \/>\n<script type=\"application\/ld+json\" class=\"yoast-schema-graph\">{\"@context\":\"https:\\\/\\\/schema.org\",\"@graph\":[{\"@type\":\"Article\",\"@id\":\"https:\\\/\\\/fuentesfidedignas.com.mx\\\/index.php\\\/2023\\\/11\\\/16\\\/uas-pone-marcha-el-ciclo-de-conferencias-por-el-dia-mundial-de-la-diabetes\\\/#article\",\"isPartOf\":{\"@id\":\"https:\\\/\\\/fuentesfidedignas.com.mx\\\/index.php\\\/2023\\\/11\\\/16\\\/uas-pone-marcha-el-ciclo-de-conferencias-por-el-dia-mundial-de-la-diabetes\\\/\"},\"author\":{\"name\":\"Redacci\u00f3n\",\"@id\":\"https:\\\/\\\/fuentesfidedignas.com.mx\\\/#\\\/schema\\\/person\\\/331be9283d37198e2acd5750279085b0\"},\"headline\":\"UAS pone marcha el Ciclo de Conferencias por el D\u00eda Mundial de la Diabetes\",\"datePublished\":\"2023-11-17T00:06:10+00:00\",\"dateModified\":\"2023-11-17T00:06:21+00:00\",\"mainEntityOfPage\":{\"@id\":\"https:\\\/\\\/fuentesfidedignas.com.mx\\\/index.php\\\/2023\\\/11\\\/16\\\/uas-pone-marcha-el-ciclo-de-conferencias-por-el-dia-mundial-de-la-diabetes\\\/\"},\"wordCount\":667,\"commentCount\":0,\"publisher\":{\"@id\":\"https:\\\/\\\/fuentesfidedignas.com.mx\\\/#organization\"},\"image\":{\"@id\":\"https:\\\/\\\/fuentesfidedignas.com.mx\\\/index.php\\\/2023\\\/11\\\/16\\\/uas-pone-marcha-el-ciclo-de-conferencias-por-el-dia-mundial-de-la-diabetes\\\/#primaryimage\"},\"thumbnailUrl\":\"https:\\\/\\\/fuentesfidedignas.com.mx\\\/wp-content\\\/uploads\\\/2023\\\/11\\\/DIABETES-2.jpg\",\"inLanguage\":\"es\",\"potentialAction\":[{\"@type\":\"CommentAction\",\"name\":\"Comment\",\"target\":[\"https:\\\/\\\/fuentesfidedignas.com.mx\\\/index.php\\\/2023\\\/11\\\/16\\\/uas-pone-marcha-el-ciclo-de-conferencias-por-el-dia-mundial-de-la-diabetes\\\/#respond\"]}]},{\"@type\":\"WebPage\",\"@id\":\"https:\\\/\\\/fuentesfidedignas.com.mx\\\/index.php\\\/2023\\\/11\\\/16\\\/uas-pone-marcha-el-ciclo-de-conferencias-por-el-dia-mundial-de-la-diabetes\\\/\",\"url\":\"https:\\\/\\\/fuentesfidedignas.com.mx\\\/index.php\\\/2023\\\/11\\\/16\\\/uas-pone-marcha-el-ciclo-de-conferencias-por-el-dia-mundial-de-la-diabetes\\\/\",\"name\":\"UAS pone marcha el Ciclo de Conferencias por el D\u00eda Mundial de la Diabetes - Fuentes Fidedignas\",\"isPartOf\":{\"@id\":\"https:\\\/\\\/fuentesfidedignas.com.mx\\\/#website\"},\"primaryImageOfPage\":{\"@id\":\"https:\\\/\\\/fuentesfidedignas.com.mx\\\/index.php\\\/2023\\\/11\\\/16\\\/uas-pone-marcha-el-ciclo-de-conferencias-por-el-dia-mundial-de-la-diabetes\\\/#primaryimage\"},\"image\":{\"@id\":\"https:\\\/\\\/fuentesfidedignas.com.mx\\\/index.php\\\/2023\\\/11\\\/16\\\/uas-pone-marcha-el-ciclo-de-conferencias-por-el-dia-mundial-de-la-diabetes\\\/#primaryimage\"},\"thumbnailUrl\":\"https:\\\/\\\/fuentesfidedignas.com.mx\\\/wp-content\\\/uploads\\\/2023\\\/11\\\/DIABETES-2.jpg\",\"datePublished\":\"2023-11-17T00:06:10+00:00\",\"dateModified\":\"2023-11-17T00:06:21+00:00\",\"breadcrumb\":{\"@id\":\"https:\\\/\\\/fuentesfidedignas.com.mx\\\/index.php\\\/2023\\\/11\\\/16\\\/uas-pone-marcha-el-ciclo-de-conferencias-por-el-dia-mundial-de-la-diabetes\\\/#breadcrumb\"},\"inLanguage\":\"es\",\"potentialAction\":[{\"@type\":\"ReadAction\",\"target\":[\"https:\\\/\\\/fuentesfidedignas.com.mx\\\/index.php\\\/2023\\\/11\\\/16\\\/uas-pone-marcha-el-ciclo-de-conferencias-por-el-dia-mundial-de-la-diabetes\\\/\"]}]},{\"@type\":\"ImageObject\",\"inLanguage\":\"es\",\"@id\":\"https:\\\/\\\/fuentesfidedignas.com.mx\\\/index.php\\\/2023\\\/11\\\/16\\\/uas-pone-marcha-el-ciclo-de-conferencias-por-el-dia-mundial-de-la-diabetes\\\/#primaryimage\",\"url\":\"https:\\\/\\\/fuentesfidedignas.com.mx\\\/wp-content\\\/uploads\\\/2023\\\/11\\\/DIABETES-2.jpg\",\"contentUrl\":\"https:\\\/\\\/fuentesfidedignas.com.mx\\\/wp-content\\\/uploads\\\/2023\\\/11\\\/DIABETES-2.jpg\",\"width\":1280,\"height\":853},{\"@type\":\"BreadcrumbList\",\"@id\":\"https:\\\/\\\/fuentesfidedignas.com.mx\\\/index.php\\\/2023\\\/11\\\/16\\\/uas-pone-marcha-el-ciclo-de-conferencias-por-el-dia-mundial-de-la-diabetes\\\/#breadcrumb\",\"itemListElement\":[{\"@type\":\"ListItem\",\"position\":1,\"name\":\"Inicio\",\"item\":\"https:\\\/\\\/fuentesfidedignas.com.mx\\\/\"},{\"@type\":\"ListItem\",\"position\":2,\"name\":\"UAS pone marcha el Ciclo de Conferencias por el D\u00eda Mundial de la Diabetes\"}]},{\"@type\":\"WebSite\",\"@id\":\"https:\\\/\\\/fuentesfidedignas.com.mx\\\/#website\",\"url\":\"https:\\\/\\\/fuentesfidedignas.com.mx\\\/\",\"name\":\"Fuentes Fidedignas\",\"description\":\"Otro sitio realizado con WordPress\",\"publisher\":{\"@id\":\"https:\\\/\\\/fuentesfidedignas.com.mx\\\/#organization\"},\"potentialAction\":[{\"@type\":\"SearchAction\",\"target\":{\"@type\":\"EntryPoint\",\"urlTemplate\":\"https:\\\/\\\/fuentesfidedignas.com.mx\\\/?s={search_term_string}\"},\"query-input\":{\"@type\":\"PropertyValueSpecification\",\"valueRequired\":true,\"valueName\":\"search_term_string\"}}],\"inLanguage\":\"es\"},{\"@type\":\"Organization\",\"@id\":\"https:\\\/\\\/fuentesfidedignas.com.mx\\\/#organization\",\"name\":\"Fuentes Fidedignas\",\"url\":\"https:\\\/\\\/fuentesfidedignas.com.mx\\\/\",\"logo\":{\"@type\":\"ImageObject\",\"inLanguage\":\"es\",\"@id\":\"https:\\\/\\\/fuentesfidedignas.com.mx\\\/#\\\/schema\\\/logo\\\/image\\\/\",\"url\":\"https:\\\/\\\/fuentesfidedignas.com.mx\\\/wp-content\\\/uploads\\\/2021\\\/04\\\/logo-retina.png\",\"contentUrl\":\"https:\\\/\\\/fuentesfidedignas.com.mx\\\/wp-content\\\/uploads\\\/2021\\\/04\\\/logo-retina.png\",\"width\":280,\"height\":51,\"caption\":\"Fuentes Fidedignas\"},\"image\":{\"@id\":\"https:\\\/\\\/fuentesfidedignas.com.mx\\\/#\\\/schema\\\/logo\\\/image\\\/\"},\"sameAs\":[\"https:\\\/\\\/www.facebook.com\\\/Fuentes-Fidedignas-368234489921644\",\"https:\\\/\\\/x.com\\\/fidedignas\"]},{\"@type\":\"Person\",\"@id\":\"https:\\\/\\\/fuentesfidedignas.com.mx\\\/#\\\/schema\\\/person\\\/331be9283d37198e2acd5750279085b0\",\"name\":\"Redacci\u00f3n\",\"image\":{\"@type\":\"ImageObject\",\"inLanguage\":\"es\",\"@id\":\"https:\\\/\\\/secure.gravatar.com\\\/avatar\\\/f6d8782c11d12b2d4ad3fbb6931aeab5309937a4d6cd2fc9cfaa28a6396a5aec?s=96&d=mm&r=g\",\"url\":\"https:\\\/\\\/secure.gravatar.com\\\/avatar\\\/f6d8782c11d12b2d4ad3fbb6931aeab5309937a4d6cd2fc9cfaa28a6396a5aec?s=96&d=mm&r=g\",\"contentUrl\":\"https:\\\/\\\/secure.gravatar.com\\\/avatar\\\/f6d8782c11d12b2d4ad3fbb6931aeab5309937a4d6cd2fc9cfaa28a6396a5aec?s=96&d=mm&r=g\",\"caption\":\"Redacci\u00f3n\"},\"url\":\"https:\\\/\\\/fuentesfidedignas.com.mx\\\/index.php\\\/author\\\/redaccion\\\/\"}]}<\/script>\n<!-- \/ Yoast SEO plugin. -->","yoast_head_json":{"title":"UAS pone marcha el Ciclo de Conferencias por el D\u00eda Mundial de la Diabetes - Fuentes Fidedignas","robots":{"index":"index","follow":"follow","max-snippet":"max-snippet:-1","max-image-preview":"max-image-preview:large","max-video-preview":"max-video-preview:-1"},"canonical":"https:\/\/fuentesfidedignas.com.mx\/index.php\/2023\/11\/16\/uas-pone-marcha-el-ciclo-de-conferencias-por-el-dia-mundial-de-la-diabetes\/","og_locale":"es_MX","og_type":"article","og_title":"UAS pone marcha el Ciclo de Conferencias por el D\u00eda Mundial de la Diabetes - Fuentes Fidedignas","og_description":"Al compartir el conocimiento de especialistas diversos se construye un espacio de prevenci\u00f3n y cuidado para la salud y el bienestar, pues es a trav\u00e9s de la educaci\u00f3n y colaboraci\u00f3n se puede marcar la diferencia en la vida de quienes padecen diabetes. Culiac\u00e1n, Sin.- Por lo menos uno de cada 10 mexicanos padece de diabetes [&hellip;]","og_url":"https:\/\/fuentesfidedignas.com.mx\/index.php\/2023\/11\/16\/uas-pone-marcha-el-ciclo-de-conferencias-por-el-dia-mundial-de-la-diabetes\/","og_site_name":"Fuentes Fidedignas","article_publisher":"https:\/\/www.facebook.com\/Fuentes-Fidedignas-368234489921644","article_published_time":"2023-11-17T00:06:10+00:00","article_modified_time":"2023-11-17T00:06:21+00:00","og_image":[{"width":1280,"height":853,"url":"https:\/\/fuentesfidedignas.com.mx\/wp-content\/uploads\/2023\/11\/DIABETES-2.jpg","type":"image\/jpeg"}],"author":"Redacci\u00f3n","twitter_card":"summary_large_image","twitter_creator":"@fidedignas","twitter_site":"@fidedignas","twitter_misc":{"Escrito por":"Redacci\u00f3n","Tiempo de lectura":"3 minutos"},"schema":{"@context":"https:\/\/schema.org","@graph":[{"@type":"Article","@id":"https:\/\/fuentesfidedignas.com.mx\/index.php\/2023\/11\/16\/uas-pone-marcha-el-ciclo-de-conferencias-por-el-dia-mundial-de-la-diabetes\/#article","isPartOf":{"@id":"https:\/\/fuentesfidedignas.com.mx\/index.php\/2023\/11\/16\/uas-pone-marcha-el-ciclo-de-conferencias-por-el-dia-mundial-de-la-diabetes\/"},"author":{"name":"Redacci\u00f3n","@id":"https:\/\/fuentesfidedignas.com.mx\/#\/schema\/person\/331be9283d37198e2acd5750279085b0"},"headline":"UAS pone marcha el Ciclo de Conferencias por el D\u00eda Mundial de la Diabetes","datePublished":"2023-11-17T00:06:10+00:00","dateModified":"2023-11-17T00:06:21+00:00","mainEntityOfPage":{"@id":"https:\/\/fuentesfidedignas.com.mx\/index.php\/2023\/11\/16\/uas-pone-marcha-el-ciclo-de-conferencias-por-el-dia-mundial-de-la-diabetes\/"},"wordCount":667,"commentCount":0,"publisher":{"@id":"https:\/\/fuentesfidedignas.com.mx\/#organization"},"image":{"@id":"https:\/\/fuentesfidedignas.com.mx\/index.php\/2023\/11\/16\/uas-pone-marcha-el-ciclo-de-conferencias-por-el-dia-mundial-de-la-diabetes\/#primaryimage"},"thumbnailUrl":"https:\/\/fuentesfidedignas.com.mx\/wp-content\/uploads\/2023\/11\/DIABETES-2.jpg","inLanguage":"es","potentialAction":[{"@type":"CommentAction","name":"Comment","target":["https:\/\/fuentesfidedignas.com.mx\/index.php\/2023\/11\/16\/uas-pone-marcha-el-ciclo-de-conferencias-por-el-dia-mundial-de-la-diabetes\/#respond"]}]},{"@type":"WebPage","@id":"https:\/\/fuentesfidedignas.com.mx\/index.php\/2023\/11\/16\/uas-pone-marcha-el-ciclo-de-conferencias-por-el-dia-mundial-de-la-diabetes\/","url":"https:\/\/fuentesfidedignas.com.mx\/index.php\/2023\/11\/16\/uas-pone-marcha-el-ciclo-de-conferencias-por-el-dia-mundial-de-la-diabetes\/","name":"UAS pone marcha el Ciclo de Conferencias por el D\u00eda Mundial de la Diabetes - Fuentes Fidedignas","isPartOf":{"@id":"https:\/\/fuentesfidedignas.com.mx\/#website"},"primaryImageOfPage":{"@id":"https:\/\/fuentesfidedignas.com.mx\/index.php\/2023\/11\/16\/uas-pone-marcha-el-ciclo-de-conferencias-por-el-dia-mundial-de-la-diabetes\/#primaryimage"},"image":{"@id":"https:\/\/fuentesfidedignas.com.mx\/index.php\/2023\/11\/16\/uas-pone-marcha-el-ciclo-de-conferencias-por-el-dia-mundial-de-la-diabetes\/#primaryimage"},"thumbnailUrl":"https:\/\/fuentesfidedignas.com.mx\/wp-content\/uploads\/2023\/11\/DIABETES-2.jpg","datePublished":"2023-11-17T00:06:10+00:00","dateModified":"2023-11-17T00:06:21+00:00","breadcrumb":{"@id":"https:\/\/fuentesfidedignas.com.mx\/index.php\/2023\/11\/16\/uas-pone-marcha-el-ciclo-de-conferencias-por-el-dia-mundial-de-la-diabetes\/#breadcrumb"},"inLanguage":"es","potentialAction":[{"@type":"ReadAction","target":["https:\/\/fuentesfidedignas.com.mx\/index.php\/2023\/11\/16\/uas-pone-marcha-el-ciclo-de-conferencias-por-el-dia-mundial-de-la-diabetes\/"]}]},{"@type":"ImageObject","inLanguage":"es","@id":"https:\/\/fuentesfidedignas.com.mx\/index.php\/2023\/11\/16\/uas-pone-marcha-el-ciclo-de-conferencias-por-el-dia-mundial-de-la-diabetes\/#primaryimage","url":"https:\/\/fuentesfidedignas.com.mx\/wp-content\/uploads\/2023\/11\/DIABETES-2.jpg","contentUrl":"https:\/\/fuentesfidedignas.com.mx\/wp-content\/uploads\/2023\/11\/DIABETES-2.jpg","width":1280,"height":853},{"@type":"BreadcrumbList","@id":"https:\/\/fuentesfidedignas.com.mx\/index.php\/2023\/11\/16\/uas-pone-marcha-el-ciclo-de-conferencias-por-el-dia-mundial-de-la-diabetes\/#breadcrumb","itemListElement":[{"@type":"ListItem","position":1,"name":"Inicio","item":"https:\/\/fuentesfidedignas.com.mx\/"},{"@type":"ListItem","position":2,"name":"UAS pone marcha el Ciclo de Conferencias por el D\u00eda Mundial de la Diabetes"}]},{"@type":"WebSite","@id":"https:\/\/fuentesfidedignas.com.mx\/#website","url":"https:\/\/fuentesfidedignas.com.mx\/","name":"Fuentes Fidedignas","description":"Otro sitio realizado con WordPress","publisher":{"@id":"https:\/\/fuentesfidedignas.com.mx\/#organization"},"potentialAction":[{"@type":"SearchAction","target":{"@type":"EntryPoint","urlTemplate":"https:\/\/fuentesfidedignas.com.mx\/?s={search_term_string}"},"query-input":{"@type":"PropertyValueSpecification","valueRequired":true,"valueName":"search_term_string"}}],"inLanguage":"es"},{"@type":"Organization","@id":"https:\/\/fuentesfidedignas.com.mx\/#organization","name":"Fuentes Fidedignas","url":"https:\/\/fuentesfidedignas.com.mx\/","logo":{"@type":"ImageObject","inLanguage":"es","@id":"https:\/\/fuentesfidedignas.com.mx\/#\/schema\/logo\/image\/","url":"https:\/\/fuentesfidedignas.com.mx\/wp-content\/uploads\/2021\/04\/logo-retina.png","contentUrl":"https:\/\/fuentesfidedignas.com.mx\/wp-content\/uploads\/2021\/04\/logo-retina.png","width":280,"height":51,"caption":"Fuentes Fidedignas"},"image":{"@id":"https:\/\/fuentesfidedignas.com.mx\/#\/schema\/logo\/image\/"},"sameAs":["https:\/\/www.facebook.com\/Fuentes-Fidedignas-368234489921644","https:\/\/x.com\/fidedignas"]},{"@type":"Person","@id":"https:\/\/fuentesfidedignas.com.mx\/#\/schema\/person\/331be9283d37198e2acd5750279085b0","name":"Redacci\u00f3n","image":{"@type":"ImageObject","inLanguage":"es","@id":"https:\/\/secure.gravatar.com\/avatar\/f6d8782c11d12b2d4ad3fbb6931aeab5309937a4d6cd2fc9cfaa28a6396a5aec?s=96&d=mm&r=g","url":"https:\/\/secure.gravatar.com\/avatar\/f6d8782c11d12b2d4ad3fbb6931aeab5309937a4d6cd2fc9cfaa28a6396a5aec?s=96&d=mm&r=g","contentUrl":"https:\/\/secure.gravatar.com\/avatar\/f6d8782c11d12b2d4ad3fbb6931aeab5309937a4d6cd2fc9cfaa28a6396a5aec?s=96&d=mm&r=g","caption":"Redacci\u00f3n"},"url":"https:\/\/fuentesfidedignas.com.mx\/index.php\/author\/redaccion\/"}]}},"_links":{"self":[{"href":"https:\/\/fuentesfidedignas.com.mx\/index.php\/wp-json\/wp\/v2\/posts\/65964","targetHints":{"allow":["GET"]}}],"collection":[{"href":"https:\/\/fuentesfidedignas.com.mx\/index.php\/wp-json\/wp\/v2\/posts"}],"about":[{"href":"https:\/\/fuentesfidedignas.com.mx\/index.php\/wp-json\/wp\/v2\/types\/post"}],"author":[{"embeddable":true,"href":"https:\/\/fuentesfidedignas.com.mx\/index.php\/wp-json\/wp\/v2\/users\/4"}],"replies":[{"embeddable":true,"href":"https:\/\/fuentesfidedignas.com.mx\/index.php\/wp-json\/wp\/v2\/comments?post=65964"}],"version-history":[{"count":1,"href":"https:\/\/fuentesfidedignas.com.mx\/index.php\/wp-json\/wp\/v2\/posts\/65964\/revisions"}],"predecessor-version":[{"id":65966,"href":"https:\/\/fuentesfidedignas.com.mx\/index.php\/wp-json\/wp\/v2\/posts\/65964\/revisions\/65966"}],"wp:featuredmedia":[{"embeddable":true,"href":"https:\/\/fuentesfidedignas.com.mx\/index.php\/wp-json\/wp\/v2\/media\/65965"}],"wp:attachment":[{"href":"https:\/\/fuentesfidedignas.com.mx\/index.php\/wp-json\/wp\/v2\/media?parent=65964"}],"wp:term":[{"taxonomy":"category","embeddable":true,"href":"https:\/\/fuentesfidedignas.com.mx\/index.php\/wp-json\/wp\/v2\/categories?post=65964"},{"taxonomy":"post_tag","embeddable":true,"href":"https:\/\/fuentesfidedignas.com.mx\/index.php\/wp-json\/wp\/v2\/tags?post=65964"}],"curies":[{"name":"wp","href":"https:\/\/api.w.org\/{rel}","templated":true}]}}