{"id":65893,"date":"2023-11-16T09:53:19","date_gmt":"2023-11-16T16:53:19","guid":{"rendered":"https:\/\/fuentesfidedignas.com.mx\/?p=65893"},"modified":"2023-11-16T09:53:21","modified_gmt":"2023-11-16T16:53:21","slug":"la-intrincada-relacion-entre-lenguaje-y-desarrollo-cognitivo","status":"publish","type":"post","link":"https:\/\/fuentesfidedignas.com.mx\/index.php\/2023\/11\/16\/la-intrincada-relacion-entre-lenguaje-y-desarrollo-cognitivo\/","title":{"rendered":"La Intrincada Relaci\u00f3n entre Lenguaje y Desarrollo Cognitivo"},"content":{"rendered":"\n<p>Me he sentido motivado para redactar este art\u00edculo a ra\u00edz de la persistencia de este tema en mis clases de psicolog\u00eda educativa. Dentro del amplio marco del desarrollo cognitivo, la estrecha interconexi\u00f3n entre el lenguaje y el pensamiento se configura como un pilar fundamental. El prop\u00f3sito de este escrito es desentra\u00f1ar los hilos que conectan estas dos dimensiones, contemplando el pensamiento como un proceso de desarrollo cognitivo que abarca destrezas, actitudes, habilidades, valores y comportamientos, todos esenciales para la interpretaci\u00f3n del entorno circundante.<\/p>\n\n\n\n<p>En cuanto al desarrollo cognitivo, este va m\u00e1s all\u00e1 de la simple adquisici\u00f3n de conocimientos, manifest\u00e1ndose como un entramado din\u00e1mico que abarca la adquisici\u00f3n de destrezas, la formaci\u00f3n de actitudes, el perfeccionamiento de habilidades, la internalizaci\u00f3n de valores y la manifestaci\u00f3n de comportamientos. Este proceso complejo constituye el andamiaje que habilita a los individuos para interpretar, comprender y participar activamente en su entorno.<\/p>\n\n\n\n<p>Siguiendo la concepci\u00f3n de Vygotsky, el lenguaje no se limita a ser un mero medio de comunicaci\u00f3n; es el veh\u00edculo mediante el cual el pensamiento se construye y desarrolla. La zona de desarrollo pr\u00f3ximo, seg\u00fan Vygotsky, se ve potenciada por la interacci\u00f3n social mediada por el lenguaje. Este proceso no solo refleja la evoluci\u00f3n del pensamiento, sino que tambi\u00e9n act\u00faa como su arquitecto, permitiendo la internalizaci\u00f3n de conceptos, la resoluci\u00f3n de problemas y la construcci\u00f3n de significados.<br>En relaci\u00f3n con el papel del lenguaje en la internalizaci\u00f3n de valores y actitudes, este desempe\u00f1a un papel crucial al expresar matices conceptuales. A trav\u00e9s de la comunicaci\u00f3n verbal, las nociones \u00e9ticas y morales se transmiten, discuten y, eventualmente, se incorporan al repertorio cognitivo del individuo. La riqueza del lenguaje proporciona el medio para la reflexi\u00f3n cr\u00edtica y la construcci\u00f3n de un marco \u00e9tico que gu\u00eda las interacciones con el entorno.<\/p>\n\n\n\n<p>Las habilidades ling\u00fc\u00edsticas, desde la adquisici\u00f3n temprana hasta niveles m\u00e1s complejos, se erigen como cimientos para el desarrollo cognitivo. La capacidad de expresar ideas de manera clara y coherente, as\u00ed como la habilidad para comprender estructuras ling\u00fc\u00edsticas complejas, amplifican las capacidades cognitivas. La interacci\u00f3n entre el desarrollo del lenguaje y la adquisici\u00f3n de habilidades cognitivas establece un ciclo continuo de enriquecimiento mutuo.<\/p>\n\n\n\n<p>La relaci\u00f3n entre lenguaje y desarrollo cognitivo se presenta como una sinfon\u00eda inseparable, donde cada nota, cada palabra, contribuye a la creaci\u00f3n de un significado m\u00e1s profundo. Desde la teor\u00eda de Vygotsky hasta la internalizaci\u00f3n de valores, el lenguaje se manifiesta como el tejido que une y potencia el pensamiento. En este intrincado baile, la maestr\u00eda en el lenguaje emerge como un catalizador esencial para un desarrollo cognitivo integral.<\/p>\n","protected":false},"excerpt":{"rendered":"<p>Me he sentido motivado para redactar este art\u00edculo a ra\u00edz de la persistencia de este tema en mis clases de psicolog\u00eda educativa. Dentro del amplio marco del desarrollo cognitivo, la estrecha interconexi\u00f3n entre el lenguaje y el pensamiento se configura como un pilar fundamental. El prop\u00f3sito de este escrito es desentra\u00f1ar los hilos que conectan [&hellip;]<\/p>\n","protected":false},"author":146,"featured_media":65894,"comment_status":"open","ping_status":"open","sticky":false,"template":"","format":"standard","meta":{"tdm_status":"","tdm_grid_status":"","footnotes":""},"categories":[3064,3089],"tags":[],"class_list":{"0":"post-65893","1":"post","2":"type-post","3":"status-publish","4":"format-standard","5":"has-post-thumbnail","7":"category-columnas","8":"category-nutriendo-la-mente"},"yoast_head":"<!-- This site is optimized with the Yoast SEO plugin v27.5 - https:\/\/yoast.com\/product\/yoast-seo-wordpress\/ -->\n<title>La Intrincada Relaci\u00f3n entre Lenguaje y Desarrollo Cognitivo - Fuentes Fidedignas<\/title>\n<meta name=\"robots\" content=\"index, follow, max-snippet:-1, max-image-preview:large, max-video-preview:-1\" \/>\n<link rel=\"canonical\" href=\"https:\/\/fuentesfidedignas.com.mx\/index.php\/2023\/11\/16\/la-intrincada-relacion-entre-lenguaje-y-desarrollo-cognitivo\/\" \/>\n<meta property=\"og:locale\" content=\"es_MX\" \/>\n<meta property=\"og:type\" content=\"article\" \/>\n<meta property=\"og:title\" content=\"La Intrincada Relaci\u00f3n entre Lenguaje y Desarrollo Cognitivo - Fuentes Fidedignas\" \/>\n<meta property=\"og:description\" content=\"Me he sentido motivado para redactar este art\u00edculo a ra\u00edz de la persistencia de este tema en mis clases de psicolog\u00eda educativa. Dentro del amplio marco del desarrollo cognitivo, la estrecha interconexi\u00f3n entre el lenguaje y el pensamiento se configura como un pilar fundamental. El prop\u00f3sito de este escrito es desentra\u00f1ar los hilos que conectan [&hellip;]\" \/>\n<meta property=\"og:url\" content=\"https:\/\/fuentesfidedignas.com.mx\/index.php\/2023\/11\/16\/la-intrincada-relacion-entre-lenguaje-y-desarrollo-cognitivo\/\" \/>\n<meta property=\"og:site_name\" content=\"Fuentes Fidedignas\" \/>\n<meta property=\"article:publisher\" content=\"https:\/\/www.facebook.com\/Fuentes-Fidedignas-368234489921644\" \/>\n<meta property=\"article:published_time\" content=\"2023-11-16T16:53:19+00:00\" \/>\n<meta property=\"article:modified_time\" content=\"2023-11-16T16:53:21+00:00\" \/>\n<meta property=\"og:image\" content=\"https:\/\/fuentesfidedignas.com.mx\/wp-content\/uploads\/2023\/11\/IMG_3427-1068x1211-1-1-1.jpg\" \/>\n\t<meta property=\"og:image:width\" content=\"1068\" \/>\n\t<meta property=\"og:image:height\" content=\"1211\" \/>\n\t<meta property=\"og:image:type\" content=\"image\/jpeg\" \/>\n<meta name=\"author\" content=\"Mtro. Horacio de Jes\u00fas Malcampo Moreno\" \/>\n<meta name=\"twitter:card\" content=\"summary_large_image\" \/>\n<meta name=\"twitter:creator\" content=\"@fidedignas\" \/>\n<meta name=\"twitter:site\" content=\"@fidedignas\" \/>\n<meta name=\"twitter:label1\" content=\"Escrito por\" \/>\n\t<meta name=\"twitter:data1\" content=\"Mtro. Horacio de Jes\u00fas Malcampo Moreno\" \/>\n\t<meta name=\"twitter:label2\" content=\"Tiempo de lectura\" \/>\n\t<meta name=\"twitter:data2\" content=\"2 minutos\" \/>\n<script type=\"application\/ld+json\" class=\"yoast-schema-graph\">{\"@context\":\"https:\\\/\\\/schema.org\",\"@graph\":[{\"@type\":\"Article\",\"@id\":\"https:\\\/\\\/fuentesfidedignas.com.mx\\\/index.php\\\/2023\\\/11\\\/16\\\/la-intrincada-relacion-entre-lenguaje-y-desarrollo-cognitivo\\\/#article\",\"isPartOf\":{\"@id\":\"https:\\\/\\\/fuentesfidedignas.com.mx\\\/index.php\\\/2023\\\/11\\\/16\\\/la-intrincada-relacion-entre-lenguaje-y-desarrollo-cognitivo\\\/\"},\"author\":{\"name\":\"Mtro. Horacio de Jes\u00fas Malcampo Moreno\",\"@id\":\"https:\\\/\\\/fuentesfidedignas.com.mx\\\/#\\\/schema\\\/person\\\/3f687c55082c557a647c7836bde45728\"},\"headline\":\"La Intrincada Relaci\u00f3n entre Lenguaje y Desarrollo Cognitivo\",\"datePublished\":\"2023-11-16T16:53:19+00:00\",\"dateModified\":\"2023-11-16T16:53:21+00:00\",\"mainEntityOfPage\":{\"@id\":\"https:\\\/\\\/fuentesfidedignas.com.mx\\\/index.php\\\/2023\\\/11\\\/16\\\/la-intrincada-relacion-entre-lenguaje-y-desarrollo-cognitivo\\\/\"},\"wordCount\":483,\"commentCount\":0,\"publisher\":{\"@id\":\"https:\\\/\\\/fuentesfidedignas.com.mx\\\/#organization\"},\"image\":{\"@id\":\"https:\\\/\\\/fuentesfidedignas.com.mx\\\/index.php\\\/2023\\\/11\\\/16\\\/la-intrincada-relacion-entre-lenguaje-y-desarrollo-cognitivo\\\/#primaryimage\"},\"thumbnailUrl\":\"https:\\\/\\\/fuentesfidedignas.com.mx\\\/wp-content\\\/uploads\\\/2023\\\/11\\\/IMG_3427-1068x1211-1-1-1.jpg\",\"articleSection\":[\"COLUMNAS\",\"NUTRIENDO LA MENTE\"],\"inLanguage\":\"es\",\"potentialAction\":[{\"@type\":\"CommentAction\",\"name\":\"Comment\",\"target\":[\"https:\\\/\\\/fuentesfidedignas.com.mx\\\/index.php\\\/2023\\\/11\\\/16\\\/la-intrincada-relacion-entre-lenguaje-y-desarrollo-cognitivo\\\/#respond\"]}]},{\"@type\":\"WebPage\",\"@id\":\"https:\\\/\\\/fuentesfidedignas.com.mx\\\/index.php\\\/2023\\\/11\\\/16\\\/la-intrincada-relacion-entre-lenguaje-y-desarrollo-cognitivo\\\/\",\"url\":\"https:\\\/\\\/fuentesfidedignas.com.mx\\\/index.php\\\/2023\\\/11\\\/16\\\/la-intrincada-relacion-entre-lenguaje-y-desarrollo-cognitivo\\\/\",\"name\":\"La Intrincada Relaci\u00f3n entre Lenguaje y Desarrollo Cognitivo - Fuentes Fidedignas\",\"isPartOf\":{\"@id\":\"https:\\\/\\\/fuentesfidedignas.com.mx\\\/#website\"},\"primaryImageOfPage\":{\"@id\":\"https:\\\/\\\/fuentesfidedignas.com.mx\\\/index.php\\\/2023\\\/11\\\/16\\\/la-intrincada-relacion-entre-lenguaje-y-desarrollo-cognitivo\\\/#primaryimage\"},\"image\":{\"@id\":\"https:\\\/\\\/fuentesfidedignas.com.mx\\\/index.php\\\/2023\\\/11\\\/16\\\/la-intrincada-relacion-entre-lenguaje-y-desarrollo-cognitivo\\\/#primaryimage\"},\"thumbnailUrl\":\"https:\\\/\\\/fuentesfidedignas.com.mx\\\/wp-content\\\/uploads\\\/2023\\\/11\\\/IMG_3427-1068x1211-1-1-1.jpg\",\"datePublished\":\"2023-11-16T16:53:19+00:00\",\"dateModified\":\"2023-11-16T16:53:21+00:00\",\"breadcrumb\":{\"@id\":\"https:\\\/\\\/fuentesfidedignas.com.mx\\\/index.php\\\/2023\\\/11\\\/16\\\/la-intrincada-relacion-entre-lenguaje-y-desarrollo-cognitivo\\\/#breadcrumb\"},\"inLanguage\":\"es\",\"potentialAction\":[{\"@type\":\"ReadAction\",\"target\":[\"https:\\\/\\\/fuentesfidedignas.com.mx\\\/index.php\\\/2023\\\/11\\\/16\\\/la-intrincada-relacion-entre-lenguaje-y-desarrollo-cognitivo\\\/\"]}]},{\"@type\":\"ImageObject\",\"inLanguage\":\"es\",\"@id\":\"https:\\\/\\\/fuentesfidedignas.com.mx\\\/index.php\\\/2023\\\/11\\\/16\\\/la-intrincada-relacion-entre-lenguaje-y-desarrollo-cognitivo\\\/#primaryimage\",\"url\":\"https:\\\/\\\/fuentesfidedignas.com.mx\\\/wp-content\\\/uploads\\\/2023\\\/11\\\/IMG_3427-1068x1211-1-1-1.jpg\",\"contentUrl\":\"https:\\\/\\\/fuentesfidedignas.com.mx\\\/wp-content\\\/uploads\\\/2023\\\/11\\\/IMG_3427-1068x1211-1-1-1.jpg\",\"width\":1068,\"height\":1211},{\"@type\":\"BreadcrumbList\",\"@id\":\"https:\\\/\\\/fuentesfidedignas.com.mx\\\/index.php\\\/2023\\\/11\\\/16\\\/la-intrincada-relacion-entre-lenguaje-y-desarrollo-cognitivo\\\/#breadcrumb\",\"itemListElement\":[{\"@type\":\"ListItem\",\"position\":1,\"name\":\"Inicio\",\"item\":\"https:\\\/\\\/fuentesfidedignas.com.mx\\\/\"},{\"@type\":\"ListItem\",\"position\":2,\"name\":\"La Intrincada Relaci\u00f3n entre Lenguaje y Desarrollo Cognitivo\"}]},{\"@type\":\"WebSite\",\"@id\":\"https:\\\/\\\/fuentesfidedignas.com.mx\\\/#website\",\"url\":\"https:\\\/\\\/fuentesfidedignas.com.mx\\\/\",\"name\":\"Fuentes Fidedignas\",\"description\":\"Otro sitio realizado con WordPress\",\"publisher\":{\"@id\":\"https:\\\/\\\/fuentesfidedignas.com.mx\\\/#organization\"},\"potentialAction\":[{\"@type\":\"SearchAction\",\"target\":{\"@type\":\"EntryPoint\",\"urlTemplate\":\"https:\\\/\\\/fuentesfidedignas.com.mx\\\/?s={search_term_string}\"},\"query-input\":{\"@type\":\"PropertyValueSpecification\",\"valueRequired\":true,\"valueName\":\"search_term_string\"}}],\"inLanguage\":\"es\"},{\"@type\":\"Organization\",\"@id\":\"https:\\\/\\\/fuentesfidedignas.com.mx\\\/#organization\",\"name\":\"Fuentes Fidedignas\",\"url\":\"https:\\\/\\\/fuentesfidedignas.com.mx\\\/\",\"logo\":{\"@type\":\"ImageObject\",\"inLanguage\":\"es\",\"@id\":\"https:\\\/\\\/fuentesfidedignas.com.mx\\\/#\\\/schema\\\/logo\\\/image\\\/\",\"url\":\"https:\\\/\\\/fuentesfidedignas.com.mx\\\/wp-content\\\/uploads\\\/2021\\\/04\\\/logo-retina.png\",\"contentUrl\":\"https:\\\/\\\/fuentesfidedignas.com.mx\\\/wp-content\\\/uploads\\\/2021\\\/04\\\/logo-retina.png\",\"width\":280,\"height\":51,\"caption\":\"Fuentes Fidedignas\"},\"image\":{\"@id\":\"https:\\\/\\\/fuentesfidedignas.com.mx\\\/#\\\/schema\\\/logo\\\/image\\\/\"},\"sameAs\":[\"https:\\\/\\\/www.facebook.com\\\/Fuentes-Fidedignas-368234489921644\",\"https:\\\/\\\/x.com\\\/fidedignas\"]},{\"@type\":\"Person\",\"@id\":\"https:\\\/\\\/fuentesfidedignas.com.mx\\\/#\\\/schema\\\/person\\\/3f687c55082c557a647c7836bde45728\",\"name\":\"Mtro. Horacio de Jes\u00fas Malcampo Moreno\",\"image\":{\"@type\":\"ImageObject\",\"inLanguage\":\"es\",\"@id\":\"https:\\\/\\\/secure.gravatar.com\\\/avatar\\\/21fd667a5b9de079d383e44390566d4c728a6ce47b9b5e8419c61f1b793461ac?s=96&d=mm&r=g\",\"url\":\"https:\\\/\\\/secure.gravatar.com\\\/avatar\\\/21fd667a5b9de079d383e44390566d4c728a6ce47b9b5e8419c61f1b793461ac?s=96&d=mm&r=g\",\"contentUrl\":\"https:\\\/\\\/secure.gravatar.com\\\/avatar\\\/21fd667a5b9de079d383e44390566d4c728a6ce47b9b5e8419c61f1b793461ac?s=96&d=mm&r=g\",\"caption\":\"Mtro. Horacio de Jes\u00fas Malcampo Moreno\"},\"url\":\"https:\\\/\\\/fuentesfidedignas.com.mx\\\/index.php\\\/author\\\/horacio\\\/\"}]}<\/script>\n<!-- \/ Yoast SEO plugin. -->","yoast_head_json":{"title":"La Intrincada Relaci\u00f3n entre Lenguaje y Desarrollo Cognitivo - Fuentes Fidedignas","robots":{"index":"index","follow":"follow","max-snippet":"max-snippet:-1","max-image-preview":"max-image-preview:large","max-video-preview":"max-video-preview:-1"},"canonical":"https:\/\/fuentesfidedignas.com.mx\/index.php\/2023\/11\/16\/la-intrincada-relacion-entre-lenguaje-y-desarrollo-cognitivo\/","og_locale":"es_MX","og_type":"article","og_title":"La Intrincada Relaci\u00f3n entre Lenguaje y Desarrollo Cognitivo - Fuentes Fidedignas","og_description":"Me he sentido motivado para redactar este art\u00edculo a ra\u00edz de la persistencia de este tema en mis clases de psicolog\u00eda educativa. Dentro del amplio marco del desarrollo cognitivo, la estrecha interconexi\u00f3n entre el lenguaje y el pensamiento se configura como un pilar fundamental. El prop\u00f3sito de este escrito es desentra\u00f1ar los hilos que conectan [&hellip;]","og_url":"https:\/\/fuentesfidedignas.com.mx\/index.php\/2023\/11\/16\/la-intrincada-relacion-entre-lenguaje-y-desarrollo-cognitivo\/","og_site_name":"Fuentes Fidedignas","article_publisher":"https:\/\/www.facebook.com\/Fuentes-Fidedignas-368234489921644","article_published_time":"2023-11-16T16:53:19+00:00","article_modified_time":"2023-11-16T16:53:21+00:00","og_image":[{"width":1068,"height":1211,"url":"https:\/\/fuentesfidedignas.com.mx\/wp-content\/uploads\/2023\/11\/IMG_3427-1068x1211-1-1-1.jpg","type":"image\/jpeg"}],"author":"Mtro. Horacio de Jes\u00fas Malcampo Moreno","twitter_card":"summary_large_image","twitter_creator":"@fidedignas","twitter_site":"@fidedignas","twitter_misc":{"Escrito por":"Mtro. Horacio de Jes\u00fas Malcampo Moreno","Tiempo de lectura":"2 minutos"},"schema":{"@context":"https:\/\/schema.org","@graph":[{"@type":"Article","@id":"https:\/\/fuentesfidedignas.com.mx\/index.php\/2023\/11\/16\/la-intrincada-relacion-entre-lenguaje-y-desarrollo-cognitivo\/#article","isPartOf":{"@id":"https:\/\/fuentesfidedignas.com.mx\/index.php\/2023\/11\/16\/la-intrincada-relacion-entre-lenguaje-y-desarrollo-cognitivo\/"},"author":{"name":"Mtro. Horacio de Jes\u00fas Malcampo Moreno","@id":"https:\/\/fuentesfidedignas.com.mx\/#\/schema\/person\/3f687c55082c557a647c7836bde45728"},"headline":"La Intrincada Relaci\u00f3n entre Lenguaje y Desarrollo Cognitivo","datePublished":"2023-11-16T16:53:19+00:00","dateModified":"2023-11-16T16:53:21+00:00","mainEntityOfPage":{"@id":"https:\/\/fuentesfidedignas.com.mx\/index.php\/2023\/11\/16\/la-intrincada-relacion-entre-lenguaje-y-desarrollo-cognitivo\/"},"wordCount":483,"commentCount":0,"publisher":{"@id":"https:\/\/fuentesfidedignas.com.mx\/#organization"},"image":{"@id":"https:\/\/fuentesfidedignas.com.mx\/index.php\/2023\/11\/16\/la-intrincada-relacion-entre-lenguaje-y-desarrollo-cognitivo\/#primaryimage"},"thumbnailUrl":"https:\/\/fuentesfidedignas.com.mx\/wp-content\/uploads\/2023\/11\/IMG_3427-1068x1211-1-1-1.jpg","articleSection":["COLUMNAS","NUTRIENDO LA MENTE"],"inLanguage":"es","potentialAction":[{"@type":"CommentAction","name":"Comment","target":["https:\/\/fuentesfidedignas.com.mx\/index.php\/2023\/11\/16\/la-intrincada-relacion-entre-lenguaje-y-desarrollo-cognitivo\/#respond"]}]},{"@type":"WebPage","@id":"https:\/\/fuentesfidedignas.com.mx\/index.php\/2023\/11\/16\/la-intrincada-relacion-entre-lenguaje-y-desarrollo-cognitivo\/","url":"https:\/\/fuentesfidedignas.com.mx\/index.php\/2023\/11\/16\/la-intrincada-relacion-entre-lenguaje-y-desarrollo-cognitivo\/","name":"La Intrincada Relaci\u00f3n entre Lenguaje y Desarrollo Cognitivo - Fuentes Fidedignas","isPartOf":{"@id":"https:\/\/fuentesfidedignas.com.mx\/#website"},"primaryImageOfPage":{"@id":"https:\/\/fuentesfidedignas.com.mx\/index.php\/2023\/11\/16\/la-intrincada-relacion-entre-lenguaje-y-desarrollo-cognitivo\/#primaryimage"},"image":{"@id":"https:\/\/fuentesfidedignas.com.mx\/index.php\/2023\/11\/16\/la-intrincada-relacion-entre-lenguaje-y-desarrollo-cognitivo\/#primaryimage"},"thumbnailUrl":"https:\/\/fuentesfidedignas.com.mx\/wp-content\/uploads\/2023\/11\/IMG_3427-1068x1211-1-1-1.jpg","datePublished":"2023-11-16T16:53:19+00:00","dateModified":"2023-11-16T16:53:21+00:00","breadcrumb":{"@id":"https:\/\/fuentesfidedignas.com.mx\/index.php\/2023\/11\/16\/la-intrincada-relacion-entre-lenguaje-y-desarrollo-cognitivo\/#breadcrumb"},"inLanguage":"es","potentialAction":[{"@type":"ReadAction","target":["https:\/\/fuentesfidedignas.com.mx\/index.php\/2023\/11\/16\/la-intrincada-relacion-entre-lenguaje-y-desarrollo-cognitivo\/"]}]},{"@type":"ImageObject","inLanguage":"es","@id":"https:\/\/fuentesfidedignas.com.mx\/index.php\/2023\/11\/16\/la-intrincada-relacion-entre-lenguaje-y-desarrollo-cognitivo\/#primaryimage","url":"https:\/\/fuentesfidedignas.com.mx\/wp-content\/uploads\/2023\/11\/IMG_3427-1068x1211-1-1-1.jpg","contentUrl":"https:\/\/fuentesfidedignas.com.mx\/wp-content\/uploads\/2023\/11\/IMG_3427-1068x1211-1-1-1.jpg","width":1068,"height":1211},{"@type":"BreadcrumbList","@id":"https:\/\/fuentesfidedignas.com.mx\/index.php\/2023\/11\/16\/la-intrincada-relacion-entre-lenguaje-y-desarrollo-cognitivo\/#breadcrumb","itemListElement":[{"@type":"ListItem","position":1,"name":"Inicio","item":"https:\/\/fuentesfidedignas.com.mx\/"},{"@type":"ListItem","position":2,"name":"La Intrincada Relaci\u00f3n entre Lenguaje y Desarrollo Cognitivo"}]},{"@type":"WebSite","@id":"https:\/\/fuentesfidedignas.com.mx\/#website","url":"https:\/\/fuentesfidedignas.com.mx\/","name":"Fuentes Fidedignas","description":"Otro sitio realizado con WordPress","publisher":{"@id":"https:\/\/fuentesfidedignas.com.mx\/#organization"},"potentialAction":[{"@type":"SearchAction","target":{"@type":"EntryPoint","urlTemplate":"https:\/\/fuentesfidedignas.com.mx\/?s={search_term_string}"},"query-input":{"@type":"PropertyValueSpecification","valueRequired":true,"valueName":"search_term_string"}}],"inLanguage":"es"},{"@type":"Organization","@id":"https:\/\/fuentesfidedignas.com.mx\/#organization","name":"Fuentes Fidedignas","url":"https:\/\/fuentesfidedignas.com.mx\/","logo":{"@type":"ImageObject","inLanguage":"es","@id":"https:\/\/fuentesfidedignas.com.mx\/#\/schema\/logo\/image\/","url":"https:\/\/fuentesfidedignas.com.mx\/wp-content\/uploads\/2021\/04\/logo-retina.png","contentUrl":"https:\/\/fuentesfidedignas.com.mx\/wp-content\/uploads\/2021\/04\/logo-retina.png","width":280,"height":51,"caption":"Fuentes Fidedignas"},"image":{"@id":"https:\/\/fuentesfidedignas.com.mx\/#\/schema\/logo\/image\/"},"sameAs":["https:\/\/www.facebook.com\/Fuentes-Fidedignas-368234489921644","https:\/\/x.com\/fidedignas"]},{"@type":"Person","@id":"https:\/\/fuentesfidedignas.com.mx\/#\/schema\/person\/3f687c55082c557a647c7836bde45728","name":"Mtro. Horacio de Jes\u00fas Malcampo Moreno","image":{"@type":"ImageObject","inLanguage":"es","@id":"https:\/\/secure.gravatar.com\/avatar\/21fd667a5b9de079d383e44390566d4c728a6ce47b9b5e8419c61f1b793461ac?s=96&d=mm&r=g","url":"https:\/\/secure.gravatar.com\/avatar\/21fd667a5b9de079d383e44390566d4c728a6ce47b9b5e8419c61f1b793461ac?s=96&d=mm&r=g","contentUrl":"https:\/\/secure.gravatar.com\/avatar\/21fd667a5b9de079d383e44390566d4c728a6ce47b9b5e8419c61f1b793461ac?s=96&d=mm&r=g","caption":"Mtro. Horacio de Jes\u00fas Malcampo Moreno"},"url":"https:\/\/fuentesfidedignas.com.mx\/index.php\/author\/horacio\/"}]}},"_links":{"self":[{"href":"https:\/\/fuentesfidedignas.com.mx\/index.php\/wp-json\/wp\/v2\/posts\/65893","targetHints":{"allow":["GET"]}}],"collection":[{"href":"https:\/\/fuentesfidedignas.com.mx\/index.php\/wp-json\/wp\/v2\/posts"}],"about":[{"href":"https:\/\/fuentesfidedignas.com.mx\/index.php\/wp-json\/wp\/v2\/types\/post"}],"author":[{"embeddable":true,"href":"https:\/\/fuentesfidedignas.com.mx\/index.php\/wp-json\/wp\/v2\/users\/146"}],"replies":[{"embeddable":true,"href":"https:\/\/fuentesfidedignas.com.mx\/index.php\/wp-json\/wp\/v2\/comments?post=65893"}],"version-history":[{"count":1,"href":"https:\/\/fuentesfidedignas.com.mx\/index.php\/wp-json\/wp\/v2\/posts\/65893\/revisions"}],"predecessor-version":[{"id":65895,"href":"https:\/\/fuentesfidedignas.com.mx\/index.php\/wp-json\/wp\/v2\/posts\/65893\/revisions\/65895"}],"wp:featuredmedia":[{"embeddable":true,"href":"https:\/\/fuentesfidedignas.com.mx\/index.php\/wp-json\/wp\/v2\/media\/65894"}],"wp:attachment":[{"href":"https:\/\/fuentesfidedignas.com.mx\/index.php\/wp-json\/wp\/v2\/media?parent=65893"}],"wp:term":[{"taxonomy":"category","embeddable":true,"href":"https:\/\/fuentesfidedignas.com.mx\/index.php\/wp-json\/wp\/v2\/categories?post=65893"},{"taxonomy":"post_tag","embeddable":true,"href":"https:\/\/fuentesfidedignas.com.mx\/index.php\/wp-json\/wp\/v2\/tags?post=65893"}],"curies":[{"name":"wp","href":"https:\/\/api.w.org\/{rel}","templated":true}]}}