{"id":65815,"date":"2023-11-15T13:55:56","date_gmt":"2023-11-15T20:55:56","guid":{"rendered":"https:\/\/fuentesfidedignas.com.mx\/?p=65815"},"modified":"2023-11-15T15:46:33","modified_gmt":"2023-11-15T22:46:33","slug":"si-aumentaron-casetas-pero-es-por-debajo-de-la-inflacion-amlo","status":"publish","type":"post","link":"https:\/\/fuentesfidedignas.com.mx\/index.php\/2023\/11\/15\/si-aumentaron-casetas-pero-es-por-debajo-de-la-inflacion-amlo\/","title":{"rendered":"S\u00ed aumentaron casetas, pero es por debajo de la inflaci\u00f3n: AMLO"},"content":{"rendered":"\n<p><strong><em>Capufe inform\u00f3 que a partir del 15 de noviembre se aplicar\u00e1 un aumento del 3 % en casetas de autopistas y puentes concesionados al Fonadin<\/em><\/strong><\/p>\n\n\n\n<p>CIUDAD DE M\u00c9XICO. El presidente de M\u00e9xico,\u00a0<a href=\"https:\/\/twitter.com\/lopezobrador_\" target=\"_blank\" rel=\"noreferrer noopener\"><strong>Andr\u00e9s Manuel<\/strong><\/a><strong>\u00a0L\u00f3pez Obrador<\/strong>, dej\u00f3 en claro que es un \u201cajuste a la inflaci\u00f3n\u201d el\u00a0<strong>aumento<\/strong>\u00a0anunciado por\u00a0<strong>Caminos y Puentes Federales<\/strong>\u00a0(<strong>Capufe<\/strong>) del\u00a0<a href=\"https:\/\/lopezdoriga.com\/nacional\/capufe-anuncia-aumento-del-3-a-tarifas-a-partir-de-este-miercoles\/\" target=\"_blank\" rel=\"noreferrer noopener\"><strong>3 por ciento<\/strong><\/a>\u00a0al\u00a0<strong>peaje<\/strong>\u00a0en las\u00a0<strong>casetas\u00a0<\/strong>de las\u00a0<strong>autopistas<\/strong>\u00a0y\u00a0<strong>puentes concesionados<\/strong>\u00a0al\u00a0Fondo Nacional de Infraestructura\u00a0(<strong>Fonadin<\/strong>).<\/p>\n\n\n\n<figure class=\"wp-block-embed is-type-rich is-provider-twitter wp-block-embed-twitter\"><div class=\"wp-block-embed__wrapper\">\n<blockquote class=\"twitter-tweet\" data-width=\"550\" data-dnt=\"true\"><p lang=\"es\" dir=\"ltr\">S\u00ed aument\u00f3 CAPUFE las casetas previo al megapuente y a fin de a\u00f1o, pero el incremento es debajo del nivel de la inflaci\u00f3n, asegur\u00f3 el presidente L\u00f3pez Obrador. <br><br>Luego arremeti\u00f3 contra los reporteros y de nuevo culp\u00f3 al &#39;antiguo r\u00e9gimen neoliberal&#39;. <a href=\"https:\/\/t.co\/7pWNHGG1mz\">pic.twitter.com\/7pWNHGG1mz<\/a><\/p>&mdash; Joaqu\u00edn L\u00f3pez-D\u00f3riga (@lopezdoriga) <a href=\"https:\/\/twitter.com\/lopezdoriga\/status\/1724810310240845871?ref_src=twsrc%5Etfw\">November 15, 2023<\/a><\/blockquote><script async src=\"https:\/\/platform.twitter.com\/widgets.js\" charset=\"utf-8\"><\/script>\n<\/div><\/figure>\n\n\n\n<p>En la conferencia matutina de Palacio Nacional, L\u00f3pez Obrador indic\u00f3 que en lo referente a la&nbsp;<strong>autopista<\/strong>&nbsp;<strong>M\u00e9xico-Acapulco no se va a cobrar<\/strong>, con el objetivo de seguir ayudando a los habitantes del puerto guerrerense afectados por la devastaci\u00f3n ocasionada por el hurac\u00e1n Otis el pasado 25 de octubre.<\/p>\n\n\n\n<blockquote class=\"wp-block-quote is-layout-flow wp-block-quote-is-layout-flow\">\n<p>&#8220;No, no, no estoy enterado (sobre el aumento anunciado en Capufe), no pueden ser m\u00e1s que ajustes a la inflaci\u00f3n. Ning\u00fan aumento por encima de a inflaci\u00f3n, ninguno (\u2026) En Acapulco no vamos a cobrar, es que usted quiere que diga que se va a cobrar, yo lo entiendo\u201d, dijo.<\/p>\n<\/blockquote>\n\n\n\n<p>\u201cEn Acapulco, no, ya lo dimos a conocer, el incremento me dicen es del 3 por ciento, menos que la inflaci\u00f3n, lo que pasa es que ustedes, no t\u00fa sino los due\u00f1o de las estaciones de radio en las que trabajas, est\u00e1n molestos con nosotros, nada de lo que hacemos les gusta, pero tienen todo el derecho de manifestarlo, somos libres\u201d, refiri\u00f3<\/p>\n\n\n\n<blockquote class=\"wp-block-quote is-layout-flow wp-block-quote-is-layout-flow\">\n<p>&#8220;No entra Acapulco, estamos ayudando a Acapulco como nunca y lo vamos a seguir haciendo\u201d, puntualiz\u00f3 en el Sal\u00f3n Tesorer\u00eda el mandatario mexicano.<\/p>\n<\/blockquote>\n\n\n\n<p><strong>Capufe<\/strong>\u00a0inform\u00f3 en la previa que a partir de las 00:00 h de este mi\u00e9rcoles 15 de noviembre se aplicar\u00e1 un aumento del 3 por ciento a las tarifas en casetas de autopistas y puentes concesionados al\u00a0<strong>Fondo Nacional de Infraestructura<\/strong>\u00a0(<strong>Fonadin<\/strong>).<\/p>\n\n\n\n<figure class=\"wp-block-embed is-type-rich is-provider-twitter wp-block-embed-twitter\"><div class=\"wp-block-embed__wrapper\">\n<blockquote class=\"twitter-tweet\" data-width=\"550\" data-dnt=\"true\"><p lang=\"es\" dir=\"ltr\"><a href=\"https:\/\/twitter.com\/hashtag\/COMUNICADO?src=hash&amp;ref_src=twsrc%5Etfw\">#COMUNICADO<\/a> Se realizar\u00e1 actualizaci\u00f3n de tarifas a partir de las 00:00:01 horas de este mi\u00e9rcoles 15 de noviembre. <a href=\"https:\/\/t.co\/AXrsMXsx39\">https:\/\/t.co\/AXrsMXsx39<\/a> <a href=\"https:\/\/t.co\/Tr47N6FyD8\">pic.twitter.com\/Tr47N6FyD8<\/a><\/p>&mdash; CAPUFE (@CAPUFE) <a href=\"https:\/\/twitter.com\/CAPUFE\/status\/1724593480394023052?ref_src=twsrc%5Etfw\">November 15, 2023<\/a><\/blockquote><script async src=\"https:\/\/platform.twitter.com\/widgets.js\" charset=\"utf-8\"><\/script>\n<\/div><\/figure>\n\n\n\n<p>Por medio de un comunicado,\u00a0<strong>Capufe\u00a0<\/strong>apunt\u00f3 que el ajuste a las tarifas \u201cpermite que los recursos recaudados por peaje se empleen para cubrir los gastos asociados a la operaci\u00f3n y conservaci\u00f3n de los tramos operados en beneficio de la poblaci\u00f3n\u201d.<\/p>\n","protected":false},"excerpt":{"rendered":"<p>Capufe inform\u00f3 que a partir del 15 de noviembre se aplicar\u00e1 un aumento del 3 % en casetas de autopistas y puentes concesionados al Fonadin CIUDAD DE M\u00c9XICO. El presidente de M\u00e9xico,\u00a0Andr\u00e9s Manuel\u00a0L\u00f3pez Obrador, dej\u00f3 en claro que es un \u201cajuste a la inflaci\u00f3n\u201d el\u00a0aumento\u00a0anunciado por\u00a0Caminos y Puentes Federales\u00a0(Capufe) del\u00a03 por ciento\u00a0al\u00a0peaje\u00a0en las\u00a0casetas\u00a0de las\u00a0autopistas\u00a0y\u00a0puentes concesionados\u00a0al\u00a0Fondo [&hellip;]<\/p>\n","protected":false},"author":47,"featured_media":65816,"comment_status":"open","ping_status":"open","sticky":false,"template":"","format":"standard","meta":{"tdm_status":"","tdm_grid_status":"","footnotes":""},"categories":[39],"tags":[],"class_list":{"0":"post-65815","1":"post","2":"type-post","3":"status-publish","4":"format-standard","5":"has-post-thumbnail","7":"category-noticias-nacionales"},"yoast_head":"<!-- This site is optimized with the Yoast SEO plugin v27.5 - https:\/\/yoast.com\/product\/yoast-seo-wordpress\/ -->\n<title>S\u00ed aumentaron casetas, pero es por debajo de la inflaci\u00f3n: AMLO - Fuentes Fidedignas<\/title>\n<meta name=\"robots\" content=\"index, follow, max-snippet:-1, max-image-preview:large, max-video-preview:-1\" \/>\n<link rel=\"canonical\" href=\"https:\/\/fuentesfidedignas.com.mx\/index.php\/2023\/11\/15\/si-aumentaron-casetas-pero-es-por-debajo-de-la-inflacion-amlo\/\" \/>\n<meta property=\"og:locale\" content=\"es_MX\" \/>\n<meta property=\"og:type\" content=\"article\" \/>\n<meta property=\"og:title\" content=\"S\u00ed aumentaron casetas, pero es por debajo de la inflaci\u00f3n: AMLO - Fuentes Fidedignas\" \/>\n<meta property=\"og:description\" content=\"Capufe inform\u00f3 que a partir del 15 de noviembre se aplicar\u00e1 un aumento del 3 % en casetas de autopistas y puentes concesionados al Fonadin CIUDAD DE M\u00c9XICO. El presidente de M\u00e9xico,\u00a0Andr\u00e9s Manuel\u00a0L\u00f3pez Obrador, dej\u00f3 en claro que es un \u201cajuste a la inflaci\u00f3n\u201d el\u00a0aumento\u00a0anunciado por\u00a0Caminos y Puentes Federales\u00a0(Capufe) del\u00a03 por ciento\u00a0al\u00a0peaje\u00a0en las\u00a0casetas\u00a0de las\u00a0autopistas\u00a0y\u00a0puentes concesionados\u00a0al\u00a0Fondo [&hellip;]\" \/>\n<meta property=\"og:url\" content=\"https:\/\/fuentesfidedignas.com.mx\/index.php\/2023\/11\/15\/si-aumentaron-casetas-pero-es-por-debajo-de-la-inflacion-amlo\/\" \/>\n<meta property=\"og:site_name\" content=\"Fuentes Fidedignas\" \/>\n<meta property=\"article:publisher\" content=\"https:\/\/www.facebook.com\/Fuentes-Fidedignas-368234489921644\" \/>\n<meta property=\"article:published_time\" content=\"2023-11-15T20:55:56+00:00\" \/>\n<meta property=\"article:modified_time\" content=\"2023-11-15T22:46:33+00:00\" \/>\n<meta property=\"og:image\" content=\"https:\/\/fuentesfidedignas.com.mx\/wp-content\/uploads\/2023\/11\/amlo-lopez-obrador-impuestos.jpg\" \/>\n\t<meta property=\"og:image:width\" content=\"1024\" \/>\n\t<meta property=\"og:image:height\" content=\"690\" \/>\n\t<meta property=\"og:image:type\" content=\"image\/jpeg\" \/>\n<meta name=\"author\" content=\"L\u00f3pez D\u00f3riga\" \/>\n<meta name=\"twitter:card\" content=\"summary_large_image\" \/>\n<meta name=\"twitter:creator\" content=\"@fidedignas\" \/>\n<meta name=\"twitter:site\" content=\"@fidedignas\" \/>\n<meta name=\"twitter:label1\" content=\"Escrito por\" \/>\n\t<meta name=\"twitter:data1\" content=\"L\u00f3pez D\u00f3riga\" \/>\n\t<meta name=\"twitter:label2\" content=\"Tiempo de lectura\" \/>\n\t<meta name=\"twitter:data2\" content=\"2 minutos\" \/>\n<script type=\"application\/ld+json\" class=\"yoast-schema-graph\">{\"@context\":\"https:\\\/\\\/schema.org\",\"@graph\":[{\"@type\":\"Article\",\"@id\":\"https:\\\/\\\/fuentesfidedignas.com.mx\\\/index.php\\\/2023\\\/11\\\/15\\\/si-aumentaron-casetas-pero-es-por-debajo-de-la-inflacion-amlo\\\/#article\",\"isPartOf\":{\"@id\":\"https:\\\/\\\/fuentesfidedignas.com.mx\\\/index.php\\\/2023\\\/11\\\/15\\\/si-aumentaron-casetas-pero-es-por-debajo-de-la-inflacion-amlo\\\/\"},\"author\":{\"name\":\"L\u00f3pez D\u00f3riga\",\"@id\":\"https:\\\/\\\/fuentesfidedignas.com.mx\\\/#\\\/schema\\\/person\\\/67d852f0557c8509146a4b9ddebd543a\"},\"headline\":\"S\u00ed aumentaron casetas, pero es por debajo de la inflaci\u00f3n: AMLO\",\"datePublished\":\"2023-11-15T20:55:56+00:00\",\"dateModified\":\"2023-11-15T22:46:33+00:00\",\"mainEntityOfPage\":{\"@id\":\"https:\\\/\\\/fuentesfidedignas.com.mx\\\/index.php\\\/2023\\\/11\\\/15\\\/si-aumentaron-casetas-pero-es-por-debajo-de-la-inflacion-amlo\\\/\"},\"wordCount\":392,\"commentCount\":0,\"publisher\":{\"@id\":\"https:\\\/\\\/fuentesfidedignas.com.mx\\\/#organization\"},\"image\":{\"@id\":\"https:\\\/\\\/fuentesfidedignas.com.mx\\\/index.php\\\/2023\\\/11\\\/15\\\/si-aumentaron-casetas-pero-es-por-debajo-de-la-inflacion-amlo\\\/#primaryimage\"},\"thumbnailUrl\":\"https:\\\/\\\/fuentesfidedignas.com.mx\\\/wp-content\\\/uploads\\\/2023\\\/11\\\/amlo-lopez-obrador-impuestos.jpg\",\"articleSection\":[\"NOTICIAS NACIONALES\"],\"inLanguage\":\"es\",\"potentialAction\":[{\"@type\":\"CommentAction\",\"name\":\"Comment\",\"target\":[\"https:\\\/\\\/fuentesfidedignas.com.mx\\\/index.php\\\/2023\\\/11\\\/15\\\/si-aumentaron-casetas-pero-es-por-debajo-de-la-inflacion-amlo\\\/#respond\"]}]},{\"@type\":\"WebPage\",\"@id\":\"https:\\\/\\\/fuentesfidedignas.com.mx\\\/index.php\\\/2023\\\/11\\\/15\\\/si-aumentaron-casetas-pero-es-por-debajo-de-la-inflacion-amlo\\\/\",\"url\":\"https:\\\/\\\/fuentesfidedignas.com.mx\\\/index.php\\\/2023\\\/11\\\/15\\\/si-aumentaron-casetas-pero-es-por-debajo-de-la-inflacion-amlo\\\/\",\"name\":\"S\u00ed aumentaron casetas, pero es por debajo de la inflaci\u00f3n: AMLO - Fuentes Fidedignas\",\"isPartOf\":{\"@id\":\"https:\\\/\\\/fuentesfidedignas.com.mx\\\/#website\"},\"primaryImageOfPage\":{\"@id\":\"https:\\\/\\\/fuentesfidedignas.com.mx\\\/index.php\\\/2023\\\/11\\\/15\\\/si-aumentaron-casetas-pero-es-por-debajo-de-la-inflacion-amlo\\\/#primaryimage\"},\"image\":{\"@id\":\"https:\\\/\\\/fuentesfidedignas.com.mx\\\/index.php\\\/2023\\\/11\\\/15\\\/si-aumentaron-casetas-pero-es-por-debajo-de-la-inflacion-amlo\\\/#primaryimage\"},\"thumbnailUrl\":\"https:\\\/\\\/fuentesfidedignas.com.mx\\\/wp-content\\\/uploads\\\/2023\\\/11\\\/amlo-lopez-obrador-impuestos.jpg\",\"datePublished\":\"2023-11-15T20:55:56+00:00\",\"dateModified\":\"2023-11-15T22:46:33+00:00\",\"breadcrumb\":{\"@id\":\"https:\\\/\\\/fuentesfidedignas.com.mx\\\/index.php\\\/2023\\\/11\\\/15\\\/si-aumentaron-casetas-pero-es-por-debajo-de-la-inflacion-amlo\\\/#breadcrumb\"},\"inLanguage\":\"es\",\"potentialAction\":[{\"@type\":\"ReadAction\",\"target\":[\"https:\\\/\\\/fuentesfidedignas.com.mx\\\/index.php\\\/2023\\\/11\\\/15\\\/si-aumentaron-casetas-pero-es-por-debajo-de-la-inflacion-amlo\\\/\"]}]},{\"@type\":\"ImageObject\",\"inLanguage\":\"es\",\"@id\":\"https:\\\/\\\/fuentesfidedignas.com.mx\\\/index.php\\\/2023\\\/11\\\/15\\\/si-aumentaron-casetas-pero-es-por-debajo-de-la-inflacion-amlo\\\/#primaryimage\",\"url\":\"https:\\\/\\\/fuentesfidedignas.com.mx\\\/wp-content\\\/uploads\\\/2023\\\/11\\\/amlo-lopez-obrador-impuestos.jpg\",\"contentUrl\":\"https:\\\/\\\/fuentesfidedignas.com.mx\\\/wp-content\\\/uploads\\\/2023\\\/11\\\/amlo-lopez-obrador-impuestos.jpg\",\"width\":1024,\"height\":690},{\"@type\":\"BreadcrumbList\",\"@id\":\"https:\\\/\\\/fuentesfidedignas.com.mx\\\/index.php\\\/2023\\\/11\\\/15\\\/si-aumentaron-casetas-pero-es-por-debajo-de-la-inflacion-amlo\\\/#breadcrumb\",\"itemListElement\":[{\"@type\":\"ListItem\",\"position\":1,\"name\":\"Inicio\",\"item\":\"https:\\\/\\\/fuentesfidedignas.com.mx\\\/\"},{\"@type\":\"ListItem\",\"position\":2,\"name\":\"S\u00ed aumentaron casetas, pero es por debajo de la inflaci\u00f3n: AMLO\"}]},{\"@type\":\"WebSite\",\"@id\":\"https:\\\/\\\/fuentesfidedignas.com.mx\\\/#website\",\"url\":\"https:\\\/\\\/fuentesfidedignas.com.mx\\\/\",\"name\":\"Fuentes Fidedignas\",\"description\":\"Otro sitio realizado con WordPress\",\"publisher\":{\"@id\":\"https:\\\/\\\/fuentesfidedignas.com.mx\\\/#organization\"},\"potentialAction\":[{\"@type\":\"SearchAction\",\"target\":{\"@type\":\"EntryPoint\",\"urlTemplate\":\"https:\\\/\\\/fuentesfidedignas.com.mx\\\/?s={search_term_string}\"},\"query-input\":{\"@type\":\"PropertyValueSpecification\",\"valueRequired\":true,\"valueName\":\"search_term_string\"}}],\"inLanguage\":\"es\"},{\"@type\":\"Organization\",\"@id\":\"https:\\\/\\\/fuentesfidedignas.com.mx\\\/#organization\",\"name\":\"Fuentes Fidedignas\",\"url\":\"https:\\\/\\\/fuentesfidedignas.com.mx\\\/\",\"logo\":{\"@type\":\"ImageObject\",\"inLanguage\":\"es\",\"@id\":\"https:\\\/\\\/fuentesfidedignas.com.mx\\\/#\\\/schema\\\/logo\\\/image\\\/\",\"url\":\"https:\\\/\\\/fuentesfidedignas.com.mx\\\/wp-content\\\/uploads\\\/2021\\\/04\\\/logo-retina.png\",\"contentUrl\":\"https:\\\/\\\/fuentesfidedignas.com.mx\\\/wp-content\\\/uploads\\\/2021\\\/04\\\/logo-retina.png\",\"width\":280,\"height\":51,\"caption\":\"Fuentes Fidedignas\"},\"image\":{\"@id\":\"https:\\\/\\\/fuentesfidedignas.com.mx\\\/#\\\/schema\\\/logo\\\/image\\\/\"},\"sameAs\":[\"https:\\\/\\\/www.facebook.com\\\/Fuentes-Fidedignas-368234489921644\",\"https:\\\/\\\/x.com\\\/fidedignas\"]},{\"@type\":\"Person\",\"@id\":\"https:\\\/\\\/fuentesfidedignas.com.mx\\\/#\\\/schema\\\/person\\\/67d852f0557c8509146a4b9ddebd543a\",\"name\":\"L\u00f3pez D\u00f3riga\",\"image\":{\"@type\":\"ImageObject\",\"inLanguage\":\"es\",\"@id\":\"https:\\\/\\\/secure.gravatar.com\\\/avatar\\\/e525b06574ca18b33cded59dfe5778d6c823b9513154eff47da551b0551bdd1e?s=96&d=mm&r=g\",\"url\":\"https:\\\/\\\/secure.gravatar.com\\\/avatar\\\/e525b06574ca18b33cded59dfe5778d6c823b9513154eff47da551b0551bdd1e?s=96&d=mm&r=g\",\"contentUrl\":\"https:\\\/\\\/secure.gravatar.com\\\/avatar\\\/e525b06574ca18b33cded59dfe5778d6c823b9513154eff47da551b0551bdd1e?s=96&d=mm&r=g\",\"caption\":\"L\u00f3pez D\u00f3riga\"},\"url\":\"https:\\\/\\\/fuentesfidedignas.com.mx\\\/index.php\\\/author\\\/doriga\\\/\"}]}<\/script>\n<!-- \/ Yoast SEO plugin. -->","yoast_head_json":{"title":"S\u00ed aumentaron casetas, pero es por debajo de la inflaci\u00f3n: AMLO - Fuentes Fidedignas","robots":{"index":"index","follow":"follow","max-snippet":"max-snippet:-1","max-image-preview":"max-image-preview:large","max-video-preview":"max-video-preview:-1"},"canonical":"https:\/\/fuentesfidedignas.com.mx\/index.php\/2023\/11\/15\/si-aumentaron-casetas-pero-es-por-debajo-de-la-inflacion-amlo\/","og_locale":"es_MX","og_type":"article","og_title":"S\u00ed aumentaron casetas, pero es por debajo de la inflaci\u00f3n: AMLO - Fuentes Fidedignas","og_description":"Capufe inform\u00f3 que a partir del 15 de noviembre se aplicar\u00e1 un aumento del 3 % en casetas de autopistas y puentes concesionados al Fonadin CIUDAD DE M\u00c9XICO. El presidente de M\u00e9xico,\u00a0Andr\u00e9s Manuel\u00a0L\u00f3pez Obrador, dej\u00f3 en claro que es un \u201cajuste a la inflaci\u00f3n\u201d el\u00a0aumento\u00a0anunciado por\u00a0Caminos y Puentes Federales\u00a0(Capufe) del\u00a03 por ciento\u00a0al\u00a0peaje\u00a0en las\u00a0casetas\u00a0de las\u00a0autopistas\u00a0y\u00a0puentes concesionados\u00a0al\u00a0Fondo [&hellip;]","og_url":"https:\/\/fuentesfidedignas.com.mx\/index.php\/2023\/11\/15\/si-aumentaron-casetas-pero-es-por-debajo-de-la-inflacion-amlo\/","og_site_name":"Fuentes Fidedignas","article_publisher":"https:\/\/www.facebook.com\/Fuentes-Fidedignas-368234489921644","article_published_time":"2023-11-15T20:55:56+00:00","article_modified_time":"2023-11-15T22:46:33+00:00","og_image":[{"width":1024,"height":690,"url":"https:\/\/fuentesfidedignas.com.mx\/wp-content\/uploads\/2023\/11\/amlo-lopez-obrador-impuestos.jpg","type":"image\/jpeg"}],"author":"L\u00f3pez D\u00f3riga","twitter_card":"summary_large_image","twitter_creator":"@fidedignas","twitter_site":"@fidedignas","twitter_misc":{"Escrito por":"L\u00f3pez D\u00f3riga","Tiempo de lectura":"2 minutos"},"schema":{"@context":"https:\/\/schema.org","@graph":[{"@type":"Article","@id":"https:\/\/fuentesfidedignas.com.mx\/index.php\/2023\/11\/15\/si-aumentaron-casetas-pero-es-por-debajo-de-la-inflacion-amlo\/#article","isPartOf":{"@id":"https:\/\/fuentesfidedignas.com.mx\/index.php\/2023\/11\/15\/si-aumentaron-casetas-pero-es-por-debajo-de-la-inflacion-amlo\/"},"author":{"name":"L\u00f3pez D\u00f3riga","@id":"https:\/\/fuentesfidedignas.com.mx\/#\/schema\/person\/67d852f0557c8509146a4b9ddebd543a"},"headline":"S\u00ed aumentaron casetas, pero es por debajo de la inflaci\u00f3n: AMLO","datePublished":"2023-11-15T20:55:56+00:00","dateModified":"2023-11-15T22:46:33+00:00","mainEntityOfPage":{"@id":"https:\/\/fuentesfidedignas.com.mx\/index.php\/2023\/11\/15\/si-aumentaron-casetas-pero-es-por-debajo-de-la-inflacion-amlo\/"},"wordCount":392,"commentCount":0,"publisher":{"@id":"https:\/\/fuentesfidedignas.com.mx\/#organization"},"image":{"@id":"https:\/\/fuentesfidedignas.com.mx\/index.php\/2023\/11\/15\/si-aumentaron-casetas-pero-es-por-debajo-de-la-inflacion-amlo\/#primaryimage"},"thumbnailUrl":"https:\/\/fuentesfidedignas.com.mx\/wp-content\/uploads\/2023\/11\/amlo-lopez-obrador-impuestos.jpg","articleSection":["NOTICIAS NACIONALES"],"inLanguage":"es","potentialAction":[{"@type":"CommentAction","name":"Comment","target":["https:\/\/fuentesfidedignas.com.mx\/index.php\/2023\/11\/15\/si-aumentaron-casetas-pero-es-por-debajo-de-la-inflacion-amlo\/#respond"]}]},{"@type":"WebPage","@id":"https:\/\/fuentesfidedignas.com.mx\/index.php\/2023\/11\/15\/si-aumentaron-casetas-pero-es-por-debajo-de-la-inflacion-amlo\/","url":"https:\/\/fuentesfidedignas.com.mx\/index.php\/2023\/11\/15\/si-aumentaron-casetas-pero-es-por-debajo-de-la-inflacion-amlo\/","name":"S\u00ed aumentaron casetas, pero es por debajo de la inflaci\u00f3n: AMLO - Fuentes Fidedignas","isPartOf":{"@id":"https:\/\/fuentesfidedignas.com.mx\/#website"},"primaryImageOfPage":{"@id":"https:\/\/fuentesfidedignas.com.mx\/index.php\/2023\/11\/15\/si-aumentaron-casetas-pero-es-por-debajo-de-la-inflacion-amlo\/#primaryimage"},"image":{"@id":"https:\/\/fuentesfidedignas.com.mx\/index.php\/2023\/11\/15\/si-aumentaron-casetas-pero-es-por-debajo-de-la-inflacion-amlo\/#primaryimage"},"thumbnailUrl":"https:\/\/fuentesfidedignas.com.mx\/wp-content\/uploads\/2023\/11\/amlo-lopez-obrador-impuestos.jpg","datePublished":"2023-11-15T20:55:56+00:00","dateModified":"2023-11-15T22:46:33+00:00","breadcrumb":{"@id":"https:\/\/fuentesfidedignas.com.mx\/index.php\/2023\/11\/15\/si-aumentaron-casetas-pero-es-por-debajo-de-la-inflacion-amlo\/#breadcrumb"},"inLanguage":"es","potentialAction":[{"@type":"ReadAction","target":["https:\/\/fuentesfidedignas.com.mx\/index.php\/2023\/11\/15\/si-aumentaron-casetas-pero-es-por-debajo-de-la-inflacion-amlo\/"]}]},{"@type":"ImageObject","inLanguage":"es","@id":"https:\/\/fuentesfidedignas.com.mx\/index.php\/2023\/11\/15\/si-aumentaron-casetas-pero-es-por-debajo-de-la-inflacion-amlo\/#primaryimage","url":"https:\/\/fuentesfidedignas.com.mx\/wp-content\/uploads\/2023\/11\/amlo-lopez-obrador-impuestos.jpg","contentUrl":"https:\/\/fuentesfidedignas.com.mx\/wp-content\/uploads\/2023\/11\/amlo-lopez-obrador-impuestos.jpg","width":1024,"height":690},{"@type":"BreadcrumbList","@id":"https:\/\/fuentesfidedignas.com.mx\/index.php\/2023\/11\/15\/si-aumentaron-casetas-pero-es-por-debajo-de-la-inflacion-amlo\/#breadcrumb","itemListElement":[{"@type":"ListItem","position":1,"name":"Inicio","item":"https:\/\/fuentesfidedignas.com.mx\/"},{"@type":"ListItem","position":2,"name":"S\u00ed aumentaron casetas, pero es por debajo de la inflaci\u00f3n: AMLO"}]},{"@type":"WebSite","@id":"https:\/\/fuentesfidedignas.com.mx\/#website","url":"https:\/\/fuentesfidedignas.com.mx\/","name":"Fuentes Fidedignas","description":"Otro sitio realizado con WordPress","publisher":{"@id":"https:\/\/fuentesfidedignas.com.mx\/#organization"},"potentialAction":[{"@type":"SearchAction","target":{"@type":"EntryPoint","urlTemplate":"https:\/\/fuentesfidedignas.com.mx\/?s={search_term_string}"},"query-input":{"@type":"PropertyValueSpecification","valueRequired":true,"valueName":"search_term_string"}}],"inLanguage":"es"},{"@type":"Organization","@id":"https:\/\/fuentesfidedignas.com.mx\/#organization","name":"Fuentes Fidedignas","url":"https:\/\/fuentesfidedignas.com.mx\/","logo":{"@type":"ImageObject","inLanguage":"es","@id":"https:\/\/fuentesfidedignas.com.mx\/#\/schema\/logo\/image\/","url":"https:\/\/fuentesfidedignas.com.mx\/wp-content\/uploads\/2021\/04\/logo-retina.png","contentUrl":"https:\/\/fuentesfidedignas.com.mx\/wp-content\/uploads\/2021\/04\/logo-retina.png","width":280,"height":51,"caption":"Fuentes Fidedignas"},"image":{"@id":"https:\/\/fuentesfidedignas.com.mx\/#\/schema\/logo\/image\/"},"sameAs":["https:\/\/www.facebook.com\/Fuentes-Fidedignas-368234489921644","https:\/\/x.com\/fidedignas"]},{"@type":"Person","@id":"https:\/\/fuentesfidedignas.com.mx\/#\/schema\/person\/67d852f0557c8509146a4b9ddebd543a","name":"L\u00f3pez D\u00f3riga","image":{"@type":"ImageObject","inLanguage":"es","@id":"https:\/\/secure.gravatar.com\/avatar\/e525b06574ca18b33cded59dfe5778d6c823b9513154eff47da551b0551bdd1e?s=96&d=mm&r=g","url":"https:\/\/secure.gravatar.com\/avatar\/e525b06574ca18b33cded59dfe5778d6c823b9513154eff47da551b0551bdd1e?s=96&d=mm&r=g","contentUrl":"https:\/\/secure.gravatar.com\/avatar\/e525b06574ca18b33cded59dfe5778d6c823b9513154eff47da551b0551bdd1e?s=96&d=mm&r=g","caption":"L\u00f3pez D\u00f3riga"},"url":"https:\/\/fuentesfidedignas.com.mx\/index.php\/author\/doriga\/"}]}},"_links":{"self":[{"href":"https:\/\/fuentesfidedignas.com.mx\/index.php\/wp-json\/wp\/v2\/posts\/65815","targetHints":{"allow":["GET"]}}],"collection":[{"href":"https:\/\/fuentesfidedignas.com.mx\/index.php\/wp-json\/wp\/v2\/posts"}],"about":[{"href":"https:\/\/fuentesfidedignas.com.mx\/index.php\/wp-json\/wp\/v2\/types\/post"}],"author":[{"embeddable":true,"href":"https:\/\/fuentesfidedignas.com.mx\/index.php\/wp-json\/wp\/v2\/users\/47"}],"replies":[{"embeddable":true,"href":"https:\/\/fuentesfidedignas.com.mx\/index.php\/wp-json\/wp\/v2\/comments?post=65815"}],"version-history":[{"count":1,"href":"https:\/\/fuentesfidedignas.com.mx\/index.php\/wp-json\/wp\/v2\/posts\/65815\/revisions"}],"predecessor-version":[{"id":65817,"href":"https:\/\/fuentesfidedignas.com.mx\/index.php\/wp-json\/wp\/v2\/posts\/65815\/revisions\/65817"}],"wp:featuredmedia":[{"embeddable":true,"href":"https:\/\/fuentesfidedignas.com.mx\/index.php\/wp-json\/wp\/v2\/media\/65816"}],"wp:attachment":[{"href":"https:\/\/fuentesfidedignas.com.mx\/index.php\/wp-json\/wp\/v2\/media?parent=65815"}],"wp:term":[{"taxonomy":"category","embeddable":true,"href":"https:\/\/fuentesfidedignas.com.mx\/index.php\/wp-json\/wp\/v2\/categories?post=65815"},{"taxonomy":"post_tag","embeddable":true,"href":"https:\/\/fuentesfidedignas.com.mx\/index.php\/wp-json\/wp\/v2\/tags?post=65815"}],"curies":[{"name":"wp","href":"https:\/\/api.w.org\/{rel}","templated":true}]}}